{"id":10093,"date":"2017-05-17T07:19:07","date_gmt":"2017-05-17T07:19:07","guid":{"rendered":"https:\/\/francois-pelletant.fr\/blog\/?p=10093"},"modified":"2017-05-17T07:19:07","modified_gmt":"2017-05-17T07:19:07","slug":"conference-hopital-professions-sante","status":"publish","type":"post","link":"https:\/\/francois-pelletant.fr\/blog\/conference-hopital-professions-sante\/","title":{"rendered":"Conf\u00e9rence H\u00f4pital Longjumeau avec les professionnels de sant\u00e9"},"content":{"rendered":"<p><img loading=\"lazy\" decoding=\"async\" class=\"alignleft size-medium wp-image-8955\" src=\"https:\/\/francois-pelletant.fr\/blog\/wp-content\/uploads\/2017\/03\/Hopital-Longjumeau1_web-300x200.jpg\" alt=\"Hopital Longjumeau1_web\" width=\"300\" height=\"200\" srcset=\"https:\/\/francois-pelletant.fr\/blog\/wp-content\/uploads\/2017\/03\/Hopital-Longjumeau1_web-300x200.jpg 300w, https:\/\/francois-pelletant.fr\/blog\/wp-content\/uploads\/2017\/03\/Hopital-Longjumeau1_web-768x511.jpg 768w, https:\/\/francois-pelletant.fr\/blog\/wp-content\/uploads\/2017\/03\/Hopital-Longjumeau1_web-600x400.jpg 600w, https:\/\/francois-pelletant.fr\/blog\/wp-content\/uploads\/2017\/03\/Hopital-Longjumeau1_web.jpg 1000w\" sizes=\"auto, (max-width: 300px) 100vw, 300px\" \/>En attendant de plaider mon recours contre la fermeture de l\u2019H\u00f4pital de Longjumeau, j&#8217;ai d\u00e9cid\u00e9 d&#8217;inviter les professionnels de sant\u00e9 \u00e0 &#8220;une conf\u00e9rence pour le maintien de l\u2019H\u00f4pital de Longjumeau et celui d&#8217;Orsay&#8221; le 31 mai 2017. Les courriers sont partis hier mais il est possible que je n&#8217;ai pas une liste exhaustive, aussi je pr\u00e9cise que tout professionnel de sant\u00e9 exer\u00e7ant dans le p\u00e9rim\u00e8tre de ces deux h\u00f4pitaux est invit\u00e9 \u00e0 la conf\u00e9rence. Je vous invite \u00e0 vous signaler \u00e0 la suite de ce post, votre message ne sera pas publi\u00e9.<\/p>\n<p>Lors de cette conf\u00e9rence, nous ferons le point sur le projet de fermeture, les cons\u00e9quences dramatiques pour la population et les atouts du recours que j&#8217;ai d\u00e9pos\u00e9. Nous \u00e9tudierons les solutions et propositions \u00e0 n\u00e9gocier avec l&#8217;ARS.<\/p>\n","protected":false},"excerpt":{"rendered":"<p>En attendant de plaider mon recours contre la fermeture de l\u2019H\u00f4pital de Longjumeau, j&#8217;ai d\u00e9cid\u00e9 d&#8217;inviter les professionnels de sant\u00e9 \u00e0 &#8220;une conf\u00e9rence pour le maintien de l\u2019H\u00f4pital de Longjumeau et celui d&#8217;Orsay&#8221; le 31 mai 2017. Les courriers sont partis hier mais il est possible que je n&#8217;ai pas une liste exhaustive, aussi je [&hellip;]<\/p>\n","protected":false},"author":1,"featured_media":8955,"comment_status":"open","ping_status":"closed","sticky":false,"template":"","format":"standard","meta":{"footnotes":""},"categories":[10],"tags":[161,160,162],"class_list":["post-10093","post","type-post","status-publish","format-standard","has-post-thumbnail","hentry","category-1pelletant","tag-hopital","tag-hopital-longjumeau","tag-longjumeau"],"yoast_head":"<!-- This site is optimized with the Yoast SEO plugin v25.6 - https:\/\/yoast.com\/wordpress\/plugins\/seo\/ -->\n<title>Conf\u00e9rence H\u00f4pital Longjumeau avec les professionnels de sant\u00e9 - Fran\u00e7ois Pelletant<\/title>\n<meta name=\"description\" content=\"j&#039;ai d\u00e9cid\u00e9 d&#039;inviter les professionnels de sant\u00e9 \u00e0 &quot;une conf\u00e9rence pour le maintien de l\u2019H\u00f4pital de Longjumeau et celui d&#039;Orsay&quot;.\" \/>\n<meta name=\"robots\" content=\"index, follow, max-snippet:-1, max-image-preview:large, max-video-preview:-1\" \/>\n<link rel=\"canonical\" href=\"https:\/\/francois-pelletant.fr\/blog\/conference-hopital-professions-sante\/\" \/>\n<meta property=\"og:locale\" content=\"fr_FR\" \/>\n<meta property=\"og:type\" content=\"article\" \/>\n<meta property=\"og:title\" content=\"Conf\u00e9rence H\u00f4pital Longjumeau avec les professionnels de sant\u00e9 - Fran\u00e7ois Pelletant\" \/>\n<meta property=\"og:description\" content=\"j&#039;ai d\u00e9cid\u00e9 d&#039;inviter les professionnels de sant\u00e9 \u00e0 &quot;une conf\u00e9rence pour le maintien de l\u2019H\u00f4pital de Longjumeau et celui d&#039;Orsay&quot;.\" \/>\n<meta property=\"og:url\" content=\"https:\/\/francois-pelletant.fr\/blog\/conference-hopital-professions-sante\/\" \/>\n<meta property=\"og:site_name\" content=\"Fran\u00e7ois Pelletant\" \/>\n<meta property=\"article:publisher\" content=\"https:\/\/www.facebook.com\/francois.pelletant.7\" \/>\n<meta property=\"article:published_time\" content=\"2017-05-17T07:19:07+00:00\" \/>\n<meta property=\"og:image\" content=\"https:\/\/francois-pelletant.fr\/blog\/wp-content\/uploads\/2017\/03\/Hopital-Longjumeau1_web.jpg\" \/>\n\t<meta property=\"og:image:width\" content=\"1000\" \/>\n\t<meta property=\"og:image:height\" content=\"666\" \/>\n\t<meta property=\"og:image:type\" content=\"image\/jpeg\" \/>\n<meta name=\"author\" content=\"Francois\" \/>\n<meta name=\"twitter:card\" content=\"summary_large_image\" \/>\n<meta name=\"twitter:creator\" content=\"@pelletant\" \/>\n<meta name=\"twitter:site\" content=\"@pelletant\" \/>\n<meta name=\"twitter:label1\" content=\"\u00c9crit par\" \/>\n\t<meta name=\"twitter:data1\" content=\"Francois\" \/>\n\t<meta name=\"twitter:label2\" content=\"Dur\u00e9e de lecture estim\u00e9e\" \/>\n\t<meta name=\"twitter:data2\" content=\"1 minute\" \/>\n<script type=\"application\/ld+json\" class=\"yoast-schema-graph\">{\"@context\":\"https:\/\/schema.org\",\"@graph\":[{\"@type\":\"Article\",\"@id\":\"https:\/\/francois-pelletant.fr\/blog\/conference-hopital-professions-sante\/#article\",\"isPartOf\":{\"@id\":\"https:\/\/francois-pelletant.fr\/blog\/conference-hopital-professions-sante\/\"},\"author\":{\"name\":\"Francois\",\"@id\":\"https:\/\/francois-pelletant.fr\/blog\/#\/schema\/person\/2be41acb171dff8f31aaed1f40cee9f3\"},\"headline\":\"Conf\u00e9rence H\u00f4pital Longjumeau avec les professionnels de sant\u00e9\",\"datePublished\":\"2017-05-17T07:19:07+00:00\",\"mainEntityOfPage\":{\"@id\":\"https:\/\/francois-pelletant.fr\/blog\/conference-hopital-professions-sante\/\"},\"wordCount\":154,\"commentCount\":0,\"publisher\":{\"@id\":\"https:\/\/francois-pelletant.fr\/blog\/#organization\"},\"image\":{\"@id\":\"https:\/\/francois-pelletant.fr\/blog\/conference-hopital-professions-sante\/#primaryimage\"},\"thumbnailUrl\":\"https:\/\/francois-pelletant.fr\/blog\/wp-content\/uploads\/2017\/03\/Hopital-Longjumeau1_web.jpg\",\"keywords\":[\"hopital\",\"hopital longjumeau\",\"longjumeau\"],\"articleSection\":[\"Infos\"],\"inLanguage\":\"fr-FR\",\"potentialAction\":[{\"@type\":\"CommentAction\",\"name\":\"Comment\",\"target\":[\"https:\/\/francois-pelletant.fr\/blog\/conference-hopital-professions-sante\/#respond\"]}]},{\"@type\":\"WebPage\",\"@id\":\"https:\/\/francois-pelletant.fr\/blog\/conference-hopital-professions-sante\/\",\"url\":\"https:\/\/francois-pelletant.fr\/blog\/conference-hopital-professions-sante\/\",\"name\":\"Conf\u00e9rence H\u00f4pital Longjumeau avec les professionnels de sant\u00e9 - Fran\u00e7ois Pelletant\",\"isPartOf\":{\"@id\":\"https:\/\/francois-pelletant.fr\/blog\/#website\"},\"primaryImageOfPage\":{\"@id\":\"https:\/\/francois-pelletant.fr\/blog\/conference-hopital-professions-sante\/#primaryimage\"},\"image\":{\"@id\":\"https:\/\/francois-pelletant.fr\/blog\/conference-hopital-professions-sante\/#primaryimage\"},\"thumbnailUrl\":\"https:\/\/francois-pelletant.fr\/blog\/wp-content\/uploads\/2017\/03\/Hopital-Longjumeau1_web.jpg\",\"datePublished\":\"2017-05-17T07:19:07+00:00\",\"description\":\"j'ai d\u00e9cid\u00e9 d'inviter les professionnels de sant\u00e9 \u00e0 \\\"une conf\u00e9rence pour le maintien de l\u2019H\u00f4pital de Longjumeau et celui d'Orsay\\\".\",\"breadcrumb\":{\"@id\":\"https:\/\/francois-pelletant.fr\/blog\/conference-hopital-professions-sante\/#breadcrumb\"},\"inLanguage\":\"fr-FR\",\"potentialAction\":[{\"@type\":\"ReadAction\",\"target\":[\"https:\/\/francois-pelletant.fr\/blog\/conference-hopital-professions-sante\/\"]}]},{\"@type\":\"ImageObject\",\"inLanguage\":\"fr-FR\",\"@id\":\"https:\/\/francois-pelletant.fr\/blog\/conference-hopital-professions-sante\/#primaryimage\",\"url\":\"https:\/\/francois-pelletant.fr\/blog\/wp-content\/uploads\/2017\/03\/Hopital-Longjumeau1_web.jpg\",\"contentUrl\":\"https:\/\/francois-pelletant.fr\/blog\/wp-content\/uploads\/2017\/03\/Hopital-Longjumeau1_web.jpg\",\"width\":1000,\"height\":666},{\"@type\":\"BreadcrumbList\",\"@id\":\"https:\/\/francois-pelletant.fr\/blog\/conference-hopital-professions-sante\/#breadcrumb\",\"itemListElement\":[{\"@type\":\"ListItem\",\"position\":1,\"name\":\"Accueil\",\"item\":\"https:\/\/francois-pelletant.fr\/blog\/\"},{\"@type\":\"ListItem\",\"position\":2,\"name\":\"Conf\u00e9rence H\u00f4pital Longjumeau avec les professionnels de sant\u00e9\"}]},{\"@type\":\"WebSite\",\"@id\":\"https:\/\/francois-pelletant.fr\/blog\/#website\",\"url\":\"https:\/\/francois-pelletant.fr\/blog\/\",\"name\":\"Fran\u00e7ois Pelletant\",\"description\":\"Maire de Linas, pour toujours.\",\"publisher\":{\"@id\":\"https:\/\/francois-pelletant.fr\/blog\/#organization\"},\"potentialAction\":[{\"@type\":\"SearchAction\",\"target\":{\"@type\":\"EntryPoint\",\"urlTemplate\":\"https:\/\/francois-pelletant.fr\/blog\/?s={search_term_string}\"},\"query-input\":{\"@type\":\"PropertyValueSpecification\",\"valueRequired\":true,\"valueName\":\"search_term_string\"}}],\"inLanguage\":\"fr-FR\"},{\"@type\":\"Organization\",\"@id\":\"https:\/\/francois-pelletant.fr\/blog\/#organization\",\"name\":\"Fran\u00e7ois Pelletant\",\"url\":\"https:\/\/francois-pelletant.fr\/blog\/\",\"logo\":{\"@type\":\"ImageObject\",\"inLanguage\":\"fr-FR\",\"@id\":\"https:\/\/francois-pelletant.fr\/blog\/#\/schema\/logo\/image\/\",\"url\":\"https:\/\/francois-pelletant.fr\/blog\/wp-content\/uploads\/2024\/07\/icone-francois-centre-500p.png\",\"contentUrl\":\"https:\/\/francois-pelletant.fr\/blog\/wp-content\/uploads\/2024\/07\/icone-francois-centre-500p.png\",\"width\":559,\"height\":447,\"caption\":\"Fran\u00e7ois Pelletant\"},\"image\":{\"@id\":\"https:\/\/francois-pelletant.fr\/blog\/#\/schema\/logo\/image\/\"},\"sameAs\":[\"https:\/\/www.facebook.com\/francois.pelletant.7\",\"https:\/\/x.com\/pelletant\"]},{\"@type\":\"Person\",\"@id\":\"https:\/\/francois-pelletant.fr\/blog\/#\/schema\/person\/2be41acb171dff8f31aaed1f40cee9f3\",\"name\":\"Francois\"}]}<\/script>\n<!-- \/ Yoast SEO plugin. -->","yoast_head_json":{"title":"Conf\u00e9rence H\u00f4pital Longjumeau avec les professionnels de sant\u00e9 - Fran\u00e7ois Pelletant","description":"j'ai d\u00e9cid\u00e9 d'inviter les professionnels de sant\u00e9 \u00e0 \"une conf\u00e9rence pour le maintien de l\u2019H\u00f4pital de Longjumeau et celui d'Orsay\".","robots":{"index":"index","follow":"follow","max-snippet":"max-snippet:-1","max-image-preview":"max-image-preview:large","max-video-preview":"max-video-preview:-1"},"canonical":"https:\/\/francois-pelletant.fr\/blog\/conference-hopital-professions-sante\/","og_locale":"fr_FR","og_type":"article","og_title":"Conf\u00e9rence H\u00f4pital Longjumeau avec les professionnels de sant\u00e9 - Fran\u00e7ois Pelletant","og_description":"j'ai d\u00e9cid\u00e9 d'inviter les professionnels de sant\u00e9 \u00e0 \"une conf\u00e9rence pour le maintien de l\u2019H\u00f4pital de Longjumeau et celui d'Orsay\".","og_url":"https:\/\/francois-pelletant.fr\/blog\/conference-hopital-professions-sante\/","og_site_name":"Fran\u00e7ois Pelletant","article_publisher":"https:\/\/www.facebook.com\/francois.pelletant.7","article_published_time":"2017-05-17T07:19:07+00:00","og_image":[{"width":1000,"height":666,"url":"https:\/\/francois-pelletant.fr\/blog\/wp-content\/uploads\/2017\/03\/Hopital-Longjumeau1_web.jpg","type":"image\/jpeg"}],"author":"Francois","twitter_card":"summary_large_image","twitter_creator":"@pelletant","twitter_site":"@pelletant","twitter_misc":{"\u00c9crit par":"Francois","Dur\u00e9e de lecture estim\u00e9e":"1 minute"},"schema":{"@context":"https:\/\/schema.org","@graph":[{"@type":"Article","@id":"https:\/\/francois-pelletant.fr\/blog\/conference-hopital-professions-sante\/#article","isPartOf":{"@id":"https:\/\/francois-pelletant.fr\/blog\/conference-hopital-professions-sante\/"},"author":{"name":"Francois","@id":"https:\/\/francois-pelletant.fr\/blog\/#\/schema\/person\/2be41acb171dff8f31aaed1f40cee9f3"},"headline":"Conf\u00e9rence H\u00f4pital Longjumeau avec les professionnels de sant\u00e9","datePublished":"2017-05-17T07:19:07+00:00","mainEntityOfPage":{"@id":"https:\/\/francois-pelletant.fr\/blog\/conference-hopital-professions-sante\/"},"wordCount":154,"commentCount":0,"publisher":{"@id":"https:\/\/francois-pelletant.fr\/blog\/#organization"},"image":{"@id":"https:\/\/francois-pelletant.fr\/blog\/conference-hopital-professions-sante\/#primaryimage"},"thumbnailUrl":"https:\/\/francois-pelletant.fr\/blog\/wp-content\/uploads\/2017\/03\/Hopital-Longjumeau1_web.jpg","keywords":["hopital","hopital longjumeau","longjumeau"],"articleSection":["Infos"],"inLanguage":"fr-FR","potentialAction":[{"@type":"CommentAction","name":"Comment","target":["https:\/\/francois-pelletant.fr\/blog\/conference-hopital-professions-sante\/#respond"]}]},{"@type":"WebPage","@id":"https:\/\/francois-pelletant.fr\/blog\/conference-hopital-professions-sante\/","url":"https:\/\/francois-pelletant.fr\/blog\/conference-hopital-professions-sante\/","name":"Conf\u00e9rence H\u00f4pital Longjumeau avec les professionnels de sant\u00e9 - Fran\u00e7ois Pelletant","isPartOf":{"@id":"https:\/\/francois-pelletant.fr\/blog\/#website"},"primaryImageOfPage":{"@id":"https:\/\/francois-pelletant.fr\/blog\/conference-hopital-professions-sante\/#primaryimage"},"image":{"@id":"https:\/\/francois-pelletant.fr\/blog\/conference-hopital-professions-sante\/#primaryimage"},"thumbnailUrl":"https:\/\/francois-pelletant.fr\/blog\/wp-content\/uploads\/2017\/03\/Hopital-Longjumeau1_web.jpg","datePublished":"2017-05-17T07:19:07+00:00","description":"j'ai d\u00e9cid\u00e9 d'inviter les professionnels de sant\u00e9 \u00e0 \"une conf\u00e9rence pour le maintien de l\u2019H\u00f4pital de Longjumeau et celui d'Orsay\".","breadcrumb":{"@id":"https:\/\/francois-pelletant.fr\/blog\/conference-hopital-professions-sante\/#breadcrumb"},"inLanguage":"fr-FR","potentialAction":[{"@type":"ReadAction","target":["https:\/\/francois-pelletant.fr\/blog\/conference-hopital-professions-sante\/"]}]},{"@type":"ImageObject","inLanguage":"fr-FR","@id":"https:\/\/francois-pelletant.fr\/blog\/conference-hopital-professions-sante\/#primaryimage","url":"https:\/\/francois-pelletant.fr\/blog\/wp-content\/uploads\/2017\/03\/Hopital-Longjumeau1_web.jpg","contentUrl":"https:\/\/francois-pelletant.fr\/blog\/wp-content\/uploads\/2017\/03\/Hopital-Longjumeau1_web.jpg","width":1000,"height":666},{"@type":"BreadcrumbList","@id":"https:\/\/francois-pelletant.fr\/blog\/conference-hopital-professions-sante\/#breadcrumb","itemListElement":[{"@type":"ListItem","position":1,"name":"Accueil","item":"https:\/\/francois-pelletant.fr\/blog\/"},{"@type":"ListItem","position":2,"name":"Conf\u00e9rence H\u00f4pital Longjumeau avec les professionnels de sant\u00e9"}]},{"@type":"WebSite","@id":"https:\/\/francois-pelletant.fr\/blog\/#website","url":"https:\/\/francois-pelletant.fr\/blog\/","name":"Fran\u00e7ois Pelletant","description":"Maire de Linas, pour toujours.","publisher":{"@id":"https:\/\/francois-pelletant.fr\/blog\/#organization"},"potentialAction":[{"@type":"SearchAction","target":{"@type":"EntryPoint","urlTemplate":"https:\/\/francois-pelletant.fr\/blog\/?s={search_term_string}"},"query-input":{"@type":"PropertyValueSpecification","valueRequired":true,"valueName":"search_term_string"}}],"inLanguage":"fr-FR"},{"@type":"Organization","@id":"https:\/\/francois-pelletant.fr\/blog\/#organization","name":"Fran\u00e7ois Pelletant","url":"https:\/\/francois-pelletant.fr\/blog\/","logo":{"@type":"ImageObject","inLanguage":"fr-FR","@id":"https:\/\/francois-pelletant.fr\/blog\/#\/schema\/logo\/image\/","url":"https:\/\/francois-pelletant.fr\/blog\/wp-content\/uploads\/2024\/07\/icone-francois-centre-500p.png","contentUrl":"https:\/\/francois-pelletant.fr\/blog\/wp-content\/uploads\/2024\/07\/icone-francois-centre-500p.png","width":559,"height":447,"caption":"Fran\u00e7ois Pelletant"},"image":{"@id":"https:\/\/francois-pelletant.fr\/blog\/#\/schema\/logo\/image\/"},"sameAs":["https:\/\/www.facebook.com\/francois.pelletant.7","https:\/\/x.com\/pelletant"]},{"@type":"Person","@id":"https:\/\/francois-pelletant.fr\/blog\/#\/schema\/person\/2be41acb171dff8f31aaed1f40cee9f3","name":"Francois"}]}},"_links":{"self":[{"href":"https:\/\/francois-pelletant.fr\/blog\/wp-json\/wp\/v2\/posts\/10093","targetHints":{"allow":["GET"]}}],"collection":[{"href":"https:\/\/francois-pelletant.fr\/blog\/wp-json\/wp\/v2\/posts"}],"about":[{"href":"https:\/\/francois-pelletant.fr\/blog\/wp-json\/wp\/v2\/types\/post"}],"author":[{"embeddable":true,"href":"https:\/\/francois-pelletant.fr\/blog\/wp-json\/wp\/v2\/users\/1"}],"replies":[{"embeddable":true,"href":"https:\/\/francois-pelletant.fr\/blog\/wp-json\/wp\/v2\/comments?post=10093"}],"version-history":[{"count":0,"href":"https:\/\/francois-pelletant.fr\/blog\/wp-json\/wp\/v2\/posts\/10093\/revisions"}],"wp:featuredmedia":[{"embeddable":true,"href":"https:\/\/francois-pelletant.fr\/blog\/wp-json\/wp\/v2\/media\/8955"}],"wp:attachment":[{"href":"https:\/\/francois-pelletant.fr\/blog\/wp-json\/wp\/v2\/media?parent=10093"}],"wp:term":[{"taxonomy":"category","embeddable":true,"href":"https:\/\/francois-pelletant.fr\/blog\/wp-json\/wp\/v2\/categories?post=10093"},{"taxonomy":"post_tag","embeddable":true,"href":"https:\/\/francois-pelletant.fr\/blog\/wp-json\/wp\/v2\/tags?post=10093"}],"curies":[{"name":"wp","href":"https:\/\/api.w.org\/{rel}","templated":true}]}}