{"id":10165,"date":"2017-05-21T07:02:41","date_gmt":"2017-05-21T07:02:41","guid":{"rendered":"https:\/\/francois-pelletant.fr\/blog\/?p=10165"},"modified":"2017-05-19T12:09:14","modified_gmt":"2017-05-19T12:09:14","slug":"dessins-de-presse-de-semaine-6","status":"publish","type":"post","link":"https:\/\/francois-pelletant.fr\/blog\/dessins-de-presse-de-semaine-6\/","title":{"rendered":"Les dessins de presse de la semaine"},"content":{"rendered":"<figure id=\"attachment_10166\" aria-describedby=\"caption-attachment-10166\" style=\"width: 300px\" class=\"wp-caption alignleft\"><a href=\"https:\/\/francois-pelletant.fr\/blog\/wp-content\/uploads\/2017\/05\/Plantu-16-mai.jpg\" rel=\"attachment wp-att-10166\"><img loading=\"lazy\" decoding=\"async\" class=\"size-medium wp-image-10166\" src=\"https:\/\/francois-pelletant.fr\/blog\/wp-content\/uploads\/2017\/05\/Plantu-16-mai-300x196.jpg\" alt=\"Plantu 16 mai\" width=\"300\" height=\"196\" srcset=\"https:\/\/francois-pelletant.fr\/blog\/wp-content\/uploads\/2017\/05\/Plantu-16-mai-300x196.jpg 300w, https:\/\/francois-pelletant.fr\/blog\/wp-content\/uploads\/2017\/05\/Plantu-16-mai-1024x671.jpg 1024w, https:\/\/francois-pelletant.fr\/blog\/wp-content\/uploads\/2017\/05\/Plantu-16-mai-768x503.jpg 768w, https:\/\/francois-pelletant.fr\/blog\/wp-content\/uploads\/2017\/05\/Plantu-16-mai-600x393.jpg 600w, https:\/\/francois-pelletant.fr\/blog\/wp-content\/uploads\/2017\/05\/Plantu-16-mai.jpg 1339w\" sizes=\"auto, (max-width: 300px) 100vw, 300px\" \/><\/a><figcaption id=\"caption-attachment-10166\" class=\"wp-caption-text\">Plantu 16 mai<\/figcaption><\/figure>\n<p>Ce dimanche, je vous propose ma s\u00e9lection des dessins de presse publi\u00e9s cette semaine dans les diff\u00e9rents m\u00e9dias. Une rubrique que vous aimez retrouver autant que je prends de plaisir \u00e0 la faire.<\/p>\n<p>&nbsp;<\/p>\n<figure id=\"attachment_10167\" aria-describedby=\"caption-attachment-10167\" style=\"width: 300px\" class=\"wp-caption aligncenter\"><a href=\"https:\/\/francois-pelletant.fr\/blog\/wp-content\/uploads\/2017\/05\/Chaunu-15-mai.jpg\" rel=\"attachment wp-att-10167\"><img loading=\"lazy\" decoding=\"async\" class=\"size-medium wp-image-10167\" src=\"https:\/\/francois-pelletant.fr\/blog\/wp-content\/uploads\/2017\/05\/Chaunu-15-mai-300x300.jpg\" alt=\"Chaunu 15 mai\" width=\"300\" height=\"300\" srcset=\"https:\/\/francois-pelletant.fr\/blog\/wp-content\/uploads\/2017\/05\/Chaunu-15-mai-300x300.jpg 300w, https:\/\/francois-pelletant.fr\/blog\/wp-content\/uploads\/2017\/05\/Chaunu-15-mai-1024x1021.jpg 1024w, https:\/\/francois-pelletant.fr\/blog\/wp-content\/uploads\/2017\/05\/Chaunu-15-mai-150x150.jpg 150w, https:\/\/francois-pelletant.fr\/blog\/wp-content\/uploads\/2017\/05\/Chaunu-15-mai-768x765.jpg 768w, https:\/\/francois-pelletant.fr\/blog\/wp-content\/uploads\/2017\/05\/Chaunu-15-mai-600x598.jpg 600w, https:\/\/francois-pelletant.fr\/blog\/wp-content\/uploads\/2017\/05\/Chaunu-15-mai-230x230.jpg 230w, https:\/\/francois-pelletant.fr\/blog\/wp-content\/uploads\/2017\/05\/Chaunu-15-mai-400x400.jpg 400w, https:\/\/francois-pelletant.fr\/blog\/wp-content\/uploads\/2017\/05\/Chaunu-15-mai-640x640.jpg 640w, https:\/\/francois-pelletant.fr\/blog\/wp-content\/uploads\/2017\/05\/Chaunu-15-mai.jpg 1200w\" sizes=\"auto, (max-width: 300px) 100vw, 300px\" \/><\/a><figcaption id=\"caption-attachment-10167\" class=\"wp-caption-text\">Chaunu 15 mai<\/figcaption><\/figure>\n<p>&nbsp;<\/p>\n<figure id=\"attachment_10168\" aria-describedby=\"caption-attachment-10168\" style=\"width: 237px\" class=\"wp-caption aligncenter\"><a href=\"https:\/\/francois-pelletant.fr\/blog\/wp-content\/uploads\/2017\/05\/Goubelle-15-mai.jpg\" rel=\"attachment wp-att-10168\"><img loading=\"lazy\" decoding=\"async\" class=\"size-medium wp-image-10168\" src=\"https:\/\/francois-pelletant.fr\/blog\/wp-content\/uploads\/2017\/05\/Goubelle-15-mai-237x300.jpg\" alt=\"Goubelle 15 mai\" width=\"237\" height=\"300\" srcset=\"https:\/\/francois-pelletant.fr\/blog\/wp-content\/uploads\/2017\/05\/Goubelle-15-mai-237x300.jpg 237w, https:\/\/francois-pelletant.fr\/blog\/wp-content\/uploads\/2017\/05\/Goubelle-15-mai-808x1024.jpg 808w, https:\/\/francois-pelletant.fr\/blog\/wp-content\/uploads\/2017\/05\/Goubelle-15-mai-768x974.jpg 768w, https:\/\/francois-pelletant.fr\/blog\/wp-content\/uploads\/2017\/05\/Goubelle-15-mai-600x761.jpg 600w, https:\/\/francois-pelletant.fr\/blog\/wp-content\/uploads\/2017\/05\/Goubelle-15-mai-1211x1536.jpg 1211w, https:\/\/francois-pelletant.fr\/blog\/wp-content\/uploads\/2017\/05\/Goubelle-15-mai.jpg 1615w\" sizes=\"auto, (max-width: 237px) 100vw, 237px\" \/><\/a><figcaption id=\"caption-attachment-10168\" class=\"wp-caption-text\">Goubelle 15 mai<\/figcaption><\/figure>\n<p>&nbsp;<\/p>\n<figure id=\"attachment_10169\" aria-describedby=\"caption-attachment-10169\" style=\"width: 300px\" class=\"wp-caption aligncenter\"><a href=\"https:\/\/francois-pelletant.fr\/blog\/wp-content\/uploads\/2017\/05\/Le-canard-enchain\u00e9-17-mai-1.jpg\" rel=\"attachment wp-att-10169\"><img loading=\"lazy\" decoding=\"async\" class=\"size-medium wp-image-10169\" src=\"https:\/\/francois-pelletant.fr\/blog\/wp-content\/uploads\/2017\/05\/Le-canard-enchain\u00e9-17-mai-1-300x278.jpg\" alt=\"Le canard enchain\u00e9 17 mai\" width=\"300\" height=\"278\" srcset=\"https:\/\/francois-pelletant.fr\/blog\/wp-content\/uploads\/2017\/05\/Le-canard-enchain\u00e9-17-mai-1-300x278.jpg 300w, https:\/\/francois-pelletant.fr\/blog\/wp-content\/uploads\/2017\/05\/Le-canard-enchain\u00e9-17-mai-1-1024x947.jpg 1024w, https:\/\/francois-pelletant.fr\/blog\/wp-content\/uploads\/2017\/05\/Le-canard-enchain\u00e9-17-mai-1-768x710.jpg 768w, https:\/\/francois-pelletant.fr\/blog\/wp-content\/uploads\/2017\/05\/Le-canard-enchain\u00e9-17-mai-1-600x555.jpg 600w, https:\/\/francois-pelletant.fr\/blog\/wp-content\/uploads\/2017\/05\/Le-canard-enchain\u00e9-17-mai-1-1536x1421.jpg 1536w, https:\/\/francois-pelletant.fr\/blog\/wp-content\/uploads\/2017\/05\/Le-canard-enchain\u00e9-17-mai-1.jpg 2028w\" sizes=\"auto, (max-width: 300px) 100vw, 300px\" \/><\/a><figcaption id=\"caption-attachment-10169\" class=\"wp-caption-text\">Le canard enchain\u00e9 17 mai<\/figcaption><\/figure>\n<p>&nbsp;<\/p>\n<figure id=\"attachment_10170\" aria-describedby=\"caption-attachment-10170\" style=\"width: 300px\" class=\"wp-caption aligncenter\"><a href=\"https:\/\/francois-pelletant.fr\/blog\/wp-content\/uploads\/2017\/05\/Le-canard-enchain\u00e9-17-mai-2.jpg\" rel=\"attachment wp-att-10170\"><img loading=\"lazy\" decoding=\"async\" class=\"size-medium wp-image-10170\" src=\"https:\/\/francois-pelletant.fr\/blog\/wp-content\/uploads\/2017\/05\/Le-canard-enchain\u00e9-17-mai-2-300x288.jpg\" alt=\"Le canard enchain\u00e9 17 mai\" width=\"300\" height=\"288\" srcset=\"https:\/\/francois-pelletant.fr\/blog\/wp-content\/uploads\/2017\/05\/Le-canard-enchain\u00e9-17-mai-2-300x288.jpg 300w, https:\/\/francois-pelletant.fr\/blog\/wp-content\/uploads\/2017\/05\/Le-canard-enchain\u00e9-17-mai-2-1024x984.jpg 1024w, https:\/\/francois-pelletant.fr\/blog\/wp-content\/uploads\/2017\/05\/Le-canard-enchain\u00e9-17-mai-2-768x738.jpg 768w, https:\/\/francois-pelletant.fr\/blog\/wp-content\/uploads\/2017\/05\/Le-canard-enchain\u00e9-17-mai-2-600x577.jpg 600w, https:\/\/francois-pelletant.fr\/blog\/wp-content\/uploads\/2017\/05\/Le-canard-enchain\u00e9-17-mai-2-1536x1476.jpg 1536w, https:\/\/francois-pelletant.fr\/blog\/wp-content\/uploads\/2017\/05\/Le-canard-enchain\u00e9-17-mai-2.jpg 1848w\" sizes=\"auto, (max-width: 300px) 100vw, 300px\" \/><\/a><figcaption id=\"caption-attachment-10170\" class=\"wp-caption-text\">Le canard enchain\u00e9 17 mai<\/figcaption><\/figure>\n<p>&nbsp;<\/p>\n<figure id=\"attachment_10171\" aria-describedby=\"caption-attachment-10171\" style=\"width: 300px\" class=\"wp-caption aligncenter\"><a href=\"https:\/\/francois-pelletant.fr\/blog\/wp-content\/uploads\/2017\/05\/Le-courrier-picard-16-mai.jpg\" rel=\"attachment wp-att-10171\"><img loading=\"lazy\" decoding=\"async\" class=\"size-medium wp-image-10171\" src=\"https:\/\/francois-pelletant.fr\/blog\/wp-content\/uploads\/2017\/05\/Le-courrier-picard-16-mai-300x267.jpg\" alt=\"Le courrier picard 16 mai\" width=\"300\" height=\"267\" srcset=\"https:\/\/francois-pelletant.fr\/blog\/wp-content\/uploads\/2017\/05\/Le-courrier-picard-16-mai-300x267.jpg 300w, https:\/\/francois-pelletant.fr\/blog\/wp-content\/uploads\/2017\/05\/Le-courrier-picard-16-mai-1024x913.jpg 1024w, https:\/\/francois-pelletant.fr\/blog\/wp-content\/uploads\/2017\/05\/Le-courrier-picard-16-mai-768x684.jpg 768w, https:\/\/francois-pelletant.fr\/blog\/wp-content\/uploads\/2017\/05\/Le-courrier-picard-16-mai-600x535.jpg 600w, https:\/\/francois-pelletant.fr\/blog\/wp-content\/uploads\/2017\/05\/Le-courrier-picard-16-mai-1536x1369.jpg 1536w, https:\/\/francois-pelletant.fr\/blog\/wp-content\/uploads\/2017\/05\/Le-courrier-picard-16-mai.jpg 1756w\" sizes=\"auto, (max-width: 300px) 100vw, 300px\" \/><\/a><figcaption id=\"caption-attachment-10171\" class=\"wp-caption-text\">Le courrier picard 16 mai<\/figcaption><\/figure>\n<p>&nbsp;<\/p>\n<figure id=\"attachment_10172\" aria-describedby=\"caption-attachment-10172\" style=\"width: 300px\" class=\"wp-caption aligncenter\"><a href=\"https:\/\/francois-pelletant.fr\/blog\/wp-content\/uploads\/2017\/05\/Le-Parisien-17-mai.jpg\" rel=\"attachment wp-att-10172\"><img loading=\"lazy\" decoding=\"async\" class=\"size-medium wp-image-10172\" src=\"https:\/\/francois-pelletant.fr\/blog\/wp-content\/uploads\/2017\/05\/Le-Parisien-17-mai-300x276.jpg\" alt=\"Le Parisien 17 mai\" width=\"300\" height=\"276\" srcset=\"https:\/\/francois-pelletant.fr\/blog\/wp-content\/uploads\/2017\/05\/Le-Parisien-17-mai-300x276.jpg 300w, https:\/\/francois-pelletant.fr\/blog\/wp-content\/uploads\/2017\/05\/Le-Parisien-17-mai.jpg 527w\" sizes=\"auto, (max-width: 300px) 100vw, 300px\" \/><\/a><figcaption id=\"caption-attachment-10172\" class=\"wp-caption-text\">Le Parisien 17 mai<\/figcaption><\/figure>\n<p>&nbsp;<\/p>\n<figure id=\"attachment_10173\" aria-describedby=\"caption-attachment-10173\" style=\"width: 300px\" class=\"wp-caption aligncenter\"><a href=\"https:\/\/francois-pelletant.fr\/blog\/wp-content\/uploads\/2017\/05\/Lesco-griffe-16-mai.jpg\" rel=\"attachment wp-att-10173\"><img loading=\"lazy\" decoding=\"async\" class=\"size-medium wp-image-10173\" src=\"https:\/\/francois-pelletant.fr\/blog\/wp-content\/uploads\/2017\/05\/Lesco-griffe-16-mai-300x277.jpg\" alt=\"Lesco griffe 16 mai\" width=\"300\" height=\"277\" srcset=\"https:\/\/francois-pelletant.fr\/blog\/wp-content\/uploads\/2017\/05\/Lesco-griffe-16-mai-300x277.jpg 300w, https:\/\/francois-pelletant.fr\/blog\/wp-content\/uploads\/2017\/05\/Lesco-griffe-16-mai-1024x946.jpg 1024w, https:\/\/francois-pelletant.fr\/blog\/wp-content\/uploads\/2017\/05\/Lesco-griffe-16-mai-768x710.jpg 768w, https:\/\/francois-pelletant.fr\/blog\/wp-content\/uploads\/2017\/05\/Lesco-griffe-16-mai-600x554.jpg 600w, https:\/\/francois-pelletant.fr\/blog\/wp-content\/uploads\/2017\/05\/Lesco-griffe-16-mai-1536x1419.jpg 1536w, https:\/\/francois-pelletant.fr\/blog\/wp-content\/uploads\/2017\/05\/Lesco-griffe-16-mai.jpg 2048w\" sizes=\"auto, (max-width: 300px) 100vw, 300px\" \/><\/a><figcaption id=\"caption-attachment-10173\" class=\"wp-caption-text\">Lesco griffe 16 mai<\/figcaption><\/figure>\n<p>&nbsp;<\/p>\n<figure id=\"attachment_10174\" aria-describedby=\"caption-attachment-10174\" style=\"width: 300px\" class=\"wp-caption aligncenter\"><a href=\"https:\/\/francois-pelletant.fr\/blog\/wp-content\/uploads\/2017\/05\/Nawak-16-mai.jpg\" rel=\"attachment wp-att-10174\"><img loading=\"lazy\" decoding=\"async\" class=\"size-medium wp-image-10174\" src=\"https:\/\/francois-pelletant.fr\/blog\/wp-content\/uploads\/2017\/05\/Nawak-16-mai-300x300.jpg\" alt=\"Nawak 16 mai\" width=\"300\" height=\"300\" srcset=\"https:\/\/francois-pelletant.fr\/blog\/wp-content\/uploads\/2017\/05\/Nawak-16-mai-300x300.jpg 300w, https:\/\/francois-pelletant.fr\/blog\/wp-content\/uploads\/2017\/05\/Nawak-16-mai-150x150.jpg 150w, https:\/\/francois-pelletant.fr\/blog\/wp-content\/uploads\/2017\/05\/Nawak-16-mai-600x600.jpg 600w, https:\/\/francois-pelletant.fr\/blog\/wp-content\/uploads\/2017\/05\/Nawak-16-mai-230x230.jpg 230w, https:\/\/francois-pelletant.fr\/blog\/wp-content\/uploads\/2017\/05\/Nawak-16-mai-400x400.jpg 400w, https:\/\/francois-pelletant.fr\/blog\/wp-content\/uploads\/2017\/05\/Nawak-16-mai-640x640.jpg 640w, https:\/\/francois-pelletant.fr\/blog\/wp-content\/uploads\/2017\/05\/Nawak-16-mai.jpg 720w\" sizes=\"auto, (max-width: 300px) 100vw, 300px\" \/><\/a><figcaption id=\"caption-attachment-10174\" class=\"wp-caption-text\">Nawak 16 mai<\/figcaption><\/figure>\n<p>&nbsp;<\/p>\n<p><a href=\"https:\/\/francois-pelletant.fr\/blog\/wp-content\/uploads\/2017\/05\/Plantu-15-mai.jpg\" rel=\"attachment wp-att-10175\"><img loading=\"lazy\" decoding=\"async\" class=\"aligncenter size-medium wp-image-10175\" src=\"https:\/\/francois-pelletant.fr\/blog\/wp-content\/uploads\/2017\/05\/Plantu-15-mai-300x195.jpg\" alt=\"Plantu 15 mai\" width=\"300\" height=\"195\" srcset=\"https:\/\/francois-pelletant.fr\/blog\/wp-content\/uploads\/2017\/05\/Plantu-15-mai-300x195.jpg 300w, https:\/\/francois-pelletant.fr\/blog\/wp-content\/uploads\/2017\/05\/Plantu-15-mai-1024x664.jpg 1024w, https:\/\/francois-pelletant.fr\/blog\/wp-content\/uploads\/2017\/05\/Plantu-15-mai-768x498.jpg 768w, https:\/\/francois-pelletant.fr\/blog\/wp-content\/uploads\/2017\/05\/Plantu-15-mai-600x389.jpg 600w, https:\/\/francois-pelletant.fr\/blog\/wp-content\/uploads\/2017\/05\/Plantu-15-mai.jpg 1031w\" sizes=\"auto, (max-width: 300px) 100vw, 300px\" \/><\/a><\/p>\n","protected":false},"excerpt":{"rendered":"<p>Ce dimanche, je vous propose ma s\u00e9lection des dessins de presse publi\u00e9s cette semaine dans les diff\u00e9rents m\u00e9dias. Une rubrique que vous aimez retrouver autant que je prends de plaisir \u00e0 la faire. &nbsp; &nbsp; &nbsp; &nbsp; &nbsp; &nbsp; &nbsp; &nbsp; &nbsp;<\/p>\n","protected":false},"author":2,"featured_media":10166,"comment_status":"open","ping_status":"closed","sticky":false,"template":"","format":"standard","meta":{"footnotes":""},"categories":[17],"tags":[],"class_list":["post-10165","post","type-post","status-publish","format-standard","has-post-thumbnail","hentry","category-prix-du-meilleur-dessin-de-presse"],"yoast_head":"<!-- This site is optimized with the Yoast SEO plugin v25.6 - https:\/\/yoast.com\/wordpress\/plugins\/seo\/ -->\n<title>Les dessins de presse de la semaine - Fran\u00e7ois Pelletant<\/title>\n<meta name=\"robots\" content=\"index, follow, max-snippet:-1, max-image-preview:large, max-video-preview:-1\" \/>\n<link rel=\"canonical\" href=\"https:\/\/francois-pelletant.fr\/blog\/dessins-de-presse-de-semaine-6\/\" \/>\n<meta property=\"og:locale\" content=\"fr_FR\" \/>\n<meta property=\"og:type\" content=\"article\" \/>\n<meta property=\"og:title\" content=\"Les dessins de presse de la semaine - Fran\u00e7ois Pelletant\" \/>\n<meta property=\"og:description\" content=\"Ce dimanche, je vous propose ma s\u00e9lection des dessins de presse publi\u00e9s cette semaine dans les diff\u00e9rents m\u00e9dias. Une rubrique que vous aimez retrouver autant que je prends de plaisir \u00e0 la faire. &nbsp; &nbsp; &nbsp; &nbsp; &nbsp; &nbsp; &nbsp; &nbsp; &nbsp;\" \/>\n<meta property=\"og:url\" content=\"https:\/\/francois-pelletant.fr\/blog\/dessins-de-presse-de-semaine-6\/\" \/>\n<meta property=\"og:site_name\" content=\"Fran\u00e7ois Pelletant\" \/>\n<meta property=\"article:publisher\" content=\"https:\/\/www.facebook.com\/francois.pelletant.7\" \/>\n<meta property=\"article:published_time\" content=\"2017-05-21T07:02:41+00:00\" \/>\n<meta property=\"og:image\" content=\"https:\/\/francois-pelletant.fr\/blog\/wp-content\/uploads\/2017\/05\/Plantu-16-mai.jpg\" \/>\n\t<meta property=\"og:image:width\" content=\"1339\" \/>\n\t<meta property=\"og:image:height\" content=\"877\" \/>\n\t<meta property=\"og:image:type\" content=\"image\/jpeg\" \/>\n<meta name=\"author\" content=\"Fran\u00e7ois\" \/>\n<meta name=\"twitter:card\" content=\"summary_large_image\" \/>\n<meta name=\"twitter:creator\" content=\"@pelletant\" \/>\n<meta name=\"twitter:site\" content=\"@pelletant\" \/>\n<meta name=\"twitter:label1\" content=\"\u00c9crit par\" \/>\n\t<meta name=\"twitter:data1\" content=\"Fran\u00e7ois\" \/>\n\t<meta name=\"twitter:label2\" content=\"Dur\u00e9e de lecture estim\u00e9e\" \/>\n\t<meta name=\"twitter:data2\" content=\"1 minute\" \/>\n<script type=\"application\/ld+json\" class=\"yoast-schema-graph\">{\"@context\":\"https:\/\/schema.org\",\"@graph\":[{\"@type\":\"Article\",\"@id\":\"https:\/\/francois-pelletant.fr\/blog\/dessins-de-presse-de-semaine-6\/#article\",\"isPartOf\":{\"@id\":\"https:\/\/francois-pelletant.fr\/blog\/dessins-de-presse-de-semaine-6\/\"},\"author\":{\"name\":\"Fran\u00e7ois\",\"@id\":\"https:\/\/francois-pelletant.fr\/blog\/#\/schema\/person\/3ff29631af5560b33f8395942faae379\"},\"headline\":\"Les dessins de presse de la semaine\",\"datePublished\":\"2017-05-21T07:02:41+00:00\",\"mainEntityOfPage\":{\"@id\":\"https:\/\/francois-pelletant.fr\/blog\/dessins-de-presse-de-semaine-6\/\"},\"wordCount\":141,\"commentCount\":0,\"publisher\":{\"@id\":\"https:\/\/francois-pelletant.fr\/blog\/#organization\"},\"image\":{\"@id\":\"https:\/\/francois-pelletant.fr\/blog\/dessins-de-presse-de-semaine-6\/#primaryimage\"},\"thumbnailUrl\":\"https:\/\/francois-pelletant.fr\/blog\/wp-content\/uploads\/2017\/05\/Plantu-16-mai.jpg\",\"articleSection\":[\"Prix du meilleur dessin de presse\"],\"inLanguage\":\"fr-FR\",\"potentialAction\":[{\"@type\":\"CommentAction\",\"name\":\"Comment\",\"target\":[\"https:\/\/francois-pelletant.fr\/blog\/dessins-de-presse-de-semaine-6\/#respond\"]}]},{\"@type\":\"WebPage\",\"@id\":\"https:\/\/francois-pelletant.fr\/blog\/dessins-de-presse-de-semaine-6\/\",\"url\":\"https:\/\/francois-pelletant.fr\/blog\/dessins-de-presse-de-semaine-6\/\",\"name\":\"Les dessins de presse de la semaine - Fran\u00e7ois Pelletant\",\"isPartOf\":{\"@id\":\"https:\/\/francois-pelletant.fr\/blog\/#website\"},\"primaryImageOfPage\":{\"@id\":\"https:\/\/francois-pelletant.fr\/blog\/dessins-de-presse-de-semaine-6\/#primaryimage\"},\"image\":{\"@id\":\"https:\/\/francois-pelletant.fr\/blog\/dessins-de-presse-de-semaine-6\/#primaryimage\"},\"thumbnailUrl\":\"https:\/\/francois-pelletant.fr\/blog\/wp-content\/uploads\/2017\/05\/Plantu-16-mai.jpg\",\"datePublished\":\"2017-05-21T07:02:41+00:00\",\"breadcrumb\":{\"@id\":\"https:\/\/francois-pelletant.fr\/blog\/dessins-de-presse-de-semaine-6\/#breadcrumb\"},\"inLanguage\":\"fr-FR\",\"potentialAction\":[{\"@type\":\"ReadAction\",\"target\":[\"https:\/\/francois-pelletant.fr\/blog\/dessins-de-presse-de-semaine-6\/\"]}]},{\"@type\":\"ImageObject\",\"inLanguage\":\"fr-FR\",\"@id\":\"https:\/\/francois-pelletant.fr\/blog\/dessins-de-presse-de-semaine-6\/#primaryimage\",\"url\":\"https:\/\/francois-pelletant.fr\/blog\/wp-content\/uploads\/2017\/05\/Plantu-16-mai.jpg\",\"contentUrl\":\"https:\/\/francois-pelletant.fr\/blog\/wp-content\/uploads\/2017\/05\/Plantu-16-mai.jpg\",\"width\":1339,\"height\":877,\"caption\":\"Plantu 16 mai\"},{\"@type\":\"BreadcrumbList\",\"@id\":\"https:\/\/francois-pelletant.fr\/blog\/dessins-de-presse-de-semaine-6\/#breadcrumb\",\"itemListElement\":[{\"@type\":\"ListItem\",\"position\":1,\"name\":\"Accueil\",\"item\":\"https:\/\/francois-pelletant.fr\/blog\/\"},{\"@type\":\"ListItem\",\"position\":2,\"name\":\"Les dessins de presse de la semaine\"}]},{\"@type\":\"WebSite\",\"@id\":\"https:\/\/francois-pelletant.fr\/blog\/#website\",\"url\":\"https:\/\/francois-pelletant.fr\/blog\/\",\"name\":\"Fran\u00e7ois Pelletant\",\"description\":\"Maire de Linas, pour toujours.\",\"publisher\":{\"@id\":\"https:\/\/francois-pelletant.fr\/blog\/#organization\"},\"potentialAction\":[{\"@type\":\"SearchAction\",\"target\":{\"@type\":\"EntryPoint\",\"urlTemplate\":\"https:\/\/francois-pelletant.fr\/blog\/?s={search_term_string}\"},\"query-input\":{\"@type\":\"PropertyValueSpecification\",\"valueRequired\":true,\"valueName\":\"search_term_string\"}}],\"inLanguage\":\"fr-FR\"},{\"@type\":\"Organization\",\"@id\":\"https:\/\/francois-pelletant.fr\/blog\/#organization\",\"name\":\"Fran\u00e7ois Pelletant\",\"url\":\"https:\/\/francois-pelletant.fr\/blog\/\",\"logo\":{\"@type\":\"ImageObject\",\"inLanguage\":\"fr-FR\",\"@id\":\"https:\/\/francois-pelletant.fr\/blog\/#\/schema\/logo\/image\/\",\"url\":\"https:\/\/francois-pelletant.fr\/blog\/wp-content\/uploads\/2024\/07\/icone-francois-centre-500p.png\",\"contentUrl\":\"https:\/\/francois-pelletant.fr\/blog\/wp-content\/uploads\/2024\/07\/icone-francois-centre-500p.png\",\"width\":559,\"height\":447,\"caption\":\"Fran\u00e7ois Pelletant\"},\"image\":{\"@id\":\"https:\/\/francois-pelletant.fr\/blog\/#\/schema\/logo\/image\/\"},\"sameAs\":[\"https:\/\/www.facebook.com\/francois.pelletant.7\",\"https:\/\/x.com\/pelletant\"]},{\"@type\":\"Person\",\"@id\":\"https:\/\/francois-pelletant.fr\/blog\/#\/schema\/person\/3ff29631af5560b33f8395942faae379\",\"name\":\"Fran\u00e7ois\"}]}<\/script>\n<!-- \/ Yoast SEO plugin. -->","yoast_head_json":{"title":"Les dessins de presse de la semaine - Fran\u00e7ois Pelletant","robots":{"index":"index","follow":"follow","max-snippet":"max-snippet:-1","max-image-preview":"max-image-preview:large","max-video-preview":"max-video-preview:-1"},"canonical":"https:\/\/francois-pelletant.fr\/blog\/dessins-de-presse-de-semaine-6\/","og_locale":"fr_FR","og_type":"article","og_title":"Les dessins de presse de la semaine - Fran\u00e7ois Pelletant","og_description":"Ce dimanche, je vous propose ma s\u00e9lection des dessins de presse publi\u00e9s cette semaine dans les diff\u00e9rents m\u00e9dias. Une rubrique que vous aimez retrouver autant que je prends de plaisir \u00e0 la faire. &nbsp; &nbsp; &nbsp; &nbsp; &nbsp; &nbsp; &nbsp; &nbsp; &nbsp;","og_url":"https:\/\/francois-pelletant.fr\/blog\/dessins-de-presse-de-semaine-6\/","og_site_name":"Fran\u00e7ois Pelletant","article_publisher":"https:\/\/www.facebook.com\/francois.pelletant.7","article_published_time":"2017-05-21T07:02:41+00:00","og_image":[{"width":1339,"height":877,"url":"https:\/\/francois-pelletant.fr\/blog\/wp-content\/uploads\/2017\/05\/Plantu-16-mai.jpg","type":"image\/jpeg"}],"author":"Fran\u00e7ois","twitter_card":"summary_large_image","twitter_creator":"@pelletant","twitter_site":"@pelletant","twitter_misc":{"\u00c9crit par":"Fran\u00e7ois","Dur\u00e9e de lecture estim\u00e9e":"1 minute"},"schema":{"@context":"https:\/\/schema.org","@graph":[{"@type":"Article","@id":"https:\/\/francois-pelletant.fr\/blog\/dessins-de-presse-de-semaine-6\/#article","isPartOf":{"@id":"https:\/\/francois-pelletant.fr\/blog\/dessins-de-presse-de-semaine-6\/"},"author":{"name":"Fran\u00e7ois","@id":"https:\/\/francois-pelletant.fr\/blog\/#\/schema\/person\/3ff29631af5560b33f8395942faae379"},"headline":"Les dessins de presse de la semaine","datePublished":"2017-05-21T07:02:41+00:00","mainEntityOfPage":{"@id":"https:\/\/francois-pelletant.fr\/blog\/dessins-de-presse-de-semaine-6\/"},"wordCount":141,"commentCount":0,"publisher":{"@id":"https:\/\/francois-pelletant.fr\/blog\/#organization"},"image":{"@id":"https:\/\/francois-pelletant.fr\/blog\/dessins-de-presse-de-semaine-6\/#primaryimage"},"thumbnailUrl":"https:\/\/francois-pelletant.fr\/blog\/wp-content\/uploads\/2017\/05\/Plantu-16-mai.jpg","articleSection":["Prix du meilleur dessin de presse"],"inLanguage":"fr-FR","potentialAction":[{"@type":"CommentAction","name":"Comment","target":["https:\/\/francois-pelletant.fr\/blog\/dessins-de-presse-de-semaine-6\/#respond"]}]},{"@type":"WebPage","@id":"https:\/\/francois-pelletant.fr\/blog\/dessins-de-presse-de-semaine-6\/","url":"https:\/\/francois-pelletant.fr\/blog\/dessins-de-presse-de-semaine-6\/","name":"Les dessins de presse de la semaine - Fran\u00e7ois Pelletant","isPartOf":{"@id":"https:\/\/francois-pelletant.fr\/blog\/#website"},"primaryImageOfPage":{"@id":"https:\/\/francois-pelletant.fr\/blog\/dessins-de-presse-de-semaine-6\/#primaryimage"},"image":{"@id":"https:\/\/francois-pelletant.fr\/blog\/dessins-de-presse-de-semaine-6\/#primaryimage"},"thumbnailUrl":"https:\/\/francois-pelletant.fr\/blog\/wp-content\/uploads\/2017\/05\/Plantu-16-mai.jpg","datePublished":"2017-05-21T07:02:41+00:00","breadcrumb":{"@id":"https:\/\/francois-pelletant.fr\/blog\/dessins-de-presse-de-semaine-6\/#breadcrumb"},"inLanguage":"fr-FR","potentialAction":[{"@type":"ReadAction","target":["https:\/\/francois-pelletant.fr\/blog\/dessins-de-presse-de-semaine-6\/"]}]},{"@type":"ImageObject","inLanguage":"fr-FR","@id":"https:\/\/francois-pelletant.fr\/blog\/dessins-de-presse-de-semaine-6\/#primaryimage","url":"https:\/\/francois-pelletant.fr\/blog\/wp-content\/uploads\/2017\/05\/Plantu-16-mai.jpg","contentUrl":"https:\/\/francois-pelletant.fr\/blog\/wp-content\/uploads\/2017\/05\/Plantu-16-mai.jpg","width":1339,"height":877,"caption":"Plantu 16 mai"},{"@type":"BreadcrumbList","@id":"https:\/\/francois-pelletant.fr\/blog\/dessins-de-presse-de-semaine-6\/#breadcrumb","itemListElement":[{"@type":"ListItem","position":1,"name":"Accueil","item":"https:\/\/francois-pelletant.fr\/blog\/"},{"@type":"ListItem","position":2,"name":"Les dessins de presse de la semaine"}]},{"@type":"WebSite","@id":"https:\/\/francois-pelletant.fr\/blog\/#website","url":"https:\/\/francois-pelletant.fr\/blog\/","name":"Fran\u00e7ois Pelletant","description":"Maire de Linas, pour toujours.","publisher":{"@id":"https:\/\/francois-pelletant.fr\/blog\/#organization"},"potentialAction":[{"@type":"SearchAction","target":{"@type":"EntryPoint","urlTemplate":"https:\/\/francois-pelletant.fr\/blog\/?s={search_term_string}"},"query-input":{"@type":"PropertyValueSpecification","valueRequired":true,"valueName":"search_term_string"}}],"inLanguage":"fr-FR"},{"@type":"Organization","@id":"https:\/\/francois-pelletant.fr\/blog\/#organization","name":"Fran\u00e7ois Pelletant","url":"https:\/\/francois-pelletant.fr\/blog\/","logo":{"@type":"ImageObject","inLanguage":"fr-FR","@id":"https:\/\/francois-pelletant.fr\/blog\/#\/schema\/logo\/image\/","url":"https:\/\/francois-pelletant.fr\/blog\/wp-content\/uploads\/2024\/07\/icone-francois-centre-500p.png","contentUrl":"https:\/\/francois-pelletant.fr\/blog\/wp-content\/uploads\/2024\/07\/icone-francois-centre-500p.png","width":559,"height":447,"caption":"Fran\u00e7ois Pelletant"},"image":{"@id":"https:\/\/francois-pelletant.fr\/blog\/#\/schema\/logo\/image\/"},"sameAs":["https:\/\/www.facebook.com\/francois.pelletant.7","https:\/\/x.com\/pelletant"]},{"@type":"Person","@id":"https:\/\/francois-pelletant.fr\/blog\/#\/schema\/person\/3ff29631af5560b33f8395942faae379","name":"Fran\u00e7ois"}]}},"_links":{"self":[{"href":"https:\/\/francois-pelletant.fr\/blog\/wp-json\/wp\/v2\/posts\/10165","targetHints":{"allow":["GET"]}}],"collection":[{"href":"https:\/\/francois-pelletant.fr\/blog\/wp-json\/wp\/v2\/posts"}],"about":[{"href":"https:\/\/francois-pelletant.fr\/blog\/wp-json\/wp\/v2\/types\/post"}],"author":[{"embeddable":true,"href":"https:\/\/francois-pelletant.fr\/blog\/wp-json\/wp\/v2\/users\/2"}],"replies":[{"embeddable":true,"href":"https:\/\/francois-pelletant.fr\/blog\/wp-json\/wp\/v2\/comments?post=10165"}],"version-history":[{"count":0,"href":"https:\/\/francois-pelletant.fr\/blog\/wp-json\/wp\/v2\/posts\/10165\/revisions"}],"wp:featuredmedia":[{"embeddable":true,"href":"https:\/\/francois-pelletant.fr\/blog\/wp-json\/wp\/v2\/media\/10166"}],"wp:attachment":[{"href":"https:\/\/francois-pelletant.fr\/blog\/wp-json\/wp\/v2\/media?parent=10165"}],"wp:term":[{"taxonomy":"category","embeddable":true,"href":"https:\/\/francois-pelletant.fr\/blog\/wp-json\/wp\/v2\/categories?post=10165"},{"taxonomy":"post_tag","embeddable":true,"href":"https:\/\/francois-pelletant.fr\/blog\/wp-json\/wp\/v2\/tags?post=10165"}],"curies":[{"name":"wp","href":"https:\/\/api.w.org\/{rel}","templated":true}]}}