{"id":10242,"date":"2017-05-24T09:30:09","date_gmt":"2017-05-24T09:30:09","guid":{"rendered":"https:\/\/francois-pelletant.fr\/blog\/?p=10242"},"modified":"2017-06-02T10:02:29","modified_gmt":"2017-06-02T10:02:29","slug":"reserve_parlementaire_associations","status":"publish","type":"post","link":"https:\/\/francois-pelletant.fr\/blog\/reserve_parlementaire_associations\/","title":{"rendered":"Redistribuer ma r\u00e9serve parlementaire aux associations"},"content":{"rendered":"<p><img loading=\"lazy\" decoding=\"async\" class=\"alignleft size-medium wp-image-10243\" src=\"https:\/\/francois-pelletant.fr\/blog\/wp-content\/uploads\/2017\/05\/IMG_6030-300x169.png\" alt=\"IMG_6030\" width=\"300\" height=\"169\" srcset=\"https:\/\/francois-pelletant.fr\/blog\/wp-content\/uploads\/2017\/05\/IMG_6030-300x169.png 300w, https:\/\/francois-pelletant.fr\/blog\/wp-content\/uploads\/2017\/05\/IMG_6030-1024x577.png 1024w, https:\/\/francois-pelletant.fr\/blog\/wp-content\/uploads\/2017\/05\/IMG_6030-768x433.png 768w, https:\/\/francois-pelletant.fr\/blog\/wp-content\/uploads\/2017\/05\/IMG_6030-600x338.png 600w, https:\/\/francois-pelletant.fr\/blog\/wp-content\/uploads\/2017\/05\/IMG_6030-150x85.png 150w, https:\/\/francois-pelletant.fr\/blog\/wp-content\/uploads\/2017\/05\/IMG_6030.png 1136w\" sizes=\"auto, (max-width: 300px) 100vw, 300px\" \/>Les associations sont essentielles \u00e0 la vie de notre territoire. Leurs b\u00e9n\u00e9voles ont beaucoup de m\u00e9rite. Dans le cadre de ma campagne pour les \u00e9lections l\u00e9gislatives des 11 et 18 juin 2017 dont je suis candidat dans la 4\u00e8me circonscription de l&#8217;Essonne, je propose de redistribuer la totalit\u00e9 des 130 000 euros de ma r\u00e9serve parlementaire aux associations pour les assister dans le maintien des liens de convivialit\u00e9 avec leurs adh\u00e9rents et la promotion du b\u00e9n\u00e9volat.<\/p>\n<p><iframe loading=\"lazy\" title=\"Pelletant redistribuera aux associaitons les 130 000 euros de la r\u00e9serve parlementaire\" width=\"500\" height=\"281\" src=\"https:\/\/www.youtube.com\/embed\/hWaOwhTYvxo?feature=oembed\" frameborder=\"0\" allow=\"accelerometer; autoplay; clipboard-write; encrypted-media; gyroscope; picture-in-picture; web-share\" referrerpolicy=\"strict-origin-when-cross-origin\" allowfullscreen><\/iframe><\/p>\n<p>Voir aussi la vid\u00e9o sur facebook : www.a.fp17.fr sur Youtube www.b.fp17.fr<\/p>\n","protected":false},"excerpt":{"rendered":"<p>Les associations sont essentielles \u00e0 la vie de notre territoire. Leurs b\u00e9n\u00e9voles ont beaucoup de m\u00e9rite. Dans le cadre de ma campagne pour les \u00e9lections l\u00e9gislatives des 11 et 18 juin 2017 dont je suis candidat dans la 4\u00e8me circonscription de l&#8217;Essonne, je propose de redistribuer la totalit\u00e9 des 130 000 euros de ma r\u00e9serve [&hellip;]<\/p>\n","protected":false},"author":1,"featured_media":10243,"comment_status":"open","ping_status":"closed","sticky":false,"template":"","format":"standard","meta":{"footnotes":""},"categories":[168],"tags":[363,49,155],"class_list":["post-10242","post","type-post","status-publish","format-standard","has-post-thumbnail","hentry","category-legislatives-2017","tag-associations","tag-essonne","tag-francois-pelletant"],"yoast_head":"<!-- This site is optimized with the Yoast SEO plugin v25.6 - https:\/\/yoast.com\/wordpress\/plugins\/seo\/ -->\n<title>Redistribuer ma r\u00e9serve parlementaire aux associations - Fran\u00e7ois Pelletant<\/title>\n<meta name=\"description\" content=\"Dans le cadre des l\u00e9gislatives, je propose de redistribuer la totalit\u00e9 des 130 000 euros de ma r\u00e9serve parlementaire aux associations\" \/>\n<meta name=\"robots\" content=\"index, follow, max-snippet:-1, max-image-preview:large, max-video-preview:-1\" \/>\n<link rel=\"canonical\" href=\"https:\/\/francois-pelletant.fr\/blog\/reserve_parlementaire_associations\/\" \/>\n<meta property=\"og:locale\" content=\"fr_FR\" \/>\n<meta property=\"og:type\" content=\"article\" \/>\n<meta property=\"og:title\" content=\"Redistribuer ma r\u00e9serve parlementaire aux associations - Fran\u00e7ois Pelletant\" \/>\n<meta property=\"og:description\" content=\"Dans le cadre des l\u00e9gislatives, je propose de redistribuer la totalit\u00e9 des 130 000 euros de ma r\u00e9serve parlementaire aux associations\" \/>\n<meta property=\"og:url\" content=\"https:\/\/francois-pelletant.fr\/blog\/reserve_parlementaire_associations\/\" \/>\n<meta property=\"og:site_name\" content=\"Fran\u00e7ois Pelletant\" \/>\n<meta property=\"article:publisher\" content=\"https:\/\/www.facebook.com\/francois.pelletant.7\" \/>\n<meta property=\"article:published_time\" content=\"2017-05-24T09:30:09+00:00\" \/>\n<meta property=\"article:modified_time\" content=\"2017-06-02T10:02:29+00:00\" \/>\n<meta property=\"og:image\" content=\"https:\/\/francois-pelletant.fr\/blog\/wp-content\/uploads\/2017\/05\/IMG_6030.png\" \/>\n\t<meta property=\"og:image:width\" content=\"1136\" \/>\n\t<meta property=\"og:image:height\" content=\"640\" \/>\n\t<meta property=\"og:image:type\" content=\"image\/png\" \/>\n<meta name=\"author\" content=\"Francois\" \/>\n<meta name=\"twitter:card\" content=\"summary_large_image\" \/>\n<meta name=\"twitter:creator\" content=\"@pelletant\" \/>\n<meta name=\"twitter:site\" content=\"@pelletant\" \/>\n<meta name=\"twitter:label1\" content=\"\u00c9crit par\" \/>\n\t<meta name=\"twitter:data1\" content=\"Francois\" \/>\n\t<meta name=\"twitter:label2\" content=\"Dur\u00e9e de lecture estim\u00e9e\" \/>\n\t<meta name=\"twitter:data2\" content=\"1 minute\" \/>\n<script type=\"application\/ld+json\" class=\"yoast-schema-graph\">{\"@context\":\"https:\/\/schema.org\",\"@graph\":[{\"@type\":\"Article\",\"@id\":\"https:\/\/francois-pelletant.fr\/blog\/reserve_parlementaire_associations\/#article\",\"isPartOf\":{\"@id\":\"https:\/\/francois-pelletant.fr\/blog\/reserve_parlementaire_associations\/\"},\"author\":{\"name\":\"Francois\",\"@id\":\"https:\/\/francois-pelletant.fr\/blog\/#\/schema\/person\/2be41acb171dff8f31aaed1f40cee9f3\"},\"headline\":\"Redistribuer ma r\u00e9serve parlementaire aux associations\",\"datePublished\":\"2017-05-24T09:30:09+00:00\",\"dateModified\":\"2017-06-02T10:02:29+00:00\",\"mainEntityOfPage\":{\"@id\":\"https:\/\/francois-pelletant.fr\/blog\/reserve_parlementaire_associations\/\"},\"wordCount\":112,\"commentCount\":0,\"publisher\":{\"@id\":\"https:\/\/francois-pelletant.fr\/blog\/#organization\"},\"image\":{\"@id\":\"https:\/\/francois-pelletant.fr\/blog\/reserve_parlementaire_associations\/#primaryimage\"},\"thumbnailUrl\":\"https:\/\/francois-pelletant.fr\/blog\/wp-content\/uploads\/2017\/05\/IMG_6030.png\",\"keywords\":[\"associations\",\"Essonne\",\"fran\u00e7ois pelletant\"],\"articleSection\":[\"L\u00e9gislatives 2017\"],\"inLanguage\":\"fr-FR\",\"potentialAction\":[{\"@type\":\"CommentAction\",\"name\":\"Comment\",\"target\":[\"https:\/\/francois-pelletant.fr\/blog\/reserve_parlementaire_associations\/#respond\"]}]},{\"@type\":\"WebPage\",\"@id\":\"https:\/\/francois-pelletant.fr\/blog\/reserve_parlementaire_associations\/\",\"url\":\"https:\/\/francois-pelletant.fr\/blog\/reserve_parlementaire_associations\/\",\"name\":\"Redistribuer ma r\u00e9serve parlementaire aux associations - Fran\u00e7ois Pelletant\",\"isPartOf\":{\"@id\":\"https:\/\/francois-pelletant.fr\/blog\/#website\"},\"primaryImageOfPage\":{\"@id\":\"https:\/\/francois-pelletant.fr\/blog\/reserve_parlementaire_associations\/#primaryimage\"},\"image\":{\"@id\":\"https:\/\/francois-pelletant.fr\/blog\/reserve_parlementaire_associations\/#primaryimage\"},\"thumbnailUrl\":\"https:\/\/francois-pelletant.fr\/blog\/wp-content\/uploads\/2017\/05\/IMG_6030.png\",\"datePublished\":\"2017-05-24T09:30:09+00:00\",\"dateModified\":\"2017-06-02T10:02:29+00:00\",\"description\":\"Dans le cadre des l\u00e9gislatives, je propose de redistribuer la totalit\u00e9 des 130 000 euros de ma r\u00e9serve parlementaire aux associations\",\"breadcrumb\":{\"@id\":\"https:\/\/francois-pelletant.fr\/blog\/reserve_parlementaire_associations\/#breadcrumb\"},\"inLanguage\":\"fr-FR\",\"potentialAction\":[{\"@type\":\"ReadAction\",\"target\":[\"https:\/\/francois-pelletant.fr\/blog\/reserve_parlementaire_associations\/\"]}]},{\"@type\":\"ImageObject\",\"inLanguage\":\"fr-FR\",\"@id\":\"https:\/\/francois-pelletant.fr\/blog\/reserve_parlementaire_associations\/#primaryimage\",\"url\":\"https:\/\/francois-pelletant.fr\/blog\/wp-content\/uploads\/2017\/05\/IMG_6030.png\",\"contentUrl\":\"https:\/\/francois-pelletant.fr\/blog\/wp-content\/uploads\/2017\/05\/IMG_6030.png\",\"width\":1136,\"height\":640},{\"@type\":\"BreadcrumbList\",\"@id\":\"https:\/\/francois-pelletant.fr\/blog\/reserve_parlementaire_associations\/#breadcrumb\",\"itemListElement\":[{\"@type\":\"ListItem\",\"position\":1,\"name\":\"Accueil\",\"item\":\"https:\/\/francois-pelletant.fr\/blog\/\"},{\"@type\":\"ListItem\",\"position\":2,\"name\":\"Redistribuer ma r\u00e9serve parlementaire aux associations\"}]},{\"@type\":\"WebSite\",\"@id\":\"https:\/\/francois-pelletant.fr\/blog\/#website\",\"url\":\"https:\/\/francois-pelletant.fr\/blog\/\",\"name\":\"Fran\u00e7ois Pelletant\",\"description\":\"Maire de Linas, pour toujours.\",\"publisher\":{\"@id\":\"https:\/\/francois-pelletant.fr\/blog\/#organization\"},\"potentialAction\":[{\"@type\":\"SearchAction\",\"target\":{\"@type\":\"EntryPoint\",\"urlTemplate\":\"https:\/\/francois-pelletant.fr\/blog\/?s={search_term_string}\"},\"query-input\":{\"@type\":\"PropertyValueSpecification\",\"valueRequired\":true,\"valueName\":\"search_term_string\"}}],\"inLanguage\":\"fr-FR\"},{\"@type\":\"Organization\",\"@id\":\"https:\/\/francois-pelletant.fr\/blog\/#organization\",\"name\":\"Fran\u00e7ois Pelletant\",\"url\":\"https:\/\/francois-pelletant.fr\/blog\/\",\"logo\":{\"@type\":\"ImageObject\",\"inLanguage\":\"fr-FR\",\"@id\":\"https:\/\/francois-pelletant.fr\/blog\/#\/schema\/logo\/image\/\",\"url\":\"https:\/\/francois-pelletant.fr\/blog\/wp-content\/uploads\/2024\/07\/icone-francois-centre-500p.png\",\"contentUrl\":\"https:\/\/francois-pelletant.fr\/blog\/wp-content\/uploads\/2024\/07\/icone-francois-centre-500p.png\",\"width\":559,\"height\":447,\"caption\":\"Fran\u00e7ois Pelletant\"},\"image\":{\"@id\":\"https:\/\/francois-pelletant.fr\/blog\/#\/schema\/logo\/image\/\"},\"sameAs\":[\"https:\/\/www.facebook.com\/francois.pelletant.7\",\"https:\/\/x.com\/pelletant\"]},{\"@type\":\"Person\",\"@id\":\"https:\/\/francois-pelletant.fr\/blog\/#\/schema\/person\/2be41acb171dff8f31aaed1f40cee9f3\",\"name\":\"Francois\"}]}<\/script>\n<!-- \/ Yoast SEO plugin. -->","yoast_head_json":{"title":"Redistribuer ma r\u00e9serve parlementaire aux associations - Fran\u00e7ois Pelletant","description":"Dans le cadre des l\u00e9gislatives, je propose de redistribuer la totalit\u00e9 des 130 000 euros de ma r\u00e9serve parlementaire aux associations","robots":{"index":"index","follow":"follow","max-snippet":"max-snippet:-1","max-image-preview":"max-image-preview:large","max-video-preview":"max-video-preview:-1"},"canonical":"https:\/\/francois-pelletant.fr\/blog\/reserve_parlementaire_associations\/","og_locale":"fr_FR","og_type":"article","og_title":"Redistribuer ma r\u00e9serve parlementaire aux associations - Fran\u00e7ois Pelletant","og_description":"Dans le cadre des l\u00e9gislatives, je propose de redistribuer la totalit\u00e9 des 130 000 euros de ma r\u00e9serve parlementaire aux associations","og_url":"https:\/\/francois-pelletant.fr\/blog\/reserve_parlementaire_associations\/","og_site_name":"Fran\u00e7ois Pelletant","article_publisher":"https:\/\/www.facebook.com\/francois.pelletant.7","article_published_time":"2017-05-24T09:30:09+00:00","article_modified_time":"2017-06-02T10:02:29+00:00","og_image":[{"width":1136,"height":640,"url":"https:\/\/francois-pelletant.fr\/blog\/wp-content\/uploads\/2017\/05\/IMG_6030.png","type":"image\/png"}],"author":"Francois","twitter_card":"summary_large_image","twitter_creator":"@pelletant","twitter_site":"@pelletant","twitter_misc":{"\u00c9crit par":"Francois","Dur\u00e9e de lecture estim\u00e9e":"1 minute"},"schema":{"@context":"https:\/\/schema.org","@graph":[{"@type":"Article","@id":"https:\/\/francois-pelletant.fr\/blog\/reserve_parlementaire_associations\/#article","isPartOf":{"@id":"https:\/\/francois-pelletant.fr\/blog\/reserve_parlementaire_associations\/"},"author":{"name":"Francois","@id":"https:\/\/francois-pelletant.fr\/blog\/#\/schema\/person\/2be41acb171dff8f31aaed1f40cee9f3"},"headline":"Redistribuer ma r\u00e9serve parlementaire aux associations","datePublished":"2017-05-24T09:30:09+00:00","dateModified":"2017-06-02T10:02:29+00:00","mainEntityOfPage":{"@id":"https:\/\/francois-pelletant.fr\/blog\/reserve_parlementaire_associations\/"},"wordCount":112,"commentCount":0,"publisher":{"@id":"https:\/\/francois-pelletant.fr\/blog\/#organization"},"image":{"@id":"https:\/\/francois-pelletant.fr\/blog\/reserve_parlementaire_associations\/#primaryimage"},"thumbnailUrl":"https:\/\/francois-pelletant.fr\/blog\/wp-content\/uploads\/2017\/05\/IMG_6030.png","keywords":["associations","Essonne","fran\u00e7ois pelletant"],"articleSection":["L\u00e9gislatives 2017"],"inLanguage":"fr-FR","potentialAction":[{"@type":"CommentAction","name":"Comment","target":["https:\/\/francois-pelletant.fr\/blog\/reserve_parlementaire_associations\/#respond"]}]},{"@type":"WebPage","@id":"https:\/\/francois-pelletant.fr\/blog\/reserve_parlementaire_associations\/","url":"https:\/\/francois-pelletant.fr\/blog\/reserve_parlementaire_associations\/","name":"Redistribuer ma r\u00e9serve parlementaire aux associations - Fran\u00e7ois Pelletant","isPartOf":{"@id":"https:\/\/francois-pelletant.fr\/blog\/#website"},"primaryImageOfPage":{"@id":"https:\/\/francois-pelletant.fr\/blog\/reserve_parlementaire_associations\/#primaryimage"},"image":{"@id":"https:\/\/francois-pelletant.fr\/blog\/reserve_parlementaire_associations\/#primaryimage"},"thumbnailUrl":"https:\/\/francois-pelletant.fr\/blog\/wp-content\/uploads\/2017\/05\/IMG_6030.png","datePublished":"2017-05-24T09:30:09+00:00","dateModified":"2017-06-02T10:02:29+00:00","description":"Dans le cadre des l\u00e9gislatives, je propose de redistribuer la totalit\u00e9 des 130 000 euros de ma r\u00e9serve parlementaire aux associations","breadcrumb":{"@id":"https:\/\/francois-pelletant.fr\/blog\/reserve_parlementaire_associations\/#breadcrumb"},"inLanguage":"fr-FR","potentialAction":[{"@type":"ReadAction","target":["https:\/\/francois-pelletant.fr\/blog\/reserve_parlementaire_associations\/"]}]},{"@type":"ImageObject","inLanguage":"fr-FR","@id":"https:\/\/francois-pelletant.fr\/blog\/reserve_parlementaire_associations\/#primaryimage","url":"https:\/\/francois-pelletant.fr\/blog\/wp-content\/uploads\/2017\/05\/IMG_6030.png","contentUrl":"https:\/\/francois-pelletant.fr\/blog\/wp-content\/uploads\/2017\/05\/IMG_6030.png","width":1136,"height":640},{"@type":"BreadcrumbList","@id":"https:\/\/francois-pelletant.fr\/blog\/reserve_parlementaire_associations\/#breadcrumb","itemListElement":[{"@type":"ListItem","position":1,"name":"Accueil","item":"https:\/\/francois-pelletant.fr\/blog\/"},{"@type":"ListItem","position":2,"name":"Redistribuer ma r\u00e9serve parlementaire aux associations"}]},{"@type":"WebSite","@id":"https:\/\/francois-pelletant.fr\/blog\/#website","url":"https:\/\/francois-pelletant.fr\/blog\/","name":"Fran\u00e7ois Pelletant","description":"Maire de Linas, pour toujours.","publisher":{"@id":"https:\/\/francois-pelletant.fr\/blog\/#organization"},"potentialAction":[{"@type":"SearchAction","target":{"@type":"EntryPoint","urlTemplate":"https:\/\/francois-pelletant.fr\/blog\/?s={search_term_string}"},"query-input":{"@type":"PropertyValueSpecification","valueRequired":true,"valueName":"search_term_string"}}],"inLanguage":"fr-FR"},{"@type":"Organization","@id":"https:\/\/francois-pelletant.fr\/blog\/#organization","name":"Fran\u00e7ois Pelletant","url":"https:\/\/francois-pelletant.fr\/blog\/","logo":{"@type":"ImageObject","inLanguage":"fr-FR","@id":"https:\/\/francois-pelletant.fr\/blog\/#\/schema\/logo\/image\/","url":"https:\/\/francois-pelletant.fr\/blog\/wp-content\/uploads\/2024\/07\/icone-francois-centre-500p.png","contentUrl":"https:\/\/francois-pelletant.fr\/blog\/wp-content\/uploads\/2024\/07\/icone-francois-centre-500p.png","width":559,"height":447,"caption":"Fran\u00e7ois Pelletant"},"image":{"@id":"https:\/\/francois-pelletant.fr\/blog\/#\/schema\/logo\/image\/"},"sameAs":["https:\/\/www.facebook.com\/francois.pelletant.7","https:\/\/x.com\/pelletant"]},{"@type":"Person","@id":"https:\/\/francois-pelletant.fr\/blog\/#\/schema\/person\/2be41acb171dff8f31aaed1f40cee9f3","name":"Francois"}]}},"_links":{"self":[{"href":"https:\/\/francois-pelletant.fr\/blog\/wp-json\/wp\/v2\/posts\/10242","targetHints":{"allow":["GET"]}}],"collection":[{"href":"https:\/\/francois-pelletant.fr\/blog\/wp-json\/wp\/v2\/posts"}],"about":[{"href":"https:\/\/francois-pelletant.fr\/blog\/wp-json\/wp\/v2\/types\/post"}],"author":[{"embeddable":true,"href":"https:\/\/francois-pelletant.fr\/blog\/wp-json\/wp\/v2\/users\/1"}],"replies":[{"embeddable":true,"href":"https:\/\/francois-pelletant.fr\/blog\/wp-json\/wp\/v2\/comments?post=10242"}],"version-history":[{"count":0,"href":"https:\/\/francois-pelletant.fr\/blog\/wp-json\/wp\/v2\/posts\/10242\/revisions"}],"wp:featuredmedia":[{"embeddable":true,"href":"https:\/\/francois-pelletant.fr\/blog\/wp-json\/wp\/v2\/media\/10243"}],"wp:attachment":[{"href":"https:\/\/francois-pelletant.fr\/blog\/wp-json\/wp\/v2\/media?parent=10242"}],"wp:term":[{"taxonomy":"category","embeddable":true,"href":"https:\/\/francois-pelletant.fr\/blog\/wp-json\/wp\/v2\/categories?post=10242"},{"taxonomy":"post_tag","embeddable":true,"href":"https:\/\/francois-pelletant.fr\/blog\/wp-json\/wp\/v2\/tags?post=10242"}],"curies":[{"name":"wp","href":"https:\/\/api.w.org\/{rel}","templated":true}]}}