{"id":10331,"date":"2017-06-04T07:40:16","date_gmt":"2017-06-04T07:40:16","guid":{"rendered":"https:\/\/francois-pelletant.fr\/blog\/?p=10331"},"modified":"2017-06-01T08:45:57","modified_gmt":"2017-06-01T08:45:57","slug":"dessins-de-presse-de-semaine-8","status":"publish","type":"post","link":"https:\/\/francois-pelletant.fr\/blog\/dessins-de-presse-de-semaine-8\/","title":{"rendered":"Les dessins de presse de la semaine"},"content":{"rendered":"<figure id=\"attachment_10332\" aria-describedby=\"caption-attachment-10332\" style=\"width: 300px\" class=\"wp-caption alignleft\"><img loading=\"lazy\" decoding=\"async\" class=\"size-medium wp-image-10332\" src=\"https:\/\/francois-pelletant.fr\/blog\/wp-content\/uploads\/2017\/06\/Large-31-mai-300x234.jpg\" alt=\"Large 31 mai\" width=\"300\" height=\"234\" srcset=\"https:\/\/francois-pelletant.fr\/blog\/wp-content\/uploads\/2017\/06\/Large-31-mai-300x234.jpg 300w, https:\/\/francois-pelletant.fr\/blog\/wp-content\/uploads\/2017\/06\/Large-31-mai-1024x799.jpg 1024w, https:\/\/francois-pelletant.fr\/blog\/wp-content\/uploads\/2017\/06\/Large-31-mai-768x599.jpg 768w, https:\/\/francois-pelletant.fr\/blog\/wp-content\/uploads\/2017\/06\/Large-31-mai-600x468.jpg 600w, https:\/\/francois-pelletant.fr\/blog\/wp-content\/uploads\/2017\/06\/Large-31-mai-1536x1198.jpg 1536w, https:\/\/francois-pelletant.fr\/blog\/wp-content\/uploads\/2017\/06\/Large-31-mai.jpg 2048w\" sizes=\"auto, (max-width: 300px) 100vw, 300px\" \/><figcaption id=\"caption-attachment-10332\" class=\"wp-caption-text\">Large 31 mai<\/figcaption><\/figure>\n<p>Vous reprendrez bien un petit best of ? Comme chaque dimanche, je vous propose de faire un tour de l&#8217;actualit\u00e9 hebdomadaire \u00e0 travers une s\u00e9lection toute personnelle des meilleurs dessins parus dans la presse.<\/p>\n<p>&nbsp;<\/p>\n<figure id=\"attachment_10334\" aria-describedby=\"caption-attachment-10334\" style=\"width: 231px\" class=\"wp-caption aligncenter\"><img loading=\"lazy\" decoding=\"async\" class=\"size-medium wp-image-10334\" src=\"https:\/\/francois-pelletant.fr\/blog\/wp-content\/uploads\/2017\/06\/Coco-30-mai-231x300.jpg\" alt=\"Coco 30 mai\" width=\"231\" height=\"300\" srcset=\"https:\/\/francois-pelletant.fr\/blog\/wp-content\/uploads\/2017\/06\/Coco-30-mai-231x300.jpg 231w, https:\/\/francois-pelletant.fr\/blog\/wp-content\/uploads\/2017\/06\/Coco-30-mai-789x1024.jpg 789w, https:\/\/francois-pelletant.fr\/blog\/wp-content\/uploads\/2017\/06\/Coco-30-mai-768x997.jpg 768w, https:\/\/francois-pelletant.fr\/blog\/wp-content\/uploads\/2017\/06\/Coco-30-mai-600x779.jpg 600w, https:\/\/francois-pelletant.fr\/blog\/wp-content\/uploads\/2017\/06\/Coco-30-mai-1183x1536.jpg 1183w, https:\/\/francois-pelletant.fr\/blog\/wp-content\/uploads\/2017\/06\/Coco-30-mai.jpg 1385w\" sizes=\"auto, (max-width: 231px) 100vw, 231px\" \/><figcaption id=\"caption-attachment-10334\" class=\"wp-caption-text\">Coco 30 mai<\/figcaption><\/figure>\n<p>&nbsp;<\/p>\n<figure id=\"attachment_10335\" aria-describedby=\"caption-attachment-10335\" style=\"width: 300px\" class=\"wp-caption aligncenter\"><img loading=\"lazy\" decoding=\"async\" class=\"size-medium wp-image-10335\" src=\"https:\/\/francois-pelletant.fr\/blog\/wp-content\/uploads\/2017\/06\/Goutal-31-mai-300x153.jpg\" alt=\"Goutal 31 mai\" width=\"300\" height=\"153\" srcset=\"https:\/\/francois-pelletant.fr\/blog\/wp-content\/uploads\/2017\/06\/Goutal-31-mai-300x153.jpg 300w, https:\/\/francois-pelletant.fr\/blog\/wp-content\/uploads\/2017\/06\/Goutal-31-mai-1024x522.jpg 1024w, https:\/\/francois-pelletant.fr\/blog\/wp-content\/uploads\/2017\/06\/Goutal-31-mai-768x391.jpg 768w, https:\/\/francois-pelletant.fr\/blog\/wp-content\/uploads\/2017\/06\/Goutal-31-mai-600x306.jpg 600w, https:\/\/francois-pelletant.fr\/blog\/wp-content\/uploads\/2017\/06\/Goutal-31-mai.jpg 1131w\" sizes=\"auto, (max-width: 300px) 100vw, 300px\" \/><figcaption id=\"caption-attachment-10335\" class=\"wp-caption-text\">Goutal 31 mai<\/figcaption><\/figure>\n<p>&nbsp;<\/p>\n<figure id=\"attachment_10336\" aria-describedby=\"caption-attachment-10336\" style=\"width: 300px\" class=\"wp-caption aligncenter\"><img loading=\"lazy\" decoding=\"async\" class=\"size-medium wp-image-10336\" src=\"https:\/\/francois-pelletant.fr\/blog\/wp-content\/uploads\/2017\/06\/Lapert-30-mai-300x254.jpg\" alt=\"Lapert 30 mai\" width=\"300\" height=\"254\" srcset=\"https:\/\/francois-pelletant.fr\/blog\/wp-content\/uploads\/2017\/06\/Lapert-30-mai-300x254.jpg 300w, https:\/\/francois-pelletant.fr\/blog\/wp-content\/uploads\/2017\/06\/Lapert-30-mai-600x507.jpg 600w, https:\/\/francois-pelletant.fr\/blog\/wp-content\/uploads\/2017\/06\/Lapert-30-mai.jpg 640w\" sizes=\"auto, (max-width: 300px) 100vw, 300px\" \/><figcaption id=\"caption-attachment-10336\" class=\"wp-caption-text\">Lapert 30 mai<\/figcaption><\/figure>\n<p>&nbsp;<\/p>\n<figure id=\"attachment_10338\" aria-describedby=\"caption-attachment-10338\" style=\"width: 300px\" class=\"wp-caption aligncenter\"><img loading=\"lazy\" decoding=\"async\" class=\"size-medium wp-image-10338\" src=\"https:\/\/francois-pelletant.fr\/blog\/wp-content\/uploads\/2017\/06\/Le-canard-enchain\u00e9-31-mai-300x269.jpg\" alt=\"Le canard enchain\u00e9 31 mai\" width=\"300\" height=\"269\" srcset=\"https:\/\/francois-pelletant.fr\/blog\/wp-content\/uploads\/2017\/06\/Le-canard-enchain\u00e9-31-mai-300x269.jpg 300w, https:\/\/francois-pelletant.fr\/blog\/wp-content\/uploads\/2017\/06\/Le-canard-enchain\u00e9-31-mai-1024x918.jpg 1024w, https:\/\/francois-pelletant.fr\/blog\/wp-content\/uploads\/2017\/06\/Le-canard-enchain\u00e9-31-mai-768x688.jpg 768w, https:\/\/francois-pelletant.fr\/blog\/wp-content\/uploads\/2017\/06\/Le-canard-enchain\u00e9-31-mai-600x538.jpg 600w, https:\/\/francois-pelletant.fr\/blog\/wp-content\/uploads\/2017\/06\/Le-canard-enchain\u00e9-31-mai.jpg 1100w\" sizes=\"auto, (max-width: 300px) 100vw, 300px\" \/><figcaption id=\"caption-attachment-10338\" class=\"wp-caption-text\">Le canard enchain\u00e9 31 mai<\/figcaption><\/figure>\n<p>&nbsp;<\/p>\n<figure id=\"attachment_10339\" aria-describedby=\"caption-attachment-10339\" style=\"width: 300px\" class=\"wp-caption aligncenter\"><img loading=\"lazy\" decoding=\"async\" class=\"size-medium wp-image-10339\" src=\"https:\/\/francois-pelletant.fr\/blog\/wp-content\/uploads\/2017\/06\/Le-courrier-picard-31-mai-300x268.jpg\" alt=\"Le courrier picard 31 mai\" width=\"300\" height=\"268\" srcset=\"https:\/\/francois-pelletant.fr\/blog\/wp-content\/uploads\/2017\/06\/Le-courrier-picard-31-mai-300x268.jpg 300w, https:\/\/francois-pelletant.fr\/blog\/wp-content\/uploads\/2017\/06\/Le-courrier-picard-31-mai-600x535.jpg 600w, https:\/\/francois-pelletant.fr\/blog\/wp-content\/uploads\/2017\/06\/Le-courrier-picard-31-mai.jpg 720w\" sizes=\"auto, (max-width: 300px) 100vw, 300px\" \/><figcaption id=\"caption-attachment-10339\" class=\"wp-caption-text\">Le courrier picard 31 mai<\/figcaption><\/figure>\n<p>&nbsp;<\/p>\n<figure id=\"attachment_10340\" aria-describedby=\"caption-attachment-10340\" style=\"width: 300px\" class=\"wp-caption aligncenter\"><img loading=\"lazy\" decoding=\"async\" class=\"size-medium wp-image-10340\" src=\"https:\/\/francois-pelletant.fr\/blog\/wp-content\/uploads\/2017\/06\/Le-parisien-30-mai-300x239.jpg\" alt=\"Le parisien 30 mai\" width=\"300\" height=\"239\" srcset=\"https:\/\/francois-pelletant.fr\/blog\/wp-content\/uploads\/2017\/06\/Le-parisien-30-mai-300x239.jpg 300w, https:\/\/francois-pelletant.fr\/blog\/wp-content\/uploads\/2017\/06\/Le-parisien-30-mai-1024x815.jpg 1024w, https:\/\/francois-pelletant.fr\/blog\/wp-content\/uploads\/2017\/06\/Le-parisien-30-mai-768x611.jpg 768w, https:\/\/francois-pelletant.fr\/blog\/wp-content\/uploads\/2017\/06\/Le-parisien-30-mai-600x478.jpg 600w, https:\/\/francois-pelletant.fr\/blog\/wp-content\/uploads\/2017\/06\/Le-parisien-30-mai-1536x1223.jpg 1536w, https:\/\/francois-pelletant.fr\/blog\/wp-content\/uploads\/2017\/06\/Le-parisien-30-mai.jpg 2000w\" sizes=\"auto, (max-width: 300px) 100vw, 300px\" \/><figcaption id=\"caption-attachment-10340\" class=\"wp-caption-text\">Le parisien 30 mai<\/figcaption><\/figure>\n<p>&nbsp;<\/p>\n<figure id=\"attachment_10341\" aria-describedby=\"caption-attachment-10341\" style=\"width: 300px\" class=\"wp-caption aligncenter\"><img loading=\"lazy\" decoding=\"async\" class=\"size-medium wp-image-10341\" src=\"https:\/\/francois-pelletant.fr\/blog\/wp-content\/uploads\/2017\/06\/Placide-31-mai-300x210.jpg\" alt=\"Placide 31 mai\" width=\"300\" height=\"210\" srcset=\"https:\/\/francois-pelletant.fr\/blog\/wp-content\/uploads\/2017\/06\/Placide-31-mai-300x210.jpg 300w, https:\/\/francois-pelletant.fr\/blog\/wp-content\/uploads\/2017\/06\/Placide-31-mai-600x421.jpg 600w, https:\/\/francois-pelletant.fr\/blog\/wp-content\/uploads\/2017\/06\/Placide-31-mai.jpg 720w\" sizes=\"auto, (max-width: 300px) 100vw, 300px\" \/><figcaption id=\"caption-attachment-10341\" class=\"wp-caption-text\">Placide 31 mai<\/figcaption><\/figure>\n<p>&nbsp;<\/p>\n<figure id=\"attachment_10342\" aria-describedby=\"caption-attachment-10342\" style=\"width: 300px\" class=\"wp-caption aligncenter\"><img loading=\"lazy\" decoding=\"async\" class=\"size-medium wp-image-10342\" src=\"https:\/\/francois-pelletant.fr\/blog\/wp-content\/uploads\/2017\/06\/Urtikan-31-mai-300x300.jpg\" alt=\"Urtikan 31 mai\" width=\"300\" height=\"300\" srcset=\"https:\/\/francois-pelletant.fr\/blog\/wp-content\/uploads\/2017\/06\/Urtikan-31-mai-300x300.jpg 300w, https:\/\/francois-pelletant.fr\/blog\/wp-content\/uploads\/2017\/06\/Urtikan-31-mai-150x150.jpg 150w, https:\/\/francois-pelletant.fr\/blog\/wp-content\/uploads\/2017\/06\/Urtikan-31-mai-230x230.jpg 230w, https:\/\/francois-pelletant.fr\/blog\/wp-content\/uploads\/2017\/06\/Urtikan-31-mai-400x400.jpg 400w, https:\/\/francois-pelletant.fr\/blog\/wp-content\/uploads\/2017\/06\/Urtikan-31-mai.jpg 580w\" sizes=\"auto, (max-width: 300px) 100vw, 300px\" \/><figcaption id=\"caption-attachment-10342\" class=\"wp-caption-text\">Urtikan 31 mai<\/figcaption><\/figure>\n<p>&nbsp;<\/p>\n<figure id=\"attachment_10343\" aria-describedby=\"caption-attachment-10343\" style=\"width: 300px\" class=\"wp-caption aligncenter\"><img loading=\"lazy\" decoding=\"async\" class=\"size-medium wp-image-10343\" src=\"https:\/\/francois-pelletant.fr\/blog\/wp-content\/uploads\/2017\/06\/Ysope-30-mai-300x268.jpg\" alt=\"Ysope 30 mai\" width=\"300\" height=\"268\" srcset=\"https:\/\/francois-pelletant.fr\/blog\/wp-content\/uploads\/2017\/06\/Ysope-30-mai-300x268.jpg 300w, https:\/\/francois-pelletant.fr\/blog\/wp-content\/uploads\/2017\/06\/Ysope-30-mai.jpg 567w\" sizes=\"auto, (max-width: 300px) 100vw, 300px\" \/><figcaption id=\"caption-attachment-10343\" class=\"wp-caption-text\">Ysope 30 mai<\/figcaption><\/figure>\n","protected":false},"excerpt":{"rendered":"<p>Vous reprendrez bien un petit best of ? Comme chaque dimanche, je vous propose de faire un tour de l&#8217;actualit\u00e9 hebdomadaire \u00e0 travers une s\u00e9lection toute personnelle des meilleurs dessins parus dans la presse. &nbsp; &nbsp; &nbsp; &nbsp; &nbsp; &nbsp; &nbsp; &nbsp; &nbsp;<\/p>\n","protected":false},"author":1,"featured_media":10332,"comment_status":"open","ping_status":"closed","sticky":false,"template":"","format":"standard","meta":{"footnotes":""},"categories":[17],"tags":[],"class_list":["post-10331","post","type-post","status-publish","format-standard","has-post-thumbnail","hentry","category-prix-du-meilleur-dessin-de-presse"],"yoast_head":"<!-- This site is optimized with the Yoast SEO plugin v25.6 - https:\/\/yoast.com\/wordpress\/plugins\/seo\/ -->\n<title>Les dessins de presse de la semaine - Fran\u00e7ois Pelletant<\/title>\n<meta name=\"robots\" content=\"index, follow, max-snippet:-1, max-image-preview:large, max-video-preview:-1\" \/>\n<link rel=\"canonical\" href=\"https:\/\/francois-pelletant.fr\/blog\/dessins-de-presse-de-semaine-8\/\" \/>\n<meta property=\"og:locale\" content=\"fr_FR\" \/>\n<meta property=\"og:type\" content=\"article\" \/>\n<meta property=\"og:title\" content=\"Les dessins de presse de la semaine - Fran\u00e7ois Pelletant\" \/>\n<meta property=\"og:description\" content=\"Vous reprendrez bien un petit best of ? Comme chaque dimanche, je vous propose de faire un tour de l&#8217;actualit\u00e9 hebdomadaire \u00e0 travers une s\u00e9lection toute personnelle des meilleurs dessins parus dans la presse. &nbsp; &nbsp; &nbsp; &nbsp; &nbsp; &nbsp; &nbsp; &nbsp; &nbsp;\" \/>\n<meta property=\"og:url\" content=\"https:\/\/francois-pelletant.fr\/blog\/dessins-de-presse-de-semaine-8\/\" \/>\n<meta property=\"og:site_name\" content=\"Fran\u00e7ois Pelletant\" \/>\n<meta property=\"article:publisher\" content=\"https:\/\/www.facebook.com\/francois.pelletant.7\" \/>\n<meta property=\"article:published_time\" content=\"2017-06-04T07:40:16+00:00\" \/>\n<meta property=\"og:image\" content=\"https:\/\/francois-pelletant.fr\/blog\/wp-content\/uploads\/2017\/06\/Large-31-mai.jpg\" \/>\n\t<meta property=\"og:image:width\" content=\"2048\" \/>\n\t<meta property=\"og:image:height\" content=\"1597\" \/>\n\t<meta property=\"og:image:type\" content=\"image\/jpeg\" \/>\n<meta name=\"author\" content=\"Francois\" \/>\n<meta name=\"twitter:card\" content=\"summary_large_image\" \/>\n<meta name=\"twitter:creator\" content=\"@pelletant\" \/>\n<meta name=\"twitter:site\" content=\"@pelletant\" \/>\n<meta name=\"twitter:label1\" content=\"\u00c9crit par\" \/>\n\t<meta name=\"twitter:data1\" content=\"Francois\" \/>\n\t<meta name=\"twitter:label2\" content=\"Dur\u00e9e de lecture estim\u00e9e\" \/>\n\t<meta name=\"twitter:data2\" content=\"1 minute\" \/>\n<script type=\"application\/ld+json\" class=\"yoast-schema-graph\">{\"@context\":\"https:\/\/schema.org\",\"@graph\":[{\"@type\":\"Article\",\"@id\":\"https:\/\/francois-pelletant.fr\/blog\/dessins-de-presse-de-semaine-8\/#article\",\"isPartOf\":{\"@id\":\"https:\/\/francois-pelletant.fr\/blog\/dessins-de-presse-de-semaine-8\/\"},\"author\":{\"name\":\"Francois\",\"@id\":\"https:\/\/francois-pelletant.fr\/blog\/#\/schema\/person\/2be41acb171dff8f31aaed1f40cee9f3\"},\"headline\":\"Les dessins de presse de la semaine\",\"datePublished\":\"2017-06-04T07:40:16+00:00\",\"mainEntityOfPage\":{\"@id\":\"https:\/\/francois-pelletant.fr\/blog\/dessins-de-presse-de-semaine-8\/\"},\"wordCount\":145,\"commentCount\":0,\"publisher\":{\"@id\":\"https:\/\/francois-pelletant.fr\/blog\/#organization\"},\"image\":{\"@id\":\"https:\/\/francois-pelletant.fr\/blog\/dessins-de-presse-de-semaine-8\/#primaryimage\"},\"thumbnailUrl\":\"https:\/\/francois-pelletant.fr\/blog\/wp-content\/uploads\/2017\/06\/Large-31-mai.jpg\",\"articleSection\":[\"Prix du meilleur dessin de presse\"],\"inLanguage\":\"fr-FR\",\"potentialAction\":[{\"@type\":\"CommentAction\",\"name\":\"Comment\",\"target\":[\"https:\/\/francois-pelletant.fr\/blog\/dessins-de-presse-de-semaine-8\/#respond\"]}]},{\"@type\":\"WebPage\",\"@id\":\"https:\/\/francois-pelletant.fr\/blog\/dessins-de-presse-de-semaine-8\/\",\"url\":\"https:\/\/francois-pelletant.fr\/blog\/dessins-de-presse-de-semaine-8\/\",\"name\":\"Les dessins de presse de la semaine - Fran\u00e7ois Pelletant\",\"isPartOf\":{\"@id\":\"https:\/\/francois-pelletant.fr\/blog\/#website\"},\"primaryImageOfPage\":{\"@id\":\"https:\/\/francois-pelletant.fr\/blog\/dessins-de-presse-de-semaine-8\/#primaryimage\"},\"image\":{\"@id\":\"https:\/\/francois-pelletant.fr\/blog\/dessins-de-presse-de-semaine-8\/#primaryimage\"},\"thumbnailUrl\":\"https:\/\/francois-pelletant.fr\/blog\/wp-content\/uploads\/2017\/06\/Large-31-mai.jpg\",\"datePublished\":\"2017-06-04T07:40:16+00:00\",\"breadcrumb\":{\"@id\":\"https:\/\/francois-pelletant.fr\/blog\/dessins-de-presse-de-semaine-8\/#breadcrumb\"},\"inLanguage\":\"fr-FR\",\"potentialAction\":[{\"@type\":\"ReadAction\",\"target\":[\"https:\/\/francois-pelletant.fr\/blog\/dessins-de-presse-de-semaine-8\/\"]}]},{\"@type\":\"ImageObject\",\"inLanguage\":\"fr-FR\",\"@id\":\"https:\/\/francois-pelletant.fr\/blog\/dessins-de-presse-de-semaine-8\/#primaryimage\",\"url\":\"https:\/\/francois-pelletant.fr\/blog\/wp-content\/uploads\/2017\/06\/Large-31-mai.jpg\",\"contentUrl\":\"https:\/\/francois-pelletant.fr\/blog\/wp-content\/uploads\/2017\/06\/Large-31-mai.jpg\",\"width\":2048,\"height\":1597,\"caption\":\"Large 31 mai\"},{\"@type\":\"BreadcrumbList\",\"@id\":\"https:\/\/francois-pelletant.fr\/blog\/dessins-de-presse-de-semaine-8\/#breadcrumb\",\"itemListElement\":[{\"@type\":\"ListItem\",\"position\":1,\"name\":\"Accueil\",\"item\":\"https:\/\/francois-pelletant.fr\/blog\/\"},{\"@type\":\"ListItem\",\"position\":2,\"name\":\"Les dessins de presse de la semaine\"}]},{\"@type\":\"WebSite\",\"@id\":\"https:\/\/francois-pelletant.fr\/blog\/#website\",\"url\":\"https:\/\/francois-pelletant.fr\/blog\/\",\"name\":\"Fran\u00e7ois Pelletant\",\"description\":\"Maire de Linas, pour toujours.\",\"publisher\":{\"@id\":\"https:\/\/francois-pelletant.fr\/blog\/#organization\"},\"potentialAction\":[{\"@type\":\"SearchAction\",\"target\":{\"@type\":\"EntryPoint\",\"urlTemplate\":\"https:\/\/francois-pelletant.fr\/blog\/?s={search_term_string}\"},\"query-input\":{\"@type\":\"PropertyValueSpecification\",\"valueRequired\":true,\"valueName\":\"search_term_string\"}}],\"inLanguage\":\"fr-FR\"},{\"@type\":\"Organization\",\"@id\":\"https:\/\/francois-pelletant.fr\/blog\/#organization\",\"name\":\"Fran\u00e7ois Pelletant\",\"url\":\"https:\/\/francois-pelletant.fr\/blog\/\",\"logo\":{\"@type\":\"ImageObject\",\"inLanguage\":\"fr-FR\",\"@id\":\"https:\/\/francois-pelletant.fr\/blog\/#\/schema\/logo\/image\/\",\"url\":\"https:\/\/francois-pelletant.fr\/blog\/wp-content\/uploads\/2024\/07\/icone-francois-centre-500p.png\",\"contentUrl\":\"https:\/\/francois-pelletant.fr\/blog\/wp-content\/uploads\/2024\/07\/icone-francois-centre-500p.png\",\"width\":559,\"height\":447,\"caption\":\"Fran\u00e7ois Pelletant\"},\"image\":{\"@id\":\"https:\/\/francois-pelletant.fr\/blog\/#\/schema\/logo\/image\/\"},\"sameAs\":[\"https:\/\/www.facebook.com\/francois.pelletant.7\",\"https:\/\/x.com\/pelletant\"]},{\"@type\":\"Person\",\"@id\":\"https:\/\/francois-pelletant.fr\/blog\/#\/schema\/person\/2be41acb171dff8f31aaed1f40cee9f3\",\"name\":\"Francois\"}]}<\/script>\n<!-- \/ Yoast SEO plugin. -->","yoast_head_json":{"title":"Les dessins de presse de la semaine - Fran\u00e7ois Pelletant","robots":{"index":"index","follow":"follow","max-snippet":"max-snippet:-1","max-image-preview":"max-image-preview:large","max-video-preview":"max-video-preview:-1"},"canonical":"https:\/\/francois-pelletant.fr\/blog\/dessins-de-presse-de-semaine-8\/","og_locale":"fr_FR","og_type":"article","og_title":"Les dessins de presse de la semaine - Fran\u00e7ois Pelletant","og_description":"Vous reprendrez bien un petit best of ? Comme chaque dimanche, je vous propose de faire un tour de l&#8217;actualit\u00e9 hebdomadaire \u00e0 travers une s\u00e9lection toute personnelle des meilleurs dessins parus dans la presse. &nbsp; &nbsp; &nbsp; &nbsp; &nbsp; &nbsp; &nbsp; &nbsp; &nbsp;","og_url":"https:\/\/francois-pelletant.fr\/blog\/dessins-de-presse-de-semaine-8\/","og_site_name":"Fran\u00e7ois Pelletant","article_publisher":"https:\/\/www.facebook.com\/francois.pelletant.7","article_published_time":"2017-06-04T07:40:16+00:00","og_image":[{"width":2048,"height":1597,"url":"https:\/\/francois-pelletant.fr\/blog\/wp-content\/uploads\/2017\/06\/Large-31-mai.jpg","type":"image\/jpeg"}],"author":"Francois","twitter_card":"summary_large_image","twitter_creator":"@pelletant","twitter_site":"@pelletant","twitter_misc":{"\u00c9crit par":"Francois","Dur\u00e9e de lecture estim\u00e9e":"1 minute"},"schema":{"@context":"https:\/\/schema.org","@graph":[{"@type":"Article","@id":"https:\/\/francois-pelletant.fr\/blog\/dessins-de-presse-de-semaine-8\/#article","isPartOf":{"@id":"https:\/\/francois-pelletant.fr\/blog\/dessins-de-presse-de-semaine-8\/"},"author":{"name":"Francois","@id":"https:\/\/francois-pelletant.fr\/blog\/#\/schema\/person\/2be41acb171dff8f31aaed1f40cee9f3"},"headline":"Les dessins de presse de la semaine","datePublished":"2017-06-04T07:40:16+00:00","mainEntityOfPage":{"@id":"https:\/\/francois-pelletant.fr\/blog\/dessins-de-presse-de-semaine-8\/"},"wordCount":145,"commentCount":0,"publisher":{"@id":"https:\/\/francois-pelletant.fr\/blog\/#organization"},"image":{"@id":"https:\/\/francois-pelletant.fr\/blog\/dessins-de-presse-de-semaine-8\/#primaryimage"},"thumbnailUrl":"https:\/\/francois-pelletant.fr\/blog\/wp-content\/uploads\/2017\/06\/Large-31-mai.jpg","articleSection":["Prix du meilleur dessin de presse"],"inLanguage":"fr-FR","potentialAction":[{"@type":"CommentAction","name":"Comment","target":["https:\/\/francois-pelletant.fr\/blog\/dessins-de-presse-de-semaine-8\/#respond"]}]},{"@type":"WebPage","@id":"https:\/\/francois-pelletant.fr\/blog\/dessins-de-presse-de-semaine-8\/","url":"https:\/\/francois-pelletant.fr\/blog\/dessins-de-presse-de-semaine-8\/","name":"Les dessins de presse de la semaine - Fran\u00e7ois Pelletant","isPartOf":{"@id":"https:\/\/francois-pelletant.fr\/blog\/#website"},"primaryImageOfPage":{"@id":"https:\/\/francois-pelletant.fr\/blog\/dessins-de-presse-de-semaine-8\/#primaryimage"},"image":{"@id":"https:\/\/francois-pelletant.fr\/blog\/dessins-de-presse-de-semaine-8\/#primaryimage"},"thumbnailUrl":"https:\/\/francois-pelletant.fr\/blog\/wp-content\/uploads\/2017\/06\/Large-31-mai.jpg","datePublished":"2017-06-04T07:40:16+00:00","breadcrumb":{"@id":"https:\/\/francois-pelletant.fr\/blog\/dessins-de-presse-de-semaine-8\/#breadcrumb"},"inLanguage":"fr-FR","potentialAction":[{"@type":"ReadAction","target":["https:\/\/francois-pelletant.fr\/blog\/dessins-de-presse-de-semaine-8\/"]}]},{"@type":"ImageObject","inLanguage":"fr-FR","@id":"https:\/\/francois-pelletant.fr\/blog\/dessins-de-presse-de-semaine-8\/#primaryimage","url":"https:\/\/francois-pelletant.fr\/blog\/wp-content\/uploads\/2017\/06\/Large-31-mai.jpg","contentUrl":"https:\/\/francois-pelletant.fr\/blog\/wp-content\/uploads\/2017\/06\/Large-31-mai.jpg","width":2048,"height":1597,"caption":"Large 31 mai"},{"@type":"BreadcrumbList","@id":"https:\/\/francois-pelletant.fr\/blog\/dessins-de-presse-de-semaine-8\/#breadcrumb","itemListElement":[{"@type":"ListItem","position":1,"name":"Accueil","item":"https:\/\/francois-pelletant.fr\/blog\/"},{"@type":"ListItem","position":2,"name":"Les dessins de presse de la semaine"}]},{"@type":"WebSite","@id":"https:\/\/francois-pelletant.fr\/blog\/#website","url":"https:\/\/francois-pelletant.fr\/blog\/","name":"Fran\u00e7ois Pelletant","description":"Maire de Linas, pour toujours.","publisher":{"@id":"https:\/\/francois-pelletant.fr\/blog\/#organization"},"potentialAction":[{"@type":"SearchAction","target":{"@type":"EntryPoint","urlTemplate":"https:\/\/francois-pelletant.fr\/blog\/?s={search_term_string}"},"query-input":{"@type":"PropertyValueSpecification","valueRequired":true,"valueName":"search_term_string"}}],"inLanguage":"fr-FR"},{"@type":"Organization","@id":"https:\/\/francois-pelletant.fr\/blog\/#organization","name":"Fran\u00e7ois Pelletant","url":"https:\/\/francois-pelletant.fr\/blog\/","logo":{"@type":"ImageObject","inLanguage":"fr-FR","@id":"https:\/\/francois-pelletant.fr\/blog\/#\/schema\/logo\/image\/","url":"https:\/\/francois-pelletant.fr\/blog\/wp-content\/uploads\/2024\/07\/icone-francois-centre-500p.png","contentUrl":"https:\/\/francois-pelletant.fr\/blog\/wp-content\/uploads\/2024\/07\/icone-francois-centre-500p.png","width":559,"height":447,"caption":"Fran\u00e7ois Pelletant"},"image":{"@id":"https:\/\/francois-pelletant.fr\/blog\/#\/schema\/logo\/image\/"},"sameAs":["https:\/\/www.facebook.com\/francois.pelletant.7","https:\/\/x.com\/pelletant"]},{"@type":"Person","@id":"https:\/\/francois-pelletant.fr\/blog\/#\/schema\/person\/2be41acb171dff8f31aaed1f40cee9f3","name":"Francois"}]}},"_links":{"self":[{"href":"https:\/\/francois-pelletant.fr\/blog\/wp-json\/wp\/v2\/posts\/10331","targetHints":{"allow":["GET"]}}],"collection":[{"href":"https:\/\/francois-pelletant.fr\/blog\/wp-json\/wp\/v2\/posts"}],"about":[{"href":"https:\/\/francois-pelletant.fr\/blog\/wp-json\/wp\/v2\/types\/post"}],"author":[{"embeddable":true,"href":"https:\/\/francois-pelletant.fr\/blog\/wp-json\/wp\/v2\/users\/1"}],"replies":[{"embeddable":true,"href":"https:\/\/francois-pelletant.fr\/blog\/wp-json\/wp\/v2\/comments?post=10331"}],"version-history":[{"count":0,"href":"https:\/\/francois-pelletant.fr\/blog\/wp-json\/wp\/v2\/posts\/10331\/revisions"}],"wp:featuredmedia":[{"embeddable":true,"href":"https:\/\/francois-pelletant.fr\/blog\/wp-json\/wp\/v2\/media\/10332"}],"wp:attachment":[{"href":"https:\/\/francois-pelletant.fr\/blog\/wp-json\/wp\/v2\/media?parent=10331"}],"wp:term":[{"taxonomy":"category","embeddable":true,"href":"https:\/\/francois-pelletant.fr\/blog\/wp-json\/wp\/v2\/categories?post=10331"},{"taxonomy":"post_tag","embeddable":true,"href":"https:\/\/francois-pelletant.fr\/blog\/wp-json\/wp\/v2\/tags?post=10331"}],"curies":[{"name":"wp","href":"https:\/\/api.w.org\/{rel}","templated":true}]}}