{"id":10781,"date":"2017-10-22T07:50:09","date_gmt":"2017-10-22T07:50:09","guid":{"rendered":"https:\/\/francois-pelletant.fr\/blog\/?p=10781"},"modified":"2017-10-19T11:54:25","modified_gmt":"2017-10-19T11:54:25","slug":"selection-dessins-de-presse","status":"publish","type":"post","link":"https:\/\/francois-pelletant.fr\/blog\/selection-dessins-de-presse\/","title":{"rendered":"Ma s\u00e9lection des dessins de presse"},"content":{"rendered":"<figure id=\"attachment_10783\" aria-describedby=\"caption-attachment-10783\" style=\"width: 300px\" class=\"wp-caption alignleft\"><img loading=\"lazy\" decoding=\"async\" class=\"size-medium wp-image-10783\" src=\"https:\/\/francois-pelletant.fr\/blog\/wp-content\/uploads\/2017\/10\/Faro-17-octobre-300x236.jpg\" alt=\"Faro 17 octobre\" width=\"300\" height=\"236\" srcset=\"https:\/\/francois-pelletant.fr\/blog\/wp-content\/uploads\/2017\/10\/Faro-17-octobre-300x236.jpg 300w, https:\/\/francois-pelletant.fr\/blog\/wp-content\/uploads\/2017\/10\/Faro-17-octobre-600x472.jpg 600w, https:\/\/francois-pelletant.fr\/blog\/wp-content\/uploads\/2017\/10\/Faro-17-octobre-570x450.jpg 570w, https:\/\/francois-pelletant.fr\/blog\/wp-content\/uploads\/2017\/10\/Faro-17-octobre.jpg 757w\" sizes=\"auto, (max-width: 300px) 100vw, 300px\" \/><figcaption id=\"caption-attachment-10783\" class=\"wp-caption-text\">Faro 17 octobre<\/figcaption><\/figure>\n<p>Ce dimanche, je vous propose 10 nouveaux dessins commentant l&#8217;actualit\u00e9 parus dans la presse hexagonale. Un bon condens\u00e9 des informations r\u00e9centes avec une touche d&#8217;humour&#8230;<\/p>\n<p>&nbsp;<\/p>\n<figure id=\"attachment_10784\" aria-describedby=\"caption-attachment-10784\" style=\"width: 300px\" class=\"wp-caption aligncenter\"><img loading=\"lazy\" decoding=\"async\" class=\"size-medium wp-image-10784\" src=\"https:\/\/francois-pelletant.fr\/blog\/wp-content\/uploads\/2017\/10\/Deligne-18-octobre-300x221.jpg\" alt=\"Deligne 18 octobre\" width=\"300\" height=\"221\" srcset=\"https:\/\/francois-pelletant.fr\/blog\/wp-content\/uploads\/2017\/10\/Deligne-18-octobre-300x221.jpg 300w, https:\/\/francois-pelletant.fr\/blog\/wp-content\/uploads\/2017\/10\/Deligne-18-octobre-600x442.jpg 600w, https:\/\/francois-pelletant.fr\/blog\/wp-content\/uploads\/2017\/10\/Deligne-18-octobre.jpg 762w\" sizes=\"auto, (max-width: 300px) 100vw, 300px\" \/><figcaption id=\"caption-attachment-10784\" class=\"wp-caption-text\">Deligne 18 octobre<\/figcaption><\/figure>\n<p>&nbsp;<\/p>\n<figure id=\"attachment_10785\" aria-describedby=\"caption-attachment-10785\" style=\"width: 300px\" class=\"wp-caption aligncenter\"><img loading=\"lazy\" decoding=\"async\" class=\"size-medium wp-image-10785\" src=\"https:\/\/francois-pelletant.fr\/blog\/wp-content\/uploads\/2017\/10\/Delucq-16-octobre-300x247.jpg\" alt=\"Delucq 16 octobre\" width=\"300\" height=\"247\" srcset=\"https:\/\/francois-pelletant.fr\/blog\/wp-content\/uploads\/2017\/10\/Delucq-16-octobre-300x247.jpg 300w, https:\/\/francois-pelletant.fr\/blog\/wp-content\/uploads\/2017\/10\/Delucq-16-octobre.jpg 539w\" sizes=\"auto, (max-width: 300px) 100vw, 300px\" \/><figcaption id=\"caption-attachment-10785\" class=\"wp-caption-text\">Delucq 16 octobre<\/figcaption><\/figure>\n<p>&nbsp;<\/p>\n<figure id=\"attachment_10786\" aria-describedby=\"caption-attachment-10786\" style=\"width: 300px\" class=\"wp-caption aligncenter\"><img loading=\"lazy\" decoding=\"async\" class=\"size-medium wp-image-10786\" src=\"https:\/\/francois-pelletant.fr\/blog\/wp-content\/uploads\/2017\/10\/Kak-17-octobre-300x226.jpg\" alt=\"Kak 17 octobre\" width=\"300\" height=\"226\" srcset=\"https:\/\/francois-pelletant.fr\/blog\/wp-content\/uploads\/2017\/10\/Kak-17-octobre-300x226.jpg 300w, https:\/\/francois-pelletant.fr\/blog\/wp-content\/uploads\/2017\/10\/Kak-17-octobre-768x579.jpg 768w, https:\/\/francois-pelletant.fr\/blog\/wp-content\/uploads\/2017\/10\/Kak-17-octobre-600x452.jpg 600w, https:\/\/francois-pelletant.fr\/blog\/wp-content\/uploads\/2017\/10\/Kak-17-octobre.jpg 800w\" sizes=\"auto, (max-width: 300px) 100vw, 300px\" \/><figcaption id=\"caption-attachment-10786\" class=\"wp-caption-text\">Kak 17 octobre<\/figcaption><\/figure>\n<p>&nbsp;<\/p>\n<figure id=\"attachment_10787\" aria-describedby=\"caption-attachment-10787\" style=\"width: 300px\" class=\"wp-caption aligncenter\"><img loading=\"lazy\" decoding=\"async\" class=\"size-medium wp-image-10787\" src=\"https:\/\/francois-pelletant.fr\/blog\/wp-content\/uploads\/2017\/10\/Le-canard-enchain\u00e9-18-octobre-300x294.jpg\" alt=\"Le canard enchain\u00e9 18 octobre\" width=\"300\" height=\"294\" srcset=\"https:\/\/francois-pelletant.fr\/blog\/wp-content\/uploads\/2017\/10\/Le-canard-enchain\u00e9-18-octobre-300x294.jpg 300w, https:\/\/francois-pelletant.fr\/blog\/wp-content\/uploads\/2017\/10\/Le-canard-enchain\u00e9-18-octobre-768x754.jpg 768w, https:\/\/francois-pelletant.fr\/blog\/wp-content\/uploads\/2017\/10\/Le-canard-enchain\u00e9-18-octobre-600x589.jpg 600w, https:\/\/francois-pelletant.fr\/blog\/wp-content\/uploads\/2017\/10\/Le-canard-enchain\u00e9-18-octobre.jpg 852w\" sizes=\"auto, (max-width: 300px) 100vw, 300px\" \/><figcaption id=\"caption-attachment-10787\" class=\"wp-caption-text\">Le canard enchain\u00e9 18 octobre<\/figcaption><\/figure>\n<p>&nbsp;<\/p>\n<figure id=\"attachment_10788\" aria-describedby=\"caption-attachment-10788\" style=\"width: 300px\" class=\"wp-caption aligncenter\"><img loading=\"lazy\" decoding=\"async\" class=\"size-medium wp-image-10788\" src=\"https:\/\/francois-pelletant.fr\/blog\/wp-content\/uploads\/2017\/10\/le-parisien-16-octobre-300x257.jpg\" alt=\"le parisien 16 octobre\" width=\"300\" height=\"257\" srcset=\"https:\/\/francois-pelletant.fr\/blog\/wp-content\/uploads\/2017\/10\/le-parisien-16-octobre-300x257.jpg 300w, https:\/\/francois-pelletant.fr\/blog\/wp-content\/uploads\/2017\/10\/le-parisien-16-octobre-600x514.jpg 600w, https:\/\/francois-pelletant.fr\/blog\/wp-content\/uploads\/2017\/10\/le-parisien-16-octobre.jpg 610w\" sizes=\"auto, (max-width: 300px) 100vw, 300px\" \/><figcaption id=\"caption-attachment-10788\" class=\"wp-caption-text\">le parisien 16 octobre<\/figcaption><\/figure>\n<p>&nbsp;<\/p>\n<figure id=\"attachment_10789\" aria-describedby=\"caption-attachment-10789\" style=\"width: 300px\" class=\"wp-caption aligncenter\"><img loading=\"lazy\" decoding=\"async\" class=\"size-medium wp-image-10789\" src=\"https:\/\/francois-pelletant.fr\/blog\/wp-content\/uploads\/2017\/10\/ledessindelasemaine-17-octobre-300x252.jpg\" alt=\"ledessindelasemaine 17 octobre\" width=\"300\" height=\"252\" srcset=\"https:\/\/francois-pelletant.fr\/blog\/wp-content\/uploads\/2017\/10\/ledessindelasemaine-17-octobre-300x252.jpg 300w, https:\/\/francois-pelletant.fr\/blog\/wp-content\/uploads\/2017\/10\/ledessindelasemaine-17-octobre-768x646.jpg 768w, https:\/\/francois-pelletant.fr\/blog\/wp-content\/uploads\/2017\/10\/ledessindelasemaine-17-octobre-600x505.jpg 600w, https:\/\/francois-pelletant.fr\/blog\/wp-content\/uploads\/2017\/10\/ledessindelasemaine-17-octobre.jpg 782w\" sizes=\"auto, (max-width: 300px) 100vw, 300px\" \/><figcaption id=\"caption-attachment-10789\" class=\"wp-caption-text\">ledessindelasemaine 17 octobre<\/figcaption><\/figure>\n<p>&nbsp;<\/p>\n<figure id=\"attachment_10790\" aria-describedby=\"caption-attachment-10790\" style=\"width: 300px\" class=\"wp-caption aligncenter\"><img loading=\"lazy\" decoding=\"async\" class=\"size-medium wp-image-10790\" src=\"https:\/\/francois-pelletant.fr\/blog\/wp-content\/uploads\/2017\/10\/Plantu-18-octobre-300x195.jpg\" alt=\"Plantu 18 octobre\" width=\"300\" height=\"195\" srcset=\"https:\/\/francois-pelletant.fr\/blog\/wp-content\/uploads\/2017\/10\/Plantu-18-octobre-300x195.jpg 300w, https:\/\/francois-pelletant.fr\/blog\/wp-content\/uploads\/2017\/10\/Plantu-18-octobre-1024x665.jpg 1024w, https:\/\/francois-pelletant.fr\/blog\/wp-content\/uploads\/2017\/10\/Plantu-18-octobre-768x498.jpg 768w, https:\/\/francois-pelletant.fr\/blog\/wp-content\/uploads\/2017\/10\/Plantu-18-octobre-600x389.jpg 600w, https:\/\/francois-pelletant.fr\/blog\/wp-content\/uploads\/2017\/10\/Plantu-18-octobre.jpg 1339w\" sizes=\"auto, (max-width: 300px) 100vw, 300px\" \/><figcaption id=\"caption-attachment-10790\" class=\"wp-caption-text\">Plantu 18 octobre<\/figcaption><\/figure>\n<p>&nbsp;<\/p>\n<figure id=\"attachment_10791\" aria-describedby=\"caption-attachment-10791\" style=\"width: 300px\" class=\"wp-caption aligncenter\"><img loading=\"lazy\" decoding=\"async\" class=\"size-medium wp-image-10791\" src=\"https:\/\/francois-pelletant.fr\/blog\/wp-content\/uploads\/2017\/10\/Urtikan-13-octobre-300x300.jpg\" alt=\"Urtikan 13 octobre\" width=\"300\" height=\"300\" srcset=\"https:\/\/francois-pelletant.fr\/blog\/wp-content\/uploads\/2017\/10\/Urtikan-13-octobre-300x300.jpg 300w, https:\/\/francois-pelletant.fr\/blog\/wp-content\/uploads\/2017\/10\/Urtikan-13-octobre-150x150.jpg 150w, https:\/\/francois-pelletant.fr\/blog\/wp-content\/uploads\/2017\/10\/Urtikan-13-octobre-230x230.jpg 230w, https:\/\/francois-pelletant.fr\/blog\/wp-content\/uploads\/2017\/10\/Urtikan-13-octobre-400x400.jpg 400w, https:\/\/francois-pelletant.fr\/blog\/wp-content\/uploads\/2017\/10\/Urtikan-13-octobre.jpg 580w\" sizes=\"auto, (max-width: 300px) 100vw, 300px\" \/><figcaption id=\"caption-attachment-10791\" class=\"wp-caption-text\">Urtikan 13 octobre<\/figcaption><\/figure>\n<p>&nbsp;<\/p>\n<figure id=\"attachment_10792\" aria-describedby=\"caption-attachment-10792\" style=\"width: 285px\" class=\"wp-caption aligncenter\"><img loading=\"lazy\" decoding=\"async\" class=\"size-medium wp-image-10792\" src=\"https:\/\/francois-pelletant.fr\/blog\/wp-content\/uploads\/2017\/10\/le-parisien-18-octobre-285x300.jpg\" alt=\"Urtikan 13 octobre\" width=\"285\" height=\"300\" srcset=\"https:\/\/francois-pelletant.fr\/blog\/wp-content\/uploads\/2017\/10\/le-parisien-18-octobre-285x300.jpg 285w, https:\/\/francois-pelletant.fr\/blog\/wp-content\/uploads\/2017\/10\/le-parisien-18-octobre-600x631.jpg 600w, https:\/\/francois-pelletant.fr\/blog\/wp-content\/uploads\/2017\/10\/le-parisien-18-octobre.jpg 618w\" sizes=\"auto, (max-width: 285px) 100vw, 285px\" \/><figcaption id=\"caption-attachment-10792\" class=\"wp-caption-text\">Urtikan 13 octobre<\/figcaption><\/figure>\n<p>&nbsp;<\/p>\n<p>&nbsp;<\/p>\n","protected":false},"excerpt":{"rendered":"<p>Ce dimanche, je vous propose 10 nouveaux dessins commentant l&#8217;actualit\u00e9 parus dans la presse hexagonale. Un bon condens\u00e9 des informations r\u00e9centes avec une touche d&#8217;humour&#8230; &nbsp; &nbsp; &nbsp; &nbsp; &nbsp; &nbsp; &nbsp; &nbsp; &nbsp; &nbsp; &nbsp;<\/p>\n","protected":false},"author":1,"featured_media":10783,"comment_status":"open","ping_status":"closed","sticky":false,"template":"","format":"standard","meta":{"footnotes":""},"categories":[10,17],"tags":[],"class_list":["post-10781","post","type-post","status-publish","format-standard","has-post-thumbnail","hentry","category-1pelletant","category-prix-du-meilleur-dessin-de-presse"],"yoast_head":"<!-- This site is optimized with the Yoast SEO plugin v25.6 - https:\/\/yoast.com\/wordpress\/plugins\/seo\/ -->\n<title>Ma s\u00e9lection des dessins de presse - Fran\u00e7ois Pelletant<\/title>\n<meta name=\"robots\" content=\"index, follow, max-snippet:-1, max-image-preview:large, max-video-preview:-1\" \/>\n<link rel=\"canonical\" href=\"https:\/\/francois-pelletant.fr\/blog\/selection-dessins-de-presse\/\" \/>\n<meta property=\"og:locale\" content=\"fr_FR\" \/>\n<meta property=\"og:type\" content=\"article\" \/>\n<meta property=\"og:title\" content=\"Ma s\u00e9lection des dessins de presse - Fran\u00e7ois Pelletant\" \/>\n<meta property=\"og:description\" content=\"Ce dimanche, je vous propose 10 nouveaux dessins commentant l&#8217;actualit\u00e9 parus dans la presse hexagonale. Un bon condens\u00e9 des informations r\u00e9centes avec une touche d&#8217;humour&#8230; &nbsp; &nbsp; &nbsp; &nbsp; &nbsp; &nbsp; &nbsp; &nbsp; &nbsp; &nbsp; &nbsp;\" \/>\n<meta property=\"og:url\" content=\"https:\/\/francois-pelletant.fr\/blog\/selection-dessins-de-presse\/\" \/>\n<meta property=\"og:site_name\" content=\"Fran\u00e7ois Pelletant\" \/>\n<meta property=\"article:publisher\" content=\"https:\/\/www.facebook.com\/francois.pelletant.7\" \/>\n<meta property=\"article:published_time\" content=\"2017-10-22T07:50:09+00:00\" \/>\n<meta property=\"og:image\" content=\"https:\/\/francois-pelletant.fr\/blog\/wp-content\/uploads\/2017\/10\/Faro-17-octobre.jpg\" \/>\n\t<meta property=\"og:image:width\" content=\"757\" \/>\n\t<meta property=\"og:image:height\" content=\"595\" \/>\n\t<meta property=\"og:image:type\" content=\"image\/jpeg\" \/>\n<meta name=\"author\" content=\"Francois\" \/>\n<meta name=\"twitter:card\" content=\"summary_large_image\" \/>\n<meta name=\"twitter:creator\" content=\"@pelletant\" \/>\n<meta name=\"twitter:site\" content=\"@pelletant\" \/>\n<meta name=\"twitter:label1\" content=\"\u00c9crit par\" \/>\n\t<meta name=\"twitter:data1\" content=\"Francois\" \/>\n\t<meta name=\"twitter:label2\" content=\"Dur\u00e9e de lecture estim\u00e9e\" \/>\n\t<meta name=\"twitter:data2\" content=\"1 minute\" \/>\n<script type=\"application\/ld+json\" class=\"yoast-schema-graph\">{\"@context\":\"https:\/\/schema.org\",\"@graph\":[{\"@type\":\"Article\",\"@id\":\"https:\/\/francois-pelletant.fr\/blog\/selection-dessins-de-presse\/#article\",\"isPartOf\":{\"@id\":\"https:\/\/francois-pelletant.fr\/blog\/selection-dessins-de-presse\/\"},\"author\":{\"name\":\"Francois\",\"@id\":\"https:\/\/francois-pelletant.fr\/blog\/#\/schema\/person\/2be41acb171dff8f31aaed1f40cee9f3\"},\"headline\":\"Ma s\u00e9lection des dessins de presse\",\"datePublished\":\"2017-10-22T07:50:09+00:00\",\"mainEntityOfPage\":{\"@id\":\"https:\/\/francois-pelletant.fr\/blog\/selection-dessins-de-presse\/\"},\"wordCount\":138,\"commentCount\":0,\"publisher\":{\"@id\":\"https:\/\/francois-pelletant.fr\/blog\/#organization\"},\"image\":{\"@id\":\"https:\/\/francois-pelletant.fr\/blog\/selection-dessins-de-presse\/#primaryimage\"},\"thumbnailUrl\":\"https:\/\/francois-pelletant.fr\/blog\/wp-content\/uploads\/2017\/10\/Faro-17-octobre.jpg\",\"articleSection\":[\"Infos\",\"Prix du meilleur dessin de presse\"],\"inLanguage\":\"fr-FR\",\"potentialAction\":[{\"@type\":\"CommentAction\",\"name\":\"Comment\",\"target\":[\"https:\/\/francois-pelletant.fr\/blog\/selection-dessins-de-presse\/#respond\"]}]},{\"@type\":\"WebPage\",\"@id\":\"https:\/\/francois-pelletant.fr\/blog\/selection-dessins-de-presse\/\",\"url\":\"https:\/\/francois-pelletant.fr\/blog\/selection-dessins-de-presse\/\",\"name\":\"Ma s\u00e9lection des dessins de presse - Fran\u00e7ois Pelletant\",\"isPartOf\":{\"@id\":\"https:\/\/francois-pelletant.fr\/blog\/#website\"},\"primaryImageOfPage\":{\"@id\":\"https:\/\/francois-pelletant.fr\/blog\/selection-dessins-de-presse\/#primaryimage\"},\"image\":{\"@id\":\"https:\/\/francois-pelletant.fr\/blog\/selection-dessins-de-presse\/#primaryimage\"},\"thumbnailUrl\":\"https:\/\/francois-pelletant.fr\/blog\/wp-content\/uploads\/2017\/10\/Faro-17-octobre.jpg\",\"datePublished\":\"2017-10-22T07:50:09+00:00\",\"breadcrumb\":{\"@id\":\"https:\/\/francois-pelletant.fr\/blog\/selection-dessins-de-presse\/#breadcrumb\"},\"inLanguage\":\"fr-FR\",\"potentialAction\":[{\"@type\":\"ReadAction\",\"target\":[\"https:\/\/francois-pelletant.fr\/blog\/selection-dessins-de-presse\/\"]}]},{\"@type\":\"ImageObject\",\"inLanguage\":\"fr-FR\",\"@id\":\"https:\/\/francois-pelletant.fr\/blog\/selection-dessins-de-presse\/#primaryimage\",\"url\":\"https:\/\/francois-pelletant.fr\/blog\/wp-content\/uploads\/2017\/10\/Faro-17-octobre.jpg\",\"contentUrl\":\"https:\/\/francois-pelletant.fr\/blog\/wp-content\/uploads\/2017\/10\/Faro-17-octobre.jpg\",\"width\":757,\"height\":595,\"caption\":\"Faro 17 octobre\"},{\"@type\":\"BreadcrumbList\",\"@id\":\"https:\/\/francois-pelletant.fr\/blog\/selection-dessins-de-presse\/#breadcrumb\",\"itemListElement\":[{\"@type\":\"ListItem\",\"position\":1,\"name\":\"Accueil\",\"item\":\"https:\/\/francois-pelletant.fr\/blog\/\"},{\"@type\":\"ListItem\",\"position\":2,\"name\":\"Ma s\u00e9lection des dessins de presse\"}]},{\"@type\":\"WebSite\",\"@id\":\"https:\/\/francois-pelletant.fr\/blog\/#website\",\"url\":\"https:\/\/francois-pelletant.fr\/blog\/\",\"name\":\"Fran\u00e7ois Pelletant\",\"description\":\"Maire de Linas, pour toujours.\",\"publisher\":{\"@id\":\"https:\/\/francois-pelletant.fr\/blog\/#organization\"},\"potentialAction\":[{\"@type\":\"SearchAction\",\"target\":{\"@type\":\"EntryPoint\",\"urlTemplate\":\"https:\/\/francois-pelletant.fr\/blog\/?s={search_term_string}\"},\"query-input\":{\"@type\":\"PropertyValueSpecification\",\"valueRequired\":true,\"valueName\":\"search_term_string\"}}],\"inLanguage\":\"fr-FR\"},{\"@type\":\"Organization\",\"@id\":\"https:\/\/francois-pelletant.fr\/blog\/#organization\",\"name\":\"Fran\u00e7ois Pelletant\",\"url\":\"https:\/\/francois-pelletant.fr\/blog\/\",\"logo\":{\"@type\":\"ImageObject\",\"inLanguage\":\"fr-FR\",\"@id\":\"https:\/\/francois-pelletant.fr\/blog\/#\/schema\/logo\/image\/\",\"url\":\"https:\/\/francois-pelletant.fr\/blog\/wp-content\/uploads\/2024\/07\/icone-francois-centre-500p.png\",\"contentUrl\":\"https:\/\/francois-pelletant.fr\/blog\/wp-content\/uploads\/2024\/07\/icone-francois-centre-500p.png\",\"width\":559,\"height\":447,\"caption\":\"Fran\u00e7ois Pelletant\"},\"image\":{\"@id\":\"https:\/\/francois-pelletant.fr\/blog\/#\/schema\/logo\/image\/\"},\"sameAs\":[\"https:\/\/www.facebook.com\/francois.pelletant.7\",\"https:\/\/x.com\/pelletant\"]},{\"@type\":\"Person\",\"@id\":\"https:\/\/francois-pelletant.fr\/blog\/#\/schema\/person\/2be41acb171dff8f31aaed1f40cee9f3\",\"name\":\"Francois\"}]}<\/script>\n<!-- \/ Yoast SEO plugin. -->","yoast_head_json":{"title":"Ma s\u00e9lection des dessins de presse - Fran\u00e7ois Pelletant","robots":{"index":"index","follow":"follow","max-snippet":"max-snippet:-1","max-image-preview":"max-image-preview:large","max-video-preview":"max-video-preview:-1"},"canonical":"https:\/\/francois-pelletant.fr\/blog\/selection-dessins-de-presse\/","og_locale":"fr_FR","og_type":"article","og_title":"Ma s\u00e9lection des dessins de presse - Fran\u00e7ois Pelletant","og_description":"Ce dimanche, je vous propose 10 nouveaux dessins commentant l&#8217;actualit\u00e9 parus dans la presse hexagonale. Un bon condens\u00e9 des informations r\u00e9centes avec une touche d&#8217;humour&#8230; &nbsp; &nbsp; &nbsp; &nbsp; &nbsp; &nbsp; &nbsp; &nbsp; &nbsp; &nbsp; &nbsp;","og_url":"https:\/\/francois-pelletant.fr\/blog\/selection-dessins-de-presse\/","og_site_name":"Fran\u00e7ois Pelletant","article_publisher":"https:\/\/www.facebook.com\/francois.pelletant.7","article_published_time":"2017-10-22T07:50:09+00:00","og_image":[{"width":757,"height":595,"url":"https:\/\/francois-pelletant.fr\/blog\/wp-content\/uploads\/2017\/10\/Faro-17-octobre.jpg","type":"image\/jpeg"}],"author":"Francois","twitter_card":"summary_large_image","twitter_creator":"@pelletant","twitter_site":"@pelletant","twitter_misc":{"\u00c9crit par":"Francois","Dur\u00e9e de lecture estim\u00e9e":"1 minute"},"schema":{"@context":"https:\/\/schema.org","@graph":[{"@type":"Article","@id":"https:\/\/francois-pelletant.fr\/blog\/selection-dessins-de-presse\/#article","isPartOf":{"@id":"https:\/\/francois-pelletant.fr\/blog\/selection-dessins-de-presse\/"},"author":{"name":"Francois","@id":"https:\/\/francois-pelletant.fr\/blog\/#\/schema\/person\/2be41acb171dff8f31aaed1f40cee9f3"},"headline":"Ma s\u00e9lection des dessins de presse","datePublished":"2017-10-22T07:50:09+00:00","mainEntityOfPage":{"@id":"https:\/\/francois-pelletant.fr\/blog\/selection-dessins-de-presse\/"},"wordCount":138,"commentCount":0,"publisher":{"@id":"https:\/\/francois-pelletant.fr\/blog\/#organization"},"image":{"@id":"https:\/\/francois-pelletant.fr\/blog\/selection-dessins-de-presse\/#primaryimage"},"thumbnailUrl":"https:\/\/francois-pelletant.fr\/blog\/wp-content\/uploads\/2017\/10\/Faro-17-octobre.jpg","articleSection":["Infos","Prix du meilleur dessin de presse"],"inLanguage":"fr-FR","potentialAction":[{"@type":"CommentAction","name":"Comment","target":["https:\/\/francois-pelletant.fr\/blog\/selection-dessins-de-presse\/#respond"]}]},{"@type":"WebPage","@id":"https:\/\/francois-pelletant.fr\/blog\/selection-dessins-de-presse\/","url":"https:\/\/francois-pelletant.fr\/blog\/selection-dessins-de-presse\/","name":"Ma s\u00e9lection des dessins de presse - Fran\u00e7ois Pelletant","isPartOf":{"@id":"https:\/\/francois-pelletant.fr\/blog\/#website"},"primaryImageOfPage":{"@id":"https:\/\/francois-pelletant.fr\/blog\/selection-dessins-de-presse\/#primaryimage"},"image":{"@id":"https:\/\/francois-pelletant.fr\/blog\/selection-dessins-de-presse\/#primaryimage"},"thumbnailUrl":"https:\/\/francois-pelletant.fr\/blog\/wp-content\/uploads\/2017\/10\/Faro-17-octobre.jpg","datePublished":"2017-10-22T07:50:09+00:00","breadcrumb":{"@id":"https:\/\/francois-pelletant.fr\/blog\/selection-dessins-de-presse\/#breadcrumb"},"inLanguage":"fr-FR","potentialAction":[{"@type":"ReadAction","target":["https:\/\/francois-pelletant.fr\/blog\/selection-dessins-de-presse\/"]}]},{"@type":"ImageObject","inLanguage":"fr-FR","@id":"https:\/\/francois-pelletant.fr\/blog\/selection-dessins-de-presse\/#primaryimage","url":"https:\/\/francois-pelletant.fr\/blog\/wp-content\/uploads\/2017\/10\/Faro-17-octobre.jpg","contentUrl":"https:\/\/francois-pelletant.fr\/blog\/wp-content\/uploads\/2017\/10\/Faro-17-octobre.jpg","width":757,"height":595,"caption":"Faro 17 octobre"},{"@type":"BreadcrumbList","@id":"https:\/\/francois-pelletant.fr\/blog\/selection-dessins-de-presse\/#breadcrumb","itemListElement":[{"@type":"ListItem","position":1,"name":"Accueil","item":"https:\/\/francois-pelletant.fr\/blog\/"},{"@type":"ListItem","position":2,"name":"Ma s\u00e9lection des dessins de presse"}]},{"@type":"WebSite","@id":"https:\/\/francois-pelletant.fr\/blog\/#website","url":"https:\/\/francois-pelletant.fr\/blog\/","name":"Fran\u00e7ois Pelletant","description":"Maire de Linas, pour toujours.","publisher":{"@id":"https:\/\/francois-pelletant.fr\/blog\/#organization"},"potentialAction":[{"@type":"SearchAction","target":{"@type":"EntryPoint","urlTemplate":"https:\/\/francois-pelletant.fr\/blog\/?s={search_term_string}"},"query-input":{"@type":"PropertyValueSpecification","valueRequired":true,"valueName":"search_term_string"}}],"inLanguage":"fr-FR"},{"@type":"Organization","@id":"https:\/\/francois-pelletant.fr\/blog\/#organization","name":"Fran\u00e7ois Pelletant","url":"https:\/\/francois-pelletant.fr\/blog\/","logo":{"@type":"ImageObject","inLanguage":"fr-FR","@id":"https:\/\/francois-pelletant.fr\/blog\/#\/schema\/logo\/image\/","url":"https:\/\/francois-pelletant.fr\/blog\/wp-content\/uploads\/2024\/07\/icone-francois-centre-500p.png","contentUrl":"https:\/\/francois-pelletant.fr\/blog\/wp-content\/uploads\/2024\/07\/icone-francois-centre-500p.png","width":559,"height":447,"caption":"Fran\u00e7ois Pelletant"},"image":{"@id":"https:\/\/francois-pelletant.fr\/blog\/#\/schema\/logo\/image\/"},"sameAs":["https:\/\/www.facebook.com\/francois.pelletant.7","https:\/\/x.com\/pelletant"]},{"@type":"Person","@id":"https:\/\/francois-pelletant.fr\/blog\/#\/schema\/person\/2be41acb171dff8f31aaed1f40cee9f3","name":"Francois"}]}},"_links":{"self":[{"href":"https:\/\/francois-pelletant.fr\/blog\/wp-json\/wp\/v2\/posts\/10781","targetHints":{"allow":["GET"]}}],"collection":[{"href":"https:\/\/francois-pelletant.fr\/blog\/wp-json\/wp\/v2\/posts"}],"about":[{"href":"https:\/\/francois-pelletant.fr\/blog\/wp-json\/wp\/v2\/types\/post"}],"author":[{"embeddable":true,"href":"https:\/\/francois-pelletant.fr\/blog\/wp-json\/wp\/v2\/users\/1"}],"replies":[{"embeddable":true,"href":"https:\/\/francois-pelletant.fr\/blog\/wp-json\/wp\/v2\/comments?post=10781"}],"version-history":[{"count":0,"href":"https:\/\/francois-pelletant.fr\/blog\/wp-json\/wp\/v2\/posts\/10781\/revisions"}],"wp:featuredmedia":[{"embeddable":true,"href":"https:\/\/francois-pelletant.fr\/blog\/wp-json\/wp\/v2\/media\/10783"}],"wp:attachment":[{"href":"https:\/\/francois-pelletant.fr\/blog\/wp-json\/wp\/v2\/media?parent=10781"}],"wp:term":[{"taxonomy":"category","embeddable":true,"href":"https:\/\/francois-pelletant.fr\/blog\/wp-json\/wp\/v2\/categories?post=10781"},{"taxonomy":"post_tag","embeddable":true,"href":"https:\/\/francois-pelletant.fr\/blog\/wp-json\/wp\/v2\/tags?post=10781"}],"curies":[{"name":"wp","href":"https:\/\/api.w.org\/{rel}","templated":true}]}}