{"id":11029,"date":"2018-01-26T09:21:51","date_gmt":"2018-01-26T09:21:51","guid":{"rendered":"https:\/\/francois-pelletant.fr\/blog\/?p=11029"},"modified":"2018-01-26T09:21:51","modified_gmt":"2018-01-26T09:21:51","slug":"voie-berge-paris","status":"publish","type":"post","link":"https:\/\/francois-pelletant.fr\/blog\/voie-berge-paris\/","title":{"rendered":"Voie sur berge : double salto judiciaire au Tribunal Administratif de Paris"},"content":{"rendered":"<p><strong><a href=\"https:\/\/francois-pelletant.fr\/blog\/wp-content\/uploads\/2018\/01\/voie-sur-berge-paris.jpg\" rel=\"attachment wp-att-11030\"><img loading=\"lazy\" decoding=\"async\" class=\"size-medium wp-image-11030 alignleft\" src=\"https:\/\/francois-pelletant.fr\/blog\/wp-content\/uploads\/2018\/01\/voie-sur-berge-paris-283x300.jpg\" alt=\"\" width=\"283\" height=\"300\" srcset=\"https:\/\/francois-pelletant.fr\/blog\/wp-content\/uploads\/2018\/01\/voie-sur-berge-paris-283x300.jpg 283w, https:\/\/francois-pelletant.fr\/blog\/wp-content\/uploads\/2018\/01\/voie-sur-berge-paris.jpg 553w\" sizes=\"auto, (max-width: 283px) 100vw, 283px\" \/><\/a>La voie sur berge \u00e0 Paris <u>pourrait \u00eatre r\u00e9-ouverte partiellement \u00e0 la circulation<\/u>.<\/strong><\/p>\n<p><strong>L&#8217;annulation de la fermeture de la voie sur berge, attaqu\u00e9e par l&#8217;association des Maires Franciliens, devait \u00eatre jug\u00e9e au Tribunal Administratif ce jour 26 janvier 2018.<\/strong><\/p>\n<p>Malheureusement, et contre toute attente, <u>l&#8217;audience a \u00e9t\u00e9 report\u00e9e au 7\u00a0f\u00e9vrier prochain<\/u> pour permettre la substitution de motif de la d\u00e9cision attaqu\u00e9e et lui donner <u>une autre base l\u00e9gale que celle choisie par Anne Hidalgo en 2016<\/u>.<\/p>\n<p>En effet, la mairie de Paris avait motiv\u00e9 sa d\u00e9cision de fermeture de la voie sur berge par des consid\u00e9rations environnementales ; or il s&#8217;av\u00e8re que cet argument \u00e9tait mensonger et a \u00e9t\u00e9 d\u00e9menti depuis par de nombreuses \u00e9tudes que n&#8217;a pas manqu\u00e9 de faire valoir l&#8217;association des Maires Franciliens.<\/p>\n<p>Qu&#8217;\u00e0 cela ne tienne, le tribunal propose de ne plus se baser sur l&#8217;article\u00a0L. 2213-4 du CGCT qui donne au maire de Paris le pouvoir d&#8217;interdire \u00e0 la circulation certaines voies pour ne pas compromettre : <em>&#8220;<\/em><em> la tranquillit\u00e9 publique, soit la qualit\u00e9 de l&#8217;air, soit la protection des esp\u00e8ces animales ou v\u00e9g\u00e9tales, soit la protection des espaces naturels, des paysages ou des sites ou leur mise en valeur \u00e0 des fins esth\u00e9tiques, \u00e9cologiques, agricoles, foresti\u00e8res ou touristiques<\/em><em>&#8220;,<\/em> mais sur l&#8217;article\u00a0L. 2213-2 qui est une interdiction de port\u00e9e g\u00e9n\u00e9rale.<\/p>\n<p>Ce &#8220;pas de deux&#8221; est tr\u00e8s r\u00e9v\u00e9lateur de l&#8217;ill\u00e9galit\u00e9 du coup de force qu&#8217;avait fait la mairie de Paris pour interdire au reste de la France le transit sur des voies de circulation nationales. En tout \u00e9tat de cause, l&#8217;arr\u00eat\u00e9 de la ville parisienne entr\u00e9 en vigueur \u00e0 l&#8217;automne 2016 est ill\u00e9gal et l&#8217;interdiction subie par bon nombre d&#8217;automobilistes depuis cette date \u00e9tait ill\u00e9gitime. Mais bien plus que cela, <u>ce revirement d\u00e9savoue la mairie de Paris dans sa strat\u00e9gie du mensonge et du bluff pour imposer ses visions dogmatiques sur la mobilit\u00e9 au reste du pays<\/u>.<\/p>\n<p>La partie se joue serr\u00e9e, l&#8217;association des Maires Franciliens, et son avocat Damien Stalder, sont en train de fourbir leurs armes pour r\u00e9pondre \u00e0 ce coup de Jarnac judiciaire. En effet, l&#8217;association fait valoir que si, \u00e0 pr\u00e9sent, la mairie de Paris ne veut plus se baser sur l&#8217;article\u00a0L. 2213-4 du CGCT, <u>elle ne peut interdire en permanence la voie et devra am\u00e9nager son interdiction avec des horaires et des conditions qui ont un caract\u00e8re exceptionnel.<\/u><\/p>\n<p><u>R\u00e9ponse le 7 f\u00e9vrier prochain<\/u>&#8230;<\/p>\n","protected":false},"excerpt":{"rendered":"<p>La voie sur berge \u00e0 Paris pourrait \u00eatre r\u00e9-ouverte partiellement \u00e0 la circulation. L&#8217;annulation de la fermeture de la voie sur berge, attaqu\u00e9e par l&#8217;association des Maires Franciliens, devait \u00eatre jug\u00e9e au Tribunal Administratif ce jour 26 janvier 2018. Malheureusement, et contre toute attente, l&#8217;audience a \u00e9t\u00e9 report\u00e9e au 7\u00a0f\u00e9vrier prochain pour permettre la substitution [&hellip;]<\/p>\n","protected":false},"author":1,"featured_media":11030,"comment_status":"open","ping_status":"closed","sticky":false,"template":"","format":"standard","meta":{"footnotes":""},"categories":[16],"tags":[155,375,125],"class_list":["post-11029","post","type-post","status-publish","format-standard","has-post-thumbnail","hentry","category-prises-de-positions","tag-francois-pelletant","tag-paris-voie-sur-berge-maires-franciliens","tag-voies-sur-berges"],"yoast_head":"<!-- This site is optimized with the Yoast SEO plugin v25.6 - https:\/\/yoast.com\/wordpress\/plugins\/seo\/ -->\n<title>Voie sur berge : double salto judiciaire au Tribunal Administratif de Paris - Fran\u00e7ois Pelletant<\/title>\n<meta name=\"robots\" content=\"index, follow, max-snippet:-1, max-image-preview:large, max-video-preview:-1\" \/>\n<link rel=\"canonical\" href=\"https:\/\/francois-pelletant.fr\/blog\/voie-berge-paris\/\" \/>\n<meta property=\"og:locale\" content=\"fr_FR\" \/>\n<meta property=\"og:type\" content=\"article\" \/>\n<meta property=\"og:title\" content=\"Voie sur berge : double salto judiciaire au Tribunal Administratif de Paris - Fran\u00e7ois Pelletant\" \/>\n<meta property=\"og:description\" content=\"La voie sur berge \u00e0 Paris pourrait \u00eatre r\u00e9-ouverte partiellement \u00e0 la circulation. L&#8217;annulation de la fermeture de la voie sur berge, attaqu\u00e9e par l&#8217;association des Maires Franciliens, devait \u00eatre jug\u00e9e au Tribunal Administratif ce jour 26 janvier 2018. Malheureusement, et contre toute attente, l&#8217;audience a \u00e9t\u00e9 report\u00e9e au 7\u00a0f\u00e9vrier prochain pour permettre la substitution [&hellip;]\" \/>\n<meta property=\"og:url\" content=\"https:\/\/francois-pelletant.fr\/blog\/voie-berge-paris\/\" \/>\n<meta property=\"og:site_name\" content=\"Fran\u00e7ois Pelletant\" \/>\n<meta property=\"article:publisher\" content=\"https:\/\/www.facebook.com\/francois.pelletant.7\" \/>\n<meta property=\"article:published_time\" content=\"2018-01-26T09:21:51+00:00\" \/>\n<meta property=\"og:image\" content=\"https:\/\/francois-pelletant.fr\/blog\/wp-content\/uploads\/2018\/01\/voie-sur-berge-paris.jpg\" \/>\n\t<meta property=\"og:image:width\" content=\"553\" \/>\n\t<meta property=\"og:image:height\" content=\"586\" \/>\n\t<meta property=\"og:image:type\" content=\"image\/jpeg\" \/>\n<meta name=\"author\" content=\"Francois\" \/>\n<meta name=\"twitter:card\" content=\"summary_large_image\" \/>\n<meta name=\"twitter:creator\" content=\"@pelletant\" \/>\n<meta name=\"twitter:site\" content=\"@pelletant\" \/>\n<meta name=\"twitter:label1\" content=\"\u00c9crit par\" \/>\n\t<meta name=\"twitter:data1\" content=\"Francois\" \/>\n\t<meta name=\"twitter:label2\" content=\"Dur\u00e9e de lecture estim\u00e9e\" \/>\n\t<meta name=\"twitter:data2\" content=\"2 minutes\" \/>\n<script type=\"application\/ld+json\" class=\"yoast-schema-graph\">{\"@context\":\"https:\/\/schema.org\",\"@graph\":[{\"@type\":\"Article\",\"@id\":\"https:\/\/francois-pelletant.fr\/blog\/voie-berge-paris\/#article\",\"isPartOf\":{\"@id\":\"https:\/\/francois-pelletant.fr\/blog\/voie-berge-paris\/\"},\"author\":{\"name\":\"Francois\",\"@id\":\"https:\/\/francois-pelletant.fr\/blog\/#\/schema\/person\/2be41acb171dff8f31aaed1f40cee9f3\"},\"headline\":\"Voie sur berge : double salto judiciaire au Tribunal Administratif de Paris\",\"datePublished\":\"2018-01-26T09:21:51+00:00\",\"mainEntityOfPage\":{\"@id\":\"https:\/\/francois-pelletant.fr\/blog\/voie-berge-paris\/\"},\"wordCount\":446,\"commentCount\":0,\"publisher\":{\"@id\":\"https:\/\/francois-pelletant.fr\/blog\/#organization\"},\"image\":{\"@id\":\"https:\/\/francois-pelletant.fr\/blog\/voie-berge-paris\/#primaryimage\"},\"thumbnailUrl\":\"https:\/\/francois-pelletant.fr\/blog\/wp-content\/uploads\/2018\/01\/voie-sur-berge-paris.jpg\",\"keywords\":[\"fran\u00e7ois pelletant\",\"paris; voie sur berge; maires franciliens\",\"voies sur berges\"],\"articleSection\":[\"Prises de positions\"],\"inLanguage\":\"fr-FR\",\"potentialAction\":[{\"@type\":\"CommentAction\",\"name\":\"Comment\",\"target\":[\"https:\/\/francois-pelletant.fr\/blog\/voie-berge-paris\/#respond\"]}]},{\"@type\":\"WebPage\",\"@id\":\"https:\/\/francois-pelletant.fr\/blog\/voie-berge-paris\/\",\"url\":\"https:\/\/francois-pelletant.fr\/blog\/voie-berge-paris\/\",\"name\":\"Voie sur berge : double salto judiciaire au Tribunal Administratif de Paris - Fran\u00e7ois Pelletant\",\"isPartOf\":{\"@id\":\"https:\/\/francois-pelletant.fr\/blog\/#website\"},\"primaryImageOfPage\":{\"@id\":\"https:\/\/francois-pelletant.fr\/blog\/voie-berge-paris\/#primaryimage\"},\"image\":{\"@id\":\"https:\/\/francois-pelletant.fr\/blog\/voie-berge-paris\/#primaryimage\"},\"thumbnailUrl\":\"https:\/\/francois-pelletant.fr\/blog\/wp-content\/uploads\/2018\/01\/voie-sur-berge-paris.jpg\",\"datePublished\":\"2018-01-26T09:21:51+00:00\",\"breadcrumb\":{\"@id\":\"https:\/\/francois-pelletant.fr\/blog\/voie-berge-paris\/#breadcrumb\"},\"inLanguage\":\"fr-FR\",\"potentialAction\":[{\"@type\":\"ReadAction\",\"target\":[\"https:\/\/francois-pelletant.fr\/blog\/voie-berge-paris\/\"]}]},{\"@type\":\"ImageObject\",\"inLanguage\":\"fr-FR\",\"@id\":\"https:\/\/francois-pelletant.fr\/blog\/voie-berge-paris\/#primaryimage\",\"url\":\"https:\/\/francois-pelletant.fr\/blog\/wp-content\/uploads\/2018\/01\/voie-sur-berge-paris.jpg\",\"contentUrl\":\"https:\/\/francois-pelletant.fr\/blog\/wp-content\/uploads\/2018\/01\/voie-sur-berge-paris.jpg\",\"width\":553,\"height\":586},{\"@type\":\"BreadcrumbList\",\"@id\":\"https:\/\/francois-pelletant.fr\/blog\/voie-berge-paris\/#breadcrumb\",\"itemListElement\":[{\"@type\":\"ListItem\",\"position\":1,\"name\":\"Accueil\",\"item\":\"https:\/\/francois-pelletant.fr\/blog\/\"},{\"@type\":\"ListItem\",\"position\":2,\"name\":\"Voie sur berge : double salto judiciaire au Tribunal Administratif de Paris\"}]},{\"@type\":\"WebSite\",\"@id\":\"https:\/\/francois-pelletant.fr\/blog\/#website\",\"url\":\"https:\/\/francois-pelletant.fr\/blog\/\",\"name\":\"Fran\u00e7ois Pelletant\",\"description\":\"Maire de Linas, pour toujours.\",\"publisher\":{\"@id\":\"https:\/\/francois-pelletant.fr\/blog\/#organization\"},\"potentialAction\":[{\"@type\":\"SearchAction\",\"target\":{\"@type\":\"EntryPoint\",\"urlTemplate\":\"https:\/\/francois-pelletant.fr\/blog\/?s={search_term_string}\"},\"query-input\":{\"@type\":\"PropertyValueSpecification\",\"valueRequired\":true,\"valueName\":\"search_term_string\"}}],\"inLanguage\":\"fr-FR\"},{\"@type\":\"Organization\",\"@id\":\"https:\/\/francois-pelletant.fr\/blog\/#organization\",\"name\":\"Fran\u00e7ois Pelletant\",\"url\":\"https:\/\/francois-pelletant.fr\/blog\/\",\"logo\":{\"@type\":\"ImageObject\",\"inLanguage\":\"fr-FR\",\"@id\":\"https:\/\/francois-pelletant.fr\/blog\/#\/schema\/logo\/image\/\",\"url\":\"https:\/\/francois-pelletant.fr\/blog\/wp-content\/uploads\/2024\/07\/icone-francois-centre-500p.png\",\"contentUrl\":\"https:\/\/francois-pelletant.fr\/blog\/wp-content\/uploads\/2024\/07\/icone-francois-centre-500p.png\",\"width\":559,\"height\":447,\"caption\":\"Fran\u00e7ois Pelletant\"},\"image\":{\"@id\":\"https:\/\/francois-pelletant.fr\/blog\/#\/schema\/logo\/image\/\"},\"sameAs\":[\"https:\/\/www.facebook.com\/francois.pelletant.7\",\"https:\/\/x.com\/pelletant\"]},{\"@type\":\"Person\",\"@id\":\"https:\/\/francois-pelletant.fr\/blog\/#\/schema\/person\/2be41acb171dff8f31aaed1f40cee9f3\",\"name\":\"Francois\"}]}<\/script>\n<!-- \/ Yoast SEO plugin. -->","yoast_head_json":{"title":"Voie sur berge : double salto judiciaire au Tribunal Administratif de Paris - Fran\u00e7ois Pelletant","robots":{"index":"index","follow":"follow","max-snippet":"max-snippet:-1","max-image-preview":"max-image-preview:large","max-video-preview":"max-video-preview:-1"},"canonical":"https:\/\/francois-pelletant.fr\/blog\/voie-berge-paris\/","og_locale":"fr_FR","og_type":"article","og_title":"Voie sur berge : double salto judiciaire au Tribunal Administratif de Paris - Fran\u00e7ois Pelletant","og_description":"La voie sur berge \u00e0 Paris pourrait \u00eatre r\u00e9-ouverte partiellement \u00e0 la circulation. L&#8217;annulation de la fermeture de la voie sur berge, attaqu\u00e9e par l&#8217;association des Maires Franciliens, devait \u00eatre jug\u00e9e au Tribunal Administratif ce jour 26 janvier 2018. Malheureusement, et contre toute attente, l&#8217;audience a \u00e9t\u00e9 report\u00e9e au 7\u00a0f\u00e9vrier prochain pour permettre la substitution [&hellip;]","og_url":"https:\/\/francois-pelletant.fr\/blog\/voie-berge-paris\/","og_site_name":"Fran\u00e7ois Pelletant","article_publisher":"https:\/\/www.facebook.com\/francois.pelletant.7","article_published_time":"2018-01-26T09:21:51+00:00","og_image":[{"width":553,"height":586,"url":"https:\/\/francois-pelletant.fr\/blog\/wp-content\/uploads\/2018\/01\/voie-sur-berge-paris.jpg","type":"image\/jpeg"}],"author":"Francois","twitter_card":"summary_large_image","twitter_creator":"@pelletant","twitter_site":"@pelletant","twitter_misc":{"\u00c9crit par":"Francois","Dur\u00e9e de lecture estim\u00e9e":"2 minutes"},"schema":{"@context":"https:\/\/schema.org","@graph":[{"@type":"Article","@id":"https:\/\/francois-pelletant.fr\/blog\/voie-berge-paris\/#article","isPartOf":{"@id":"https:\/\/francois-pelletant.fr\/blog\/voie-berge-paris\/"},"author":{"name":"Francois","@id":"https:\/\/francois-pelletant.fr\/blog\/#\/schema\/person\/2be41acb171dff8f31aaed1f40cee9f3"},"headline":"Voie sur berge : double salto judiciaire au Tribunal Administratif de Paris","datePublished":"2018-01-26T09:21:51+00:00","mainEntityOfPage":{"@id":"https:\/\/francois-pelletant.fr\/blog\/voie-berge-paris\/"},"wordCount":446,"commentCount":0,"publisher":{"@id":"https:\/\/francois-pelletant.fr\/blog\/#organization"},"image":{"@id":"https:\/\/francois-pelletant.fr\/blog\/voie-berge-paris\/#primaryimage"},"thumbnailUrl":"https:\/\/francois-pelletant.fr\/blog\/wp-content\/uploads\/2018\/01\/voie-sur-berge-paris.jpg","keywords":["fran\u00e7ois pelletant","paris; voie sur berge; maires franciliens","voies sur berges"],"articleSection":["Prises de positions"],"inLanguage":"fr-FR","potentialAction":[{"@type":"CommentAction","name":"Comment","target":["https:\/\/francois-pelletant.fr\/blog\/voie-berge-paris\/#respond"]}]},{"@type":"WebPage","@id":"https:\/\/francois-pelletant.fr\/blog\/voie-berge-paris\/","url":"https:\/\/francois-pelletant.fr\/blog\/voie-berge-paris\/","name":"Voie sur berge : double salto judiciaire au Tribunal Administratif de Paris - Fran\u00e7ois Pelletant","isPartOf":{"@id":"https:\/\/francois-pelletant.fr\/blog\/#website"},"primaryImageOfPage":{"@id":"https:\/\/francois-pelletant.fr\/blog\/voie-berge-paris\/#primaryimage"},"image":{"@id":"https:\/\/francois-pelletant.fr\/blog\/voie-berge-paris\/#primaryimage"},"thumbnailUrl":"https:\/\/francois-pelletant.fr\/blog\/wp-content\/uploads\/2018\/01\/voie-sur-berge-paris.jpg","datePublished":"2018-01-26T09:21:51+00:00","breadcrumb":{"@id":"https:\/\/francois-pelletant.fr\/blog\/voie-berge-paris\/#breadcrumb"},"inLanguage":"fr-FR","potentialAction":[{"@type":"ReadAction","target":["https:\/\/francois-pelletant.fr\/blog\/voie-berge-paris\/"]}]},{"@type":"ImageObject","inLanguage":"fr-FR","@id":"https:\/\/francois-pelletant.fr\/blog\/voie-berge-paris\/#primaryimage","url":"https:\/\/francois-pelletant.fr\/blog\/wp-content\/uploads\/2018\/01\/voie-sur-berge-paris.jpg","contentUrl":"https:\/\/francois-pelletant.fr\/blog\/wp-content\/uploads\/2018\/01\/voie-sur-berge-paris.jpg","width":553,"height":586},{"@type":"BreadcrumbList","@id":"https:\/\/francois-pelletant.fr\/blog\/voie-berge-paris\/#breadcrumb","itemListElement":[{"@type":"ListItem","position":1,"name":"Accueil","item":"https:\/\/francois-pelletant.fr\/blog\/"},{"@type":"ListItem","position":2,"name":"Voie sur berge : double salto judiciaire au Tribunal Administratif de Paris"}]},{"@type":"WebSite","@id":"https:\/\/francois-pelletant.fr\/blog\/#website","url":"https:\/\/francois-pelletant.fr\/blog\/","name":"Fran\u00e7ois Pelletant","description":"Maire de Linas, pour toujours.","publisher":{"@id":"https:\/\/francois-pelletant.fr\/blog\/#organization"},"potentialAction":[{"@type":"SearchAction","target":{"@type":"EntryPoint","urlTemplate":"https:\/\/francois-pelletant.fr\/blog\/?s={search_term_string}"},"query-input":{"@type":"PropertyValueSpecification","valueRequired":true,"valueName":"search_term_string"}}],"inLanguage":"fr-FR"},{"@type":"Organization","@id":"https:\/\/francois-pelletant.fr\/blog\/#organization","name":"Fran\u00e7ois Pelletant","url":"https:\/\/francois-pelletant.fr\/blog\/","logo":{"@type":"ImageObject","inLanguage":"fr-FR","@id":"https:\/\/francois-pelletant.fr\/blog\/#\/schema\/logo\/image\/","url":"https:\/\/francois-pelletant.fr\/blog\/wp-content\/uploads\/2024\/07\/icone-francois-centre-500p.png","contentUrl":"https:\/\/francois-pelletant.fr\/blog\/wp-content\/uploads\/2024\/07\/icone-francois-centre-500p.png","width":559,"height":447,"caption":"Fran\u00e7ois Pelletant"},"image":{"@id":"https:\/\/francois-pelletant.fr\/blog\/#\/schema\/logo\/image\/"},"sameAs":["https:\/\/www.facebook.com\/francois.pelletant.7","https:\/\/x.com\/pelletant"]},{"@type":"Person","@id":"https:\/\/francois-pelletant.fr\/blog\/#\/schema\/person\/2be41acb171dff8f31aaed1f40cee9f3","name":"Francois"}]}},"_links":{"self":[{"href":"https:\/\/francois-pelletant.fr\/blog\/wp-json\/wp\/v2\/posts\/11029","targetHints":{"allow":["GET"]}}],"collection":[{"href":"https:\/\/francois-pelletant.fr\/blog\/wp-json\/wp\/v2\/posts"}],"about":[{"href":"https:\/\/francois-pelletant.fr\/blog\/wp-json\/wp\/v2\/types\/post"}],"author":[{"embeddable":true,"href":"https:\/\/francois-pelletant.fr\/blog\/wp-json\/wp\/v2\/users\/1"}],"replies":[{"embeddable":true,"href":"https:\/\/francois-pelletant.fr\/blog\/wp-json\/wp\/v2\/comments?post=11029"}],"version-history":[{"count":0,"href":"https:\/\/francois-pelletant.fr\/blog\/wp-json\/wp\/v2\/posts\/11029\/revisions"}],"wp:featuredmedia":[{"embeddable":true,"href":"https:\/\/francois-pelletant.fr\/blog\/wp-json\/wp\/v2\/media\/11030"}],"wp:attachment":[{"href":"https:\/\/francois-pelletant.fr\/blog\/wp-json\/wp\/v2\/media?parent=11029"}],"wp:term":[{"taxonomy":"category","embeddable":true,"href":"https:\/\/francois-pelletant.fr\/blog\/wp-json\/wp\/v2\/categories?post=11029"},{"taxonomy":"post_tag","embeddable":true,"href":"https:\/\/francois-pelletant.fr\/blog\/wp-json\/wp\/v2\/tags?post=11029"}],"curies":[{"name":"wp","href":"https:\/\/api.w.org\/{rel}","templated":true}]}}