{"id":11060,"date":"2018-02-09T09:55:11","date_gmt":"2018-02-09T09:55:11","guid":{"rendered":"https:\/\/francois-pelletant.fr\/blog\/?p=11060"},"modified":"2018-02-09T09:55:11","modified_gmt":"2018-02-09T09:55:11","slug":"fermeture-voies-berges-paris","status":"publish","type":"post","link":"https:\/\/francois-pelletant.fr\/blog\/fermeture-voies-berges-paris\/","title":{"rendered":"La fermeture des voies sur berges de Paris en passe d&#8217;\u00eatre annul\u00e9e"},"content":{"rendered":"<p><strong><a href=\"https:\/\/francois-pelletant.fr\/blog\/wp-content\/uploads\/2018\/01\/voie-sur-berge-paris.jpg\" rel=\"attachment wp-att-11030\"><img loading=\"lazy\" decoding=\"async\" class=\"size-medium wp-image-11030\" src=\"https:\/\/francois-pelletant.fr\/blog\/wp-content\/uploads\/2018\/01\/voie-sur-berge-paris-283x300.jpg\" alt=\"\" width=\"283\" height=\"300\" srcset=\"https:\/\/francois-pelletant.fr\/blog\/wp-content\/uploads\/2018\/01\/voie-sur-berge-paris-283x300.jpg 283w, https:\/\/francois-pelletant.fr\/blog\/wp-content\/uploads\/2018\/01\/voie-sur-berge-paris.jpg 553w\" sizes=\"auto, (max-width: 283px) 100vw, 283px\" \/><\/a>\u00a0L&#8217;annulation de la fermeture de la voie sur berge, attaqu\u00e9e par l&#8217;association des Maires Franciliens, est officiellement demand\u00e9e par le rapporteur public.<\/strong><\/p>\n<p>Le mercredi 7 f\u00e9vrier 2018 au Tribunal Administratif de Paris, s&#8217;est tenue l&#8217;audience initialement pr\u00e9vue le 26 janvier 2018 mais qui avait \u00e9t\u00e9 retard\u00e9e pour une raison surprenante : devant ill\u00e9galit\u00e9 de l&#8217;arr\u00eat\u00e9 de la Mairie de Paris, le tribunal envisageait de prononcer une &#8220;substitution de base l\u00e9gale&#8221; afin de rendre l&#8217;arr\u00eat\u00e9 conforme, en en changeant la motivation juridique.<\/p>\n<p>L&#8217;association des Maires Franciliens avait pr\u00e9sent\u00e9 un recours contre la d\u00e9cision de la Mairie de paris et s&#8217;\u00e9tait fermement oppos\u00e9e \u00e0 cette substitution qui consistait \u00e0 finalement interdire les quais de Paris \u00e0 la circulation sans raison valable (<em>communiqu\u00e9 de presse de l&#8217;Association Maires Franciliens du 26 janvier 2018<\/em>).<\/p>\n<p>Finalement, <strong><u>l&#8217;association a \u00e9t\u00e9 rejointe par le rapporteur public<\/u><\/strong> lors de l&#8217;audience au Tribunal Administratif du 7 f\u00e9vrier 2018.<\/p>\n<p>Le tribunal doit d\u00e9sormais prendre sa d\u00e9cision d&#8217;ici le 21 f\u00e9vrier 2018.<\/p>\n<p>En outre la question du droit \u00e0 agir devra \u00eatre tranch\u00e9e, la Maire de Paris ayant trouv\u00e9 comme argument que les requ\u00e9rants n&#8217;ont pas le droit de contester sa d\u00e9cision car il ne seraient pas concern\u00e9s, n&#8217;habitants pas Paris. Cette notion est pour le moins surprenante, il conviendra de voir ce qu&#8217;en pense le tribunal.<\/p>\n","protected":false},"excerpt":{"rendered":"<p>\u00a0L&#8217;annulation de la fermeture de la voie sur berge, attaqu\u00e9e par l&#8217;association des Maires Franciliens, est officiellement demand\u00e9e par le rapporteur public. Le mercredi 7 f\u00e9vrier 2018 au Tribunal Administratif de Paris, s&#8217;est tenue l&#8217;audience initialement pr\u00e9vue le 26 janvier 2018 mais qui avait \u00e9t\u00e9 retard\u00e9e pour une raison surprenante : devant ill\u00e9galit\u00e9 de l&#8217;arr\u00eat\u00e9 [&hellip;]<\/p>\n","protected":false},"author":1,"featured_media":11030,"comment_status":"open","ping_status":"closed","sticky":false,"template":"","format":"standard","meta":{"footnotes":""},"categories":[16],"tags":[],"class_list":["post-11060","post","type-post","status-publish","format-standard","has-post-thumbnail","hentry","category-prises-de-positions"],"yoast_head":"<!-- This site is optimized with the Yoast SEO plugin v25.6 - https:\/\/yoast.com\/wordpress\/plugins\/seo\/ -->\n<title>La fermeture des voies sur berges de Paris en passe d&#039;\u00eatre annul\u00e9e - Fran\u00e7ois Pelletant<\/title>\n<meta name=\"robots\" content=\"index, follow, max-snippet:-1, max-image-preview:large, max-video-preview:-1\" \/>\n<link rel=\"canonical\" href=\"https:\/\/francois-pelletant.fr\/blog\/fermeture-voies-berges-paris\/\" \/>\n<meta property=\"og:locale\" content=\"fr_FR\" \/>\n<meta property=\"og:type\" content=\"article\" \/>\n<meta property=\"og:title\" content=\"La fermeture des voies sur berges de Paris en passe d&#039;\u00eatre annul\u00e9e - Fran\u00e7ois Pelletant\" \/>\n<meta property=\"og:description\" content=\"\u00a0L&#8217;annulation de la fermeture de la voie sur berge, attaqu\u00e9e par l&#8217;association des Maires Franciliens, est officiellement demand\u00e9e par le rapporteur public. Le mercredi 7 f\u00e9vrier 2018 au Tribunal Administratif de Paris, s&#8217;est tenue l&#8217;audience initialement pr\u00e9vue le 26 janvier 2018 mais qui avait \u00e9t\u00e9 retard\u00e9e pour une raison surprenante : devant ill\u00e9galit\u00e9 de l&#8217;arr\u00eat\u00e9 [&hellip;]\" \/>\n<meta property=\"og:url\" content=\"https:\/\/francois-pelletant.fr\/blog\/fermeture-voies-berges-paris\/\" \/>\n<meta property=\"og:site_name\" content=\"Fran\u00e7ois Pelletant\" \/>\n<meta property=\"article:publisher\" content=\"https:\/\/www.facebook.com\/francois.pelletant.7\" \/>\n<meta property=\"article:published_time\" content=\"2018-02-09T09:55:11+00:00\" \/>\n<meta property=\"og:image\" content=\"https:\/\/francois-pelletant.fr\/blog\/wp-content\/uploads\/2018\/01\/voie-sur-berge-paris.jpg\" \/>\n\t<meta property=\"og:image:width\" content=\"553\" \/>\n\t<meta property=\"og:image:height\" content=\"586\" \/>\n\t<meta property=\"og:image:type\" content=\"image\/jpeg\" \/>\n<meta name=\"author\" content=\"Francois\" \/>\n<meta name=\"twitter:card\" content=\"summary_large_image\" \/>\n<meta name=\"twitter:creator\" content=\"@pelletant\" \/>\n<meta name=\"twitter:site\" content=\"@pelletant\" \/>\n<meta name=\"twitter:label1\" content=\"\u00c9crit par\" \/>\n\t<meta name=\"twitter:data1\" content=\"Francois\" \/>\n\t<meta name=\"twitter:label2\" content=\"Dur\u00e9e de lecture estim\u00e9e\" \/>\n\t<meta name=\"twitter:data2\" content=\"1 minute\" \/>\n<script type=\"application\/ld+json\" class=\"yoast-schema-graph\">{\"@context\":\"https:\/\/schema.org\",\"@graph\":[{\"@type\":\"Article\",\"@id\":\"https:\/\/francois-pelletant.fr\/blog\/fermeture-voies-berges-paris\/#article\",\"isPartOf\":{\"@id\":\"https:\/\/francois-pelletant.fr\/blog\/fermeture-voies-berges-paris\/\"},\"author\":{\"name\":\"Francois\",\"@id\":\"https:\/\/francois-pelletant.fr\/blog\/#\/schema\/person\/2be41acb171dff8f31aaed1f40cee9f3\"},\"headline\":\"La fermeture des voies sur berges de Paris en passe d&#8217;\u00eatre annul\u00e9e\",\"datePublished\":\"2018-02-09T09:55:11+00:00\",\"mainEntityOfPage\":{\"@id\":\"https:\/\/francois-pelletant.fr\/blog\/fermeture-voies-berges-paris\/\"},\"wordCount\":250,\"commentCount\":1,\"publisher\":{\"@id\":\"https:\/\/francois-pelletant.fr\/blog\/#organization\"},\"image\":{\"@id\":\"https:\/\/francois-pelletant.fr\/blog\/fermeture-voies-berges-paris\/#primaryimage\"},\"thumbnailUrl\":\"https:\/\/francois-pelletant.fr\/blog\/wp-content\/uploads\/2018\/01\/voie-sur-berge-paris.jpg\",\"articleSection\":[\"Prises de positions\"],\"inLanguage\":\"fr-FR\",\"potentialAction\":[{\"@type\":\"CommentAction\",\"name\":\"Comment\",\"target\":[\"https:\/\/francois-pelletant.fr\/blog\/fermeture-voies-berges-paris\/#respond\"]}]},{\"@type\":\"WebPage\",\"@id\":\"https:\/\/francois-pelletant.fr\/blog\/fermeture-voies-berges-paris\/\",\"url\":\"https:\/\/francois-pelletant.fr\/blog\/fermeture-voies-berges-paris\/\",\"name\":\"La fermeture des voies sur berges de Paris en passe d'\u00eatre annul\u00e9e - Fran\u00e7ois Pelletant\",\"isPartOf\":{\"@id\":\"https:\/\/francois-pelletant.fr\/blog\/#website\"},\"primaryImageOfPage\":{\"@id\":\"https:\/\/francois-pelletant.fr\/blog\/fermeture-voies-berges-paris\/#primaryimage\"},\"image\":{\"@id\":\"https:\/\/francois-pelletant.fr\/blog\/fermeture-voies-berges-paris\/#primaryimage\"},\"thumbnailUrl\":\"https:\/\/francois-pelletant.fr\/blog\/wp-content\/uploads\/2018\/01\/voie-sur-berge-paris.jpg\",\"datePublished\":\"2018-02-09T09:55:11+00:00\",\"breadcrumb\":{\"@id\":\"https:\/\/francois-pelletant.fr\/blog\/fermeture-voies-berges-paris\/#breadcrumb\"},\"inLanguage\":\"fr-FR\",\"potentialAction\":[{\"@type\":\"ReadAction\",\"target\":[\"https:\/\/francois-pelletant.fr\/blog\/fermeture-voies-berges-paris\/\"]}]},{\"@type\":\"ImageObject\",\"inLanguage\":\"fr-FR\",\"@id\":\"https:\/\/francois-pelletant.fr\/blog\/fermeture-voies-berges-paris\/#primaryimage\",\"url\":\"https:\/\/francois-pelletant.fr\/blog\/wp-content\/uploads\/2018\/01\/voie-sur-berge-paris.jpg\",\"contentUrl\":\"https:\/\/francois-pelletant.fr\/blog\/wp-content\/uploads\/2018\/01\/voie-sur-berge-paris.jpg\",\"width\":553,\"height\":586},{\"@type\":\"BreadcrumbList\",\"@id\":\"https:\/\/francois-pelletant.fr\/blog\/fermeture-voies-berges-paris\/#breadcrumb\",\"itemListElement\":[{\"@type\":\"ListItem\",\"position\":1,\"name\":\"Accueil\",\"item\":\"https:\/\/francois-pelletant.fr\/blog\/\"},{\"@type\":\"ListItem\",\"position\":2,\"name\":\"La fermeture des voies sur berges de Paris en passe d&#8217;\u00eatre annul\u00e9e\"}]},{\"@type\":\"WebSite\",\"@id\":\"https:\/\/francois-pelletant.fr\/blog\/#website\",\"url\":\"https:\/\/francois-pelletant.fr\/blog\/\",\"name\":\"Fran\u00e7ois Pelletant\",\"description\":\"Maire de Linas, pour toujours.\",\"publisher\":{\"@id\":\"https:\/\/francois-pelletant.fr\/blog\/#organization\"},\"potentialAction\":[{\"@type\":\"SearchAction\",\"target\":{\"@type\":\"EntryPoint\",\"urlTemplate\":\"https:\/\/francois-pelletant.fr\/blog\/?s={search_term_string}\"},\"query-input\":{\"@type\":\"PropertyValueSpecification\",\"valueRequired\":true,\"valueName\":\"search_term_string\"}}],\"inLanguage\":\"fr-FR\"},{\"@type\":\"Organization\",\"@id\":\"https:\/\/francois-pelletant.fr\/blog\/#organization\",\"name\":\"Fran\u00e7ois Pelletant\",\"url\":\"https:\/\/francois-pelletant.fr\/blog\/\",\"logo\":{\"@type\":\"ImageObject\",\"inLanguage\":\"fr-FR\",\"@id\":\"https:\/\/francois-pelletant.fr\/blog\/#\/schema\/logo\/image\/\",\"url\":\"https:\/\/francois-pelletant.fr\/blog\/wp-content\/uploads\/2024\/07\/icone-francois-centre-500p.png\",\"contentUrl\":\"https:\/\/francois-pelletant.fr\/blog\/wp-content\/uploads\/2024\/07\/icone-francois-centre-500p.png\",\"width\":559,\"height\":447,\"caption\":\"Fran\u00e7ois Pelletant\"},\"image\":{\"@id\":\"https:\/\/francois-pelletant.fr\/blog\/#\/schema\/logo\/image\/\"},\"sameAs\":[\"https:\/\/www.facebook.com\/francois.pelletant.7\",\"https:\/\/x.com\/pelletant\"]},{\"@type\":\"Person\",\"@id\":\"https:\/\/francois-pelletant.fr\/blog\/#\/schema\/person\/2be41acb171dff8f31aaed1f40cee9f3\",\"name\":\"Francois\"}]}<\/script>\n<!-- \/ Yoast SEO plugin. -->","yoast_head_json":{"title":"La fermeture des voies sur berges de Paris en passe d'\u00eatre annul\u00e9e - Fran\u00e7ois Pelletant","robots":{"index":"index","follow":"follow","max-snippet":"max-snippet:-1","max-image-preview":"max-image-preview:large","max-video-preview":"max-video-preview:-1"},"canonical":"https:\/\/francois-pelletant.fr\/blog\/fermeture-voies-berges-paris\/","og_locale":"fr_FR","og_type":"article","og_title":"La fermeture des voies sur berges de Paris en passe d'\u00eatre annul\u00e9e - Fran\u00e7ois Pelletant","og_description":"\u00a0L&#8217;annulation de la fermeture de la voie sur berge, attaqu\u00e9e par l&#8217;association des Maires Franciliens, est officiellement demand\u00e9e par le rapporteur public. Le mercredi 7 f\u00e9vrier 2018 au Tribunal Administratif de Paris, s&#8217;est tenue l&#8217;audience initialement pr\u00e9vue le 26 janvier 2018 mais qui avait \u00e9t\u00e9 retard\u00e9e pour une raison surprenante : devant ill\u00e9galit\u00e9 de l&#8217;arr\u00eat\u00e9 [&hellip;]","og_url":"https:\/\/francois-pelletant.fr\/blog\/fermeture-voies-berges-paris\/","og_site_name":"Fran\u00e7ois Pelletant","article_publisher":"https:\/\/www.facebook.com\/francois.pelletant.7","article_published_time":"2018-02-09T09:55:11+00:00","og_image":[{"width":553,"height":586,"url":"https:\/\/francois-pelletant.fr\/blog\/wp-content\/uploads\/2018\/01\/voie-sur-berge-paris.jpg","type":"image\/jpeg"}],"author":"Francois","twitter_card":"summary_large_image","twitter_creator":"@pelletant","twitter_site":"@pelletant","twitter_misc":{"\u00c9crit par":"Francois","Dur\u00e9e de lecture estim\u00e9e":"1 minute"},"schema":{"@context":"https:\/\/schema.org","@graph":[{"@type":"Article","@id":"https:\/\/francois-pelletant.fr\/blog\/fermeture-voies-berges-paris\/#article","isPartOf":{"@id":"https:\/\/francois-pelletant.fr\/blog\/fermeture-voies-berges-paris\/"},"author":{"name":"Francois","@id":"https:\/\/francois-pelletant.fr\/blog\/#\/schema\/person\/2be41acb171dff8f31aaed1f40cee9f3"},"headline":"La fermeture des voies sur berges de Paris en passe d&#8217;\u00eatre annul\u00e9e","datePublished":"2018-02-09T09:55:11+00:00","mainEntityOfPage":{"@id":"https:\/\/francois-pelletant.fr\/blog\/fermeture-voies-berges-paris\/"},"wordCount":250,"commentCount":1,"publisher":{"@id":"https:\/\/francois-pelletant.fr\/blog\/#organization"},"image":{"@id":"https:\/\/francois-pelletant.fr\/blog\/fermeture-voies-berges-paris\/#primaryimage"},"thumbnailUrl":"https:\/\/francois-pelletant.fr\/blog\/wp-content\/uploads\/2018\/01\/voie-sur-berge-paris.jpg","articleSection":["Prises de positions"],"inLanguage":"fr-FR","potentialAction":[{"@type":"CommentAction","name":"Comment","target":["https:\/\/francois-pelletant.fr\/blog\/fermeture-voies-berges-paris\/#respond"]}]},{"@type":"WebPage","@id":"https:\/\/francois-pelletant.fr\/blog\/fermeture-voies-berges-paris\/","url":"https:\/\/francois-pelletant.fr\/blog\/fermeture-voies-berges-paris\/","name":"La fermeture des voies sur berges de Paris en passe d'\u00eatre annul\u00e9e - Fran\u00e7ois Pelletant","isPartOf":{"@id":"https:\/\/francois-pelletant.fr\/blog\/#website"},"primaryImageOfPage":{"@id":"https:\/\/francois-pelletant.fr\/blog\/fermeture-voies-berges-paris\/#primaryimage"},"image":{"@id":"https:\/\/francois-pelletant.fr\/blog\/fermeture-voies-berges-paris\/#primaryimage"},"thumbnailUrl":"https:\/\/francois-pelletant.fr\/blog\/wp-content\/uploads\/2018\/01\/voie-sur-berge-paris.jpg","datePublished":"2018-02-09T09:55:11+00:00","breadcrumb":{"@id":"https:\/\/francois-pelletant.fr\/blog\/fermeture-voies-berges-paris\/#breadcrumb"},"inLanguage":"fr-FR","potentialAction":[{"@type":"ReadAction","target":["https:\/\/francois-pelletant.fr\/blog\/fermeture-voies-berges-paris\/"]}]},{"@type":"ImageObject","inLanguage":"fr-FR","@id":"https:\/\/francois-pelletant.fr\/blog\/fermeture-voies-berges-paris\/#primaryimage","url":"https:\/\/francois-pelletant.fr\/blog\/wp-content\/uploads\/2018\/01\/voie-sur-berge-paris.jpg","contentUrl":"https:\/\/francois-pelletant.fr\/blog\/wp-content\/uploads\/2018\/01\/voie-sur-berge-paris.jpg","width":553,"height":586},{"@type":"BreadcrumbList","@id":"https:\/\/francois-pelletant.fr\/blog\/fermeture-voies-berges-paris\/#breadcrumb","itemListElement":[{"@type":"ListItem","position":1,"name":"Accueil","item":"https:\/\/francois-pelletant.fr\/blog\/"},{"@type":"ListItem","position":2,"name":"La fermeture des voies sur berges de Paris en passe d&#8217;\u00eatre annul\u00e9e"}]},{"@type":"WebSite","@id":"https:\/\/francois-pelletant.fr\/blog\/#website","url":"https:\/\/francois-pelletant.fr\/blog\/","name":"Fran\u00e7ois Pelletant","description":"Maire de Linas, pour toujours.","publisher":{"@id":"https:\/\/francois-pelletant.fr\/blog\/#organization"},"potentialAction":[{"@type":"SearchAction","target":{"@type":"EntryPoint","urlTemplate":"https:\/\/francois-pelletant.fr\/blog\/?s={search_term_string}"},"query-input":{"@type":"PropertyValueSpecification","valueRequired":true,"valueName":"search_term_string"}}],"inLanguage":"fr-FR"},{"@type":"Organization","@id":"https:\/\/francois-pelletant.fr\/blog\/#organization","name":"Fran\u00e7ois Pelletant","url":"https:\/\/francois-pelletant.fr\/blog\/","logo":{"@type":"ImageObject","inLanguage":"fr-FR","@id":"https:\/\/francois-pelletant.fr\/blog\/#\/schema\/logo\/image\/","url":"https:\/\/francois-pelletant.fr\/blog\/wp-content\/uploads\/2024\/07\/icone-francois-centre-500p.png","contentUrl":"https:\/\/francois-pelletant.fr\/blog\/wp-content\/uploads\/2024\/07\/icone-francois-centre-500p.png","width":559,"height":447,"caption":"Fran\u00e7ois Pelletant"},"image":{"@id":"https:\/\/francois-pelletant.fr\/blog\/#\/schema\/logo\/image\/"},"sameAs":["https:\/\/www.facebook.com\/francois.pelletant.7","https:\/\/x.com\/pelletant"]},{"@type":"Person","@id":"https:\/\/francois-pelletant.fr\/blog\/#\/schema\/person\/2be41acb171dff8f31aaed1f40cee9f3","name":"Francois"}]}},"_links":{"self":[{"href":"https:\/\/francois-pelletant.fr\/blog\/wp-json\/wp\/v2\/posts\/11060","targetHints":{"allow":["GET"]}}],"collection":[{"href":"https:\/\/francois-pelletant.fr\/blog\/wp-json\/wp\/v2\/posts"}],"about":[{"href":"https:\/\/francois-pelletant.fr\/blog\/wp-json\/wp\/v2\/types\/post"}],"author":[{"embeddable":true,"href":"https:\/\/francois-pelletant.fr\/blog\/wp-json\/wp\/v2\/users\/1"}],"replies":[{"embeddable":true,"href":"https:\/\/francois-pelletant.fr\/blog\/wp-json\/wp\/v2\/comments?post=11060"}],"version-history":[{"count":0,"href":"https:\/\/francois-pelletant.fr\/blog\/wp-json\/wp\/v2\/posts\/11060\/revisions"}],"wp:featuredmedia":[{"embeddable":true,"href":"https:\/\/francois-pelletant.fr\/blog\/wp-json\/wp\/v2\/media\/11030"}],"wp:attachment":[{"href":"https:\/\/francois-pelletant.fr\/blog\/wp-json\/wp\/v2\/media?parent=11060"}],"wp:term":[{"taxonomy":"category","embeddable":true,"href":"https:\/\/francois-pelletant.fr\/blog\/wp-json\/wp\/v2\/categories?post=11060"},{"taxonomy":"post_tag","embeddable":true,"href":"https:\/\/francois-pelletant.fr\/blog\/wp-json\/wp\/v2\/tags?post=11060"}],"curies":[{"name":"wp","href":"https:\/\/api.w.org\/{rel}","templated":true}]}}