{"id":11119,"date":"2018-02-19T09:47:57","date_gmt":"2018-02-19T09:47:57","guid":{"rendered":"https:\/\/francois-pelletant.fr\/blog\/?p=11119"},"modified":"2018-02-19T09:47:57","modified_gmt":"2018-02-19T09:47:57","slug":"linas-rn20-7-a-8","status":"publish","type":"post","link":"https:\/\/francois-pelletant.fr\/blog\/linas-rn20-7-a-8\/","title":{"rendered":"Linas et la RN20 dans 7 \u00e0 8 !"},"content":{"rendered":"<figure id=\"attachment_11120\" aria-describedby=\"caption-attachment-11120\" style=\"width: 300px\" class=\"wp-caption alignleft\"><a href=\"https:\/\/francois-pelletant.fr\/blog\/wp-content\/uploads\/2018\/02\/7a8-18-fevrier.jpg\" rel=\"attachment wp-att-11120\"><img loading=\"lazy\" decoding=\"async\" class=\"size-medium wp-image-11120\" src=\"https:\/\/francois-pelletant.fr\/blog\/wp-content\/uploads\/2018\/02\/7a8-18-fevrier-300x189.jpg\" alt=\"emission TF1 7a8 18 fevrier\" width=\"300\" height=\"189\" srcset=\"https:\/\/francois-pelletant.fr\/blog\/wp-content\/uploads\/2018\/02\/7a8-18-fevrier-300x189.jpg 300w, https:\/\/francois-pelletant.fr\/blog\/wp-content\/uploads\/2018\/02\/7a8-18-fevrier-1024x645.jpg 1024w, https:\/\/francois-pelletant.fr\/blog\/wp-content\/uploads\/2018\/02\/7a8-18-fevrier-768x484.jpg 768w, https:\/\/francois-pelletant.fr\/blog\/wp-content\/uploads\/2018\/02\/7a8-18-fevrier-600x378.jpg 600w, https:\/\/francois-pelletant.fr\/blog\/wp-content\/uploads\/2018\/02\/7a8-18-fevrier.jpg 1116w\" sizes=\"auto, (max-width: 300px) 100vw, 300px\" \/><\/a><figcaption id=\"caption-attachment-11120\" class=\"wp-caption-text\">\u00e9mission TF1 &#8220;7a8&#8221; 18 fevrier<\/figcaption><\/figure>\n<p>Dimanche 18 f\u00e9vrier, l&#8217;\u00e9mission de TF1 &#8220;7 \u00e0 8 live&#8221; pr\u00e9sent\u00e9e par Harry Roselmack a consacr\u00e9 un large reportage sur la dangerosit\u00e9 de la RN20 \u00e0 hauteur de Linas et des environs.\u00a0Si vous n&#8217;avez pu voir l&#8217;\u00e9mission en direct, je vous propose une session de rattrapage via ce lien :\u00a0<a href=\"http:\/\/www.tf1.fr\/tf1\/sept-a-huit\/videos\/sept-a-huit-life-18-fevrier-2018.html\" target=\"_blank\" rel=\"nofollow\">\u00e9mission 7 \u00e0 8<\/a><\/p>\n","protected":false},"excerpt":{"rendered":"<p>Dimanche 18 f\u00e9vrier, l&#8217;\u00e9mission de TF1 &#8220;7 \u00e0 8 live&#8221; pr\u00e9sent\u00e9e par Harry Roselmack a consacr\u00e9 un large reportage sur la dangerosit\u00e9 de la RN20 \u00e0 hauteur de Linas et des environs.\u00a0Si vous n&#8217;avez pu voir l&#8217;\u00e9mission en direct, je vous propose une session de rattrapage via ce lien :\u00a0\u00e9mission 7 \u00e0 8<\/p>\n","protected":false},"author":1,"featured_media":11120,"comment_status":"open","ping_status":"closed","sticky":false,"template":"","format":"standard","meta":{"footnotes":""},"categories":[19],"tags":[49,30,48,46,32],"class_list":["post-11119","post","type-post","status-publish","format-standard","has-post-thumbnail","hentry","category-rn20","tag-essonne","tag-linas","tag-pelletant","tag-rn-20","tag-rn20-2"],"yoast_head":"<!-- This site is optimized with the Yoast SEO plugin v25.6 - https:\/\/yoast.com\/wordpress\/plugins\/seo\/ -->\n<title>Linas et la RN20 dans 7 \u00e0 8 ! - Fran\u00e7ois Pelletant<\/title>\n<meta name=\"robots\" content=\"index, follow, max-snippet:-1, max-image-preview:large, max-video-preview:-1\" \/>\n<link rel=\"canonical\" href=\"https:\/\/francois-pelletant.fr\/blog\/linas-rn20-7-a-8\/\" \/>\n<meta property=\"og:locale\" content=\"fr_FR\" \/>\n<meta property=\"og:type\" content=\"article\" \/>\n<meta property=\"og:title\" content=\"Linas et la RN20 dans 7 \u00e0 8 ! - Fran\u00e7ois Pelletant\" \/>\n<meta property=\"og:description\" content=\"Dimanche 18 f\u00e9vrier, l&#8217;\u00e9mission de TF1 &#8220;7 \u00e0 8 live&#8221; pr\u00e9sent\u00e9e par Harry Roselmack a consacr\u00e9 un large reportage sur la dangerosit\u00e9 de la RN20 \u00e0 hauteur de Linas et des environs.\u00a0Si vous n&#8217;avez pu voir l&#8217;\u00e9mission en direct, je vous propose une session de rattrapage via ce lien :\u00a0\u00e9mission 7 \u00e0 8\" \/>\n<meta property=\"og:url\" content=\"https:\/\/francois-pelletant.fr\/blog\/linas-rn20-7-a-8\/\" \/>\n<meta property=\"og:site_name\" content=\"Fran\u00e7ois Pelletant\" \/>\n<meta property=\"article:publisher\" content=\"https:\/\/www.facebook.com\/francois.pelletant.7\" \/>\n<meta property=\"article:published_time\" content=\"2018-02-19T09:47:57+00:00\" \/>\n<meta property=\"og:image\" content=\"https:\/\/francois-pelletant.fr\/blog\/wp-content\/uploads\/2018\/02\/7a8-18-fevrier.jpg\" \/>\n\t<meta property=\"og:image:width\" content=\"1116\" \/>\n\t<meta property=\"og:image:height\" content=\"703\" \/>\n\t<meta property=\"og:image:type\" content=\"image\/jpeg\" \/>\n<meta name=\"author\" content=\"Francois\" \/>\n<meta name=\"twitter:card\" content=\"summary_large_image\" \/>\n<meta name=\"twitter:creator\" content=\"@pelletant\" \/>\n<meta name=\"twitter:site\" content=\"@pelletant\" \/>\n<meta name=\"twitter:label1\" content=\"\u00c9crit par\" \/>\n\t<meta name=\"twitter:data1\" content=\"Francois\" \/>\n<script type=\"application\/ld+json\" class=\"yoast-schema-graph\">{\"@context\":\"https:\/\/schema.org\",\"@graph\":[{\"@type\":\"Article\",\"@id\":\"https:\/\/francois-pelletant.fr\/blog\/linas-rn20-7-a-8\/#article\",\"isPartOf\":{\"@id\":\"https:\/\/francois-pelletant.fr\/blog\/linas-rn20-7-a-8\/\"},\"author\":{\"name\":\"Francois\",\"@id\":\"https:\/\/francois-pelletant.fr\/blog\/#\/schema\/person\/2be41acb171dff8f31aaed1f40cee9f3\"},\"headline\":\"Linas et la RN20 dans 7 \u00e0 8 !\",\"datePublished\":\"2018-02-19T09:47:57+00:00\",\"mainEntityOfPage\":{\"@id\":\"https:\/\/francois-pelletant.fr\/blog\/linas-rn20-7-a-8\/\"},\"wordCount\":68,\"commentCount\":0,\"publisher\":{\"@id\":\"https:\/\/francois-pelletant.fr\/blog\/#organization\"},\"image\":{\"@id\":\"https:\/\/francois-pelletant.fr\/blog\/linas-rn20-7-a-8\/#primaryimage\"},\"thumbnailUrl\":\"https:\/\/francois-pelletant.fr\/blog\/wp-content\/uploads\/2018\/02\/7a8-18-fevrier.jpg\",\"keywords\":[\"Essonne\",\"Linas\",\"pelletant\",\"RN 20\",\"rn20\"],\"articleSection\":[\"RN20\"],\"inLanguage\":\"fr-FR\",\"potentialAction\":[{\"@type\":\"CommentAction\",\"name\":\"Comment\",\"target\":[\"https:\/\/francois-pelletant.fr\/blog\/linas-rn20-7-a-8\/#respond\"]}]},{\"@type\":\"WebPage\",\"@id\":\"https:\/\/francois-pelletant.fr\/blog\/linas-rn20-7-a-8\/\",\"url\":\"https:\/\/francois-pelletant.fr\/blog\/linas-rn20-7-a-8\/\",\"name\":\"Linas et la RN20 dans 7 \u00e0 8 ! - Fran\u00e7ois Pelletant\",\"isPartOf\":{\"@id\":\"https:\/\/francois-pelletant.fr\/blog\/#website\"},\"primaryImageOfPage\":{\"@id\":\"https:\/\/francois-pelletant.fr\/blog\/linas-rn20-7-a-8\/#primaryimage\"},\"image\":{\"@id\":\"https:\/\/francois-pelletant.fr\/blog\/linas-rn20-7-a-8\/#primaryimage\"},\"thumbnailUrl\":\"https:\/\/francois-pelletant.fr\/blog\/wp-content\/uploads\/2018\/02\/7a8-18-fevrier.jpg\",\"datePublished\":\"2018-02-19T09:47:57+00:00\",\"breadcrumb\":{\"@id\":\"https:\/\/francois-pelletant.fr\/blog\/linas-rn20-7-a-8\/#breadcrumb\"},\"inLanguage\":\"fr-FR\",\"potentialAction\":[{\"@type\":\"ReadAction\",\"target\":[\"https:\/\/francois-pelletant.fr\/blog\/linas-rn20-7-a-8\/\"]}]},{\"@type\":\"ImageObject\",\"inLanguage\":\"fr-FR\",\"@id\":\"https:\/\/francois-pelletant.fr\/blog\/linas-rn20-7-a-8\/#primaryimage\",\"url\":\"https:\/\/francois-pelletant.fr\/blog\/wp-content\/uploads\/2018\/02\/7a8-18-fevrier.jpg\",\"contentUrl\":\"https:\/\/francois-pelletant.fr\/blog\/wp-content\/uploads\/2018\/02\/7a8-18-fevrier.jpg\",\"width\":1116,\"height\":703,\"caption\":\"emission TF1 7a8 18 fevrier\"},{\"@type\":\"BreadcrumbList\",\"@id\":\"https:\/\/francois-pelletant.fr\/blog\/linas-rn20-7-a-8\/#breadcrumb\",\"itemListElement\":[{\"@type\":\"ListItem\",\"position\":1,\"name\":\"Accueil\",\"item\":\"https:\/\/francois-pelletant.fr\/blog\/\"},{\"@type\":\"ListItem\",\"position\":2,\"name\":\"Linas et la RN20 dans 7 \u00e0 8 !\"}]},{\"@type\":\"WebSite\",\"@id\":\"https:\/\/francois-pelletant.fr\/blog\/#website\",\"url\":\"https:\/\/francois-pelletant.fr\/blog\/\",\"name\":\"Fran\u00e7ois Pelletant\",\"description\":\"Maire de Linas, pour toujours.\",\"publisher\":{\"@id\":\"https:\/\/francois-pelletant.fr\/blog\/#organization\"},\"potentialAction\":[{\"@type\":\"SearchAction\",\"target\":{\"@type\":\"EntryPoint\",\"urlTemplate\":\"https:\/\/francois-pelletant.fr\/blog\/?s={search_term_string}\"},\"query-input\":{\"@type\":\"PropertyValueSpecification\",\"valueRequired\":true,\"valueName\":\"search_term_string\"}}],\"inLanguage\":\"fr-FR\"},{\"@type\":\"Organization\",\"@id\":\"https:\/\/francois-pelletant.fr\/blog\/#organization\",\"name\":\"Fran\u00e7ois Pelletant\",\"url\":\"https:\/\/francois-pelletant.fr\/blog\/\",\"logo\":{\"@type\":\"ImageObject\",\"inLanguage\":\"fr-FR\",\"@id\":\"https:\/\/francois-pelletant.fr\/blog\/#\/schema\/logo\/image\/\",\"url\":\"https:\/\/francois-pelletant.fr\/blog\/wp-content\/uploads\/2024\/07\/icone-francois-centre-500p.png\",\"contentUrl\":\"https:\/\/francois-pelletant.fr\/blog\/wp-content\/uploads\/2024\/07\/icone-francois-centre-500p.png\",\"width\":559,\"height\":447,\"caption\":\"Fran\u00e7ois Pelletant\"},\"image\":{\"@id\":\"https:\/\/francois-pelletant.fr\/blog\/#\/schema\/logo\/image\/\"},\"sameAs\":[\"https:\/\/www.facebook.com\/francois.pelletant.7\",\"https:\/\/x.com\/pelletant\"]},{\"@type\":\"Person\",\"@id\":\"https:\/\/francois-pelletant.fr\/blog\/#\/schema\/person\/2be41acb171dff8f31aaed1f40cee9f3\",\"name\":\"Francois\"}]}<\/script>\n<!-- \/ Yoast SEO plugin. -->","yoast_head_json":{"title":"Linas et la RN20 dans 7 \u00e0 8 ! - Fran\u00e7ois Pelletant","robots":{"index":"index","follow":"follow","max-snippet":"max-snippet:-1","max-image-preview":"max-image-preview:large","max-video-preview":"max-video-preview:-1"},"canonical":"https:\/\/francois-pelletant.fr\/blog\/linas-rn20-7-a-8\/","og_locale":"fr_FR","og_type":"article","og_title":"Linas et la RN20 dans 7 \u00e0 8 ! - Fran\u00e7ois Pelletant","og_description":"Dimanche 18 f\u00e9vrier, l&#8217;\u00e9mission de TF1 &#8220;7 \u00e0 8 live&#8221; pr\u00e9sent\u00e9e par Harry Roselmack a consacr\u00e9 un large reportage sur la dangerosit\u00e9 de la RN20 \u00e0 hauteur de Linas et des environs.\u00a0Si vous n&#8217;avez pu voir l&#8217;\u00e9mission en direct, je vous propose une session de rattrapage via ce lien :\u00a0\u00e9mission 7 \u00e0 8","og_url":"https:\/\/francois-pelletant.fr\/blog\/linas-rn20-7-a-8\/","og_site_name":"Fran\u00e7ois Pelletant","article_publisher":"https:\/\/www.facebook.com\/francois.pelletant.7","article_published_time":"2018-02-19T09:47:57+00:00","og_image":[{"width":1116,"height":703,"url":"https:\/\/francois-pelletant.fr\/blog\/wp-content\/uploads\/2018\/02\/7a8-18-fevrier.jpg","type":"image\/jpeg"}],"author":"Francois","twitter_card":"summary_large_image","twitter_creator":"@pelletant","twitter_site":"@pelletant","twitter_misc":{"\u00c9crit par":"Francois"},"schema":{"@context":"https:\/\/schema.org","@graph":[{"@type":"Article","@id":"https:\/\/francois-pelletant.fr\/blog\/linas-rn20-7-a-8\/#article","isPartOf":{"@id":"https:\/\/francois-pelletant.fr\/blog\/linas-rn20-7-a-8\/"},"author":{"name":"Francois","@id":"https:\/\/francois-pelletant.fr\/blog\/#\/schema\/person\/2be41acb171dff8f31aaed1f40cee9f3"},"headline":"Linas et la RN20 dans 7 \u00e0 8 !","datePublished":"2018-02-19T09:47:57+00:00","mainEntityOfPage":{"@id":"https:\/\/francois-pelletant.fr\/blog\/linas-rn20-7-a-8\/"},"wordCount":68,"commentCount":0,"publisher":{"@id":"https:\/\/francois-pelletant.fr\/blog\/#organization"},"image":{"@id":"https:\/\/francois-pelletant.fr\/blog\/linas-rn20-7-a-8\/#primaryimage"},"thumbnailUrl":"https:\/\/francois-pelletant.fr\/blog\/wp-content\/uploads\/2018\/02\/7a8-18-fevrier.jpg","keywords":["Essonne","Linas","pelletant","RN 20","rn20"],"articleSection":["RN20"],"inLanguage":"fr-FR","potentialAction":[{"@type":"CommentAction","name":"Comment","target":["https:\/\/francois-pelletant.fr\/blog\/linas-rn20-7-a-8\/#respond"]}]},{"@type":"WebPage","@id":"https:\/\/francois-pelletant.fr\/blog\/linas-rn20-7-a-8\/","url":"https:\/\/francois-pelletant.fr\/blog\/linas-rn20-7-a-8\/","name":"Linas et la RN20 dans 7 \u00e0 8 ! - Fran\u00e7ois Pelletant","isPartOf":{"@id":"https:\/\/francois-pelletant.fr\/blog\/#website"},"primaryImageOfPage":{"@id":"https:\/\/francois-pelletant.fr\/blog\/linas-rn20-7-a-8\/#primaryimage"},"image":{"@id":"https:\/\/francois-pelletant.fr\/blog\/linas-rn20-7-a-8\/#primaryimage"},"thumbnailUrl":"https:\/\/francois-pelletant.fr\/blog\/wp-content\/uploads\/2018\/02\/7a8-18-fevrier.jpg","datePublished":"2018-02-19T09:47:57+00:00","breadcrumb":{"@id":"https:\/\/francois-pelletant.fr\/blog\/linas-rn20-7-a-8\/#breadcrumb"},"inLanguage":"fr-FR","potentialAction":[{"@type":"ReadAction","target":["https:\/\/francois-pelletant.fr\/blog\/linas-rn20-7-a-8\/"]}]},{"@type":"ImageObject","inLanguage":"fr-FR","@id":"https:\/\/francois-pelletant.fr\/blog\/linas-rn20-7-a-8\/#primaryimage","url":"https:\/\/francois-pelletant.fr\/blog\/wp-content\/uploads\/2018\/02\/7a8-18-fevrier.jpg","contentUrl":"https:\/\/francois-pelletant.fr\/blog\/wp-content\/uploads\/2018\/02\/7a8-18-fevrier.jpg","width":1116,"height":703,"caption":"emission TF1 7a8 18 fevrier"},{"@type":"BreadcrumbList","@id":"https:\/\/francois-pelletant.fr\/blog\/linas-rn20-7-a-8\/#breadcrumb","itemListElement":[{"@type":"ListItem","position":1,"name":"Accueil","item":"https:\/\/francois-pelletant.fr\/blog\/"},{"@type":"ListItem","position":2,"name":"Linas et la RN20 dans 7 \u00e0 8 !"}]},{"@type":"WebSite","@id":"https:\/\/francois-pelletant.fr\/blog\/#website","url":"https:\/\/francois-pelletant.fr\/blog\/","name":"Fran\u00e7ois Pelletant","description":"Maire de Linas, pour toujours.","publisher":{"@id":"https:\/\/francois-pelletant.fr\/blog\/#organization"},"potentialAction":[{"@type":"SearchAction","target":{"@type":"EntryPoint","urlTemplate":"https:\/\/francois-pelletant.fr\/blog\/?s={search_term_string}"},"query-input":{"@type":"PropertyValueSpecification","valueRequired":true,"valueName":"search_term_string"}}],"inLanguage":"fr-FR"},{"@type":"Organization","@id":"https:\/\/francois-pelletant.fr\/blog\/#organization","name":"Fran\u00e7ois Pelletant","url":"https:\/\/francois-pelletant.fr\/blog\/","logo":{"@type":"ImageObject","inLanguage":"fr-FR","@id":"https:\/\/francois-pelletant.fr\/blog\/#\/schema\/logo\/image\/","url":"https:\/\/francois-pelletant.fr\/blog\/wp-content\/uploads\/2024\/07\/icone-francois-centre-500p.png","contentUrl":"https:\/\/francois-pelletant.fr\/blog\/wp-content\/uploads\/2024\/07\/icone-francois-centre-500p.png","width":559,"height":447,"caption":"Fran\u00e7ois Pelletant"},"image":{"@id":"https:\/\/francois-pelletant.fr\/blog\/#\/schema\/logo\/image\/"},"sameAs":["https:\/\/www.facebook.com\/francois.pelletant.7","https:\/\/x.com\/pelletant"]},{"@type":"Person","@id":"https:\/\/francois-pelletant.fr\/blog\/#\/schema\/person\/2be41acb171dff8f31aaed1f40cee9f3","name":"Francois"}]}},"_links":{"self":[{"href":"https:\/\/francois-pelletant.fr\/blog\/wp-json\/wp\/v2\/posts\/11119","targetHints":{"allow":["GET"]}}],"collection":[{"href":"https:\/\/francois-pelletant.fr\/blog\/wp-json\/wp\/v2\/posts"}],"about":[{"href":"https:\/\/francois-pelletant.fr\/blog\/wp-json\/wp\/v2\/types\/post"}],"author":[{"embeddable":true,"href":"https:\/\/francois-pelletant.fr\/blog\/wp-json\/wp\/v2\/users\/1"}],"replies":[{"embeddable":true,"href":"https:\/\/francois-pelletant.fr\/blog\/wp-json\/wp\/v2\/comments?post=11119"}],"version-history":[{"count":0,"href":"https:\/\/francois-pelletant.fr\/blog\/wp-json\/wp\/v2\/posts\/11119\/revisions"}],"wp:featuredmedia":[{"embeddable":true,"href":"https:\/\/francois-pelletant.fr\/blog\/wp-json\/wp\/v2\/media\/11120"}],"wp:attachment":[{"href":"https:\/\/francois-pelletant.fr\/blog\/wp-json\/wp\/v2\/media?parent=11119"}],"wp:term":[{"taxonomy":"category","embeddable":true,"href":"https:\/\/francois-pelletant.fr\/blog\/wp-json\/wp\/v2\/categories?post=11119"},{"taxonomy":"post_tag","embeddable":true,"href":"https:\/\/francois-pelletant.fr\/blog\/wp-json\/wp\/v2\/tags?post=11119"}],"curies":[{"name":"wp","href":"https:\/\/api.w.org\/{rel}","templated":true}]}}