{"id":11144,"date":"2018-03-02T09:43:18","date_gmt":"2018-03-02T09:43:18","guid":{"rendered":"https:\/\/francois-pelletant.fr\/blog\/?p=11144"},"modified":"2018-03-02T09:43:18","modified_gmt":"2018-03-02T09:43:18","slug":"tattoo-linas","status":"publish","type":"post","link":"https:\/\/francois-pelletant.fr\/blog\/tattoo-linas\/","title":{"rendered":"Tous au tattoo ce week end !"},"content":{"rendered":"<p style=\"font-weight: 400;\"><strong><a href=\"https:\/\/francois-pelletant.fr\/blog\/wp-content\/uploads\/2018\/03\/DSC_0527-2.jpg\" rel=\"attachment wp-att-11145\"><img loading=\"lazy\" decoding=\"async\" class=\"alignleft size-medium wp-image-11145\" src=\"https:\/\/francois-pelletant.fr\/blog\/wp-content\/uploads\/2018\/03\/DSC_0527-2-300x199.jpg\" alt=\"DSC_0527-2\" width=\"300\" height=\"199\" srcset=\"https:\/\/francois-pelletant.fr\/blog\/wp-content\/uploads\/2018\/03\/DSC_0527-2-300x199.jpg 300w, https:\/\/francois-pelletant.fr\/blog\/wp-content\/uploads\/2018\/03\/DSC_0527-2-1024x680.jpg 1024w, https:\/\/francois-pelletant.fr\/blog\/wp-content\/uploads\/2018\/03\/DSC_0527-2-768x510.jpg 768w, https:\/\/francois-pelletant.fr\/blog\/wp-content\/uploads\/2018\/03\/DSC_0527-2-600x399.jpg 600w, https:\/\/francois-pelletant.fr\/blog\/wp-content\/uploads\/2018\/03\/DSC_0527-2-1536x1020.jpg 1536w, https:\/\/francois-pelletant.fr\/blog\/wp-content\/uploads\/2018\/03\/DSC_0527-2-2048x1360.jpg 2048w\" sizes=\"auto, (max-width: 300px) 100vw, 300px\" \/><\/a><\/strong>Ce week-end, je vous donne rendez-vous pour la seconde \u00e9dition de la convention internationale du tatouage qui se d\u00e9roule \u00e0 Linas du 2 au 4 mars 2018 et qui va rassembler quelques 100 tatoueurs internationaux, des stands, des cr\u00e9atrices de bijoux, du piercing, des concerts, des shows, l&#8217;\u00e9lection de Miss et Mister Tattoo, des concours et de nombreuses surprises\u2026<\/p>\n<p style=\"font-weight: 400;\">Cette convention, qui a rassembl\u00e9 quelques 5.000 visiteurs l&#8217;an dernier, permettra de rencontrer et de choisir des professionnels reconnus qui sont domicili\u00e9s tr\u00e8s loin, pour nombre d\u2019entre eux, et qu\u2019il est difficile de rencontrer autrement. Bien \u00e9videmment, lors de ce rendez-vous chacun aura loisir de se faire tatouer sur place directement. Les tatoueurs ont tout leur mat\u00e9riel et respectent les r\u00e8gles d\u2019hygi\u00e8ne comme dans un studio.\u00a0Rendez-vous au Cosom de Linas, rue de Carcassonne &#8211; Toutes les infos sur\u00a0<u><a href=\"http:\/\/www.linas.fr\/\" data-saferedirecturl=\"https:\/\/www.google.com\/url?hl=fr&amp;q=http:\/\/www.linas.fr&amp;source=gmail&amp;ust=1520064108559000&amp;usg=AFQjCNH408dZTW_NLm9kFQXDarAiIqdFog\" target=\"_blank\" rel=\"nofollow\">www.linas.fr<\/a><\/u><\/p>\n","protected":false},"excerpt":{"rendered":"<p>Ce week-end, je vous donne rendez-vous pour la seconde \u00e9dition de la convention internationale du tatouage qui se d\u00e9roule \u00e0 Linas du 2 au 4 mars 2018 et qui va rassembler quelques 100 tatoueurs internationaux, des stands, des cr\u00e9atrices de bijoux, du piercing, des concerts, des shows, l&#8217;\u00e9lection de Miss et Mister Tattoo, des concours [&hellip;]<\/p>\n","protected":false},"author":1,"featured_media":11145,"comment_status":"open","ping_status":"closed","sticky":false,"template":"","format":"standard","meta":{"footnotes":""},"categories":[10],"tags":[49,378,377],"class_list":["post-11144","post","type-post","status-publish","format-standard","has-post-thumbnail","hentry","category-1pelletant","tag-essonne","tag-tatouage","tag-tattoo"],"yoast_head":"<!-- This site is optimized with the Yoast SEO plugin v25.6 - https:\/\/yoast.com\/wordpress\/plugins\/seo\/ -->\n<title>Tous au tattoo ce week end ! - Fran\u00e7ois Pelletant<\/title>\n<meta name=\"robots\" content=\"index, follow, max-snippet:-1, max-image-preview:large, max-video-preview:-1\" \/>\n<link rel=\"canonical\" href=\"https:\/\/francois-pelletant.fr\/blog\/tattoo-linas\/\" \/>\n<meta property=\"og:locale\" content=\"fr_FR\" \/>\n<meta property=\"og:type\" content=\"article\" \/>\n<meta property=\"og:title\" content=\"Tous au tattoo ce week end ! - Fran\u00e7ois Pelletant\" \/>\n<meta property=\"og:description\" content=\"Ce week-end, je vous donne rendez-vous pour la seconde \u00e9dition de la convention internationale du tatouage qui se d\u00e9roule \u00e0 Linas du 2 au 4 mars 2018 et qui va rassembler quelques 100 tatoueurs internationaux, des stands, des cr\u00e9atrices de bijoux, du piercing, des concerts, des shows, l&#8217;\u00e9lection de Miss et Mister Tattoo, des concours [&hellip;]\" \/>\n<meta property=\"og:url\" content=\"https:\/\/francois-pelletant.fr\/blog\/tattoo-linas\/\" \/>\n<meta property=\"og:site_name\" content=\"Fran\u00e7ois Pelletant\" \/>\n<meta property=\"article:publisher\" content=\"https:\/\/www.facebook.com\/francois.pelletant.7\" \/>\n<meta property=\"article:published_time\" content=\"2018-03-02T09:43:18+00:00\" \/>\n<meta property=\"og:image\" content=\"https:\/\/francois-pelletant.fr\/blog\/wp-content\/uploads\/2018\/03\/DSC_0527-2-scaled.jpg\" \/>\n\t<meta property=\"og:image:width\" content=\"2560\" \/>\n\t<meta property=\"og:image:height\" content=\"1700\" \/>\n\t<meta property=\"og:image:type\" content=\"image\/jpeg\" \/>\n<meta name=\"author\" content=\"Francois\" \/>\n<meta name=\"twitter:card\" content=\"summary_large_image\" \/>\n<meta name=\"twitter:creator\" content=\"@pelletant\" \/>\n<meta name=\"twitter:site\" content=\"@pelletant\" \/>\n<meta name=\"twitter:label1\" content=\"\u00c9crit par\" \/>\n\t<meta name=\"twitter:data1\" content=\"Francois\" \/>\n\t<meta name=\"twitter:label2\" content=\"Dur\u00e9e de lecture estim\u00e9e\" \/>\n\t<meta name=\"twitter:data2\" content=\"1 minute\" \/>\n<script type=\"application\/ld+json\" class=\"yoast-schema-graph\">{\"@context\":\"https:\/\/schema.org\",\"@graph\":[{\"@type\":\"Article\",\"@id\":\"https:\/\/francois-pelletant.fr\/blog\/tattoo-linas\/#article\",\"isPartOf\":{\"@id\":\"https:\/\/francois-pelletant.fr\/blog\/tattoo-linas\/\"},\"author\":{\"name\":\"Francois\",\"@id\":\"https:\/\/francois-pelletant.fr\/blog\/#\/schema\/person\/2be41acb171dff8f31aaed1f40cee9f3\"},\"headline\":\"Tous au tattoo ce week end !\",\"datePublished\":\"2018-03-02T09:43:18+00:00\",\"mainEntityOfPage\":{\"@id\":\"https:\/\/francois-pelletant.fr\/blog\/tattoo-linas\/\"},\"wordCount\":153,\"commentCount\":0,\"publisher\":{\"@id\":\"https:\/\/francois-pelletant.fr\/blog\/#organization\"},\"image\":{\"@id\":\"https:\/\/francois-pelletant.fr\/blog\/tattoo-linas\/#primaryimage\"},\"thumbnailUrl\":\"https:\/\/francois-pelletant.fr\/blog\/wp-content\/uploads\/2018\/03\/DSC_0527-2-scaled.jpg\",\"keywords\":[\"Essonne\",\"tatouage\",\"tattoo\"],\"articleSection\":[\"Infos\"],\"inLanguage\":\"fr-FR\",\"potentialAction\":[{\"@type\":\"CommentAction\",\"name\":\"Comment\",\"target\":[\"https:\/\/francois-pelletant.fr\/blog\/tattoo-linas\/#respond\"]}]},{\"@type\":\"WebPage\",\"@id\":\"https:\/\/francois-pelletant.fr\/blog\/tattoo-linas\/\",\"url\":\"https:\/\/francois-pelletant.fr\/blog\/tattoo-linas\/\",\"name\":\"Tous au tattoo ce week end ! - Fran\u00e7ois Pelletant\",\"isPartOf\":{\"@id\":\"https:\/\/francois-pelletant.fr\/blog\/#website\"},\"primaryImageOfPage\":{\"@id\":\"https:\/\/francois-pelletant.fr\/blog\/tattoo-linas\/#primaryimage\"},\"image\":{\"@id\":\"https:\/\/francois-pelletant.fr\/blog\/tattoo-linas\/#primaryimage\"},\"thumbnailUrl\":\"https:\/\/francois-pelletant.fr\/blog\/wp-content\/uploads\/2018\/03\/DSC_0527-2-scaled.jpg\",\"datePublished\":\"2018-03-02T09:43:18+00:00\",\"breadcrumb\":{\"@id\":\"https:\/\/francois-pelletant.fr\/blog\/tattoo-linas\/#breadcrumb\"},\"inLanguage\":\"fr-FR\",\"potentialAction\":[{\"@type\":\"ReadAction\",\"target\":[\"https:\/\/francois-pelletant.fr\/blog\/tattoo-linas\/\"]}]},{\"@type\":\"ImageObject\",\"inLanguage\":\"fr-FR\",\"@id\":\"https:\/\/francois-pelletant.fr\/blog\/tattoo-linas\/#primaryimage\",\"url\":\"https:\/\/francois-pelletant.fr\/blog\/wp-content\/uploads\/2018\/03\/DSC_0527-2-scaled.jpg\",\"contentUrl\":\"https:\/\/francois-pelletant.fr\/blog\/wp-content\/uploads\/2018\/03\/DSC_0527-2-scaled.jpg\",\"width\":2560,\"height\":1700},{\"@type\":\"BreadcrumbList\",\"@id\":\"https:\/\/francois-pelletant.fr\/blog\/tattoo-linas\/#breadcrumb\",\"itemListElement\":[{\"@type\":\"ListItem\",\"position\":1,\"name\":\"Accueil\",\"item\":\"https:\/\/francois-pelletant.fr\/blog\/\"},{\"@type\":\"ListItem\",\"position\":2,\"name\":\"Tous au tattoo ce week end !\"}]},{\"@type\":\"WebSite\",\"@id\":\"https:\/\/francois-pelletant.fr\/blog\/#website\",\"url\":\"https:\/\/francois-pelletant.fr\/blog\/\",\"name\":\"Fran\u00e7ois Pelletant\",\"description\":\"Maire de Linas, pour toujours.\",\"publisher\":{\"@id\":\"https:\/\/francois-pelletant.fr\/blog\/#organization\"},\"potentialAction\":[{\"@type\":\"SearchAction\",\"target\":{\"@type\":\"EntryPoint\",\"urlTemplate\":\"https:\/\/francois-pelletant.fr\/blog\/?s={search_term_string}\"},\"query-input\":{\"@type\":\"PropertyValueSpecification\",\"valueRequired\":true,\"valueName\":\"search_term_string\"}}],\"inLanguage\":\"fr-FR\"},{\"@type\":\"Organization\",\"@id\":\"https:\/\/francois-pelletant.fr\/blog\/#organization\",\"name\":\"Fran\u00e7ois Pelletant\",\"url\":\"https:\/\/francois-pelletant.fr\/blog\/\",\"logo\":{\"@type\":\"ImageObject\",\"inLanguage\":\"fr-FR\",\"@id\":\"https:\/\/francois-pelletant.fr\/blog\/#\/schema\/logo\/image\/\",\"url\":\"https:\/\/francois-pelletant.fr\/blog\/wp-content\/uploads\/2024\/07\/icone-francois-centre-500p.png\",\"contentUrl\":\"https:\/\/francois-pelletant.fr\/blog\/wp-content\/uploads\/2024\/07\/icone-francois-centre-500p.png\",\"width\":559,\"height\":447,\"caption\":\"Fran\u00e7ois Pelletant\"},\"image\":{\"@id\":\"https:\/\/francois-pelletant.fr\/blog\/#\/schema\/logo\/image\/\"},\"sameAs\":[\"https:\/\/www.facebook.com\/francois.pelletant.7\",\"https:\/\/x.com\/pelletant\"]},{\"@type\":\"Person\",\"@id\":\"https:\/\/francois-pelletant.fr\/blog\/#\/schema\/person\/2be41acb171dff8f31aaed1f40cee9f3\",\"name\":\"Francois\"}]}<\/script>\n<!-- \/ Yoast SEO plugin. -->","yoast_head_json":{"title":"Tous au tattoo ce week end ! - Fran\u00e7ois Pelletant","robots":{"index":"index","follow":"follow","max-snippet":"max-snippet:-1","max-image-preview":"max-image-preview:large","max-video-preview":"max-video-preview:-1"},"canonical":"https:\/\/francois-pelletant.fr\/blog\/tattoo-linas\/","og_locale":"fr_FR","og_type":"article","og_title":"Tous au tattoo ce week end ! - Fran\u00e7ois Pelletant","og_description":"Ce week-end, je vous donne rendez-vous pour la seconde \u00e9dition de la convention internationale du tatouage qui se d\u00e9roule \u00e0 Linas du 2 au 4 mars 2018 et qui va rassembler quelques 100 tatoueurs internationaux, des stands, des cr\u00e9atrices de bijoux, du piercing, des concerts, des shows, l&#8217;\u00e9lection de Miss et Mister Tattoo, des concours [&hellip;]","og_url":"https:\/\/francois-pelletant.fr\/blog\/tattoo-linas\/","og_site_name":"Fran\u00e7ois Pelletant","article_publisher":"https:\/\/www.facebook.com\/francois.pelletant.7","article_published_time":"2018-03-02T09:43:18+00:00","og_image":[{"width":2560,"height":1700,"url":"https:\/\/francois-pelletant.fr\/blog\/wp-content\/uploads\/2018\/03\/DSC_0527-2-scaled.jpg","type":"image\/jpeg"}],"author":"Francois","twitter_card":"summary_large_image","twitter_creator":"@pelletant","twitter_site":"@pelletant","twitter_misc":{"\u00c9crit par":"Francois","Dur\u00e9e de lecture estim\u00e9e":"1 minute"},"schema":{"@context":"https:\/\/schema.org","@graph":[{"@type":"Article","@id":"https:\/\/francois-pelletant.fr\/blog\/tattoo-linas\/#article","isPartOf":{"@id":"https:\/\/francois-pelletant.fr\/blog\/tattoo-linas\/"},"author":{"name":"Francois","@id":"https:\/\/francois-pelletant.fr\/blog\/#\/schema\/person\/2be41acb171dff8f31aaed1f40cee9f3"},"headline":"Tous au tattoo ce week end !","datePublished":"2018-03-02T09:43:18+00:00","mainEntityOfPage":{"@id":"https:\/\/francois-pelletant.fr\/blog\/tattoo-linas\/"},"wordCount":153,"commentCount":0,"publisher":{"@id":"https:\/\/francois-pelletant.fr\/blog\/#organization"},"image":{"@id":"https:\/\/francois-pelletant.fr\/blog\/tattoo-linas\/#primaryimage"},"thumbnailUrl":"https:\/\/francois-pelletant.fr\/blog\/wp-content\/uploads\/2018\/03\/DSC_0527-2-scaled.jpg","keywords":["Essonne","tatouage","tattoo"],"articleSection":["Infos"],"inLanguage":"fr-FR","potentialAction":[{"@type":"CommentAction","name":"Comment","target":["https:\/\/francois-pelletant.fr\/blog\/tattoo-linas\/#respond"]}]},{"@type":"WebPage","@id":"https:\/\/francois-pelletant.fr\/blog\/tattoo-linas\/","url":"https:\/\/francois-pelletant.fr\/blog\/tattoo-linas\/","name":"Tous au tattoo ce week end ! - Fran\u00e7ois Pelletant","isPartOf":{"@id":"https:\/\/francois-pelletant.fr\/blog\/#website"},"primaryImageOfPage":{"@id":"https:\/\/francois-pelletant.fr\/blog\/tattoo-linas\/#primaryimage"},"image":{"@id":"https:\/\/francois-pelletant.fr\/blog\/tattoo-linas\/#primaryimage"},"thumbnailUrl":"https:\/\/francois-pelletant.fr\/blog\/wp-content\/uploads\/2018\/03\/DSC_0527-2-scaled.jpg","datePublished":"2018-03-02T09:43:18+00:00","breadcrumb":{"@id":"https:\/\/francois-pelletant.fr\/blog\/tattoo-linas\/#breadcrumb"},"inLanguage":"fr-FR","potentialAction":[{"@type":"ReadAction","target":["https:\/\/francois-pelletant.fr\/blog\/tattoo-linas\/"]}]},{"@type":"ImageObject","inLanguage":"fr-FR","@id":"https:\/\/francois-pelletant.fr\/blog\/tattoo-linas\/#primaryimage","url":"https:\/\/francois-pelletant.fr\/blog\/wp-content\/uploads\/2018\/03\/DSC_0527-2-scaled.jpg","contentUrl":"https:\/\/francois-pelletant.fr\/blog\/wp-content\/uploads\/2018\/03\/DSC_0527-2-scaled.jpg","width":2560,"height":1700},{"@type":"BreadcrumbList","@id":"https:\/\/francois-pelletant.fr\/blog\/tattoo-linas\/#breadcrumb","itemListElement":[{"@type":"ListItem","position":1,"name":"Accueil","item":"https:\/\/francois-pelletant.fr\/blog\/"},{"@type":"ListItem","position":2,"name":"Tous au tattoo ce week end !"}]},{"@type":"WebSite","@id":"https:\/\/francois-pelletant.fr\/blog\/#website","url":"https:\/\/francois-pelletant.fr\/blog\/","name":"Fran\u00e7ois Pelletant","description":"Maire de Linas, pour toujours.","publisher":{"@id":"https:\/\/francois-pelletant.fr\/blog\/#organization"},"potentialAction":[{"@type":"SearchAction","target":{"@type":"EntryPoint","urlTemplate":"https:\/\/francois-pelletant.fr\/blog\/?s={search_term_string}"},"query-input":{"@type":"PropertyValueSpecification","valueRequired":true,"valueName":"search_term_string"}}],"inLanguage":"fr-FR"},{"@type":"Organization","@id":"https:\/\/francois-pelletant.fr\/blog\/#organization","name":"Fran\u00e7ois Pelletant","url":"https:\/\/francois-pelletant.fr\/blog\/","logo":{"@type":"ImageObject","inLanguage":"fr-FR","@id":"https:\/\/francois-pelletant.fr\/blog\/#\/schema\/logo\/image\/","url":"https:\/\/francois-pelletant.fr\/blog\/wp-content\/uploads\/2024\/07\/icone-francois-centre-500p.png","contentUrl":"https:\/\/francois-pelletant.fr\/blog\/wp-content\/uploads\/2024\/07\/icone-francois-centre-500p.png","width":559,"height":447,"caption":"Fran\u00e7ois Pelletant"},"image":{"@id":"https:\/\/francois-pelletant.fr\/blog\/#\/schema\/logo\/image\/"},"sameAs":["https:\/\/www.facebook.com\/francois.pelletant.7","https:\/\/x.com\/pelletant"]},{"@type":"Person","@id":"https:\/\/francois-pelletant.fr\/blog\/#\/schema\/person\/2be41acb171dff8f31aaed1f40cee9f3","name":"Francois"}]}},"_links":{"self":[{"href":"https:\/\/francois-pelletant.fr\/blog\/wp-json\/wp\/v2\/posts\/11144","targetHints":{"allow":["GET"]}}],"collection":[{"href":"https:\/\/francois-pelletant.fr\/blog\/wp-json\/wp\/v2\/posts"}],"about":[{"href":"https:\/\/francois-pelletant.fr\/blog\/wp-json\/wp\/v2\/types\/post"}],"author":[{"embeddable":true,"href":"https:\/\/francois-pelletant.fr\/blog\/wp-json\/wp\/v2\/users\/1"}],"replies":[{"embeddable":true,"href":"https:\/\/francois-pelletant.fr\/blog\/wp-json\/wp\/v2\/comments?post=11144"}],"version-history":[{"count":0,"href":"https:\/\/francois-pelletant.fr\/blog\/wp-json\/wp\/v2\/posts\/11144\/revisions"}],"wp:featuredmedia":[{"embeddable":true,"href":"https:\/\/francois-pelletant.fr\/blog\/wp-json\/wp\/v2\/media\/11145"}],"wp:attachment":[{"href":"https:\/\/francois-pelletant.fr\/blog\/wp-json\/wp\/v2\/media?parent=11144"}],"wp:term":[{"taxonomy":"category","embeddable":true,"href":"https:\/\/francois-pelletant.fr\/blog\/wp-json\/wp\/v2\/categories?post=11144"},{"taxonomy":"post_tag","embeddable":true,"href":"https:\/\/francois-pelletant.fr\/blog\/wp-json\/wp\/v2\/tags?post=11144"}],"curies":[{"name":"wp","href":"https:\/\/api.w.org\/{rel}","templated":true}]}}