{"id":11181,"date":"2018-03-18T10:45:00","date_gmt":"2018-03-18T10:45:00","guid":{"rendered":"https:\/\/francois-pelletant.fr\/blog\/?p=11181"},"modified":"2018-03-16T10:47:58","modified_gmt":"2018-03-16T10:47:58","slug":"dessins-de-presse-rien-meilleur","status":"publish","type":"post","link":"https:\/\/francois-pelletant.fr\/blog\/dessins-de-presse-rien-meilleur\/","title":{"rendered":"Dessins de presse : rien que le meilleur !"},"content":{"rendered":"<figure id=\"attachment_11180\" aria-describedby=\"caption-attachment-11180\" style=\"width: 300px\" class=\"wp-caption alignleft\"><a href=\"https:\/\/francois-pelletant.fr\/blog\/wp-content\/uploads\/2018\/03\/Le-canard-enchain\u00e9-14-mars-2.jpg\" rel=\"attachment wp-att-11180\"><img loading=\"lazy\" decoding=\"async\" class=\"size-medium wp-image-11180\" src=\"https:\/\/francois-pelletant.fr\/blog\/wp-content\/uploads\/2018\/03\/Le-canard-enchain\u00e9-14-mars-2-300x262.jpg\" alt=\"Le canard enchain\u00e9 14 mars \" width=\"300\" height=\"262\" srcset=\"https:\/\/francois-pelletant.fr\/blog\/wp-content\/uploads\/2018\/03\/Le-canard-enchain\u00e9-14-mars-2-300x262.jpg 300w, https:\/\/francois-pelletant.fr\/blog\/wp-content\/uploads\/2018\/03\/Le-canard-enchain\u00e9-14-mars-2-1024x893.jpg 1024w, https:\/\/francois-pelletant.fr\/blog\/wp-content\/uploads\/2018\/03\/Le-canard-enchain\u00e9-14-mars-2-768x669.jpg 768w, https:\/\/francois-pelletant.fr\/blog\/wp-content\/uploads\/2018\/03\/Le-canard-enchain\u00e9-14-mars-2-600x523.jpg 600w, https:\/\/francois-pelletant.fr\/blog\/wp-content\/uploads\/2018\/03\/Le-canard-enchain\u00e9-14-mars-2-1536x1339.jpg 1536w, https:\/\/francois-pelletant.fr\/blog\/wp-content\/uploads\/2018\/03\/Le-canard-enchain\u00e9-14-mars-2-2048x1785.jpg 2048w\" sizes=\"auto, (max-width: 300px) 100vw, 300px\" \/><\/a><figcaption id=\"caption-attachment-11180\" class=\"wp-caption-text\">Le canard enchain\u00e9 14 mars<\/figcaption><\/figure>\n<p>Ce dimanche, je vous propose ma nouvelle s\u00e9lection hebdomadaire des dessins parus dans la presse et qui commentent l&#8217;actualit\u00e9 nationale et internationale de mani\u00e8re d\u00e9cal\u00e9e.<\/p>\n<p>&nbsp;<\/p>\n<figure id=\"attachment_11182\" aria-describedby=\"caption-attachment-11182\" style=\"width: 275px\" class=\"wp-caption aligncenter\"><a href=\"https:\/\/francois-pelletant.fr\/blog\/wp-content\/uploads\/2018\/03\/Chereau-15-mars.jpg\" rel=\"attachment wp-att-11182\"><img loading=\"lazy\" decoding=\"async\" class=\"size-medium wp-image-11182\" src=\"https:\/\/francois-pelletant.fr\/blog\/wp-content\/uploads\/2018\/03\/Chereau-15-mars-275x300.jpg\" alt=\"Chereau 15 mars\" width=\"275\" height=\"300\" srcset=\"https:\/\/francois-pelletant.fr\/blog\/wp-content\/uploads\/2018\/03\/Chereau-15-mars-275x300.jpg 275w, https:\/\/francois-pelletant.fr\/blog\/wp-content\/uploads\/2018\/03\/Chereau-15-mars-937x1024.jpg 937w, https:\/\/francois-pelletant.fr\/blog\/wp-content\/uploads\/2018\/03\/Chereau-15-mars-768x839.jpg 768w, https:\/\/francois-pelletant.fr\/blog\/wp-content\/uploads\/2018\/03\/Chereau-15-mars-600x656.jpg 600w, https:\/\/francois-pelletant.fr\/blog\/wp-content\/uploads\/2018\/03\/Chereau-15-mars.jpg 1098w\" sizes=\"auto, (max-width: 275px) 100vw, 275px\" \/><\/a><figcaption id=\"caption-attachment-11182\" class=\"wp-caption-text\">Chereau 15 mars<\/figcaption><\/figure>\n<p>&nbsp;<\/p>\n<figure id=\"attachment_11183\" aria-describedby=\"caption-attachment-11183\" style=\"width: 300px\" class=\"wp-caption aligncenter\"><a href=\"https:\/\/francois-pelletant.fr\/blog\/wp-content\/uploads\/2018\/03\/Faujour-15-mars.jpg\" rel=\"attachment wp-att-11183\"><img loading=\"lazy\" decoding=\"async\" class=\"size-medium wp-image-11183\" src=\"https:\/\/francois-pelletant.fr\/blog\/wp-content\/uploads\/2018\/03\/Faujour-15-mars-300x282.jpg\" alt=\"Faujour 15 mars\" width=\"300\" height=\"282\" srcset=\"https:\/\/francois-pelletant.fr\/blog\/wp-content\/uploads\/2018\/03\/Faujour-15-mars-300x282.jpg 300w, https:\/\/francois-pelletant.fr\/blog\/wp-content\/uploads\/2018\/03\/Faujour-15-mars-1024x963.jpg 1024w, https:\/\/francois-pelletant.fr\/blog\/wp-content\/uploads\/2018\/03\/Faujour-15-mars-768x723.jpg 768w, https:\/\/francois-pelletant.fr\/blog\/wp-content\/uploads\/2018\/03\/Faujour-15-mars-600x565.jpg 600w, https:\/\/francois-pelletant.fr\/blog\/wp-content\/uploads\/2018\/03\/Faujour-15-mars.jpg 1200w\" sizes=\"auto, (max-width: 300px) 100vw, 300px\" \/><\/a><figcaption id=\"caption-attachment-11183\" class=\"wp-caption-text\">Faujour 15 mars<\/figcaption><\/figure>\n<p>&nbsp;<\/p>\n<figure id=\"attachment_11184\" aria-describedby=\"caption-attachment-11184\" style=\"width: 300px\" class=\"wp-caption aligncenter\"><a href=\"https:\/\/francois-pelletant.fr\/blog\/wp-content\/uploads\/2018\/03\/Lasserpe-13-mars.jpg\" rel=\"attachment wp-att-11184\"><img loading=\"lazy\" decoding=\"async\" class=\"size-medium wp-image-11184\" src=\"https:\/\/francois-pelletant.fr\/blog\/wp-content\/uploads\/2018\/03\/Lasserpe-13-mars-300x300.jpg\" alt=\"Lasserpe 13 mars\" width=\"300\" height=\"300\" srcset=\"https:\/\/francois-pelletant.fr\/blog\/wp-content\/uploads\/2018\/03\/Lasserpe-13-mars-300x300.jpg 300w, https:\/\/francois-pelletant.fr\/blog\/wp-content\/uploads\/2018\/03\/Lasserpe-13-mars-150x150.jpg 150w, https:\/\/francois-pelletant.fr\/blog\/wp-content\/uploads\/2018\/03\/Lasserpe-13-mars-230x230.jpg 230w, https:\/\/francois-pelletant.fr\/blog\/wp-content\/uploads\/2018\/03\/Lasserpe-13-mars-400x400.jpg 400w, https:\/\/francois-pelletant.fr\/blog\/wp-content\/uploads\/2018\/03\/Lasserpe-13-mars.jpg 580w\" sizes=\"auto, (max-width: 300px) 100vw, 300px\" \/><\/a><figcaption id=\"caption-attachment-11184\" class=\"wp-caption-text\">Lasserpe 13 mars<\/figcaption><\/figure>\n<p>&nbsp;<\/p>\n<figure id=\"attachment_11185\" aria-describedby=\"caption-attachment-11185\" style=\"width: 300px\" class=\"wp-caption aligncenter\"><a href=\"https:\/\/francois-pelletant.fr\/blog\/wp-content\/uploads\/2018\/03\/Le-canard-enchain\u00e9-14-mars-1.jpg\" rel=\"attachment wp-att-11185\"><img loading=\"lazy\" decoding=\"async\" class=\"size-medium wp-image-11185\" src=\"https:\/\/francois-pelletant.fr\/blog\/wp-content\/uploads\/2018\/03\/Le-canard-enchain\u00e9-14-mars-1-300x262.jpg\" alt=\"Le canard enchain\u00e9 14 mars\" width=\"300\" height=\"262\" srcset=\"https:\/\/francois-pelletant.fr\/blog\/wp-content\/uploads\/2018\/03\/Le-canard-enchain\u00e9-14-mars-1-300x262.jpg 300w, https:\/\/francois-pelletant.fr\/blog\/wp-content\/uploads\/2018\/03\/Le-canard-enchain\u00e9-14-mars-1-1024x894.jpg 1024w, https:\/\/francois-pelletant.fr\/blog\/wp-content\/uploads\/2018\/03\/Le-canard-enchain\u00e9-14-mars-1-768x671.jpg 768w, https:\/\/francois-pelletant.fr\/blog\/wp-content\/uploads\/2018\/03\/Le-canard-enchain\u00e9-14-mars-1-600x524.jpg 600w, https:\/\/francois-pelletant.fr\/blog\/wp-content\/uploads\/2018\/03\/Le-canard-enchain\u00e9-14-mars-1-1536x1341.jpg 1536w, https:\/\/francois-pelletant.fr\/blog\/wp-content\/uploads\/2018\/03\/Le-canard-enchain\u00e9-14-mars-1.jpg 1860w\" sizes=\"auto, (max-width: 300px) 100vw, 300px\" \/><\/a><figcaption id=\"caption-attachment-11185\" class=\"wp-caption-text\">Le canard enchain\u00e9 14 mars<\/figcaption><\/figure>\n<p>&nbsp;<\/p>\n<figure id=\"attachment_11186\" aria-describedby=\"caption-attachment-11186\" style=\"width: 300px\" class=\"wp-caption aligncenter\"><a href=\"https:\/\/francois-pelletant.fr\/blog\/wp-content\/uploads\/2018\/03\/Le-Placide-15-mars.jpg\" rel=\"attachment wp-att-11186\"><img loading=\"lazy\" decoding=\"async\" class=\"size-medium wp-image-11186\" src=\"https:\/\/francois-pelletant.fr\/blog\/wp-content\/uploads\/2018\/03\/Le-Placide-15-mars-300x213.jpg\" alt=\"Le Placide 15 mars\" width=\"300\" height=\"213\" srcset=\"https:\/\/francois-pelletant.fr\/blog\/wp-content\/uploads\/2018\/03\/Le-Placide-15-mars-300x213.jpg 300w, https:\/\/francois-pelletant.fr\/blog\/wp-content\/uploads\/2018\/03\/Le-Placide-15-mars-768x544.jpg 768w, https:\/\/francois-pelletant.fr\/blog\/wp-content\/uploads\/2018\/03\/Le-Placide-15-mars-600x425.jpg 600w, https:\/\/francois-pelletant.fr\/blog\/wp-content\/uploads\/2018\/03\/Le-Placide-15-mars.jpg 840w\" sizes=\"auto, (max-width: 300px) 100vw, 300px\" \/><\/a><figcaption id=\"caption-attachment-11186\" class=\"wp-caption-text\">Le Placide 15 mars<\/figcaption><\/figure>\n<p>&nbsp;<\/p>\n<figure id=\"attachment_11187\" aria-describedby=\"caption-attachment-11187\" style=\"width: 300px\" class=\"wp-caption aligncenter\"><a href=\"https:\/\/francois-pelletant.fr\/blog\/wp-content\/uploads\/2018\/03\/Menegol-14-mars.jpg\" rel=\"attachment wp-att-11187\"><img loading=\"lazy\" decoding=\"async\" class=\"size-medium wp-image-11187\" src=\"https:\/\/francois-pelletant.fr\/blog\/wp-content\/uploads\/2018\/03\/Menegol-14-mars-300x249.jpg\" alt=\"Menegol 14 mars\" width=\"300\" height=\"249\" srcset=\"https:\/\/francois-pelletant.fr\/blog\/wp-content\/uploads\/2018\/03\/Menegol-14-mars-300x249.jpg 300w, https:\/\/francois-pelletant.fr\/blog\/wp-content\/uploads\/2018\/03\/Menegol-14-mars-1024x851.jpg 1024w, https:\/\/francois-pelletant.fr\/blog\/wp-content\/uploads\/2018\/03\/Menegol-14-mars-768x638.jpg 768w, https:\/\/francois-pelletant.fr\/blog\/wp-content\/uploads\/2018\/03\/Menegol-14-mars-600x498.jpg 600w, https:\/\/francois-pelletant.fr\/blog\/wp-content\/uploads\/2018\/03\/Menegol-14-mars-1536x1276.jpg 1536w, https:\/\/francois-pelletant.fr\/blog\/wp-content\/uploads\/2018\/03\/Menegol-14-mars.jpg 1777w\" sizes=\"auto, (max-width: 300px) 100vw, 300px\" \/><\/a><figcaption id=\"caption-attachment-11187\" class=\"wp-caption-text\">Menegol 14 mars<\/figcaption><\/figure>\n<p>&nbsp;<\/p>\n<figure id=\"attachment_11188\" aria-describedby=\"caption-attachment-11188\" style=\"width: 300px\" class=\"wp-caption aligncenter\"><a href=\"https:\/\/francois-pelletant.fr\/blog\/wp-content\/uploads\/2018\/03\/Na-13-mars.jpg\" rel=\"attachment wp-att-11188\"><img loading=\"lazy\" decoding=\"async\" class=\"size-medium wp-image-11188\" src=\"https:\/\/francois-pelletant.fr\/blog\/wp-content\/uploads\/2018\/03\/Na-13-mars-300x225.jpg\" alt=\"Na 13 mars\" width=\"300\" height=\"225\" srcset=\"https:\/\/francois-pelletant.fr\/blog\/wp-content\/uploads\/2018\/03\/Na-13-mars-300x225.jpg 300w, https:\/\/francois-pelletant.fr\/blog\/wp-content\/uploads\/2018\/03\/Na-13-mars.jpg 600w\" sizes=\"auto, (max-width: 300px) 100vw, 300px\" \/><\/a><figcaption id=\"caption-attachment-11188\" class=\"wp-caption-text\">Na 13 mars<\/figcaption><\/figure>\n<p>&nbsp;<\/p>\n<figure id=\"attachment_11189\" aria-describedby=\"caption-attachment-11189\" style=\"width: 218px\" class=\"wp-caption aligncenter\"><a href=\"https:\/\/francois-pelletant.fr\/blog\/wp-content\/uploads\/2018\/03\/Nicolas-Gr\u00e9goire-13-mars.jpg\" rel=\"attachment wp-att-11189\"><img loading=\"lazy\" decoding=\"async\" class=\"size-medium wp-image-11189\" src=\"https:\/\/francois-pelletant.fr\/blog\/wp-content\/uploads\/2018\/03\/Nicolas-Gr\u00e9goire-13-mars-218x300.jpg\" alt=\"Nicolas Gr\u00e9goire 13 mars\" width=\"218\" height=\"300\" srcset=\"https:\/\/francois-pelletant.fr\/blog\/wp-content\/uploads\/2018\/03\/Nicolas-Gr\u00e9goire-13-mars-218x300.jpg 218w, https:\/\/francois-pelletant.fr\/blog\/wp-content\/uploads\/2018\/03\/Nicolas-Gr\u00e9goire-13-mars-745x1024.jpg 745w, https:\/\/francois-pelletant.fr\/blog\/wp-content\/uploads\/2018\/03\/Nicolas-Gr\u00e9goire-13-mars-768x1056.jpg 768w, https:\/\/francois-pelletant.fr\/blog\/wp-content\/uploads\/2018\/03\/Nicolas-Gr\u00e9goire-13-mars-600x825.jpg 600w, https:\/\/francois-pelletant.fr\/blog\/wp-content\/uploads\/2018\/03\/Nicolas-Gr\u00e9goire-13-mars-1117x1536.jpg 1117w, https:\/\/francois-pelletant.fr\/blog\/wp-content\/uploads\/2018\/03\/Nicolas-Gr\u00e9goire-13-mars.jpg 1276w\" sizes=\"auto, (max-width: 218px) 100vw, 218px\" \/><\/a><figcaption id=\"caption-attachment-11189\" class=\"wp-caption-text\">Nicolas Gr\u00e9goire 13 mars<\/figcaption><\/figure>\n<p>&nbsp;<\/p>\n<figure id=\"attachment_11190\" aria-describedby=\"caption-attachment-11190\" style=\"width: 300px\" class=\"wp-caption aligncenter\"><a href=\"https:\/\/francois-pelletant.fr\/blog\/wp-content\/uploads\/2018\/03\/Na-15-mars.jpg\" rel=\"attachment wp-att-11190\"><img loading=\"lazy\" decoding=\"async\" class=\"size-medium wp-image-11190\" src=\"https:\/\/francois-pelletant.fr\/blog\/wp-content\/uploads\/2018\/03\/Na-15-mars-300x225.jpg\" alt=\"Na 15 mars\" width=\"300\" height=\"225\" srcset=\"https:\/\/francois-pelletant.fr\/blog\/wp-content\/uploads\/2018\/03\/Na-15-mars-300x225.jpg 300w, https:\/\/francois-pelletant.fr\/blog\/wp-content\/uploads\/2018\/03\/Na-15-mars.jpg 600w\" sizes=\"auto, (max-width: 300px) 100vw, 300px\" \/><\/a><figcaption id=\"caption-attachment-11190\" class=\"wp-caption-text\">Na 15 mars<\/figcaption><\/figure>\n","protected":false},"excerpt":{"rendered":"<p>Ce dimanche, je vous propose ma nouvelle s\u00e9lection hebdomadaire des dessins parus dans la presse et qui commentent l&#8217;actualit\u00e9 nationale et internationale de mani\u00e8re d\u00e9cal\u00e9e. &nbsp; &nbsp; &nbsp; &nbsp; &nbsp; &nbsp; &nbsp; &nbsp; &nbsp;<\/p>\n","protected":false},"author":1,"featured_media":11180,"comment_status":"open","ping_status":"closed","sticky":false,"template":"","format":"standard","meta":{"footnotes":""},"categories":[17],"tags":[],"class_list":["post-11181","post","type-post","status-publish","format-standard","has-post-thumbnail","hentry","category-prix-du-meilleur-dessin-de-presse"],"yoast_head":"<!-- This site is optimized with the Yoast SEO plugin v25.6 - https:\/\/yoast.com\/wordpress\/plugins\/seo\/ -->\n<title>Dessins de presse : rien que le meilleur ! - Fran\u00e7ois Pelletant<\/title>\n<meta name=\"robots\" content=\"index, follow, max-snippet:-1, max-image-preview:large, max-video-preview:-1\" \/>\n<link rel=\"canonical\" href=\"https:\/\/francois-pelletant.fr\/blog\/dessins-de-presse-rien-meilleur\/\" \/>\n<meta property=\"og:locale\" content=\"fr_FR\" \/>\n<meta property=\"og:type\" content=\"article\" \/>\n<meta property=\"og:title\" content=\"Dessins de presse : rien que le meilleur ! - Fran\u00e7ois Pelletant\" \/>\n<meta property=\"og:description\" content=\"Ce dimanche, je vous propose ma nouvelle s\u00e9lection hebdomadaire des dessins parus dans la presse et qui commentent l&#8217;actualit\u00e9 nationale et internationale de mani\u00e8re d\u00e9cal\u00e9e. &nbsp; &nbsp; &nbsp; &nbsp; &nbsp; &nbsp; &nbsp; &nbsp; &nbsp;\" \/>\n<meta property=\"og:url\" content=\"https:\/\/francois-pelletant.fr\/blog\/dessins-de-presse-rien-meilleur\/\" \/>\n<meta property=\"og:site_name\" content=\"Fran\u00e7ois Pelletant\" \/>\n<meta property=\"article:publisher\" content=\"https:\/\/www.facebook.com\/francois.pelletant.7\" \/>\n<meta property=\"article:published_time\" content=\"2018-03-18T10:45:00+00:00\" \/>\n<meta property=\"og:image\" content=\"https:\/\/francois-pelletant.fr\/blog\/wp-content\/uploads\/2018\/03\/Le-canard-enchain\u00e9-14-mars-2.jpg\" \/>\n\t<meta property=\"og:image:width\" content=\"2105\" \/>\n\t<meta property=\"og:image:height\" content=\"1835\" \/>\n\t<meta property=\"og:image:type\" content=\"image\/jpeg\" \/>\n<meta name=\"author\" content=\"Francois\" \/>\n<meta name=\"twitter:card\" content=\"summary_large_image\" \/>\n<meta name=\"twitter:creator\" content=\"@pelletant\" \/>\n<meta name=\"twitter:site\" content=\"@pelletant\" \/>\n<meta name=\"twitter:label1\" content=\"\u00c9crit par\" \/>\n\t<meta name=\"twitter:data1\" content=\"Francois\" \/>\n\t<meta name=\"twitter:label2\" content=\"Dur\u00e9e de lecture estim\u00e9e\" \/>\n\t<meta name=\"twitter:data2\" content=\"1 minute\" \/>\n<script type=\"application\/ld+json\" class=\"yoast-schema-graph\">{\"@context\":\"https:\/\/schema.org\",\"@graph\":[{\"@type\":\"Article\",\"@id\":\"https:\/\/francois-pelletant.fr\/blog\/dessins-de-presse-rien-meilleur\/#article\",\"isPartOf\":{\"@id\":\"https:\/\/francois-pelletant.fr\/blog\/dessins-de-presse-rien-meilleur\/\"},\"author\":{\"name\":\"Francois\",\"@id\":\"https:\/\/francois-pelletant.fr\/blog\/#\/schema\/person\/2be41acb171dff8f31aaed1f40cee9f3\"},\"headline\":\"Dessins de presse : rien que le meilleur !\",\"datePublished\":\"2018-03-18T10:45:00+00:00\",\"mainEntityOfPage\":{\"@id\":\"https:\/\/francois-pelletant.fr\/blog\/dessins-de-presse-rien-meilleur\/\"},\"wordCount\":143,\"commentCount\":0,\"publisher\":{\"@id\":\"https:\/\/francois-pelletant.fr\/blog\/#organization\"},\"image\":{\"@id\":\"https:\/\/francois-pelletant.fr\/blog\/dessins-de-presse-rien-meilleur\/#primaryimage\"},\"thumbnailUrl\":\"https:\/\/francois-pelletant.fr\/blog\/wp-content\/uploads\/2018\/03\/Le-canard-enchain\u00e9-14-mars-2.jpg\",\"articleSection\":[\"Prix du meilleur dessin de presse\"],\"inLanguage\":\"fr-FR\",\"potentialAction\":[{\"@type\":\"CommentAction\",\"name\":\"Comment\",\"target\":[\"https:\/\/francois-pelletant.fr\/blog\/dessins-de-presse-rien-meilleur\/#respond\"]}]},{\"@type\":\"WebPage\",\"@id\":\"https:\/\/francois-pelletant.fr\/blog\/dessins-de-presse-rien-meilleur\/\",\"url\":\"https:\/\/francois-pelletant.fr\/blog\/dessins-de-presse-rien-meilleur\/\",\"name\":\"Dessins de presse : rien que le meilleur ! - Fran\u00e7ois Pelletant\",\"isPartOf\":{\"@id\":\"https:\/\/francois-pelletant.fr\/blog\/#website\"},\"primaryImageOfPage\":{\"@id\":\"https:\/\/francois-pelletant.fr\/blog\/dessins-de-presse-rien-meilleur\/#primaryimage\"},\"image\":{\"@id\":\"https:\/\/francois-pelletant.fr\/blog\/dessins-de-presse-rien-meilleur\/#primaryimage\"},\"thumbnailUrl\":\"https:\/\/francois-pelletant.fr\/blog\/wp-content\/uploads\/2018\/03\/Le-canard-enchain\u00e9-14-mars-2.jpg\",\"datePublished\":\"2018-03-18T10:45:00+00:00\",\"breadcrumb\":{\"@id\":\"https:\/\/francois-pelletant.fr\/blog\/dessins-de-presse-rien-meilleur\/#breadcrumb\"},\"inLanguage\":\"fr-FR\",\"potentialAction\":[{\"@type\":\"ReadAction\",\"target\":[\"https:\/\/francois-pelletant.fr\/blog\/dessins-de-presse-rien-meilleur\/\"]}]},{\"@type\":\"ImageObject\",\"inLanguage\":\"fr-FR\",\"@id\":\"https:\/\/francois-pelletant.fr\/blog\/dessins-de-presse-rien-meilleur\/#primaryimage\",\"url\":\"https:\/\/francois-pelletant.fr\/blog\/wp-content\/uploads\/2018\/03\/Le-canard-enchain\u00e9-14-mars-2.jpg\",\"contentUrl\":\"https:\/\/francois-pelletant.fr\/blog\/wp-content\/uploads\/2018\/03\/Le-canard-enchain\u00e9-14-mars-2.jpg\",\"width\":2105,\"height\":1835,\"caption\":\"Le canard enchain\u00e9 14 mars\"},{\"@type\":\"BreadcrumbList\",\"@id\":\"https:\/\/francois-pelletant.fr\/blog\/dessins-de-presse-rien-meilleur\/#breadcrumb\",\"itemListElement\":[{\"@type\":\"ListItem\",\"position\":1,\"name\":\"Accueil\",\"item\":\"https:\/\/francois-pelletant.fr\/blog\/\"},{\"@type\":\"ListItem\",\"position\":2,\"name\":\"Dessins de presse : rien que le meilleur !\"}]},{\"@type\":\"WebSite\",\"@id\":\"https:\/\/francois-pelletant.fr\/blog\/#website\",\"url\":\"https:\/\/francois-pelletant.fr\/blog\/\",\"name\":\"Fran\u00e7ois Pelletant\",\"description\":\"Maire de Linas, pour toujours.\",\"publisher\":{\"@id\":\"https:\/\/francois-pelletant.fr\/blog\/#organization\"},\"potentialAction\":[{\"@type\":\"SearchAction\",\"target\":{\"@type\":\"EntryPoint\",\"urlTemplate\":\"https:\/\/francois-pelletant.fr\/blog\/?s={search_term_string}\"},\"query-input\":{\"@type\":\"PropertyValueSpecification\",\"valueRequired\":true,\"valueName\":\"search_term_string\"}}],\"inLanguage\":\"fr-FR\"},{\"@type\":\"Organization\",\"@id\":\"https:\/\/francois-pelletant.fr\/blog\/#organization\",\"name\":\"Fran\u00e7ois Pelletant\",\"url\":\"https:\/\/francois-pelletant.fr\/blog\/\",\"logo\":{\"@type\":\"ImageObject\",\"inLanguage\":\"fr-FR\",\"@id\":\"https:\/\/francois-pelletant.fr\/blog\/#\/schema\/logo\/image\/\",\"url\":\"https:\/\/francois-pelletant.fr\/blog\/wp-content\/uploads\/2024\/07\/icone-francois-centre-500p.png\",\"contentUrl\":\"https:\/\/francois-pelletant.fr\/blog\/wp-content\/uploads\/2024\/07\/icone-francois-centre-500p.png\",\"width\":559,\"height\":447,\"caption\":\"Fran\u00e7ois Pelletant\"},\"image\":{\"@id\":\"https:\/\/francois-pelletant.fr\/blog\/#\/schema\/logo\/image\/\"},\"sameAs\":[\"https:\/\/www.facebook.com\/francois.pelletant.7\",\"https:\/\/x.com\/pelletant\"]},{\"@type\":\"Person\",\"@id\":\"https:\/\/francois-pelletant.fr\/blog\/#\/schema\/person\/2be41acb171dff8f31aaed1f40cee9f3\",\"name\":\"Francois\"}]}<\/script>\n<!-- \/ Yoast SEO plugin. -->","yoast_head_json":{"title":"Dessins de presse : rien que le meilleur ! - Fran\u00e7ois Pelletant","robots":{"index":"index","follow":"follow","max-snippet":"max-snippet:-1","max-image-preview":"max-image-preview:large","max-video-preview":"max-video-preview:-1"},"canonical":"https:\/\/francois-pelletant.fr\/blog\/dessins-de-presse-rien-meilleur\/","og_locale":"fr_FR","og_type":"article","og_title":"Dessins de presse : rien que le meilleur ! - Fran\u00e7ois Pelletant","og_description":"Ce dimanche, je vous propose ma nouvelle s\u00e9lection hebdomadaire des dessins parus dans la presse et qui commentent l&#8217;actualit\u00e9 nationale et internationale de mani\u00e8re d\u00e9cal\u00e9e. &nbsp; &nbsp; &nbsp; &nbsp; &nbsp; &nbsp; &nbsp; &nbsp; &nbsp;","og_url":"https:\/\/francois-pelletant.fr\/blog\/dessins-de-presse-rien-meilleur\/","og_site_name":"Fran\u00e7ois Pelletant","article_publisher":"https:\/\/www.facebook.com\/francois.pelletant.7","article_published_time":"2018-03-18T10:45:00+00:00","og_image":[{"width":2105,"height":1835,"url":"https:\/\/francois-pelletant.fr\/blog\/wp-content\/uploads\/2018\/03\/Le-canard-enchain\u00e9-14-mars-2.jpg","type":"image\/jpeg"}],"author":"Francois","twitter_card":"summary_large_image","twitter_creator":"@pelletant","twitter_site":"@pelletant","twitter_misc":{"\u00c9crit par":"Francois","Dur\u00e9e de lecture estim\u00e9e":"1 minute"},"schema":{"@context":"https:\/\/schema.org","@graph":[{"@type":"Article","@id":"https:\/\/francois-pelletant.fr\/blog\/dessins-de-presse-rien-meilleur\/#article","isPartOf":{"@id":"https:\/\/francois-pelletant.fr\/blog\/dessins-de-presse-rien-meilleur\/"},"author":{"name":"Francois","@id":"https:\/\/francois-pelletant.fr\/blog\/#\/schema\/person\/2be41acb171dff8f31aaed1f40cee9f3"},"headline":"Dessins de presse : rien que le meilleur !","datePublished":"2018-03-18T10:45:00+00:00","mainEntityOfPage":{"@id":"https:\/\/francois-pelletant.fr\/blog\/dessins-de-presse-rien-meilleur\/"},"wordCount":143,"commentCount":0,"publisher":{"@id":"https:\/\/francois-pelletant.fr\/blog\/#organization"},"image":{"@id":"https:\/\/francois-pelletant.fr\/blog\/dessins-de-presse-rien-meilleur\/#primaryimage"},"thumbnailUrl":"https:\/\/francois-pelletant.fr\/blog\/wp-content\/uploads\/2018\/03\/Le-canard-enchain\u00e9-14-mars-2.jpg","articleSection":["Prix du meilleur dessin de presse"],"inLanguage":"fr-FR","potentialAction":[{"@type":"CommentAction","name":"Comment","target":["https:\/\/francois-pelletant.fr\/blog\/dessins-de-presse-rien-meilleur\/#respond"]}]},{"@type":"WebPage","@id":"https:\/\/francois-pelletant.fr\/blog\/dessins-de-presse-rien-meilleur\/","url":"https:\/\/francois-pelletant.fr\/blog\/dessins-de-presse-rien-meilleur\/","name":"Dessins de presse : rien que le meilleur ! - Fran\u00e7ois Pelletant","isPartOf":{"@id":"https:\/\/francois-pelletant.fr\/blog\/#website"},"primaryImageOfPage":{"@id":"https:\/\/francois-pelletant.fr\/blog\/dessins-de-presse-rien-meilleur\/#primaryimage"},"image":{"@id":"https:\/\/francois-pelletant.fr\/blog\/dessins-de-presse-rien-meilleur\/#primaryimage"},"thumbnailUrl":"https:\/\/francois-pelletant.fr\/blog\/wp-content\/uploads\/2018\/03\/Le-canard-enchain\u00e9-14-mars-2.jpg","datePublished":"2018-03-18T10:45:00+00:00","breadcrumb":{"@id":"https:\/\/francois-pelletant.fr\/blog\/dessins-de-presse-rien-meilleur\/#breadcrumb"},"inLanguage":"fr-FR","potentialAction":[{"@type":"ReadAction","target":["https:\/\/francois-pelletant.fr\/blog\/dessins-de-presse-rien-meilleur\/"]}]},{"@type":"ImageObject","inLanguage":"fr-FR","@id":"https:\/\/francois-pelletant.fr\/blog\/dessins-de-presse-rien-meilleur\/#primaryimage","url":"https:\/\/francois-pelletant.fr\/blog\/wp-content\/uploads\/2018\/03\/Le-canard-enchain\u00e9-14-mars-2.jpg","contentUrl":"https:\/\/francois-pelletant.fr\/blog\/wp-content\/uploads\/2018\/03\/Le-canard-enchain\u00e9-14-mars-2.jpg","width":2105,"height":1835,"caption":"Le canard enchain\u00e9 14 mars"},{"@type":"BreadcrumbList","@id":"https:\/\/francois-pelletant.fr\/blog\/dessins-de-presse-rien-meilleur\/#breadcrumb","itemListElement":[{"@type":"ListItem","position":1,"name":"Accueil","item":"https:\/\/francois-pelletant.fr\/blog\/"},{"@type":"ListItem","position":2,"name":"Dessins de presse : rien que le meilleur !"}]},{"@type":"WebSite","@id":"https:\/\/francois-pelletant.fr\/blog\/#website","url":"https:\/\/francois-pelletant.fr\/blog\/","name":"Fran\u00e7ois Pelletant","description":"Maire de Linas, pour toujours.","publisher":{"@id":"https:\/\/francois-pelletant.fr\/blog\/#organization"},"potentialAction":[{"@type":"SearchAction","target":{"@type":"EntryPoint","urlTemplate":"https:\/\/francois-pelletant.fr\/blog\/?s={search_term_string}"},"query-input":{"@type":"PropertyValueSpecification","valueRequired":true,"valueName":"search_term_string"}}],"inLanguage":"fr-FR"},{"@type":"Organization","@id":"https:\/\/francois-pelletant.fr\/blog\/#organization","name":"Fran\u00e7ois Pelletant","url":"https:\/\/francois-pelletant.fr\/blog\/","logo":{"@type":"ImageObject","inLanguage":"fr-FR","@id":"https:\/\/francois-pelletant.fr\/blog\/#\/schema\/logo\/image\/","url":"https:\/\/francois-pelletant.fr\/blog\/wp-content\/uploads\/2024\/07\/icone-francois-centre-500p.png","contentUrl":"https:\/\/francois-pelletant.fr\/blog\/wp-content\/uploads\/2024\/07\/icone-francois-centre-500p.png","width":559,"height":447,"caption":"Fran\u00e7ois Pelletant"},"image":{"@id":"https:\/\/francois-pelletant.fr\/blog\/#\/schema\/logo\/image\/"},"sameAs":["https:\/\/www.facebook.com\/francois.pelletant.7","https:\/\/x.com\/pelletant"]},{"@type":"Person","@id":"https:\/\/francois-pelletant.fr\/blog\/#\/schema\/person\/2be41acb171dff8f31aaed1f40cee9f3","name":"Francois"}]}},"_links":{"self":[{"href":"https:\/\/francois-pelletant.fr\/blog\/wp-json\/wp\/v2\/posts\/11181","targetHints":{"allow":["GET"]}}],"collection":[{"href":"https:\/\/francois-pelletant.fr\/blog\/wp-json\/wp\/v2\/posts"}],"about":[{"href":"https:\/\/francois-pelletant.fr\/blog\/wp-json\/wp\/v2\/types\/post"}],"author":[{"embeddable":true,"href":"https:\/\/francois-pelletant.fr\/blog\/wp-json\/wp\/v2\/users\/1"}],"replies":[{"embeddable":true,"href":"https:\/\/francois-pelletant.fr\/blog\/wp-json\/wp\/v2\/comments?post=11181"}],"version-history":[{"count":0,"href":"https:\/\/francois-pelletant.fr\/blog\/wp-json\/wp\/v2\/posts\/11181\/revisions"}],"wp:featuredmedia":[{"embeddable":true,"href":"https:\/\/francois-pelletant.fr\/blog\/wp-json\/wp\/v2\/media\/11180"}],"wp:attachment":[{"href":"https:\/\/francois-pelletant.fr\/blog\/wp-json\/wp\/v2\/media?parent=11181"}],"wp:term":[{"taxonomy":"category","embeddable":true,"href":"https:\/\/francois-pelletant.fr\/blog\/wp-json\/wp\/v2\/categories?post=11181"},{"taxonomy":"post_tag","embeddable":true,"href":"https:\/\/francois-pelletant.fr\/blog\/wp-json\/wp\/v2\/tags?post=11181"}],"curies":[{"name":"wp","href":"https:\/\/api.w.org\/{rel}","templated":true}]}}