{"id":11240,"date":"2018-04-15T10:59:28","date_gmt":"2018-04-15T10:59:28","guid":{"rendered":"https:\/\/francois-pelletant.fr\/blog\/?p=11240"},"modified":"2018-04-13T08:04:19","modified_gmt":"2018-04-13T08:04:19","slug":"dessins-de-semaine-5","status":"publish","type":"post","link":"https:\/\/francois-pelletant.fr\/blog\/dessins-de-semaine-5\/","title":{"rendered":"Les dessins de la semaine"},"content":{"rendered":"<figure id=\"attachment_11241\" aria-describedby=\"caption-attachment-11241\" style=\"width: 300px\" class=\"wp-caption alignleft\"><a href=\"https:\/\/francois-pelletant.fr\/blog\/wp-content\/uploads\/2018\/04\/Le-Parisien-12-avril.jpg\" rel=\"attachment wp-att-11241\"><img loading=\"lazy\" decoding=\"async\" class=\"size-medium wp-image-11241\" src=\"https:\/\/francois-pelletant.fr\/blog\/wp-content\/uploads\/2018\/04\/Le-Parisien-12-avril-300x274.jpg\" alt=\"Le Parisien 12 avril\" width=\"300\" height=\"274\" srcset=\"https:\/\/francois-pelletant.fr\/blog\/wp-content\/uploads\/2018\/04\/Le-Parisien-12-avril-300x274.jpg 300w, https:\/\/francois-pelletant.fr\/blog\/wp-content\/uploads\/2018\/04\/Le-Parisien-12-avril.jpg 537w\" sizes=\"auto, (max-width: 300px) 100vw, 300px\" \/><\/a><figcaption id=\"caption-attachment-11241\" class=\"wp-caption-text\">Le Parisien 12 avril<\/figcaption><\/figure>\n<p>Ce dimanche, je vous propose ma nouvelle s\u00e9lection des dessins parus dans la presse au cours des 7 derniers jours. Actualit\u00e9 nationale ou internationale, politique, sociale ou culturelle&#8230; Voici un condens\u00e9 de l&#8217;actu tout en gardant le sourire.<\/p>\n<p>&nbsp;<\/p>\n<figure id=\"attachment_11242\" aria-describedby=\"caption-attachment-11242\" style=\"width: 300px\" class=\"wp-caption aligncenter\"><a href=\"https:\/\/francois-pelletant.fr\/blog\/wp-content\/uploads\/2018\/04\/Alex-10-avril.jpg\" rel=\"attachment wp-att-11242\"><img loading=\"lazy\" decoding=\"async\" class=\"size-medium wp-image-11242\" src=\"https:\/\/francois-pelletant.fr\/blog\/wp-content\/uploads\/2018\/04\/Alex-10-avril-300x267.jpg\" alt=\"Alex 10 avril\" width=\"300\" height=\"267\" srcset=\"https:\/\/francois-pelletant.fr\/blog\/wp-content\/uploads\/2018\/04\/Alex-10-avril-300x267.jpg 300w, https:\/\/francois-pelletant.fr\/blog\/wp-content\/uploads\/2018\/04\/Alex-10-avril-1024x913.jpg 1024w, https:\/\/francois-pelletant.fr\/blog\/wp-content\/uploads\/2018\/04\/Alex-10-avril-768x685.jpg 768w, https:\/\/francois-pelletant.fr\/blog\/wp-content\/uploads\/2018\/04\/Alex-10-avril-600x535.jpg 600w, https:\/\/francois-pelletant.fr\/blog\/wp-content\/uploads\/2018\/04\/Alex-10-avril.jpg 1199w\" sizes=\"auto, (max-width: 300px) 100vw, 300px\" \/><\/a><figcaption id=\"caption-attachment-11242\" class=\"wp-caption-text\">Alex 10 avril<\/figcaption><\/figure>\n<p>&nbsp;<\/p>\n<figure id=\"attachment_11243\" aria-describedby=\"caption-attachment-11243\" style=\"width: 300px\" class=\"wp-caption aligncenter\"><a href=\"https:\/\/francois-pelletant.fr\/blog\/wp-content\/uploads\/2018\/04\/Chapatte-10-avril.jpg\" rel=\"attachment wp-att-11243\"><img loading=\"lazy\" decoding=\"async\" class=\"size-medium wp-image-11243\" src=\"https:\/\/francois-pelletant.fr\/blog\/wp-content\/uploads\/2018\/04\/Chapatte-10-avril-300x200.jpg\" alt=\"Chapatte 10 avril\" width=\"300\" height=\"200\" srcset=\"https:\/\/francois-pelletant.fr\/blog\/wp-content\/uploads\/2018\/04\/Chapatte-10-avril-300x200.jpg 300w, https:\/\/francois-pelletant.fr\/blog\/wp-content\/uploads\/2018\/04\/Chapatte-10-avril-1024x682.jpg 1024w, https:\/\/francois-pelletant.fr\/blog\/wp-content\/uploads\/2018\/04\/Chapatte-10-avril-768x511.jpg 768w, https:\/\/francois-pelletant.fr\/blog\/wp-content\/uploads\/2018\/04\/Chapatte-10-avril-600x399.jpg 600w, https:\/\/francois-pelletant.fr\/blog\/wp-content\/uploads\/2018\/04\/Chapatte-10-avril.jpg 1050w\" sizes=\"auto, (max-width: 300px) 100vw, 300px\" \/><\/a><figcaption id=\"caption-attachment-11243\" class=\"wp-caption-text\">Chapatte 10 avril<\/figcaption><\/figure>\n<p>&nbsp;<\/p>\n<figure id=\"attachment_11244\" aria-describedby=\"caption-attachment-11244\" style=\"width: 300px\" class=\"wp-caption aligncenter\"><a href=\"https:\/\/francois-pelletant.fr\/blog\/wp-content\/uploads\/2018\/04\/Deligne-11-avril.jpg\" rel=\"attachment wp-att-11244\"><img loading=\"lazy\" decoding=\"async\" class=\"size-medium wp-image-11244\" src=\"https:\/\/francois-pelletant.fr\/blog\/wp-content\/uploads\/2018\/04\/Deligne-11-avril-300x212.jpg\" alt=\"Deligne 11 avril\" width=\"300\" height=\"212\" srcset=\"https:\/\/francois-pelletant.fr\/blog\/wp-content\/uploads\/2018\/04\/Deligne-11-avril-300x212.jpg 300w, https:\/\/francois-pelletant.fr\/blog\/wp-content\/uploads\/2018\/04\/Deligne-11-avril-1024x723.jpg 1024w, https:\/\/francois-pelletant.fr\/blog\/wp-content\/uploads\/2018\/04\/Deligne-11-avril-768x542.jpg 768w, https:\/\/francois-pelletant.fr\/blog\/wp-content\/uploads\/2018\/04\/Deligne-11-avril-600x424.jpg 600w, https:\/\/francois-pelletant.fr\/blog\/wp-content\/uploads\/2018\/04\/Deligne-11-avril.jpg 1027w\" sizes=\"auto, (max-width: 300px) 100vw, 300px\" \/><\/a><figcaption id=\"caption-attachment-11244\" class=\"wp-caption-text\">Deligne 11 avril<\/figcaption><\/figure>\n<p>&nbsp;<\/p>\n<figure id=\"attachment_11245\" aria-describedby=\"caption-attachment-11245\" style=\"width: 300px\" class=\"wp-caption aligncenter\"><a href=\"https:\/\/francois-pelletant.fr\/blog\/wp-content\/uploads\/2018\/04\/Delucq-10-avril.jpg\" rel=\"attachment wp-att-11245\"><img loading=\"lazy\" decoding=\"async\" class=\"size-medium wp-image-11245\" src=\"https:\/\/francois-pelletant.fr\/blog\/wp-content\/uploads\/2018\/04\/Delucq-10-avril-300x232.jpg\" alt=\"Delucq 10 avril\" width=\"300\" height=\"232\" srcset=\"https:\/\/francois-pelletant.fr\/blog\/wp-content\/uploads\/2018\/04\/Delucq-10-avril-300x232.jpg 300w, https:\/\/francois-pelletant.fr\/blog\/wp-content\/uploads\/2018\/04\/Delucq-10-avril.jpg 539w\" sizes=\"auto, (max-width: 300px) 100vw, 300px\" \/><\/a><figcaption id=\"caption-attachment-11245\" class=\"wp-caption-text\">Delucq 10 avril<\/figcaption><\/figure>\n<p>&nbsp;<\/p>\n<figure id=\"attachment_11246\" aria-describedby=\"caption-attachment-11246\" style=\"width: 281px\" class=\"wp-caption aligncenter\"><a href=\"https:\/\/francois-pelletant.fr\/blog\/wp-content\/uploads\/2018\/04\/Goubelle-10-avril.jpg\" rel=\"attachment wp-att-11246\"><img loading=\"lazy\" decoding=\"async\" class=\"size-medium wp-image-11246\" src=\"https:\/\/francois-pelletant.fr\/blog\/wp-content\/uploads\/2018\/04\/Goubelle-10-avril-281x300.jpg\" alt=\"Goubelle 10 avril\" width=\"281\" height=\"300\" srcset=\"https:\/\/francois-pelletant.fr\/blog\/wp-content\/uploads\/2018\/04\/Goubelle-10-avril-281x300.jpg 281w, https:\/\/francois-pelletant.fr\/blog\/wp-content\/uploads\/2018\/04\/Goubelle-10-avril-960x1024.jpg 960w, https:\/\/francois-pelletant.fr\/blog\/wp-content\/uploads\/2018\/04\/Goubelle-10-avril-768x820.jpg 768w, https:\/\/francois-pelletant.fr\/blog\/wp-content\/uploads\/2018\/04\/Goubelle-10-avril-600x640.jpg 600w, https:\/\/francois-pelletant.fr\/blog\/wp-content\/uploads\/2018\/04\/Goubelle-10-avril-1439x1536.jpg 1439w, https:\/\/francois-pelletant.fr\/blog\/wp-content\/uploads\/2018\/04\/Goubelle-10-avril.jpg 1919w\" sizes=\"auto, (max-width: 281px) 100vw, 281px\" \/><\/a><figcaption id=\"caption-attachment-11246\" class=\"wp-caption-text\">Goubelle 10 avril<\/figcaption><\/figure>\n<p>&nbsp;<\/p>\n<figure id=\"attachment_11247\" aria-describedby=\"caption-attachment-11247\" style=\"width: 209px\" class=\"wp-caption aligncenter\"><a href=\"https:\/\/francois-pelletant.fr\/blog\/wp-content\/uploads\/2018\/04\/Goubelle-12-avril.jpg\" rel=\"attachment wp-att-11247\"><img loading=\"lazy\" decoding=\"async\" class=\"size-medium wp-image-11247\" src=\"https:\/\/francois-pelletant.fr\/blog\/wp-content\/uploads\/2018\/04\/Goubelle-12-avril-209x300.jpg\" alt=\"Goubelle 12 avril\" width=\"209\" height=\"300\" srcset=\"https:\/\/francois-pelletant.fr\/blog\/wp-content\/uploads\/2018\/04\/Goubelle-12-avril-209x300.jpg 209w, https:\/\/francois-pelletant.fr\/blog\/wp-content\/uploads\/2018\/04\/Goubelle-12-avril-712x1024.jpg 712w, https:\/\/francois-pelletant.fr\/blog\/wp-content\/uploads\/2018\/04\/Goubelle-12-avril-768x1105.jpg 768w, https:\/\/francois-pelletant.fr\/blog\/wp-content\/uploads\/2018\/04\/Goubelle-12-avril-600x863.jpg 600w, https:\/\/francois-pelletant.fr\/blog\/wp-content\/uploads\/2018\/04\/Goubelle-12-avril-1068x1536.jpg 1068w, https:\/\/francois-pelletant.fr\/blog\/wp-content\/uploads\/2018\/04\/Goubelle-12-avril.jpg 1424w\" sizes=\"auto, (max-width: 209px) 100vw, 209px\" \/><\/a><figcaption id=\"caption-attachment-11247\" class=\"wp-caption-text\">Goubelle 12 avril<\/figcaption><\/figure>\n<p>&nbsp;<\/p>\n<figure id=\"attachment_11248\" aria-describedby=\"caption-attachment-11248\" style=\"width: 298px\" class=\"wp-caption aligncenter\"><a href=\"https:\/\/francois-pelletant.fr\/blog\/wp-content\/uploads\/2018\/04\/Le-canard-enchain\u00e9-11-avril.jpeg\" rel=\"attachment wp-att-11248\"><img loading=\"lazy\" decoding=\"async\" class=\"size-medium wp-image-11248\" src=\"https:\/\/francois-pelletant.fr\/blog\/wp-content\/uploads\/2018\/04\/Le-canard-enchain\u00e9-11-avril-298x300.jpeg\" alt=\"Le canard enchain\u00e9 11 avril\" width=\"298\" height=\"300\" srcset=\"https:\/\/francois-pelletant.fr\/blog\/wp-content\/uploads\/2018\/04\/Le-canard-enchain\u00e9-11-avril-298x300.jpeg 298w, https:\/\/francois-pelletant.fr\/blog\/wp-content\/uploads\/2018\/04\/Le-canard-enchain\u00e9-11-avril-1018x1024.jpeg 1018w, https:\/\/francois-pelletant.fr\/blog\/wp-content\/uploads\/2018\/04\/Le-canard-enchain\u00e9-11-avril-150x150.jpeg 150w, https:\/\/francois-pelletant.fr\/blog\/wp-content\/uploads\/2018\/04\/Le-canard-enchain\u00e9-11-avril-768x772.jpeg 768w, https:\/\/francois-pelletant.fr\/blog\/wp-content\/uploads\/2018\/04\/Le-canard-enchain\u00e9-11-avril-600x603.jpeg 600w, https:\/\/francois-pelletant.fr\/blog\/wp-content\/uploads\/2018\/04\/Le-canard-enchain\u00e9-11-avril.jpeg 1046w\" sizes=\"auto, (max-width: 298px) 100vw, 298px\" \/><\/a><figcaption id=\"caption-attachment-11248\" class=\"wp-caption-text\">Le canard enchain\u00e9 11 avril<\/figcaption><\/figure>\n<p>&nbsp;<\/p>\n<figure id=\"attachment_11249\" aria-describedby=\"caption-attachment-11249\" style=\"width: 300px\" class=\"wp-caption aligncenter\"><a href=\"https:\/\/francois-pelletant.fr\/blog\/wp-content\/uploads\/2018\/04\/Rodho-11-avril.jpg\" rel=\"attachment wp-att-11249\"><img loading=\"lazy\" decoding=\"async\" class=\"size-medium wp-image-11249\" src=\"https:\/\/francois-pelletant.fr\/blog\/wp-content\/uploads\/2018\/04\/Rodho-11-avril-300x230.jpg\" alt=\"Rodho 11 avril\" width=\"300\" height=\"230\" srcset=\"https:\/\/francois-pelletant.fr\/blog\/wp-content\/uploads\/2018\/04\/Rodho-11-avril-300x230.jpg 300w, https:\/\/francois-pelletant.fr\/blog\/wp-content\/uploads\/2018\/04\/Rodho-11-avril-768x588.jpg 768w, https:\/\/francois-pelletant.fr\/blog\/wp-content\/uploads\/2018\/04\/Rodho-11-avril-600x459.jpg 600w, https:\/\/francois-pelletant.fr\/blog\/wp-content\/uploads\/2018\/04\/Rodho-11-avril.jpg 900w\" sizes=\"auto, (max-width: 300px) 100vw, 300px\" \/><\/a><figcaption id=\"caption-attachment-11249\" class=\"wp-caption-text\">Rodho 11 avril<\/figcaption><\/figure>\n<p>&nbsp;<\/p>\n<figure id=\"attachment_11250\" aria-describedby=\"caption-attachment-11250\" style=\"width: 300px\" class=\"wp-caption aligncenter\"><a href=\"https:\/\/francois-pelletant.fr\/blog\/wp-content\/uploads\/2018\/04\/Urtikan-12-avril.jpg\" rel=\"attachment wp-att-11250\"><img loading=\"lazy\" decoding=\"async\" class=\"size-medium wp-image-11250\" src=\"https:\/\/francois-pelletant.fr\/blog\/wp-content\/uploads\/2018\/04\/Urtikan-12-avril-300x247.jpg\" alt=\"Urtikan 12 avril\" width=\"300\" height=\"247\" srcset=\"https:\/\/francois-pelletant.fr\/blog\/wp-content\/uploads\/2018\/04\/Urtikan-12-avril-300x247.jpg 300w, https:\/\/francois-pelletant.fr\/blog\/wp-content\/uploads\/2018\/04\/Urtikan-12-avril.jpg 580w\" sizes=\"auto, (max-width: 300px) 100vw, 300px\" \/><\/a><figcaption id=\"caption-attachment-11250\" class=\"wp-caption-text\">Urtikan 12 avril<\/figcaption><\/figure>\n","protected":false},"excerpt":{"rendered":"<p>Ce dimanche, je vous propose ma nouvelle s\u00e9lection des dessins parus dans la presse au cours des 7 derniers jours. Actualit\u00e9 nationale ou internationale, politique, sociale ou culturelle&#8230; Voici un condens\u00e9 de l&#8217;actu tout en gardant le sourire. &nbsp; &nbsp; &nbsp; &nbsp; &nbsp; &nbsp; &nbsp; &nbsp; &nbsp;<\/p>\n","protected":false},"author":1,"featured_media":11241,"comment_status":"open","ping_status":"closed","sticky":false,"template":"","format":"standard","meta":{"footnotes":""},"categories":[17],"tags":[],"class_list":["post-11240","post","type-post","status-publish","format-standard","has-post-thumbnail","hentry","category-prix-du-meilleur-dessin-de-presse"],"yoast_head":"<!-- This site is optimized with the Yoast SEO plugin v25.6 - https:\/\/yoast.com\/wordpress\/plugins\/seo\/ -->\n<title>Les dessins de la semaine - Fran\u00e7ois Pelletant<\/title>\n<meta name=\"robots\" content=\"index, follow, max-snippet:-1, max-image-preview:large, max-video-preview:-1\" \/>\n<link rel=\"canonical\" href=\"https:\/\/francois-pelletant.fr\/blog\/dessins-de-semaine-5\/\" \/>\n<meta property=\"og:locale\" content=\"fr_FR\" \/>\n<meta property=\"og:type\" content=\"article\" \/>\n<meta property=\"og:title\" content=\"Les dessins de la semaine - Fran\u00e7ois Pelletant\" \/>\n<meta property=\"og:description\" content=\"Ce dimanche, je vous propose ma nouvelle s\u00e9lection des dessins parus dans la presse au cours des 7 derniers jours. Actualit\u00e9 nationale ou internationale, politique, sociale ou culturelle&#8230; Voici un condens\u00e9 de l&#8217;actu tout en gardant le sourire. &nbsp; &nbsp; &nbsp; &nbsp; &nbsp; &nbsp; &nbsp; &nbsp; &nbsp;\" \/>\n<meta property=\"og:url\" content=\"https:\/\/francois-pelletant.fr\/blog\/dessins-de-semaine-5\/\" \/>\n<meta property=\"og:site_name\" content=\"Fran\u00e7ois Pelletant\" \/>\n<meta property=\"article:publisher\" content=\"https:\/\/www.facebook.com\/francois.pelletant.7\" \/>\n<meta property=\"article:published_time\" content=\"2018-04-15T10:59:28+00:00\" \/>\n<meta property=\"og:image\" content=\"https:\/\/francois-pelletant.fr\/blog\/wp-content\/uploads\/2018\/04\/Le-Parisien-12-avril.jpg\" \/>\n\t<meta property=\"og:image:width\" content=\"537\" \/>\n\t<meta property=\"og:image:height\" content=\"490\" \/>\n\t<meta property=\"og:image:type\" content=\"image\/jpeg\" \/>\n<meta name=\"author\" content=\"Francois\" \/>\n<meta name=\"twitter:card\" content=\"summary_large_image\" \/>\n<meta name=\"twitter:creator\" content=\"@pelletant\" \/>\n<meta name=\"twitter:site\" content=\"@pelletant\" \/>\n<meta name=\"twitter:label1\" content=\"\u00c9crit par\" \/>\n\t<meta name=\"twitter:data1\" content=\"Francois\" \/>\n\t<meta name=\"twitter:label2\" content=\"Dur\u00e9e de lecture estim\u00e9e\" \/>\n\t<meta name=\"twitter:data2\" content=\"1 minute\" \/>\n<script type=\"application\/ld+json\" class=\"yoast-schema-graph\">{\"@context\":\"https:\/\/schema.org\",\"@graph\":[{\"@type\":\"Article\",\"@id\":\"https:\/\/francois-pelletant.fr\/blog\/dessins-de-semaine-5\/#article\",\"isPartOf\":{\"@id\":\"https:\/\/francois-pelletant.fr\/blog\/dessins-de-semaine-5\/\"},\"author\":{\"name\":\"Francois\",\"@id\":\"https:\/\/francois-pelletant.fr\/blog\/#\/schema\/person\/2be41acb171dff8f31aaed1f40cee9f3\"},\"headline\":\"Les dessins de la semaine\",\"datePublished\":\"2018-04-15T10:59:28+00:00\",\"mainEntityOfPage\":{\"@id\":\"https:\/\/francois-pelletant.fr\/blog\/dessins-de-semaine-5\/\"},\"wordCount\":146,\"commentCount\":0,\"publisher\":{\"@id\":\"https:\/\/francois-pelletant.fr\/blog\/#organization\"},\"image\":{\"@id\":\"https:\/\/francois-pelletant.fr\/blog\/dessins-de-semaine-5\/#primaryimage\"},\"thumbnailUrl\":\"https:\/\/francois-pelletant.fr\/blog\/wp-content\/uploads\/2018\/04\/Le-Parisien-12-avril.jpg\",\"articleSection\":[\"Prix du meilleur dessin de presse\"],\"inLanguage\":\"fr-FR\",\"potentialAction\":[{\"@type\":\"CommentAction\",\"name\":\"Comment\",\"target\":[\"https:\/\/francois-pelletant.fr\/blog\/dessins-de-semaine-5\/#respond\"]}]},{\"@type\":\"WebPage\",\"@id\":\"https:\/\/francois-pelletant.fr\/blog\/dessins-de-semaine-5\/\",\"url\":\"https:\/\/francois-pelletant.fr\/blog\/dessins-de-semaine-5\/\",\"name\":\"Les dessins de la semaine - Fran\u00e7ois Pelletant\",\"isPartOf\":{\"@id\":\"https:\/\/francois-pelletant.fr\/blog\/#website\"},\"primaryImageOfPage\":{\"@id\":\"https:\/\/francois-pelletant.fr\/blog\/dessins-de-semaine-5\/#primaryimage\"},\"image\":{\"@id\":\"https:\/\/francois-pelletant.fr\/blog\/dessins-de-semaine-5\/#primaryimage\"},\"thumbnailUrl\":\"https:\/\/francois-pelletant.fr\/blog\/wp-content\/uploads\/2018\/04\/Le-Parisien-12-avril.jpg\",\"datePublished\":\"2018-04-15T10:59:28+00:00\",\"breadcrumb\":{\"@id\":\"https:\/\/francois-pelletant.fr\/blog\/dessins-de-semaine-5\/#breadcrumb\"},\"inLanguage\":\"fr-FR\",\"potentialAction\":[{\"@type\":\"ReadAction\",\"target\":[\"https:\/\/francois-pelletant.fr\/blog\/dessins-de-semaine-5\/\"]}]},{\"@type\":\"ImageObject\",\"inLanguage\":\"fr-FR\",\"@id\":\"https:\/\/francois-pelletant.fr\/blog\/dessins-de-semaine-5\/#primaryimage\",\"url\":\"https:\/\/francois-pelletant.fr\/blog\/wp-content\/uploads\/2018\/04\/Le-Parisien-12-avril.jpg\",\"contentUrl\":\"https:\/\/francois-pelletant.fr\/blog\/wp-content\/uploads\/2018\/04\/Le-Parisien-12-avril.jpg\",\"width\":537,\"height\":490,\"caption\":\"Le Parisien 12 avril\"},{\"@type\":\"BreadcrumbList\",\"@id\":\"https:\/\/francois-pelletant.fr\/blog\/dessins-de-semaine-5\/#breadcrumb\",\"itemListElement\":[{\"@type\":\"ListItem\",\"position\":1,\"name\":\"Accueil\",\"item\":\"https:\/\/francois-pelletant.fr\/blog\/\"},{\"@type\":\"ListItem\",\"position\":2,\"name\":\"Les dessins de la semaine\"}]},{\"@type\":\"WebSite\",\"@id\":\"https:\/\/francois-pelletant.fr\/blog\/#website\",\"url\":\"https:\/\/francois-pelletant.fr\/blog\/\",\"name\":\"Fran\u00e7ois Pelletant\",\"description\":\"Maire de Linas, pour toujours.\",\"publisher\":{\"@id\":\"https:\/\/francois-pelletant.fr\/blog\/#organization\"},\"potentialAction\":[{\"@type\":\"SearchAction\",\"target\":{\"@type\":\"EntryPoint\",\"urlTemplate\":\"https:\/\/francois-pelletant.fr\/blog\/?s={search_term_string}\"},\"query-input\":{\"@type\":\"PropertyValueSpecification\",\"valueRequired\":true,\"valueName\":\"search_term_string\"}}],\"inLanguage\":\"fr-FR\"},{\"@type\":\"Organization\",\"@id\":\"https:\/\/francois-pelletant.fr\/blog\/#organization\",\"name\":\"Fran\u00e7ois Pelletant\",\"url\":\"https:\/\/francois-pelletant.fr\/blog\/\",\"logo\":{\"@type\":\"ImageObject\",\"inLanguage\":\"fr-FR\",\"@id\":\"https:\/\/francois-pelletant.fr\/blog\/#\/schema\/logo\/image\/\",\"url\":\"https:\/\/francois-pelletant.fr\/blog\/wp-content\/uploads\/2024\/07\/icone-francois-centre-500p.png\",\"contentUrl\":\"https:\/\/francois-pelletant.fr\/blog\/wp-content\/uploads\/2024\/07\/icone-francois-centre-500p.png\",\"width\":559,\"height\":447,\"caption\":\"Fran\u00e7ois Pelletant\"},\"image\":{\"@id\":\"https:\/\/francois-pelletant.fr\/blog\/#\/schema\/logo\/image\/\"},\"sameAs\":[\"https:\/\/www.facebook.com\/francois.pelletant.7\",\"https:\/\/x.com\/pelletant\"]},{\"@type\":\"Person\",\"@id\":\"https:\/\/francois-pelletant.fr\/blog\/#\/schema\/person\/2be41acb171dff8f31aaed1f40cee9f3\",\"name\":\"Francois\"}]}<\/script>\n<!-- \/ Yoast SEO plugin. -->","yoast_head_json":{"title":"Les dessins de la semaine - Fran\u00e7ois Pelletant","robots":{"index":"index","follow":"follow","max-snippet":"max-snippet:-1","max-image-preview":"max-image-preview:large","max-video-preview":"max-video-preview:-1"},"canonical":"https:\/\/francois-pelletant.fr\/blog\/dessins-de-semaine-5\/","og_locale":"fr_FR","og_type":"article","og_title":"Les dessins de la semaine - Fran\u00e7ois Pelletant","og_description":"Ce dimanche, je vous propose ma nouvelle s\u00e9lection des dessins parus dans la presse au cours des 7 derniers jours. Actualit\u00e9 nationale ou internationale, politique, sociale ou culturelle&#8230; Voici un condens\u00e9 de l&#8217;actu tout en gardant le sourire. &nbsp; &nbsp; &nbsp; &nbsp; &nbsp; &nbsp; &nbsp; &nbsp; &nbsp;","og_url":"https:\/\/francois-pelletant.fr\/blog\/dessins-de-semaine-5\/","og_site_name":"Fran\u00e7ois Pelletant","article_publisher":"https:\/\/www.facebook.com\/francois.pelletant.7","article_published_time":"2018-04-15T10:59:28+00:00","og_image":[{"width":537,"height":490,"url":"https:\/\/francois-pelletant.fr\/blog\/wp-content\/uploads\/2018\/04\/Le-Parisien-12-avril.jpg","type":"image\/jpeg"}],"author":"Francois","twitter_card":"summary_large_image","twitter_creator":"@pelletant","twitter_site":"@pelletant","twitter_misc":{"\u00c9crit par":"Francois","Dur\u00e9e de lecture estim\u00e9e":"1 minute"},"schema":{"@context":"https:\/\/schema.org","@graph":[{"@type":"Article","@id":"https:\/\/francois-pelletant.fr\/blog\/dessins-de-semaine-5\/#article","isPartOf":{"@id":"https:\/\/francois-pelletant.fr\/blog\/dessins-de-semaine-5\/"},"author":{"name":"Francois","@id":"https:\/\/francois-pelletant.fr\/blog\/#\/schema\/person\/2be41acb171dff8f31aaed1f40cee9f3"},"headline":"Les dessins de la semaine","datePublished":"2018-04-15T10:59:28+00:00","mainEntityOfPage":{"@id":"https:\/\/francois-pelletant.fr\/blog\/dessins-de-semaine-5\/"},"wordCount":146,"commentCount":0,"publisher":{"@id":"https:\/\/francois-pelletant.fr\/blog\/#organization"},"image":{"@id":"https:\/\/francois-pelletant.fr\/blog\/dessins-de-semaine-5\/#primaryimage"},"thumbnailUrl":"https:\/\/francois-pelletant.fr\/blog\/wp-content\/uploads\/2018\/04\/Le-Parisien-12-avril.jpg","articleSection":["Prix du meilleur dessin de presse"],"inLanguage":"fr-FR","potentialAction":[{"@type":"CommentAction","name":"Comment","target":["https:\/\/francois-pelletant.fr\/blog\/dessins-de-semaine-5\/#respond"]}]},{"@type":"WebPage","@id":"https:\/\/francois-pelletant.fr\/blog\/dessins-de-semaine-5\/","url":"https:\/\/francois-pelletant.fr\/blog\/dessins-de-semaine-5\/","name":"Les dessins de la semaine - Fran\u00e7ois Pelletant","isPartOf":{"@id":"https:\/\/francois-pelletant.fr\/blog\/#website"},"primaryImageOfPage":{"@id":"https:\/\/francois-pelletant.fr\/blog\/dessins-de-semaine-5\/#primaryimage"},"image":{"@id":"https:\/\/francois-pelletant.fr\/blog\/dessins-de-semaine-5\/#primaryimage"},"thumbnailUrl":"https:\/\/francois-pelletant.fr\/blog\/wp-content\/uploads\/2018\/04\/Le-Parisien-12-avril.jpg","datePublished":"2018-04-15T10:59:28+00:00","breadcrumb":{"@id":"https:\/\/francois-pelletant.fr\/blog\/dessins-de-semaine-5\/#breadcrumb"},"inLanguage":"fr-FR","potentialAction":[{"@type":"ReadAction","target":["https:\/\/francois-pelletant.fr\/blog\/dessins-de-semaine-5\/"]}]},{"@type":"ImageObject","inLanguage":"fr-FR","@id":"https:\/\/francois-pelletant.fr\/blog\/dessins-de-semaine-5\/#primaryimage","url":"https:\/\/francois-pelletant.fr\/blog\/wp-content\/uploads\/2018\/04\/Le-Parisien-12-avril.jpg","contentUrl":"https:\/\/francois-pelletant.fr\/blog\/wp-content\/uploads\/2018\/04\/Le-Parisien-12-avril.jpg","width":537,"height":490,"caption":"Le Parisien 12 avril"},{"@type":"BreadcrumbList","@id":"https:\/\/francois-pelletant.fr\/blog\/dessins-de-semaine-5\/#breadcrumb","itemListElement":[{"@type":"ListItem","position":1,"name":"Accueil","item":"https:\/\/francois-pelletant.fr\/blog\/"},{"@type":"ListItem","position":2,"name":"Les dessins de la semaine"}]},{"@type":"WebSite","@id":"https:\/\/francois-pelletant.fr\/blog\/#website","url":"https:\/\/francois-pelletant.fr\/blog\/","name":"Fran\u00e7ois Pelletant","description":"Maire de Linas, pour toujours.","publisher":{"@id":"https:\/\/francois-pelletant.fr\/blog\/#organization"},"potentialAction":[{"@type":"SearchAction","target":{"@type":"EntryPoint","urlTemplate":"https:\/\/francois-pelletant.fr\/blog\/?s={search_term_string}"},"query-input":{"@type":"PropertyValueSpecification","valueRequired":true,"valueName":"search_term_string"}}],"inLanguage":"fr-FR"},{"@type":"Organization","@id":"https:\/\/francois-pelletant.fr\/blog\/#organization","name":"Fran\u00e7ois Pelletant","url":"https:\/\/francois-pelletant.fr\/blog\/","logo":{"@type":"ImageObject","inLanguage":"fr-FR","@id":"https:\/\/francois-pelletant.fr\/blog\/#\/schema\/logo\/image\/","url":"https:\/\/francois-pelletant.fr\/blog\/wp-content\/uploads\/2024\/07\/icone-francois-centre-500p.png","contentUrl":"https:\/\/francois-pelletant.fr\/blog\/wp-content\/uploads\/2024\/07\/icone-francois-centre-500p.png","width":559,"height":447,"caption":"Fran\u00e7ois Pelletant"},"image":{"@id":"https:\/\/francois-pelletant.fr\/blog\/#\/schema\/logo\/image\/"},"sameAs":["https:\/\/www.facebook.com\/francois.pelletant.7","https:\/\/x.com\/pelletant"]},{"@type":"Person","@id":"https:\/\/francois-pelletant.fr\/blog\/#\/schema\/person\/2be41acb171dff8f31aaed1f40cee9f3","name":"Francois"}]}},"_links":{"self":[{"href":"https:\/\/francois-pelletant.fr\/blog\/wp-json\/wp\/v2\/posts\/11240","targetHints":{"allow":["GET"]}}],"collection":[{"href":"https:\/\/francois-pelletant.fr\/blog\/wp-json\/wp\/v2\/posts"}],"about":[{"href":"https:\/\/francois-pelletant.fr\/blog\/wp-json\/wp\/v2\/types\/post"}],"author":[{"embeddable":true,"href":"https:\/\/francois-pelletant.fr\/blog\/wp-json\/wp\/v2\/users\/1"}],"replies":[{"embeddable":true,"href":"https:\/\/francois-pelletant.fr\/blog\/wp-json\/wp\/v2\/comments?post=11240"}],"version-history":[{"count":0,"href":"https:\/\/francois-pelletant.fr\/blog\/wp-json\/wp\/v2\/posts\/11240\/revisions"}],"wp:featuredmedia":[{"embeddable":true,"href":"https:\/\/francois-pelletant.fr\/blog\/wp-json\/wp\/v2\/media\/11241"}],"wp:attachment":[{"href":"https:\/\/francois-pelletant.fr\/blog\/wp-json\/wp\/v2\/media?parent=11240"}],"wp:term":[{"taxonomy":"category","embeddable":true,"href":"https:\/\/francois-pelletant.fr\/blog\/wp-json\/wp\/v2\/categories?post=11240"},{"taxonomy":"post_tag","embeddable":true,"href":"https:\/\/francois-pelletant.fr\/blog\/wp-json\/wp\/v2\/tags?post=11240"}],"curies":[{"name":"wp","href":"https:\/\/api.w.org\/{rel}","templated":true}]}}