{"id":11534,"date":"2018-09-30T10:25:05","date_gmt":"2018-09-30T10:25:05","guid":{"rendered":"https:\/\/francois-pelletant.fr\/blog\/?p=11534"},"modified":"2018-09-28T12:31:36","modified_gmt":"2018-09-28T12:31:36","slug":"lactualite-en-dessins","status":"publish","type":"post","link":"https:\/\/francois-pelletant.fr\/blog\/lactualite-en-dessins\/","title":{"rendered":"L&#8217;actualit\u00e9 en dessins"},"content":{"rendered":"<figure id=\"attachment_11535\" aria-describedby=\"caption-attachment-11535\" style=\"width: 300px\" class=\"wp-caption alignleft\"><a href=\"https:\/\/francois-pelletant.fr\/blog\/wp-content\/uploads\/2018\/09\/Delucq-26-septembre.jpg\" rel=\"attachment wp-att-11535\"><img loading=\"lazy\" decoding=\"async\" class=\"size-medium wp-image-11535\" src=\"https:\/\/francois-pelletant.fr\/blog\/wp-content\/uploads\/2018\/09\/Delucq-26-septembre-300x235.jpg\" alt=\"Delucq 26 septembre\" width=\"300\" height=\"235\" srcset=\"https:\/\/francois-pelletant.fr\/blog\/wp-content\/uploads\/2018\/09\/Delucq-26-septembre-300x235.jpg 300w, https:\/\/francois-pelletant.fr\/blog\/wp-content\/uploads\/2018\/09\/Delucq-26-septembre.jpg 567w\" sizes=\"auto, (max-width: 300px) 100vw, 300px\" \/><\/a><figcaption id=\"caption-attachment-11535\" class=\"wp-caption-text\">Delucq 26 septembre<\/figcaption><\/figure>\n<p>Cette semaine, il est question du Brexit, des taxes, de Barcelone, des bouchers, de l&#8217;ONU, du TGV et m\u00eame du march\u00e9 de Noel&#8230; Mais de quoi s&#8217;agit-il ? De ma revue des dessins de presse bien s\u00fbr !<\/p>\n<p>&nbsp;<\/p>\n<figure id=\"attachment_11536\" aria-describedby=\"caption-attachment-11536\" style=\"width: 273px\" class=\"wp-caption aligncenter\"><a href=\"https:\/\/francois-pelletant.fr\/blog\/wp-content\/uploads\/2018\/09\/Bidu-25-septembre.jpg\" rel=\"attachment wp-att-11536\"><img loading=\"lazy\" decoding=\"async\" class=\"size-medium wp-image-11536\" src=\"https:\/\/francois-pelletant.fr\/blog\/wp-content\/uploads\/2018\/09\/Bidu-25-septembre-273x300.jpg\" alt=\"Bidu 25 septembre\" width=\"273\" height=\"300\" srcset=\"https:\/\/francois-pelletant.fr\/blog\/wp-content\/uploads\/2018\/09\/Bidu-25-septembre-273x300.jpg 273w, https:\/\/francois-pelletant.fr\/blog\/wp-content\/uploads\/2018\/09\/Bidu-25-septembre-600x659.jpg 600w, https:\/\/francois-pelletant.fr\/blog\/wp-content\/uploads\/2018\/09\/Bidu-25-septembre.jpg 656w\" sizes=\"auto, (max-width: 273px) 100vw, 273px\" \/><\/a><figcaption id=\"caption-attachment-11536\" class=\"wp-caption-text\">Bidu 25 septembre<\/figcaption><\/figure>\n<p>&nbsp;<\/p>\n<figure id=\"attachment_11537\" aria-describedby=\"caption-attachment-11537\" style=\"width: 300px\" class=\"wp-caption aligncenter\"><a href=\"https:\/\/francois-pelletant.fr\/blog\/wp-content\/uploads\/2018\/09\/Goutal-27-septembre.jpg\" rel=\"attachment wp-att-11537\"><img loading=\"lazy\" decoding=\"async\" class=\"size-medium wp-image-11537\" src=\"https:\/\/francois-pelletant.fr\/blog\/wp-content\/uploads\/2018\/09\/Goutal-27-septembre-300x208.jpg\" alt=\"Goutal 27 septembre\" width=\"300\" height=\"208\" srcset=\"https:\/\/francois-pelletant.fr\/blog\/wp-content\/uploads\/2018\/09\/Goutal-27-septembre-300x208.jpg 300w, https:\/\/francois-pelletant.fr\/blog\/wp-content\/uploads\/2018\/09\/Goutal-27-septembre-1024x708.jpg 1024w, https:\/\/francois-pelletant.fr\/blog\/wp-content\/uploads\/2018\/09\/Goutal-27-septembre-768x531.jpg 768w, https:\/\/francois-pelletant.fr\/blog\/wp-content\/uploads\/2018\/09\/Goutal-27-septembre-600x415.jpg 600w, https:\/\/francois-pelletant.fr\/blog\/wp-content\/uploads\/2018\/09\/Goutal-27-septembre.jpg 1200w\" sizes=\"auto, (max-width: 300px) 100vw, 300px\" \/><\/a><figcaption id=\"caption-attachment-11537\" class=\"wp-caption-text\">Goutal 27 septembre<\/figcaption><\/figure>\n<p>&nbsp;<\/p>\n<figure id=\"attachment_11538\" aria-describedby=\"caption-attachment-11538\" style=\"width: 300px\" class=\"wp-caption aligncenter\"><a href=\"https:\/\/francois-pelletant.fr\/blog\/wp-content\/uploads\/2018\/09\/Ix\u00e8ne-26-septembre.jpg\" rel=\"attachment wp-att-11538\"><img loading=\"lazy\" decoding=\"async\" class=\"size-medium wp-image-11538\" src=\"https:\/\/francois-pelletant.fr\/blog\/wp-content\/uploads\/2018\/09\/Ix\u00e8ne-26-septembre-300x278.jpg\" alt=\"Ix\u00e8ne 26 septembre\" width=\"300\" height=\"278\" srcset=\"https:\/\/francois-pelletant.fr\/blog\/wp-content\/uploads\/2018\/09\/Ix\u00e8ne-26-septembre-300x278.jpg 300w, https:\/\/francois-pelletant.fr\/blog\/wp-content\/uploads\/2018\/09\/Ix\u00e8ne-26-septembre-1024x949.jpg 1024w, https:\/\/francois-pelletant.fr\/blog\/wp-content\/uploads\/2018\/09\/Ix\u00e8ne-26-septembre-768x712.jpg 768w, https:\/\/francois-pelletant.fr\/blog\/wp-content\/uploads\/2018\/09\/Ix\u00e8ne-26-septembre-600x556.jpg 600w, https:\/\/francois-pelletant.fr\/blog\/wp-content\/uploads\/2018\/09\/Ix\u00e8ne-26-septembre-1536x1424.jpg 1536w, https:\/\/francois-pelletant.fr\/blog\/wp-content\/uploads\/2018\/09\/Ix\u00e8ne-26-septembre.jpg 2048w\" sizes=\"auto, (max-width: 300px) 100vw, 300px\" \/><\/a><figcaption id=\"caption-attachment-11538\" class=\"wp-caption-text\">Ix\u00e8ne 26 septembre<\/figcaption><\/figure>\n<p>&nbsp;<\/p>\n<figure id=\"attachment_11539\" aria-describedby=\"caption-attachment-11539\" style=\"width: 228px\" class=\"wp-caption aligncenter\"><a href=\"https:\/\/francois-pelletant.fr\/blog\/wp-content\/uploads\/2018\/09\/JMio-25-septembre.jpg\" rel=\"attachment wp-att-11539\"><img loading=\"lazy\" decoding=\"async\" class=\"size-medium wp-image-11539\" src=\"https:\/\/francois-pelletant.fr\/blog\/wp-content\/uploads\/2018\/09\/JMio-25-septembre-228x300.jpg\" alt=\"JMio 25 septembre\" width=\"228\" height=\"300\" srcset=\"https:\/\/francois-pelletant.fr\/blog\/wp-content\/uploads\/2018\/09\/JMio-25-septembre-228x300.jpg 228w, https:\/\/francois-pelletant.fr\/blog\/wp-content\/uploads\/2018\/09\/JMio-25-septembre.jpg 500w\" sizes=\"auto, (max-width: 228px) 100vw, 228px\" \/><\/a><figcaption id=\"caption-attachment-11539\" class=\"wp-caption-text\">JMio 25 septembre<\/figcaption><\/figure>\n<p>&nbsp;<\/p>\n<figure id=\"attachment_11540\" aria-describedby=\"caption-attachment-11540\" style=\"width: 291px\" class=\"wp-caption aligncenter\"><a href=\"https:\/\/francois-pelletant.fr\/blog\/wp-content\/uploads\/2018\/09\/Lapert-25-septembre.jpg\" rel=\"attachment wp-att-11540\"><img loading=\"lazy\" decoding=\"async\" class=\"size-medium wp-image-11540\" src=\"https:\/\/francois-pelletant.fr\/blog\/wp-content\/uploads\/2018\/09\/Lapert-25-septembre-291x300.jpg\" alt=\"Lapert 25 septembre\" width=\"291\" height=\"300\" srcset=\"https:\/\/francois-pelletant.fr\/blog\/wp-content\/uploads\/2018\/09\/Lapert-25-septembre-291x300.jpg 291w, https:\/\/francois-pelletant.fr\/blog\/wp-content\/uploads\/2018\/09\/Lapert-25-septembre-600x618.jpg 600w, https:\/\/francois-pelletant.fr\/blog\/wp-content\/uploads\/2018\/09\/Lapert-25-septembre.jpg 640w\" sizes=\"auto, (max-width: 291px) 100vw, 291px\" \/><\/a><figcaption id=\"caption-attachment-11540\" class=\"wp-caption-text\">Lapert 25 septembre<\/figcaption><\/figure>\n<p>&nbsp;<\/p>\n<figure id=\"attachment_11541\" aria-describedby=\"caption-attachment-11541\" style=\"width: 300px\" class=\"wp-caption aligncenter\"><a href=\"https:\/\/francois-pelletant.fr\/blog\/wp-content\/uploads\/2018\/09\/Le-courrier-Picard-27-septembre.jpg\" rel=\"attachment wp-att-11541\"><img loading=\"lazy\" decoding=\"async\" class=\"size-medium wp-image-11541\" src=\"https:\/\/francois-pelletant.fr\/blog\/wp-content\/uploads\/2018\/09\/Le-courrier-Picard-27-septembre-300x263.jpg\" alt=\"Le courrier Picard 27 septembre\" width=\"300\" height=\"263\" srcset=\"https:\/\/francois-pelletant.fr\/blog\/wp-content\/uploads\/2018\/09\/Le-courrier-Picard-27-septembre-300x263.jpg 300w, https:\/\/francois-pelletant.fr\/blog\/wp-content\/uploads\/2018\/09\/Le-courrier-Picard-27-septembre-768x674.jpg 768w, https:\/\/francois-pelletant.fr\/blog\/wp-content\/uploads\/2018\/09\/Le-courrier-Picard-27-septembre-600x526.jpg 600w, https:\/\/francois-pelletant.fr\/blog\/wp-content\/uploads\/2018\/09\/Le-courrier-Picard-27-septembre.jpg 864w\" sizes=\"auto, (max-width: 300px) 100vw, 300px\" \/><\/a><figcaption id=\"caption-attachment-11541\" class=\"wp-caption-text\">Le courrier Picard 27 septembre<\/figcaption><\/figure>\n<p>&nbsp;<\/p>\n<figure id=\"attachment_11542\" aria-describedby=\"caption-attachment-11542\" style=\"width: 291px\" class=\"wp-caption aligncenter\"><a href=\"https:\/\/francois-pelletant.fr\/blog\/wp-content\/uploads\/2018\/09\/Manu-Lapert-25-septembre.jpg\" rel=\"attachment wp-att-11542\"><img loading=\"lazy\" decoding=\"async\" class=\"size-medium wp-image-11542\" src=\"https:\/\/francois-pelletant.fr\/blog\/wp-content\/uploads\/2018\/09\/Manu-Lapert-25-septembre-291x300.jpg\" alt=\"Manu Lapert 25 septembre\" width=\"291\" height=\"300\" srcset=\"https:\/\/francois-pelletant.fr\/blog\/wp-content\/uploads\/2018\/09\/Manu-Lapert-25-septembre-291x300.jpg 291w, https:\/\/francois-pelletant.fr\/blog\/wp-content\/uploads\/2018\/09\/Manu-Lapert-25-septembre-600x618.jpg 600w, https:\/\/francois-pelletant.fr\/blog\/wp-content\/uploads\/2018\/09\/Manu-Lapert-25-septembre.jpg 640w\" sizes=\"auto, (max-width: 291px) 100vw, 291px\" \/><\/a><figcaption id=\"caption-attachment-11542\" class=\"wp-caption-text\">Manu Lapert 25 septembre<\/figcaption><\/figure>\n<p>&nbsp;<\/p>\n<figure id=\"attachment_11543\" aria-describedby=\"caption-attachment-11543\" style=\"width: 300px\" class=\"wp-caption aligncenter\"><a href=\"https:\/\/francois-pelletant.fr\/blog\/wp-content\/uploads\/2018\/09\/Soulci\u00e9-25-septembre.jpg\" rel=\"attachment wp-att-11543\"><img loading=\"lazy\" decoding=\"async\" class=\"size-medium wp-image-11543\" src=\"https:\/\/francois-pelletant.fr\/blog\/wp-content\/uploads\/2018\/09\/Soulci\u00e9-25-septembre-300x240.jpg\" alt=\"Soulci\u00e9 25 septembre\" width=\"300\" height=\"240\" srcset=\"https:\/\/francois-pelletant.fr\/blog\/wp-content\/uploads\/2018\/09\/Soulci\u00e9-25-septembre-300x240.jpg 300w, https:\/\/francois-pelletant.fr\/blog\/wp-content\/uploads\/2018\/09\/Soulci\u00e9-25-septembre-600x480.jpg 600w, https:\/\/francois-pelletant.fr\/blog\/wp-content\/uploads\/2018\/09\/Soulci\u00e9-25-septembre.jpg 720w\" sizes=\"auto, (max-width: 300px) 100vw, 300px\" \/><\/a><figcaption id=\"caption-attachment-11543\" class=\"wp-caption-text\">Soulci\u00e9 25 septembre<\/figcaption><\/figure>\n<p>&nbsp;<\/p>\n<figure id=\"attachment_11544\" aria-describedby=\"caption-attachment-11544\" style=\"width: 300px\" class=\"wp-caption aligncenter\"><a href=\"https:\/\/francois-pelletant.fr\/blog\/wp-content\/uploads\/2018\/09\/Soulci\u00e9-26-septembre.jpg\" rel=\"attachment wp-att-11544\"><img loading=\"lazy\" decoding=\"async\" class=\"size-medium wp-image-11544\" src=\"https:\/\/francois-pelletant.fr\/blog\/wp-content\/uploads\/2018\/09\/Soulci\u00e9-26-septembre-300x234.jpg\" alt=\"Soulci\u00e9 26 septembre\" width=\"300\" height=\"234\" srcset=\"https:\/\/francois-pelletant.fr\/blog\/wp-content\/uploads\/2018\/09\/Soulci\u00e9-26-septembre-300x234.jpg 300w, https:\/\/francois-pelletant.fr\/blog\/wp-content\/uploads\/2018\/09\/Soulci\u00e9-26-septembre-600x467.jpg 600w, https:\/\/francois-pelletant.fr\/blog\/wp-content\/uploads\/2018\/09\/Soulci\u00e9-26-septembre.jpg 719w\" sizes=\"auto, (max-width: 300px) 100vw, 300px\" \/><\/a><figcaption id=\"caption-attachment-11544\" class=\"wp-caption-text\">Soulci\u00e9 26 septembre<\/figcaption><\/figure>\n","protected":false},"excerpt":{"rendered":"<p>Cette semaine, il est question du Brexit, des taxes, de Barcelone, des bouchers, de l&#8217;ONU, du TGV et m\u00eame du march\u00e9 de Noel&#8230; Mais de quoi s&#8217;agit-il ? De ma revue des dessins de presse bien s\u00fbr ! &nbsp; &nbsp; &nbsp; &nbsp; &nbsp; &nbsp; &nbsp; &nbsp; &nbsp;<\/p>\n","protected":false},"author":1,"featured_media":11535,"comment_status":"open","ping_status":"closed","sticky":false,"template":"","format":"standard","meta":{"footnotes":""},"categories":[17],"tags":[],"class_list":["post-11534","post","type-post","status-publish","format-standard","has-post-thumbnail","hentry","category-prix-du-meilleur-dessin-de-presse"],"yoast_head":"<!-- This site is optimized with the Yoast SEO plugin v25.6 - https:\/\/yoast.com\/wordpress\/plugins\/seo\/ -->\n<title>L&#039;actualit\u00e9 en dessins - Fran\u00e7ois Pelletant<\/title>\n<meta name=\"robots\" content=\"index, follow, max-snippet:-1, max-image-preview:large, max-video-preview:-1\" \/>\n<link rel=\"canonical\" href=\"https:\/\/francois-pelletant.fr\/blog\/lactualite-en-dessins\/\" \/>\n<meta property=\"og:locale\" content=\"fr_FR\" \/>\n<meta property=\"og:type\" content=\"article\" \/>\n<meta property=\"og:title\" content=\"L&#039;actualit\u00e9 en dessins - Fran\u00e7ois Pelletant\" \/>\n<meta property=\"og:description\" content=\"Cette semaine, il est question du Brexit, des taxes, de Barcelone, des bouchers, de l&#8217;ONU, du TGV et m\u00eame du march\u00e9 de Noel&#8230; Mais de quoi s&#8217;agit-il ? De ma revue des dessins de presse bien s\u00fbr ! &nbsp; &nbsp; &nbsp; &nbsp; &nbsp; &nbsp; &nbsp; &nbsp; &nbsp;\" \/>\n<meta property=\"og:url\" content=\"https:\/\/francois-pelletant.fr\/blog\/lactualite-en-dessins\/\" \/>\n<meta property=\"og:site_name\" content=\"Fran\u00e7ois Pelletant\" \/>\n<meta property=\"article:publisher\" content=\"https:\/\/www.facebook.com\/francois.pelletant.7\" \/>\n<meta property=\"article:published_time\" content=\"2018-09-30T10:25:05+00:00\" \/>\n<meta property=\"og:image\" content=\"https:\/\/francois-pelletant.fr\/blog\/wp-content\/uploads\/2018\/09\/Delucq-26-septembre.jpg\" \/>\n\t<meta property=\"og:image:width\" content=\"567\" \/>\n\t<meta property=\"og:image:height\" content=\"445\" \/>\n\t<meta property=\"og:image:type\" content=\"image\/jpeg\" \/>\n<meta name=\"author\" content=\"Francois\" \/>\n<meta name=\"twitter:card\" content=\"summary_large_image\" \/>\n<meta name=\"twitter:creator\" content=\"@pelletant\" \/>\n<meta name=\"twitter:site\" content=\"@pelletant\" \/>\n<meta name=\"twitter:label1\" content=\"\u00c9crit par\" \/>\n\t<meta name=\"twitter:data1\" content=\"Francois\" \/>\n\t<meta name=\"twitter:label2\" content=\"Dur\u00e9e de lecture estim\u00e9e\" \/>\n\t<meta name=\"twitter:data2\" content=\"1 minute\" \/>\n<script type=\"application\/ld+json\" class=\"yoast-schema-graph\">{\"@context\":\"https:\/\/schema.org\",\"@graph\":[{\"@type\":\"Article\",\"@id\":\"https:\/\/francois-pelletant.fr\/blog\/lactualite-en-dessins\/#article\",\"isPartOf\":{\"@id\":\"https:\/\/francois-pelletant.fr\/blog\/lactualite-en-dessins\/\"},\"author\":{\"name\":\"Francois\",\"@id\":\"https:\/\/francois-pelletant.fr\/blog\/#\/schema\/person\/2be41acb171dff8f31aaed1f40cee9f3\"},\"headline\":\"L&#8217;actualit\u00e9 en dessins\",\"datePublished\":\"2018-09-30T10:25:05+00:00\",\"mainEntityOfPage\":{\"@id\":\"https:\/\/francois-pelletant.fr\/blog\/lactualite-en-dessins\/\"},\"wordCount\":147,\"commentCount\":0,\"publisher\":{\"@id\":\"https:\/\/francois-pelletant.fr\/blog\/#organization\"},\"image\":{\"@id\":\"https:\/\/francois-pelletant.fr\/blog\/lactualite-en-dessins\/#primaryimage\"},\"thumbnailUrl\":\"https:\/\/francois-pelletant.fr\/blog\/wp-content\/uploads\/2018\/09\/Delucq-26-septembre.jpg\",\"articleSection\":[\"Prix du meilleur dessin de presse\"],\"inLanguage\":\"fr-FR\",\"potentialAction\":[{\"@type\":\"CommentAction\",\"name\":\"Comment\",\"target\":[\"https:\/\/francois-pelletant.fr\/blog\/lactualite-en-dessins\/#respond\"]}]},{\"@type\":\"WebPage\",\"@id\":\"https:\/\/francois-pelletant.fr\/blog\/lactualite-en-dessins\/\",\"url\":\"https:\/\/francois-pelletant.fr\/blog\/lactualite-en-dessins\/\",\"name\":\"L'actualit\u00e9 en dessins - Fran\u00e7ois Pelletant\",\"isPartOf\":{\"@id\":\"https:\/\/francois-pelletant.fr\/blog\/#website\"},\"primaryImageOfPage\":{\"@id\":\"https:\/\/francois-pelletant.fr\/blog\/lactualite-en-dessins\/#primaryimage\"},\"image\":{\"@id\":\"https:\/\/francois-pelletant.fr\/blog\/lactualite-en-dessins\/#primaryimage\"},\"thumbnailUrl\":\"https:\/\/francois-pelletant.fr\/blog\/wp-content\/uploads\/2018\/09\/Delucq-26-septembre.jpg\",\"datePublished\":\"2018-09-30T10:25:05+00:00\",\"breadcrumb\":{\"@id\":\"https:\/\/francois-pelletant.fr\/blog\/lactualite-en-dessins\/#breadcrumb\"},\"inLanguage\":\"fr-FR\",\"potentialAction\":[{\"@type\":\"ReadAction\",\"target\":[\"https:\/\/francois-pelletant.fr\/blog\/lactualite-en-dessins\/\"]}]},{\"@type\":\"ImageObject\",\"inLanguage\":\"fr-FR\",\"@id\":\"https:\/\/francois-pelletant.fr\/blog\/lactualite-en-dessins\/#primaryimage\",\"url\":\"https:\/\/francois-pelletant.fr\/blog\/wp-content\/uploads\/2018\/09\/Delucq-26-septembre.jpg\",\"contentUrl\":\"https:\/\/francois-pelletant.fr\/blog\/wp-content\/uploads\/2018\/09\/Delucq-26-septembre.jpg\",\"width\":567,\"height\":445,\"caption\":\"Delucq 26 septembre\"},{\"@type\":\"BreadcrumbList\",\"@id\":\"https:\/\/francois-pelletant.fr\/blog\/lactualite-en-dessins\/#breadcrumb\",\"itemListElement\":[{\"@type\":\"ListItem\",\"position\":1,\"name\":\"Accueil\",\"item\":\"https:\/\/francois-pelletant.fr\/blog\/\"},{\"@type\":\"ListItem\",\"position\":2,\"name\":\"L&#8217;actualit\u00e9 en dessins\"}]},{\"@type\":\"WebSite\",\"@id\":\"https:\/\/francois-pelletant.fr\/blog\/#website\",\"url\":\"https:\/\/francois-pelletant.fr\/blog\/\",\"name\":\"Fran\u00e7ois Pelletant\",\"description\":\"Maire de Linas, pour toujours.\",\"publisher\":{\"@id\":\"https:\/\/francois-pelletant.fr\/blog\/#organization\"},\"potentialAction\":[{\"@type\":\"SearchAction\",\"target\":{\"@type\":\"EntryPoint\",\"urlTemplate\":\"https:\/\/francois-pelletant.fr\/blog\/?s={search_term_string}\"},\"query-input\":{\"@type\":\"PropertyValueSpecification\",\"valueRequired\":true,\"valueName\":\"search_term_string\"}}],\"inLanguage\":\"fr-FR\"},{\"@type\":\"Organization\",\"@id\":\"https:\/\/francois-pelletant.fr\/blog\/#organization\",\"name\":\"Fran\u00e7ois Pelletant\",\"url\":\"https:\/\/francois-pelletant.fr\/blog\/\",\"logo\":{\"@type\":\"ImageObject\",\"inLanguage\":\"fr-FR\",\"@id\":\"https:\/\/francois-pelletant.fr\/blog\/#\/schema\/logo\/image\/\",\"url\":\"https:\/\/francois-pelletant.fr\/blog\/wp-content\/uploads\/2024\/07\/icone-francois-centre-500p.png\",\"contentUrl\":\"https:\/\/francois-pelletant.fr\/blog\/wp-content\/uploads\/2024\/07\/icone-francois-centre-500p.png\",\"width\":559,\"height\":447,\"caption\":\"Fran\u00e7ois Pelletant\"},\"image\":{\"@id\":\"https:\/\/francois-pelletant.fr\/blog\/#\/schema\/logo\/image\/\"},\"sameAs\":[\"https:\/\/www.facebook.com\/francois.pelletant.7\",\"https:\/\/x.com\/pelletant\"]},{\"@type\":\"Person\",\"@id\":\"https:\/\/francois-pelletant.fr\/blog\/#\/schema\/person\/2be41acb171dff8f31aaed1f40cee9f3\",\"name\":\"Francois\"}]}<\/script>\n<!-- \/ Yoast SEO plugin. -->","yoast_head_json":{"title":"L'actualit\u00e9 en dessins - Fran\u00e7ois Pelletant","robots":{"index":"index","follow":"follow","max-snippet":"max-snippet:-1","max-image-preview":"max-image-preview:large","max-video-preview":"max-video-preview:-1"},"canonical":"https:\/\/francois-pelletant.fr\/blog\/lactualite-en-dessins\/","og_locale":"fr_FR","og_type":"article","og_title":"L'actualit\u00e9 en dessins - Fran\u00e7ois Pelletant","og_description":"Cette semaine, il est question du Brexit, des taxes, de Barcelone, des bouchers, de l&#8217;ONU, du TGV et m\u00eame du march\u00e9 de Noel&#8230; Mais de quoi s&#8217;agit-il ? De ma revue des dessins de presse bien s\u00fbr ! &nbsp; &nbsp; &nbsp; &nbsp; &nbsp; &nbsp; &nbsp; &nbsp; &nbsp;","og_url":"https:\/\/francois-pelletant.fr\/blog\/lactualite-en-dessins\/","og_site_name":"Fran\u00e7ois Pelletant","article_publisher":"https:\/\/www.facebook.com\/francois.pelletant.7","article_published_time":"2018-09-30T10:25:05+00:00","og_image":[{"width":567,"height":445,"url":"https:\/\/francois-pelletant.fr\/blog\/wp-content\/uploads\/2018\/09\/Delucq-26-septembre.jpg","type":"image\/jpeg"}],"author":"Francois","twitter_card":"summary_large_image","twitter_creator":"@pelletant","twitter_site":"@pelletant","twitter_misc":{"\u00c9crit par":"Francois","Dur\u00e9e de lecture estim\u00e9e":"1 minute"},"schema":{"@context":"https:\/\/schema.org","@graph":[{"@type":"Article","@id":"https:\/\/francois-pelletant.fr\/blog\/lactualite-en-dessins\/#article","isPartOf":{"@id":"https:\/\/francois-pelletant.fr\/blog\/lactualite-en-dessins\/"},"author":{"name":"Francois","@id":"https:\/\/francois-pelletant.fr\/blog\/#\/schema\/person\/2be41acb171dff8f31aaed1f40cee9f3"},"headline":"L&#8217;actualit\u00e9 en dessins","datePublished":"2018-09-30T10:25:05+00:00","mainEntityOfPage":{"@id":"https:\/\/francois-pelletant.fr\/blog\/lactualite-en-dessins\/"},"wordCount":147,"commentCount":0,"publisher":{"@id":"https:\/\/francois-pelletant.fr\/blog\/#organization"},"image":{"@id":"https:\/\/francois-pelletant.fr\/blog\/lactualite-en-dessins\/#primaryimage"},"thumbnailUrl":"https:\/\/francois-pelletant.fr\/blog\/wp-content\/uploads\/2018\/09\/Delucq-26-septembre.jpg","articleSection":["Prix du meilleur dessin de presse"],"inLanguage":"fr-FR","potentialAction":[{"@type":"CommentAction","name":"Comment","target":["https:\/\/francois-pelletant.fr\/blog\/lactualite-en-dessins\/#respond"]}]},{"@type":"WebPage","@id":"https:\/\/francois-pelletant.fr\/blog\/lactualite-en-dessins\/","url":"https:\/\/francois-pelletant.fr\/blog\/lactualite-en-dessins\/","name":"L'actualit\u00e9 en dessins - Fran\u00e7ois Pelletant","isPartOf":{"@id":"https:\/\/francois-pelletant.fr\/blog\/#website"},"primaryImageOfPage":{"@id":"https:\/\/francois-pelletant.fr\/blog\/lactualite-en-dessins\/#primaryimage"},"image":{"@id":"https:\/\/francois-pelletant.fr\/blog\/lactualite-en-dessins\/#primaryimage"},"thumbnailUrl":"https:\/\/francois-pelletant.fr\/blog\/wp-content\/uploads\/2018\/09\/Delucq-26-septembre.jpg","datePublished":"2018-09-30T10:25:05+00:00","breadcrumb":{"@id":"https:\/\/francois-pelletant.fr\/blog\/lactualite-en-dessins\/#breadcrumb"},"inLanguage":"fr-FR","potentialAction":[{"@type":"ReadAction","target":["https:\/\/francois-pelletant.fr\/blog\/lactualite-en-dessins\/"]}]},{"@type":"ImageObject","inLanguage":"fr-FR","@id":"https:\/\/francois-pelletant.fr\/blog\/lactualite-en-dessins\/#primaryimage","url":"https:\/\/francois-pelletant.fr\/blog\/wp-content\/uploads\/2018\/09\/Delucq-26-septembre.jpg","contentUrl":"https:\/\/francois-pelletant.fr\/blog\/wp-content\/uploads\/2018\/09\/Delucq-26-septembre.jpg","width":567,"height":445,"caption":"Delucq 26 septembre"},{"@type":"BreadcrumbList","@id":"https:\/\/francois-pelletant.fr\/blog\/lactualite-en-dessins\/#breadcrumb","itemListElement":[{"@type":"ListItem","position":1,"name":"Accueil","item":"https:\/\/francois-pelletant.fr\/blog\/"},{"@type":"ListItem","position":2,"name":"L&#8217;actualit\u00e9 en dessins"}]},{"@type":"WebSite","@id":"https:\/\/francois-pelletant.fr\/blog\/#website","url":"https:\/\/francois-pelletant.fr\/blog\/","name":"Fran\u00e7ois Pelletant","description":"Maire de Linas, pour toujours.","publisher":{"@id":"https:\/\/francois-pelletant.fr\/blog\/#organization"},"potentialAction":[{"@type":"SearchAction","target":{"@type":"EntryPoint","urlTemplate":"https:\/\/francois-pelletant.fr\/blog\/?s={search_term_string}"},"query-input":{"@type":"PropertyValueSpecification","valueRequired":true,"valueName":"search_term_string"}}],"inLanguage":"fr-FR"},{"@type":"Organization","@id":"https:\/\/francois-pelletant.fr\/blog\/#organization","name":"Fran\u00e7ois Pelletant","url":"https:\/\/francois-pelletant.fr\/blog\/","logo":{"@type":"ImageObject","inLanguage":"fr-FR","@id":"https:\/\/francois-pelletant.fr\/blog\/#\/schema\/logo\/image\/","url":"https:\/\/francois-pelletant.fr\/blog\/wp-content\/uploads\/2024\/07\/icone-francois-centre-500p.png","contentUrl":"https:\/\/francois-pelletant.fr\/blog\/wp-content\/uploads\/2024\/07\/icone-francois-centre-500p.png","width":559,"height":447,"caption":"Fran\u00e7ois Pelletant"},"image":{"@id":"https:\/\/francois-pelletant.fr\/blog\/#\/schema\/logo\/image\/"},"sameAs":["https:\/\/www.facebook.com\/francois.pelletant.7","https:\/\/x.com\/pelletant"]},{"@type":"Person","@id":"https:\/\/francois-pelletant.fr\/blog\/#\/schema\/person\/2be41acb171dff8f31aaed1f40cee9f3","name":"Francois"}]}},"_links":{"self":[{"href":"https:\/\/francois-pelletant.fr\/blog\/wp-json\/wp\/v2\/posts\/11534","targetHints":{"allow":["GET"]}}],"collection":[{"href":"https:\/\/francois-pelletant.fr\/blog\/wp-json\/wp\/v2\/posts"}],"about":[{"href":"https:\/\/francois-pelletant.fr\/blog\/wp-json\/wp\/v2\/types\/post"}],"author":[{"embeddable":true,"href":"https:\/\/francois-pelletant.fr\/blog\/wp-json\/wp\/v2\/users\/1"}],"replies":[{"embeddable":true,"href":"https:\/\/francois-pelletant.fr\/blog\/wp-json\/wp\/v2\/comments?post=11534"}],"version-history":[{"count":0,"href":"https:\/\/francois-pelletant.fr\/blog\/wp-json\/wp\/v2\/posts\/11534\/revisions"}],"wp:featuredmedia":[{"embeddable":true,"href":"https:\/\/francois-pelletant.fr\/blog\/wp-json\/wp\/v2\/media\/11535"}],"wp:attachment":[{"href":"https:\/\/francois-pelletant.fr\/blog\/wp-json\/wp\/v2\/media?parent=11534"}],"wp:term":[{"taxonomy":"category","embeddable":true,"href":"https:\/\/francois-pelletant.fr\/blog\/wp-json\/wp\/v2\/categories?post=11534"},{"taxonomy":"post_tag","embeddable":true,"href":"https:\/\/francois-pelletant.fr\/blog\/wp-json\/wp\/v2\/tags?post=11534"}],"curies":[{"name":"wp","href":"https:\/\/api.w.org\/{rel}","templated":true}]}}