{"id":1173,"date":"2004-01-29T12:58:00","date_gmt":"2004-01-29T12:58:00","guid":{"rendered":"https:\/\/francois-pelletant.fr\/blog\/?p=1173"},"modified":"2004-01-29T12:58:00","modified_gmt":"2004-01-29T12:58:00","slug":"des-travaux-pour-la-rn20","status":"publish","type":"post","link":"https:\/\/francois-pelletant.fr\/blog\/des-travaux-pour-la-rn20\/","title":{"rendered":"Des travaux pour la RN20"},"content":{"rendered":"<div>\n<p><tt>D\u2019ici 2005-2006, devraient commencer les travaux d'am\u00e9nagement de la Route Nationale 20 pr\u00e9vus au contrat de plan. Le contrat de plan est le document dans lequel est recens\u00e9 les principaux investissements de l'Etat pour 6 ans. Le contrat actuellement en cours a d\u00e9but\u00e9 en 2000 et pr\u00e9voit de consacrer 6,7 millions d\u2019euros pour am\u00e9liorer la RN20.<\/tt><\/p>\n<\/div>\n<p>&nbsp;<\/p>\n<p><tt>Ces cr\u00e9dits ont \u00e9t\u00e9 obtenus de dure lutte\u00a0: retour sur l\u2019histoire des cr\u00e9dits pour la RN 20.<\/tt><\/p>\n<p><tt>En 1999, la demande de travaux sur les routes nationales pour le contrat de plan 2000-2006 est pr\u00e9sent\u00e9e par le Conseil g\u00e9n\u00e9ral qui d\u00e9laisse la RN 20 au profit de la RN 7.<\/tt><\/p>\n<p><tt>\u00a0<\/tt><\/p>\n<p><tt>La mobilisation est alors lanc\u00e9e :<\/tt><\/p>\n<p><tt>- un tract est distribu\u00e9 sur la RN 20 appelant \u00e0 le faxer au Pr\u00e9sident du Conseil g\u00e9n\u00e9ral pour demander l\u2019inscription de cr\u00e9dits.<\/tt><\/p>\n<p><tt>- un amendement du 25 f\u00e9vrier 1999 cosign\u00e9 par les Maires des communes riveraines est d\u00e9pos\u00e9 \u00e0 l\u2019assembl\u00e9e d\u00e9partementale. L\u2019amendement est d\u2019abord rejet\u00e9 par la majorit\u00e9 d\u00e9partementale puis adopt\u00e9 sans autre forme \u00e0 l\u2019unanimit\u00e9.<\/tt><\/p>\n<p><tt>- apr\u00e8s une s\u00e9rie de n\u00e9gociations, le contrat de plan d\u00e9finitif pr\u00e9voit une r\u00e9serve de 44 millions de francs pour la RN 20 pour la r\u00e9alisation de travaux d\u2019am\u00e9lioration de la s\u00e9curit\u00e9 et des transports en commun. C\u2019est d\u00e9j\u00e0 une premi\u00e8re victoire.<\/tt><\/p>\n<p><tt>- une discussion s\u2019engage sur le tron\u00e7on o\u00f9 doivent \u00eatre affect\u00e9s les cr\u00e9dits. Il s\u2019agit d\u2019un v\u00e9ritable bras de fer avec les services de l\u2019Etat. Je fais valoir les besoins prioritaires au nord de la francilienne. Alors que l\u2019Etat s\u2019appuie sur un plan annex\u00e9 pour dire que les cr\u00e9dits doivent \u00eatre utilis\u00e9s au sud de la Francilienne.<\/tt><\/p>\n<p><tt>- en d\u00e9cembre 2001, la DDE accepte d\u2019utiliser les cr\u00e9dits au nord de la francilienne.<\/tt><\/p>\n<p><tt>- en f\u00e9vrier 2002, 5 points sont identifi\u00e9s\u00a0: 4 au nord et un au sud.<\/tt><\/p>\n<p><tt>- c\u2019est ensuite une longue travers\u00e9e du d\u00e9sert o\u00f9 la DDE ne donne pas de nouvelle de ce dossier. Le risque de ces retards est que les cr\u00e9dits affect\u00e9s ne soient pas utilis\u00e9s pour les travaux en question mais red\u00e9ploy\u00e9s sur un autre dossier. C\u2019est pourquoi, j'ai \u00e9cris au Sous-Pr\u00e9fet en juillet 2002, mais demeure sans r\u00e9ponse. Il saisit ensuite le Pr\u00e9fet de R\u00e9gion le 3 octobre 2002, il interroge le Pr\u00e9fet de d\u00e9partement le 22 octobre 2002, et n\u2019obtient toujours pas de r\u00e9ponse.<\/tt><\/p>\n<p><tt>Avec l\u2019aide de Pierre-Andr\u00e9 WILTZER, un \u00e9change de courrier se met alors en place\u00a0: courrier de P-A WILTZER au Pr\u00e9fet de R\u00e9gion, courrier de P-A WILTZER au Pr\u00e9fet de l\u2019Essonne, R\u00e9ponse du Pr\u00e9fet de R\u00e9gion \u00e0 P-A WILTZER, r\u00e9ponse du Pr\u00e9fet de l\u2019Essonne \u00e0 P-A WILTZER.<\/tt><\/p>\n<p><tt>- Le Pr\u00e9fet de R\u00e9gion s\u2019engage alors \u00e0 maintenir les cr\u00e9dits (janvier 2003).<\/tt><\/p>\n<p>&#8211; le 5 septembre 2003\u00a0: une r\u00e9union se tient au si\u00e8ge du Syndicat des Transports d\u2019Ile de France (STIF) afin de formaliser les projets d\u00e9finitifs.<\/p>\n<p>&#8211; d\u00e9but 2004\u00a0: la DDE doit pr\u00e9senter aux \u00e9lus les plans d\u2019am\u00e9nagement. Le projet d\u00e9finitif devrait comporter les am\u00e9nagements suivants\u00a0:<\/p>\n<p>&nbsp;<\/p>\n<table width=\"652\" border=\"1\" cellspacing=\"0\" cellpadding=\"0\">\n<tbody>\n<tr>\n<td valign=\"top\" width=\"185\">\n<p align=\"center\"><strong>ARRETS<\/strong><\/p>\n<\/td>\n<td valign=\"top\" width=\"252\">\n<p align=\"center\"><strong>SITUATIONS<\/strong><\/p>\n<\/td>\n<td valign=\"top\" width=\"115\">\n<p align=\"center\"><strong>COUT<\/strong><\/p>\n<p align=\"center\"><strong>EN M \u20ac<\/strong><\/p>\n<\/td>\n<td valign=\"top\">\n<p align=\"center\"><strong>LIVRAISON<\/strong><\/p>\n<\/td>\n<\/tr>\n<tr>\n<td valign=\"top\" width=\"185\">La Grange aux Cercles<\/td>\n<td valign=\"top\" width=\"252\">Feux La Ville du Bois<\/td>\n<td valign=\"top\" width=\"115\">\n<p align=\"center\">0.8<\/p>\n<\/td>\n<td valign=\"top\">\n<p align=\"center\">2006<\/p>\n<\/td>\n<\/tr>\n<tr>\n<td valign=\"top\" width=\"185\">Pont des Belles Dames<\/td>\n<td valign=\"top\" width=\"252\">Restaurant \u00ab\u00a0L\u00e9on de Bruxelles\u00a0\u00bb<\/td>\n<td valign=\"top\" width=\"115\">\n<p align=\"center\">1.4<\/p>\n<\/td>\n<td valign=\"top\">\n<p align=\"center\">2006<\/p>\n<\/td>\n<\/tr>\n<tr>\n<td valign=\"top\" width=\"185\">Place de l\u2019Europe<\/td>\n<td valign=\"top\" width=\"252\">Feux de Montlh\u00e9ry<\/td>\n<td valign=\"top\" width=\"115\">\n<p align=\"center\">0.9<\/p>\n<\/td>\n<td valign=\"top\">\n<p align=\"center\">2007<\/p>\n<\/td>\n<\/tr>\n<tr>\n<td valign=\"top\" width=\"185\">Le Jubil\u00e9 de Linas<\/td>\n<td valign=\"top\" width=\"252\">Restaurant \u00ab\u00a0Courte Paille\u00a0\u00bb<\/td>\n<td valign=\"top\" width=\"115\">\n<p align=\"center\">2<\/p>\n<\/td>\n<td valign=\"top\">\n<p align=\"center\">2006<\/p>\n<\/td>\n<\/tr>\n<tr>\n<td valign=\"top\" width=\"185\">La Grande Folie<\/td>\n<td valign=\"top\" width=\"252\">St Germain les Arpajon<\/td>\n<td valign=\"top\" width=\"115\">\n<p align=\"center\">1.5<\/p>\n<\/td>\n<td valign=\"top\">\n<p align=\"center\">2006-2007<\/p>\n<\/td>\n<\/tr>\n<\/tbody>\n<\/table>\n<p>&nbsp;<\/p>\n<p>&#8211; L\u2019arr\u00eat \u00ab\u00a0les Joncs Marins\u00a0\u00bb \u00e0 La Ville du Bois (au niveau du magasin Castorama) serait trait\u00e9 dans le cadre de l\u2019am\u00e9nagement du p\u00f4le commercial autour du magasin Carrefour.<\/p>\n<p>&#8211; Cela confirme les choix effectu\u00e9s par les \u00e9lus locaux suite \u00e0 la r\u00e9union du 30 janvier 2002 \u00e0 La Norville.<\/p>\n<p>&nbsp;<\/p>\n<p><strong>OBJECTIFS DE L\u2019OPERATION\u00a0:<\/strong><\/p>\n<p>&#8211; am\u00e9liorer l\u2019accessibilit\u00e9 aux points d\u2019arr\u00eats pour les pi\u00e9tons,<\/p>\n<p>&#8211; assurer une meilleure r\u00e9gularit\u00e9 et vitesse des transports en commun,<\/p>\n<p>&#8211; am\u00e9liorer les conforts des usagers des transports en commun,<\/p>\n<p>&#8211; am\u00e9liorer la s\u00e9curit\u00e9 des pi\u00e9tons,<\/p>\n<p>&#8211; am\u00e9liorer la s\u00e9curit\u00e9 de la circulation des v\u00e9hicules (transport en commun et v\u00e9hicules particuliers).<\/p>\n<p>&nbsp;<\/p>\n<p><strong>BUTS DE L\u2019OPERATION\u00a0:<\/strong><\/p>\n<p>&#8211; meilleure r\u00e9gularit\u00e9 des transports en commun et diminution des temps de parcours\u00a0:<\/p>\n<p>. 5 minutes en heures de pointe,<\/p>\n<p>. 2 \u00e0 3 minutes en heures creuses.<\/p>\n<p>&#8211; am\u00e9lioration de la s\u00e9curit\u00e9 routi\u00e8re\u00a0: l\u2019objectif est de diminuer de 20% les accidents corporels.<\/p>\n<p>&#8211; promotion de l\u2019utilisation des transports en commun (insertion urbaine, confort des usagers\u2026.)<\/p>\n<p>&nbsp;<\/p>\n<p><strong>\u00a0<\/strong><\/p>\n<p><strong>FINANCEMENTS\u00a0:<\/strong><\/p>\n<p>Co\u00fbt total des am\u00e9nagements\u00a0:\u00a0\u00a0\u00a0\u00a0\u00a0\u00a0\u00a0\u00a0\u00a0\u00a0\u00a0\u00a0\u00a0\u00a0\u00a0\u00a0\u00a0\u00a0\u00a0\u00a0\u00a0\u00a0\u00a06.7 millions d\u2019euros<\/p>\n<p>Financement de l\u2019Etat\u00a0:\u00a0\u00a0\u00a0\u00a0\u00a0\u00a0\u00a0\u00a0\u00a0\u00a0\u00a0\u00a0\u00a0\u00a0\u00a0\u00a0\u00a0\u00a0\u00a0\u00a0\u00a0\u00a0\u00a0\u00a0\u00a0\u00a02.8 millions d\u2019euros<\/p>\n<p>Financement de la R\u00e9gion\u00a0:\u00a0\u00a0\u00a0\u00a0\u00a0\u00a0\u00a0\u00a0\u00a0\u00a0\u00a0\u00a0\u00a0\u00a0\u00a0\u00a0\u00a0\u00a0\u00a0\u00a0\u00a0\u00a0\u00a0\u00a0\u00a0\u00a0\u00a0\u00a0\u00a0\u00a0\u00a0\u00a02.8 millions d\u2019euros<\/p>\n<p>Financement du Conseil G\u00e9n\u00e9ral\u00a0:\u00a0\u00a0\u00a0\u00a0\u00a0\u00a0\u00a0\u00a0\u00a0\u00a0\u00a0\u00a0\u00a01.1 million d\u2019euros<\/p>\n","protected":false},"excerpt":{"rendered":"<p>D\u2019ici 2005-2006, devraient commencer les travaux d&#8217;am\u00e9nagement de la Route Nationale 20 pr\u00e9vus au contrat de plan. Le contrat de plan est le document dans lequel est recens\u00e9 les principaux investissements de l&#8217;Etat pour 6 ans. Le contrat actuellement en cours a d\u00e9but\u00e9 en 2000 et pr\u00e9voit de consacrer 6,7 millions d\u2019euros pour am\u00e9liorer la [&hellip;]<\/p>\n","protected":false},"author":1,"featured_media":0,"comment_status":"open","ping_status":"open","sticky":false,"template":"","format":"standard","meta":{"footnotes":""},"categories":[19],"tags":[],"class_list":["post-1173","post","type-post","status-publish","format-standard","hentry","category-rn20"],"yoast_head":"<!-- This site is optimized with the Yoast SEO plugin v25.6 - https:\/\/yoast.com\/wordpress\/plugins\/seo\/ -->\n<title>Des travaux pour la RN20 - Fran\u00e7ois Pelletant<\/title>\n<meta name=\"robots\" content=\"index, follow, max-snippet:-1, max-image-preview:large, max-video-preview:-1\" \/>\n<link rel=\"canonical\" href=\"https:\/\/francois-pelletant.fr\/blog\/des-travaux-pour-la-rn20\/\" \/>\n<meta property=\"og:locale\" content=\"fr_FR\" \/>\n<meta property=\"og:type\" content=\"article\" \/>\n<meta property=\"og:title\" content=\"Des travaux pour la RN20 - Fran\u00e7ois Pelletant\" \/>\n<meta property=\"og:description\" content=\"D\u2019ici 2005-2006, devraient commencer les travaux d&#039;am\u00e9nagement de la Route Nationale 20 pr\u00e9vus au contrat de plan. Le contrat de plan est le document dans lequel est recens\u00e9 les principaux investissements de l&#039;Etat pour 6 ans. Le contrat actuellement en cours a d\u00e9but\u00e9 en 2000 et pr\u00e9voit de consacrer 6,7 millions d\u2019euros pour am\u00e9liorer la [&hellip;]\" \/>\n<meta property=\"og:url\" content=\"https:\/\/francois-pelletant.fr\/blog\/des-travaux-pour-la-rn20\/\" \/>\n<meta property=\"og:site_name\" content=\"Fran\u00e7ois Pelletant\" \/>\n<meta property=\"article:publisher\" content=\"https:\/\/www.facebook.com\/francois.pelletant.7\" \/>\n<meta property=\"article:published_time\" content=\"2004-01-29T12:58:00+00:00\" \/>\n<meta name=\"author\" content=\"Francois\" \/>\n<meta name=\"twitter:card\" content=\"summary_large_image\" \/>\n<meta name=\"twitter:creator\" content=\"@pelletant\" \/>\n<meta name=\"twitter:site\" content=\"@pelletant\" \/>\n<meta name=\"twitter:label1\" content=\"\u00c9crit par\" \/>\n\t<meta name=\"twitter:data1\" content=\"Francois\" \/>\n\t<meta name=\"twitter:label2\" content=\"Dur\u00e9e de lecture estim\u00e9e\" \/>\n\t<meta name=\"twitter:data2\" content=\"4 minutes\" \/>\n<script type=\"application\/ld+json\" class=\"yoast-schema-graph\">{\"@context\":\"https:\/\/schema.org\",\"@graph\":[{\"@type\":\"Article\",\"@id\":\"https:\/\/francois-pelletant.fr\/blog\/des-travaux-pour-la-rn20\/#article\",\"isPartOf\":{\"@id\":\"https:\/\/francois-pelletant.fr\/blog\/des-travaux-pour-la-rn20\/\"},\"author\":{\"name\":\"Francois\",\"@id\":\"https:\/\/francois-pelletant.fr\/blog\/#\/schema\/person\/2be41acb171dff8f31aaed1f40cee9f3\"},\"headline\":\"Des travaux pour la RN20\",\"datePublished\":\"2004-01-29T12:58:00+00:00\",\"mainEntityOfPage\":{\"@id\":\"https:\/\/francois-pelletant.fr\/blog\/des-travaux-pour-la-rn20\/\"},\"wordCount\":830,\"commentCount\":0,\"publisher\":{\"@id\":\"https:\/\/francois-pelletant.fr\/blog\/#organization\"},\"articleSection\":[\"RN20\"],\"inLanguage\":\"fr-FR\",\"potentialAction\":[{\"@type\":\"CommentAction\",\"name\":\"Comment\",\"target\":[\"https:\/\/francois-pelletant.fr\/blog\/des-travaux-pour-la-rn20\/#respond\"]}]},{\"@type\":\"WebPage\",\"@id\":\"https:\/\/francois-pelletant.fr\/blog\/des-travaux-pour-la-rn20\/\",\"url\":\"https:\/\/francois-pelletant.fr\/blog\/des-travaux-pour-la-rn20\/\",\"name\":\"Des travaux pour la RN20 - Fran\u00e7ois Pelletant\",\"isPartOf\":{\"@id\":\"https:\/\/francois-pelletant.fr\/blog\/#website\"},\"datePublished\":\"2004-01-29T12:58:00+00:00\",\"breadcrumb\":{\"@id\":\"https:\/\/francois-pelletant.fr\/blog\/des-travaux-pour-la-rn20\/#breadcrumb\"},\"inLanguage\":\"fr-FR\",\"potentialAction\":[{\"@type\":\"ReadAction\",\"target\":[\"https:\/\/francois-pelletant.fr\/blog\/des-travaux-pour-la-rn20\/\"]}]},{\"@type\":\"BreadcrumbList\",\"@id\":\"https:\/\/francois-pelletant.fr\/blog\/des-travaux-pour-la-rn20\/#breadcrumb\",\"itemListElement\":[{\"@type\":\"ListItem\",\"position\":1,\"name\":\"Accueil\",\"item\":\"https:\/\/francois-pelletant.fr\/blog\/\"},{\"@type\":\"ListItem\",\"position\":2,\"name\":\"Des travaux pour la RN20\"}]},{\"@type\":\"WebSite\",\"@id\":\"https:\/\/francois-pelletant.fr\/blog\/#website\",\"url\":\"https:\/\/francois-pelletant.fr\/blog\/\",\"name\":\"Fran\u00e7ois Pelletant\",\"description\":\"Maire de Linas, pour toujours.\",\"publisher\":{\"@id\":\"https:\/\/francois-pelletant.fr\/blog\/#organization\"},\"potentialAction\":[{\"@type\":\"SearchAction\",\"target\":{\"@type\":\"EntryPoint\",\"urlTemplate\":\"https:\/\/francois-pelletant.fr\/blog\/?s={search_term_string}\"},\"query-input\":{\"@type\":\"PropertyValueSpecification\",\"valueRequired\":true,\"valueName\":\"search_term_string\"}}],\"inLanguage\":\"fr-FR\"},{\"@type\":\"Organization\",\"@id\":\"https:\/\/francois-pelletant.fr\/blog\/#organization\",\"name\":\"Fran\u00e7ois Pelletant\",\"url\":\"https:\/\/francois-pelletant.fr\/blog\/\",\"logo\":{\"@type\":\"ImageObject\",\"inLanguage\":\"fr-FR\",\"@id\":\"https:\/\/francois-pelletant.fr\/blog\/#\/schema\/logo\/image\/\",\"url\":\"https:\/\/francois-pelletant.fr\/blog\/wp-content\/uploads\/2024\/07\/icone-francois-centre-500p.png\",\"contentUrl\":\"https:\/\/francois-pelletant.fr\/blog\/wp-content\/uploads\/2024\/07\/icone-francois-centre-500p.png\",\"width\":559,\"height\":447,\"caption\":\"Fran\u00e7ois Pelletant\"},\"image\":{\"@id\":\"https:\/\/francois-pelletant.fr\/blog\/#\/schema\/logo\/image\/\"},\"sameAs\":[\"https:\/\/www.facebook.com\/francois.pelletant.7\",\"https:\/\/x.com\/pelletant\"]},{\"@type\":\"Person\",\"@id\":\"https:\/\/francois-pelletant.fr\/blog\/#\/schema\/person\/2be41acb171dff8f31aaed1f40cee9f3\",\"name\":\"Francois\"}]}<\/script>\n<!-- \/ Yoast SEO plugin. -->","yoast_head_json":{"title":"Des travaux pour la RN20 - Fran\u00e7ois Pelletant","robots":{"index":"index","follow":"follow","max-snippet":"max-snippet:-1","max-image-preview":"max-image-preview:large","max-video-preview":"max-video-preview:-1"},"canonical":"https:\/\/francois-pelletant.fr\/blog\/des-travaux-pour-la-rn20\/","og_locale":"fr_FR","og_type":"article","og_title":"Des travaux pour la RN20 - Fran\u00e7ois Pelletant","og_description":"D\u2019ici 2005-2006, devraient commencer les travaux d'am\u00e9nagement de la Route Nationale 20 pr\u00e9vus au contrat de plan. Le contrat de plan est le document dans lequel est recens\u00e9 les principaux investissements de l'Etat pour 6 ans. Le contrat actuellement en cours a d\u00e9but\u00e9 en 2000 et pr\u00e9voit de consacrer 6,7 millions d\u2019euros pour am\u00e9liorer la [&hellip;]","og_url":"https:\/\/francois-pelletant.fr\/blog\/des-travaux-pour-la-rn20\/","og_site_name":"Fran\u00e7ois Pelletant","article_publisher":"https:\/\/www.facebook.com\/francois.pelletant.7","article_published_time":"2004-01-29T12:58:00+00:00","author":"Francois","twitter_card":"summary_large_image","twitter_creator":"@pelletant","twitter_site":"@pelletant","twitter_misc":{"\u00c9crit par":"Francois","Dur\u00e9e de lecture estim\u00e9e":"4 minutes"},"schema":{"@context":"https:\/\/schema.org","@graph":[{"@type":"Article","@id":"https:\/\/francois-pelletant.fr\/blog\/des-travaux-pour-la-rn20\/#article","isPartOf":{"@id":"https:\/\/francois-pelletant.fr\/blog\/des-travaux-pour-la-rn20\/"},"author":{"name":"Francois","@id":"https:\/\/francois-pelletant.fr\/blog\/#\/schema\/person\/2be41acb171dff8f31aaed1f40cee9f3"},"headline":"Des travaux pour la RN20","datePublished":"2004-01-29T12:58:00+00:00","mainEntityOfPage":{"@id":"https:\/\/francois-pelletant.fr\/blog\/des-travaux-pour-la-rn20\/"},"wordCount":830,"commentCount":0,"publisher":{"@id":"https:\/\/francois-pelletant.fr\/blog\/#organization"},"articleSection":["RN20"],"inLanguage":"fr-FR","potentialAction":[{"@type":"CommentAction","name":"Comment","target":["https:\/\/francois-pelletant.fr\/blog\/des-travaux-pour-la-rn20\/#respond"]}]},{"@type":"WebPage","@id":"https:\/\/francois-pelletant.fr\/blog\/des-travaux-pour-la-rn20\/","url":"https:\/\/francois-pelletant.fr\/blog\/des-travaux-pour-la-rn20\/","name":"Des travaux pour la RN20 - Fran\u00e7ois Pelletant","isPartOf":{"@id":"https:\/\/francois-pelletant.fr\/blog\/#website"},"datePublished":"2004-01-29T12:58:00+00:00","breadcrumb":{"@id":"https:\/\/francois-pelletant.fr\/blog\/des-travaux-pour-la-rn20\/#breadcrumb"},"inLanguage":"fr-FR","potentialAction":[{"@type":"ReadAction","target":["https:\/\/francois-pelletant.fr\/blog\/des-travaux-pour-la-rn20\/"]}]},{"@type":"BreadcrumbList","@id":"https:\/\/francois-pelletant.fr\/blog\/des-travaux-pour-la-rn20\/#breadcrumb","itemListElement":[{"@type":"ListItem","position":1,"name":"Accueil","item":"https:\/\/francois-pelletant.fr\/blog\/"},{"@type":"ListItem","position":2,"name":"Des travaux pour la RN20"}]},{"@type":"WebSite","@id":"https:\/\/francois-pelletant.fr\/blog\/#website","url":"https:\/\/francois-pelletant.fr\/blog\/","name":"Fran\u00e7ois Pelletant","description":"Maire de Linas, pour toujours.","publisher":{"@id":"https:\/\/francois-pelletant.fr\/blog\/#organization"},"potentialAction":[{"@type":"SearchAction","target":{"@type":"EntryPoint","urlTemplate":"https:\/\/francois-pelletant.fr\/blog\/?s={search_term_string}"},"query-input":{"@type":"PropertyValueSpecification","valueRequired":true,"valueName":"search_term_string"}}],"inLanguage":"fr-FR"},{"@type":"Organization","@id":"https:\/\/francois-pelletant.fr\/blog\/#organization","name":"Fran\u00e7ois Pelletant","url":"https:\/\/francois-pelletant.fr\/blog\/","logo":{"@type":"ImageObject","inLanguage":"fr-FR","@id":"https:\/\/francois-pelletant.fr\/blog\/#\/schema\/logo\/image\/","url":"https:\/\/francois-pelletant.fr\/blog\/wp-content\/uploads\/2024\/07\/icone-francois-centre-500p.png","contentUrl":"https:\/\/francois-pelletant.fr\/blog\/wp-content\/uploads\/2024\/07\/icone-francois-centre-500p.png","width":559,"height":447,"caption":"Fran\u00e7ois Pelletant"},"image":{"@id":"https:\/\/francois-pelletant.fr\/blog\/#\/schema\/logo\/image\/"},"sameAs":["https:\/\/www.facebook.com\/francois.pelletant.7","https:\/\/x.com\/pelletant"]},{"@type":"Person","@id":"https:\/\/francois-pelletant.fr\/blog\/#\/schema\/person\/2be41acb171dff8f31aaed1f40cee9f3","name":"Francois"}]}},"_links":{"self":[{"href":"https:\/\/francois-pelletant.fr\/blog\/wp-json\/wp\/v2\/posts\/1173","targetHints":{"allow":["GET"]}}],"collection":[{"href":"https:\/\/francois-pelletant.fr\/blog\/wp-json\/wp\/v2\/posts"}],"about":[{"href":"https:\/\/francois-pelletant.fr\/blog\/wp-json\/wp\/v2\/types\/post"}],"author":[{"embeddable":true,"href":"https:\/\/francois-pelletant.fr\/blog\/wp-json\/wp\/v2\/users\/1"}],"replies":[{"embeddable":true,"href":"https:\/\/francois-pelletant.fr\/blog\/wp-json\/wp\/v2\/comments?post=1173"}],"version-history":[{"count":0,"href":"https:\/\/francois-pelletant.fr\/blog\/wp-json\/wp\/v2\/posts\/1173\/revisions"}],"wp:attachment":[{"href":"https:\/\/francois-pelletant.fr\/blog\/wp-json\/wp\/v2\/media?parent=1173"}],"wp:term":[{"taxonomy":"category","embeddable":true,"href":"https:\/\/francois-pelletant.fr\/blog\/wp-json\/wp\/v2\/categories?post=1173"},{"taxonomy":"post_tag","embeddable":true,"href":"https:\/\/francois-pelletant.fr\/blog\/wp-json\/wp\/v2\/tags?post=1173"}],"curies":[{"name":"wp","href":"https:\/\/api.w.org\/{rel}","templated":true}]}}