{"id":11815,"date":"2016-02-05T11:59:41","date_gmt":"2016-02-05T11:59:41","guid":{"rendered":"https:\/\/francois-pelletant.fr\/blog\/?p=11815"},"modified":"2019-01-16T14:01:01","modified_gmt":"2019-01-16T14:01:01","slug":"commerces-linois-famille-sagrandit","status":"publish","type":"post","link":"https:\/\/francois-pelletant.fr\/blog\/commerces-linois-famille-sagrandit\/","title":{"rendered":"COMMERCES LINOIS : LA FAMILLE S\u2019AGRANDIT"},"content":{"rendered":"<p><a href=\"https:\/\/francois-pelletant.fr\/blog\/wp-content\/uploads\/2019\/01\/1au-bon-pain-de-cecilia.jpg\" rel=\"attachment wp-att-11816\"><img loading=\"lazy\" decoding=\"async\" class=\"alignleft size-medium wp-image-11816\" src=\"https:\/\/francois-pelletant.fr\/blog\/wp-content\/uploads\/2019\/01\/1au-bon-pain-de-cecilia-199x300.jpg\" alt=\"1au bon pain de cecilia\" width=\"199\" height=\"300\" srcset=\"https:\/\/francois-pelletant.fr\/blog\/wp-content\/uploads\/2019\/01\/1au-bon-pain-de-cecilia-199x300.jpg 199w, https:\/\/francois-pelletant.fr\/blog\/wp-content\/uploads\/2019\/01\/1au-bon-pain-de-cecilia-680x1024.jpg 680w, https:\/\/francois-pelletant.fr\/blog\/wp-content\/uploads\/2019\/01\/1au-bon-pain-de-cecilia-768x1156.jpg 768w, https:\/\/francois-pelletant.fr\/blog\/wp-content\/uploads\/2019\/01\/1au-bon-pain-de-cecilia-600x903.jpg 600w, https:\/\/francois-pelletant.fr\/blog\/wp-content\/uploads\/2019\/01\/1au-bon-pain-de-cecilia-1020x1536.jpg 1020w, https:\/\/francois-pelletant.fr\/blog\/wp-content\/uploads\/2019\/01\/1au-bon-pain-de-cecilia-1360x2048.jpg 1360w, https:\/\/francois-pelletant.fr\/blog\/wp-content\/uploads\/2019\/01\/1au-bon-pain-de-cecilia-scaled.jpg 1700w\" sizes=\"auto, (max-width: 199px) 100vw, 199px\" \/><\/a>La fermeture de la sup\u00e9rette sur la place de la Mairie avait particuli\u00e8rement touch\u00e9 les Linoises et les Linois, nous \u00e9tions tous impatients de revoir une enseigne s\u2019illuminer au-dessus du num\u00e9ro 5 de la Place. Quant \u00e0 la boulangerie \u00ab historique \u00bb du 39 de la rue de la Division Leclerc, c\u2019est un r\u00e9el plaisir de la voir poursuivre son activit\u00e9. Nous sommes heureux d\u2019accueillir \u00e0 Linas Mme et M. Eweidat (Vival Casino) ainsi que Mme et M. Forest (Au bon pain de C\u00e9cilia).<\/p>\n<p>Bien s\u00fbr, Linas poss\u00e8de d\u00e9j\u00e0 une autre sup\u00e9rette (Proxi March\u00e9 au 22 de la rue de la Division Leclerc) et une autre boulangerie (La Fourn\u00e9e d\u2019Augustine, 1 rue du Fief de Plainville). Mais nous attendons \u00e9galement beaucoup de nos nouveaux commer\u00e7ants : une boulangerie et une \u00e9picerie sont, pour une commune comme la n\u00f4tre, \u00e0 la fois une vitrine et un lieu de vie. L\u2019\u00e9tranger qui s\u2019arr\u00eate \u00e0 Linas ne va souvent conna\u00eetre qu\u2019un ou deux commerces ou une administration. Le souvenir qu\u2019il gardera de son passage, et le jugement qu\u2019il portera sur notre ville, d\u00e9pendent pour beaucoup de ces rencontres furtives. Mais avant de penser aux autres, nous pensons aussi \u00e0 nous. Ces deux commerces sont des lieux de vie pour chacun des Linois. Le bien-\u00eatre et la qualit\u00e9 de vie se construisent au jour le jour, sur les d\u00e9tails de la vie courante. Se sentir bien chez les commer\u00e7ants, c\u2019est se sentir bien dans sa commune, c\u2019est \u00eatre incit\u00e9 \u00e0 rencontrer les autres, \u00e0 cr\u00e9er une communaut\u00e9 solidaire et ouverte. Donnons \u00e9galement un coup de chapeau en soulignant le choix des \u00e9poux Eweidat et Forest de travailler en couple. A notre \u00e9poque o\u00f9 beaucoup de conjoints aspirent \u00e0 un \u00e9panouissement professionnel chacun de leur c\u00f4t\u00e9, eux ont fait le choix de travailler ensemble. Cette situation est-elle facile \u00e0 vivre ou m\u00eame enviable ? Chacune ayant sans doute ses avantages et ses inconv\u00e9nients, saluons tout de m\u00eame ce choix qui donne \u00e0 ces deux commerces un esprit familial. Enfin, vous le savez la regrett\u00e9e Doctoresse, Mme Brault, nous a quitt\u00e9s il y a quelques mois, et n\u2019a pour le moment pas \u00e9t\u00e9 remplac\u00e9e. Le manque de m\u00e9decin \u00e0 Linas fait cruellement d\u00e9faut, c\u2019est pourquoi Fran\u00e7ois-Xavier Macel, notre conseiller d\u00e9l\u00e9gu\u00e9 au commerce et au d\u00e9veloppement \u00e9conomique, a pris attache avec le Conseil National de l\u2019Ordre des m\u00e9decins pour essayer de rem\u00e9dier au plus vite \u00e0 cette situation. Une solution n\u2019est pas simple \u00e0 trouver car la Mairie n\u2019a pas de comp\u00e9tence l\u00e9gale dans ce domaine.<\/p>\n","protected":false},"excerpt":{"rendered":"<p>La fermeture de la sup\u00e9rette sur la place de la Mairie avait particuli\u00e8rement touch\u00e9 les Linoises et les Linois, nous \u00e9tions tous impatients de revoir une enseigne s\u2019illuminer au-dessus du num\u00e9ro 5 de la Place. Quant \u00e0 la boulangerie \u00ab historique \u00bb du 39 de la rue de la Division Leclerc, c\u2019est un r\u00e9el plaisir [&hellip;]<\/p>\n","protected":false},"author":1,"featured_media":11816,"comment_status":"open","ping_status":"closed","sticky":false,"template":"","format":"standard","meta":{"footnotes":""},"categories":[16],"tags":[],"class_list":["post-11815","post","type-post","status-publish","format-standard","has-post-thumbnail","hentry","category-prises-de-positions"],"yoast_head":"<!-- This site is optimized with the Yoast SEO plugin v25.6 - https:\/\/yoast.com\/wordpress\/plugins\/seo\/ -->\n<title>COMMERCES LINOIS : LA FAMILLE S\u2019AGRANDIT - Fran\u00e7ois Pelletant<\/title>\n<meta name=\"robots\" content=\"index, follow, max-snippet:-1, max-image-preview:large, max-video-preview:-1\" \/>\n<link rel=\"canonical\" href=\"https:\/\/francois-pelletant.fr\/blog\/commerces-linois-famille-sagrandit\/\" \/>\n<meta property=\"og:locale\" content=\"fr_FR\" \/>\n<meta property=\"og:type\" content=\"article\" \/>\n<meta property=\"og:title\" content=\"COMMERCES LINOIS : LA FAMILLE S\u2019AGRANDIT - Fran\u00e7ois Pelletant\" \/>\n<meta property=\"og:description\" content=\"La fermeture de la sup\u00e9rette sur la place de la Mairie avait particuli\u00e8rement touch\u00e9 les Linoises et les Linois, nous \u00e9tions tous impatients de revoir une enseigne s\u2019illuminer au-dessus du num\u00e9ro 5 de la Place. Quant \u00e0 la boulangerie \u00ab historique \u00bb du 39 de la rue de la Division Leclerc, c\u2019est un r\u00e9el plaisir [&hellip;]\" \/>\n<meta property=\"og:url\" content=\"https:\/\/francois-pelletant.fr\/blog\/commerces-linois-famille-sagrandit\/\" \/>\n<meta property=\"og:site_name\" content=\"Fran\u00e7ois Pelletant\" \/>\n<meta property=\"article:publisher\" content=\"https:\/\/www.facebook.com\/francois.pelletant.7\" \/>\n<meta property=\"article:published_time\" content=\"2016-02-05T11:59:41+00:00\" \/>\n<meta property=\"article:modified_time\" content=\"2019-01-16T14:01:01+00:00\" \/>\n<meta property=\"og:image\" content=\"https:\/\/francois-pelletant.fr\/blog\/wp-content\/uploads\/2019\/01\/1au-bon-pain-de-cecilia-scaled.jpg\" \/>\n\t<meta property=\"og:image:width\" content=\"1700\" \/>\n\t<meta property=\"og:image:height\" content=\"2560\" \/>\n\t<meta property=\"og:image:type\" content=\"image\/jpeg\" \/>\n<meta name=\"author\" content=\"Francois\" \/>\n<meta name=\"twitter:card\" content=\"summary_large_image\" \/>\n<meta name=\"twitter:creator\" content=\"@pelletant\" \/>\n<meta name=\"twitter:site\" content=\"@pelletant\" \/>\n<meta name=\"twitter:label1\" content=\"\u00c9crit par\" \/>\n\t<meta name=\"twitter:data1\" content=\"Francois\" \/>\n\t<meta name=\"twitter:label2\" content=\"Dur\u00e9e de lecture estim\u00e9e\" \/>\n\t<meta name=\"twitter:data2\" content=\"2 minutes\" \/>\n<script type=\"application\/ld+json\" class=\"yoast-schema-graph\">{\"@context\":\"https:\/\/schema.org\",\"@graph\":[{\"@type\":\"Article\",\"@id\":\"https:\/\/francois-pelletant.fr\/blog\/commerces-linois-famille-sagrandit\/#article\",\"isPartOf\":{\"@id\":\"https:\/\/francois-pelletant.fr\/blog\/commerces-linois-famille-sagrandit\/\"},\"author\":{\"name\":\"Francois\",\"@id\":\"https:\/\/francois-pelletant.fr\/blog\/#\/schema\/person\/2be41acb171dff8f31aaed1f40cee9f3\"},\"headline\":\"COMMERCES LINOIS : LA FAMILLE S\u2019AGRANDIT\",\"datePublished\":\"2016-02-05T11:59:41+00:00\",\"dateModified\":\"2019-01-16T14:01:01+00:00\",\"mainEntityOfPage\":{\"@id\":\"https:\/\/francois-pelletant.fr\/blog\/commerces-linois-famille-sagrandit\/\"},\"wordCount\":456,\"commentCount\":0,\"publisher\":{\"@id\":\"https:\/\/francois-pelletant.fr\/blog\/#organization\"},\"image\":{\"@id\":\"https:\/\/francois-pelletant.fr\/blog\/commerces-linois-famille-sagrandit\/#primaryimage\"},\"thumbnailUrl\":\"https:\/\/francois-pelletant.fr\/blog\/wp-content\/uploads\/2019\/01\/1au-bon-pain-de-cecilia-scaled.jpg\",\"articleSection\":[\"Prises de positions\"],\"inLanguage\":\"fr-FR\",\"potentialAction\":[{\"@type\":\"CommentAction\",\"name\":\"Comment\",\"target\":[\"https:\/\/francois-pelletant.fr\/blog\/commerces-linois-famille-sagrandit\/#respond\"]}]},{\"@type\":\"WebPage\",\"@id\":\"https:\/\/francois-pelletant.fr\/blog\/commerces-linois-famille-sagrandit\/\",\"url\":\"https:\/\/francois-pelletant.fr\/blog\/commerces-linois-famille-sagrandit\/\",\"name\":\"COMMERCES LINOIS : LA FAMILLE S\u2019AGRANDIT - Fran\u00e7ois Pelletant\",\"isPartOf\":{\"@id\":\"https:\/\/francois-pelletant.fr\/blog\/#website\"},\"primaryImageOfPage\":{\"@id\":\"https:\/\/francois-pelletant.fr\/blog\/commerces-linois-famille-sagrandit\/#primaryimage\"},\"image\":{\"@id\":\"https:\/\/francois-pelletant.fr\/blog\/commerces-linois-famille-sagrandit\/#primaryimage\"},\"thumbnailUrl\":\"https:\/\/francois-pelletant.fr\/blog\/wp-content\/uploads\/2019\/01\/1au-bon-pain-de-cecilia-scaled.jpg\",\"datePublished\":\"2016-02-05T11:59:41+00:00\",\"dateModified\":\"2019-01-16T14:01:01+00:00\",\"breadcrumb\":{\"@id\":\"https:\/\/francois-pelletant.fr\/blog\/commerces-linois-famille-sagrandit\/#breadcrumb\"},\"inLanguage\":\"fr-FR\",\"potentialAction\":[{\"@type\":\"ReadAction\",\"target\":[\"https:\/\/francois-pelletant.fr\/blog\/commerces-linois-famille-sagrandit\/\"]}]},{\"@type\":\"ImageObject\",\"inLanguage\":\"fr-FR\",\"@id\":\"https:\/\/francois-pelletant.fr\/blog\/commerces-linois-famille-sagrandit\/#primaryimage\",\"url\":\"https:\/\/francois-pelletant.fr\/blog\/wp-content\/uploads\/2019\/01\/1au-bon-pain-de-cecilia-scaled.jpg\",\"contentUrl\":\"https:\/\/francois-pelletant.fr\/blog\/wp-content\/uploads\/2019\/01\/1au-bon-pain-de-cecilia-scaled.jpg\",\"width\":1700,\"height\":2560},{\"@type\":\"BreadcrumbList\",\"@id\":\"https:\/\/francois-pelletant.fr\/blog\/commerces-linois-famille-sagrandit\/#breadcrumb\",\"itemListElement\":[{\"@type\":\"ListItem\",\"position\":1,\"name\":\"Accueil\",\"item\":\"https:\/\/francois-pelletant.fr\/blog\/\"},{\"@type\":\"ListItem\",\"position\":2,\"name\":\"COMMERCES LINOIS : LA FAMILLE S\u2019AGRANDIT\"}]},{\"@type\":\"WebSite\",\"@id\":\"https:\/\/francois-pelletant.fr\/blog\/#website\",\"url\":\"https:\/\/francois-pelletant.fr\/blog\/\",\"name\":\"Fran\u00e7ois Pelletant\",\"description\":\"Maire de Linas, pour toujours.\",\"publisher\":{\"@id\":\"https:\/\/francois-pelletant.fr\/blog\/#organization\"},\"potentialAction\":[{\"@type\":\"SearchAction\",\"target\":{\"@type\":\"EntryPoint\",\"urlTemplate\":\"https:\/\/francois-pelletant.fr\/blog\/?s={search_term_string}\"},\"query-input\":{\"@type\":\"PropertyValueSpecification\",\"valueRequired\":true,\"valueName\":\"search_term_string\"}}],\"inLanguage\":\"fr-FR\"},{\"@type\":\"Organization\",\"@id\":\"https:\/\/francois-pelletant.fr\/blog\/#organization\",\"name\":\"Fran\u00e7ois Pelletant\",\"url\":\"https:\/\/francois-pelletant.fr\/blog\/\",\"logo\":{\"@type\":\"ImageObject\",\"inLanguage\":\"fr-FR\",\"@id\":\"https:\/\/francois-pelletant.fr\/blog\/#\/schema\/logo\/image\/\",\"url\":\"https:\/\/francois-pelletant.fr\/blog\/wp-content\/uploads\/2024\/07\/icone-francois-centre-500p.png\",\"contentUrl\":\"https:\/\/francois-pelletant.fr\/blog\/wp-content\/uploads\/2024\/07\/icone-francois-centre-500p.png\",\"width\":559,\"height\":447,\"caption\":\"Fran\u00e7ois Pelletant\"},\"image\":{\"@id\":\"https:\/\/francois-pelletant.fr\/blog\/#\/schema\/logo\/image\/\"},\"sameAs\":[\"https:\/\/www.facebook.com\/francois.pelletant.7\",\"https:\/\/x.com\/pelletant\"]},{\"@type\":\"Person\",\"@id\":\"https:\/\/francois-pelletant.fr\/blog\/#\/schema\/person\/2be41acb171dff8f31aaed1f40cee9f3\",\"name\":\"Francois\"}]}<\/script>\n<!-- \/ Yoast SEO plugin. -->","yoast_head_json":{"title":"COMMERCES LINOIS : LA FAMILLE S\u2019AGRANDIT - Fran\u00e7ois Pelletant","robots":{"index":"index","follow":"follow","max-snippet":"max-snippet:-1","max-image-preview":"max-image-preview:large","max-video-preview":"max-video-preview:-1"},"canonical":"https:\/\/francois-pelletant.fr\/blog\/commerces-linois-famille-sagrandit\/","og_locale":"fr_FR","og_type":"article","og_title":"COMMERCES LINOIS : LA FAMILLE S\u2019AGRANDIT - Fran\u00e7ois Pelletant","og_description":"La fermeture de la sup\u00e9rette sur la place de la Mairie avait particuli\u00e8rement touch\u00e9 les Linoises et les Linois, nous \u00e9tions tous impatients de revoir une enseigne s\u2019illuminer au-dessus du num\u00e9ro 5 de la Place. Quant \u00e0 la boulangerie \u00ab historique \u00bb du 39 de la rue de la Division Leclerc, c\u2019est un r\u00e9el plaisir [&hellip;]","og_url":"https:\/\/francois-pelletant.fr\/blog\/commerces-linois-famille-sagrandit\/","og_site_name":"Fran\u00e7ois Pelletant","article_publisher":"https:\/\/www.facebook.com\/francois.pelletant.7","article_published_time":"2016-02-05T11:59:41+00:00","article_modified_time":"2019-01-16T14:01:01+00:00","og_image":[{"width":1700,"height":2560,"url":"https:\/\/francois-pelletant.fr\/blog\/wp-content\/uploads\/2019\/01\/1au-bon-pain-de-cecilia-scaled.jpg","type":"image\/jpeg"}],"author":"Francois","twitter_card":"summary_large_image","twitter_creator":"@pelletant","twitter_site":"@pelletant","twitter_misc":{"\u00c9crit par":"Francois","Dur\u00e9e de lecture estim\u00e9e":"2 minutes"},"schema":{"@context":"https:\/\/schema.org","@graph":[{"@type":"Article","@id":"https:\/\/francois-pelletant.fr\/blog\/commerces-linois-famille-sagrandit\/#article","isPartOf":{"@id":"https:\/\/francois-pelletant.fr\/blog\/commerces-linois-famille-sagrandit\/"},"author":{"name":"Francois","@id":"https:\/\/francois-pelletant.fr\/blog\/#\/schema\/person\/2be41acb171dff8f31aaed1f40cee9f3"},"headline":"COMMERCES LINOIS : LA FAMILLE S\u2019AGRANDIT","datePublished":"2016-02-05T11:59:41+00:00","dateModified":"2019-01-16T14:01:01+00:00","mainEntityOfPage":{"@id":"https:\/\/francois-pelletant.fr\/blog\/commerces-linois-famille-sagrandit\/"},"wordCount":456,"commentCount":0,"publisher":{"@id":"https:\/\/francois-pelletant.fr\/blog\/#organization"},"image":{"@id":"https:\/\/francois-pelletant.fr\/blog\/commerces-linois-famille-sagrandit\/#primaryimage"},"thumbnailUrl":"https:\/\/francois-pelletant.fr\/blog\/wp-content\/uploads\/2019\/01\/1au-bon-pain-de-cecilia-scaled.jpg","articleSection":["Prises de positions"],"inLanguage":"fr-FR","potentialAction":[{"@type":"CommentAction","name":"Comment","target":["https:\/\/francois-pelletant.fr\/blog\/commerces-linois-famille-sagrandit\/#respond"]}]},{"@type":"WebPage","@id":"https:\/\/francois-pelletant.fr\/blog\/commerces-linois-famille-sagrandit\/","url":"https:\/\/francois-pelletant.fr\/blog\/commerces-linois-famille-sagrandit\/","name":"COMMERCES LINOIS : LA FAMILLE S\u2019AGRANDIT - Fran\u00e7ois Pelletant","isPartOf":{"@id":"https:\/\/francois-pelletant.fr\/blog\/#website"},"primaryImageOfPage":{"@id":"https:\/\/francois-pelletant.fr\/blog\/commerces-linois-famille-sagrandit\/#primaryimage"},"image":{"@id":"https:\/\/francois-pelletant.fr\/blog\/commerces-linois-famille-sagrandit\/#primaryimage"},"thumbnailUrl":"https:\/\/francois-pelletant.fr\/blog\/wp-content\/uploads\/2019\/01\/1au-bon-pain-de-cecilia-scaled.jpg","datePublished":"2016-02-05T11:59:41+00:00","dateModified":"2019-01-16T14:01:01+00:00","breadcrumb":{"@id":"https:\/\/francois-pelletant.fr\/blog\/commerces-linois-famille-sagrandit\/#breadcrumb"},"inLanguage":"fr-FR","potentialAction":[{"@type":"ReadAction","target":["https:\/\/francois-pelletant.fr\/blog\/commerces-linois-famille-sagrandit\/"]}]},{"@type":"ImageObject","inLanguage":"fr-FR","@id":"https:\/\/francois-pelletant.fr\/blog\/commerces-linois-famille-sagrandit\/#primaryimage","url":"https:\/\/francois-pelletant.fr\/blog\/wp-content\/uploads\/2019\/01\/1au-bon-pain-de-cecilia-scaled.jpg","contentUrl":"https:\/\/francois-pelletant.fr\/blog\/wp-content\/uploads\/2019\/01\/1au-bon-pain-de-cecilia-scaled.jpg","width":1700,"height":2560},{"@type":"BreadcrumbList","@id":"https:\/\/francois-pelletant.fr\/blog\/commerces-linois-famille-sagrandit\/#breadcrumb","itemListElement":[{"@type":"ListItem","position":1,"name":"Accueil","item":"https:\/\/francois-pelletant.fr\/blog\/"},{"@type":"ListItem","position":2,"name":"COMMERCES LINOIS : LA FAMILLE S\u2019AGRANDIT"}]},{"@type":"WebSite","@id":"https:\/\/francois-pelletant.fr\/blog\/#website","url":"https:\/\/francois-pelletant.fr\/blog\/","name":"Fran\u00e7ois Pelletant","description":"Maire de Linas, pour toujours.","publisher":{"@id":"https:\/\/francois-pelletant.fr\/blog\/#organization"},"potentialAction":[{"@type":"SearchAction","target":{"@type":"EntryPoint","urlTemplate":"https:\/\/francois-pelletant.fr\/blog\/?s={search_term_string}"},"query-input":{"@type":"PropertyValueSpecification","valueRequired":true,"valueName":"search_term_string"}}],"inLanguage":"fr-FR"},{"@type":"Organization","@id":"https:\/\/francois-pelletant.fr\/blog\/#organization","name":"Fran\u00e7ois Pelletant","url":"https:\/\/francois-pelletant.fr\/blog\/","logo":{"@type":"ImageObject","inLanguage":"fr-FR","@id":"https:\/\/francois-pelletant.fr\/blog\/#\/schema\/logo\/image\/","url":"https:\/\/francois-pelletant.fr\/blog\/wp-content\/uploads\/2024\/07\/icone-francois-centre-500p.png","contentUrl":"https:\/\/francois-pelletant.fr\/blog\/wp-content\/uploads\/2024\/07\/icone-francois-centre-500p.png","width":559,"height":447,"caption":"Fran\u00e7ois Pelletant"},"image":{"@id":"https:\/\/francois-pelletant.fr\/blog\/#\/schema\/logo\/image\/"},"sameAs":["https:\/\/www.facebook.com\/francois.pelletant.7","https:\/\/x.com\/pelletant"]},{"@type":"Person","@id":"https:\/\/francois-pelletant.fr\/blog\/#\/schema\/person\/2be41acb171dff8f31aaed1f40cee9f3","name":"Francois"}]}},"_links":{"self":[{"href":"https:\/\/francois-pelletant.fr\/blog\/wp-json\/wp\/v2\/posts\/11815","targetHints":{"allow":["GET"]}}],"collection":[{"href":"https:\/\/francois-pelletant.fr\/blog\/wp-json\/wp\/v2\/posts"}],"about":[{"href":"https:\/\/francois-pelletant.fr\/blog\/wp-json\/wp\/v2\/types\/post"}],"author":[{"embeddable":true,"href":"https:\/\/francois-pelletant.fr\/blog\/wp-json\/wp\/v2\/users\/1"}],"replies":[{"embeddable":true,"href":"https:\/\/francois-pelletant.fr\/blog\/wp-json\/wp\/v2\/comments?post=11815"}],"version-history":[{"count":0,"href":"https:\/\/francois-pelletant.fr\/blog\/wp-json\/wp\/v2\/posts\/11815\/revisions"}],"wp:featuredmedia":[{"embeddable":true,"href":"https:\/\/francois-pelletant.fr\/blog\/wp-json\/wp\/v2\/media\/11816"}],"wp:attachment":[{"href":"https:\/\/francois-pelletant.fr\/blog\/wp-json\/wp\/v2\/media?parent=11815"}],"wp:term":[{"taxonomy":"category","embeddable":true,"href":"https:\/\/francois-pelletant.fr\/blog\/wp-json\/wp\/v2\/categories?post=11815"},{"taxonomy":"post_tag","embeddable":true,"href":"https:\/\/francois-pelletant.fr\/blog\/wp-json\/wp\/v2\/tags?post=11815"}],"curies":[{"name":"wp","href":"https:\/\/api.w.org\/{rel}","templated":true}]}}