{"id":11825,"date":"2016-03-20T14:06:59","date_gmt":"2016-03-20T14:06:59","guid":{"rendered":"https:\/\/francois-pelletant.fr\/blog\/?p=11825"},"modified":"2019-01-16T14:08:54","modified_gmt":"2019-01-16T14:08:54","slug":"en-attendant-bineau","status":"publish","type":"post","link":"https:\/\/francois-pelletant.fr\/blog\/en-attendant-bineau\/","title":{"rendered":"EN ATTENDANT BINEAU"},"content":{"rendered":"<p><a href=\"https:\/\/francois-pelletant.fr\/blog\/wp-content\/uploads\/2019\/01\/UNE-1.jpg\" rel=\"attachment wp-att-11826\"><img loading=\"lazy\" decoding=\"async\" class=\"alignleft size-medium wp-image-11826\" src=\"https:\/\/francois-pelletant.fr\/blog\/wp-content\/uploads\/2019\/01\/UNE-1-300x199.jpg\" alt=\"UNE\" width=\"300\" height=\"199\" srcset=\"https:\/\/francois-pelletant.fr\/blog\/wp-content\/uploads\/2019\/01\/UNE-1-300x199.jpg 300w, https:\/\/francois-pelletant.fr\/blog\/wp-content\/uploads\/2019\/01\/UNE-1-1024x680.jpg 1024w, https:\/\/francois-pelletant.fr\/blog\/wp-content\/uploads\/2019\/01\/UNE-1-768x510.jpg 768w, https:\/\/francois-pelletant.fr\/blog\/wp-content\/uploads\/2019\/01\/UNE-1-600x399.jpg 600w, https:\/\/francois-pelletant.fr\/blog\/wp-content\/uploads\/2019\/01\/UNE-1-1536x1020.jpg 1536w, https:\/\/francois-pelletant.fr\/blog\/wp-content\/uploads\/2019\/01\/UNE-1-2048x1360.jpg 2048w\" sizes=\"auto, (max-width: 300px) 100vw, 300px\" \/><\/a>Le Carnaval de Bineau de Linas est une f\u00eate traditionnelle qui symbolise la conduite au b\u00fbcher du percepteur des imp\u00f4ts. Bien s\u00fbr il s\u2019agit d\u2019une fiction, d\u2019un jeu. Plusieurs g\u00e9n\u00e9rations de petits Linois l\u2019ont bien compris et s\u2019en amusent toujours autant. Mais il existe encore des individus qui imaginent qu\u2019il suffit d\u2019une allumette ou d\u2019un proc\u00e8s en sorcellerie pour \u00e9liminer tel ou tel, et pour mettre hors jeu le Maire que vous avez \u00e9lu il y a deux ans.<\/p>\n<p>Il faut qu\u2019ils reviennent \u00e0 notre \u00e9poque et qu\u2019ils comprennent que dans une d\u00e9mocratie, la v\u00e9rit\u00e9 et la justice finissent toujours par avoir le dernier mot. Nous continuerons \u00e0 d\u00e9fendre ces valeurs et pour ma part je garderai mon franc parler et me battrai bec et ongles pour que le vote des Linoises et des Linois, exprim\u00e9 il y a deux ans, soit respect\u00e9. Merci pour vos gestes de sympathie et gr\u00e2ce \u00e0 votre soutien, notre \u00e9quipe municipale est plus que jamais mobilis\u00e9e pour poursuivre son travail afin de r\u00e9aliser le programme \u00e9lectoral sur la base duquel vous nous avez \u00e9lus. Pendant les vacances scolaires, la Maison des Jeunes de Linas propose r\u00e9guli\u00e8rement aux jeunes Linois de nombreuses activit\u00e9s et s\u00e9jours. Les prochaines vacances de P\u00e2ques ne d\u00e9rogeront pas \u00e0 la r\u00e8gle puisque, outre les nombreuses animations qui seront propos\u00e9es sur le centre d\u2019accueil situ\u00e9 2 rue des Ecoles, du 18 au 29 avril prochain, la Maison des Jeunes organise \u00e9galement un s\u00e9jour \u00e0 Blois dans le Loir-et-Cher du 27 au 29 avril. Au programme : la visite du ch\u00e2teau de Chambord, celle du zoo de Beauval ou encore une sortie VTT pour d\u00e9couvrir les fabuleux paysages du Val de Loire et de Sologne. Deux animateurs de la ville encadreront les jeunes Linois \u00e2g\u00e9s de 12 \u00e0 17 ans. Il reste quelques places \u00e0 l\u2019heure o\u00f9 nous bouclons cette revue d\u2019information. N\u2019h\u00e9sitez pas \u00e0 vous rapprocher des responsables de la Maison des Jeunes de Linas (01.60.14.49.13). Nous sommes heureux \u00e0 Linas de proposer ce type de prestation que de nombreuses villes ont supprim\u00e9, en cette p\u00e9riode difficile pour l\u2019\u00e9conomie des collectivit\u00e9s territoriales, afin de r\u00e9duire les co\u00fbts \u00e0 la charge du budget municipal. Soyez s\u00fbrs que nous continuerons \u00e0 Linas, dans la mesure de nos moyens, \u00e0 d\u00e9velopper une politique ambitieuse de notre secteur jeunesse, notamment envers les ados. Pour les personnes int\u00e9ress\u00e9es, rendez-vous le mercredi 30 mars 2016 \u00e0 18h00 \u00e0 la Maison des Jeunes. Vous y obtiendrez tous les renseignements utiles sur ce s\u00e9jour. En attendant, je vous donne rendez-vous le 9 avril prochain au Parc de la Source pour f\u00eater le carnaval de Bineau !<\/p>\n","protected":false},"excerpt":{"rendered":"<p>Le Carnaval de Bineau de Linas est une f\u00eate traditionnelle qui symbolise la conduite au b\u00fbcher du percepteur des imp\u00f4ts. Bien s\u00fbr il s\u2019agit d\u2019une fiction, d\u2019un jeu. Plusieurs g\u00e9n\u00e9rations de petits Linois l\u2019ont bien compris et s\u2019en amusent toujours autant. Mais il existe encore des individus qui imaginent qu\u2019il suffit d\u2019une allumette ou d\u2019un [&hellip;]<\/p>\n","protected":false},"author":1,"featured_media":11826,"comment_status":"open","ping_status":"closed","sticky":false,"template":"","format":"standard","meta":{"footnotes":""},"categories":[16],"tags":[],"class_list":["post-11825","post","type-post","status-publish","format-standard","has-post-thumbnail","hentry","category-prises-de-positions"],"yoast_head":"<!-- This site is optimized with the Yoast SEO plugin v25.6 - https:\/\/yoast.com\/wordpress\/plugins\/seo\/ -->\n<title>EN ATTENDANT BINEAU - Fran\u00e7ois Pelletant<\/title>\n<meta name=\"robots\" content=\"index, follow, max-snippet:-1, max-image-preview:large, max-video-preview:-1\" \/>\n<link rel=\"canonical\" href=\"https:\/\/francois-pelletant.fr\/blog\/en-attendant-bineau\/\" \/>\n<meta property=\"og:locale\" content=\"fr_FR\" \/>\n<meta property=\"og:type\" content=\"article\" \/>\n<meta property=\"og:title\" content=\"EN ATTENDANT BINEAU - Fran\u00e7ois Pelletant\" \/>\n<meta property=\"og:description\" content=\"Le Carnaval de Bineau de Linas est une f\u00eate traditionnelle qui symbolise la conduite au b\u00fbcher du percepteur des imp\u00f4ts. Bien s\u00fbr il s\u2019agit d\u2019une fiction, d\u2019un jeu. Plusieurs g\u00e9n\u00e9rations de petits Linois l\u2019ont bien compris et s\u2019en amusent toujours autant. Mais il existe encore des individus qui imaginent qu\u2019il suffit d\u2019une allumette ou d\u2019un [&hellip;]\" \/>\n<meta property=\"og:url\" content=\"https:\/\/francois-pelletant.fr\/blog\/en-attendant-bineau\/\" \/>\n<meta property=\"og:site_name\" content=\"Fran\u00e7ois Pelletant\" \/>\n<meta property=\"article:publisher\" content=\"https:\/\/www.facebook.com\/francois.pelletant.7\" \/>\n<meta property=\"article:published_time\" content=\"2016-03-20T14:06:59+00:00\" \/>\n<meta property=\"article:modified_time\" content=\"2019-01-16T14:08:54+00:00\" \/>\n<meta property=\"og:image\" content=\"https:\/\/francois-pelletant.fr\/blog\/wp-content\/uploads\/2019\/01\/UNE-1-scaled.jpg\" \/>\n\t<meta property=\"og:image:width\" content=\"2560\" \/>\n\t<meta property=\"og:image:height\" content=\"1700\" \/>\n\t<meta property=\"og:image:type\" content=\"image\/jpeg\" \/>\n<meta name=\"author\" content=\"Francois\" \/>\n<meta name=\"twitter:card\" content=\"summary_large_image\" \/>\n<meta name=\"twitter:creator\" content=\"@pelletant\" \/>\n<meta name=\"twitter:site\" content=\"@pelletant\" \/>\n<meta name=\"twitter:label1\" content=\"\u00c9crit par\" \/>\n\t<meta name=\"twitter:data1\" content=\"Francois\" \/>\n\t<meta name=\"twitter:label2\" content=\"Dur\u00e9e de lecture estim\u00e9e\" \/>\n\t<meta name=\"twitter:data2\" content=\"2 minutes\" \/>\n<script type=\"application\/ld+json\" class=\"yoast-schema-graph\">{\"@context\":\"https:\/\/schema.org\",\"@graph\":[{\"@type\":\"Article\",\"@id\":\"https:\/\/francois-pelletant.fr\/blog\/en-attendant-bineau\/#article\",\"isPartOf\":{\"@id\":\"https:\/\/francois-pelletant.fr\/blog\/en-attendant-bineau\/\"},\"author\":{\"name\":\"Francois\",\"@id\":\"https:\/\/francois-pelletant.fr\/blog\/#\/schema\/person\/2be41acb171dff8f31aaed1f40cee9f3\"},\"headline\":\"EN ATTENDANT BINEAU\",\"datePublished\":\"2016-03-20T14:06:59+00:00\",\"dateModified\":\"2019-01-16T14:08:54+00:00\",\"mainEntityOfPage\":{\"@id\":\"https:\/\/francois-pelletant.fr\/blog\/en-attendant-bineau\/\"},\"wordCount\":464,\"commentCount\":0,\"publisher\":{\"@id\":\"https:\/\/francois-pelletant.fr\/blog\/#organization\"},\"image\":{\"@id\":\"https:\/\/francois-pelletant.fr\/blog\/en-attendant-bineau\/#primaryimage\"},\"thumbnailUrl\":\"https:\/\/francois-pelletant.fr\/blog\/wp-content\/uploads\/2019\/01\/UNE-1-scaled.jpg\",\"articleSection\":[\"Prises de positions\"],\"inLanguage\":\"fr-FR\",\"potentialAction\":[{\"@type\":\"CommentAction\",\"name\":\"Comment\",\"target\":[\"https:\/\/francois-pelletant.fr\/blog\/en-attendant-bineau\/#respond\"]}]},{\"@type\":\"WebPage\",\"@id\":\"https:\/\/francois-pelletant.fr\/blog\/en-attendant-bineau\/\",\"url\":\"https:\/\/francois-pelletant.fr\/blog\/en-attendant-bineau\/\",\"name\":\"EN ATTENDANT BINEAU - Fran\u00e7ois Pelletant\",\"isPartOf\":{\"@id\":\"https:\/\/francois-pelletant.fr\/blog\/#website\"},\"primaryImageOfPage\":{\"@id\":\"https:\/\/francois-pelletant.fr\/blog\/en-attendant-bineau\/#primaryimage\"},\"image\":{\"@id\":\"https:\/\/francois-pelletant.fr\/blog\/en-attendant-bineau\/#primaryimage\"},\"thumbnailUrl\":\"https:\/\/francois-pelletant.fr\/blog\/wp-content\/uploads\/2019\/01\/UNE-1-scaled.jpg\",\"datePublished\":\"2016-03-20T14:06:59+00:00\",\"dateModified\":\"2019-01-16T14:08:54+00:00\",\"breadcrumb\":{\"@id\":\"https:\/\/francois-pelletant.fr\/blog\/en-attendant-bineau\/#breadcrumb\"},\"inLanguage\":\"fr-FR\",\"potentialAction\":[{\"@type\":\"ReadAction\",\"target\":[\"https:\/\/francois-pelletant.fr\/blog\/en-attendant-bineau\/\"]}]},{\"@type\":\"ImageObject\",\"inLanguage\":\"fr-FR\",\"@id\":\"https:\/\/francois-pelletant.fr\/blog\/en-attendant-bineau\/#primaryimage\",\"url\":\"https:\/\/francois-pelletant.fr\/blog\/wp-content\/uploads\/2019\/01\/UNE-1-scaled.jpg\",\"contentUrl\":\"https:\/\/francois-pelletant.fr\/blog\/wp-content\/uploads\/2019\/01\/UNE-1-scaled.jpg\",\"width\":2560,\"height\":1700},{\"@type\":\"BreadcrumbList\",\"@id\":\"https:\/\/francois-pelletant.fr\/blog\/en-attendant-bineau\/#breadcrumb\",\"itemListElement\":[{\"@type\":\"ListItem\",\"position\":1,\"name\":\"Accueil\",\"item\":\"https:\/\/francois-pelletant.fr\/blog\/\"},{\"@type\":\"ListItem\",\"position\":2,\"name\":\"EN ATTENDANT BINEAU\"}]},{\"@type\":\"WebSite\",\"@id\":\"https:\/\/francois-pelletant.fr\/blog\/#website\",\"url\":\"https:\/\/francois-pelletant.fr\/blog\/\",\"name\":\"Fran\u00e7ois Pelletant\",\"description\":\"Maire de Linas, pour toujours.\",\"publisher\":{\"@id\":\"https:\/\/francois-pelletant.fr\/blog\/#organization\"},\"potentialAction\":[{\"@type\":\"SearchAction\",\"target\":{\"@type\":\"EntryPoint\",\"urlTemplate\":\"https:\/\/francois-pelletant.fr\/blog\/?s={search_term_string}\"},\"query-input\":{\"@type\":\"PropertyValueSpecification\",\"valueRequired\":true,\"valueName\":\"search_term_string\"}}],\"inLanguage\":\"fr-FR\"},{\"@type\":\"Organization\",\"@id\":\"https:\/\/francois-pelletant.fr\/blog\/#organization\",\"name\":\"Fran\u00e7ois Pelletant\",\"url\":\"https:\/\/francois-pelletant.fr\/blog\/\",\"logo\":{\"@type\":\"ImageObject\",\"inLanguage\":\"fr-FR\",\"@id\":\"https:\/\/francois-pelletant.fr\/blog\/#\/schema\/logo\/image\/\",\"url\":\"https:\/\/francois-pelletant.fr\/blog\/wp-content\/uploads\/2024\/07\/icone-francois-centre-500p.png\",\"contentUrl\":\"https:\/\/francois-pelletant.fr\/blog\/wp-content\/uploads\/2024\/07\/icone-francois-centre-500p.png\",\"width\":559,\"height\":447,\"caption\":\"Fran\u00e7ois Pelletant\"},\"image\":{\"@id\":\"https:\/\/francois-pelletant.fr\/blog\/#\/schema\/logo\/image\/\"},\"sameAs\":[\"https:\/\/www.facebook.com\/francois.pelletant.7\",\"https:\/\/x.com\/pelletant\"]},{\"@type\":\"Person\",\"@id\":\"https:\/\/francois-pelletant.fr\/blog\/#\/schema\/person\/2be41acb171dff8f31aaed1f40cee9f3\",\"name\":\"Francois\"}]}<\/script>\n<!-- \/ Yoast SEO plugin. -->","yoast_head_json":{"title":"EN ATTENDANT BINEAU - Fran\u00e7ois Pelletant","robots":{"index":"index","follow":"follow","max-snippet":"max-snippet:-1","max-image-preview":"max-image-preview:large","max-video-preview":"max-video-preview:-1"},"canonical":"https:\/\/francois-pelletant.fr\/blog\/en-attendant-bineau\/","og_locale":"fr_FR","og_type":"article","og_title":"EN ATTENDANT BINEAU - Fran\u00e7ois Pelletant","og_description":"Le Carnaval de Bineau de Linas est une f\u00eate traditionnelle qui symbolise la conduite au b\u00fbcher du percepteur des imp\u00f4ts. Bien s\u00fbr il s\u2019agit d\u2019une fiction, d\u2019un jeu. Plusieurs g\u00e9n\u00e9rations de petits Linois l\u2019ont bien compris et s\u2019en amusent toujours autant. Mais il existe encore des individus qui imaginent qu\u2019il suffit d\u2019une allumette ou d\u2019un [&hellip;]","og_url":"https:\/\/francois-pelletant.fr\/blog\/en-attendant-bineau\/","og_site_name":"Fran\u00e7ois Pelletant","article_publisher":"https:\/\/www.facebook.com\/francois.pelletant.7","article_published_time":"2016-03-20T14:06:59+00:00","article_modified_time":"2019-01-16T14:08:54+00:00","og_image":[{"width":2560,"height":1700,"url":"https:\/\/francois-pelletant.fr\/blog\/wp-content\/uploads\/2019\/01\/UNE-1-scaled.jpg","type":"image\/jpeg"}],"author":"Francois","twitter_card":"summary_large_image","twitter_creator":"@pelletant","twitter_site":"@pelletant","twitter_misc":{"\u00c9crit par":"Francois","Dur\u00e9e de lecture estim\u00e9e":"2 minutes"},"schema":{"@context":"https:\/\/schema.org","@graph":[{"@type":"Article","@id":"https:\/\/francois-pelletant.fr\/blog\/en-attendant-bineau\/#article","isPartOf":{"@id":"https:\/\/francois-pelletant.fr\/blog\/en-attendant-bineau\/"},"author":{"name":"Francois","@id":"https:\/\/francois-pelletant.fr\/blog\/#\/schema\/person\/2be41acb171dff8f31aaed1f40cee9f3"},"headline":"EN ATTENDANT BINEAU","datePublished":"2016-03-20T14:06:59+00:00","dateModified":"2019-01-16T14:08:54+00:00","mainEntityOfPage":{"@id":"https:\/\/francois-pelletant.fr\/blog\/en-attendant-bineau\/"},"wordCount":464,"commentCount":0,"publisher":{"@id":"https:\/\/francois-pelletant.fr\/blog\/#organization"},"image":{"@id":"https:\/\/francois-pelletant.fr\/blog\/en-attendant-bineau\/#primaryimage"},"thumbnailUrl":"https:\/\/francois-pelletant.fr\/blog\/wp-content\/uploads\/2019\/01\/UNE-1-scaled.jpg","articleSection":["Prises de positions"],"inLanguage":"fr-FR","potentialAction":[{"@type":"CommentAction","name":"Comment","target":["https:\/\/francois-pelletant.fr\/blog\/en-attendant-bineau\/#respond"]}]},{"@type":"WebPage","@id":"https:\/\/francois-pelletant.fr\/blog\/en-attendant-bineau\/","url":"https:\/\/francois-pelletant.fr\/blog\/en-attendant-bineau\/","name":"EN ATTENDANT BINEAU - Fran\u00e7ois Pelletant","isPartOf":{"@id":"https:\/\/francois-pelletant.fr\/blog\/#website"},"primaryImageOfPage":{"@id":"https:\/\/francois-pelletant.fr\/blog\/en-attendant-bineau\/#primaryimage"},"image":{"@id":"https:\/\/francois-pelletant.fr\/blog\/en-attendant-bineau\/#primaryimage"},"thumbnailUrl":"https:\/\/francois-pelletant.fr\/blog\/wp-content\/uploads\/2019\/01\/UNE-1-scaled.jpg","datePublished":"2016-03-20T14:06:59+00:00","dateModified":"2019-01-16T14:08:54+00:00","breadcrumb":{"@id":"https:\/\/francois-pelletant.fr\/blog\/en-attendant-bineau\/#breadcrumb"},"inLanguage":"fr-FR","potentialAction":[{"@type":"ReadAction","target":["https:\/\/francois-pelletant.fr\/blog\/en-attendant-bineau\/"]}]},{"@type":"ImageObject","inLanguage":"fr-FR","@id":"https:\/\/francois-pelletant.fr\/blog\/en-attendant-bineau\/#primaryimage","url":"https:\/\/francois-pelletant.fr\/blog\/wp-content\/uploads\/2019\/01\/UNE-1-scaled.jpg","contentUrl":"https:\/\/francois-pelletant.fr\/blog\/wp-content\/uploads\/2019\/01\/UNE-1-scaled.jpg","width":2560,"height":1700},{"@type":"BreadcrumbList","@id":"https:\/\/francois-pelletant.fr\/blog\/en-attendant-bineau\/#breadcrumb","itemListElement":[{"@type":"ListItem","position":1,"name":"Accueil","item":"https:\/\/francois-pelletant.fr\/blog\/"},{"@type":"ListItem","position":2,"name":"EN ATTENDANT BINEAU"}]},{"@type":"WebSite","@id":"https:\/\/francois-pelletant.fr\/blog\/#website","url":"https:\/\/francois-pelletant.fr\/blog\/","name":"Fran\u00e7ois Pelletant","description":"Maire de Linas, pour toujours.","publisher":{"@id":"https:\/\/francois-pelletant.fr\/blog\/#organization"},"potentialAction":[{"@type":"SearchAction","target":{"@type":"EntryPoint","urlTemplate":"https:\/\/francois-pelletant.fr\/blog\/?s={search_term_string}"},"query-input":{"@type":"PropertyValueSpecification","valueRequired":true,"valueName":"search_term_string"}}],"inLanguage":"fr-FR"},{"@type":"Organization","@id":"https:\/\/francois-pelletant.fr\/blog\/#organization","name":"Fran\u00e7ois Pelletant","url":"https:\/\/francois-pelletant.fr\/blog\/","logo":{"@type":"ImageObject","inLanguage":"fr-FR","@id":"https:\/\/francois-pelletant.fr\/blog\/#\/schema\/logo\/image\/","url":"https:\/\/francois-pelletant.fr\/blog\/wp-content\/uploads\/2024\/07\/icone-francois-centre-500p.png","contentUrl":"https:\/\/francois-pelletant.fr\/blog\/wp-content\/uploads\/2024\/07\/icone-francois-centre-500p.png","width":559,"height":447,"caption":"Fran\u00e7ois Pelletant"},"image":{"@id":"https:\/\/francois-pelletant.fr\/blog\/#\/schema\/logo\/image\/"},"sameAs":["https:\/\/www.facebook.com\/francois.pelletant.7","https:\/\/x.com\/pelletant"]},{"@type":"Person","@id":"https:\/\/francois-pelletant.fr\/blog\/#\/schema\/person\/2be41acb171dff8f31aaed1f40cee9f3","name":"Francois"}]}},"_links":{"self":[{"href":"https:\/\/francois-pelletant.fr\/blog\/wp-json\/wp\/v2\/posts\/11825","targetHints":{"allow":["GET"]}}],"collection":[{"href":"https:\/\/francois-pelletant.fr\/blog\/wp-json\/wp\/v2\/posts"}],"about":[{"href":"https:\/\/francois-pelletant.fr\/blog\/wp-json\/wp\/v2\/types\/post"}],"author":[{"embeddable":true,"href":"https:\/\/francois-pelletant.fr\/blog\/wp-json\/wp\/v2\/users\/1"}],"replies":[{"embeddable":true,"href":"https:\/\/francois-pelletant.fr\/blog\/wp-json\/wp\/v2\/comments?post=11825"}],"version-history":[{"count":0,"href":"https:\/\/francois-pelletant.fr\/blog\/wp-json\/wp\/v2\/posts\/11825\/revisions"}],"wp:featuredmedia":[{"embeddable":true,"href":"https:\/\/francois-pelletant.fr\/blog\/wp-json\/wp\/v2\/media\/11826"}],"wp:attachment":[{"href":"https:\/\/francois-pelletant.fr\/blog\/wp-json\/wp\/v2\/media?parent=11825"}],"wp:term":[{"taxonomy":"category","embeddable":true,"href":"https:\/\/francois-pelletant.fr\/blog\/wp-json\/wp\/v2\/categories?post=11825"},{"taxonomy":"post_tag","embeddable":true,"href":"https:\/\/francois-pelletant.fr\/blog\/wp-json\/wp\/v2\/tags?post=11825"}],"curies":[{"name":"wp","href":"https:\/\/api.w.org\/{rel}","templated":true}]}}