{"id":11831,"date":"2016-05-05T10:41:35","date_gmt":"2016-05-05T10:41:35","guid":{"rendered":"https:\/\/francois-pelletant.fr\/blog\/?p=11831"},"modified":"2019-01-16T14:43:02","modified_gmt":"2019-01-16T14:43:02","slug":"petition-demission-de-municipalite","status":"publish","type":"post","link":"https:\/\/francois-pelletant.fr\/blog\/petition-demission-de-municipalite\/","title":{"rendered":"P\u00c9TITION POUR LA D\u00c9MISSION  DE LA MUNICIPALIT\u00c9"},"content":{"rendered":"<p><a href=\"https:\/\/francois-pelletant.fr\/blog\/wp-content\/uploads\/2019\/01\/une2.jpg\" rel=\"attachment wp-att-11832\"><img loading=\"lazy\" decoding=\"async\" class=\"alignleft size-medium wp-image-11832\" src=\"https:\/\/francois-pelletant.fr\/blog\/wp-content\/uploads\/2019\/01\/une2-300x199.jpg\" alt=\"une2\" width=\"300\" height=\"199\" srcset=\"https:\/\/francois-pelletant.fr\/blog\/wp-content\/uploads\/2019\/01\/une2-300x199.jpg 300w, https:\/\/francois-pelletant.fr\/blog\/wp-content\/uploads\/2019\/01\/une2-1024x680.jpg 1024w, https:\/\/francois-pelletant.fr\/blog\/wp-content\/uploads\/2019\/01\/une2-768x510.jpg 768w, https:\/\/francois-pelletant.fr\/blog\/wp-content\/uploads\/2019\/01\/une2-600x399.jpg 600w, https:\/\/francois-pelletant.fr\/blog\/wp-content\/uploads\/2019\/01\/une2-1536x1020.jpg 1536w, https:\/\/francois-pelletant.fr\/blog\/wp-content\/uploads\/2019\/01\/une2-2048x1360.jpg 2048w\" sizes=\"auto, (max-width: 300px) 100vw, 300px\" \/><\/a>La s\u00e9ance du Conseil Municipal du 27 avril a encore \u00e9t\u00e9 perturb\u00e9e par un nouvel esclandre de l\u2019opposition, qui cette fois-ci r\u00e9clamait la d\u00e9mission pure et simple de toute la municipalit\u00e9. La presse locale, au grand complet, \u00e9tait pr\u00e9sente ce qui en dit long sur la pr\u00e9m\u00e9ditation et le but de ce nouvel incident.<\/p>\n<p>Cela ne peut plus durer, aussi j\u2019ai d\u00e9cid\u00e9 de couper court, une bonne fois pour toutes, \u00e0 ces d\u00e9bordements qui visent \u00e0 entraver le travail municipal. Puisque l\u2019opposition affirme, \u00e0 cor et \u00e0 cri, que \u201c les Linois demandent pour quelles raisons le Maire de Linas insiste pour rester \u00e0 son poste\u201d et qu\u2019elle \u201cappelle tous les conseillers municipaux \u00e0 d\u00e9missionner\u201d, j\u2019ai mis l\u2019opposition au d\u00e9fi de r\u00e9unir une p\u00e9tition de 1209 signatures d\u2019\u00e9lecteurs linois r\u00e9clamant la d\u00e9mission de notre majorit\u00e9. Si, comme le pr\u00e9tendent nos d\u00e9tracteurs, les Linois pensent que la majorit\u00e9 doit partir, alors nous le ferons et il y aura de nouvelles \u00e9lections. 1209 signatures : ce chiffre correspond exactement au nombre de voix que nous avons obtenues en 2014 pour \u00eatre \u00e9lus d\u00e8s le premier tour avec une majorit\u00e9 absolue. La commune compte aujourd\u2019hui 6778 habitants, le d\u00e9fi est donc facilement relevable si r\u00e9ellement il y avait un d\u00e9samour des Linois pour leurs \u00e9lus. Nos opposants consid\u00e9raient que le d\u00e9lai de trois semaines initialement pr\u00e9vu \u00e9tait trop court, c\u2019est vrai qu\u2019il y a plusieurs ponts en mai. Dont acte ; nous acceptons de prolonger ce d\u00e9lai et d\u2019attendre cinq semaines jusqu\u2019au premier juin \u00e0 20h. Nous allons \u00e9galement mettre \u00e0 disposition l\u2019H\u00f4tel de Ville une demi-journ\u00e9e afin que ceux qui le souhaitent puissent venir, en notre absence, rencontrer l\u2019opposition et signer la p\u00e9tition. Ce sera le samedi 28 mai de 14h \u00e0 18h. Nous mettrons \u00e9galement \u00e0 disposition des feuilles de papier, des photocopies ainsi que la liste \u00e9lectorale avec les noms et les adresses des \u00e9lecteurs qui pourront ainsi \u00eatre contact\u00e9s directement pour donner leur signature. Avec le reste de l\u2019\u00e9quipe municipale, j\u2019attends dans une confiance absolue le verdict de cette initiative. Pendant ce temps, la municipalit\u00e9 poursuit son travail au service de la commune. Nous avons compl\u00e9t\u00e9 l\u2019\u00e9quipe des adjoints suite \u00e0 la disparition de Jean-Yves Lusson. Comme annonc\u00e9 il n\u2019y a pas de grand changement.<\/p>\n","protected":false},"excerpt":{"rendered":"<p>La s\u00e9ance du Conseil Municipal du 27 avril a encore \u00e9t\u00e9 perturb\u00e9e par un nouvel esclandre de l\u2019opposition, qui cette fois-ci r\u00e9clamait la d\u00e9mission pure et simple de toute la municipalit\u00e9. La presse locale, au grand complet, \u00e9tait pr\u00e9sente ce qui en dit long sur la pr\u00e9m\u00e9ditation et le but de ce nouvel incident. Cela [&hellip;]<\/p>\n","protected":false},"author":1,"featured_media":11832,"comment_status":"open","ping_status":"closed","sticky":false,"template":"","format":"standard","meta":{"footnotes":""},"categories":[16],"tags":[],"class_list":["post-11831","post","type-post","status-publish","format-standard","has-post-thumbnail","hentry","category-prises-de-positions"],"yoast_head":"<!-- This site is optimized with the Yoast SEO plugin v25.6 - https:\/\/yoast.com\/wordpress\/plugins\/seo\/ -->\n<title>P\u00c9TITION POUR LA D\u00c9MISSION DE LA MUNICIPALIT\u00c9 - Fran\u00e7ois Pelletant<\/title>\n<meta name=\"robots\" content=\"index, follow, max-snippet:-1, max-image-preview:large, max-video-preview:-1\" \/>\n<link rel=\"canonical\" href=\"https:\/\/francois-pelletant.fr\/blog\/petition-demission-de-municipalite\/\" \/>\n<meta property=\"og:locale\" content=\"fr_FR\" \/>\n<meta property=\"og:type\" content=\"article\" \/>\n<meta property=\"og:title\" content=\"P\u00c9TITION POUR LA D\u00c9MISSION DE LA MUNICIPALIT\u00c9 - Fran\u00e7ois Pelletant\" \/>\n<meta property=\"og:description\" content=\"La s\u00e9ance du Conseil Municipal du 27 avril a encore \u00e9t\u00e9 perturb\u00e9e par un nouvel esclandre de l\u2019opposition, qui cette fois-ci r\u00e9clamait la d\u00e9mission pure et simple de toute la municipalit\u00e9. La presse locale, au grand complet, \u00e9tait pr\u00e9sente ce qui en dit long sur la pr\u00e9m\u00e9ditation et le but de ce nouvel incident. Cela [&hellip;]\" \/>\n<meta property=\"og:url\" content=\"https:\/\/francois-pelletant.fr\/blog\/petition-demission-de-municipalite\/\" \/>\n<meta property=\"og:site_name\" content=\"Fran\u00e7ois Pelletant\" \/>\n<meta property=\"article:publisher\" content=\"https:\/\/www.facebook.com\/francois.pelletant.7\" \/>\n<meta property=\"article:published_time\" content=\"2016-05-05T10:41:35+00:00\" \/>\n<meta property=\"article:modified_time\" content=\"2019-01-16T14:43:02+00:00\" \/>\n<meta property=\"og:image\" content=\"https:\/\/francois-pelletant.fr\/blog\/wp-content\/uploads\/2019\/01\/une2-scaled.jpg\" \/>\n\t<meta property=\"og:image:width\" content=\"2560\" \/>\n\t<meta property=\"og:image:height\" content=\"1700\" \/>\n\t<meta property=\"og:image:type\" content=\"image\/jpeg\" \/>\n<meta name=\"author\" content=\"Francois\" \/>\n<meta name=\"twitter:card\" content=\"summary_large_image\" \/>\n<meta name=\"twitter:creator\" content=\"@pelletant\" \/>\n<meta name=\"twitter:site\" content=\"@pelletant\" \/>\n<meta name=\"twitter:label1\" content=\"\u00c9crit par\" \/>\n\t<meta name=\"twitter:data1\" content=\"Francois\" \/>\n\t<meta name=\"twitter:label2\" content=\"Dur\u00e9e de lecture estim\u00e9e\" \/>\n\t<meta name=\"twitter:data2\" content=\"2 minutes\" \/>\n<script type=\"application\/ld+json\" class=\"yoast-schema-graph\">{\"@context\":\"https:\/\/schema.org\",\"@graph\":[{\"@type\":\"Article\",\"@id\":\"https:\/\/francois-pelletant.fr\/blog\/petition-demission-de-municipalite\/#article\",\"isPartOf\":{\"@id\":\"https:\/\/francois-pelletant.fr\/blog\/petition-demission-de-municipalite\/\"},\"author\":{\"name\":\"Francois\",\"@id\":\"https:\/\/francois-pelletant.fr\/blog\/#\/schema\/person\/2be41acb171dff8f31aaed1f40cee9f3\"},\"headline\":\"P\u00c9TITION POUR LA D\u00c9MISSION DE LA MUNICIPALIT\u00c9\",\"datePublished\":\"2016-05-05T10:41:35+00:00\",\"dateModified\":\"2019-01-16T14:43:02+00:00\",\"mainEntityOfPage\":{\"@id\":\"https:\/\/francois-pelletant.fr\/blog\/petition-demission-de-municipalite\/\"},\"wordCount\":413,\"commentCount\":0,\"publisher\":{\"@id\":\"https:\/\/francois-pelletant.fr\/blog\/#organization\"},\"image\":{\"@id\":\"https:\/\/francois-pelletant.fr\/blog\/petition-demission-de-municipalite\/#primaryimage\"},\"thumbnailUrl\":\"https:\/\/francois-pelletant.fr\/blog\/wp-content\/uploads\/2019\/01\/une2-scaled.jpg\",\"articleSection\":[\"Prises de positions\"],\"inLanguage\":\"fr-FR\",\"potentialAction\":[{\"@type\":\"CommentAction\",\"name\":\"Comment\",\"target\":[\"https:\/\/francois-pelletant.fr\/blog\/petition-demission-de-municipalite\/#respond\"]}]},{\"@type\":\"WebPage\",\"@id\":\"https:\/\/francois-pelletant.fr\/blog\/petition-demission-de-municipalite\/\",\"url\":\"https:\/\/francois-pelletant.fr\/blog\/petition-demission-de-municipalite\/\",\"name\":\"P\u00c9TITION POUR LA D\u00c9MISSION DE LA MUNICIPALIT\u00c9 - Fran\u00e7ois Pelletant\",\"isPartOf\":{\"@id\":\"https:\/\/francois-pelletant.fr\/blog\/#website\"},\"primaryImageOfPage\":{\"@id\":\"https:\/\/francois-pelletant.fr\/blog\/petition-demission-de-municipalite\/#primaryimage\"},\"image\":{\"@id\":\"https:\/\/francois-pelletant.fr\/blog\/petition-demission-de-municipalite\/#primaryimage\"},\"thumbnailUrl\":\"https:\/\/francois-pelletant.fr\/blog\/wp-content\/uploads\/2019\/01\/une2-scaled.jpg\",\"datePublished\":\"2016-05-05T10:41:35+00:00\",\"dateModified\":\"2019-01-16T14:43:02+00:00\",\"breadcrumb\":{\"@id\":\"https:\/\/francois-pelletant.fr\/blog\/petition-demission-de-municipalite\/#breadcrumb\"},\"inLanguage\":\"fr-FR\",\"potentialAction\":[{\"@type\":\"ReadAction\",\"target\":[\"https:\/\/francois-pelletant.fr\/blog\/petition-demission-de-municipalite\/\"]}]},{\"@type\":\"ImageObject\",\"inLanguage\":\"fr-FR\",\"@id\":\"https:\/\/francois-pelletant.fr\/blog\/petition-demission-de-municipalite\/#primaryimage\",\"url\":\"https:\/\/francois-pelletant.fr\/blog\/wp-content\/uploads\/2019\/01\/une2-scaled.jpg\",\"contentUrl\":\"https:\/\/francois-pelletant.fr\/blog\/wp-content\/uploads\/2019\/01\/une2-scaled.jpg\",\"width\":2560,\"height\":1700},{\"@type\":\"BreadcrumbList\",\"@id\":\"https:\/\/francois-pelletant.fr\/blog\/petition-demission-de-municipalite\/#breadcrumb\",\"itemListElement\":[{\"@type\":\"ListItem\",\"position\":1,\"name\":\"Accueil\",\"item\":\"https:\/\/francois-pelletant.fr\/blog\/\"},{\"@type\":\"ListItem\",\"position\":2,\"name\":\"P\u00c9TITION POUR LA D\u00c9MISSION DE LA MUNICIPALIT\u00c9\"}]},{\"@type\":\"WebSite\",\"@id\":\"https:\/\/francois-pelletant.fr\/blog\/#website\",\"url\":\"https:\/\/francois-pelletant.fr\/blog\/\",\"name\":\"Fran\u00e7ois Pelletant\",\"description\":\"Maire de Linas, pour toujours.\",\"publisher\":{\"@id\":\"https:\/\/francois-pelletant.fr\/blog\/#organization\"},\"potentialAction\":[{\"@type\":\"SearchAction\",\"target\":{\"@type\":\"EntryPoint\",\"urlTemplate\":\"https:\/\/francois-pelletant.fr\/blog\/?s={search_term_string}\"},\"query-input\":{\"@type\":\"PropertyValueSpecification\",\"valueRequired\":true,\"valueName\":\"search_term_string\"}}],\"inLanguage\":\"fr-FR\"},{\"@type\":\"Organization\",\"@id\":\"https:\/\/francois-pelletant.fr\/blog\/#organization\",\"name\":\"Fran\u00e7ois Pelletant\",\"url\":\"https:\/\/francois-pelletant.fr\/blog\/\",\"logo\":{\"@type\":\"ImageObject\",\"inLanguage\":\"fr-FR\",\"@id\":\"https:\/\/francois-pelletant.fr\/blog\/#\/schema\/logo\/image\/\",\"url\":\"https:\/\/francois-pelletant.fr\/blog\/wp-content\/uploads\/2024\/07\/icone-francois-centre-500p.png\",\"contentUrl\":\"https:\/\/francois-pelletant.fr\/blog\/wp-content\/uploads\/2024\/07\/icone-francois-centre-500p.png\",\"width\":559,\"height\":447,\"caption\":\"Fran\u00e7ois Pelletant\"},\"image\":{\"@id\":\"https:\/\/francois-pelletant.fr\/blog\/#\/schema\/logo\/image\/\"},\"sameAs\":[\"https:\/\/www.facebook.com\/francois.pelletant.7\",\"https:\/\/x.com\/pelletant\"]},{\"@type\":\"Person\",\"@id\":\"https:\/\/francois-pelletant.fr\/blog\/#\/schema\/person\/2be41acb171dff8f31aaed1f40cee9f3\",\"name\":\"Francois\"}]}<\/script>\n<!-- \/ Yoast SEO plugin. -->","yoast_head_json":{"title":"P\u00c9TITION POUR LA D\u00c9MISSION DE LA MUNICIPALIT\u00c9 - Fran\u00e7ois Pelletant","robots":{"index":"index","follow":"follow","max-snippet":"max-snippet:-1","max-image-preview":"max-image-preview:large","max-video-preview":"max-video-preview:-1"},"canonical":"https:\/\/francois-pelletant.fr\/blog\/petition-demission-de-municipalite\/","og_locale":"fr_FR","og_type":"article","og_title":"P\u00c9TITION POUR LA D\u00c9MISSION DE LA MUNICIPALIT\u00c9 - Fran\u00e7ois Pelletant","og_description":"La s\u00e9ance du Conseil Municipal du 27 avril a encore \u00e9t\u00e9 perturb\u00e9e par un nouvel esclandre de l\u2019opposition, qui cette fois-ci r\u00e9clamait la d\u00e9mission pure et simple de toute la municipalit\u00e9. La presse locale, au grand complet, \u00e9tait pr\u00e9sente ce qui en dit long sur la pr\u00e9m\u00e9ditation et le but de ce nouvel incident. Cela [&hellip;]","og_url":"https:\/\/francois-pelletant.fr\/blog\/petition-demission-de-municipalite\/","og_site_name":"Fran\u00e7ois Pelletant","article_publisher":"https:\/\/www.facebook.com\/francois.pelletant.7","article_published_time":"2016-05-05T10:41:35+00:00","article_modified_time":"2019-01-16T14:43:02+00:00","og_image":[{"width":2560,"height":1700,"url":"https:\/\/francois-pelletant.fr\/blog\/wp-content\/uploads\/2019\/01\/une2-scaled.jpg","type":"image\/jpeg"}],"author":"Francois","twitter_card":"summary_large_image","twitter_creator":"@pelletant","twitter_site":"@pelletant","twitter_misc":{"\u00c9crit par":"Francois","Dur\u00e9e de lecture estim\u00e9e":"2 minutes"},"schema":{"@context":"https:\/\/schema.org","@graph":[{"@type":"Article","@id":"https:\/\/francois-pelletant.fr\/blog\/petition-demission-de-municipalite\/#article","isPartOf":{"@id":"https:\/\/francois-pelletant.fr\/blog\/petition-demission-de-municipalite\/"},"author":{"name":"Francois","@id":"https:\/\/francois-pelletant.fr\/blog\/#\/schema\/person\/2be41acb171dff8f31aaed1f40cee9f3"},"headline":"P\u00c9TITION POUR LA D\u00c9MISSION DE LA MUNICIPALIT\u00c9","datePublished":"2016-05-05T10:41:35+00:00","dateModified":"2019-01-16T14:43:02+00:00","mainEntityOfPage":{"@id":"https:\/\/francois-pelletant.fr\/blog\/petition-demission-de-municipalite\/"},"wordCount":413,"commentCount":0,"publisher":{"@id":"https:\/\/francois-pelletant.fr\/blog\/#organization"},"image":{"@id":"https:\/\/francois-pelletant.fr\/blog\/petition-demission-de-municipalite\/#primaryimage"},"thumbnailUrl":"https:\/\/francois-pelletant.fr\/blog\/wp-content\/uploads\/2019\/01\/une2-scaled.jpg","articleSection":["Prises de positions"],"inLanguage":"fr-FR","potentialAction":[{"@type":"CommentAction","name":"Comment","target":["https:\/\/francois-pelletant.fr\/blog\/petition-demission-de-municipalite\/#respond"]}]},{"@type":"WebPage","@id":"https:\/\/francois-pelletant.fr\/blog\/petition-demission-de-municipalite\/","url":"https:\/\/francois-pelletant.fr\/blog\/petition-demission-de-municipalite\/","name":"P\u00c9TITION POUR LA D\u00c9MISSION DE LA MUNICIPALIT\u00c9 - Fran\u00e7ois Pelletant","isPartOf":{"@id":"https:\/\/francois-pelletant.fr\/blog\/#website"},"primaryImageOfPage":{"@id":"https:\/\/francois-pelletant.fr\/blog\/petition-demission-de-municipalite\/#primaryimage"},"image":{"@id":"https:\/\/francois-pelletant.fr\/blog\/petition-demission-de-municipalite\/#primaryimage"},"thumbnailUrl":"https:\/\/francois-pelletant.fr\/blog\/wp-content\/uploads\/2019\/01\/une2-scaled.jpg","datePublished":"2016-05-05T10:41:35+00:00","dateModified":"2019-01-16T14:43:02+00:00","breadcrumb":{"@id":"https:\/\/francois-pelletant.fr\/blog\/petition-demission-de-municipalite\/#breadcrumb"},"inLanguage":"fr-FR","potentialAction":[{"@type":"ReadAction","target":["https:\/\/francois-pelletant.fr\/blog\/petition-demission-de-municipalite\/"]}]},{"@type":"ImageObject","inLanguage":"fr-FR","@id":"https:\/\/francois-pelletant.fr\/blog\/petition-demission-de-municipalite\/#primaryimage","url":"https:\/\/francois-pelletant.fr\/blog\/wp-content\/uploads\/2019\/01\/une2-scaled.jpg","contentUrl":"https:\/\/francois-pelletant.fr\/blog\/wp-content\/uploads\/2019\/01\/une2-scaled.jpg","width":2560,"height":1700},{"@type":"BreadcrumbList","@id":"https:\/\/francois-pelletant.fr\/blog\/petition-demission-de-municipalite\/#breadcrumb","itemListElement":[{"@type":"ListItem","position":1,"name":"Accueil","item":"https:\/\/francois-pelletant.fr\/blog\/"},{"@type":"ListItem","position":2,"name":"P\u00c9TITION POUR LA D\u00c9MISSION DE LA MUNICIPALIT\u00c9"}]},{"@type":"WebSite","@id":"https:\/\/francois-pelletant.fr\/blog\/#website","url":"https:\/\/francois-pelletant.fr\/blog\/","name":"Fran\u00e7ois Pelletant","description":"Maire de Linas, pour toujours.","publisher":{"@id":"https:\/\/francois-pelletant.fr\/blog\/#organization"},"potentialAction":[{"@type":"SearchAction","target":{"@type":"EntryPoint","urlTemplate":"https:\/\/francois-pelletant.fr\/blog\/?s={search_term_string}"},"query-input":{"@type":"PropertyValueSpecification","valueRequired":true,"valueName":"search_term_string"}}],"inLanguage":"fr-FR"},{"@type":"Organization","@id":"https:\/\/francois-pelletant.fr\/blog\/#organization","name":"Fran\u00e7ois Pelletant","url":"https:\/\/francois-pelletant.fr\/blog\/","logo":{"@type":"ImageObject","inLanguage":"fr-FR","@id":"https:\/\/francois-pelletant.fr\/blog\/#\/schema\/logo\/image\/","url":"https:\/\/francois-pelletant.fr\/blog\/wp-content\/uploads\/2024\/07\/icone-francois-centre-500p.png","contentUrl":"https:\/\/francois-pelletant.fr\/blog\/wp-content\/uploads\/2024\/07\/icone-francois-centre-500p.png","width":559,"height":447,"caption":"Fran\u00e7ois Pelletant"},"image":{"@id":"https:\/\/francois-pelletant.fr\/blog\/#\/schema\/logo\/image\/"},"sameAs":["https:\/\/www.facebook.com\/francois.pelletant.7","https:\/\/x.com\/pelletant"]},{"@type":"Person","@id":"https:\/\/francois-pelletant.fr\/blog\/#\/schema\/person\/2be41acb171dff8f31aaed1f40cee9f3","name":"Francois"}]}},"_links":{"self":[{"href":"https:\/\/francois-pelletant.fr\/blog\/wp-json\/wp\/v2\/posts\/11831","targetHints":{"allow":["GET"]}}],"collection":[{"href":"https:\/\/francois-pelletant.fr\/blog\/wp-json\/wp\/v2\/posts"}],"about":[{"href":"https:\/\/francois-pelletant.fr\/blog\/wp-json\/wp\/v2\/types\/post"}],"author":[{"embeddable":true,"href":"https:\/\/francois-pelletant.fr\/blog\/wp-json\/wp\/v2\/users\/1"}],"replies":[{"embeddable":true,"href":"https:\/\/francois-pelletant.fr\/blog\/wp-json\/wp\/v2\/comments?post=11831"}],"version-history":[{"count":0,"href":"https:\/\/francois-pelletant.fr\/blog\/wp-json\/wp\/v2\/posts\/11831\/revisions"}],"wp:featuredmedia":[{"embeddable":true,"href":"https:\/\/francois-pelletant.fr\/blog\/wp-json\/wp\/v2\/media\/11832"}],"wp:attachment":[{"href":"https:\/\/francois-pelletant.fr\/blog\/wp-json\/wp\/v2\/media?parent=11831"}],"wp:term":[{"taxonomy":"category","embeddable":true,"href":"https:\/\/francois-pelletant.fr\/blog\/wp-json\/wp\/v2\/categories?post=11831"},{"taxonomy":"post_tag","embeddable":true,"href":"https:\/\/francois-pelletant.fr\/blog\/wp-json\/wp\/v2\/tags?post=11831"}],"curies":[{"name":"wp","href":"https:\/\/api.w.org\/{rel}","templated":true}]}}