{"id":11893,"date":"2017-09-05T09:31:17","date_gmt":"2017-09-05T09:31:17","guid":{"rendered":"https:\/\/francois-pelletant.fr\/blog\/?p=11893"},"modified":"2019-01-18T09:53:44","modified_gmt":"2019-01-18T09:53:44","slug":"un-ete-constructif","status":"publish","type":"post","link":"https:\/\/francois-pelletant.fr\/blog\/un-ete-constructif\/","title":{"rendered":"UN \u00c9T\u00c9 CONSTRUCTIF"},"content":{"rendered":"<p><a href=\"https:\/\/francois-pelletant.fr\/blog\/wp-content\/uploads\/2019\/01\/UNE267.jpg\" rel=\"attachment wp-att-11894\"><img loading=\"lazy\" decoding=\"async\" class=\"alignleft size-medium wp-image-11894\" src=\"https:\/\/francois-pelletant.fr\/blog\/wp-content\/uploads\/2019\/01\/UNE267-300x173.jpg\" alt=\"UNE267\" width=\"300\" height=\"173\" srcset=\"https:\/\/francois-pelletant.fr\/blog\/wp-content\/uploads\/2019\/01\/UNE267-300x173.jpg 300w, https:\/\/francois-pelletant.fr\/blog\/wp-content\/uploads\/2019\/01\/UNE267-1024x591.jpg 1024w, https:\/\/francois-pelletant.fr\/blog\/wp-content\/uploads\/2019\/01\/UNE267-768x443.jpg 768w, https:\/\/francois-pelletant.fr\/blog\/wp-content\/uploads\/2019\/01\/UNE267-600x346.jpg 600w, https:\/\/francois-pelletant.fr\/blog\/wp-content\/uploads\/2019\/01\/UNE267-1536x886.jpg 1536w, https:\/\/francois-pelletant.fr\/blog\/wp-content\/uploads\/2019\/01\/UNE267.jpg 1997w\" sizes=\"auto, (max-width: 300px) 100vw, 300px\" \/><\/a>Comme il fait bon se revoir apr\u00e8s deux mois de pause. C\u2019est la rentr\u00e9e pour nos \u00e9coliers et la plupart d\u2019entre vous, mais pour nos services de la ville, notamment ceux des services techniques, ce n\u2019est que la continuit\u00e9 d\u2019un \u00e9t\u00e9 bien charg\u00e9 en travaux de tous genres.<\/p>\n<p>Ainsi, pendant que les Linois go\u00fbtaient un repos bien m\u00e9rit\u00e9 sous le soleil estival, nos agents ont proc\u00e9d\u00e9 au nettoyage d\u2019une partie du mobilier urbain, notamment par les \u00ab jobs d\u2019\u00e9t\u00e9 \u00bb que nous recrutons chaque ann\u00e9e pour venir en renfort des effectifs, au remplacement des totems d\u2019entr\u00e9e de ville, \u00e0 la mise en accessibilit\u00e9 du gymnase du COSOM avec la cr\u00e9ation de toilettes, de douches et de vestiaires pour les personnes \u00e0 mobilit\u00e9 r\u00e9duite. Ces derniers jours, ils ont \u00e9galement effectu\u00e9 le remplacement des portes d\u2019entr\u00e9e du p\u00f4le culturel de la M\u00e9diath\u00e8que, \u00e0 la mise en place d\u2019une climatisation zone froide au restaurant municipal, et enfin au remplacement de la baie vitr\u00e9e dans la salle des enseignants de l\u2019\u00e9cole maternelle. D\u2019autres travaux de r\u00e9fection ont eu lieu \u00e0 l\u2019Ecole des Sources (voir la liste en page 2 dans \u00ab c\u2019est la rentr\u00e9e des classes \u00bb). Voil\u00e0 pour l\u2019essentiel, ajoutez \u00e0 cela les travaux d\u2019am\u00e9nagement de notre centre-ville qui se poursuivent, notamment dans la partie nord de la rue de la Division Leclerc avec la seconde campagne de fouilles arch\u00e9ologiques, et vous aurez compris que pour la municipalit\u00e9 de Linas, l\u2019\u00e9t\u00e9 ne rime pas avec \u00ab farniente \u00bb. D\u2019autres am\u00e9nagements de voirie sont \u00e0 venir dans les mois qui viennent. En attendant, je vous souhaite une bonne rentr\u00e9e \u00e0 toutes et \u00e0 tous.<\/p>\n","protected":false},"excerpt":{"rendered":"<p>Comme il fait bon se revoir apr\u00e8s deux mois de pause. C\u2019est la rentr\u00e9e pour nos \u00e9coliers et la plupart d\u2019entre vous, mais pour nos services de la ville, notamment ceux des services techniques, ce n\u2019est que la continuit\u00e9 d\u2019un \u00e9t\u00e9 bien charg\u00e9 en travaux de tous genres. Ainsi, pendant que les Linois go\u00fbtaient un [&hellip;]<\/p>\n","protected":false},"author":1,"featured_media":11894,"comment_status":"open","ping_status":"closed","sticky":false,"template":"","format":"standard","meta":{"footnotes":""},"categories":[16],"tags":[],"class_list":["post-11893","post","type-post","status-publish","format-standard","has-post-thumbnail","hentry","category-prises-de-positions"],"yoast_head":"<!-- This site is optimized with the Yoast SEO plugin v25.6 - https:\/\/yoast.com\/wordpress\/plugins\/seo\/ -->\n<title>UN \u00c9T\u00c9 CONSTRUCTIF - Fran\u00e7ois Pelletant<\/title>\n<meta name=\"robots\" content=\"index, follow, max-snippet:-1, max-image-preview:large, max-video-preview:-1\" \/>\n<link rel=\"canonical\" href=\"https:\/\/francois-pelletant.fr\/blog\/un-ete-constructif\/\" \/>\n<meta property=\"og:locale\" content=\"fr_FR\" \/>\n<meta property=\"og:type\" content=\"article\" \/>\n<meta property=\"og:title\" content=\"UN \u00c9T\u00c9 CONSTRUCTIF - Fran\u00e7ois Pelletant\" \/>\n<meta property=\"og:description\" content=\"Comme il fait bon se revoir apr\u00e8s deux mois de pause. C\u2019est la rentr\u00e9e pour nos \u00e9coliers et la plupart d\u2019entre vous, mais pour nos services de la ville, notamment ceux des services techniques, ce n\u2019est que la continuit\u00e9 d\u2019un \u00e9t\u00e9 bien charg\u00e9 en travaux de tous genres. Ainsi, pendant que les Linois go\u00fbtaient un [&hellip;]\" \/>\n<meta property=\"og:url\" content=\"https:\/\/francois-pelletant.fr\/blog\/un-ete-constructif\/\" \/>\n<meta property=\"og:site_name\" content=\"Fran\u00e7ois Pelletant\" \/>\n<meta property=\"article:publisher\" content=\"https:\/\/www.facebook.com\/francois.pelletant.7\" \/>\n<meta property=\"article:published_time\" content=\"2017-09-05T09:31:17+00:00\" \/>\n<meta property=\"article:modified_time\" content=\"2019-01-18T09:53:44+00:00\" \/>\n<meta property=\"og:image\" content=\"https:\/\/francois-pelletant.fr\/blog\/wp-content\/uploads\/2019\/01\/UNE267-1024x591.jpg\" \/>\n\t<meta property=\"og:image:width\" content=\"1024\" \/>\n\t<meta property=\"og:image:height\" content=\"591\" \/>\n\t<meta property=\"og:image:type\" content=\"image\/jpeg\" \/>\n<meta name=\"author\" content=\"Francois\" \/>\n<meta name=\"twitter:card\" content=\"summary_large_image\" \/>\n<meta name=\"twitter:creator\" content=\"@pelletant\" \/>\n<meta name=\"twitter:site\" content=\"@pelletant\" \/>\n<meta name=\"twitter:label1\" content=\"\u00c9crit par\" \/>\n\t<meta name=\"twitter:data1\" content=\"Francois\" \/>\n\t<meta name=\"twitter:label2\" content=\"Dur\u00e9e de lecture estim\u00e9e\" \/>\n\t<meta name=\"twitter:data2\" content=\"1 minute\" \/>\n<script type=\"application\/ld+json\" class=\"yoast-schema-graph\">{\"@context\":\"https:\/\/schema.org\",\"@graph\":[{\"@type\":\"Article\",\"@id\":\"https:\/\/francois-pelletant.fr\/blog\/un-ete-constructif\/#article\",\"isPartOf\":{\"@id\":\"https:\/\/francois-pelletant.fr\/blog\/un-ete-constructif\/\"},\"author\":{\"name\":\"Francois\",\"@id\":\"https:\/\/francois-pelletant.fr\/blog\/#\/schema\/person\/2be41acb171dff8f31aaed1f40cee9f3\"},\"headline\":\"UN \u00c9T\u00c9 CONSTRUCTIF\",\"datePublished\":\"2017-09-05T09:31:17+00:00\",\"dateModified\":\"2019-01-18T09:53:44+00:00\",\"mainEntityOfPage\":{\"@id\":\"https:\/\/francois-pelletant.fr\/blog\/un-ete-constructif\/\"},\"wordCount\":296,\"commentCount\":0,\"publisher\":{\"@id\":\"https:\/\/francois-pelletant.fr\/blog\/#organization\"},\"image\":{\"@id\":\"https:\/\/francois-pelletant.fr\/blog\/un-ete-constructif\/#primaryimage\"},\"thumbnailUrl\":\"https:\/\/francois-pelletant.fr\/blog\/wp-content\/uploads\/2019\/01\/UNE267.jpg\",\"articleSection\":[\"Prises de positions\"],\"inLanguage\":\"fr-FR\",\"potentialAction\":[{\"@type\":\"CommentAction\",\"name\":\"Comment\",\"target\":[\"https:\/\/francois-pelletant.fr\/blog\/un-ete-constructif\/#respond\"]}]},{\"@type\":\"WebPage\",\"@id\":\"https:\/\/francois-pelletant.fr\/blog\/un-ete-constructif\/\",\"url\":\"https:\/\/francois-pelletant.fr\/blog\/un-ete-constructif\/\",\"name\":\"UN \u00c9T\u00c9 CONSTRUCTIF - Fran\u00e7ois Pelletant\",\"isPartOf\":{\"@id\":\"https:\/\/francois-pelletant.fr\/blog\/#website\"},\"primaryImageOfPage\":{\"@id\":\"https:\/\/francois-pelletant.fr\/blog\/un-ete-constructif\/#primaryimage\"},\"image\":{\"@id\":\"https:\/\/francois-pelletant.fr\/blog\/un-ete-constructif\/#primaryimage\"},\"thumbnailUrl\":\"https:\/\/francois-pelletant.fr\/blog\/wp-content\/uploads\/2019\/01\/UNE267.jpg\",\"datePublished\":\"2017-09-05T09:31:17+00:00\",\"dateModified\":\"2019-01-18T09:53:44+00:00\",\"breadcrumb\":{\"@id\":\"https:\/\/francois-pelletant.fr\/blog\/un-ete-constructif\/#breadcrumb\"},\"inLanguage\":\"fr-FR\",\"potentialAction\":[{\"@type\":\"ReadAction\",\"target\":[\"https:\/\/francois-pelletant.fr\/blog\/un-ete-constructif\/\"]}]},{\"@type\":\"ImageObject\",\"inLanguage\":\"fr-FR\",\"@id\":\"https:\/\/francois-pelletant.fr\/blog\/un-ete-constructif\/#primaryimage\",\"url\":\"https:\/\/francois-pelletant.fr\/blog\/wp-content\/uploads\/2019\/01\/UNE267.jpg\",\"contentUrl\":\"https:\/\/francois-pelletant.fr\/blog\/wp-content\/uploads\/2019\/01\/UNE267.jpg\",\"width\":1997,\"height\":1152},{\"@type\":\"BreadcrumbList\",\"@id\":\"https:\/\/francois-pelletant.fr\/blog\/un-ete-constructif\/#breadcrumb\",\"itemListElement\":[{\"@type\":\"ListItem\",\"position\":1,\"name\":\"Accueil\",\"item\":\"https:\/\/francois-pelletant.fr\/blog\/\"},{\"@type\":\"ListItem\",\"position\":2,\"name\":\"UN \u00c9T\u00c9 CONSTRUCTIF\"}]},{\"@type\":\"WebSite\",\"@id\":\"https:\/\/francois-pelletant.fr\/blog\/#website\",\"url\":\"https:\/\/francois-pelletant.fr\/blog\/\",\"name\":\"Fran\u00e7ois Pelletant\",\"description\":\"Maire de Linas, pour toujours.\",\"publisher\":{\"@id\":\"https:\/\/francois-pelletant.fr\/blog\/#organization\"},\"potentialAction\":[{\"@type\":\"SearchAction\",\"target\":{\"@type\":\"EntryPoint\",\"urlTemplate\":\"https:\/\/francois-pelletant.fr\/blog\/?s={search_term_string}\"},\"query-input\":{\"@type\":\"PropertyValueSpecification\",\"valueRequired\":true,\"valueName\":\"search_term_string\"}}],\"inLanguage\":\"fr-FR\"},{\"@type\":\"Organization\",\"@id\":\"https:\/\/francois-pelletant.fr\/blog\/#organization\",\"name\":\"Fran\u00e7ois Pelletant\",\"url\":\"https:\/\/francois-pelletant.fr\/blog\/\",\"logo\":{\"@type\":\"ImageObject\",\"inLanguage\":\"fr-FR\",\"@id\":\"https:\/\/francois-pelletant.fr\/blog\/#\/schema\/logo\/image\/\",\"url\":\"https:\/\/francois-pelletant.fr\/blog\/wp-content\/uploads\/2024\/07\/icone-francois-centre-500p.png\",\"contentUrl\":\"https:\/\/francois-pelletant.fr\/blog\/wp-content\/uploads\/2024\/07\/icone-francois-centre-500p.png\",\"width\":559,\"height\":447,\"caption\":\"Fran\u00e7ois Pelletant\"},\"image\":{\"@id\":\"https:\/\/francois-pelletant.fr\/blog\/#\/schema\/logo\/image\/\"},\"sameAs\":[\"https:\/\/www.facebook.com\/francois.pelletant.7\",\"https:\/\/x.com\/pelletant\"]},{\"@type\":\"Person\",\"@id\":\"https:\/\/francois-pelletant.fr\/blog\/#\/schema\/person\/2be41acb171dff8f31aaed1f40cee9f3\",\"name\":\"Francois\"}]}<\/script>\n<!-- \/ Yoast SEO plugin. -->","yoast_head_json":{"title":"UN \u00c9T\u00c9 CONSTRUCTIF - Fran\u00e7ois Pelletant","robots":{"index":"index","follow":"follow","max-snippet":"max-snippet:-1","max-image-preview":"max-image-preview:large","max-video-preview":"max-video-preview:-1"},"canonical":"https:\/\/francois-pelletant.fr\/blog\/un-ete-constructif\/","og_locale":"fr_FR","og_type":"article","og_title":"UN \u00c9T\u00c9 CONSTRUCTIF - Fran\u00e7ois Pelletant","og_description":"Comme il fait bon se revoir apr\u00e8s deux mois de pause. C\u2019est la rentr\u00e9e pour nos \u00e9coliers et la plupart d\u2019entre vous, mais pour nos services de la ville, notamment ceux des services techniques, ce n\u2019est que la continuit\u00e9 d\u2019un \u00e9t\u00e9 bien charg\u00e9 en travaux de tous genres. Ainsi, pendant que les Linois go\u00fbtaient un [&hellip;]","og_url":"https:\/\/francois-pelletant.fr\/blog\/un-ete-constructif\/","og_site_name":"Fran\u00e7ois Pelletant","article_publisher":"https:\/\/www.facebook.com\/francois.pelletant.7","article_published_time":"2017-09-05T09:31:17+00:00","article_modified_time":"2019-01-18T09:53:44+00:00","og_image":[{"width":1024,"height":591,"url":"https:\/\/francois-pelletant.fr\/blog\/wp-content\/uploads\/2019\/01\/UNE267-1024x591.jpg","type":"image\/jpeg"}],"author":"Francois","twitter_card":"summary_large_image","twitter_creator":"@pelletant","twitter_site":"@pelletant","twitter_misc":{"\u00c9crit par":"Francois","Dur\u00e9e de lecture estim\u00e9e":"1 minute"},"schema":{"@context":"https:\/\/schema.org","@graph":[{"@type":"Article","@id":"https:\/\/francois-pelletant.fr\/blog\/un-ete-constructif\/#article","isPartOf":{"@id":"https:\/\/francois-pelletant.fr\/blog\/un-ete-constructif\/"},"author":{"name":"Francois","@id":"https:\/\/francois-pelletant.fr\/blog\/#\/schema\/person\/2be41acb171dff8f31aaed1f40cee9f3"},"headline":"UN \u00c9T\u00c9 CONSTRUCTIF","datePublished":"2017-09-05T09:31:17+00:00","dateModified":"2019-01-18T09:53:44+00:00","mainEntityOfPage":{"@id":"https:\/\/francois-pelletant.fr\/blog\/un-ete-constructif\/"},"wordCount":296,"commentCount":0,"publisher":{"@id":"https:\/\/francois-pelletant.fr\/blog\/#organization"},"image":{"@id":"https:\/\/francois-pelletant.fr\/blog\/un-ete-constructif\/#primaryimage"},"thumbnailUrl":"https:\/\/francois-pelletant.fr\/blog\/wp-content\/uploads\/2019\/01\/UNE267.jpg","articleSection":["Prises de positions"],"inLanguage":"fr-FR","potentialAction":[{"@type":"CommentAction","name":"Comment","target":["https:\/\/francois-pelletant.fr\/blog\/un-ete-constructif\/#respond"]}]},{"@type":"WebPage","@id":"https:\/\/francois-pelletant.fr\/blog\/un-ete-constructif\/","url":"https:\/\/francois-pelletant.fr\/blog\/un-ete-constructif\/","name":"UN \u00c9T\u00c9 CONSTRUCTIF - Fran\u00e7ois Pelletant","isPartOf":{"@id":"https:\/\/francois-pelletant.fr\/blog\/#website"},"primaryImageOfPage":{"@id":"https:\/\/francois-pelletant.fr\/blog\/un-ete-constructif\/#primaryimage"},"image":{"@id":"https:\/\/francois-pelletant.fr\/blog\/un-ete-constructif\/#primaryimage"},"thumbnailUrl":"https:\/\/francois-pelletant.fr\/blog\/wp-content\/uploads\/2019\/01\/UNE267.jpg","datePublished":"2017-09-05T09:31:17+00:00","dateModified":"2019-01-18T09:53:44+00:00","breadcrumb":{"@id":"https:\/\/francois-pelletant.fr\/blog\/un-ete-constructif\/#breadcrumb"},"inLanguage":"fr-FR","potentialAction":[{"@type":"ReadAction","target":["https:\/\/francois-pelletant.fr\/blog\/un-ete-constructif\/"]}]},{"@type":"ImageObject","inLanguage":"fr-FR","@id":"https:\/\/francois-pelletant.fr\/blog\/un-ete-constructif\/#primaryimage","url":"https:\/\/francois-pelletant.fr\/blog\/wp-content\/uploads\/2019\/01\/UNE267.jpg","contentUrl":"https:\/\/francois-pelletant.fr\/blog\/wp-content\/uploads\/2019\/01\/UNE267.jpg","width":1997,"height":1152},{"@type":"BreadcrumbList","@id":"https:\/\/francois-pelletant.fr\/blog\/un-ete-constructif\/#breadcrumb","itemListElement":[{"@type":"ListItem","position":1,"name":"Accueil","item":"https:\/\/francois-pelletant.fr\/blog\/"},{"@type":"ListItem","position":2,"name":"UN \u00c9T\u00c9 CONSTRUCTIF"}]},{"@type":"WebSite","@id":"https:\/\/francois-pelletant.fr\/blog\/#website","url":"https:\/\/francois-pelletant.fr\/blog\/","name":"Fran\u00e7ois Pelletant","description":"Maire de Linas, pour toujours.","publisher":{"@id":"https:\/\/francois-pelletant.fr\/blog\/#organization"},"potentialAction":[{"@type":"SearchAction","target":{"@type":"EntryPoint","urlTemplate":"https:\/\/francois-pelletant.fr\/blog\/?s={search_term_string}"},"query-input":{"@type":"PropertyValueSpecification","valueRequired":true,"valueName":"search_term_string"}}],"inLanguage":"fr-FR"},{"@type":"Organization","@id":"https:\/\/francois-pelletant.fr\/blog\/#organization","name":"Fran\u00e7ois Pelletant","url":"https:\/\/francois-pelletant.fr\/blog\/","logo":{"@type":"ImageObject","inLanguage":"fr-FR","@id":"https:\/\/francois-pelletant.fr\/blog\/#\/schema\/logo\/image\/","url":"https:\/\/francois-pelletant.fr\/blog\/wp-content\/uploads\/2024\/07\/icone-francois-centre-500p.png","contentUrl":"https:\/\/francois-pelletant.fr\/blog\/wp-content\/uploads\/2024\/07\/icone-francois-centre-500p.png","width":559,"height":447,"caption":"Fran\u00e7ois Pelletant"},"image":{"@id":"https:\/\/francois-pelletant.fr\/blog\/#\/schema\/logo\/image\/"},"sameAs":["https:\/\/www.facebook.com\/francois.pelletant.7","https:\/\/x.com\/pelletant"]},{"@type":"Person","@id":"https:\/\/francois-pelletant.fr\/blog\/#\/schema\/person\/2be41acb171dff8f31aaed1f40cee9f3","name":"Francois"}]}},"_links":{"self":[{"href":"https:\/\/francois-pelletant.fr\/blog\/wp-json\/wp\/v2\/posts\/11893","targetHints":{"allow":["GET"]}}],"collection":[{"href":"https:\/\/francois-pelletant.fr\/blog\/wp-json\/wp\/v2\/posts"}],"about":[{"href":"https:\/\/francois-pelletant.fr\/blog\/wp-json\/wp\/v2\/types\/post"}],"author":[{"embeddable":true,"href":"https:\/\/francois-pelletant.fr\/blog\/wp-json\/wp\/v2\/users\/1"}],"replies":[{"embeddable":true,"href":"https:\/\/francois-pelletant.fr\/blog\/wp-json\/wp\/v2\/comments?post=11893"}],"version-history":[{"count":0,"href":"https:\/\/francois-pelletant.fr\/blog\/wp-json\/wp\/v2\/posts\/11893\/revisions"}],"wp:featuredmedia":[{"embeddable":true,"href":"https:\/\/francois-pelletant.fr\/blog\/wp-json\/wp\/v2\/media\/11894"}],"wp:attachment":[{"href":"https:\/\/francois-pelletant.fr\/blog\/wp-json\/wp\/v2\/media?parent=11893"}],"wp:term":[{"taxonomy":"category","embeddable":true,"href":"https:\/\/francois-pelletant.fr\/blog\/wp-json\/wp\/v2\/categories?post=11893"},{"taxonomy":"post_tag","embeddable":true,"href":"https:\/\/francois-pelletant.fr\/blog\/wp-json\/wp\/v2\/tags?post=11893"}],"curies":[{"name":"wp","href":"https:\/\/api.w.org\/{rel}","templated":true}]}}