{"id":11914,"date":"2019-01-20T11:05:40","date_gmt":"2019-01-20T11:05:40","guid":{"rendered":"https:\/\/francois-pelletant.fr\/blog\/?p=11914"},"modified":"2019-01-18T13:09:58","modified_gmt":"2019-01-18T13:09:58","slug":"meilleurs-dessins-de-presse-de-semaine-4","status":"publish","type":"post","link":"https:\/\/francois-pelletant.fr\/blog\/meilleurs-dessins-de-presse-de-semaine-4\/","title":{"rendered":"Les meilleurs dessins de presse de la semaine"},"content":{"rendered":"<figure id=\"attachment_11915\" aria-describedby=\"caption-attachment-11915\" style=\"width: 300px\" class=\"wp-caption alignleft\"><a href=\"https:\/\/francois-pelletant.fr\/blog\/wp-content\/uploads\/2019\/01\/Na-16-janvier.jpg\" rel=\"attachment wp-att-11915\"><img loading=\"lazy\" decoding=\"async\" class=\"size-medium wp-image-11915\" src=\"https:\/\/francois-pelletant.fr\/blog\/wp-content\/uploads\/2019\/01\/Na-16-janvier-300x225.jpg\" alt=\"Na 16 janvier\" width=\"300\" height=\"225\" srcset=\"https:\/\/francois-pelletant.fr\/blog\/wp-content\/uploads\/2019\/01\/Na-16-janvier-300x225.jpg 300w, https:\/\/francois-pelletant.fr\/blog\/wp-content\/uploads\/2019\/01\/Na-16-janvier.jpg 600w\" sizes=\"auto, (max-width: 300px) 100vw, 300px\" \/><\/a><figcaption id=\"caption-attachment-11915\" class=\"wp-caption-text\">Na 16 janvier<\/figcaption><\/figure>\n<p>Les dessinateurs de presse sont\u00a0souvent tr\u00e8s inspir\u00e9s pour\u00a0commenter l&#8217;actualit\u00e9 avec leur humour grin\u00e7ant. Voici\u00a0ma petite s\u00e9lection de la semaine.<\/p>\n<p>&nbsp;<\/p>\n<figure id=\"attachment_11916\" aria-describedby=\"caption-attachment-11916\" style=\"width: 300px\" class=\"wp-caption aligncenter\"><a href=\"https:\/\/francois-pelletant.fr\/blog\/wp-content\/uploads\/2019\/01\/Delucq-17-janvier.jpg\" rel=\"attachment wp-att-11916\"><img loading=\"lazy\" decoding=\"async\" class=\"size-medium wp-image-11916\" src=\"https:\/\/francois-pelletant.fr\/blog\/wp-content\/uploads\/2019\/01\/Delucq-17-janvier-300x296.jpg\" alt=\"Delucq 17 janvier\" width=\"300\" height=\"296\" srcset=\"https:\/\/francois-pelletant.fr\/blog\/wp-content\/uploads\/2019\/01\/Delucq-17-janvier-300x296.jpg 300w, https:\/\/francois-pelletant.fr\/blog\/wp-content\/uploads\/2019\/01\/Delucq-17-janvier.jpg 400w\" sizes=\"auto, (max-width: 300px) 100vw, 300px\" \/><\/a><figcaption id=\"caption-attachment-11916\" class=\"wp-caption-text\">Delucq 17 janvier<\/figcaption><\/figure>\n<p>&nbsp;<\/p>\n<figure id=\"attachment_11917\" aria-describedby=\"caption-attachment-11917\" style=\"width: 300px\" class=\"wp-caption aligncenter\"><a href=\"https:\/\/francois-pelletant.fr\/blog\/wp-content\/uploads\/2019\/01\/Fred-Sochard-17-janvier.jpg\" rel=\"attachment wp-att-11917\"><img loading=\"lazy\" decoding=\"async\" class=\"size-medium wp-image-11917\" src=\"https:\/\/francois-pelletant.fr\/blog\/wp-content\/uploads\/2019\/01\/Fred-Sochard-17-janvier-300x270.jpg\" alt=\"Fred Sochard 17 janvier\" width=\"300\" height=\"270\" srcset=\"https:\/\/francois-pelletant.fr\/blog\/wp-content\/uploads\/2019\/01\/Fred-Sochard-17-janvier-300x270.jpg 300w, https:\/\/francois-pelletant.fr\/blog\/wp-content\/uploads\/2019\/01\/Fred-Sochard-17-janvier-600x540.jpg 600w, https:\/\/francois-pelletant.fr\/blog\/wp-content\/uploads\/2019\/01\/Fred-Sochard-17-janvier.jpg 720w\" sizes=\"auto, (max-width: 300px) 100vw, 300px\" \/><\/a><figcaption id=\"caption-attachment-11917\" class=\"wp-caption-text\">Fred Sochard 17 janvier<\/figcaption><\/figure>\n<p>&nbsp;<\/p>\n<figure id=\"attachment_11918\" aria-describedby=\"caption-attachment-11918\" style=\"width: 171px\" class=\"wp-caption aligncenter\"><a href=\"https:\/\/francois-pelletant.fr\/blog\/wp-content\/uploads\/2019\/01\/Goubelle-17-janvier.jpg\" rel=\"attachment wp-att-11918\"><img loading=\"lazy\" decoding=\"async\" class=\"size-medium wp-image-11918\" src=\"https:\/\/francois-pelletant.fr\/blog\/wp-content\/uploads\/2019\/01\/Goubelle-17-janvier-171x300.jpg\" alt=\"Goubelle 17 janvier\" width=\"171\" height=\"300\" srcset=\"https:\/\/francois-pelletant.fr\/blog\/wp-content\/uploads\/2019\/01\/Goubelle-17-janvier-171x300.jpg 171w, https:\/\/francois-pelletant.fr\/blog\/wp-content\/uploads\/2019\/01\/Goubelle-17-janvier.jpg 410w\" sizes=\"auto, (max-width: 171px) 100vw, 171px\" \/><\/a><figcaption id=\"caption-attachment-11918\" class=\"wp-caption-text\">Goubelle 17 janvier<\/figcaption><\/figure>\n<p>&nbsp;<\/p>\n<figure id=\"attachment_11919\" aria-describedby=\"caption-attachment-11919\" style=\"width: 213px\" class=\"wp-caption aligncenter\"><a href=\"https:\/\/francois-pelletant.fr\/blog\/wp-content\/uploads\/2019\/01\/Gros-16-janvier.jpg\" rel=\"attachment wp-att-11919\"><img loading=\"lazy\" decoding=\"async\" class=\"size-medium wp-image-11919\" src=\"https:\/\/francois-pelletant.fr\/blog\/wp-content\/uploads\/2019\/01\/Gros-16-janvier-213x300.jpg\" alt=\"Gros 16 janvier\" width=\"213\" height=\"300\" srcset=\"https:\/\/francois-pelletant.fr\/blog\/wp-content\/uploads\/2019\/01\/Gros-16-janvier-213x300.jpg 213w, https:\/\/francois-pelletant.fr\/blog\/wp-content\/uploads\/2019\/01\/Gros-16-janvier.jpg 510w\" sizes=\"auto, (max-width: 213px) 100vw, 213px\" \/><\/a><figcaption id=\"caption-attachment-11919\" class=\"wp-caption-text\">Gros 16 janvier<\/figcaption><\/figure>\n<p>&nbsp;<\/p>\n<figure id=\"attachment_11920\" aria-describedby=\"caption-attachment-11920\" style=\"width: 300px\" class=\"wp-caption aligncenter\"><a href=\"https:\/\/francois-pelletant.fr\/blog\/wp-content\/uploads\/2019\/01\/Ix\u00e8ne-16-janvier.jpg\" rel=\"attachment wp-att-11920\"><img loading=\"lazy\" decoding=\"async\" class=\"size-medium wp-image-11920\" src=\"https:\/\/francois-pelletant.fr\/blog\/wp-content\/uploads\/2019\/01\/Ix\u00e8ne-16-janvier-300x278.jpg\" alt=\"Ix\u00e8ne 16 janvier\" width=\"300\" height=\"278\" srcset=\"https:\/\/francois-pelletant.fr\/blog\/wp-content\/uploads\/2019\/01\/Ix\u00e8ne-16-janvier-300x278.jpg 300w, https:\/\/francois-pelletant.fr\/blog\/wp-content\/uploads\/2019\/01\/Ix\u00e8ne-16-janvier-600x556.jpg 600w, https:\/\/francois-pelletant.fr\/blog\/wp-content\/uploads\/2019\/01\/Ix\u00e8ne-16-janvier.jpg 720w\" sizes=\"auto, (max-width: 300px) 100vw, 300px\" \/><\/a><figcaption id=\"caption-attachment-11920\" class=\"wp-caption-text\">Ix\u00e8ne 16 janvier<\/figcaption><\/figure>\n<p>&nbsp;<\/p>\n<figure id=\"attachment_11921\" aria-describedby=\"caption-attachment-11921\" style=\"width: 300px\" class=\"wp-caption aligncenter\"><a href=\"https:\/\/francois-pelletant.fr\/blog\/wp-content\/uploads\/2019\/01\/Le-Parisien-17-janvier.jpg\" rel=\"attachment wp-att-11921\"><img loading=\"lazy\" decoding=\"async\" class=\"size-medium wp-image-11921\" src=\"https:\/\/francois-pelletant.fr\/blog\/wp-content\/uploads\/2019\/01\/Le-Parisien-17-janvier-300x236.jpg\" alt=\"Le Parisien 17 janvier\" width=\"300\" height=\"236\" srcset=\"https:\/\/francois-pelletant.fr\/blog\/wp-content\/uploads\/2019\/01\/Le-Parisien-17-janvier-300x236.jpg 300w, https:\/\/francois-pelletant.fr\/blog\/wp-content\/uploads\/2019\/01\/Le-Parisien-17-janvier.jpg 544w\" sizes=\"auto, (max-width: 300px) 100vw, 300px\" \/><\/a><figcaption id=\"caption-attachment-11921\" class=\"wp-caption-text\">Le Parisien 17 janvier<\/figcaption><\/figure>\n<p>&nbsp;<\/p>\n<figure id=\"attachment_11922\" aria-describedby=\"caption-attachment-11922\" style=\"width: 300px\" class=\"wp-caption aligncenter\"><a href=\"https:\/\/francois-pelletant.fr\/blog\/wp-content\/uploads\/2019\/01\/Mykolas-16-janvier.jpg\" rel=\"attachment wp-att-11922\"><img loading=\"lazy\" decoding=\"async\" class=\"size-medium wp-image-11922\" src=\"https:\/\/francois-pelletant.fr\/blog\/wp-content\/uploads\/2019\/01\/Mykolas-16-janvier-300x204.jpg\" alt=\"Mykolas 16 janvier\" width=\"300\" height=\"204\" srcset=\"https:\/\/francois-pelletant.fr\/blog\/wp-content\/uploads\/2019\/01\/Mykolas-16-janvier-300x204.jpg 300w, https:\/\/francois-pelletant.fr\/blog\/wp-content\/uploads\/2019\/01\/Mykolas-16-janvier-768x522.jpg 768w, https:\/\/francois-pelletant.fr\/blog\/wp-content\/uploads\/2019\/01\/Mykolas-16-janvier-600x408.jpg 600w, https:\/\/francois-pelletant.fr\/blog\/wp-content\/uploads\/2019\/01\/Mykolas-16-janvier.jpg 960w\" sizes=\"auto, (max-width: 300px) 100vw, 300px\" \/><\/a><figcaption id=\"caption-attachment-11922\" class=\"wp-caption-text\">Mykolas 16 janvier<\/figcaption><\/figure>\n<p>&nbsp;<\/p>\n<figure id=\"attachment_11923\" aria-describedby=\"caption-attachment-11923\" style=\"width: 300px\" class=\"wp-caption aligncenter\"><a href=\"https:\/\/francois-pelletant.fr\/blog\/wp-content\/uploads\/2019\/01\/Phil-17-janvier.jpg\" rel=\"attachment wp-att-11923\"><img loading=\"lazy\" decoding=\"async\" class=\"size-medium wp-image-11923\" src=\"https:\/\/francois-pelletant.fr\/blog\/wp-content\/uploads\/2019\/01\/Phil-17-janvier-300x300.jpg\" alt=\"Phil 17 janvier\" width=\"300\" height=\"300\" srcset=\"https:\/\/francois-pelletant.fr\/blog\/wp-content\/uploads\/2019\/01\/Phil-17-janvier-300x300.jpg 300w, https:\/\/francois-pelletant.fr\/blog\/wp-content\/uploads\/2019\/01\/Phil-17-janvier-150x150.jpg 150w, https:\/\/francois-pelletant.fr\/blog\/wp-content\/uploads\/2019\/01\/Phil-17-janvier-600x600.jpg 600w, https:\/\/francois-pelletant.fr\/blog\/wp-content\/uploads\/2019\/01\/Phil-17-janvier-230x230.jpg 230w, https:\/\/francois-pelletant.fr\/blog\/wp-content\/uploads\/2019\/01\/Phil-17-janvier-400x400.jpg 400w, https:\/\/francois-pelletant.fr\/blog\/wp-content\/uploads\/2019\/01\/Phil-17-janvier-640x640.jpg 640w, https:\/\/francois-pelletant.fr\/blog\/wp-content\/uploads\/2019\/01\/Phil-17-janvier.jpg 720w\" sizes=\"auto, (max-width: 300px) 100vw, 300px\" \/><\/a><figcaption id=\"caption-attachment-11923\" class=\"wp-caption-text\">Phil 17 janvier<\/figcaption><\/figure>\n<p>&nbsp;<\/p>\n<figure id=\"attachment_11924\" aria-describedby=\"caption-attachment-11924\" style=\"width: 300px\" class=\"wp-caption aligncenter\"><a href=\"https:\/\/francois-pelletant.fr\/blog\/wp-content\/uploads\/2019\/01\/Tartrais-16-janvier.jpg\" rel=\"attachment wp-att-11924\"><img loading=\"lazy\" decoding=\"async\" class=\"size-medium wp-image-11924\" src=\"https:\/\/francois-pelletant.fr\/blog\/wp-content\/uploads\/2019\/01\/Tartrais-16-janvier-300x268.jpg\" alt=\"Tartrais 16 janvier\" width=\"300\" height=\"268\" srcset=\"https:\/\/francois-pelletant.fr\/blog\/wp-content\/uploads\/2019\/01\/Tartrais-16-janvier-300x268.jpg 300w, https:\/\/francois-pelletant.fr\/blog\/wp-content\/uploads\/2019\/01\/Tartrais-16-janvier.jpg 600w\" sizes=\"auto, (max-width: 300px) 100vw, 300px\" \/><\/a><figcaption id=\"caption-attachment-11924\" class=\"wp-caption-text\">Tartrais 16 janvier<\/figcaption><\/figure>\n","protected":false},"excerpt":{"rendered":"<p>Les dessinateurs de presse sont\u00a0souvent tr\u00e8s inspir\u00e9s pour\u00a0commenter l&#8217;actualit\u00e9 avec leur humour grin\u00e7ant. Voici\u00a0ma petite s\u00e9lection de la semaine. &nbsp; &nbsp; &nbsp; &nbsp; &nbsp; &nbsp; &nbsp; &nbsp; &nbsp;<\/p>\n","protected":false},"author":1,"featured_media":11915,"comment_status":"open","ping_status":"closed","sticky":false,"template":"","format":"standard","meta":{"footnotes":""},"categories":[17],"tags":[],"class_list":["post-11914","post","type-post","status-publish","format-standard","has-post-thumbnail","hentry","category-prix-du-meilleur-dessin-de-presse"],"yoast_head":"<!-- This site is optimized with the Yoast SEO plugin v25.6 - https:\/\/yoast.com\/wordpress\/plugins\/seo\/ -->\n<title>Les meilleurs dessins de presse de la semaine - Fran\u00e7ois Pelletant<\/title>\n<meta name=\"robots\" content=\"index, follow, max-snippet:-1, max-image-preview:large, max-video-preview:-1\" \/>\n<link rel=\"canonical\" href=\"https:\/\/francois-pelletant.fr\/blog\/meilleurs-dessins-de-presse-de-semaine-4\/\" \/>\n<meta property=\"og:locale\" content=\"fr_FR\" \/>\n<meta property=\"og:type\" content=\"article\" \/>\n<meta property=\"og:title\" content=\"Les meilleurs dessins de presse de la semaine - Fran\u00e7ois Pelletant\" \/>\n<meta property=\"og:description\" content=\"Les dessinateurs de presse sont\u00a0souvent tr\u00e8s inspir\u00e9s pour\u00a0commenter l&#8217;actualit\u00e9 avec leur humour grin\u00e7ant. Voici\u00a0ma petite s\u00e9lection de la semaine. &nbsp; &nbsp; &nbsp; &nbsp; &nbsp; &nbsp; &nbsp; &nbsp; &nbsp;\" \/>\n<meta property=\"og:url\" content=\"https:\/\/francois-pelletant.fr\/blog\/meilleurs-dessins-de-presse-de-semaine-4\/\" \/>\n<meta property=\"og:site_name\" content=\"Fran\u00e7ois Pelletant\" \/>\n<meta property=\"article:publisher\" content=\"https:\/\/www.facebook.com\/francois.pelletant.7\" \/>\n<meta property=\"article:published_time\" content=\"2019-01-20T11:05:40+00:00\" \/>\n<meta property=\"og:image\" content=\"https:\/\/francois-pelletant.fr\/blog\/wp-content\/uploads\/2019\/01\/Na-16-janvier.jpg\" \/>\n\t<meta property=\"og:image:width\" content=\"600\" \/>\n\t<meta property=\"og:image:height\" content=\"450\" \/>\n\t<meta property=\"og:image:type\" content=\"image\/jpeg\" \/>\n<meta name=\"author\" content=\"Francois\" \/>\n<meta name=\"twitter:card\" content=\"summary_large_image\" \/>\n<meta name=\"twitter:creator\" content=\"@pelletant\" \/>\n<meta name=\"twitter:site\" content=\"@pelletant\" \/>\n<meta name=\"twitter:label1\" content=\"\u00c9crit par\" \/>\n\t<meta name=\"twitter:data1\" content=\"Francois\" \/>\n\t<meta name=\"twitter:label2\" content=\"Dur\u00e9e de lecture estim\u00e9e\" \/>\n\t<meta name=\"twitter:data2\" content=\"1 minute\" \/>\n<script type=\"application\/ld+json\" class=\"yoast-schema-graph\">{\"@context\":\"https:\/\/schema.org\",\"@graph\":[{\"@type\":\"Article\",\"@id\":\"https:\/\/francois-pelletant.fr\/blog\/meilleurs-dessins-de-presse-de-semaine-4\/#article\",\"isPartOf\":{\"@id\":\"https:\/\/francois-pelletant.fr\/blog\/meilleurs-dessins-de-presse-de-semaine-4\/\"},\"author\":{\"name\":\"Francois\",\"@id\":\"https:\/\/francois-pelletant.fr\/blog\/#\/schema\/person\/2be41acb171dff8f31aaed1f40cee9f3\"},\"headline\":\"Les meilleurs dessins de presse de la semaine\",\"datePublished\":\"2019-01-20T11:05:40+00:00\",\"mainEntityOfPage\":{\"@id\":\"https:\/\/francois-pelletant.fr\/blog\/meilleurs-dessins-de-presse-de-semaine-4\/\"},\"wordCount\":137,\"commentCount\":0,\"publisher\":{\"@id\":\"https:\/\/francois-pelletant.fr\/blog\/#organization\"},\"image\":{\"@id\":\"https:\/\/francois-pelletant.fr\/blog\/meilleurs-dessins-de-presse-de-semaine-4\/#primaryimage\"},\"thumbnailUrl\":\"https:\/\/francois-pelletant.fr\/blog\/wp-content\/uploads\/2019\/01\/Na-16-janvier.jpg\",\"articleSection\":[\"Prix du meilleur dessin de presse\"],\"inLanguage\":\"fr-FR\",\"potentialAction\":[{\"@type\":\"CommentAction\",\"name\":\"Comment\",\"target\":[\"https:\/\/francois-pelletant.fr\/blog\/meilleurs-dessins-de-presse-de-semaine-4\/#respond\"]}]},{\"@type\":\"WebPage\",\"@id\":\"https:\/\/francois-pelletant.fr\/blog\/meilleurs-dessins-de-presse-de-semaine-4\/\",\"url\":\"https:\/\/francois-pelletant.fr\/blog\/meilleurs-dessins-de-presse-de-semaine-4\/\",\"name\":\"Les meilleurs dessins de presse de la semaine - Fran\u00e7ois Pelletant\",\"isPartOf\":{\"@id\":\"https:\/\/francois-pelletant.fr\/blog\/#website\"},\"primaryImageOfPage\":{\"@id\":\"https:\/\/francois-pelletant.fr\/blog\/meilleurs-dessins-de-presse-de-semaine-4\/#primaryimage\"},\"image\":{\"@id\":\"https:\/\/francois-pelletant.fr\/blog\/meilleurs-dessins-de-presse-de-semaine-4\/#primaryimage\"},\"thumbnailUrl\":\"https:\/\/francois-pelletant.fr\/blog\/wp-content\/uploads\/2019\/01\/Na-16-janvier.jpg\",\"datePublished\":\"2019-01-20T11:05:40+00:00\",\"breadcrumb\":{\"@id\":\"https:\/\/francois-pelletant.fr\/blog\/meilleurs-dessins-de-presse-de-semaine-4\/#breadcrumb\"},\"inLanguage\":\"fr-FR\",\"potentialAction\":[{\"@type\":\"ReadAction\",\"target\":[\"https:\/\/francois-pelletant.fr\/blog\/meilleurs-dessins-de-presse-de-semaine-4\/\"]}]},{\"@type\":\"ImageObject\",\"inLanguage\":\"fr-FR\",\"@id\":\"https:\/\/francois-pelletant.fr\/blog\/meilleurs-dessins-de-presse-de-semaine-4\/#primaryimage\",\"url\":\"https:\/\/francois-pelletant.fr\/blog\/wp-content\/uploads\/2019\/01\/Na-16-janvier.jpg\",\"contentUrl\":\"https:\/\/francois-pelletant.fr\/blog\/wp-content\/uploads\/2019\/01\/Na-16-janvier.jpg\",\"width\":600,\"height\":450,\"caption\":\"Na 16 janvier\"},{\"@type\":\"BreadcrumbList\",\"@id\":\"https:\/\/francois-pelletant.fr\/blog\/meilleurs-dessins-de-presse-de-semaine-4\/#breadcrumb\",\"itemListElement\":[{\"@type\":\"ListItem\",\"position\":1,\"name\":\"Accueil\",\"item\":\"https:\/\/francois-pelletant.fr\/blog\/\"},{\"@type\":\"ListItem\",\"position\":2,\"name\":\"Les meilleurs dessins de presse de la semaine\"}]},{\"@type\":\"WebSite\",\"@id\":\"https:\/\/francois-pelletant.fr\/blog\/#website\",\"url\":\"https:\/\/francois-pelletant.fr\/blog\/\",\"name\":\"Fran\u00e7ois Pelletant\",\"description\":\"Maire de Linas, pour toujours.\",\"publisher\":{\"@id\":\"https:\/\/francois-pelletant.fr\/blog\/#organization\"},\"potentialAction\":[{\"@type\":\"SearchAction\",\"target\":{\"@type\":\"EntryPoint\",\"urlTemplate\":\"https:\/\/francois-pelletant.fr\/blog\/?s={search_term_string}\"},\"query-input\":{\"@type\":\"PropertyValueSpecification\",\"valueRequired\":true,\"valueName\":\"search_term_string\"}}],\"inLanguage\":\"fr-FR\"},{\"@type\":\"Organization\",\"@id\":\"https:\/\/francois-pelletant.fr\/blog\/#organization\",\"name\":\"Fran\u00e7ois Pelletant\",\"url\":\"https:\/\/francois-pelletant.fr\/blog\/\",\"logo\":{\"@type\":\"ImageObject\",\"inLanguage\":\"fr-FR\",\"@id\":\"https:\/\/francois-pelletant.fr\/blog\/#\/schema\/logo\/image\/\",\"url\":\"https:\/\/francois-pelletant.fr\/blog\/wp-content\/uploads\/2024\/07\/icone-francois-centre-500p.png\",\"contentUrl\":\"https:\/\/francois-pelletant.fr\/blog\/wp-content\/uploads\/2024\/07\/icone-francois-centre-500p.png\",\"width\":559,\"height\":447,\"caption\":\"Fran\u00e7ois Pelletant\"},\"image\":{\"@id\":\"https:\/\/francois-pelletant.fr\/blog\/#\/schema\/logo\/image\/\"},\"sameAs\":[\"https:\/\/www.facebook.com\/francois.pelletant.7\",\"https:\/\/x.com\/pelletant\"]},{\"@type\":\"Person\",\"@id\":\"https:\/\/francois-pelletant.fr\/blog\/#\/schema\/person\/2be41acb171dff8f31aaed1f40cee9f3\",\"name\":\"Francois\"}]}<\/script>\n<!-- \/ Yoast SEO plugin. -->","yoast_head_json":{"title":"Les meilleurs dessins de presse de la semaine - Fran\u00e7ois Pelletant","robots":{"index":"index","follow":"follow","max-snippet":"max-snippet:-1","max-image-preview":"max-image-preview:large","max-video-preview":"max-video-preview:-1"},"canonical":"https:\/\/francois-pelletant.fr\/blog\/meilleurs-dessins-de-presse-de-semaine-4\/","og_locale":"fr_FR","og_type":"article","og_title":"Les meilleurs dessins de presse de la semaine - Fran\u00e7ois Pelletant","og_description":"Les dessinateurs de presse sont\u00a0souvent tr\u00e8s inspir\u00e9s pour\u00a0commenter l&#8217;actualit\u00e9 avec leur humour grin\u00e7ant. Voici\u00a0ma petite s\u00e9lection de la semaine. &nbsp; &nbsp; &nbsp; &nbsp; &nbsp; &nbsp; &nbsp; &nbsp; &nbsp;","og_url":"https:\/\/francois-pelletant.fr\/blog\/meilleurs-dessins-de-presse-de-semaine-4\/","og_site_name":"Fran\u00e7ois Pelletant","article_publisher":"https:\/\/www.facebook.com\/francois.pelletant.7","article_published_time":"2019-01-20T11:05:40+00:00","og_image":[{"width":600,"height":450,"url":"https:\/\/francois-pelletant.fr\/blog\/wp-content\/uploads\/2019\/01\/Na-16-janvier.jpg","type":"image\/jpeg"}],"author":"Francois","twitter_card":"summary_large_image","twitter_creator":"@pelletant","twitter_site":"@pelletant","twitter_misc":{"\u00c9crit par":"Francois","Dur\u00e9e de lecture estim\u00e9e":"1 minute"},"schema":{"@context":"https:\/\/schema.org","@graph":[{"@type":"Article","@id":"https:\/\/francois-pelletant.fr\/blog\/meilleurs-dessins-de-presse-de-semaine-4\/#article","isPartOf":{"@id":"https:\/\/francois-pelletant.fr\/blog\/meilleurs-dessins-de-presse-de-semaine-4\/"},"author":{"name":"Francois","@id":"https:\/\/francois-pelletant.fr\/blog\/#\/schema\/person\/2be41acb171dff8f31aaed1f40cee9f3"},"headline":"Les meilleurs dessins de presse de la semaine","datePublished":"2019-01-20T11:05:40+00:00","mainEntityOfPage":{"@id":"https:\/\/francois-pelletant.fr\/blog\/meilleurs-dessins-de-presse-de-semaine-4\/"},"wordCount":137,"commentCount":0,"publisher":{"@id":"https:\/\/francois-pelletant.fr\/blog\/#organization"},"image":{"@id":"https:\/\/francois-pelletant.fr\/blog\/meilleurs-dessins-de-presse-de-semaine-4\/#primaryimage"},"thumbnailUrl":"https:\/\/francois-pelletant.fr\/blog\/wp-content\/uploads\/2019\/01\/Na-16-janvier.jpg","articleSection":["Prix du meilleur dessin de presse"],"inLanguage":"fr-FR","potentialAction":[{"@type":"CommentAction","name":"Comment","target":["https:\/\/francois-pelletant.fr\/blog\/meilleurs-dessins-de-presse-de-semaine-4\/#respond"]}]},{"@type":"WebPage","@id":"https:\/\/francois-pelletant.fr\/blog\/meilleurs-dessins-de-presse-de-semaine-4\/","url":"https:\/\/francois-pelletant.fr\/blog\/meilleurs-dessins-de-presse-de-semaine-4\/","name":"Les meilleurs dessins de presse de la semaine - Fran\u00e7ois Pelletant","isPartOf":{"@id":"https:\/\/francois-pelletant.fr\/blog\/#website"},"primaryImageOfPage":{"@id":"https:\/\/francois-pelletant.fr\/blog\/meilleurs-dessins-de-presse-de-semaine-4\/#primaryimage"},"image":{"@id":"https:\/\/francois-pelletant.fr\/blog\/meilleurs-dessins-de-presse-de-semaine-4\/#primaryimage"},"thumbnailUrl":"https:\/\/francois-pelletant.fr\/blog\/wp-content\/uploads\/2019\/01\/Na-16-janvier.jpg","datePublished":"2019-01-20T11:05:40+00:00","breadcrumb":{"@id":"https:\/\/francois-pelletant.fr\/blog\/meilleurs-dessins-de-presse-de-semaine-4\/#breadcrumb"},"inLanguage":"fr-FR","potentialAction":[{"@type":"ReadAction","target":["https:\/\/francois-pelletant.fr\/blog\/meilleurs-dessins-de-presse-de-semaine-4\/"]}]},{"@type":"ImageObject","inLanguage":"fr-FR","@id":"https:\/\/francois-pelletant.fr\/blog\/meilleurs-dessins-de-presse-de-semaine-4\/#primaryimage","url":"https:\/\/francois-pelletant.fr\/blog\/wp-content\/uploads\/2019\/01\/Na-16-janvier.jpg","contentUrl":"https:\/\/francois-pelletant.fr\/blog\/wp-content\/uploads\/2019\/01\/Na-16-janvier.jpg","width":600,"height":450,"caption":"Na 16 janvier"},{"@type":"BreadcrumbList","@id":"https:\/\/francois-pelletant.fr\/blog\/meilleurs-dessins-de-presse-de-semaine-4\/#breadcrumb","itemListElement":[{"@type":"ListItem","position":1,"name":"Accueil","item":"https:\/\/francois-pelletant.fr\/blog\/"},{"@type":"ListItem","position":2,"name":"Les meilleurs dessins de presse de la semaine"}]},{"@type":"WebSite","@id":"https:\/\/francois-pelletant.fr\/blog\/#website","url":"https:\/\/francois-pelletant.fr\/blog\/","name":"Fran\u00e7ois Pelletant","description":"Maire de Linas, pour toujours.","publisher":{"@id":"https:\/\/francois-pelletant.fr\/blog\/#organization"},"potentialAction":[{"@type":"SearchAction","target":{"@type":"EntryPoint","urlTemplate":"https:\/\/francois-pelletant.fr\/blog\/?s={search_term_string}"},"query-input":{"@type":"PropertyValueSpecification","valueRequired":true,"valueName":"search_term_string"}}],"inLanguage":"fr-FR"},{"@type":"Organization","@id":"https:\/\/francois-pelletant.fr\/blog\/#organization","name":"Fran\u00e7ois Pelletant","url":"https:\/\/francois-pelletant.fr\/blog\/","logo":{"@type":"ImageObject","inLanguage":"fr-FR","@id":"https:\/\/francois-pelletant.fr\/blog\/#\/schema\/logo\/image\/","url":"https:\/\/francois-pelletant.fr\/blog\/wp-content\/uploads\/2024\/07\/icone-francois-centre-500p.png","contentUrl":"https:\/\/francois-pelletant.fr\/blog\/wp-content\/uploads\/2024\/07\/icone-francois-centre-500p.png","width":559,"height":447,"caption":"Fran\u00e7ois Pelletant"},"image":{"@id":"https:\/\/francois-pelletant.fr\/blog\/#\/schema\/logo\/image\/"},"sameAs":["https:\/\/www.facebook.com\/francois.pelletant.7","https:\/\/x.com\/pelletant"]},{"@type":"Person","@id":"https:\/\/francois-pelletant.fr\/blog\/#\/schema\/person\/2be41acb171dff8f31aaed1f40cee9f3","name":"Francois"}]}},"_links":{"self":[{"href":"https:\/\/francois-pelletant.fr\/blog\/wp-json\/wp\/v2\/posts\/11914","targetHints":{"allow":["GET"]}}],"collection":[{"href":"https:\/\/francois-pelletant.fr\/blog\/wp-json\/wp\/v2\/posts"}],"about":[{"href":"https:\/\/francois-pelletant.fr\/blog\/wp-json\/wp\/v2\/types\/post"}],"author":[{"embeddable":true,"href":"https:\/\/francois-pelletant.fr\/blog\/wp-json\/wp\/v2\/users\/1"}],"replies":[{"embeddable":true,"href":"https:\/\/francois-pelletant.fr\/blog\/wp-json\/wp\/v2\/comments?post=11914"}],"version-history":[{"count":0,"href":"https:\/\/francois-pelletant.fr\/blog\/wp-json\/wp\/v2\/posts\/11914\/revisions"}],"wp:featuredmedia":[{"embeddable":true,"href":"https:\/\/francois-pelletant.fr\/blog\/wp-json\/wp\/v2\/media\/11915"}],"wp:attachment":[{"href":"https:\/\/francois-pelletant.fr\/blog\/wp-json\/wp\/v2\/media?parent=11914"}],"wp:term":[{"taxonomy":"category","embeddable":true,"href":"https:\/\/francois-pelletant.fr\/blog\/wp-json\/wp\/v2\/categories?post=11914"},{"taxonomy":"post_tag","embeddable":true,"href":"https:\/\/francois-pelletant.fr\/blog\/wp-json\/wp\/v2\/tags?post=11914"}],"curies":[{"name":"wp","href":"https:\/\/api.w.org\/{rel}","templated":true}]}}