{"id":11931,"date":"2019-01-27T10:31:17","date_gmt":"2019-01-27T10:31:17","guid":{"rendered":"https:\/\/francois-pelletant.fr\/blog\/?p=11931"},"modified":"2019-01-25T10:38:43","modified_gmt":"2019-01-25T10:38:43","slug":"dessins-de-presse-de-semaine-14","status":"publish","type":"post","link":"https:\/\/francois-pelletant.fr\/blog\/dessins-de-presse-de-semaine-14\/","title":{"rendered":"les dessins de presse de la semaine"},"content":{"rendered":"<figure id=\"attachment_11932\" aria-describedby=\"caption-attachment-11932\" style=\"width: 300px\" class=\"wp-caption alignleft\"><a href=\"https:\/\/francois-pelletant.fr\/blog\/wp-content\/uploads\/2019\/01\/Urtikan-18-janvier.jpg\" rel=\"attachment wp-att-11932\"><img loading=\"lazy\" decoding=\"async\" class=\"size-medium wp-image-11932\" src=\"https:\/\/francois-pelletant.fr\/blog\/wp-content\/uploads\/2019\/01\/Urtikan-18-janvier-300x300.jpg\" alt=\"Urtikan 18 janvier\" width=\"300\" height=\"300\" srcset=\"https:\/\/francois-pelletant.fr\/blog\/wp-content\/uploads\/2019\/01\/Urtikan-18-janvier-300x300.jpg 300w, https:\/\/francois-pelletant.fr\/blog\/wp-content\/uploads\/2019\/01\/Urtikan-18-janvier-150x150.jpg 150w, https:\/\/francois-pelletant.fr\/blog\/wp-content\/uploads\/2019\/01\/Urtikan-18-janvier-230x230.jpg 230w, https:\/\/francois-pelletant.fr\/blog\/wp-content\/uploads\/2019\/01\/Urtikan-18-janvier-400x400.jpg 400w, https:\/\/francois-pelletant.fr\/blog\/wp-content\/uploads\/2019\/01\/Urtikan-18-janvier.jpg 580w\" sizes=\"auto, (max-width: 300px) 100vw, 300px\" \/><\/a><figcaption id=\"caption-attachment-11932\" class=\"wp-caption-text\">Urtikan 18 janvier<\/figcaption><\/figure>\n<p>En 10 dessins, je vous propose chaque dimanche de faire un panorama de l&#8217;actualit\u00e9 nationale et internationale. Au programme cette semaine : les gilets jaunes encore et toujours bien sur, mais aussi la neige, le grand d\u00e9bat, le proc\u00e8s de la viande de cheval dans les lasagnes, etc&#8230;<\/p>\n<p>&nbsp;<\/p>\n<figure id=\"attachment_11933\" aria-describedby=\"caption-attachment-11933\" style=\"width: 300px\" class=\"wp-caption aligncenter\"><a href=\"https:\/\/francois-pelletant.fr\/blog\/wp-content\/uploads\/2019\/01\/Delucq-23-janvier.jpg\" rel=\"attachment wp-att-11933\"><img loading=\"lazy\" decoding=\"async\" class=\"size-medium wp-image-11933\" src=\"https:\/\/francois-pelletant.fr\/blog\/wp-content\/uploads\/2019\/01\/Delucq-23-janvier-300x264.jpg\" alt=\"Delucq 23 janvier\" width=\"300\" height=\"264\" srcset=\"https:\/\/francois-pelletant.fr\/blog\/wp-content\/uploads\/2019\/01\/Delucq-23-janvier-300x264.jpg 300w, https:\/\/francois-pelletant.fr\/blog\/wp-content\/uploads\/2019\/01\/Delucq-23-janvier.jpg 472w\" sizes=\"auto, (max-width: 300px) 100vw, 300px\" \/><\/a><figcaption id=\"caption-attachment-11933\" class=\"wp-caption-text\">Delucq 23 janvier<\/figcaption><\/figure>\n<p>&nbsp;<\/p>\n<figure id=\"attachment_11934\" aria-describedby=\"caption-attachment-11934\" style=\"width: 222px\" class=\"wp-caption aligncenter\"><a href=\"https:\/\/francois-pelletant.fr\/blog\/wp-content\/uploads\/2019\/01\/JM-22-janvier.jpg\" rel=\"attachment wp-att-11934\"><img loading=\"lazy\" decoding=\"async\" class=\"size-medium wp-image-11934\" src=\"https:\/\/francois-pelletant.fr\/blog\/wp-content\/uploads\/2019\/01\/JM-22-janvier-222x300.jpg\" alt=\"JM 22 janvier\" width=\"222\" height=\"300\" srcset=\"https:\/\/francois-pelletant.fr\/blog\/wp-content\/uploads\/2019\/01\/JM-22-janvier-222x300.jpg 222w, https:\/\/francois-pelletant.fr\/blog\/wp-content\/uploads\/2019\/01\/JM-22-janvier-370x500.jpg 370w, https:\/\/francois-pelletant.fr\/blog\/wp-content\/uploads\/2019\/01\/JM-22-janvier.jpg 500w\" sizes=\"auto, (max-width: 222px) 100vw, 222px\" \/><\/a><figcaption id=\"caption-attachment-11934\" class=\"wp-caption-text\">JM 22 janvier<\/figcaption><\/figure>\n<p>&nbsp;<\/p>\n<figure id=\"attachment_11935\" aria-describedby=\"caption-attachment-11935\" style=\"width: 300px\" class=\"wp-caption aligncenter\"><a href=\"https:\/\/francois-pelletant.fr\/blog\/wp-content\/uploads\/2019\/01\/Kroll-22-janvier.jpg\" rel=\"attachment wp-att-11935\"><img loading=\"lazy\" decoding=\"async\" class=\"size-medium wp-image-11935\" src=\"https:\/\/francois-pelletant.fr\/blog\/wp-content\/uploads\/2019\/01\/Kroll-22-janvier-300x248.jpg\" alt=\"Kroll 22 janvier\" width=\"300\" height=\"248\" srcset=\"https:\/\/francois-pelletant.fr\/blog\/wp-content\/uploads\/2019\/01\/Kroll-22-janvier-300x248.jpg 300w, https:\/\/francois-pelletant.fr\/blog\/wp-content\/uploads\/2019\/01\/Kroll-22-janvier-600x497.jpg 600w, https:\/\/francois-pelletant.fr\/blog\/wp-content\/uploads\/2019\/01\/Kroll-22-janvier.jpg 640w\" sizes=\"auto, (max-width: 300px) 100vw, 300px\" \/><\/a><figcaption id=\"caption-attachment-11935\" class=\"wp-caption-text\">Kroll 22 janvier<\/figcaption><\/figure>\n<p>&nbsp;<\/p>\n<figure id=\"attachment_11936\" aria-describedby=\"caption-attachment-11936\" style=\"width: 221px\" class=\"wp-caption aligncenter\"><a href=\"https:\/\/francois-pelletant.fr\/blog\/wp-content\/uploads\/2019\/01\/Lapert-21-janvier.jpg\" rel=\"attachment wp-att-11936\"><img loading=\"lazy\" decoding=\"async\" class=\"size-medium wp-image-11936\" src=\"https:\/\/francois-pelletant.fr\/blog\/wp-content\/uploads\/2019\/01\/Lapert-21-janvier-221x300.jpg\" alt=\"Lapert 21 janvier\" width=\"221\" height=\"300\" srcset=\"https:\/\/francois-pelletant.fr\/blog\/wp-content\/uploads\/2019\/01\/Lapert-21-janvier-221x300.jpg 221w, https:\/\/francois-pelletant.fr\/blog\/wp-content\/uploads\/2019\/01\/Lapert-21-janvier-370x500.jpg 370w, https:\/\/francois-pelletant.fr\/blog\/wp-content\/uploads\/2019\/01\/Lapert-21-janvier.jpg 531w\" sizes=\"auto, (max-width: 221px) 100vw, 221px\" \/><\/a><figcaption id=\"caption-attachment-11936\" class=\"wp-caption-text\">Lapert 21 janvier<\/figcaption><\/figure>\n<p>&nbsp;<\/p>\n<figure id=\"attachment_11937\" aria-describedby=\"caption-attachment-11937\" style=\"width: 266px\" class=\"wp-caption aligncenter\"><a href=\"https:\/\/francois-pelletant.fr\/blog\/wp-content\/uploads\/2019\/01\/Lardon-22-janvier.jpg\" rel=\"attachment wp-att-11937\"><img loading=\"lazy\" decoding=\"async\" class=\"size-medium wp-image-11937\" src=\"https:\/\/francois-pelletant.fr\/blog\/wp-content\/uploads\/2019\/01\/Lardon-22-janvier-266x300.jpg\" alt=\"Lardon 22 janvier\" width=\"266\" height=\"300\" srcset=\"https:\/\/francois-pelletant.fr\/blog\/wp-content\/uploads\/2019\/01\/Lardon-22-janvier-266x300.jpg 266w, https:\/\/francois-pelletant.fr\/blog\/wp-content\/uploads\/2019\/01\/Lardon-22-janvier.jpg 400w\" sizes=\"auto, (max-width: 266px) 100vw, 266px\" \/><\/a><figcaption id=\"caption-attachment-11937\" class=\"wp-caption-text\">Lardon 22 janvier<\/figcaption><\/figure>\n<p>&nbsp;<\/p>\n<figure id=\"attachment_11938\" aria-describedby=\"caption-attachment-11938\" style=\"width: 300px\" class=\"wp-caption aligncenter\"><a href=\"https:\/\/francois-pelletant.fr\/blog\/wp-content\/uploads\/2019\/01\/le-canard-enchain\u00e9-23-janvier.jpg\" rel=\"attachment wp-att-11938\"><img loading=\"lazy\" decoding=\"async\" class=\"size-medium wp-image-11938\" src=\"https:\/\/francois-pelletant.fr\/blog\/wp-content\/uploads\/2019\/01\/le-canard-enchain\u00e9-23-janvier-300x268.jpg\" alt=\"le canard enchain\u00e9 23 janvier\" width=\"300\" height=\"268\" srcset=\"https:\/\/francois-pelletant.fr\/blog\/wp-content\/uploads\/2019\/01\/le-canard-enchain\u00e9-23-janvier-300x268.jpg 300w, https:\/\/francois-pelletant.fr\/blog\/wp-content\/uploads\/2019\/01\/le-canard-enchain\u00e9-23-janvier-1024x914.jpg 1024w, https:\/\/francois-pelletant.fr\/blog\/wp-content\/uploads\/2019\/01\/le-canard-enchain\u00e9-23-janvier-768x685.jpg 768w, https:\/\/francois-pelletant.fr\/blog\/wp-content\/uploads\/2019\/01\/le-canard-enchain\u00e9-23-janvier-600x535.jpg 600w, https:\/\/francois-pelletant.fr\/blog\/wp-content\/uploads\/2019\/01\/le-canard-enchain\u00e9-23-janvier-1536x1370.jpg 1536w, https:\/\/francois-pelletant.fr\/blog\/wp-content\/uploads\/2019\/01\/le-canard-enchain\u00e9-23-janvier-2048x1827.jpg 2048w\" sizes=\"auto, (max-width: 300px) 100vw, 300px\" \/><\/a><figcaption id=\"caption-attachment-11938\" class=\"wp-caption-text\">le canard enchain\u00e9 23 janvier<\/figcaption><\/figure>\n<p>&nbsp;<\/p>\n<figure id=\"attachment_11939\" aria-describedby=\"caption-attachment-11939\" style=\"width: 300px\" class=\"wp-caption aligncenter\"><a href=\"https:\/\/francois-pelletant.fr\/blog\/wp-content\/uploads\/2019\/01\/Pablo-23-janvier.jpg\" rel=\"attachment wp-att-11939\"><img loading=\"lazy\" decoding=\"async\" class=\"size-medium wp-image-11939\" src=\"https:\/\/francois-pelletant.fr\/blog\/wp-content\/uploads\/2019\/01\/Pablo-23-janvier-300x227.jpg\" alt=\"Pablo 23 janvier\" width=\"300\" height=\"227\" srcset=\"https:\/\/francois-pelletant.fr\/blog\/wp-content\/uploads\/2019\/01\/Pablo-23-janvier-300x227.jpg 300w, https:\/\/francois-pelletant.fr\/blog\/wp-content\/uploads\/2019\/01\/Pablo-23-janvier-600x454.jpg 600w, https:\/\/francois-pelletant.fr\/blog\/wp-content\/uploads\/2019\/01\/Pablo-23-janvier.jpg 720w\" sizes=\"auto, (max-width: 300px) 100vw, 300px\" \/><\/a><figcaption id=\"caption-attachment-11939\" class=\"wp-caption-text\">Pablo 23 janvier<\/figcaption><\/figure>\n<p>&nbsp;<\/p>\n<figure id=\"attachment_11940\" aria-describedby=\"caption-attachment-11940\" style=\"width: 300px\" class=\"wp-caption aligncenter\"><a href=\"https:\/\/francois-pelletant.fr\/blog\/wp-content\/uploads\/2019\/01\/Placide-22-janvier.jpg\" rel=\"attachment wp-att-11940\"><img loading=\"lazy\" decoding=\"async\" class=\"size-medium wp-image-11940\" src=\"https:\/\/francois-pelletant.fr\/blog\/wp-content\/uploads\/2019\/01\/Placide-22-janvier-300x212.jpg\" alt=\"Placide 22 janvier\" width=\"300\" height=\"212\" srcset=\"https:\/\/francois-pelletant.fr\/blog\/wp-content\/uploads\/2019\/01\/Placide-22-janvier-300x212.jpg 300w, https:\/\/francois-pelletant.fr\/blog\/wp-content\/uploads\/2019\/01\/Placide-22-janvier-600x423.jpg 600w, https:\/\/francois-pelletant.fr\/blog\/wp-content\/uploads\/2019\/01\/Placide-22-janvier.jpg 720w\" sizes=\"auto, (max-width: 300px) 100vw, 300px\" \/><\/a><figcaption id=\"caption-attachment-11940\" class=\"wp-caption-text\">Placide 22 janvier<\/figcaption><\/figure>\n<p>&nbsp;<\/p>\n<figure id=\"attachment_11941\" aria-describedby=\"caption-attachment-11941\" style=\"width: 300px\" class=\"wp-caption aligncenter\"><a href=\"https:\/\/francois-pelletant.fr\/blog\/wp-content\/uploads\/2019\/01\/Plantu-24-janvier.jpg\" rel=\"attachment wp-att-11941\"><img loading=\"lazy\" decoding=\"async\" class=\"size-medium wp-image-11941\" src=\"https:\/\/francois-pelletant.fr\/blog\/wp-content\/uploads\/2019\/01\/Plantu-24-janvier-300x201.jpg\" alt=\"Plantu 24 janvier\" width=\"300\" height=\"201\" srcset=\"https:\/\/francois-pelletant.fr\/blog\/wp-content\/uploads\/2019\/01\/Plantu-24-janvier-300x201.jpg 300w, https:\/\/francois-pelletant.fr\/blog\/wp-content\/uploads\/2019\/01\/Plantu-24-janvier-1024x687.jpg 1024w, https:\/\/francois-pelletant.fr\/blog\/wp-content\/uploads\/2019\/01\/Plantu-24-janvier-768x515.jpg 768w, https:\/\/francois-pelletant.fr\/blog\/wp-content\/uploads\/2019\/01\/Plantu-24-janvier-600x402.jpg 600w, https:\/\/francois-pelletant.fr\/blog\/wp-content\/uploads\/2019\/01\/Plantu-24-janvier-1536x1030.jpg 1536w, https:\/\/francois-pelletant.fr\/blog\/wp-content\/uploads\/2019\/01\/Plantu-24-janvier.jpg 2048w\" sizes=\"auto, (max-width: 300px) 100vw, 300px\" \/><\/a><figcaption id=\"caption-attachment-11941\" class=\"wp-caption-text\">Plantu 24 janvier<\/figcaption><\/figure>\n<p>&nbsp;<\/p>\n<p>&nbsp;<\/p>\n","protected":false},"excerpt":{"rendered":"<p>En 10 dessins, je vous propose chaque dimanche de faire un panorama de l&#8217;actualit\u00e9 nationale et internationale. Au programme cette semaine : les gilets jaunes encore et toujours bien sur, mais aussi la neige, le grand d\u00e9bat, le proc\u00e8s de la viande de cheval dans les lasagnes, etc&#8230; &nbsp; &nbsp; &nbsp; &nbsp; &nbsp; &nbsp; &nbsp; [&hellip;]<\/p>\n","protected":false},"author":1,"featured_media":11932,"comment_status":"open","ping_status":"closed","sticky":false,"template":"","format":"standard","meta":{"footnotes":""},"categories":[17],"tags":[],"class_list":["post-11931","post","type-post","status-publish","format-standard","has-post-thumbnail","hentry","category-prix-du-meilleur-dessin-de-presse"],"yoast_head":"<!-- This site is optimized with the Yoast SEO plugin v25.6 - https:\/\/yoast.com\/wordpress\/plugins\/seo\/ -->\n<title>les dessins de presse de la semaine - Fran\u00e7ois Pelletant<\/title>\n<meta name=\"robots\" content=\"index, follow, max-snippet:-1, max-image-preview:large, max-video-preview:-1\" \/>\n<link rel=\"canonical\" href=\"https:\/\/francois-pelletant.fr\/blog\/dessins-de-presse-de-semaine-14\/\" \/>\n<meta property=\"og:locale\" content=\"fr_FR\" \/>\n<meta property=\"og:type\" content=\"article\" \/>\n<meta property=\"og:title\" content=\"les dessins de presse de la semaine - Fran\u00e7ois Pelletant\" \/>\n<meta property=\"og:description\" content=\"En 10 dessins, je vous propose chaque dimanche de faire un panorama de l&#8217;actualit\u00e9 nationale et internationale. Au programme cette semaine : les gilets jaunes encore et toujours bien sur, mais aussi la neige, le grand d\u00e9bat, le proc\u00e8s de la viande de cheval dans les lasagnes, etc&#8230; &nbsp; &nbsp; &nbsp; &nbsp; &nbsp; &nbsp; &nbsp; [&hellip;]\" \/>\n<meta property=\"og:url\" content=\"https:\/\/francois-pelletant.fr\/blog\/dessins-de-presse-de-semaine-14\/\" \/>\n<meta property=\"og:site_name\" content=\"Fran\u00e7ois Pelletant\" \/>\n<meta property=\"article:publisher\" content=\"https:\/\/www.facebook.com\/francois.pelletant.7\" \/>\n<meta property=\"article:published_time\" content=\"2019-01-27T10:31:17+00:00\" \/>\n<meta property=\"og:image\" content=\"https:\/\/francois-pelletant.fr\/blog\/wp-content\/uploads\/2019\/01\/Urtikan-18-janvier.jpg\" \/>\n\t<meta property=\"og:image:width\" content=\"580\" \/>\n\t<meta property=\"og:image:height\" content=\"580\" \/>\n\t<meta property=\"og:image:type\" content=\"image\/jpeg\" \/>\n<meta name=\"author\" content=\"Francois\" \/>\n<meta name=\"twitter:card\" content=\"summary_large_image\" \/>\n<meta name=\"twitter:creator\" content=\"@pelletant\" \/>\n<meta name=\"twitter:site\" content=\"@pelletant\" \/>\n<meta name=\"twitter:label1\" content=\"\u00c9crit par\" \/>\n\t<meta name=\"twitter:data1\" content=\"Francois\" \/>\n\t<meta name=\"twitter:label2\" content=\"Dur\u00e9e de lecture estim\u00e9e\" \/>\n\t<meta name=\"twitter:data2\" content=\"1 minute\" \/>\n<script type=\"application\/ld+json\" class=\"yoast-schema-graph\">{\"@context\":\"https:\/\/schema.org\",\"@graph\":[{\"@type\":\"Article\",\"@id\":\"https:\/\/francois-pelletant.fr\/blog\/dessins-de-presse-de-semaine-14\/#article\",\"isPartOf\":{\"@id\":\"https:\/\/francois-pelletant.fr\/blog\/dessins-de-presse-de-semaine-14\/\"},\"author\":{\"name\":\"Francois\",\"@id\":\"https:\/\/francois-pelletant.fr\/blog\/#\/schema\/person\/2be41acb171dff8f31aaed1f40cee9f3\"},\"headline\":\"les dessins de presse de la semaine\",\"datePublished\":\"2019-01-27T10:31:17+00:00\",\"mainEntityOfPage\":{\"@id\":\"https:\/\/francois-pelletant.fr\/blog\/dessins-de-presse-de-semaine-14\/\"},\"wordCount\":159,\"commentCount\":0,\"publisher\":{\"@id\":\"https:\/\/francois-pelletant.fr\/blog\/#organization\"},\"image\":{\"@id\":\"https:\/\/francois-pelletant.fr\/blog\/dessins-de-presse-de-semaine-14\/#primaryimage\"},\"thumbnailUrl\":\"https:\/\/francois-pelletant.fr\/blog\/wp-content\/uploads\/2019\/01\/Urtikan-18-janvier.jpg\",\"articleSection\":[\"Prix du meilleur dessin de presse\"],\"inLanguage\":\"fr-FR\",\"potentialAction\":[{\"@type\":\"CommentAction\",\"name\":\"Comment\",\"target\":[\"https:\/\/francois-pelletant.fr\/blog\/dessins-de-presse-de-semaine-14\/#respond\"]}]},{\"@type\":\"WebPage\",\"@id\":\"https:\/\/francois-pelletant.fr\/blog\/dessins-de-presse-de-semaine-14\/\",\"url\":\"https:\/\/francois-pelletant.fr\/blog\/dessins-de-presse-de-semaine-14\/\",\"name\":\"les dessins de presse de la semaine - Fran\u00e7ois Pelletant\",\"isPartOf\":{\"@id\":\"https:\/\/francois-pelletant.fr\/blog\/#website\"},\"primaryImageOfPage\":{\"@id\":\"https:\/\/francois-pelletant.fr\/blog\/dessins-de-presse-de-semaine-14\/#primaryimage\"},\"image\":{\"@id\":\"https:\/\/francois-pelletant.fr\/blog\/dessins-de-presse-de-semaine-14\/#primaryimage\"},\"thumbnailUrl\":\"https:\/\/francois-pelletant.fr\/blog\/wp-content\/uploads\/2019\/01\/Urtikan-18-janvier.jpg\",\"datePublished\":\"2019-01-27T10:31:17+00:00\",\"breadcrumb\":{\"@id\":\"https:\/\/francois-pelletant.fr\/blog\/dessins-de-presse-de-semaine-14\/#breadcrumb\"},\"inLanguage\":\"fr-FR\",\"potentialAction\":[{\"@type\":\"ReadAction\",\"target\":[\"https:\/\/francois-pelletant.fr\/blog\/dessins-de-presse-de-semaine-14\/\"]}]},{\"@type\":\"ImageObject\",\"inLanguage\":\"fr-FR\",\"@id\":\"https:\/\/francois-pelletant.fr\/blog\/dessins-de-presse-de-semaine-14\/#primaryimage\",\"url\":\"https:\/\/francois-pelletant.fr\/blog\/wp-content\/uploads\/2019\/01\/Urtikan-18-janvier.jpg\",\"contentUrl\":\"https:\/\/francois-pelletant.fr\/blog\/wp-content\/uploads\/2019\/01\/Urtikan-18-janvier.jpg\",\"width\":580,\"height\":580,\"caption\":\"Urtikan 18 janvier\"},{\"@type\":\"BreadcrumbList\",\"@id\":\"https:\/\/francois-pelletant.fr\/blog\/dessins-de-presse-de-semaine-14\/#breadcrumb\",\"itemListElement\":[{\"@type\":\"ListItem\",\"position\":1,\"name\":\"Accueil\",\"item\":\"https:\/\/francois-pelletant.fr\/blog\/\"},{\"@type\":\"ListItem\",\"position\":2,\"name\":\"les dessins de presse de la semaine\"}]},{\"@type\":\"WebSite\",\"@id\":\"https:\/\/francois-pelletant.fr\/blog\/#website\",\"url\":\"https:\/\/francois-pelletant.fr\/blog\/\",\"name\":\"Fran\u00e7ois Pelletant\",\"description\":\"Maire de Linas, pour toujours.\",\"publisher\":{\"@id\":\"https:\/\/francois-pelletant.fr\/blog\/#organization\"},\"potentialAction\":[{\"@type\":\"SearchAction\",\"target\":{\"@type\":\"EntryPoint\",\"urlTemplate\":\"https:\/\/francois-pelletant.fr\/blog\/?s={search_term_string}\"},\"query-input\":{\"@type\":\"PropertyValueSpecification\",\"valueRequired\":true,\"valueName\":\"search_term_string\"}}],\"inLanguage\":\"fr-FR\"},{\"@type\":\"Organization\",\"@id\":\"https:\/\/francois-pelletant.fr\/blog\/#organization\",\"name\":\"Fran\u00e7ois Pelletant\",\"url\":\"https:\/\/francois-pelletant.fr\/blog\/\",\"logo\":{\"@type\":\"ImageObject\",\"inLanguage\":\"fr-FR\",\"@id\":\"https:\/\/francois-pelletant.fr\/blog\/#\/schema\/logo\/image\/\",\"url\":\"https:\/\/francois-pelletant.fr\/blog\/wp-content\/uploads\/2024\/07\/icone-francois-centre-500p.png\",\"contentUrl\":\"https:\/\/francois-pelletant.fr\/blog\/wp-content\/uploads\/2024\/07\/icone-francois-centre-500p.png\",\"width\":559,\"height\":447,\"caption\":\"Fran\u00e7ois Pelletant\"},\"image\":{\"@id\":\"https:\/\/francois-pelletant.fr\/blog\/#\/schema\/logo\/image\/\"},\"sameAs\":[\"https:\/\/www.facebook.com\/francois.pelletant.7\",\"https:\/\/x.com\/pelletant\"]},{\"@type\":\"Person\",\"@id\":\"https:\/\/francois-pelletant.fr\/blog\/#\/schema\/person\/2be41acb171dff8f31aaed1f40cee9f3\",\"name\":\"Francois\"}]}<\/script>\n<!-- \/ Yoast SEO plugin. -->","yoast_head_json":{"title":"les dessins de presse de la semaine - Fran\u00e7ois Pelletant","robots":{"index":"index","follow":"follow","max-snippet":"max-snippet:-1","max-image-preview":"max-image-preview:large","max-video-preview":"max-video-preview:-1"},"canonical":"https:\/\/francois-pelletant.fr\/blog\/dessins-de-presse-de-semaine-14\/","og_locale":"fr_FR","og_type":"article","og_title":"les dessins de presse de la semaine - Fran\u00e7ois Pelletant","og_description":"En 10 dessins, je vous propose chaque dimanche de faire un panorama de l&#8217;actualit\u00e9 nationale et internationale. Au programme cette semaine : les gilets jaunes encore et toujours bien sur, mais aussi la neige, le grand d\u00e9bat, le proc\u00e8s de la viande de cheval dans les lasagnes, etc&#8230; &nbsp; &nbsp; &nbsp; &nbsp; &nbsp; &nbsp; &nbsp; [&hellip;]","og_url":"https:\/\/francois-pelletant.fr\/blog\/dessins-de-presse-de-semaine-14\/","og_site_name":"Fran\u00e7ois Pelletant","article_publisher":"https:\/\/www.facebook.com\/francois.pelletant.7","article_published_time":"2019-01-27T10:31:17+00:00","og_image":[{"width":580,"height":580,"url":"https:\/\/francois-pelletant.fr\/blog\/wp-content\/uploads\/2019\/01\/Urtikan-18-janvier.jpg","type":"image\/jpeg"}],"author":"Francois","twitter_card":"summary_large_image","twitter_creator":"@pelletant","twitter_site":"@pelletant","twitter_misc":{"\u00c9crit par":"Francois","Dur\u00e9e de lecture estim\u00e9e":"1 minute"},"schema":{"@context":"https:\/\/schema.org","@graph":[{"@type":"Article","@id":"https:\/\/francois-pelletant.fr\/blog\/dessins-de-presse-de-semaine-14\/#article","isPartOf":{"@id":"https:\/\/francois-pelletant.fr\/blog\/dessins-de-presse-de-semaine-14\/"},"author":{"name":"Francois","@id":"https:\/\/francois-pelletant.fr\/blog\/#\/schema\/person\/2be41acb171dff8f31aaed1f40cee9f3"},"headline":"les dessins de presse de la semaine","datePublished":"2019-01-27T10:31:17+00:00","mainEntityOfPage":{"@id":"https:\/\/francois-pelletant.fr\/blog\/dessins-de-presse-de-semaine-14\/"},"wordCount":159,"commentCount":0,"publisher":{"@id":"https:\/\/francois-pelletant.fr\/blog\/#organization"},"image":{"@id":"https:\/\/francois-pelletant.fr\/blog\/dessins-de-presse-de-semaine-14\/#primaryimage"},"thumbnailUrl":"https:\/\/francois-pelletant.fr\/blog\/wp-content\/uploads\/2019\/01\/Urtikan-18-janvier.jpg","articleSection":["Prix du meilleur dessin de presse"],"inLanguage":"fr-FR","potentialAction":[{"@type":"CommentAction","name":"Comment","target":["https:\/\/francois-pelletant.fr\/blog\/dessins-de-presse-de-semaine-14\/#respond"]}]},{"@type":"WebPage","@id":"https:\/\/francois-pelletant.fr\/blog\/dessins-de-presse-de-semaine-14\/","url":"https:\/\/francois-pelletant.fr\/blog\/dessins-de-presse-de-semaine-14\/","name":"les dessins de presse de la semaine - Fran\u00e7ois Pelletant","isPartOf":{"@id":"https:\/\/francois-pelletant.fr\/blog\/#website"},"primaryImageOfPage":{"@id":"https:\/\/francois-pelletant.fr\/blog\/dessins-de-presse-de-semaine-14\/#primaryimage"},"image":{"@id":"https:\/\/francois-pelletant.fr\/blog\/dessins-de-presse-de-semaine-14\/#primaryimage"},"thumbnailUrl":"https:\/\/francois-pelletant.fr\/blog\/wp-content\/uploads\/2019\/01\/Urtikan-18-janvier.jpg","datePublished":"2019-01-27T10:31:17+00:00","breadcrumb":{"@id":"https:\/\/francois-pelletant.fr\/blog\/dessins-de-presse-de-semaine-14\/#breadcrumb"},"inLanguage":"fr-FR","potentialAction":[{"@type":"ReadAction","target":["https:\/\/francois-pelletant.fr\/blog\/dessins-de-presse-de-semaine-14\/"]}]},{"@type":"ImageObject","inLanguage":"fr-FR","@id":"https:\/\/francois-pelletant.fr\/blog\/dessins-de-presse-de-semaine-14\/#primaryimage","url":"https:\/\/francois-pelletant.fr\/blog\/wp-content\/uploads\/2019\/01\/Urtikan-18-janvier.jpg","contentUrl":"https:\/\/francois-pelletant.fr\/blog\/wp-content\/uploads\/2019\/01\/Urtikan-18-janvier.jpg","width":580,"height":580,"caption":"Urtikan 18 janvier"},{"@type":"BreadcrumbList","@id":"https:\/\/francois-pelletant.fr\/blog\/dessins-de-presse-de-semaine-14\/#breadcrumb","itemListElement":[{"@type":"ListItem","position":1,"name":"Accueil","item":"https:\/\/francois-pelletant.fr\/blog\/"},{"@type":"ListItem","position":2,"name":"les dessins de presse de la semaine"}]},{"@type":"WebSite","@id":"https:\/\/francois-pelletant.fr\/blog\/#website","url":"https:\/\/francois-pelletant.fr\/blog\/","name":"Fran\u00e7ois Pelletant","description":"Maire de Linas, pour toujours.","publisher":{"@id":"https:\/\/francois-pelletant.fr\/blog\/#organization"},"potentialAction":[{"@type":"SearchAction","target":{"@type":"EntryPoint","urlTemplate":"https:\/\/francois-pelletant.fr\/blog\/?s={search_term_string}"},"query-input":{"@type":"PropertyValueSpecification","valueRequired":true,"valueName":"search_term_string"}}],"inLanguage":"fr-FR"},{"@type":"Organization","@id":"https:\/\/francois-pelletant.fr\/blog\/#organization","name":"Fran\u00e7ois Pelletant","url":"https:\/\/francois-pelletant.fr\/blog\/","logo":{"@type":"ImageObject","inLanguage":"fr-FR","@id":"https:\/\/francois-pelletant.fr\/blog\/#\/schema\/logo\/image\/","url":"https:\/\/francois-pelletant.fr\/blog\/wp-content\/uploads\/2024\/07\/icone-francois-centre-500p.png","contentUrl":"https:\/\/francois-pelletant.fr\/blog\/wp-content\/uploads\/2024\/07\/icone-francois-centre-500p.png","width":559,"height":447,"caption":"Fran\u00e7ois Pelletant"},"image":{"@id":"https:\/\/francois-pelletant.fr\/blog\/#\/schema\/logo\/image\/"},"sameAs":["https:\/\/www.facebook.com\/francois.pelletant.7","https:\/\/x.com\/pelletant"]},{"@type":"Person","@id":"https:\/\/francois-pelletant.fr\/blog\/#\/schema\/person\/2be41acb171dff8f31aaed1f40cee9f3","name":"Francois"}]}},"_links":{"self":[{"href":"https:\/\/francois-pelletant.fr\/blog\/wp-json\/wp\/v2\/posts\/11931","targetHints":{"allow":["GET"]}}],"collection":[{"href":"https:\/\/francois-pelletant.fr\/blog\/wp-json\/wp\/v2\/posts"}],"about":[{"href":"https:\/\/francois-pelletant.fr\/blog\/wp-json\/wp\/v2\/types\/post"}],"author":[{"embeddable":true,"href":"https:\/\/francois-pelletant.fr\/blog\/wp-json\/wp\/v2\/users\/1"}],"replies":[{"embeddable":true,"href":"https:\/\/francois-pelletant.fr\/blog\/wp-json\/wp\/v2\/comments?post=11931"}],"version-history":[{"count":0,"href":"https:\/\/francois-pelletant.fr\/blog\/wp-json\/wp\/v2\/posts\/11931\/revisions"}],"wp:featuredmedia":[{"embeddable":true,"href":"https:\/\/francois-pelletant.fr\/blog\/wp-json\/wp\/v2\/media\/11932"}],"wp:attachment":[{"href":"https:\/\/francois-pelletant.fr\/blog\/wp-json\/wp\/v2\/media?parent=11931"}],"wp:term":[{"taxonomy":"category","embeddable":true,"href":"https:\/\/francois-pelletant.fr\/blog\/wp-json\/wp\/v2\/categories?post=11931"},{"taxonomy":"post_tag","embeddable":true,"href":"https:\/\/francois-pelletant.fr\/blog\/wp-json\/wp\/v2\/tags?post=11931"}],"curies":[{"name":"wp","href":"https:\/\/api.w.org\/{rel}","templated":true}]}}