{"id":1204,"date":"2011-12-28T08:28:31","date_gmt":"2011-12-28T08:28:31","guid":{"rendered":"https:\/\/francois-pelletant.fr\/blog\/?p=1204"},"modified":"2017-02-20T14:27:50","modified_gmt":"2017-02-20T14:27:50","slug":"nouveaux-linois-accueillis-comme-il-se-doit","status":"publish","type":"post","link":"https:\/\/francois-pelletant.fr\/blog\/nouveaux-linois-accueillis-comme-il-se-doit\/","title":{"rendered":"Les nouveaux linois accueillis comme il se doit !"},"content":{"rendered":"<p><a href=\"https:\/\/francois-pelletant.fr\/blog\/wp-content\/uploads\/2011\/12\/nouveaux-arrivants.jpg\"><img loading=\"lazy\" decoding=\"async\" class=\"alignleft size-medium wp-image-1205\" title=\"nouveaux arrivants\" src=\"https:\/\/francois-pelletant.fr\/blog\/wp-content\/uploads\/2011\/12\/nouveaux-arrivants-300x197.jpg\" alt=\"\" width=\"300\" height=\"197\" \/><\/a><\/p>\n<h2>Bienvenue aux nouveaux Linois<\/h2>\n<p>Buffet campagnard et pot de l\u2019amiti\u00e9\u00a0! Le 16 d\u00e9cembre, une quinzaine de linois r\u00e9cemment install\u00e9s sur la commune ont particip\u00e9 \u00e0 la c\u00e9r\u00e9monie de bienvenue qui leur \u00e9tait r\u00e9serv\u00e9e. L\u2019\u00e9quipe municipale \u00e9tait pr\u00e9sente pour r\u00e9pondre \u00e0 leurs questions en toute simplicit\u00e9. Un \u00ab\u00a0kit d\u2019accueil\u00a0\u00bb contenant une mine d\u2019informations pratiques leur a \u00e9t\u00e9 offert.<\/p>\n<p>De l\u2019avis de tous, l\u2019exp\u00e9rience est \u00e0 renouveler\u00a0!<\/p>\n<p><strong><br \/>\n<\/strong><\/p>\n","protected":false},"excerpt":{"rendered":"<p>Bienvenue aux nouveaux Linois Buffet campagnard et pot de l\u2019amiti\u00e9\u00a0! Le 16 d\u00e9cembre, une quinzaine de linois r\u00e9cemment install\u00e9s sur la commune ont particip\u00e9 \u00e0 la c\u00e9r\u00e9monie de bienvenue qui leur \u00e9tait r\u00e9serv\u00e9e. L\u2019\u00e9quipe municipale \u00e9tait pr\u00e9sente pour r\u00e9pondre \u00e0 leurs questions en toute simplicit\u00e9. Un \u00ab\u00a0kit d\u2019accueil\u00a0\u00bb contenant une mine d\u2019informations pratiques leur a [&hellip;]<\/p>\n","protected":false},"author":1,"featured_media":1205,"comment_status":"open","ping_status":"open","sticky":false,"template":"","format":"standard","meta":{"footnotes":""},"categories":[10],"tags":[49,155,30,136,48],"class_list":["post-1204","post","type-post","status-publish","format-standard","has-post-thumbnail","hentry","category-1pelletant","tag-essonne","tag-francois-pelletant","tag-linas","tag-linois","tag-pelletant"],"yoast_head":"<!-- This site is optimized with the Yoast SEO plugin v25.6 - https:\/\/yoast.com\/wordpress\/plugins\/seo\/ -->\n<title>Les nouveaux linois accueillis comme il se doit ! - Fran\u00e7ois Pelletant<\/title>\n<meta name=\"description\" content=\"A Linas, une c\u00e9r\u00e9monie de bienvenue a \u00e9t\u00e9 r\u00e9serv\u00e9e et organis\u00e9e afin d&#039;accueillir les nouveaux LInois dans la commune.\" \/>\n<meta name=\"robots\" content=\"index, follow, max-snippet:-1, max-image-preview:large, max-video-preview:-1\" \/>\n<link rel=\"canonical\" href=\"https:\/\/francois-pelletant.fr\/blog\/nouveaux-linois-accueillis-comme-il-se-doit\/\" \/>\n<meta property=\"og:locale\" content=\"fr_FR\" \/>\n<meta property=\"og:type\" content=\"article\" \/>\n<meta property=\"og:title\" content=\"Les nouveaux linois accueillis comme il se doit ! - Fran\u00e7ois Pelletant\" \/>\n<meta property=\"og:description\" content=\"A Linas, une c\u00e9r\u00e9monie de bienvenue a \u00e9t\u00e9 r\u00e9serv\u00e9e et organis\u00e9e afin d&#039;accueillir les nouveaux LInois dans la commune.\" \/>\n<meta property=\"og:url\" content=\"https:\/\/francois-pelletant.fr\/blog\/nouveaux-linois-accueillis-comme-il-se-doit\/\" \/>\n<meta property=\"og:site_name\" content=\"Fran\u00e7ois Pelletant\" \/>\n<meta property=\"article:publisher\" content=\"https:\/\/www.facebook.com\/francois.pelletant.7\" \/>\n<meta property=\"article:published_time\" content=\"2011-12-28T08:28:31+00:00\" \/>\n<meta property=\"article:modified_time\" content=\"2017-02-20T14:27:50+00:00\" \/>\n<meta property=\"og:image\" content=\"https:\/\/francois-pelletant.fr\/blog\/wp-content\/uploads\/2011\/12\/nouveaux-arrivants.jpg\" \/>\n\t<meta property=\"og:image:width\" content=\"591\" \/>\n\t<meta property=\"og:image:height\" content=\"390\" \/>\n\t<meta property=\"og:image:type\" content=\"image\/jpeg\" \/>\n<meta name=\"author\" content=\"Francois\" \/>\n<meta name=\"twitter:card\" content=\"summary_large_image\" \/>\n<meta name=\"twitter:creator\" content=\"@pelletant\" \/>\n<meta name=\"twitter:site\" content=\"@pelletant\" \/>\n<meta name=\"twitter:label1\" content=\"\u00c9crit par\" \/>\n\t<meta name=\"twitter:data1\" content=\"Francois\" \/>\n<script type=\"application\/ld+json\" class=\"yoast-schema-graph\">{\"@context\":\"https:\/\/schema.org\",\"@graph\":[{\"@type\":\"Article\",\"@id\":\"https:\/\/francois-pelletant.fr\/blog\/nouveaux-linois-accueillis-comme-il-se-doit\/#article\",\"isPartOf\":{\"@id\":\"https:\/\/francois-pelletant.fr\/blog\/nouveaux-linois-accueillis-comme-il-se-doit\/\"},\"author\":{\"name\":\"Francois\",\"@id\":\"https:\/\/francois-pelletant.fr\/blog\/#\/schema\/person\/2be41acb171dff8f31aaed1f40cee9f3\"},\"headline\":\"Les nouveaux linois accueillis comme il se doit !\",\"datePublished\":\"2011-12-28T08:28:31+00:00\",\"dateModified\":\"2017-02-20T14:27:50+00:00\",\"mainEntityOfPage\":{\"@id\":\"https:\/\/francois-pelletant.fr\/blog\/nouveaux-linois-accueillis-comme-il-se-doit\/\"},\"wordCount\":85,\"commentCount\":0,\"publisher\":{\"@id\":\"https:\/\/francois-pelletant.fr\/blog\/#organization\"},\"image\":{\"@id\":\"https:\/\/francois-pelletant.fr\/blog\/nouveaux-linois-accueillis-comme-il-se-doit\/#primaryimage\"},\"thumbnailUrl\":\"https:\/\/francois-pelletant.fr\/blog\/wp-content\/uploads\/2011\/12\/nouveaux-arrivants.jpg\",\"keywords\":[\"Essonne\",\"fran\u00e7ois pelletant\",\"Linas\",\"linois\",\"pelletant\"],\"articleSection\":[\"Infos\"],\"inLanguage\":\"fr-FR\",\"potentialAction\":[{\"@type\":\"CommentAction\",\"name\":\"Comment\",\"target\":[\"https:\/\/francois-pelletant.fr\/blog\/nouveaux-linois-accueillis-comme-il-se-doit\/#respond\"]}]},{\"@type\":\"WebPage\",\"@id\":\"https:\/\/francois-pelletant.fr\/blog\/nouveaux-linois-accueillis-comme-il-se-doit\/\",\"url\":\"https:\/\/francois-pelletant.fr\/blog\/nouveaux-linois-accueillis-comme-il-se-doit\/\",\"name\":\"Les nouveaux linois accueillis comme il se doit ! - Fran\u00e7ois Pelletant\",\"isPartOf\":{\"@id\":\"https:\/\/francois-pelletant.fr\/blog\/#website\"},\"primaryImageOfPage\":{\"@id\":\"https:\/\/francois-pelletant.fr\/blog\/nouveaux-linois-accueillis-comme-il-se-doit\/#primaryimage\"},\"image\":{\"@id\":\"https:\/\/francois-pelletant.fr\/blog\/nouveaux-linois-accueillis-comme-il-se-doit\/#primaryimage\"},\"thumbnailUrl\":\"https:\/\/francois-pelletant.fr\/blog\/wp-content\/uploads\/2011\/12\/nouveaux-arrivants.jpg\",\"datePublished\":\"2011-12-28T08:28:31+00:00\",\"dateModified\":\"2017-02-20T14:27:50+00:00\",\"description\":\"A Linas, une c\u00e9r\u00e9monie de bienvenue a \u00e9t\u00e9 r\u00e9serv\u00e9e et organis\u00e9e afin d'accueillir les nouveaux LInois dans la commune.\",\"breadcrumb\":{\"@id\":\"https:\/\/francois-pelletant.fr\/blog\/nouveaux-linois-accueillis-comme-il-se-doit\/#breadcrumb\"},\"inLanguage\":\"fr-FR\",\"potentialAction\":[{\"@type\":\"ReadAction\",\"target\":[\"https:\/\/francois-pelletant.fr\/blog\/nouveaux-linois-accueillis-comme-il-se-doit\/\"]}]},{\"@type\":\"ImageObject\",\"inLanguage\":\"fr-FR\",\"@id\":\"https:\/\/francois-pelletant.fr\/blog\/nouveaux-linois-accueillis-comme-il-se-doit\/#primaryimage\",\"url\":\"https:\/\/francois-pelletant.fr\/blog\/wp-content\/uploads\/2011\/12\/nouveaux-arrivants.jpg\",\"contentUrl\":\"https:\/\/francois-pelletant.fr\/blog\/wp-content\/uploads\/2011\/12\/nouveaux-arrivants.jpg\",\"width\":591,\"height\":390},{\"@type\":\"BreadcrumbList\",\"@id\":\"https:\/\/francois-pelletant.fr\/blog\/nouveaux-linois-accueillis-comme-il-se-doit\/#breadcrumb\",\"itemListElement\":[{\"@type\":\"ListItem\",\"position\":1,\"name\":\"Accueil\",\"item\":\"https:\/\/francois-pelletant.fr\/blog\/\"},{\"@type\":\"ListItem\",\"position\":2,\"name\":\"Les nouveaux linois accueillis comme il se doit !\"}]},{\"@type\":\"WebSite\",\"@id\":\"https:\/\/francois-pelletant.fr\/blog\/#website\",\"url\":\"https:\/\/francois-pelletant.fr\/blog\/\",\"name\":\"Fran\u00e7ois Pelletant\",\"description\":\"Maire de Linas, pour toujours.\",\"publisher\":{\"@id\":\"https:\/\/francois-pelletant.fr\/blog\/#organization\"},\"potentialAction\":[{\"@type\":\"SearchAction\",\"target\":{\"@type\":\"EntryPoint\",\"urlTemplate\":\"https:\/\/francois-pelletant.fr\/blog\/?s={search_term_string}\"},\"query-input\":{\"@type\":\"PropertyValueSpecification\",\"valueRequired\":true,\"valueName\":\"search_term_string\"}}],\"inLanguage\":\"fr-FR\"},{\"@type\":\"Organization\",\"@id\":\"https:\/\/francois-pelletant.fr\/blog\/#organization\",\"name\":\"Fran\u00e7ois Pelletant\",\"url\":\"https:\/\/francois-pelletant.fr\/blog\/\",\"logo\":{\"@type\":\"ImageObject\",\"inLanguage\":\"fr-FR\",\"@id\":\"https:\/\/francois-pelletant.fr\/blog\/#\/schema\/logo\/image\/\",\"url\":\"https:\/\/francois-pelletant.fr\/blog\/wp-content\/uploads\/2024\/07\/icone-francois-centre-500p.png\",\"contentUrl\":\"https:\/\/francois-pelletant.fr\/blog\/wp-content\/uploads\/2024\/07\/icone-francois-centre-500p.png\",\"width\":559,\"height\":447,\"caption\":\"Fran\u00e7ois Pelletant\"},\"image\":{\"@id\":\"https:\/\/francois-pelletant.fr\/blog\/#\/schema\/logo\/image\/\"},\"sameAs\":[\"https:\/\/www.facebook.com\/francois.pelletant.7\",\"https:\/\/x.com\/pelletant\"]},{\"@type\":\"Person\",\"@id\":\"https:\/\/francois-pelletant.fr\/blog\/#\/schema\/person\/2be41acb171dff8f31aaed1f40cee9f3\",\"name\":\"Francois\"}]}<\/script>\n<!-- \/ Yoast SEO plugin. -->","yoast_head_json":{"title":"Les nouveaux linois accueillis comme il se doit ! - Fran\u00e7ois Pelletant","description":"A Linas, une c\u00e9r\u00e9monie de bienvenue a \u00e9t\u00e9 r\u00e9serv\u00e9e et organis\u00e9e afin d'accueillir les nouveaux LInois dans la commune.","robots":{"index":"index","follow":"follow","max-snippet":"max-snippet:-1","max-image-preview":"max-image-preview:large","max-video-preview":"max-video-preview:-1"},"canonical":"https:\/\/francois-pelletant.fr\/blog\/nouveaux-linois-accueillis-comme-il-se-doit\/","og_locale":"fr_FR","og_type":"article","og_title":"Les nouveaux linois accueillis comme il se doit ! - Fran\u00e7ois Pelletant","og_description":"A Linas, une c\u00e9r\u00e9monie de bienvenue a \u00e9t\u00e9 r\u00e9serv\u00e9e et organis\u00e9e afin d'accueillir les nouveaux LInois dans la commune.","og_url":"https:\/\/francois-pelletant.fr\/blog\/nouveaux-linois-accueillis-comme-il-se-doit\/","og_site_name":"Fran\u00e7ois Pelletant","article_publisher":"https:\/\/www.facebook.com\/francois.pelletant.7","article_published_time":"2011-12-28T08:28:31+00:00","article_modified_time":"2017-02-20T14:27:50+00:00","og_image":[{"width":591,"height":390,"url":"https:\/\/francois-pelletant.fr\/blog\/wp-content\/uploads\/2011\/12\/nouveaux-arrivants.jpg","type":"image\/jpeg"}],"author":"Francois","twitter_card":"summary_large_image","twitter_creator":"@pelletant","twitter_site":"@pelletant","twitter_misc":{"\u00c9crit par":"Francois"},"schema":{"@context":"https:\/\/schema.org","@graph":[{"@type":"Article","@id":"https:\/\/francois-pelletant.fr\/blog\/nouveaux-linois-accueillis-comme-il-se-doit\/#article","isPartOf":{"@id":"https:\/\/francois-pelletant.fr\/blog\/nouveaux-linois-accueillis-comme-il-se-doit\/"},"author":{"name":"Francois","@id":"https:\/\/francois-pelletant.fr\/blog\/#\/schema\/person\/2be41acb171dff8f31aaed1f40cee9f3"},"headline":"Les nouveaux linois accueillis comme il se doit !","datePublished":"2011-12-28T08:28:31+00:00","dateModified":"2017-02-20T14:27:50+00:00","mainEntityOfPage":{"@id":"https:\/\/francois-pelletant.fr\/blog\/nouveaux-linois-accueillis-comme-il-se-doit\/"},"wordCount":85,"commentCount":0,"publisher":{"@id":"https:\/\/francois-pelletant.fr\/blog\/#organization"},"image":{"@id":"https:\/\/francois-pelletant.fr\/blog\/nouveaux-linois-accueillis-comme-il-se-doit\/#primaryimage"},"thumbnailUrl":"https:\/\/francois-pelletant.fr\/blog\/wp-content\/uploads\/2011\/12\/nouveaux-arrivants.jpg","keywords":["Essonne","fran\u00e7ois pelletant","Linas","linois","pelletant"],"articleSection":["Infos"],"inLanguage":"fr-FR","potentialAction":[{"@type":"CommentAction","name":"Comment","target":["https:\/\/francois-pelletant.fr\/blog\/nouveaux-linois-accueillis-comme-il-se-doit\/#respond"]}]},{"@type":"WebPage","@id":"https:\/\/francois-pelletant.fr\/blog\/nouveaux-linois-accueillis-comme-il-se-doit\/","url":"https:\/\/francois-pelletant.fr\/blog\/nouveaux-linois-accueillis-comme-il-se-doit\/","name":"Les nouveaux linois accueillis comme il se doit ! - Fran\u00e7ois Pelletant","isPartOf":{"@id":"https:\/\/francois-pelletant.fr\/blog\/#website"},"primaryImageOfPage":{"@id":"https:\/\/francois-pelletant.fr\/blog\/nouveaux-linois-accueillis-comme-il-se-doit\/#primaryimage"},"image":{"@id":"https:\/\/francois-pelletant.fr\/blog\/nouveaux-linois-accueillis-comme-il-se-doit\/#primaryimage"},"thumbnailUrl":"https:\/\/francois-pelletant.fr\/blog\/wp-content\/uploads\/2011\/12\/nouveaux-arrivants.jpg","datePublished":"2011-12-28T08:28:31+00:00","dateModified":"2017-02-20T14:27:50+00:00","description":"A Linas, une c\u00e9r\u00e9monie de bienvenue a \u00e9t\u00e9 r\u00e9serv\u00e9e et organis\u00e9e afin d'accueillir les nouveaux LInois dans la commune.","breadcrumb":{"@id":"https:\/\/francois-pelletant.fr\/blog\/nouveaux-linois-accueillis-comme-il-se-doit\/#breadcrumb"},"inLanguage":"fr-FR","potentialAction":[{"@type":"ReadAction","target":["https:\/\/francois-pelletant.fr\/blog\/nouveaux-linois-accueillis-comme-il-se-doit\/"]}]},{"@type":"ImageObject","inLanguage":"fr-FR","@id":"https:\/\/francois-pelletant.fr\/blog\/nouveaux-linois-accueillis-comme-il-se-doit\/#primaryimage","url":"https:\/\/francois-pelletant.fr\/blog\/wp-content\/uploads\/2011\/12\/nouveaux-arrivants.jpg","contentUrl":"https:\/\/francois-pelletant.fr\/blog\/wp-content\/uploads\/2011\/12\/nouveaux-arrivants.jpg","width":591,"height":390},{"@type":"BreadcrumbList","@id":"https:\/\/francois-pelletant.fr\/blog\/nouveaux-linois-accueillis-comme-il-se-doit\/#breadcrumb","itemListElement":[{"@type":"ListItem","position":1,"name":"Accueil","item":"https:\/\/francois-pelletant.fr\/blog\/"},{"@type":"ListItem","position":2,"name":"Les nouveaux linois accueillis comme il se doit !"}]},{"@type":"WebSite","@id":"https:\/\/francois-pelletant.fr\/blog\/#website","url":"https:\/\/francois-pelletant.fr\/blog\/","name":"Fran\u00e7ois Pelletant","description":"Maire de Linas, pour toujours.","publisher":{"@id":"https:\/\/francois-pelletant.fr\/blog\/#organization"},"potentialAction":[{"@type":"SearchAction","target":{"@type":"EntryPoint","urlTemplate":"https:\/\/francois-pelletant.fr\/blog\/?s={search_term_string}"},"query-input":{"@type":"PropertyValueSpecification","valueRequired":true,"valueName":"search_term_string"}}],"inLanguage":"fr-FR"},{"@type":"Organization","@id":"https:\/\/francois-pelletant.fr\/blog\/#organization","name":"Fran\u00e7ois Pelletant","url":"https:\/\/francois-pelletant.fr\/blog\/","logo":{"@type":"ImageObject","inLanguage":"fr-FR","@id":"https:\/\/francois-pelletant.fr\/blog\/#\/schema\/logo\/image\/","url":"https:\/\/francois-pelletant.fr\/blog\/wp-content\/uploads\/2024\/07\/icone-francois-centre-500p.png","contentUrl":"https:\/\/francois-pelletant.fr\/blog\/wp-content\/uploads\/2024\/07\/icone-francois-centre-500p.png","width":559,"height":447,"caption":"Fran\u00e7ois Pelletant"},"image":{"@id":"https:\/\/francois-pelletant.fr\/blog\/#\/schema\/logo\/image\/"},"sameAs":["https:\/\/www.facebook.com\/francois.pelletant.7","https:\/\/x.com\/pelletant"]},{"@type":"Person","@id":"https:\/\/francois-pelletant.fr\/blog\/#\/schema\/person\/2be41acb171dff8f31aaed1f40cee9f3","name":"Francois"}]}},"_links":{"self":[{"href":"https:\/\/francois-pelletant.fr\/blog\/wp-json\/wp\/v2\/posts\/1204","targetHints":{"allow":["GET"]}}],"collection":[{"href":"https:\/\/francois-pelletant.fr\/blog\/wp-json\/wp\/v2\/posts"}],"about":[{"href":"https:\/\/francois-pelletant.fr\/blog\/wp-json\/wp\/v2\/types\/post"}],"author":[{"embeddable":true,"href":"https:\/\/francois-pelletant.fr\/blog\/wp-json\/wp\/v2\/users\/1"}],"replies":[{"embeddable":true,"href":"https:\/\/francois-pelletant.fr\/blog\/wp-json\/wp\/v2\/comments?post=1204"}],"version-history":[{"count":0,"href":"https:\/\/francois-pelletant.fr\/blog\/wp-json\/wp\/v2\/posts\/1204\/revisions"}],"wp:featuredmedia":[{"embeddable":true,"href":"https:\/\/francois-pelletant.fr\/blog\/wp-json\/wp\/v2\/media\/1205"}],"wp:attachment":[{"href":"https:\/\/francois-pelletant.fr\/blog\/wp-json\/wp\/v2\/media?parent=1204"}],"wp:term":[{"taxonomy":"category","embeddable":true,"href":"https:\/\/francois-pelletant.fr\/blog\/wp-json\/wp\/v2\/categories?post=1204"},{"taxonomy":"post_tag","embeddable":true,"href":"https:\/\/francois-pelletant.fr\/blog\/wp-json\/wp\/v2\/tags?post=1204"}],"curies":[{"name":"wp","href":"https:\/\/api.w.org\/{rel}","templated":true}]}}