{"id":12101,"date":"2019-04-07T10:37:37","date_gmt":"2019-04-07T10:37:37","guid":{"rendered":"https:\/\/francois-pelletant.fr\/blog\/?p=12101"},"modified":"2019-04-05T08:43:59","modified_gmt":"2019-04-05T08:43:59","slug":"dessins-de-presse-de-semaine-15","status":"publish","type":"post","link":"https:\/\/francois-pelletant.fr\/blog\/dessins-de-presse-de-semaine-15\/","title":{"rendered":"Les dessins de presse de la semaine"},"content":{"rendered":"<figure id=\"attachment_12102\" aria-describedby=\"caption-attachment-12102\" style=\"width: 300px\" class=\"wp-caption alignleft\"><a href=\"https:\/\/francois-pelletant.fr\/blog\/wp-content\/uploads\/2019\/04\/Na-3-avril.jpg\" rel=\"attachment wp-att-12102\"><img loading=\"lazy\" decoding=\"async\" class=\"size-medium wp-image-12102\" src=\"https:\/\/francois-pelletant.fr\/blog\/wp-content\/uploads\/2019\/04\/Na-3-avril-300x225.jpg\" alt=\"Na 3 avril\" width=\"300\" height=\"225\" srcset=\"https:\/\/francois-pelletant.fr\/blog\/wp-content\/uploads\/2019\/04\/Na-3-avril-300x225.jpg 300w, https:\/\/francois-pelletant.fr\/blog\/wp-content\/uploads\/2019\/04\/Na-3-avril.jpg 600w\" sizes=\"auto, (max-width: 300px) 100vw, 300px\" \/><\/a><figcaption id=\"caption-attachment-12102\" class=\"wp-caption-text\">Na 3 avril<\/figcaption><\/figure>\n<p>Alg\u00e9rie, intoxication dans un Ehpad, Brexit, foot, remaniement minist\u00e9riel, environnement, \u00e9lections europ\u00e9ennes&#8230; Les sujets qui font l&#8217;actualit\u00e9\u00a0sont tellement divers qu&#8217;il faut plusieurs caricaturistes pour l&#8217;illustrer cette semaine encore.<\/p>\n<p>&nbsp;<\/p>\n<figure id=\"attachment_12103\" aria-describedby=\"caption-attachment-12103\" style=\"width: 261px\" class=\"wp-caption aligncenter\"><a href=\"https:\/\/francois-pelletant.fr\/blog\/wp-content\/uploads\/2019\/04\/Bidu-1er-avril.jpg\" rel=\"attachment wp-att-12103\"><img loading=\"lazy\" decoding=\"async\" class=\"size-medium wp-image-12103\" src=\"https:\/\/francois-pelletant.fr\/blog\/wp-content\/uploads\/2019\/04\/Bidu-1er-avril-261x300.jpg\" alt=\"Bidu 1er avril\" width=\"261\" height=\"300\" srcset=\"https:\/\/francois-pelletant.fr\/blog\/wp-content\/uploads\/2019\/04\/Bidu-1er-avril-261x300.jpg 261w, https:\/\/francois-pelletant.fr\/blog\/wp-content\/uploads\/2019\/04\/Bidu-1er-avril-600x689.jpg 600w, https:\/\/francois-pelletant.fr\/blog\/wp-content\/uploads\/2019\/04\/Bidu-1er-avril.jpg 627w\" sizes=\"auto, (max-width: 261px) 100vw, 261px\" \/><\/a><figcaption id=\"caption-attachment-12103\" class=\"wp-caption-text\">Bidu 1er avril<\/figcaption><\/figure>\n<p>&nbsp;<\/p>\n<figure id=\"attachment_12104\" aria-describedby=\"caption-attachment-12104\" style=\"width: 300px\" class=\"wp-caption aligncenter\"><a href=\"https:\/\/francois-pelletant.fr\/blog\/wp-content\/uploads\/2019\/04\/Delucq-3-avril.jpg\" rel=\"attachment wp-att-12104\"><img loading=\"lazy\" decoding=\"async\" class=\"size-medium wp-image-12104\" src=\"https:\/\/francois-pelletant.fr\/blog\/wp-content\/uploads\/2019\/04\/Delucq-3-avril-300x294.jpg\" alt=\"Delucq 3 avril\" width=\"300\" height=\"294\" srcset=\"https:\/\/francois-pelletant.fr\/blog\/wp-content\/uploads\/2019\/04\/Delucq-3-avril-300x294.jpg 300w, https:\/\/francois-pelletant.fr\/blog\/wp-content\/uploads\/2019\/04\/Delucq-3-avril.jpg 567w\" sizes=\"auto, (max-width: 300px) 100vw, 300px\" \/><\/a><figcaption id=\"caption-attachment-12104\" class=\"wp-caption-text\">Delucq 3 avril<\/figcaption><\/figure>\n<p>&nbsp;<\/p>\n<figure id=\"attachment_12105\" aria-describedby=\"caption-attachment-12105\" style=\"width: 300px\" class=\"wp-caption aligncenter\"><a href=\"https:\/\/francois-pelletant.fr\/blog\/wp-content\/uploads\/2019\/04\/Faro-2-avril.jpg\" rel=\"attachment wp-att-12105\"><img loading=\"lazy\" decoding=\"async\" class=\"size-medium wp-image-12105\" src=\"https:\/\/francois-pelletant.fr\/blog\/wp-content\/uploads\/2019\/04\/Faro-2-avril-300x237.jpg\" alt=\"Faro 2 avril\" width=\"300\" height=\"237\" srcset=\"https:\/\/francois-pelletant.fr\/blog\/wp-content\/uploads\/2019\/04\/Faro-2-avril-300x237.jpg 300w, https:\/\/francois-pelletant.fr\/blog\/wp-content\/uploads\/2019\/04\/Faro-2-avril-768x606.jpg 768w, https:\/\/francois-pelletant.fr\/blog\/wp-content\/uploads\/2019\/04\/Faro-2-avril-600x473.jpg 600w, https:\/\/francois-pelletant.fr\/blog\/wp-content\/uploads\/2019\/04\/Faro-2-avril-570x450.jpg 570w, https:\/\/francois-pelletant.fr\/blog\/wp-content\/uploads\/2019\/04\/Faro-2-avril.jpg 974w\" sizes=\"auto, (max-width: 300px) 100vw, 300px\" \/><\/a><figcaption id=\"caption-attachment-12105\" class=\"wp-caption-text\">Faro 2 avril<\/figcaption><\/figure>\n<p>&nbsp;<\/p>\n<figure id=\"attachment_12106\" aria-describedby=\"caption-attachment-12106\" style=\"width: 300px\" class=\"wp-caption aligncenter\"><a href=\"https:\/\/francois-pelletant.fr\/blog\/wp-content\/uploads\/2019\/04\/Kroll-30-mars.jpg\" rel=\"attachment wp-att-12106\"><img loading=\"lazy\" decoding=\"async\" class=\"size-medium wp-image-12106\" src=\"https:\/\/francois-pelletant.fr\/blog\/wp-content\/uploads\/2019\/04\/Kroll-30-mars-300x300.jpg\" alt=\"Kroll 30 mars\" width=\"300\" height=\"300\" srcset=\"https:\/\/francois-pelletant.fr\/blog\/wp-content\/uploads\/2019\/04\/Kroll-30-mars-300x300.jpg 300w, https:\/\/francois-pelletant.fr\/blog\/wp-content\/uploads\/2019\/04\/Kroll-30-mars-150x150.jpg 150w, https:\/\/francois-pelletant.fr\/blog\/wp-content\/uploads\/2019\/04\/Kroll-30-mars-600x600.jpg 600w, https:\/\/francois-pelletant.fr\/blog\/wp-content\/uploads\/2019\/04\/Kroll-30-mars-230x230.jpg 230w, https:\/\/francois-pelletant.fr\/blog\/wp-content\/uploads\/2019\/04\/Kroll-30-mars-400x400.jpg 400w, https:\/\/francois-pelletant.fr\/blog\/wp-content\/uploads\/2019\/04\/Kroll-30-mars-640x640.jpg 640w, https:\/\/francois-pelletant.fr\/blog\/wp-content\/uploads\/2019\/04\/Kroll-30-mars.jpg 720w\" sizes=\"auto, (max-width: 300px) 100vw, 300px\" \/><\/a><figcaption id=\"caption-attachment-12106\" class=\"wp-caption-text\">Kroll 30 mars<\/figcaption><\/figure>\n<p>&nbsp;<\/p>\n<figure id=\"attachment_12107\" aria-describedby=\"caption-attachment-12107\" style=\"width: 300px\" class=\"wp-caption aligncenter\"><a href=\"https:\/\/francois-pelletant.fr\/blog\/wp-content\/uploads\/2019\/04\/Le-canard-enchain\u00e9-3-avril-2019.jpg\" rel=\"attachment wp-att-12107\"><img loading=\"lazy\" decoding=\"async\" class=\"size-medium wp-image-12107\" src=\"https:\/\/francois-pelletant.fr\/blog\/wp-content\/uploads\/2019\/04\/Le-canard-enchain\u00e9-3-avril-2019-300x277.jpg\" alt=\"Le canard enchain\u00e9 3 avril \" width=\"300\" height=\"277\" srcset=\"https:\/\/francois-pelletant.fr\/blog\/wp-content\/uploads\/2019\/04\/Le-canard-enchain\u00e9-3-avril-2019-300x277.jpg 300w, https:\/\/francois-pelletant.fr\/blog\/wp-content\/uploads\/2019\/04\/Le-canard-enchain\u00e9-3-avril-2019-1024x944.jpg 1024w, https:\/\/francois-pelletant.fr\/blog\/wp-content\/uploads\/2019\/04\/Le-canard-enchain\u00e9-3-avril-2019-768x708.jpg 768w, https:\/\/francois-pelletant.fr\/blog\/wp-content\/uploads\/2019\/04\/Le-canard-enchain\u00e9-3-avril-2019-600x553.jpg 600w, https:\/\/francois-pelletant.fr\/blog\/wp-content\/uploads\/2019\/04\/Le-canard-enchain\u00e9-3-avril-2019-1536x1416.jpg 1536w, https:\/\/francois-pelletant.fr\/blog\/wp-content\/uploads\/2019\/04\/Le-canard-enchain\u00e9-3-avril-2019-2048x1888.jpg 2048w\" sizes=\"auto, (max-width: 300px) 100vw, 300px\" \/><\/a><figcaption id=\"caption-attachment-12107\" class=\"wp-caption-text\">Le canard enchain\u00e9 3 avril<\/figcaption><\/figure>\n<p>&nbsp;<\/p>\n<figure id=\"attachment_12108\" aria-describedby=\"caption-attachment-12108\" style=\"width: 300px\" class=\"wp-caption aligncenter\"><a href=\"https:\/\/francois-pelletant.fr\/blog\/wp-content\/uploads\/2019\/04\/Le-canard-enchain\u00e9-3-avril.jpg\" rel=\"attachment wp-att-12108\"><img loading=\"lazy\" decoding=\"async\" class=\"size-medium wp-image-12108\" src=\"https:\/\/francois-pelletant.fr\/blog\/wp-content\/uploads\/2019\/04\/Le-canard-enchain\u00e9-3-avril-300x239.jpg\" alt=\"Le canard enchain\u00e9 3 avril \" width=\"300\" height=\"239\" srcset=\"https:\/\/francois-pelletant.fr\/blog\/wp-content\/uploads\/2019\/04\/Le-canard-enchain\u00e9-3-avril-300x239.jpg 300w, https:\/\/francois-pelletant.fr\/blog\/wp-content\/uploads\/2019\/04\/Le-canard-enchain\u00e9-3-avril-1024x816.jpg 1024w, https:\/\/francois-pelletant.fr\/blog\/wp-content\/uploads\/2019\/04\/Le-canard-enchain\u00e9-3-avril-768x612.jpg 768w, https:\/\/francois-pelletant.fr\/blog\/wp-content\/uploads\/2019\/04\/Le-canard-enchain\u00e9-3-avril-600x478.jpg 600w, https:\/\/francois-pelletant.fr\/blog\/wp-content\/uploads\/2019\/04\/Le-canard-enchain\u00e9-3-avril-1536x1224.jpg 1536w, https:\/\/francois-pelletant.fr\/blog\/wp-content\/uploads\/2019\/04\/Le-canard-enchain\u00e9-3-avril-2048x1632.jpg 2048w\" sizes=\"auto, (max-width: 300px) 100vw, 300px\" \/><\/a><figcaption id=\"caption-attachment-12108\" class=\"wp-caption-text\">Le canard enchain\u00e9 3 avril<\/figcaption><\/figure>\n<p>&nbsp;<\/p>\n<figure id=\"attachment_12109\" aria-describedby=\"caption-attachment-12109\" style=\"width: 300px\" class=\"wp-caption aligncenter\"><a href=\"https:\/\/francois-pelletant.fr\/blog\/wp-content\/uploads\/2019\/04\/Le-canard-enchain\u00e9-3-avril-2019-1.jpg\" rel=\"attachment wp-att-12109\"><img loading=\"lazy\" decoding=\"async\" class=\"size-medium wp-image-12109\" src=\"https:\/\/francois-pelletant.fr\/blog\/wp-content\/uploads\/2019\/04\/Le-canard-enchain\u00e9-3-avril-2019-1-300x262.jpg\" alt=\"Le canard enchain\u00e9 3 avril \" width=\"300\" height=\"262\" srcset=\"https:\/\/francois-pelletant.fr\/blog\/wp-content\/uploads\/2019\/04\/Le-canard-enchain\u00e9-3-avril-2019-1-300x262.jpg 300w, https:\/\/francois-pelletant.fr\/blog\/wp-content\/uploads\/2019\/04\/Le-canard-enchain\u00e9-3-avril-2019-1-1024x893.jpg 1024w, https:\/\/francois-pelletant.fr\/blog\/wp-content\/uploads\/2019\/04\/Le-canard-enchain\u00e9-3-avril-2019-1-768x670.jpg 768w, https:\/\/francois-pelletant.fr\/blog\/wp-content\/uploads\/2019\/04\/Le-canard-enchain\u00e9-3-avril-2019-1-600x523.jpg 600w, https:\/\/francois-pelletant.fr\/blog\/wp-content\/uploads\/2019\/04\/Le-canard-enchain\u00e9-3-avril-2019-1-1536x1339.jpg 1536w, https:\/\/francois-pelletant.fr\/blog\/wp-content\/uploads\/2019\/04\/Le-canard-enchain\u00e9-3-avril-2019-1-2048x1786.jpg 2048w\" sizes=\"auto, (max-width: 300px) 100vw, 300px\" \/><\/a><figcaption id=\"caption-attachment-12109\" class=\"wp-caption-text\">Le canard enchain\u00e9 3 avril<\/figcaption><\/figure>\n<p>&nbsp;<\/p>\n<p>&nbsp;<\/p>\n<figure id=\"attachment_12111\" aria-describedby=\"caption-attachment-12111\" style=\"width: 294px\" class=\"wp-caption aligncenter\"><a href=\"https:\/\/francois-pelletant.fr\/blog\/wp-content\/uploads\/2019\/04\/Romano-1er-avril.jpg\" rel=\"attachment wp-att-12111\"><img loading=\"lazy\" decoding=\"async\" class=\"size-medium wp-image-12111\" src=\"https:\/\/francois-pelletant.fr\/blog\/wp-content\/uploads\/2019\/04\/Romano-1er-avril-294x300.jpg\" alt=\"Romano 1er avril\" width=\"294\" height=\"300\" srcset=\"https:\/\/francois-pelletant.fr\/blog\/wp-content\/uploads\/2019\/04\/Romano-1er-avril-294x300.jpg 294w, https:\/\/francois-pelletant.fr\/blog\/wp-content\/uploads\/2019\/04\/Romano-1er-avril-1005x1024.jpg 1005w, https:\/\/francois-pelletant.fr\/blog\/wp-content\/uploads\/2019\/04\/Romano-1er-avril-768x783.jpg 768w, https:\/\/francois-pelletant.fr\/blog\/wp-content\/uploads\/2019\/04\/Romano-1er-avril-600x611.jpg 600w, https:\/\/francois-pelletant.fr\/blog\/wp-content\/uploads\/2019\/04\/Romano-1er-avril.jpg 1048w\" sizes=\"auto, (max-width: 294px) 100vw, 294px\" \/><\/a><figcaption id=\"caption-attachment-12111\" class=\"wp-caption-text\">Romano 1er avril<\/figcaption><\/figure>\n<p>&nbsp;<\/p>\n<figure id=\"attachment_12112\" aria-describedby=\"caption-attachment-12112\" style=\"width: 300px\" class=\"wp-caption aligncenter\"><a href=\"https:\/\/francois-pelletant.fr\/blog\/wp-content\/uploads\/2019\/04\/Urtikan-3-avril.jpg\" rel=\"attachment wp-att-12112\"><img loading=\"lazy\" decoding=\"async\" class=\"size-medium wp-image-12112\" src=\"https:\/\/francois-pelletant.fr\/blog\/wp-content\/uploads\/2019\/04\/Urtikan-3-avril-300x300.jpg\" alt=\"Urtikan 3 avril\" width=\"300\" height=\"300\" srcset=\"https:\/\/francois-pelletant.fr\/blog\/wp-content\/uploads\/2019\/04\/Urtikan-3-avril-300x300.jpg 300w, https:\/\/francois-pelletant.fr\/blog\/wp-content\/uploads\/2019\/04\/Urtikan-3-avril-150x150.jpg 150w, https:\/\/francois-pelletant.fr\/blog\/wp-content\/uploads\/2019\/04\/Urtikan-3-avril-230x230.jpg 230w, https:\/\/francois-pelletant.fr\/blog\/wp-content\/uploads\/2019\/04\/Urtikan-3-avril-400x400.jpg 400w, https:\/\/francois-pelletant.fr\/blog\/wp-content\/uploads\/2019\/04\/Urtikan-3-avril.jpg 580w\" sizes=\"auto, (max-width: 300px) 100vw, 300px\" \/><\/a><figcaption id=\"caption-attachment-12112\" class=\"wp-caption-text\">Urtikan 3 avril<\/figcaption><\/figure>\n<p>&nbsp;<\/p>\n<p>&nbsp;<\/p>\n","protected":false},"excerpt":{"rendered":"<p>Alg\u00e9rie, intoxication dans un Ehpad, Brexit, foot, remaniement minist\u00e9riel, environnement, \u00e9lections europ\u00e9ennes&#8230; Les sujets qui font l&#8217;actualit\u00e9\u00a0sont tellement divers qu&#8217;il faut plusieurs caricaturistes pour l&#8217;illustrer cette semaine encore. &nbsp; &nbsp; &nbsp; &nbsp; &nbsp; &nbsp; &nbsp; &nbsp; &nbsp; &nbsp; &nbsp; &nbsp;<\/p>\n","protected":false},"author":1,"featured_media":12102,"comment_status":"open","ping_status":"closed","sticky":false,"template":"","format":"standard","meta":{"footnotes":""},"categories":[17],"tags":[],"class_list":["post-12101","post","type-post","status-publish","format-standard","has-post-thumbnail","hentry","category-prix-du-meilleur-dessin-de-presse"],"yoast_head":"<!-- This site is optimized with the Yoast SEO plugin v25.6 - https:\/\/yoast.com\/wordpress\/plugins\/seo\/ -->\n<title>Les dessins de presse de la semaine - Fran\u00e7ois Pelletant<\/title>\n<meta name=\"robots\" content=\"index, follow, max-snippet:-1, max-image-preview:large, max-video-preview:-1\" \/>\n<link rel=\"canonical\" href=\"https:\/\/francois-pelletant.fr\/blog\/dessins-de-presse-de-semaine-15\/\" \/>\n<meta property=\"og:locale\" content=\"fr_FR\" \/>\n<meta property=\"og:type\" content=\"article\" \/>\n<meta property=\"og:title\" content=\"Les dessins de presse de la semaine - Fran\u00e7ois Pelletant\" \/>\n<meta property=\"og:description\" content=\"Alg\u00e9rie, intoxication dans un Ehpad, Brexit, foot, remaniement minist\u00e9riel, environnement, \u00e9lections europ\u00e9ennes&#8230; Les sujets qui font l&#8217;actualit\u00e9\u00a0sont tellement divers qu&#8217;il faut plusieurs caricaturistes pour l&#8217;illustrer cette semaine encore. &nbsp; &nbsp; &nbsp; &nbsp; &nbsp; &nbsp; &nbsp; &nbsp; &nbsp; &nbsp; &nbsp; &nbsp;\" \/>\n<meta property=\"og:url\" content=\"https:\/\/francois-pelletant.fr\/blog\/dessins-de-presse-de-semaine-15\/\" \/>\n<meta property=\"og:site_name\" content=\"Fran\u00e7ois Pelletant\" \/>\n<meta property=\"article:publisher\" content=\"https:\/\/www.facebook.com\/francois.pelletant.7\" \/>\n<meta property=\"article:published_time\" content=\"2019-04-07T10:37:37+00:00\" \/>\n<meta property=\"og:image\" content=\"https:\/\/francois-pelletant.fr\/blog\/wp-content\/uploads\/2019\/04\/Na-3-avril.jpg\" \/>\n\t<meta property=\"og:image:width\" content=\"600\" \/>\n\t<meta property=\"og:image:height\" content=\"450\" \/>\n\t<meta property=\"og:image:type\" content=\"image\/jpeg\" \/>\n<meta name=\"author\" content=\"Francois\" \/>\n<meta name=\"twitter:card\" content=\"summary_large_image\" \/>\n<meta name=\"twitter:creator\" content=\"@pelletant\" \/>\n<meta name=\"twitter:site\" content=\"@pelletant\" \/>\n<meta name=\"twitter:label1\" content=\"\u00c9crit par\" \/>\n\t<meta name=\"twitter:data1\" content=\"Francois\" \/>\n\t<meta name=\"twitter:label2\" content=\"Dur\u00e9e de lecture estim\u00e9e\" \/>\n\t<meta name=\"twitter:data2\" content=\"1 minute\" \/>\n<script type=\"application\/ld+json\" class=\"yoast-schema-graph\">{\"@context\":\"https:\/\/schema.org\",\"@graph\":[{\"@type\":\"Article\",\"@id\":\"https:\/\/francois-pelletant.fr\/blog\/dessins-de-presse-de-semaine-15\/#article\",\"isPartOf\":{\"@id\":\"https:\/\/francois-pelletant.fr\/blog\/dessins-de-presse-de-semaine-15\/\"},\"author\":{\"name\":\"Francois\",\"@id\":\"https:\/\/francois-pelletant.fr\/blog\/#\/schema\/person\/2be41acb171dff8f31aaed1f40cee9f3\"},\"headline\":\"Les dessins de presse de la semaine\",\"datePublished\":\"2019-04-07T10:37:37+00:00\",\"mainEntityOfPage\":{\"@id\":\"https:\/\/francois-pelletant.fr\/blog\/dessins-de-presse-de-semaine-15\/\"},\"wordCount\":152,\"commentCount\":0,\"publisher\":{\"@id\":\"https:\/\/francois-pelletant.fr\/blog\/#organization\"},\"image\":{\"@id\":\"https:\/\/francois-pelletant.fr\/blog\/dessins-de-presse-de-semaine-15\/#primaryimage\"},\"thumbnailUrl\":\"https:\/\/francois-pelletant.fr\/blog\/wp-content\/uploads\/2019\/04\/Na-3-avril.jpg\",\"articleSection\":[\"Prix du meilleur dessin de presse\"],\"inLanguage\":\"fr-FR\",\"potentialAction\":[{\"@type\":\"CommentAction\",\"name\":\"Comment\",\"target\":[\"https:\/\/francois-pelletant.fr\/blog\/dessins-de-presse-de-semaine-15\/#respond\"]}]},{\"@type\":\"WebPage\",\"@id\":\"https:\/\/francois-pelletant.fr\/blog\/dessins-de-presse-de-semaine-15\/\",\"url\":\"https:\/\/francois-pelletant.fr\/blog\/dessins-de-presse-de-semaine-15\/\",\"name\":\"Les dessins de presse de la semaine - Fran\u00e7ois Pelletant\",\"isPartOf\":{\"@id\":\"https:\/\/francois-pelletant.fr\/blog\/#website\"},\"primaryImageOfPage\":{\"@id\":\"https:\/\/francois-pelletant.fr\/blog\/dessins-de-presse-de-semaine-15\/#primaryimage\"},\"image\":{\"@id\":\"https:\/\/francois-pelletant.fr\/blog\/dessins-de-presse-de-semaine-15\/#primaryimage\"},\"thumbnailUrl\":\"https:\/\/francois-pelletant.fr\/blog\/wp-content\/uploads\/2019\/04\/Na-3-avril.jpg\",\"datePublished\":\"2019-04-07T10:37:37+00:00\",\"breadcrumb\":{\"@id\":\"https:\/\/francois-pelletant.fr\/blog\/dessins-de-presse-de-semaine-15\/#breadcrumb\"},\"inLanguage\":\"fr-FR\",\"potentialAction\":[{\"@type\":\"ReadAction\",\"target\":[\"https:\/\/francois-pelletant.fr\/blog\/dessins-de-presse-de-semaine-15\/\"]}]},{\"@type\":\"ImageObject\",\"inLanguage\":\"fr-FR\",\"@id\":\"https:\/\/francois-pelletant.fr\/blog\/dessins-de-presse-de-semaine-15\/#primaryimage\",\"url\":\"https:\/\/francois-pelletant.fr\/blog\/wp-content\/uploads\/2019\/04\/Na-3-avril.jpg\",\"contentUrl\":\"https:\/\/francois-pelletant.fr\/blog\/wp-content\/uploads\/2019\/04\/Na-3-avril.jpg\",\"width\":600,\"height\":450,\"caption\":\"Na 3 avril\"},{\"@type\":\"BreadcrumbList\",\"@id\":\"https:\/\/francois-pelletant.fr\/blog\/dessins-de-presse-de-semaine-15\/#breadcrumb\",\"itemListElement\":[{\"@type\":\"ListItem\",\"position\":1,\"name\":\"Accueil\",\"item\":\"https:\/\/francois-pelletant.fr\/blog\/\"},{\"@type\":\"ListItem\",\"position\":2,\"name\":\"Les dessins de presse de la semaine\"}]},{\"@type\":\"WebSite\",\"@id\":\"https:\/\/francois-pelletant.fr\/blog\/#website\",\"url\":\"https:\/\/francois-pelletant.fr\/blog\/\",\"name\":\"Fran\u00e7ois Pelletant\",\"description\":\"Maire de Linas, pour toujours.\",\"publisher\":{\"@id\":\"https:\/\/francois-pelletant.fr\/blog\/#organization\"},\"potentialAction\":[{\"@type\":\"SearchAction\",\"target\":{\"@type\":\"EntryPoint\",\"urlTemplate\":\"https:\/\/francois-pelletant.fr\/blog\/?s={search_term_string}\"},\"query-input\":{\"@type\":\"PropertyValueSpecification\",\"valueRequired\":true,\"valueName\":\"search_term_string\"}}],\"inLanguage\":\"fr-FR\"},{\"@type\":\"Organization\",\"@id\":\"https:\/\/francois-pelletant.fr\/blog\/#organization\",\"name\":\"Fran\u00e7ois Pelletant\",\"url\":\"https:\/\/francois-pelletant.fr\/blog\/\",\"logo\":{\"@type\":\"ImageObject\",\"inLanguage\":\"fr-FR\",\"@id\":\"https:\/\/francois-pelletant.fr\/blog\/#\/schema\/logo\/image\/\",\"url\":\"https:\/\/francois-pelletant.fr\/blog\/wp-content\/uploads\/2024\/07\/icone-francois-centre-500p.png\",\"contentUrl\":\"https:\/\/francois-pelletant.fr\/blog\/wp-content\/uploads\/2024\/07\/icone-francois-centre-500p.png\",\"width\":559,\"height\":447,\"caption\":\"Fran\u00e7ois Pelletant\"},\"image\":{\"@id\":\"https:\/\/francois-pelletant.fr\/blog\/#\/schema\/logo\/image\/\"},\"sameAs\":[\"https:\/\/www.facebook.com\/francois.pelletant.7\",\"https:\/\/x.com\/pelletant\"]},{\"@type\":\"Person\",\"@id\":\"https:\/\/francois-pelletant.fr\/blog\/#\/schema\/person\/2be41acb171dff8f31aaed1f40cee9f3\",\"name\":\"Francois\"}]}<\/script>\n<!-- \/ Yoast SEO plugin. -->","yoast_head_json":{"title":"Les dessins de presse de la semaine - Fran\u00e7ois Pelletant","robots":{"index":"index","follow":"follow","max-snippet":"max-snippet:-1","max-image-preview":"max-image-preview:large","max-video-preview":"max-video-preview:-1"},"canonical":"https:\/\/francois-pelletant.fr\/blog\/dessins-de-presse-de-semaine-15\/","og_locale":"fr_FR","og_type":"article","og_title":"Les dessins de presse de la semaine - Fran\u00e7ois Pelletant","og_description":"Alg\u00e9rie, intoxication dans un Ehpad, Brexit, foot, remaniement minist\u00e9riel, environnement, \u00e9lections europ\u00e9ennes&#8230; Les sujets qui font l&#8217;actualit\u00e9\u00a0sont tellement divers qu&#8217;il faut plusieurs caricaturistes pour l&#8217;illustrer cette semaine encore. &nbsp; &nbsp; &nbsp; &nbsp; &nbsp; &nbsp; &nbsp; &nbsp; &nbsp; &nbsp; &nbsp; &nbsp;","og_url":"https:\/\/francois-pelletant.fr\/blog\/dessins-de-presse-de-semaine-15\/","og_site_name":"Fran\u00e7ois Pelletant","article_publisher":"https:\/\/www.facebook.com\/francois.pelletant.7","article_published_time":"2019-04-07T10:37:37+00:00","og_image":[{"width":600,"height":450,"url":"https:\/\/francois-pelletant.fr\/blog\/wp-content\/uploads\/2019\/04\/Na-3-avril.jpg","type":"image\/jpeg"}],"author":"Francois","twitter_card":"summary_large_image","twitter_creator":"@pelletant","twitter_site":"@pelletant","twitter_misc":{"\u00c9crit par":"Francois","Dur\u00e9e de lecture estim\u00e9e":"1 minute"},"schema":{"@context":"https:\/\/schema.org","@graph":[{"@type":"Article","@id":"https:\/\/francois-pelletant.fr\/blog\/dessins-de-presse-de-semaine-15\/#article","isPartOf":{"@id":"https:\/\/francois-pelletant.fr\/blog\/dessins-de-presse-de-semaine-15\/"},"author":{"name":"Francois","@id":"https:\/\/francois-pelletant.fr\/blog\/#\/schema\/person\/2be41acb171dff8f31aaed1f40cee9f3"},"headline":"Les dessins de presse de la semaine","datePublished":"2019-04-07T10:37:37+00:00","mainEntityOfPage":{"@id":"https:\/\/francois-pelletant.fr\/blog\/dessins-de-presse-de-semaine-15\/"},"wordCount":152,"commentCount":0,"publisher":{"@id":"https:\/\/francois-pelletant.fr\/blog\/#organization"},"image":{"@id":"https:\/\/francois-pelletant.fr\/blog\/dessins-de-presse-de-semaine-15\/#primaryimage"},"thumbnailUrl":"https:\/\/francois-pelletant.fr\/blog\/wp-content\/uploads\/2019\/04\/Na-3-avril.jpg","articleSection":["Prix du meilleur dessin de presse"],"inLanguage":"fr-FR","potentialAction":[{"@type":"CommentAction","name":"Comment","target":["https:\/\/francois-pelletant.fr\/blog\/dessins-de-presse-de-semaine-15\/#respond"]}]},{"@type":"WebPage","@id":"https:\/\/francois-pelletant.fr\/blog\/dessins-de-presse-de-semaine-15\/","url":"https:\/\/francois-pelletant.fr\/blog\/dessins-de-presse-de-semaine-15\/","name":"Les dessins de presse de la semaine - Fran\u00e7ois Pelletant","isPartOf":{"@id":"https:\/\/francois-pelletant.fr\/blog\/#website"},"primaryImageOfPage":{"@id":"https:\/\/francois-pelletant.fr\/blog\/dessins-de-presse-de-semaine-15\/#primaryimage"},"image":{"@id":"https:\/\/francois-pelletant.fr\/blog\/dessins-de-presse-de-semaine-15\/#primaryimage"},"thumbnailUrl":"https:\/\/francois-pelletant.fr\/blog\/wp-content\/uploads\/2019\/04\/Na-3-avril.jpg","datePublished":"2019-04-07T10:37:37+00:00","breadcrumb":{"@id":"https:\/\/francois-pelletant.fr\/blog\/dessins-de-presse-de-semaine-15\/#breadcrumb"},"inLanguage":"fr-FR","potentialAction":[{"@type":"ReadAction","target":["https:\/\/francois-pelletant.fr\/blog\/dessins-de-presse-de-semaine-15\/"]}]},{"@type":"ImageObject","inLanguage":"fr-FR","@id":"https:\/\/francois-pelletant.fr\/blog\/dessins-de-presse-de-semaine-15\/#primaryimage","url":"https:\/\/francois-pelletant.fr\/blog\/wp-content\/uploads\/2019\/04\/Na-3-avril.jpg","contentUrl":"https:\/\/francois-pelletant.fr\/blog\/wp-content\/uploads\/2019\/04\/Na-3-avril.jpg","width":600,"height":450,"caption":"Na 3 avril"},{"@type":"BreadcrumbList","@id":"https:\/\/francois-pelletant.fr\/blog\/dessins-de-presse-de-semaine-15\/#breadcrumb","itemListElement":[{"@type":"ListItem","position":1,"name":"Accueil","item":"https:\/\/francois-pelletant.fr\/blog\/"},{"@type":"ListItem","position":2,"name":"Les dessins de presse de la semaine"}]},{"@type":"WebSite","@id":"https:\/\/francois-pelletant.fr\/blog\/#website","url":"https:\/\/francois-pelletant.fr\/blog\/","name":"Fran\u00e7ois Pelletant","description":"Maire de Linas, pour toujours.","publisher":{"@id":"https:\/\/francois-pelletant.fr\/blog\/#organization"},"potentialAction":[{"@type":"SearchAction","target":{"@type":"EntryPoint","urlTemplate":"https:\/\/francois-pelletant.fr\/blog\/?s={search_term_string}"},"query-input":{"@type":"PropertyValueSpecification","valueRequired":true,"valueName":"search_term_string"}}],"inLanguage":"fr-FR"},{"@type":"Organization","@id":"https:\/\/francois-pelletant.fr\/blog\/#organization","name":"Fran\u00e7ois Pelletant","url":"https:\/\/francois-pelletant.fr\/blog\/","logo":{"@type":"ImageObject","inLanguage":"fr-FR","@id":"https:\/\/francois-pelletant.fr\/blog\/#\/schema\/logo\/image\/","url":"https:\/\/francois-pelletant.fr\/blog\/wp-content\/uploads\/2024\/07\/icone-francois-centre-500p.png","contentUrl":"https:\/\/francois-pelletant.fr\/blog\/wp-content\/uploads\/2024\/07\/icone-francois-centre-500p.png","width":559,"height":447,"caption":"Fran\u00e7ois Pelletant"},"image":{"@id":"https:\/\/francois-pelletant.fr\/blog\/#\/schema\/logo\/image\/"},"sameAs":["https:\/\/www.facebook.com\/francois.pelletant.7","https:\/\/x.com\/pelletant"]},{"@type":"Person","@id":"https:\/\/francois-pelletant.fr\/blog\/#\/schema\/person\/2be41acb171dff8f31aaed1f40cee9f3","name":"Francois"}]}},"_links":{"self":[{"href":"https:\/\/francois-pelletant.fr\/blog\/wp-json\/wp\/v2\/posts\/12101","targetHints":{"allow":["GET"]}}],"collection":[{"href":"https:\/\/francois-pelletant.fr\/blog\/wp-json\/wp\/v2\/posts"}],"about":[{"href":"https:\/\/francois-pelletant.fr\/blog\/wp-json\/wp\/v2\/types\/post"}],"author":[{"embeddable":true,"href":"https:\/\/francois-pelletant.fr\/blog\/wp-json\/wp\/v2\/users\/1"}],"replies":[{"embeddable":true,"href":"https:\/\/francois-pelletant.fr\/blog\/wp-json\/wp\/v2\/comments?post=12101"}],"version-history":[{"count":0,"href":"https:\/\/francois-pelletant.fr\/blog\/wp-json\/wp\/v2\/posts\/12101\/revisions"}],"wp:featuredmedia":[{"embeddable":true,"href":"https:\/\/francois-pelletant.fr\/blog\/wp-json\/wp\/v2\/media\/12102"}],"wp:attachment":[{"href":"https:\/\/francois-pelletant.fr\/blog\/wp-json\/wp\/v2\/media?parent=12101"}],"wp:term":[{"taxonomy":"category","embeddable":true,"href":"https:\/\/francois-pelletant.fr\/blog\/wp-json\/wp\/v2\/categories?post=12101"},{"taxonomy":"post_tag","embeddable":true,"href":"https:\/\/francois-pelletant.fr\/blog\/wp-json\/wp\/v2\/tags?post=12101"}],"curies":[{"name":"wp","href":"https:\/\/api.w.org\/{rel}","templated":true}]}}