{"id":12133,"date":"2019-04-12T13:35:05","date_gmt":"2019-04-12T13:35:05","guid":{"rendered":"https:\/\/francois-pelletant.fr\/blog\/?p=12133"},"modified":"2019-04-12T13:35:05","modified_gmt":"2019-04-12T13:35:05","slug":"information-de-fin-fonctions-dadjoint-de-m-regis-desgats-a-linas","status":"publish","type":"post","link":"https:\/\/francois-pelletant.fr\/blog\/information-de-fin-fonctions-dadjoint-de-m-regis-desgats-a-linas\/","title":{"rendered":"Information au sujet de la fin des fonctions d&#8217;adjoint de M. R\u00e9gis Desgats \u00e0 Linas"},"content":{"rendered":"<p><a href=\"https:\/\/francois-pelletant.fr\/blog\/wp-content\/uploads\/2019\/04\/REGIS3.jpg\" rel=\"attachment wp-att-12134\"><img loading=\"lazy\" decoding=\"async\" class=\"alignleft size-medium wp-image-12134\" src=\"https:\/\/francois-pelletant.fr\/blog\/wp-content\/uploads\/2019\/04\/REGIS3-300x284.jpg\" alt=\"REGIS3\" width=\"300\" height=\"284\" srcset=\"https:\/\/francois-pelletant.fr\/blog\/wp-content\/uploads\/2019\/04\/REGIS3-300x284.jpg 300w, https:\/\/francois-pelletant.fr\/blog\/wp-content\/uploads\/2019\/04\/REGIS3-600x568.jpg 600w, https:\/\/francois-pelletant.fr\/blog\/wp-content\/uploads\/2019\/04\/REGIS3.jpg 677w\" sizes=\"auto, (max-width: 300px) 100vw, 300px\" \/><\/a>L&#8217;article publi\u00e9 le 11 avril par le journal &#8220;Le Parisien&#8221; au sujet de l&#8217;ancien adjoint de Linas,\u00a0R\u00e9gis Desgats,\u00a0appelle quelques\u00a0observations compl\u00e9mentaires sans lesquelles vous ne disposez que d&#8217;une vision tronqu\u00e9e de la r\u00e9alit\u00e9.<\/p>\n<p>M. Desgats a \u00e9t\u00e9 \u00e9lu pour la premi\u00e8re fois \u00e0 Linas en 2008. Il\u00a0y\u00a0a assur\u00e9 les fonctions d&#8217;adjoint pendant plusieurs ann\u00e9es. Depuis plus de 5 cinq ans,\u00a0M. Desgats n&#8217;habite plus \u00e0 Linas mais dans une ville \u00e0 l&#8217;autre bout du d\u00e9partement. Sa pr\u00e9sence \u00e0 Linas s&#8217;est faite de plus en plus rare. Il a pourtant conserv\u00e9 le titre d&#8217;adjoint,\u00a0une d\u00e9l\u00e9gation et les indemnit\u00e9s correspondantes\u00a0(750 euros \/ mois) jusqu&#8217;en mars 2018. Lorsqu&#8217;il \u00e9tait encore\u00a0pr\u00e9sent\u00a0sur la commune,\u00a0M.Desgats \u00e9tait responsable de la s\u00e9curit\u00e9 et, par voie\u00a0de cons\u00e9quence, de la Police Municipale.<\/p>\n<p>Chacun peut\u00a0constater\u00a0ce qu&#8217;est devenu ce service. Pour r\u00e9sumer\u00a0la situation,\u00a0ce service a \u00e9t\u00e9 organis\u00e9 autour de la personnalit\u00e9 culte de M. Desgats. Les fonctionnaires de Police Municipale l&#8217;appelaient, avec d\u00e9f\u00e9rence :\u00a0\u00ab\u00a0Patron\u00a0\u00bb (titre donn\u00e9 \u00e0 un commissaire dans la police nationale et les s\u00e9ries\u00a0t\u00e9l\u00e9vis\u00e9es) ;\u00a0ils\u00a0agissaient\u00a0en quasi autarcie,\u00a0refusant de rendre des comptes et\u00a0de\u00a0r\u00e9pondre aux\u00a0sollicitations de la Directrice G\u00e9n\u00e9rale des Services de la mairie. Il y a deux ans, j&#8217;ai demand\u00e9 \u00e0 M. Desgats de ne plus s&#8217;occuper de la Police Municipale ; la situation\u00a0ne s&#8217;est pas am\u00e9lior\u00e9e.<\/p>\n<p>Au printemps 2018, j&#8217;ai d\u00e9charg\u00e9 M. Desgats de sa responsabilit\u00e9 sur la Police Municipale et\u00a0par cons\u00e9quent\u00a0de 50% de ses indemnit\u00e9s. J&#8217;ai fix\u00e9 \u00e0 la Police Municipale un objectif de redressement pour septembre 2018 qui n&#8217;a pas \u00e9t\u00e9\u00a0atteint. En octobre 2018,\u00a0j&#8217;ai\u00a0pris la d\u00e9cision\u00a0de restructurer ce service,\u00a0en prenant acte de\u00a0l&#8217;aggravation de la courbe de l&#8217;ins\u00e9curit\u00e9.<\/p>\n<p>M.Desgats est rest\u00e9 adjoint \u00e0 demi traitement (350 euros \/ mois) jusqu\u2019en mars 2019 o\u00f9,\u00a0ne\u00a0constatant aucune action concr\u00e8te ni m\u00eame d&#8217;implication efficiente dans sa mission, j&#8217;ai d\u00e9cid\u00e9 de lui retirer toute d\u00e9l\u00e9gation et indemnisation.<\/p>\n<p>Je pr\u00e9cise que cette situation\u00a0ne s&#8217;\u00e9tait jamais produite\u00a0auparavant \u00e0 Linas.<\/p>\n<p>Pour fonctionner, une mairie s&#8217;appuie sur le b\u00e9n\u00e9volat et le d\u00e9vouement de volontaires\u00a0qui donnent de leur temps sans compter. Les \u00e9lus, qui sont\u00a0cens\u00e9s s&#8217;impliquer plus que d&#8217;autres, re\u00e7oivent pour cela une indemnisation. On ne peut pas\u00a0tol\u00e9rer\u00a0que M. Desgats reste en fonction sans rien faire pour la ville\u00a0alors\u00a0que les b\u00e9n\u00e9voles et ses coll\u00e8gues\u00a0ne\u00a0le voient faire son apparition\u00a0qu&#8217;\u00e9pisodiquement comme ce 30 mars 2019 pour le banquet annuel du troisi\u00e8me \u00e2ge dont\u00a0il est reparti en ayant fait ses provisions\u00a0de bouteilles d&#8217;alcool entam\u00e9es, ce que personne d\u2019autre ne se permettrait de faire.<\/p>\n<p>Ce type d&#8217;incident est d\u00e9mobilisant pour les b\u00e9n\u00e9voles qui en sont les t\u00e9moins et aucun talent journalistique ne peut le rendre acceptable.<\/p>\n<p>Pour se justifier,\u00a0M. Desgats\u00a0rab\u00e2che ses actions pass\u00e9es pour la commune<em>\u00a0<\/em>que je ne nie pas et pour lesquelles je reste reconnaissant. Lui,\u00a0pr\u00e9f\u00e8re d\u00e9nigrer le maire avec lequel il a pourtant travaill\u00e9 pendant 10 ans.\u00a0Cela\u00a0est r\u00e9v\u00e9lateur de la faiblesse des arguments.\u00a0Que &#8220;Le Parisien&#8221; s&#8217;en fasse l&#8217;\u00e9cho sans approfondir sur la r\u00e9alit\u00e9 de la situation m\u00e9ritait\u00a0cette mise au point.<\/p>\n<p>De m\u00eame, pour votre\u00a0parfaite\u00a0information,\u00a0il convient de pr\u00e9ciser, en \u00e9cho \u00e0 l&#8217;article\u00a0publi\u00e9 par Le Parisien le 14 f\u00e9vrier dernier,\u00a0que M. Desgats qui vous a \u00e9t\u00e9 pr\u00e9sent\u00e9 comme un h\u00e9ros des &#8220;forces sp\u00e9ciales&#8221;, a fait son service militaire,\u00a0comme beaucoup. En ce qui concerne son professionnalisme,\u00a0issu du passage dans une des soci\u00e9t\u00e9s du Commandant Paul Barril, vous jugerez\u00a0vous-m\u00eame du caract\u00e8re recommandable de cette r\u00e9f\u00e9rence\u00a0en consultant Internet.<\/p>\n<p>Le 9 avril 2019 le conseil municipal de Linas a d\u00e9cid\u00e9 de d\u00e9mettre Monsieur R\u00e9gis Desgat de ses fonctions d&#8217;adjoint au Maire de Linas.<\/p>\n","protected":false},"excerpt":{"rendered":"<p>L&#8217;article publi\u00e9 le 11 avril par le journal &#8220;Le Parisien&#8221; au sujet de l&#8217;ancien adjoint de Linas,\u00a0R\u00e9gis Desgats,\u00a0appelle quelques\u00a0observations compl\u00e9mentaires sans lesquelles vous ne disposez que d&#8217;une vision tronqu\u00e9e de la r\u00e9alit\u00e9. M. Desgats a \u00e9t\u00e9 \u00e9lu pour la premi\u00e8re fois \u00e0 Linas en 2008. Il\u00a0y\u00a0a assur\u00e9 les fonctions d&#8217;adjoint pendant plusieurs ann\u00e9es. Depuis plus [&hellip;]<\/p>\n","protected":false},"author":1,"featured_media":12134,"comment_status":"open","ping_status":"closed","sticky":false,"template":"","format":"standard","meta":{"footnotes":""},"categories":[16],"tags":[],"class_list":["post-12133","post","type-post","status-publish","format-standard","has-post-thumbnail","hentry","category-prises-de-positions"],"yoast_head":"<!-- This site is optimized with the Yoast SEO plugin v25.6 - https:\/\/yoast.com\/wordpress\/plugins\/seo\/ -->\n<title>Information au sujet de la fin des fonctions d&#039;adjoint de M. R\u00e9gis Desgats \u00e0 Linas - Fran\u00e7ois Pelletant<\/title>\n<meta name=\"robots\" content=\"index, follow, max-snippet:-1, max-image-preview:large, max-video-preview:-1\" \/>\n<link rel=\"canonical\" href=\"https:\/\/francois-pelletant.fr\/blog\/information-de-fin-fonctions-dadjoint-de-m-regis-desgats-a-linas\/\" \/>\n<meta property=\"og:locale\" content=\"fr_FR\" \/>\n<meta property=\"og:type\" content=\"article\" \/>\n<meta property=\"og:title\" content=\"Information au sujet de la fin des fonctions d&#039;adjoint de M. R\u00e9gis Desgats \u00e0 Linas - Fran\u00e7ois Pelletant\" \/>\n<meta property=\"og:description\" content=\"L&#8217;article publi\u00e9 le 11 avril par le journal &#8220;Le Parisien&#8221; au sujet de l&#8217;ancien adjoint de Linas,\u00a0R\u00e9gis Desgats,\u00a0appelle quelques\u00a0observations compl\u00e9mentaires sans lesquelles vous ne disposez que d&#8217;une vision tronqu\u00e9e de la r\u00e9alit\u00e9. M. Desgats a \u00e9t\u00e9 \u00e9lu pour la premi\u00e8re fois \u00e0 Linas en 2008. Il\u00a0y\u00a0a assur\u00e9 les fonctions d&#8217;adjoint pendant plusieurs ann\u00e9es. Depuis plus [&hellip;]\" \/>\n<meta property=\"og:url\" content=\"https:\/\/francois-pelletant.fr\/blog\/information-de-fin-fonctions-dadjoint-de-m-regis-desgats-a-linas\/\" \/>\n<meta property=\"og:site_name\" content=\"Fran\u00e7ois Pelletant\" \/>\n<meta property=\"article:publisher\" content=\"https:\/\/www.facebook.com\/francois.pelletant.7\" \/>\n<meta property=\"article:published_time\" content=\"2019-04-12T13:35:05+00:00\" \/>\n<meta property=\"og:image\" content=\"https:\/\/francois-pelletant.fr\/blog\/wp-content\/uploads\/2019\/04\/REGIS3.jpg\" \/>\n\t<meta property=\"og:image:width\" content=\"677\" \/>\n\t<meta property=\"og:image:height\" content=\"641\" \/>\n\t<meta property=\"og:image:type\" content=\"image\/jpeg\" \/>\n<meta name=\"author\" content=\"Francois\" \/>\n<meta name=\"twitter:card\" content=\"summary_large_image\" \/>\n<meta name=\"twitter:creator\" content=\"@pelletant\" \/>\n<meta name=\"twitter:site\" content=\"@pelletant\" \/>\n<meta name=\"twitter:label1\" content=\"\u00c9crit par\" \/>\n\t<meta name=\"twitter:data1\" content=\"Francois\" \/>\n\t<meta name=\"twitter:label2\" content=\"Dur\u00e9e de lecture estim\u00e9e\" \/>\n\t<meta name=\"twitter:data2\" content=\"3 minutes\" \/>\n<script type=\"application\/ld+json\" class=\"yoast-schema-graph\">{\"@context\":\"https:\/\/schema.org\",\"@graph\":[{\"@type\":\"Article\",\"@id\":\"https:\/\/francois-pelletant.fr\/blog\/information-de-fin-fonctions-dadjoint-de-m-regis-desgats-a-linas\/#article\",\"isPartOf\":{\"@id\":\"https:\/\/francois-pelletant.fr\/blog\/information-de-fin-fonctions-dadjoint-de-m-regis-desgats-a-linas\/\"},\"author\":{\"name\":\"Francois\",\"@id\":\"https:\/\/francois-pelletant.fr\/blog\/#\/schema\/person\/2be41acb171dff8f31aaed1f40cee9f3\"},\"headline\":\"Information au sujet de la fin des fonctions d&#8217;adjoint de M. R\u00e9gis Desgats \u00e0 Linas\",\"datePublished\":\"2019-04-12T13:35:05+00:00\",\"mainEntityOfPage\":{\"@id\":\"https:\/\/francois-pelletant.fr\/blog\/information-de-fin-fonctions-dadjoint-de-m-regis-desgats-a-linas\/\"},\"wordCount\":718,\"commentCount\":0,\"publisher\":{\"@id\":\"https:\/\/francois-pelletant.fr\/blog\/#organization\"},\"image\":{\"@id\":\"https:\/\/francois-pelletant.fr\/blog\/information-de-fin-fonctions-dadjoint-de-m-regis-desgats-a-linas\/#primaryimage\"},\"thumbnailUrl\":\"https:\/\/francois-pelletant.fr\/blog\/wp-content\/uploads\/2019\/04\/REGIS3.jpg\",\"articleSection\":[\"Prises de positions\"],\"inLanguage\":\"fr-FR\",\"potentialAction\":[{\"@type\":\"CommentAction\",\"name\":\"Comment\",\"target\":[\"https:\/\/francois-pelletant.fr\/blog\/information-de-fin-fonctions-dadjoint-de-m-regis-desgats-a-linas\/#respond\"]}]},{\"@type\":\"WebPage\",\"@id\":\"https:\/\/francois-pelletant.fr\/blog\/information-de-fin-fonctions-dadjoint-de-m-regis-desgats-a-linas\/\",\"url\":\"https:\/\/francois-pelletant.fr\/blog\/information-de-fin-fonctions-dadjoint-de-m-regis-desgats-a-linas\/\",\"name\":\"Information au sujet de la fin des fonctions d'adjoint de M. R\u00e9gis Desgats \u00e0 Linas - Fran\u00e7ois Pelletant\",\"isPartOf\":{\"@id\":\"https:\/\/francois-pelletant.fr\/blog\/#website\"},\"primaryImageOfPage\":{\"@id\":\"https:\/\/francois-pelletant.fr\/blog\/information-de-fin-fonctions-dadjoint-de-m-regis-desgats-a-linas\/#primaryimage\"},\"image\":{\"@id\":\"https:\/\/francois-pelletant.fr\/blog\/information-de-fin-fonctions-dadjoint-de-m-regis-desgats-a-linas\/#primaryimage\"},\"thumbnailUrl\":\"https:\/\/francois-pelletant.fr\/blog\/wp-content\/uploads\/2019\/04\/REGIS3.jpg\",\"datePublished\":\"2019-04-12T13:35:05+00:00\",\"breadcrumb\":{\"@id\":\"https:\/\/francois-pelletant.fr\/blog\/information-de-fin-fonctions-dadjoint-de-m-regis-desgats-a-linas\/#breadcrumb\"},\"inLanguage\":\"fr-FR\",\"potentialAction\":[{\"@type\":\"ReadAction\",\"target\":[\"https:\/\/francois-pelletant.fr\/blog\/information-de-fin-fonctions-dadjoint-de-m-regis-desgats-a-linas\/\"]}]},{\"@type\":\"ImageObject\",\"inLanguage\":\"fr-FR\",\"@id\":\"https:\/\/francois-pelletant.fr\/blog\/information-de-fin-fonctions-dadjoint-de-m-regis-desgats-a-linas\/#primaryimage\",\"url\":\"https:\/\/francois-pelletant.fr\/blog\/wp-content\/uploads\/2019\/04\/REGIS3.jpg\",\"contentUrl\":\"https:\/\/francois-pelletant.fr\/blog\/wp-content\/uploads\/2019\/04\/REGIS3.jpg\",\"width\":677,\"height\":641},{\"@type\":\"BreadcrumbList\",\"@id\":\"https:\/\/francois-pelletant.fr\/blog\/information-de-fin-fonctions-dadjoint-de-m-regis-desgats-a-linas\/#breadcrumb\",\"itemListElement\":[{\"@type\":\"ListItem\",\"position\":1,\"name\":\"Accueil\",\"item\":\"https:\/\/francois-pelletant.fr\/blog\/\"},{\"@type\":\"ListItem\",\"position\":2,\"name\":\"Information au sujet de la fin des fonctions d&#8217;adjoint de M. R\u00e9gis Desgats \u00e0 Linas\"}]},{\"@type\":\"WebSite\",\"@id\":\"https:\/\/francois-pelletant.fr\/blog\/#website\",\"url\":\"https:\/\/francois-pelletant.fr\/blog\/\",\"name\":\"Fran\u00e7ois Pelletant\",\"description\":\"Maire de Linas, pour toujours.\",\"publisher\":{\"@id\":\"https:\/\/francois-pelletant.fr\/blog\/#organization\"},\"potentialAction\":[{\"@type\":\"SearchAction\",\"target\":{\"@type\":\"EntryPoint\",\"urlTemplate\":\"https:\/\/francois-pelletant.fr\/blog\/?s={search_term_string}\"},\"query-input\":{\"@type\":\"PropertyValueSpecification\",\"valueRequired\":true,\"valueName\":\"search_term_string\"}}],\"inLanguage\":\"fr-FR\"},{\"@type\":\"Organization\",\"@id\":\"https:\/\/francois-pelletant.fr\/blog\/#organization\",\"name\":\"Fran\u00e7ois Pelletant\",\"url\":\"https:\/\/francois-pelletant.fr\/blog\/\",\"logo\":{\"@type\":\"ImageObject\",\"inLanguage\":\"fr-FR\",\"@id\":\"https:\/\/francois-pelletant.fr\/blog\/#\/schema\/logo\/image\/\",\"url\":\"https:\/\/francois-pelletant.fr\/blog\/wp-content\/uploads\/2024\/07\/icone-francois-centre-500p.png\",\"contentUrl\":\"https:\/\/francois-pelletant.fr\/blog\/wp-content\/uploads\/2024\/07\/icone-francois-centre-500p.png\",\"width\":559,\"height\":447,\"caption\":\"Fran\u00e7ois Pelletant\"},\"image\":{\"@id\":\"https:\/\/francois-pelletant.fr\/blog\/#\/schema\/logo\/image\/\"},\"sameAs\":[\"https:\/\/www.facebook.com\/francois.pelletant.7\",\"https:\/\/x.com\/pelletant\"]},{\"@type\":\"Person\",\"@id\":\"https:\/\/francois-pelletant.fr\/blog\/#\/schema\/person\/2be41acb171dff8f31aaed1f40cee9f3\",\"name\":\"Francois\"}]}<\/script>\n<!-- \/ Yoast SEO plugin. -->","yoast_head_json":{"title":"Information au sujet de la fin des fonctions d'adjoint de M. R\u00e9gis Desgats \u00e0 Linas - Fran\u00e7ois Pelletant","robots":{"index":"index","follow":"follow","max-snippet":"max-snippet:-1","max-image-preview":"max-image-preview:large","max-video-preview":"max-video-preview:-1"},"canonical":"https:\/\/francois-pelletant.fr\/blog\/information-de-fin-fonctions-dadjoint-de-m-regis-desgats-a-linas\/","og_locale":"fr_FR","og_type":"article","og_title":"Information au sujet de la fin des fonctions d'adjoint de M. R\u00e9gis Desgats \u00e0 Linas - Fran\u00e7ois Pelletant","og_description":"L&#8217;article publi\u00e9 le 11 avril par le journal &#8220;Le Parisien&#8221; au sujet de l&#8217;ancien adjoint de Linas,\u00a0R\u00e9gis Desgats,\u00a0appelle quelques\u00a0observations compl\u00e9mentaires sans lesquelles vous ne disposez que d&#8217;une vision tronqu\u00e9e de la r\u00e9alit\u00e9. M. Desgats a \u00e9t\u00e9 \u00e9lu pour la premi\u00e8re fois \u00e0 Linas en 2008. Il\u00a0y\u00a0a assur\u00e9 les fonctions d&#8217;adjoint pendant plusieurs ann\u00e9es. Depuis plus [&hellip;]","og_url":"https:\/\/francois-pelletant.fr\/blog\/information-de-fin-fonctions-dadjoint-de-m-regis-desgats-a-linas\/","og_site_name":"Fran\u00e7ois Pelletant","article_publisher":"https:\/\/www.facebook.com\/francois.pelletant.7","article_published_time":"2019-04-12T13:35:05+00:00","og_image":[{"width":677,"height":641,"url":"https:\/\/francois-pelletant.fr\/blog\/wp-content\/uploads\/2019\/04\/REGIS3.jpg","type":"image\/jpeg"}],"author":"Francois","twitter_card":"summary_large_image","twitter_creator":"@pelletant","twitter_site":"@pelletant","twitter_misc":{"\u00c9crit par":"Francois","Dur\u00e9e de lecture estim\u00e9e":"3 minutes"},"schema":{"@context":"https:\/\/schema.org","@graph":[{"@type":"Article","@id":"https:\/\/francois-pelletant.fr\/blog\/information-de-fin-fonctions-dadjoint-de-m-regis-desgats-a-linas\/#article","isPartOf":{"@id":"https:\/\/francois-pelletant.fr\/blog\/information-de-fin-fonctions-dadjoint-de-m-regis-desgats-a-linas\/"},"author":{"name":"Francois","@id":"https:\/\/francois-pelletant.fr\/blog\/#\/schema\/person\/2be41acb171dff8f31aaed1f40cee9f3"},"headline":"Information au sujet de la fin des fonctions d&#8217;adjoint de M. R\u00e9gis Desgats \u00e0 Linas","datePublished":"2019-04-12T13:35:05+00:00","mainEntityOfPage":{"@id":"https:\/\/francois-pelletant.fr\/blog\/information-de-fin-fonctions-dadjoint-de-m-regis-desgats-a-linas\/"},"wordCount":718,"commentCount":0,"publisher":{"@id":"https:\/\/francois-pelletant.fr\/blog\/#organization"},"image":{"@id":"https:\/\/francois-pelletant.fr\/blog\/information-de-fin-fonctions-dadjoint-de-m-regis-desgats-a-linas\/#primaryimage"},"thumbnailUrl":"https:\/\/francois-pelletant.fr\/blog\/wp-content\/uploads\/2019\/04\/REGIS3.jpg","articleSection":["Prises de positions"],"inLanguage":"fr-FR","potentialAction":[{"@type":"CommentAction","name":"Comment","target":["https:\/\/francois-pelletant.fr\/blog\/information-de-fin-fonctions-dadjoint-de-m-regis-desgats-a-linas\/#respond"]}]},{"@type":"WebPage","@id":"https:\/\/francois-pelletant.fr\/blog\/information-de-fin-fonctions-dadjoint-de-m-regis-desgats-a-linas\/","url":"https:\/\/francois-pelletant.fr\/blog\/information-de-fin-fonctions-dadjoint-de-m-regis-desgats-a-linas\/","name":"Information au sujet de la fin des fonctions d'adjoint de M. R\u00e9gis Desgats \u00e0 Linas - Fran\u00e7ois Pelletant","isPartOf":{"@id":"https:\/\/francois-pelletant.fr\/blog\/#website"},"primaryImageOfPage":{"@id":"https:\/\/francois-pelletant.fr\/blog\/information-de-fin-fonctions-dadjoint-de-m-regis-desgats-a-linas\/#primaryimage"},"image":{"@id":"https:\/\/francois-pelletant.fr\/blog\/information-de-fin-fonctions-dadjoint-de-m-regis-desgats-a-linas\/#primaryimage"},"thumbnailUrl":"https:\/\/francois-pelletant.fr\/blog\/wp-content\/uploads\/2019\/04\/REGIS3.jpg","datePublished":"2019-04-12T13:35:05+00:00","breadcrumb":{"@id":"https:\/\/francois-pelletant.fr\/blog\/information-de-fin-fonctions-dadjoint-de-m-regis-desgats-a-linas\/#breadcrumb"},"inLanguage":"fr-FR","potentialAction":[{"@type":"ReadAction","target":["https:\/\/francois-pelletant.fr\/blog\/information-de-fin-fonctions-dadjoint-de-m-regis-desgats-a-linas\/"]}]},{"@type":"ImageObject","inLanguage":"fr-FR","@id":"https:\/\/francois-pelletant.fr\/blog\/information-de-fin-fonctions-dadjoint-de-m-regis-desgats-a-linas\/#primaryimage","url":"https:\/\/francois-pelletant.fr\/blog\/wp-content\/uploads\/2019\/04\/REGIS3.jpg","contentUrl":"https:\/\/francois-pelletant.fr\/blog\/wp-content\/uploads\/2019\/04\/REGIS3.jpg","width":677,"height":641},{"@type":"BreadcrumbList","@id":"https:\/\/francois-pelletant.fr\/blog\/information-de-fin-fonctions-dadjoint-de-m-regis-desgats-a-linas\/#breadcrumb","itemListElement":[{"@type":"ListItem","position":1,"name":"Accueil","item":"https:\/\/francois-pelletant.fr\/blog\/"},{"@type":"ListItem","position":2,"name":"Information au sujet de la fin des fonctions d&#8217;adjoint de M. R\u00e9gis Desgats \u00e0 Linas"}]},{"@type":"WebSite","@id":"https:\/\/francois-pelletant.fr\/blog\/#website","url":"https:\/\/francois-pelletant.fr\/blog\/","name":"Fran\u00e7ois Pelletant","description":"Maire de Linas, pour toujours.","publisher":{"@id":"https:\/\/francois-pelletant.fr\/blog\/#organization"},"potentialAction":[{"@type":"SearchAction","target":{"@type":"EntryPoint","urlTemplate":"https:\/\/francois-pelletant.fr\/blog\/?s={search_term_string}"},"query-input":{"@type":"PropertyValueSpecification","valueRequired":true,"valueName":"search_term_string"}}],"inLanguage":"fr-FR"},{"@type":"Organization","@id":"https:\/\/francois-pelletant.fr\/blog\/#organization","name":"Fran\u00e7ois Pelletant","url":"https:\/\/francois-pelletant.fr\/blog\/","logo":{"@type":"ImageObject","inLanguage":"fr-FR","@id":"https:\/\/francois-pelletant.fr\/blog\/#\/schema\/logo\/image\/","url":"https:\/\/francois-pelletant.fr\/blog\/wp-content\/uploads\/2024\/07\/icone-francois-centre-500p.png","contentUrl":"https:\/\/francois-pelletant.fr\/blog\/wp-content\/uploads\/2024\/07\/icone-francois-centre-500p.png","width":559,"height":447,"caption":"Fran\u00e7ois Pelletant"},"image":{"@id":"https:\/\/francois-pelletant.fr\/blog\/#\/schema\/logo\/image\/"},"sameAs":["https:\/\/www.facebook.com\/francois.pelletant.7","https:\/\/x.com\/pelletant"]},{"@type":"Person","@id":"https:\/\/francois-pelletant.fr\/blog\/#\/schema\/person\/2be41acb171dff8f31aaed1f40cee9f3","name":"Francois"}]}},"_links":{"self":[{"href":"https:\/\/francois-pelletant.fr\/blog\/wp-json\/wp\/v2\/posts\/12133","targetHints":{"allow":["GET"]}}],"collection":[{"href":"https:\/\/francois-pelletant.fr\/blog\/wp-json\/wp\/v2\/posts"}],"about":[{"href":"https:\/\/francois-pelletant.fr\/blog\/wp-json\/wp\/v2\/types\/post"}],"author":[{"embeddable":true,"href":"https:\/\/francois-pelletant.fr\/blog\/wp-json\/wp\/v2\/users\/1"}],"replies":[{"embeddable":true,"href":"https:\/\/francois-pelletant.fr\/blog\/wp-json\/wp\/v2\/comments?post=12133"}],"version-history":[{"count":0,"href":"https:\/\/francois-pelletant.fr\/blog\/wp-json\/wp\/v2\/posts\/12133\/revisions"}],"wp:featuredmedia":[{"embeddable":true,"href":"https:\/\/francois-pelletant.fr\/blog\/wp-json\/wp\/v2\/media\/12134"}],"wp:attachment":[{"href":"https:\/\/francois-pelletant.fr\/blog\/wp-json\/wp\/v2\/media?parent=12133"}],"wp:term":[{"taxonomy":"category","embeddable":true,"href":"https:\/\/francois-pelletant.fr\/blog\/wp-json\/wp\/v2\/categories?post=12133"},{"taxonomy":"post_tag","embeddable":true,"href":"https:\/\/francois-pelletant.fr\/blog\/wp-json\/wp\/v2\/tags?post=12133"}],"curies":[{"name":"wp","href":"https:\/\/api.w.org\/{rel}","templated":true}]}}