{"id":12225,"date":"2019-06-02T10:33:54","date_gmt":"2019-06-02T10:33:54","guid":{"rendered":"https:\/\/francois-pelletant.fr\/blog\/?p=12225"},"modified":"2019-05-31T09:39:19","modified_gmt":"2019-05-31T09:39:19","slug":"lactualite-vue-dessinateurs-de-presse","status":"publish","type":"post","link":"https:\/\/francois-pelletant.fr\/blog\/lactualite-vue-dessinateurs-de-presse\/","title":{"rendered":"L&#8217;actualit\u00e9 vue par les dessinateurs de presse"},"content":{"rendered":"<figure id=\"attachment_12226\" aria-describedby=\"caption-attachment-12226\" style=\"width: 300px\" class=\"wp-caption alignleft\"><a href=\"https:\/\/francois-pelletant.fr\/blog\/wp-content\/uploads\/2019\/05\/Calf-29-mai.jpg\" rel=\"attachment wp-att-12226\"><img loading=\"lazy\" decoding=\"async\" class=\"size-medium wp-image-12226\" src=\"https:\/\/francois-pelletant.fr\/blog\/wp-content\/uploads\/2019\/05\/Calf-29-mai-300x221.jpg\" alt=\"Calf 29 mai\" width=\"300\" height=\"221\" srcset=\"https:\/\/francois-pelletant.fr\/blog\/wp-content\/uploads\/2019\/05\/Calf-29-mai-300x221.jpg 300w, https:\/\/francois-pelletant.fr\/blog\/wp-content\/uploads\/2019\/05\/Calf-29-mai-600x443.jpg 600w, https:\/\/francois-pelletant.fr\/blog\/wp-content\/uploads\/2019\/05\/Calf-29-mai.jpg 720w\" sizes=\"auto, (max-width: 300px) 100vw, 300px\" \/><\/a><figcaption id=\"caption-attachment-12226\" class=\"wp-caption-text\">Calf 29 mai<\/figcaption><\/figure>\n<p>Chaque semaine, ce sont 10 dessins de presse commentant l&#8217;actualit\u00e9 qui sont s\u00e9lectionn\u00e9s dans cette rubrique. Du politique, du sport, du fait divers&#8230; il y en a pour tous les go\u00fbts !<\/p>\n<p>&nbsp;<\/p>\n<figure id=\"attachment_12227\" aria-describedby=\"caption-attachment-12227\" style=\"width: 300px\" class=\"wp-caption aligncenter\"><a href=\"https:\/\/francois-pelletant.fr\/blog\/wp-content\/uploads\/2019\/05\/Babouse-29-mai.jpg\" rel=\"attachment wp-att-12227\"><img loading=\"lazy\" decoding=\"async\" class=\"size-medium wp-image-12227\" src=\"https:\/\/francois-pelletant.fr\/blog\/wp-content\/uploads\/2019\/05\/Babouse-29-mai-300x300.jpg\" alt=\"Babouse 29 mai\" width=\"300\" height=\"300\" srcset=\"https:\/\/francois-pelletant.fr\/blog\/wp-content\/uploads\/2019\/05\/Babouse-29-mai-300x300.jpg 300w, https:\/\/francois-pelletant.fr\/blog\/wp-content\/uploads\/2019\/05\/Babouse-29-mai-150x150.jpg 150w, https:\/\/francois-pelletant.fr\/blog\/wp-content\/uploads\/2019\/05\/Babouse-29-mai-600x601.jpg 600w, https:\/\/francois-pelletant.fr\/blog\/wp-content\/uploads\/2019\/05\/Babouse-29-mai-230x230.jpg 230w, https:\/\/francois-pelletant.fr\/blog\/wp-content\/uploads\/2019\/05\/Babouse-29-mai-400x400.jpg 400w, https:\/\/francois-pelletant.fr\/blog\/wp-content\/uploads\/2019\/05\/Babouse-29-mai-640x640.jpg 640w, https:\/\/francois-pelletant.fr\/blog\/wp-content\/uploads\/2019\/05\/Babouse-29-mai.jpg 719w\" sizes=\"auto, (max-width: 300px) 100vw, 300px\" \/><\/a><figcaption id=\"caption-attachment-12227\" class=\"wp-caption-text\">Babouse 29 mai<\/figcaption><\/figure>\n<p>&nbsp;<\/p>\n<figure id=\"attachment_12228\" aria-describedby=\"caption-attachment-12228\" style=\"width: 262px\" class=\"wp-caption aligncenter\"><a href=\"https:\/\/francois-pelletant.fr\/blog\/wp-content\/uploads\/2019\/05\/Benj-27-mai.jpg\" rel=\"attachment wp-att-12228\"><img loading=\"lazy\" decoding=\"async\" class=\"size-medium wp-image-12228\" src=\"https:\/\/francois-pelletant.fr\/blog\/wp-content\/uploads\/2019\/05\/Benj-27-mai-262x300.jpg\" alt=\"Benj 27 mai\" width=\"262\" height=\"300\" srcset=\"https:\/\/francois-pelletant.fr\/blog\/wp-content\/uploads\/2019\/05\/Benj-27-mai-262x300.jpg 262w, https:\/\/francois-pelletant.fr\/blog\/wp-content\/uploads\/2019\/05\/Benj-27-mai-893x1024.jpg 893w, https:\/\/francois-pelletant.fr\/blog\/wp-content\/uploads\/2019\/05\/Benj-27-mai-768x881.jpg 768w, https:\/\/francois-pelletant.fr\/blog\/wp-content\/uploads\/2019\/05\/Benj-27-mai-600x688.jpg 600w, https:\/\/francois-pelletant.fr\/blog\/wp-content\/uploads\/2019\/05\/Benj-27-mai.jpg 959w\" sizes=\"auto, (max-width: 262px) 100vw, 262px\" \/><\/a><figcaption id=\"caption-attachment-12228\" class=\"wp-caption-text\">Benj 27 mai<\/figcaption><\/figure>\n<p>&nbsp;<\/p>\n<figure id=\"attachment_12229\" aria-describedby=\"caption-attachment-12229\" style=\"width: 300px\" class=\"wp-caption aligncenter\"><a href=\"https:\/\/francois-pelletant.fr\/blog\/wp-content\/uploads\/2019\/05\/Djony-29-mai.jpg\" rel=\"attachment wp-att-12229\"><img loading=\"lazy\" decoding=\"async\" class=\"size-medium wp-image-12229\" src=\"https:\/\/francois-pelletant.fr\/blog\/wp-content\/uploads\/2019\/05\/Djony-29-mai-300x225.jpg\" alt=\"Djony 29 mai\" width=\"300\" height=\"225\" srcset=\"https:\/\/francois-pelletant.fr\/blog\/wp-content\/uploads\/2019\/05\/Djony-29-mai-300x225.jpg 300w, https:\/\/francois-pelletant.fr\/blog\/wp-content\/uploads\/2019\/05\/Djony-29-mai-600x451.jpg 600w, https:\/\/francois-pelletant.fr\/blog\/wp-content\/uploads\/2019\/05\/Djony-29-mai.jpg 720w\" sizes=\"auto, (max-width: 300px) 100vw, 300px\" \/><\/a><figcaption id=\"caption-attachment-12229\" class=\"wp-caption-text\">Djony 29 mai<\/figcaption><\/figure>\n<p>&nbsp;<\/p>\n<figure id=\"attachment_12230\" aria-describedby=\"caption-attachment-12230\" style=\"width: 300px\" class=\"wp-caption aligncenter\"><a href=\"https:\/\/francois-pelletant.fr\/blog\/wp-content\/uploads\/2019\/05\/Goutal-28-mai.jpg\" rel=\"attachment wp-att-12230\"><img loading=\"lazy\" decoding=\"async\" class=\"size-medium wp-image-12230\" src=\"https:\/\/francois-pelletant.fr\/blog\/wp-content\/uploads\/2019\/05\/Goutal-28-mai-300x264.jpg\" alt=\"Goutal 28 mai\" width=\"300\" height=\"264\" srcset=\"https:\/\/francois-pelletant.fr\/blog\/wp-content\/uploads\/2019\/05\/Goutal-28-mai-300x264.jpg 300w, https:\/\/francois-pelletant.fr\/blog\/wp-content\/uploads\/2019\/05\/Goutal-28-mai-1024x901.jpg 1024w, https:\/\/francois-pelletant.fr\/blog\/wp-content\/uploads\/2019\/05\/Goutal-28-mai-768x676.jpg 768w, https:\/\/francois-pelletant.fr\/blog\/wp-content\/uploads\/2019\/05\/Goutal-28-mai-600x528.jpg 600w, https:\/\/francois-pelletant.fr\/blog\/wp-content\/uploads\/2019\/05\/Goutal-28-mai.jpg 1200w\" sizes=\"auto, (max-width: 300px) 100vw, 300px\" \/><\/a><figcaption id=\"caption-attachment-12230\" class=\"wp-caption-text\">Goutal 28 mai<\/figcaption><\/figure>\n<p>&nbsp;<\/p>\n<figure id=\"attachment_12231\" aria-describedby=\"caption-attachment-12231\" style=\"width: 300px\" class=\"wp-caption aligncenter\"><a href=\"https:\/\/francois-pelletant.fr\/blog\/wp-content\/uploads\/2019\/05\/Lacai-29-mai.jpg\" rel=\"attachment wp-att-12231\"><img loading=\"lazy\" decoding=\"async\" class=\"size-medium wp-image-12231\" src=\"https:\/\/francois-pelletant.fr\/blog\/wp-content\/uploads\/2019\/05\/Lacai-29-mai-300x218.jpg\" alt=\"Lacai 29 mai\" width=\"300\" height=\"218\" srcset=\"https:\/\/francois-pelletant.fr\/blog\/wp-content\/uploads\/2019\/05\/Lacai-29-mai-300x218.jpg 300w, https:\/\/francois-pelletant.fr\/blog\/wp-content\/uploads\/2019\/05\/Lacai-29-mai-1024x744.jpg 1024w, https:\/\/francois-pelletant.fr\/blog\/wp-content\/uploads\/2019\/05\/Lacai-29-mai-768x558.jpg 768w, https:\/\/francois-pelletant.fr\/blog\/wp-content\/uploads\/2019\/05\/Lacai-29-mai-600x436.jpg 600w, https:\/\/francois-pelletant.fr\/blog\/wp-content\/uploads\/2019\/05\/Lacai-29-mai.jpg 1200w\" sizes=\"auto, (max-width: 300px) 100vw, 300px\" \/><\/a><figcaption id=\"caption-attachment-12231\" class=\"wp-caption-text\">Lacai 29 mai<\/figcaption><\/figure>\n<p>&nbsp;<\/p>\n<figure id=\"attachment_12232\" aria-describedby=\"caption-attachment-12232\" style=\"width: 300px\" class=\"wp-caption aligncenter\"><a href=\"https:\/\/francois-pelletant.fr\/blog\/wp-content\/uploads\/2019\/05\/Le-Parisien-29-mai.jpg\" rel=\"attachment wp-att-12232\"><img loading=\"lazy\" decoding=\"async\" class=\"size-medium wp-image-12232\" src=\"https:\/\/francois-pelletant.fr\/blog\/wp-content\/uploads\/2019\/05\/Le-Parisien-29-mai-300x291.jpg\" alt=\"Le Parisien 29 mai\" width=\"300\" height=\"291\" srcset=\"https:\/\/francois-pelletant.fr\/blog\/wp-content\/uploads\/2019\/05\/Le-Parisien-29-mai-300x291.jpg 300w, https:\/\/francois-pelletant.fr\/blog\/wp-content\/uploads\/2019\/05\/Le-Parisien-29-mai.jpg 580w\" sizes=\"auto, (max-width: 300px) 100vw, 300px\" \/><\/a><figcaption id=\"caption-attachment-12232\" class=\"wp-caption-text\">Le Parisien 29 mai<\/figcaption><\/figure>\n<p>&nbsp;<\/p>\n<figure id=\"attachment_12233\" aria-describedby=\"caption-attachment-12233\" style=\"width: 300px\" class=\"wp-caption aligncenter\"><a href=\"https:\/\/francois-pelletant.fr\/blog\/wp-content\/uploads\/2019\/05\/Na-28-mai.jpg\" rel=\"attachment wp-att-12233\"><img loading=\"lazy\" decoding=\"async\" class=\"size-medium wp-image-12233\" src=\"https:\/\/francois-pelletant.fr\/blog\/wp-content\/uploads\/2019\/05\/Na-28-mai-300x225.jpg\" alt=\"Na 28 mai\" width=\"300\" height=\"225\" srcset=\"https:\/\/francois-pelletant.fr\/blog\/wp-content\/uploads\/2019\/05\/Na-28-mai-300x225.jpg 300w, https:\/\/francois-pelletant.fr\/blog\/wp-content\/uploads\/2019\/05\/Na-28-mai-1024x767.jpg 1024w, https:\/\/francois-pelletant.fr\/blog\/wp-content\/uploads\/2019\/05\/Na-28-mai-768x575.jpg 768w, https:\/\/francois-pelletant.fr\/blog\/wp-content\/uploads\/2019\/05\/Na-28-mai-600x449.jpg 600w, https:\/\/francois-pelletant.fr\/blog\/wp-content\/uploads\/2019\/05\/Na-28-mai-1536x1151.jpg 1536w, https:\/\/francois-pelletant.fr\/blog\/wp-content\/uploads\/2019\/05\/Na-28-mai.jpg 2048w\" sizes=\"auto, (max-width: 300px) 100vw, 300px\" \/><\/a><figcaption id=\"caption-attachment-12233\" class=\"wp-caption-text\">Na 28 mai<\/figcaption><\/figure>\n<p>&nbsp;<\/p>\n<figure id=\"attachment_12234\" aria-describedby=\"caption-attachment-12234\" style=\"width: 300px\" class=\"wp-caption aligncenter\"><a href=\"https:\/\/francois-pelletant.fr\/blog\/wp-content\/uploads\/2019\/05\/Plantu-27-mai.jpg\" rel=\"attachment wp-att-12234\"><img loading=\"lazy\" decoding=\"async\" class=\"size-medium wp-image-12234\" src=\"https:\/\/francois-pelletant.fr\/blog\/wp-content\/uploads\/2019\/05\/Plantu-27-mai-300x192.jpg\" alt=\"Plantu 27 mai\" width=\"300\" height=\"192\" srcset=\"https:\/\/francois-pelletant.fr\/blog\/wp-content\/uploads\/2019\/05\/Plantu-27-mai-300x192.jpg 300w, https:\/\/francois-pelletant.fr\/blog\/wp-content\/uploads\/2019\/05\/Plantu-27-mai-768x492.jpg 768w, https:\/\/francois-pelletant.fr\/blog\/wp-content\/uploads\/2019\/05\/Plantu-27-mai-600x384.jpg 600w, https:\/\/francois-pelletant.fr\/blog\/wp-content\/uploads\/2019\/05\/Plantu-27-mai.jpg 960w\" sizes=\"auto, (max-width: 300px) 100vw, 300px\" \/><\/a><figcaption id=\"caption-attachment-12234\" class=\"wp-caption-text\">Plantu 27 mai<\/figcaption><\/figure>\n<p>&nbsp;<\/p>\n<figure id=\"attachment_12235\" aria-describedby=\"caption-attachment-12235\" style=\"width: 300px\" class=\"wp-caption aligncenter\"><a href=\"https:\/\/francois-pelletant.fr\/blog\/wp-content\/uploads\/2019\/05\/Tartrais-27-mai.jpg\" rel=\"attachment wp-att-12235\"><img loading=\"lazy\" decoding=\"async\" class=\"size-medium wp-image-12235\" src=\"https:\/\/francois-pelletant.fr\/blog\/wp-content\/uploads\/2019\/05\/Tartrais-27-mai-300x271.jpg\" alt=\"Tartrais 27 mai\" width=\"300\" height=\"271\" srcset=\"https:\/\/francois-pelletant.fr\/blog\/wp-content\/uploads\/2019\/05\/Tartrais-27-mai-300x271.jpg 300w, https:\/\/francois-pelletant.fr\/blog\/wp-content\/uploads\/2019\/05\/Tartrais-27-mai.jpg 600w\" sizes=\"auto, (max-width: 300px) 100vw, 300px\" \/><\/a><figcaption id=\"caption-attachment-12235\" class=\"wp-caption-text\">Tartrais 27 mai<\/figcaption><\/figure>\n","protected":false},"excerpt":{"rendered":"<p>Chaque semaine, ce sont 10 dessins de presse commentant l&#8217;actualit\u00e9 qui sont s\u00e9lectionn\u00e9s dans cette rubrique. Du politique, du sport, du fait divers&#8230; il y en a pour tous les go\u00fbts ! &nbsp; &nbsp; &nbsp; &nbsp; &nbsp; &nbsp; &nbsp; &nbsp; &nbsp;<\/p>\n","protected":false},"author":1,"featured_media":12226,"comment_status":"open","ping_status":"closed","sticky":false,"template":"","format":"standard","meta":{"footnotes":""},"categories":[17],"tags":[],"class_list":["post-12225","post","type-post","status-publish","format-standard","has-post-thumbnail","hentry","category-prix-du-meilleur-dessin-de-presse"],"yoast_head":"<!-- This site is optimized with the Yoast SEO plugin v25.6 - https:\/\/yoast.com\/wordpress\/plugins\/seo\/ -->\n<title>L&#039;actualit\u00e9 vue par les dessinateurs de presse - Fran\u00e7ois Pelletant<\/title>\n<meta name=\"robots\" content=\"index, follow, max-snippet:-1, max-image-preview:large, max-video-preview:-1\" \/>\n<link rel=\"canonical\" href=\"https:\/\/francois-pelletant.fr\/blog\/lactualite-vue-dessinateurs-de-presse\/\" \/>\n<meta property=\"og:locale\" content=\"fr_FR\" \/>\n<meta property=\"og:type\" content=\"article\" \/>\n<meta property=\"og:title\" content=\"L&#039;actualit\u00e9 vue par les dessinateurs de presse - Fran\u00e7ois Pelletant\" \/>\n<meta property=\"og:description\" content=\"Chaque semaine, ce sont 10 dessins de presse commentant l&#8217;actualit\u00e9 qui sont s\u00e9lectionn\u00e9s dans cette rubrique. Du politique, du sport, du fait divers&#8230; il y en a pour tous les go\u00fbts ! &nbsp; &nbsp; &nbsp; &nbsp; &nbsp; &nbsp; &nbsp; &nbsp; &nbsp;\" \/>\n<meta property=\"og:url\" content=\"https:\/\/francois-pelletant.fr\/blog\/lactualite-vue-dessinateurs-de-presse\/\" \/>\n<meta property=\"og:site_name\" content=\"Fran\u00e7ois Pelletant\" \/>\n<meta property=\"article:publisher\" content=\"https:\/\/www.facebook.com\/francois.pelletant.7\" \/>\n<meta property=\"article:published_time\" content=\"2019-06-02T10:33:54+00:00\" \/>\n<meta property=\"og:image\" content=\"https:\/\/francois-pelletant.fr\/blog\/wp-content\/uploads\/2019\/05\/Calf-29-mai.jpg\" \/>\n\t<meta property=\"og:image:width\" content=\"720\" \/>\n\t<meta property=\"og:image:height\" content=\"531\" \/>\n\t<meta property=\"og:image:type\" content=\"image\/jpeg\" \/>\n<meta name=\"author\" content=\"Francois\" \/>\n<meta name=\"twitter:card\" content=\"summary_large_image\" \/>\n<meta name=\"twitter:creator\" content=\"@pelletant\" \/>\n<meta name=\"twitter:site\" content=\"@pelletant\" \/>\n<meta name=\"twitter:label1\" content=\"\u00c9crit par\" \/>\n\t<meta name=\"twitter:data1\" content=\"Francois\" \/>\n\t<meta name=\"twitter:label2\" content=\"Dur\u00e9e de lecture estim\u00e9e\" \/>\n\t<meta name=\"twitter:data2\" content=\"1 minute\" \/>\n<script type=\"application\/ld+json\" class=\"yoast-schema-graph\">{\"@context\":\"https:\/\/schema.org\",\"@graph\":[{\"@type\":\"Article\",\"@id\":\"https:\/\/francois-pelletant.fr\/blog\/lactualite-vue-dessinateurs-de-presse\/#article\",\"isPartOf\":{\"@id\":\"https:\/\/francois-pelletant.fr\/blog\/lactualite-vue-dessinateurs-de-presse\/\"},\"author\":{\"name\":\"Francois\",\"@id\":\"https:\/\/francois-pelletant.fr\/blog\/#\/schema\/person\/2be41acb171dff8f31aaed1f40cee9f3\"},\"headline\":\"L&#8217;actualit\u00e9 vue par les dessinateurs de presse\",\"datePublished\":\"2019-06-02T10:33:54+00:00\",\"mainEntityOfPage\":{\"@id\":\"https:\/\/francois-pelletant.fr\/blog\/lactualite-vue-dessinateurs-de-presse\/\"},\"wordCount\":142,\"commentCount\":0,\"publisher\":{\"@id\":\"https:\/\/francois-pelletant.fr\/blog\/#organization\"},\"image\":{\"@id\":\"https:\/\/francois-pelletant.fr\/blog\/lactualite-vue-dessinateurs-de-presse\/#primaryimage\"},\"thumbnailUrl\":\"https:\/\/francois-pelletant.fr\/blog\/wp-content\/uploads\/2019\/05\/Calf-29-mai.jpg\",\"articleSection\":[\"Prix du meilleur dessin de presse\"],\"inLanguage\":\"fr-FR\",\"potentialAction\":[{\"@type\":\"CommentAction\",\"name\":\"Comment\",\"target\":[\"https:\/\/francois-pelletant.fr\/blog\/lactualite-vue-dessinateurs-de-presse\/#respond\"]}]},{\"@type\":\"WebPage\",\"@id\":\"https:\/\/francois-pelletant.fr\/blog\/lactualite-vue-dessinateurs-de-presse\/\",\"url\":\"https:\/\/francois-pelletant.fr\/blog\/lactualite-vue-dessinateurs-de-presse\/\",\"name\":\"L'actualit\u00e9 vue par les dessinateurs de presse - Fran\u00e7ois Pelletant\",\"isPartOf\":{\"@id\":\"https:\/\/francois-pelletant.fr\/blog\/#website\"},\"primaryImageOfPage\":{\"@id\":\"https:\/\/francois-pelletant.fr\/blog\/lactualite-vue-dessinateurs-de-presse\/#primaryimage\"},\"image\":{\"@id\":\"https:\/\/francois-pelletant.fr\/blog\/lactualite-vue-dessinateurs-de-presse\/#primaryimage\"},\"thumbnailUrl\":\"https:\/\/francois-pelletant.fr\/blog\/wp-content\/uploads\/2019\/05\/Calf-29-mai.jpg\",\"datePublished\":\"2019-06-02T10:33:54+00:00\",\"breadcrumb\":{\"@id\":\"https:\/\/francois-pelletant.fr\/blog\/lactualite-vue-dessinateurs-de-presse\/#breadcrumb\"},\"inLanguage\":\"fr-FR\",\"potentialAction\":[{\"@type\":\"ReadAction\",\"target\":[\"https:\/\/francois-pelletant.fr\/blog\/lactualite-vue-dessinateurs-de-presse\/\"]}]},{\"@type\":\"ImageObject\",\"inLanguage\":\"fr-FR\",\"@id\":\"https:\/\/francois-pelletant.fr\/blog\/lactualite-vue-dessinateurs-de-presse\/#primaryimage\",\"url\":\"https:\/\/francois-pelletant.fr\/blog\/wp-content\/uploads\/2019\/05\/Calf-29-mai.jpg\",\"contentUrl\":\"https:\/\/francois-pelletant.fr\/blog\/wp-content\/uploads\/2019\/05\/Calf-29-mai.jpg\",\"width\":720,\"height\":531,\"caption\":\"Calf 29 mai\"},{\"@type\":\"BreadcrumbList\",\"@id\":\"https:\/\/francois-pelletant.fr\/blog\/lactualite-vue-dessinateurs-de-presse\/#breadcrumb\",\"itemListElement\":[{\"@type\":\"ListItem\",\"position\":1,\"name\":\"Accueil\",\"item\":\"https:\/\/francois-pelletant.fr\/blog\/\"},{\"@type\":\"ListItem\",\"position\":2,\"name\":\"L&#8217;actualit\u00e9 vue par les dessinateurs de presse\"}]},{\"@type\":\"WebSite\",\"@id\":\"https:\/\/francois-pelletant.fr\/blog\/#website\",\"url\":\"https:\/\/francois-pelletant.fr\/blog\/\",\"name\":\"Fran\u00e7ois Pelletant\",\"description\":\"Maire de Linas, pour toujours.\",\"publisher\":{\"@id\":\"https:\/\/francois-pelletant.fr\/blog\/#organization\"},\"potentialAction\":[{\"@type\":\"SearchAction\",\"target\":{\"@type\":\"EntryPoint\",\"urlTemplate\":\"https:\/\/francois-pelletant.fr\/blog\/?s={search_term_string}\"},\"query-input\":{\"@type\":\"PropertyValueSpecification\",\"valueRequired\":true,\"valueName\":\"search_term_string\"}}],\"inLanguage\":\"fr-FR\"},{\"@type\":\"Organization\",\"@id\":\"https:\/\/francois-pelletant.fr\/blog\/#organization\",\"name\":\"Fran\u00e7ois Pelletant\",\"url\":\"https:\/\/francois-pelletant.fr\/blog\/\",\"logo\":{\"@type\":\"ImageObject\",\"inLanguage\":\"fr-FR\",\"@id\":\"https:\/\/francois-pelletant.fr\/blog\/#\/schema\/logo\/image\/\",\"url\":\"https:\/\/francois-pelletant.fr\/blog\/wp-content\/uploads\/2024\/07\/icone-francois-centre-500p.png\",\"contentUrl\":\"https:\/\/francois-pelletant.fr\/blog\/wp-content\/uploads\/2024\/07\/icone-francois-centre-500p.png\",\"width\":559,\"height\":447,\"caption\":\"Fran\u00e7ois Pelletant\"},\"image\":{\"@id\":\"https:\/\/francois-pelletant.fr\/blog\/#\/schema\/logo\/image\/\"},\"sameAs\":[\"https:\/\/www.facebook.com\/francois.pelletant.7\",\"https:\/\/x.com\/pelletant\"]},{\"@type\":\"Person\",\"@id\":\"https:\/\/francois-pelletant.fr\/blog\/#\/schema\/person\/2be41acb171dff8f31aaed1f40cee9f3\",\"name\":\"Francois\"}]}<\/script>\n<!-- \/ Yoast SEO plugin. -->","yoast_head_json":{"title":"L'actualit\u00e9 vue par les dessinateurs de presse - Fran\u00e7ois Pelletant","robots":{"index":"index","follow":"follow","max-snippet":"max-snippet:-1","max-image-preview":"max-image-preview:large","max-video-preview":"max-video-preview:-1"},"canonical":"https:\/\/francois-pelletant.fr\/blog\/lactualite-vue-dessinateurs-de-presse\/","og_locale":"fr_FR","og_type":"article","og_title":"L'actualit\u00e9 vue par les dessinateurs de presse - Fran\u00e7ois Pelletant","og_description":"Chaque semaine, ce sont 10 dessins de presse commentant l&#8217;actualit\u00e9 qui sont s\u00e9lectionn\u00e9s dans cette rubrique. Du politique, du sport, du fait divers&#8230; il y en a pour tous les go\u00fbts ! &nbsp; &nbsp; &nbsp; &nbsp; &nbsp; &nbsp; &nbsp; &nbsp; &nbsp;","og_url":"https:\/\/francois-pelletant.fr\/blog\/lactualite-vue-dessinateurs-de-presse\/","og_site_name":"Fran\u00e7ois Pelletant","article_publisher":"https:\/\/www.facebook.com\/francois.pelletant.7","article_published_time":"2019-06-02T10:33:54+00:00","og_image":[{"width":720,"height":531,"url":"https:\/\/francois-pelletant.fr\/blog\/wp-content\/uploads\/2019\/05\/Calf-29-mai.jpg","type":"image\/jpeg"}],"author":"Francois","twitter_card":"summary_large_image","twitter_creator":"@pelletant","twitter_site":"@pelletant","twitter_misc":{"\u00c9crit par":"Francois","Dur\u00e9e de lecture estim\u00e9e":"1 minute"},"schema":{"@context":"https:\/\/schema.org","@graph":[{"@type":"Article","@id":"https:\/\/francois-pelletant.fr\/blog\/lactualite-vue-dessinateurs-de-presse\/#article","isPartOf":{"@id":"https:\/\/francois-pelletant.fr\/blog\/lactualite-vue-dessinateurs-de-presse\/"},"author":{"name":"Francois","@id":"https:\/\/francois-pelletant.fr\/blog\/#\/schema\/person\/2be41acb171dff8f31aaed1f40cee9f3"},"headline":"L&#8217;actualit\u00e9 vue par les dessinateurs de presse","datePublished":"2019-06-02T10:33:54+00:00","mainEntityOfPage":{"@id":"https:\/\/francois-pelletant.fr\/blog\/lactualite-vue-dessinateurs-de-presse\/"},"wordCount":142,"commentCount":0,"publisher":{"@id":"https:\/\/francois-pelletant.fr\/blog\/#organization"},"image":{"@id":"https:\/\/francois-pelletant.fr\/blog\/lactualite-vue-dessinateurs-de-presse\/#primaryimage"},"thumbnailUrl":"https:\/\/francois-pelletant.fr\/blog\/wp-content\/uploads\/2019\/05\/Calf-29-mai.jpg","articleSection":["Prix du meilleur dessin de presse"],"inLanguage":"fr-FR","potentialAction":[{"@type":"CommentAction","name":"Comment","target":["https:\/\/francois-pelletant.fr\/blog\/lactualite-vue-dessinateurs-de-presse\/#respond"]}]},{"@type":"WebPage","@id":"https:\/\/francois-pelletant.fr\/blog\/lactualite-vue-dessinateurs-de-presse\/","url":"https:\/\/francois-pelletant.fr\/blog\/lactualite-vue-dessinateurs-de-presse\/","name":"L'actualit\u00e9 vue par les dessinateurs de presse - Fran\u00e7ois Pelletant","isPartOf":{"@id":"https:\/\/francois-pelletant.fr\/blog\/#website"},"primaryImageOfPage":{"@id":"https:\/\/francois-pelletant.fr\/blog\/lactualite-vue-dessinateurs-de-presse\/#primaryimage"},"image":{"@id":"https:\/\/francois-pelletant.fr\/blog\/lactualite-vue-dessinateurs-de-presse\/#primaryimage"},"thumbnailUrl":"https:\/\/francois-pelletant.fr\/blog\/wp-content\/uploads\/2019\/05\/Calf-29-mai.jpg","datePublished":"2019-06-02T10:33:54+00:00","breadcrumb":{"@id":"https:\/\/francois-pelletant.fr\/blog\/lactualite-vue-dessinateurs-de-presse\/#breadcrumb"},"inLanguage":"fr-FR","potentialAction":[{"@type":"ReadAction","target":["https:\/\/francois-pelletant.fr\/blog\/lactualite-vue-dessinateurs-de-presse\/"]}]},{"@type":"ImageObject","inLanguage":"fr-FR","@id":"https:\/\/francois-pelletant.fr\/blog\/lactualite-vue-dessinateurs-de-presse\/#primaryimage","url":"https:\/\/francois-pelletant.fr\/blog\/wp-content\/uploads\/2019\/05\/Calf-29-mai.jpg","contentUrl":"https:\/\/francois-pelletant.fr\/blog\/wp-content\/uploads\/2019\/05\/Calf-29-mai.jpg","width":720,"height":531,"caption":"Calf 29 mai"},{"@type":"BreadcrumbList","@id":"https:\/\/francois-pelletant.fr\/blog\/lactualite-vue-dessinateurs-de-presse\/#breadcrumb","itemListElement":[{"@type":"ListItem","position":1,"name":"Accueil","item":"https:\/\/francois-pelletant.fr\/blog\/"},{"@type":"ListItem","position":2,"name":"L&#8217;actualit\u00e9 vue par les dessinateurs de presse"}]},{"@type":"WebSite","@id":"https:\/\/francois-pelletant.fr\/blog\/#website","url":"https:\/\/francois-pelletant.fr\/blog\/","name":"Fran\u00e7ois Pelletant","description":"Maire de Linas, pour toujours.","publisher":{"@id":"https:\/\/francois-pelletant.fr\/blog\/#organization"},"potentialAction":[{"@type":"SearchAction","target":{"@type":"EntryPoint","urlTemplate":"https:\/\/francois-pelletant.fr\/blog\/?s={search_term_string}"},"query-input":{"@type":"PropertyValueSpecification","valueRequired":true,"valueName":"search_term_string"}}],"inLanguage":"fr-FR"},{"@type":"Organization","@id":"https:\/\/francois-pelletant.fr\/blog\/#organization","name":"Fran\u00e7ois Pelletant","url":"https:\/\/francois-pelletant.fr\/blog\/","logo":{"@type":"ImageObject","inLanguage":"fr-FR","@id":"https:\/\/francois-pelletant.fr\/blog\/#\/schema\/logo\/image\/","url":"https:\/\/francois-pelletant.fr\/blog\/wp-content\/uploads\/2024\/07\/icone-francois-centre-500p.png","contentUrl":"https:\/\/francois-pelletant.fr\/blog\/wp-content\/uploads\/2024\/07\/icone-francois-centre-500p.png","width":559,"height":447,"caption":"Fran\u00e7ois Pelletant"},"image":{"@id":"https:\/\/francois-pelletant.fr\/blog\/#\/schema\/logo\/image\/"},"sameAs":["https:\/\/www.facebook.com\/francois.pelletant.7","https:\/\/x.com\/pelletant"]},{"@type":"Person","@id":"https:\/\/francois-pelletant.fr\/blog\/#\/schema\/person\/2be41acb171dff8f31aaed1f40cee9f3","name":"Francois"}]}},"_links":{"self":[{"href":"https:\/\/francois-pelletant.fr\/blog\/wp-json\/wp\/v2\/posts\/12225","targetHints":{"allow":["GET"]}}],"collection":[{"href":"https:\/\/francois-pelletant.fr\/blog\/wp-json\/wp\/v2\/posts"}],"about":[{"href":"https:\/\/francois-pelletant.fr\/blog\/wp-json\/wp\/v2\/types\/post"}],"author":[{"embeddable":true,"href":"https:\/\/francois-pelletant.fr\/blog\/wp-json\/wp\/v2\/users\/1"}],"replies":[{"embeddable":true,"href":"https:\/\/francois-pelletant.fr\/blog\/wp-json\/wp\/v2\/comments?post=12225"}],"version-history":[{"count":0,"href":"https:\/\/francois-pelletant.fr\/blog\/wp-json\/wp\/v2\/posts\/12225\/revisions"}],"wp:featuredmedia":[{"embeddable":true,"href":"https:\/\/francois-pelletant.fr\/blog\/wp-json\/wp\/v2\/media\/12226"}],"wp:attachment":[{"href":"https:\/\/francois-pelletant.fr\/blog\/wp-json\/wp\/v2\/media?parent=12225"}],"wp:term":[{"taxonomy":"category","embeddable":true,"href":"https:\/\/francois-pelletant.fr\/blog\/wp-json\/wp\/v2\/categories?post=12225"},{"taxonomy":"post_tag","embeddable":true,"href":"https:\/\/francois-pelletant.fr\/blog\/wp-json\/wp\/v2\/tags?post=12225"}],"curies":[{"name":"wp","href":"https:\/\/api.w.org\/{rel}","templated":true}]}}