{"id":12265,"date":"2019-06-17T12:44:56","date_gmt":"2019-06-17T12:44:56","guid":{"rendered":"https:\/\/francois-pelletant.fr\/blog\/?p=12265"},"modified":"2019-06-17T12:44:56","modified_gmt":"2019-06-17T12:44:56","slug":"linas-restera-linas","status":"publish","type":"post","link":"https:\/\/francois-pelletant.fr\/blog\/linas-restera-linas\/","title":{"rendered":"Linas restera Linas"},"content":{"rendered":"<p><a href=\"https:\/\/francois-pelletant.fr\/blog\/wp-content\/uploads\/2019\/06\/Linas_Actualit\u00e9s_n_301-1.jpg\" rel=\"attachment wp-att-12266\"><img loading=\"lazy\" decoding=\"async\" class=\"alignleft size-medium wp-image-12266\" src=\"https:\/\/francois-pelletant.fr\/blog\/wp-content\/uploads\/2019\/06\/Linas_Actualit\u00e9s_n_301-1-211x300.jpg\" alt=\"Linas_Actualit\u00e9s_n_301-1\" width=\"211\" height=\"300\" srcset=\"https:\/\/francois-pelletant.fr\/blog\/wp-content\/uploads\/2019\/06\/Linas_Actualit\u00e9s_n_301-1-211x300.jpg 211w, https:\/\/francois-pelletant.fr\/blog\/wp-content\/uploads\/2019\/06\/Linas_Actualit\u00e9s_n_301-1-719x1024.jpg 719w, https:\/\/francois-pelletant.fr\/blog\/wp-content\/uploads\/2019\/06\/Linas_Actualit\u00e9s_n_301-1-768x1093.jpg 768w, https:\/\/francois-pelletant.fr\/blog\/wp-content\/uploads\/2019\/06\/Linas_Actualit\u00e9s_n_301-1-600x854.jpg 600w, https:\/\/francois-pelletant.fr\/blog\/wp-content\/uploads\/2019\/06\/Linas_Actualit\u00e9s_n_301-1-1079x1536.jpg 1079w, https:\/\/francois-pelletant.fr\/blog\/wp-content\/uploads\/2019\/06\/Linas_Actualit\u00e9s_n_301-1-1439x2048.jpg 1439w, https:\/\/francois-pelletant.fr\/blog\/wp-content\/uploads\/2019\/06\/Linas_Actualit\u00e9s_n_301-1-scaled.jpg 1798w\" sizes=\"auto, (max-width: 211px) 100vw, 211px\" \/><\/a>Vous allez comprendre certaines choses \u00e0 la lecture de ce qui suit. Linas compte 750 hectares de territoire dont un tiers seulement est urbanis\u00e9. Depuis la cr\u00e9ation de l\u2019\u00e9changeur RN20\/ Francilienne, \u00e0 la fin des ann\u00e9es 70, les pouvoirs publics ont toujours voulu faire de notre commune une sorte de ville nouvelle entre Evry et Les Ulis.<br \/>\nDans les ann\u00e9es 80, l\u2019Etat avait m\u00eame r\u00e9serv\u00e9 une Zone d\u2019Am\u00e9nagement Diff\u00e9r\u00e9 (ZAD) dans la partie EST de LINAS et pr\u00e9vu une autoroute (C6) qui la traversait. Les municipalit\u00e9s que j\u2019ai anim\u00e9es depuis 1995 ont, elles, toujours refus\u00e9 cette logique et ont agi pour refr\u00e9ner la volont\u00e9 de l\u2019Etat et l\u2019ambition des promoteurs immobiliers. Au fils des ans, nous avons r\u00e9ussi \u00e0 \u201cd\u00e9tricoter\u201d les projets excessifs d\u2019urbanisation qui nous \u00e9taient impos\u00e9s et achet\u00e9 les terrains r\u00e9serv\u00e9s pour l\u2019Etat. Et puis ces derni\u00e8res ann\u00e9es, il y a eu la \u201cbataille\u201d du Plan Local d\u2019Urbanisme (PLU). En 2014-2016, les administrations centrales ont voulu nous imposer de construire encore et toujours plus. Du tac au tac, l\u2019ann\u00e9e derni\u00e8re nous avons relanc\u00e9 une r\u00e9vision du PLU qui nous permet de bloquer les permis de construire des promoteurs qui convoitent notre ville. Vous comprenez donc que nous vivons depuis des ann\u00e9es sous la pression permanente des administrations et des promoteurs immobiliers pour urbaniser notre territoire contre notre volont\u00e9. Nous avons toujours r\u00e9sist\u00e9, si nous n\u2019avions pas fait cela Linas serait comme certaines villes voisines, voire pire, compte tenu des terrains vierges disponibles. La position de la municipalit\u00e9 est claire, nous ne voulons pas doubler ou tripler notre population, accueillir des habitants \u00e9trangers \u00e0 Linas, dont le nombre va faire basculer notre village dans la cat\u00e9gorie de ces villes dortoirs o\u00f9 tout le monde est anonyme et individualiste. C\u2019est l\u00e0 le coeur de l\u2019action politique de toutes les \u00e9quipes municipales que j\u2019ai anim\u00e9es depuis 20 ans et que je continuerai d\u2019animer tant que vous l\u2019aurez d\u00e9cid\u00e9. Nous construirons des logements mais mod\u00e9r\u00e9ment. De l\u00e0 provient la sp\u00e9cificit\u00e9 de Linas. Aucune autre ville n\u2019est comparable parce qu\u2019aucune autre commune ne dispose d\u2019autant de superficie fonci\u00e8re au croisement de deux axes majeurs au sud de l\u2019Ile-de-France, la RN20 et la Francilienne. Comme vous l\u2019avez compris et constat\u00e9, la bataille s\u2019est intensifi\u00e9e derni\u00e8rement. Cela ne doit pas nous inqui\u00e9ter, nous avons la raison et la d\u00e9termination pour nous. Je ferai face ainsi que mes \u00e9quipiers loyaux pour maintenir l\u2019urbanisation de Linas en dessous d\u2019une limite acceptable, soit 10% d\u2019habitants suppl\u00e9mentaires par cycle de 10 ans. On peut tout tenter contre moi, je ne l\u00e2cherai rien. Si on parvenait \u00e0 m\u2019\u00e9liminer, un autre membre de mon \u00e9quipe reprendrait ma place et Linas serait toujours d\u00e9fendu. Bien s\u00fbr, nos contradicteurs peuvent eux aussi user des moyens qu\u2019ils jugent n\u00e9cessaires pour nous combattre. En d\u00e9mocratie tout est permis. On a vu des promoteurs immobiliers faire \u201cavocat commun\u201d avec l\u2019opposition politique. On a vu toutes sortes d\u2019entraves ou d\u2019attaques y compris les plus m\u00e9prisables pour nous \u00e9craser. A ma connaissance, dans aucune autre ville, on n\u2019a vu cette avalanche de haine, d\u2019agressivit\u00e9 et de pilonnage judiciaire. Pour autant, notre municipalit\u00e9 reste vaillante, la t\u00eate haute, pour vous d\u00e9fendre. Ceux des Linois qui n\u2019approuvent pas notre politique peuvent ne pas nous soutenir. Nous l\u2019acceptons. Ils peuvent rejoindre une multitude de groupuscules cr\u00e9\u00e9s derni\u00e8rement \u00e0 Linas qui, d\u2019une fa\u00e7on ou d\u2019une autre, sont pr\u00eats \u00e0 vendre leur \u00e2me au diable, ont d\u00e9j\u00e0 accept\u00e9 de se soumettre aux volont\u00e9s des pouvoirs publics et tiss\u00e9 des liens avec des promoteurs, ou pire n\u2019ont rien compris \u00e0 ces enjeux. Mais pour l\u2019instant la municipalit\u00e9 en place c\u2019est la n\u00f4tre et tant que nous serons aux affaires, Linas restera Linas. Qu\u2019on se le dise.<\/p>\n","protected":false},"excerpt":{"rendered":"<p>Vous allez comprendre certaines choses \u00e0 la lecture de ce qui suit. Linas compte 750 hectares de territoire dont un tiers seulement est urbanis\u00e9. Depuis la cr\u00e9ation de l\u2019\u00e9changeur RN20\/ Francilienne, \u00e0 la fin des ann\u00e9es 70, les pouvoirs publics ont toujours voulu faire de notre commune une sorte de ville nouvelle entre Evry et [&hellip;]<\/p>\n","protected":false},"author":1,"featured_media":12266,"comment_status":"open","ping_status":"closed","sticky":false,"template":"","format":"standard","meta":{"footnotes":""},"categories":[16],"tags":[],"class_list":["post-12265","post","type-post","status-publish","format-standard","has-post-thumbnail","hentry","category-prises-de-positions"],"yoast_head":"<!-- This site is optimized with the Yoast SEO plugin v25.6 - https:\/\/yoast.com\/wordpress\/plugins\/seo\/ -->\n<title>Linas restera Linas - Fran\u00e7ois Pelletant<\/title>\n<meta name=\"robots\" content=\"index, follow, max-snippet:-1, max-image-preview:large, max-video-preview:-1\" \/>\n<link rel=\"canonical\" href=\"https:\/\/francois-pelletant.fr\/blog\/linas-restera-linas\/\" \/>\n<meta property=\"og:locale\" content=\"fr_FR\" \/>\n<meta property=\"og:type\" content=\"article\" \/>\n<meta property=\"og:title\" content=\"Linas restera Linas - Fran\u00e7ois Pelletant\" \/>\n<meta property=\"og:description\" content=\"Vous allez comprendre certaines choses \u00e0 la lecture de ce qui suit. Linas compte 750 hectares de territoire dont un tiers seulement est urbanis\u00e9. Depuis la cr\u00e9ation de l\u2019\u00e9changeur RN20\/ Francilienne, \u00e0 la fin des ann\u00e9es 70, les pouvoirs publics ont toujours voulu faire de notre commune une sorte de ville nouvelle entre Evry et [&hellip;]\" \/>\n<meta property=\"og:url\" content=\"https:\/\/francois-pelletant.fr\/blog\/linas-restera-linas\/\" \/>\n<meta property=\"og:site_name\" content=\"Fran\u00e7ois Pelletant\" \/>\n<meta property=\"article:publisher\" content=\"https:\/\/www.facebook.com\/francois.pelletant.7\" \/>\n<meta property=\"article:published_time\" content=\"2019-06-17T12:44:56+00:00\" \/>\n<meta property=\"og:image\" content=\"https:\/\/francois-pelletant.fr\/blog\/wp-content\/uploads\/2019\/06\/Linas_Actualit\u00e9s_n_301-1-scaled.jpg\" \/>\n\t<meta property=\"og:image:width\" content=\"1798\" \/>\n\t<meta property=\"og:image:height\" content=\"2560\" \/>\n\t<meta property=\"og:image:type\" content=\"image\/jpeg\" \/>\n<meta name=\"author\" content=\"Francois\" \/>\n<meta name=\"twitter:card\" content=\"summary_large_image\" \/>\n<meta name=\"twitter:creator\" content=\"@pelletant\" \/>\n<meta name=\"twitter:site\" content=\"@pelletant\" \/>\n<meta name=\"twitter:label1\" content=\"\u00c9crit par\" \/>\n\t<meta name=\"twitter:data1\" content=\"Francois\" \/>\n\t<meta name=\"twitter:label2\" content=\"Dur\u00e9e de lecture estim\u00e9e\" \/>\n\t<meta name=\"twitter:data2\" content=\"3 minutes\" \/>\n<script type=\"application\/ld+json\" class=\"yoast-schema-graph\">{\"@context\":\"https:\/\/schema.org\",\"@graph\":[{\"@type\":\"Article\",\"@id\":\"https:\/\/francois-pelletant.fr\/blog\/linas-restera-linas\/#article\",\"isPartOf\":{\"@id\":\"https:\/\/francois-pelletant.fr\/blog\/linas-restera-linas\/\"},\"author\":{\"name\":\"Francois\",\"@id\":\"https:\/\/francois-pelletant.fr\/blog\/#\/schema\/person\/2be41acb171dff8f31aaed1f40cee9f3\"},\"headline\":\"Linas restera Linas\",\"datePublished\":\"2019-06-17T12:44:56+00:00\",\"mainEntityOfPage\":{\"@id\":\"https:\/\/francois-pelletant.fr\/blog\/linas-restera-linas\/\"},\"wordCount\":690,\"commentCount\":0,\"publisher\":{\"@id\":\"https:\/\/francois-pelletant.fr\/blog\/#organization\"},\"image\":{\"@id\":\"https:\/\/francois-pelletant.fr\/blog\/linas-restera-linas\/#primaryimage\"},\"thumbnailUrl\":\"https:\/\/francois-pelletant.fr\/blog\/wp-content\/uploads\/2019\/06\/Linas_Actualit\u00e9s_n_301-1-scaled.jpg\",\"articleSection\":[\"Prises de positions\"],\"inLanguage\":\"fr-FR\",\"potentialAction\":[{\"@type\":\"CommentAction\",\"name\":\"Comment\",\"target\":[\"https:\/\/francois-pelletant.fr\/blog\/linas-restera-linas\/#respond\"]}]},{\"@type\":\"WebPage\",\"@id\":\"https:\/\/francois-pelletant.fr\/blog\/linas-restera-linas\/\",\"url\":\"https:\/\/francois-pelletant.fr\/blog\/linas-restera-linas\/\",\"name\":\"Linas restera Linas - Fran\u00e7ois Pelletant\",\"isPartOf\":{\"@id\":\"https:\/\/francois-pelletant.fr\/blog\/#website\"},\"primaryImageOfPage\":{\"@id\":\"https:\/\/francois-pelletant.fr\/blog\/linas-restera-linas\/#primaryimage\"},\"image\":{\"@id\":\"https:\/\/francois-pelletant.fr\/blog\/linas-restera-linas\/#primaryimage\"},\"thumbnailUrl\":\"https:\/\/francois-pelletant.fr\/blog\/wp-content\/uploads\/2019\/06\/Linas_Actualit\u00e9s_n_301-1-scaled.jpg\",\"datePublished\":\"2019-06-17T12:44:56+00:00\",\"breadcrumb\":{\"@id\":\"https:\/\/francois-pelletant.fr\/blog\/linas-restera-linas\/#breadcrumb\"},\"inLanguage\":\"fr-FR\",\"potentialAction\":[{\"@type\":\"ReadAction\",\"target\":[\"https:\/\/francois-pelletant.fr\/blog\/linas-restera-linas\/\"]}]},{\"@type\":\"ImageObject\",\"inLanguage\":\"fr-FR\",\"@id\":\"https:\/\/francois-pelletant.fr\/blog\/linas-restera-linas\/#primaryimage\",\"url\":\"https:\/\/francois-pelletant.fr\/blog\/wp-content\/uploads\/2019\/06\/Linas_Actualit\u00e9s_n_301-1-scaled.jpg\",\"contentUrl\":\"https:\/\/francois-pelletant.fr\/blog\/wp-content\/uploads\/2019\/06\/Linas_Actualit\u00e9s_n_301-1-scaled.jpg\",\"width\":1798,\"height\":2560},{\"@type\":\"BreadcrumbList\",\"@id\":\"https:\/\/francois-pelletant.fr\/blog\/linas-restera-linas\/#breadcrumb\",\"itemListElement\":[{\"@type\":\"ListItem\",\"position\":1,\"name\":\"Accueil\",\"item\":\"https:\/\/francois-pelletant.fr\/blog\/\"},{\"@type\":\"ListItem\",\"position\":2,\"name\":\"Linas restera Linas\"}]},{\"@type\":\"WebSite\",\"@id\":\"https:\/\/francois-pelletant.fr\/blog\/#website\",\"url\":\"https:\/\/francois-pelletant.fr\/blog\/\",\"name\":\"Fran\u00e7ois Pelletant\",\"description\":\"Maire de Linas, pour toujours.\",\"publisher\":{\"@id\":\"https:\/\/francois-pelletant.fr\/blog\/#organization\"},\"potentialAction\":[{\"@type\":\"SearchAction\",\"target\":{\"@type\":\"EntryPoint\",\"urlTemplate\":\"https:\/\/francois-pelletant.fr\/blog\/?s={search_term_string}\"},\"query-input\":{\"@type\":\"PropertyValueSpecification\",\"valueRequired\":true,\"valueName\":\"search_term_string\"}}],\"inLanguage\":\"fr-FR\"},{\"@type\":\"Organization\",\"@id\":\"https:\/\/francois-pelletant.fr\/blog\/#organization\",\"name\":\"Fran\u00e7ois Pelletant\",\"url\":\"https:\/\/francois-pelletant.fr\/blog\/\",\"logo\":{\"@type\":\"ImageObject\",\"inLanguage\":\"fr-FR\",\"@id\":\"https:\/\/francois-pelletant.fr\/blog\/#\/schema\/logo\/image\/\",\"url\":\"https:\/\/francois-pelletant.fr\/blog\/wp-content\/uploads\/2024\/07\/icone-francois-centre-500p.png\",\"contentUrl\":\"https:\/\/francois-pelletant.fr\/blog\/wp-content\/uploads\/2024\/07\/icone-francois-centre-500p.png\",\"width\":559,\"height\":447,\"caption\":\"Fran\u00e7ois Pelletant\"},\"image\":{\"@id\":\"https:\/\/francois-pelletant.fr\/blog\/#\/schema\/logo\/image\/\"},\"sameAs\":[\"https:\/\/www.facebook.com\/francois.pelletant.7\",\"https:\/\/x.com\/pelletant\"]},{\"@type\":\"Person\",\"@id\":\"https:\/\/francois-pelletant.fr\/blog\/#\/schema\/person\/2be41acb171dff8f31aaed1f40cee9f3\",\"name\":\"Francois\"}]}<\/script>\n<!-- \/ Yoast SEO plugin. -->","yoast_head_json":{"title":"Linas restera Linas - Fran\u00e7ois Pelletant","robots":{"index":"index","follow":"follow","max-snippet":"max-snippet:-1","max-image-preview":"max-image-preview:large","max-video-preview":"max-video-preview:-1"},"canonical":"https:\/\/francois-pelletant.fr\/blog\/linas-restera-linas\/","og_locale":"fr_FR","og_type":"article","og_title":"Linas restera Linas - Fran\u00e7ois Pelletant","og_description":"Vous allez comprendre certaines choses \u00e0 la lecture de ce qui suit. Linas compte 750 hectares de territoire dont un tiers seulement est urbanis\u00e9. Depuis la cr\u00e9ation de l\u2019\u00e9changeur RN20\/ Francilienne, \u00e0 la fin des ann\u00e9es 70, les pouvoirs publics ont toujours voulu faire de notre commune une sorte de ville nouvelle entre Evry et [&hellip;]","og_url":"https:\/\/francois-pelletant.fr\/blog\/linas-restera-linas\/","og_site_name":"Fran\u00e7ois Pelletant","article_publisher":"https:\/\/www.facebook.com\/francois.pelletant.7","article_published_time":"2019-06-17T12:44:56+00:00","og_image":[{"width":1798,"height":2560,"url":"https:\/\/francois-pelletant.fr\/blog\/wp-content\/uploads\/2019\/06\/Linas_Actualit\u00e9s_n_301-1-scaled.jpg","type":"image\/jpeg"}],"author":"Francois","twitter_card":"summary_large_image","twitter_creator":"@pelletant","twitter_site":"@pelletant","twitter_misc":{"\u00c9crit par":"Francois","Dur\u00e9e de lecture estim\u00e9e":"3 minutes"},"schema":{"@context":"https:\/\/schema.org","@graph":[{"@type":"Article","@id":"https:\/\/francois-pelletant.fr\/blog\/linas-restera-linas\/#article","isPartOf":{"@id":"https:\/\/francois-pelletant.fr\/blog\/linas-restera-linas\/"},"author":{"name":"Francois","@id":"https:\/\/francois-pelletant.fr\/blog\/#\/schema\/person\/2be41acb171dff8f31aaed1f40cee9f3"},"headline":"Linas restera Linas","datePublished":"2019-06-17T12:44:56+00:00","mainEntityOfPage":{"@id":"https:\/\/francois-pelletant.fr\/blog\/linas-restera-linas\/"},"wordCount":690,"commentCount":0,"publisher":{"@id":"https:\/\/francois-pelletant.fr\/blog\/#organization"},"image":{"@id":"https:\/\/francois-pelletant.fr\/blog\/linas-restera-linas\/#primaryimage"},"thumbnailUrl":"https:\/\/francois-pelletant.fr\/blog\/wp-content\/uploads\/2019\/06\/Linas_Actualit\u00e9s_n_301-1-scaled.jpg","articleSection":["Prises de positions"],"inLanguage":"fr-FR","potentialAction":[{"@type":"CommentAction","name":"Comment","target":["https:\/\/francois-pelletant.fr\/blog\/linas-restera-linas\/#respond"]}]},{"@type":"WebPage","@id":"https:\/\/francois-pelletant.fr\/blog\/linas-restera-linas\/","url":"https:\/\/francois-pelletant.fr\/blog\/linas-restera-linas\/","name":"Linas restera Linas - Fran\u00e7ois Pelletant","isPartOf":{"@id":"https:\/\/francois-pelletant.fr\/blog\/#website"},"primaryImageOfPage":{"@id":"https:\/\/francois-pelletant.fr\/blog\/linas-restera-linas\/#primaryimage"},"image":{"@id":"https:\/\/francois-pelletant.fr\/blog\/linas-restera-linas\/#primaryimage"},"thumbnailUrl":"https:\/\/francois-pelletant.fr\/blog\/wp-content\/uploads\/2019\/06\/Linas_Actualit\u00e9s_n_301-1-scaled.jpg","datePublished":"2019-06-17T12:44:56+00:00","breadcrumb":{"@id":"https:\/\/francois-pelletant.fr\/blog\/linas-restera-linas\/#breadcrumb"},"inLanguage":"fr-FR","potentialAction":[{"@type":"ReadAction","target":["https:\/\/francois-pelletant.fr\/blog\/linas-restera-linas\/"]}]},{"@type":"ImageObject","inLanguage":"fr-FR","@id":"https:\/\/francois-pelletant.fr\/blog\/linas-restera-linas\/#primaryimage","url":"https:\/\/francois-pelletant.fr\/blog\/wp-content\/uploads\/2019\/06\/Linas_Actualit\u00e9s_n_301-1-scaled.jpg","contentUrl":"https:\/\/francois-pelletant.fr\/blog\/wp-content\/uploads\/2019\/06\/Linas_Actualit\u00e9s_n_301-1-scaled.jpg","width":1798,"height":2560},{"@type":"BreadcrumbList","@id":"https:\/\/francois-pelletant.fr\/blog\/linas-restera-linas\/#breadcrumb","itemListElement":[{"@type":"ListItem","position":1,"name":"Accueil","item":"https:\/\/francois-pelletant.fr\/blog\/"},{"@type":"ListItem","position":2,"name":"Linas restera Linas"}]},{"@type":"WebSite","@id":"https:\/\/francois-pelletant.fr\/blog\/#website","url":"https:\/\/francois-pelletant.fr\/blog\/","name":"Fran\u00e7ois Pelletant","description":"Maire de Linas, pour toujours.","publisher":{"@id":"https:\/\/francois-pelletant.fr\/blog\/#organization"},"potentialAction":[{"@type":"SearchAction","target":{"@type":"EntryPoint","urlTemplate":"https:\/\/francois-pelletant.fr\/blog\/?s={search_term_string}"},"query-input":{"@type":"PropertyValueSpecification","valueRequired":true,"valueName":"search_term_string"}}],"inLanguage":"fr-FR"},{"@type":"Organization","@id":"https:\/\/francois-pelletant.fr\/blog\/#organization","name":"Fran\u00e7ois Pelletant","url":"https:\/\/francois-pelletant.fr\/blog\/","logo":{"@type":"ImageObject","inLanguage":"fr-FR","@id":"https:\/\/francois-pelletant.fr\/blog\/#\/schema\/logo\/image\/","url":"https:\/\/francois-pelletant.fr\/blog\/wp-content\/uploads\/2024\/07\/icone-francois-centre-500p.png","contentUrl":"https:\/\/francois-pelletant.fr\/blog\/wp-content\/uploads\/2024\/07\/icone-francois-centre-500p.png","width":559,"height":447,"caption":"Fran\u00e7ois Pelletant"},"image":{"@id":"https:\/\/francois-pelletant.fr\/blog\/#\/schema\/logo\/image\/"},"sameAs":["https:\/\/www.facebook.com\/francois.pelletant.7","https:\/\/x.com\/pelletant"]},{"@type":"Person","@id":"https:\/\/francois-pelletant.fr\/blog\/#\/schema\/person\/2be41acb171dff8f31aaed1f40cee9f3","name":"Francois"}]}},"_links":{"self":[{"href":"https:\/\/francois-pelletant.fr\/blog\/wp-json\/wp\/v2\/posts\/12265","targetHints":{"allow":["GET"]}}],"collection":[{"href":"https:\/\/francois-pelletant.fr\/blog\/wp-json\/wp\/v2\/posts"}],"about":[{"href":"https:\/\/francois-pelletant.fr\/blog\/wp-json\/wp\/v2\/types\/post"}],"author":[{"embeddable":true,"href":"https:\/\/francois-pelletant.fr\/blog\/wp-json\/wp\/v2\/users\/1"}],"replies":[{"embeddable":true,"href":"https:\/\/francois-pelletant.fr\/blog\/wp-json\/wp\/v2\/comments?post=12265"}],"version-history":[{"count":0,"href":"https:\/\/francois-pelletant.fr\/blog\/wp-json\/wp\/v2\/posts\/12265\/revisions"}],"wp:featuredmedia":[{"embeddable":true,"href":"https:\/\/francois-pelletant.fr\/blog\/wp-json\/wp\/v2\/media\/12266"}],"wp:attachment":[{"href":"https:\/\/francois-pelletant.fr\/blog\/wp-json\/wp\/v2\/media?parent=12265"}],"wp:term":[{"taxonomy":"category","embeddable":true,"href":"https:\/\/francois-pelletant.fr\/blog\/wp-json\/wp\/v2\/categories?post=12265"},{"taxonomy":"post_tag","embeddable":true,"href":"https:\/\/francois-pelletant.fr\/blog\/wp-json\/wp\/v2\/tags?post=12265"}],"curies":[{"name":"wp","href":"https:\/\/api.w.org\/{rel}","templated":true}]}}