{"id":12268,"date":"2019-06-18T08:22:31","date_gmt":"2019-06-18T08:22:31","guid":{"rendered":"https:\/\/francois-pelletant.fr\/blog\/?p=12268"},"modified":"2019-06-18T08:22:31","modified_gmt":"2019-06-18T08:22:31","slug":"cest-nouveau-teqmo-a-lautodrome","status":"publish","type":"post","link":"https:\/\/francois-pelletant.fr\/blog\/cest-nouveau-teqmo-a-lautodrome\/","title":{"rendered":"C\u2019est nouveau : TEQMO \u00e0 l\u2019Autodrome"},"content":{"rendered":"<p><a href=\"https:\/\/francois-pelletant.fr\/blog\/wp-content\/uploads\/2019\/06\/D9Qn8H7W4AEEEKr.jpg\" rel=\"attachment wp-att-12269\"><img loading=\"lazy\" decoding=\"async\" class=\"alignleft size-medium wp-image-12269\" src=\"https:\/\/francois-pelletant.fr\/blog\/wp-content\/uploads\/2019\/06\/D9Qn8H7W4AEEEKr-224x300.jpg\" alt=\"D9Qn8H7W4AEEEKr\" width=\"224\" height=\"300\" srcset=\"https:\/\/francois-pelletant.fr\/blog\/wp-content\/uploads\/2019\/06\/D9Qn8H7W4AEEEKr-224x300.jpg 224w, https:\/\/francois-pelletant.fr\/blog\/wp-content\/uploads\/2019\/06\/D9Qn8H7W4AEEEKr-765x1024.jpg 765w, https:\/\/francois-pelletant.fr\/blog\/wp-content\/uploads\/2019\/06\/D9Qn8H7W4AEEEKr-768x1028.jpg 768w, https:\/\/francois-pelletant.fr\/blog\/wp-content\/uploads\/2019\/06\/D9Qn8H7W4AEEEKr-600x803.jpg 600w, https:\/\/francois-pelletant.fr\/blog\/wp-content\/uploads\/2019\/06\/D9Qn8H7W4AEEEKr-1148x1536.jpg 1148w, https:\/\/francois-pelletant.fr\/blog\/wp-content\/uploads\/2019\/06\/D9Qn8H7W4AEEEKr.jpg 1530w\" sizes=\"auto, (max-width: 224px) 100vw, 224px\" \/><\/a>Ce 17 juin \u00e0 Linas, avait lieu l\u2019inauguration du premier centre d\u2019essais et de certification de v\u00e9hicules autonomes Teqmo de<span class=\"text_exposed_show\">\u00a0l\u2019UTAC, r\u00e9f\u00e9rent mondial de l\u2019industrie du v\u00e9hicule. En pr\u00e9sence de tr\u00e8s nombreuses personnalit\u00e9s dont les ministres de l\u2019Ecologie, Fran\u00e7ois de Rugy et celui de l\u2019Economie, Bruno Lemaire, la ville de Linas \u00e9tait aux premi\u00e8res loges de cet \u00e9v\u00e9nement dont les enjeux \u00e9conomiques sont faramineux. Il faut dire que la municipalit\u00e9 a pris sa part dans ce projet gigantesque puisqu\u2019elle a autoris\u00e9 le d\u00e9classement de 20 hectares de boisements sur le site de l\u2019autodrome pour permettre le d\u00e9veloppement \u00e9conomique de Teqmo.<br \/>\nCon\u00e7u par l\u2019UTAC-Ceram, ce nouveau centre install\u00e9 au c\u0153ur de l\u2019anneau de vitesse, est baptis\u00e9 Teqmo en r\u00e9f\u00e9rence \u00e0 la technologie et \u00e0 la mobilit\u00e9. Il comporte 6 zones d\u2019essais : un circuit autoroute de 3 voies d\u2019une longueur de 2,2 km comprenant un tunnel ou encore une barri\u00e8re de p\u00e9age. Il va permettre la r\u00e9alisation de sc\u00e9narios d\u2019essais \u00e0 haute vitesse avec plusieurs v\u00e9hicules tous autonomes connect\u00e9s en technologie 5G. A cela s\u2019ajoute un circuit routier de 6,5 km avec tous les types de signalisation possibles, une zone urbaine fictive qui recr\u00e9e les conditions de circulation en ville, une zone de stationnement, une zone de man\u0153uvres de 39.000 m\u00b2 et enfin d\u2019une zone de freinage. Bref, tout le n\u00e9cessaire pour tester et mettre au point des v\u00e9hicules \u00e0 la conduite automatis\u00e9e dans les conditions les plus proches de la r\u00e9alit\u00e9.<br \/>\nPour en savoir plus,\u00a0<a href=\"https:\/\/l.facebook.com\/l.php?u=http%3A%2F%2Fwww.utacceram.com%2Ffr%2Fteqmo%3Ffbclid%3DIwAR2LRsv-U_tOpKplUAHu-m7-UNk3QXpROQ0g_FMrqS2lehrkcudv0KQk_7E&amp;h=AT02w-qtvzNhxWDmGMnPTZNC_gSk5Qq5w2Is83FQhYU8jNn7HMwaY-BuQL-o_xu4XD4Np5QLpUrcunh_G-KANjU39bWJadS0o37dlUibu0qDvQVmV2EFzoI58cCnxOfBdr8_vPgV7K0IJ0XXETOCrjeE5_K7rQQ\" target=\"_blank\" rel=\"noopener nofollow\" data-ft=\"{&quot;tn&quot;:&quot;-U&quot;}\" data-lynx-mode=\"asynclazy\">www.utacceram.com\/fr\/teqmo<\/a><\/span><\/p>\n","protected":false},"excerpt":{"rendered":"<p>Ce 17 juin \u00e0 Linas, avait lieu l\u2019inauguration du premier centre d\u2019essais et de certification de v\u00e9hicules autonomes Teqmo de\u00a0l\u2019UTAC, r\u00e9f\u00e9rent mondial de l\u2019industrie du v\u00e9hicule. En pr\u00e9sence de tr\u00e8s nombreuses personnalit\u00e9s dont les ministres de l\u2019Ecologie, Fran\u00e7ois de Rugy et celui de l\u2019Economie, Bruno Lemaire, la ville de Linas \u00e9tait aux premi\u00e8res loges de [&hellip;]<\/p>\n","protected":false},"author":1,"featured_media":12269,"comment_status":"open","ping_status":"closed","sticky":false,"template":"","format":"standard","meta":{"footnotes":""},"categories":[15,16],"tags":[],"class_list":["post-12268","post","type-post","status-publish","format-standard","has-post-thumbnail","hentry","category-patrimoi","category-prises-de-positions"],"yoast_head":"<!-- This site is optimized with the Yoast SEO plugin v25.6 - https:\/\/yoast.com\/wordpress\/plugins\/seo\/ -->\n<title>C\u2019est nouveau : TEQMO \u00e0 l\u2019Autodrome - Fran\u00e7ois Pelletant<\/title>\n<meta name=\"robots\" content=\"index, follow, max-snippet:-1, max-image-preview:large, max-video-preview:-1\" \/>\n<link rel=\"canonical\" href=\"https:\/\/francois-pelletant.fr\/blog\/cest-nouveau-teqmo-a-lautodrome\/\" \/>\n<meta property=\"og:locale\" content=\"fr_FR\" \/>\n<meta property=\"og:type\" content=\"article\" \/>\n<meta property=\"og:title\" content=\"C\u2019est nouveau : TEQMO \u00e0 l\u2019Autodrome - Fran\u00e7ois Pelletant\" \/>\n<meta property=\"og:description\" content=\"Ce 17 juin \u00e0 Linas, avait lieu l\u2019inauguration du premier centre d\u2019essais et de certification de v\u00e9hicules autonomes Teqmo de\u00a0l\u2019UTAC, r\u00e9f\u00e9rent mondial de l\u2019industrie du v\u00e9hicule. En pr\u00e9sence de tr\u00e8s nombreuses personnalit\u00e9s dont les ministres de l\u2019Ecologie, Fran\u00e7ois de Rugy et celui de l\u2019Economie, Bruno Lemaire, la ville de Linas \u00e9tait aux premi\u00e8res loges de [&hellip;]\" \/>\n<meta property=\"og:url\" content=\"https:\/\/francois-pelletant.fr\/blog\/cest-nouveau-teqmo-a-lautodrome\/\" \/>\n<meta property=\"og:site_name\" content=\"Fran\u00e7ois Pelletant\" \/>\n<meta property=\"article:publisher\" content=\"https:\/\/www.facebook.com\/francois.pelletant.7\" \/>\n<meta property=\"article:published_time\" content=\"2019-06-18T08:22:31+00:00\" \/>\n<meta property=\"og:image\" content=\"https:\/\/francois-pelletant.fr\/blog\/wp-content\/uploads\/2019\/06\/D9Qn8H7W4AEEEKr.jpg\" \/>\n\t<meta property=\"og:image:width\" content=\"1530\" \/>\n\t<meta property=\"og:image:height\" content=\"2048\" \/>\n\t<meta property=\"og:image:type\" content=\"image\/jpeg\" \/>\n<meta name=\"author\" content=\"Francois\" \/>\n<meta name=\"twitter:card\" content=\"summary_large_image\" \/>\n<meta name=\"twitter:creator\" content=\"@pelletant\" \/>\n<meta name=\"twitter:site\" content=\"@pelletant\" \/>\n<meta name=\"twitter:label1\" content=\"\u00c9crit par\" \/>\n\t<meta name=\"twitter:data1\" content=\"Francois\" \/>\n\t<meta name=\"twitter:label2\" content=\"Dur\u00e9e de lecture estim\u00e9e\" \/>\n\t<meta name=\"twitter:data2\" content=\"1 minute\" \/>\n<script type=\"application\/ld+json\" class=\"yoast-schema-graph\">{\"@context\":\"https:\/\/schema.org\",\"@graph\":[{\"@type\":\"Article\",\"@id\":\"https:\/\/francois-pelletant.fr\/blog\/cest-nouveau-teqmo-a-lautodrome\/#article\",\"isPartOf\":{\"@id\":\"https:\/\/francois-pelletant.fr\/blog\/cest-nouveau-teqmo-a-lautodrome\/\"},\"author\":{\"name\":\"Francois\",\"@id\":\"https:\/\/francois-pelletant.fr\/blog\/#\/schema\/person\/2be41acb171dff8f31aaed1f40cee9f3\"},\"headline\":\"C\u2019est nouveau : TEQMO \u00e0 l\u2019Autodrome\",\"datePublished\":\"2019-06-18T08:22:31+00:00\",\"mainEntityOfPage\":{\"@id\":\"https:\/\/francois-pelletant.fr\/blog\/cest-nouveau-teqmo-a-lautodrome\/\"},\"wordCount\":286,\"commentCount\":0,\"publisher\":{\"@id\":\"https:\/\/francois-pelletant.fr\/blog\/#organization\"},\"image\":{\"@id\":\"https:\/\/francois-pelletant.fr\/blog\/cest-nouveau-teqmo-a-lautodrome\/#primaryimage\"},\"thumbnailUrl\":\"https:\/\/francois-pelletant.fr\/blog\/wp-content\/uploads\/2019\/06\/D9Qn8H7W4AEEEKr.jpg\",\"articleSection\":[\"Patrimoine\",\"Prises de positions\"],\"inLanguage\":\"fr-FR\",\"potentialAction\":[{\"@type\":\"CommentAction\",\"name\":\"Comment\",\"target\":[\"https:\/\/francois-pelletant.fr\/blog\/cest-nouveau-teqmo-a-lautodrome\/#respond\"]}]},{\"@type\":\"WebPage\",\"@id\":\"https:\/\/francois-pelletant.fr\/blog\/cest-nouveau-teqmo-a-lautodrome\/\",\"url\":\"https:\/\/francois-pelletant.fr\/blog\/cest-nouveau-teqmo-a-lautodrome\/\",\"name\":\"C\u2019est nouveau : TEQMO \u00e0 l\u2019Autodrome - Fran\u00e7ois Pelletant\",\"isPartOf\":{\"@id\":\"https:\/\/francois-pelletant.fr\/blog\/#website\"},\"primaryImageOfPage\":{\"@id\":\"https:\/\/francois-pelletant.fr\/blog\/cest-nouveau-teqmo-a-lautodrome\/#primaryimage\"},\"image\":{\"@id\":\"https:\/\/francois-pelletant.fr\/blog\/cest-nouveau-teqmo-a-lautodrome\/#primaryimage\"},\"thumbnailUrl\":\"https:\/\/francois-pelletant.fr\/blog\/wp-content\/uploads\/2019\/06\/D9Qn8H7W4AEEEKr.jpg\",\"datePublished\":\"2019-06-18T08:22:31+00:00\",\"breadcrumb\":{\"@id\":\"https:\/\/francois-pelletant.fr\/blog\/cest-nouveau-teqmo-a-lautodrome\/#breadcrumb\"},\"inLanguage\":\"fr-FR\",\"potentialAction\":[{\"@type\":\"ReadAction\",\"target\":[\"https:\/\/francois-pelletant.fr\/blog\/cest-nouveau-teqmo-a-lautodrome\/\"]}]},{\"@type\":\"ImageObject\",\"inLanguage\":\"fr-FR\",\"@id\":\"https:\/\/francois-pelletant.fr\/blog\/cest-nouveau-teqmo-a-lautodrome\/#primaryimage\",\"url\":\"https:\/\/francois-pelletant.fr\/blog\/wp-content\/uploads\/2019\/06\/D9Qn8H7W4AEEEKr.jpg\",\"contentUrl\":\"https:\/\/francois-pelletant.fr\/blog\/wp-content\/uploads\/2019\/06\/D9Qn8H7W4AEEEKr.jpg\",\"width\":1530,\"height\":2048},{\"@type\":\"BreadcrumbList\",\"@id\":\"https:\/\/francois-pelletant.fr\/blog\/cest-nouveau-teqmo-a-lautodrome\/#breadcrumb\",\"itemListElement\":[{\"@type\":\"ListItem\",\"position\":1,\"name\":\"Accueil\",\"item\":\"https:\/\/francois-pelletant.fr\/blog\/\"},{\"@type\":\"ListItem\",\"position\":2,\"name\":\"C\u2019est nouveau : TEQMO \u00e0 l\u2019Autodrome\"}]},{\"@type\":\"WebSite\",\"@id\":\"https:\/\/francois-pelletant.fr\/blog\/#website\",\"url\":\"https:\/\/francois-pelletant.fr\/blog\/\",\"name\":\"Fran\u00e7ois Pelletant\",\"description\":\"Maire de Linas, pour toujours.\",\"publisher\":{\"@id\":\"https:\/\/francois-pelletant.fr\/blog\/#organization\"},\"potentialAction\":[{\"@type\":\"SearchAction\",\"target\":{\"@type\":\"EntryPoint\",\"urlTemplate\":\"https:\/\/francois-pelletant.fr\/blog\/?s={search_term_string}\"},\"query-input\":{\"@type\":\"PropertyValueSpecification\",\"valueRequired\":true,\"valueName\":\"search_term_string\"}}],\"inLanguage\":\"fr-FR\"},{\"@type\":\"Organization\",\"@id\":\"https:\/\/francois-pelletant.fr\/blog\/#organization\",\"name\":\"Fran\u00e7ois Pelletant\",\"url\":\"https:\/\/francois-pelletant.fr\/blog\/\",\"logo\":{\"@type\":\"ImageObject\",\"inLanguage\":\"fr-FR\",\"@id\":\"https:\/\/francois-pelletant.fr\/blog\/#\/schema\/logo\/image\/\",\"url\":\"https:\/\/francois-pelletant.fr\/blog\/wp-content\/uploads\/2024\/07\/icone-francois-centre-500p.png\",\"contentUrl\":\"https:\/\/francois-pelletant.fr\/blog\/wp-content\/uploads\/2024\/07\/icone-francois-centre-500p.png\",\"width\":559,\"height\":447,\"caption\":\"Fran\u00e7ois Pelletant\"},\"image\":{\"@id\":\"https:\/\/francois-pelletant.fr\/blog\/#\/schema\/logo\/image\/\"},\"sameAs\":[\"https:\/\/www.facebook.com\/francois.pelletant.7\",\"https:\/\/x.com\/pelletant\"]},{\"@type\":\"Person\",\"@id\":\"https:\/\/francois-pelletant.fr\/blog\/#\/schema\/person\/2be41acb171dff8f31aaed1f40cee9f3\",\"name\":\"Francois\"}]}<\/script>\n<!-- \/ Yoast SEO plugin. -->","yoast_head_json":{"title":"C\u2019est nouveau : TEQMO \u00e0 l\u2019Autodrome - Fran\u00e7ois Pelletant","robots":{"index":"index","follow":"follow","max-snippet":"max-snippet:-1","max-image-preview":"max-image-preview:large","max-video-preview":"max-video-preview:-1"},"canonical":"https:\/\/francois-pelletant.fr\/blog\/cest-nouveau-teqmo-a-lautodrome\/","og_locale":"fr_FR","og_type":"article","og_title":"C\u2019est nouveau : TEQMO \u00e0 l\u2019Autodrome - Fran\u00e7ois Pelletant","og_description":"Ce 17 juin \u00e0 Linas, avait lieu l\u2019inauguration du premier centre d\u2019essais et de certification de v\u00e9hicules autonomes Teqmo de\u00a0l\u2019UTAC, r\u00e9f\u00e9rent mondial de l\u2019industrie du v\u00e9hicule. En pr\u00e9sence de tr\u00e8s nombreuses personnalit\u00e9s dont les ministres de l\u2019Ecologie, Fran\u00e7ois de Rugy et celui de l\u2019Economie, Bruno Lemaire, la ville de Linas \u00e9tait aux premi\u00e8res loges de [&hellip;]","og_url":"https:\/\/francois-pelletant.fr\/blog\/cest-nouveau-teqmo-a-lautodrome\/","og_site_name":"Fran\u00e7ois Pelletant","article_publisher":"https:\/\/www.facebook.com\/francois.pelletant.7","article_published_time":"2019-06-18T08:22:31+00:00","og_image":[{"width":1530,"height":2048,"url":"https:\/\/francois-pelletant.fr\/blog\/wp-content\/uploads\/2019\/06\/D9Qn8H7W4AEEEKr.jpg","type":"image\/jpeg"}],"author":"Francois","twitter_card":"summary_large_image","twitter_creator":"@pelletant","twitter_site":"@pelletant","twitter_misc":{"\u00c9crit par":"Francois","Dur\u00e9e de lecture estim\u00e9e":"1 minute"},"schema":{"@context":"https:\/\/schema.org","@graph":[{"@type":"Article","@id":"https:\/\/francois-pelletant.fr\/blog\/cest-nouveau-teqmo-a-lautodrome\/#article","isPartOf":{"@id":"https:\/\/francois-pelletant.fr\/blog\/cest-nouveau-teqmo-a-lautodrome\/"},"author":{"name":"Francois","@id":"https:\/\/francois-pelletant.fr\/blog\/#\/schema\/person\/2be41acb171dff8f31aaed1f40cee9f3"},"headline":"C\u2019est nouveau : TEQMO \u00e0 l\u2019Autodrome","datePublished":"2019-06-18T08:22:31+00:00","mainEntityOfPage":{"@id":"https:\/\/francois-pelletant.fr\/blog\/cest-nouveau-teqmo-a-lautodrome\/"},"wordCount":286,"commentCount":0,"publisher":{"@id":"https:\/\/francois-pelletant.fr\/blog\/#organization"},"image":{"@id":"https:\/\/francois-pelletant.fr\/blog\/cest-nouveau-teqmo-a-lautodrome\/#primaryimage"},"thumbnailUrl":"https:\/\/francois-pelletant.fr\/blog\/wp-content\/uploads\/2019\/06\/D9Qn8H7W4AEEEKr.jpg","articleSection":["Patrimoine","Prises de positions"],"inLanguage":"fr-FR","potentialAction":[{"@type":"CommentAction","name":"Comment","target":["https:\/\/francois-pelletant.fr\/blog\/cest-nouveau-teqmo-a-lautodrome\/#respond"]}]},{"@type":"WebPage","@id":"https:\/\/francois-pelletant.fr\/blog\/cest-nouveau-teqmo-a-lautodrome\/","url":"https:\/\/francois-pelletant.fr\/blog\/cest-nouveau-teqmo-a-lautodrome\/","name":"C\u2019est nouveau : TEQMO \u00e0 l\u2019Autodrome - Fran\u00e7ois Pelletant","isPartOf":{"@id":"https:\/\/francois-pelletant.fr\/blog\/#website"},"primaryImageOfPage":{"@id":"https:\/\/francois-pelletant.fr\/blog\/cest-nouveau-teqmo-a-lautodrome\/#primaryimage"},"image":{"@id":"https:\/\/francois-pelletant.fr\/blog\/cest-nouveau-teqmo-a-lautodrome\/#primaryimage"},"thumbnailUrl":"https:\/\/francois-pelletant.fr\/blog\/wp-content\/uploads\/2019\/06\/D9Qn8H7W4AEEEKr.jpg","datePublished":"2019-06-18T08:22:31+00:00","breadcrumb":{"@id":"https:\/\/francois-pelletant.fr\/blog\/cest-nouveau-teqmo-a-lautodrome\/#breadcrumb"},"inLanguage":"fr-FR","potentialAction":[{"@type":"ReadAction","target":["https:\/\/francois-pelletant.fr\/blog\/cest-nouveau-teqmo-a-lautodrome\/"]}]},{"@type":"ImageObject","inLanguage":"fr-FR","@id":"https:\/\/francois-pelletant.fr\/blog\/cest-nouveau-teqmo-a-lautodrome\/#primaryimage","url":"https:\/\/francois-pelletant.fr\/blog\/wp-content\/uploads\/2019\/06\/D9Qn8H7W4AEEEKr.jpg","contentUrl":"https:\/\/francois-pelletant.fr\/blog\/wp-content\/uploads\/2019\/06\/D9Qn8H7W4AEEEKr.jpg","width":1530,"height":2048},{"@type":"BreadcrumbList","@id":"https:\/\/francois-pelletant.fr\/blog\/cest-nouveau-teqmo-a-lautodrome\/#breadcrumb","itemListElement":[{"@type":"ListItem","position":1,"name":"Accueil","item":"https:\/\/francois-pelletant.fr\/blog\/"},{"@type":"ListItem","position":2,"name":"C\u2019est nouveau : TEQMO \u00e0 l\u2019Autodrome"}]},{"@type":"WebSite","@id":"https:\/\/francois-pelletant.fr\/blog\/#website","url":"https:\/\/francois-pelletant.fr\/blog\/","name":"Fran\u00e7ois Pelletant","description":"Maire de Linas, pour toujours.","publisher":{"@id":"https:\/\/francois-pelletant.fr\/blog\/#organization"},"potentialAction":[{"@type":"SearchAction","target":{"@type":"EntryPoint","urlTemplate":"https:\/\/francois-pelletant.fr\/blog\/?s={search_term_string}"},"query-input":{"@type":"PropertyValueSpecification","valueRequired":true,"valueName":"search_term_string"}}],"inLanguage":"fr-FR"},{"@type":"Organization","@id":"https:\/\/francois-pelletant.fr\/blog\/#organization","name":"Fran\u00e7ois Pelletant","url":"https:\/\/francois-pelletant.fr\/blog\/","logo":{"@type":"ImageObject","inLanguage":"fr-FR","@id":"https:\/\/francois-pelletant.fr\/blog\/#\/schema\/logo\/image\/","url":"https:\/\/francois-pelletant.fr\/blog\/wp-content\/uploads\/2024\/07\/icone-francois-centre-500p.png","contentUrl":"https:\/\/francois-pelletant.fr\/blog\/wp-content\/uploads\/2024\/07\/icone-francois-centre-500p.png","width":559,"height":447,"caption":"Fran\u00e7ois Pelletant"},"image":{"@id":"https:\/\/francois-pelletant.fr\/blog\/#\/schema\/logo\/image\/"},"sameAs":["https:\/\/www.facebook.com\/francois.pelletant.7","https:\/\/x.com\/pelletant"]},{"@type":"Person","@id":"https:\/\/francois-pelletant.fr\/blog\/#\/schema\/person\/2be41acb171dff8f31aaed1f40cee9f3","name":"Francois"}]}},"_links":{"self":[{"href":"https:\/\/francois-pelletant.fr\/blog\/wp-json\/wp\/v2\/posts\/12268","targetHints":{"allow":["GET"]}}],"collection":[{"href":"https:\/\/francois-pelletant.fr\/blog\/wp-json\/wp\/v2\/posts"}],"about":[{"href":"https:\/\/francois-pelletant.fr\/blog\/wp-json\/wp\/v2\/types\/post"}],"author":[{"embeddable":true,"href":"https:\/\/francois-pelletant.fr\/blog\/wp-json\/wp\/v2\/users\/1"}],"replies":[{"embeddable":true,"href":"https:\/\/francois-pelletant.fr\/blog\/wp-json\/wp\/v2\/comments?post=12268"}],"version-history":[{"count":0,"href":"https:\/\/francois-pelletant.fr\/blog\/wp-json\/wp\/v2\/posts\/12268\/revisions"}],"wp:featuredmedia":[{"embeddable":true,"href":"https:\/\/francois-pelletant.fr\/blog\/wp-json\/wp\/v2\/media\/12269"}],"wp:attachment":[{"href":"https:\/\/francois-pelletant.fr\/blog\/wp-json\/wp\/v2\/media?parent=12268"}],"wp:term":[{"taxonomy":"category","embeddable":true,"href":"https:\/\/francois-pelletant.fr\/blog\/wp-json\/wp\/v2\/categories?post=12268"},{"taxonomy":"post_tag","embeddable":true,"href":"https:\/\/francois-pelletant.fr\/blog\/wp-json\/wp\/v2\/tags?post=12268"}],"curies":[{"name":"wp","href":"https:\/\/api.w.org\/{rel}","templated":true}]}}