{"id":12323,"date":"2019-08-27T14:40:39","date_gmt":"2019-08-27T14:40:39","guid":{"rendered":"https:\/\/francois-pelletant.fr\/blog\/?p=12323"},"modified":"2019-08-27T14:40:39","modified_gmt":"2019-08-27T14:40:39","slug":"bonne-rentree","status":"publish","type":"post","link":"https:\/\/francois-pelletant.fr\/blog\/bonne-rentree\/","title":{"rendered":"Bonne rentr\u00e9e !"},"content":{"rendered":"<p><a href=\"https:\/\/francois-pelletant.fr\/blog\/wp-content\/uploads\/2019\/08\/site-linas-2019.jpg\" rel=\"attachment wp-att-12324\"><img loading=\"lazy\" decoding=\"async\" class=\"alignleft size-medium wp-image-12324\" src=\"https:\/\/francois-pelletant.fr\/blog\/wp-content\/uploads\/2019\/08\/site-linas-2019-300x178.jpg\" alt=\"site linas 2019\" width=\"300\" height=\"178\" srcset=\"https:\/\/francois-pelletant.fr\/blog\/wp-content\/uploads\/2019\/08\/site-linas-2019-300x178.jpg 300w, https:\/\/francois-pelletant.fr\/blog\/wp-content\/uploads\/2019\/08\/site-linas-2019-1024x607.jpg 1024w, https:\/\/francois-pelletant.fr\/blog\/wp-content\/uploads\/2019\/08\/site-linas-2019-768x455.jpg 768w, https:\/\/francois-pelletant.fr\/blog\/wp-content\/uploads\/2019\/08\/site-linas-2019-600x356.jpg 600w, https:\/\/francois-pelletant.fr\/blog\/wp-content\/uploads\/2019\/08\/site-linas-2019.jpg 1248w\" sizes=\"auto, (max-width: 300px) 100vw, 300px\" \/><\/a>Comme tous les ans, pendant les vacances, les services de la mairie ont mis les bouch\u00e9es doubles pour r\u00e9aliser une multitude de travaux dans les b\u00e2timents, les \u00e9coles, sur le r\u00e9seau d\u2019eau, les voiries, etc\u2026 Cela permet de cr\u00e9er le moins de perturbation possible et c\u2019est aussi plus plaisant pour les habitants de trouver \u00e0 leur retour de cong\u00e9s des \u00e9quipements remis \u00e0 neufs. Cette ann\u00e9e, il y a eu ce que vous pouvez voir mais il y a eu aussi un gros travail non visible effectu\u00e9 sur notre site internet www.linas.fr.<br \/>\nNous avons, en effet, effectu\u00e9 une remise \u00e0 niveau de toutes les rubriques du site Internet de la ville. Le but \u00e9tait de r\u00e9actualiser le langage informatique utilis\u00e9 sur le serveur du site, de permettre la greffe de fonctionnalit\u00e9s nouvelles et de pr\u00e9parer la venue d\u2019une application municipale l\u2019ann\u00e9e prochaine pour les smartphones, tablettes et autres. Si vous allez faire un tour sur www.linas.fr, vous allez donc trouver du changement. Enti\u00e8rement relook\u00e9, plus pratique, plus convivial, le nouveau site de la ville a \u00e9t\u00e9 pens\u00e9 avant tout pour ses utilisateurs. D\u00e9j\u00e0, c\u2019est un site plus clair et plus complet qui vous permettra de trouver les informations recherch\u00e9es et d\u2019effectuer vos d\u00e9marches en<br \/>\nun minimum de clics. Parmi les nouveaut\u00e9s propos\u00e9es, une carte interactive r\u00e9f\u00e9ren\u00e7ant tous les lieux cl\u00e9s de notre ville, l\u2019adaptabilit\u00e9 sur les diff\u00e9rents supports multim\u00e9dias mobiles : smartphones, tablettes&#8230; Et puis d\u00e9sormais, impossible de passer \u00e0 c\u00f4t\u00e9 des informations essentielles, puisque jusqu\u2019\u00e0 3 actualit\u00e9s par jour seront mises en ligne. Acc\u00e9dez \u00e9galement ais\u00e9ment \u00e0 toutes les d\u00e9marches en lien avec la municipalit\u00e9, du r\u00e8glement de vos factures aux demandes d\u2019actes d\u2019\u00e9tat-civil. Des pictos, \u00e9l\u00e9gants et sobres, permettent d\u2019identifier rapidement chaque d\u00e9marche, sans perte de temps. Enfin, en cliquant dans l\u2019onglet \u00ab vous \u00eates \u00bb, l\u2019internaute est redirig\u00e9 directement vers les rubriques susceptibles de l\u2019int\u00e9resser sans perdre de temps dans sa navigation. Nous avons besoin de vous pour finaliser<br \/>\nle site internet de la ville. La version actuellement en ligne est une version b\u00e9ta ; n\u2019h\u00e9sitez pas \u00e0 nous faire part de vos remarques et propositions d\u2019am\u00e9lioration. Au mois de novembre, nous figerons les fonctionnalit\u00e9s du \u00abmoteur\u00bb et nous lancerons la finalisation et le march\u00e9 du prestataire pour la seconde phase qui d\u00e9marrera d\u00e9but 2020.<\/p>\n","protected":false},"excerpt":{"rendered":"<p>Comme tous les ans, pendant les vacances, les services de la mairie ont mis les bouch\u00e9es doubles pour r\u00e9aliser une multitude de travaux dans les b\u00e2timents, les \u00e9coles, sur le r\u00e9seau d\u2019eau, les voiries, etc\u2026 Cela permet de cr\u00e9er le moins de perturbation possible et c\u2019est aussi plus plaisant pour les habitants de trouver \u00e0 [&hellip;]<\/p>\n","protected":false},"author":1,"featured_media":12324,"comment_status":"open","ping_status":"closed","sticky":false,"template":"","format":"standard","meta":{"footnotes":""},"categories":[16],"tags":[],"class_list":["post-12323","post","type-post","status-publish","format-standard","has-post-thumbnail","hentry","category-prises-de-positions"],"yoast_head":"<!-- This site is optimized with the Yoast SEO plugin v25.6 - https:\/\/yoast.com\/wordpress\/plugins\/seo\/ -->\n<title>Bonne rentr\u00e9e ! - Fran\u00e7ois Pelletant<\/title>\n<meta name=\"robots\" content=\"index, follow, max-snippet:-1, max-image-preview:large, max-video-preview:-1\" \/>\n<link rel=\"canonical\" href=\"https:\/\/francois-pelletant.fr\/blog\/bonne-rentree\/\" \/>\n<meta property=\"og:locale\" content=\"fr_FR\" \/>\n<meta property=\"og:type\" content=\"article\" \/>\n<meta property=\"og:title\" content=\"Bonne rentr\u00e9e ! - Fran\u00e7ois Pelletant\" \/>\n<meta property=\"og:description\" content=\"Comme tous les ans, pendant les vacances, les services de la mairie ont mis les bouch\u00e9es doubles pour r\u00e9aliser une multitude de travaux dans les b\u00e2timents, les \u00e9coles, sur le r\u00e9seau d\u2019eau, les voiries, etc\u2026 Cela permet de cr\u00e9er le moins de perturbation possible et c\u2019est aussi plus plaisant pour les habitants de trouver \u00e0 [&hellip;]\" \/>\n<meta property=\"og:url\" content=\"https:\/\/francois-pelletant.fr\/blog\/bonne-rentree\/\" \/>\n<meta property=\"og:site_name\" content=\"Fran\u00e7ois Pelletant\" \/>\n<meta property=\"article:publisher\" content=\"https:\/\/www.facebook.com\/francois.pelletant.7\" \/>\n<meta property=\"article:published_time\" content=\"2019-08-27T14:40:39+00:00\" \/>\n<meta property=\"og:image\" content=\"https:\/\/francois-pelletant.fr\/blog\/wp-content\/uploads\/2019\/08\/site-linas-2019.jpg\" \/>\n\t<meta property=\"og:image:width\" content=\"1248\" \/>\n\t<meta property=\"og:image:height\" content=\"740\" \/>\n\t<meta property=\"og:image:type\" content=\"image\/jpeg\" \/>\n<meta name=\"author\" content=\"Francois\" \/>\n<meta name=\"twitter:card\" content=\"summary_large_image\" \/>\n<meta name=\"twitter:creator\" content=\"@pelletant\" \/>\n<meta name=\"twitter:site\" content=\"@pelletant\" \/>\n<meta name=\"twitter:label1\" content=\"\u00c9crit par\" \/>\n\t<meta name=\"twitter:data1\" content=\"Francois\" \/>\n\t<meta name=\"twitter:label2\" content=\"Dur\u00e9e de lecture estim\u00e9e\" \/>\n\t<meta name=\"twitter:data2\" content=\"2 minutes\" \/>\n<script type=\"application\/ld+json\" class=\"yoast-schema-graph\">{\"@context\":\"https:\/\/schema.org\",\"@graph\":[{\"@type\":\"Article\",\"@id\":\"https:\/\/francois-pelletant.fr\/blog\/bonne-rentree\/#article\",\"isPartOf\":{\"@id\":\"https:\/\/francois-pelletant.fr\/blog\/bonne-rentree\/\"},\"author\":{\"name\":\"Francois\",\"@id\":\"https:\/\/francois-pelletant.fr\/blog\/#\/schema\/person\/2be41acb171dff8f31aaed1f40cee9f3\"},\"headline\":\"Bonne rentr\u00e9e !\",\"datePublished\":\"2019-08-27T14:40:39+00:00\",\"mainEntityOfPage\":{\"@id\":\"https:\/\/francois-pelletant.fr\/blog\/bonne-rentree\/\"},\"wordCount\":427,\"commentCount\":0,\"publisher\":{\"@id\":\"https:\/\/francois-pelletant.fr\/blog\/#organization\"},\"image\":{\"@id\":\"https:\/\/francois-pelletant.fr\/blog\/bonne-rentree\/#primaryimage\"},\"thumbnailUrl\":\"https:\/\/francois-pelletant.fr\/blog\/wp-content\/uploads\/2019\/08\/site-linas-2019.jpg\",\"articleSection\":[\"Prises de positions\"],\"inLanguage\":\"fr-FR\",\"potentialAction\":[{\"@type\":\"CommentAction\",\"name\":\"Comment\",\"target\":[\"https:\/\/francois-pelletant.fr\/blog\/bonne-rentree\/#respond\"]}]},{\"@type\":\"WebPage\",\"@id\":\"https:\/\/francois-pelletant.fr\/blog\/bonne-rentree\/\",\"url\":\"https:\/\/francois-pelletant.fr\/blog\/bonne-rentree\/\",\"name\":\"Bonne rentr\u00e9e ! - Fran\u00e7ois Pelletant\",\"isPartOf\":{\"@id\":\"https:\/\/francois-pelletant.fr\/blog\/#website\"},\"primaryImageOfPage\":{\"@id\":\"https:\/\/francois-pelletant.fr\/blog\/bonne-rentree\/#primaryimage\"},\"image\":{\"@id\":\"https:\/\/francois-pelletant.fr\/blog\/bonne-rentree\/#primaryimage\"},\"thumbnailUrl\":\"https:\/\/francois-pelletant.fr\/blog\/wp-content\/uploads\/2019\/08\/site-linas-2019.jpg\",\"datePublished\":\"2019-08-27T14:40:39+00:00\",\"breadcrumb\":{\"@id\":\"https:\/\/francois-pelletant.fr\/blog\/bonne-rentree\/#breadcrumb\"},\"inLanguage\":\"fr-FR\",\"potentialAction\":[{\"@type\":\"ReadAction\",\"target\":[\"https:\/\/francois-pelletant.fr\/blog\/bonne-rentree\/\"]}]},{\"@type\":\"ImageObject\",\"inLanguage\":\"fr-FR\",\"@id\":\"https:\/\/francois-pelletant.fr\/blog\/bonne-rentree\/#primaryimage\",\"url\":\"https:\/\/francois-pelletant.fr\/blog\/wp-content\/uploads\/2019\/08\/site-linas-2019.jpg\",\"contentUrl\":\"https:\/\/francois-pelletant.fr\/blog\/wp-content\/uploads\/2019\/08\/site-linas-2019.jpg\",\"width\":1248,\"height\":740},{\"@type\":\"BreadcrumbList\",\"@id\":\"https:\/\/francois-pelletant.fr\/blog\/bonne-rentree\/#breadcrumb\",\"itemListElement\":[{\"@type\":\"ListItem\",\"position\":1,\"name\":\"Accueil\",\"item\":\"https:\/\/francois-pelletant.fr\/blog\/\"},{\"@type\":\"ListItem\",\"position\":2,\"name\":\"Bonne rentr\u00e9e !\"}]},{\"@type\":\"WebSite\",\"@id\":\"https:\/\/francois-pelletant.fr\/blog\/#website\",\"url\":\"https:\/\/francois-pelletant.fr\/blog\/\",\"name\":\"Fran\u00e7ois Pelletant\",\"description\":\"Maire de Linas, pour toujours.\",\"publisher\":{\"@id\":\"https:\/\/francois-pelletant.fr\/blog\/#organization\"},\"potentialAction\":[{\"@type\":\"SearchAction\",\"target\":{\"@type\":\"EntryPoint\",\"urlTemplate\":\"https:\/\/francois-pelletant.fr\/blog\/?s={search_term_string}\"},\"query-input\":{\"@type\":\"PropertyValueSpecification\",\"valueRequired\":true,\"valueName\":\"search_term_string\"}}],\"inLanguage\":\"fr-FR\"},{\"@type\":\"Organization\",\"@id\":\"https:\/\/francois-pelletant.fr\/blog\/#organization\",\"name\":\"Fran\u00e7ois Pelletant\",\"url\":\"https:\/\/francois-pelletant.fr\/blog\/\",\"logo\":{\"@type\":\"ImageObject\",\"inLanguage\":\"fr-FR\",\"@id\":\"https:\/\/francois-pelletant.fr\/blog\/#\/schema\/logo\/image\/\",\"url\":\"https:\/\/francois-pelletant.fr\/blog\/wp-content\/uploads\/2024\/07\/icone-francois-centre-500p.png\",\"contentUrl\":\"https:\/\/francois-pelletant.fr\/blog\/wp-content\/uploads\/2024\/07\/icone-francois-centre-500p.png\",\"width\":559,\"height\":447,\"caption\":\"Fran\u00e7ois Pelletant\"},\"image\":{\"@id\":\"https:\/\/francois-pelletant.fr\/blog\/#\/schema\/logo\/image\/\"},\"sameAs\":[\"https:\/\/www.facebook.com\/francois.pelletant.7\",\"https:\/\/x.com\/pelletant\"]},{\"@type\":\"Person\",\"@id\":\"https:\/\/francois-pelletant.fr\/blog\/#\/schema\/person\/2be41acb171dff8f31aaed1f40cee9f3\",\"name\":\"Francois\"}]}<\/script>\n<!-- \/ Yoast SEO plugin. -->","yoast_head_json":{"title":"Bonne rentr\u00e9e ! - Fran\u00e7ois Pelletant","robots":{"index":"index","follow":"follow","max-snippet":"max-snippet:-1","max-image-preview":"max-image-preview:large","max-video-preview":"max-video-preview:-1"},"canonical":"https:\/\/francois-pelletant.fr\/blog\/bonne-rentree\/","og_locale":"fr_FR","og_type":"article","og_title":"Bonne rentr\u00e9e ! - Fran\u00e7ois Pelletant","og_description":"Comme tous les ans, pendant les vacances, les services de la mairie ont mis les bouch\u00e9es doubles pour r\u00e9aliser une multitude de travaux dans les b\u00e2timents, les \u00e9coles, sur le r\u00e9seau d\u2019eau, les voiries, etc\u2026 Cela permet de cr\u00e9er le moins de perturbation possible et c\u2019est aussi plus plaisant pour les habitants de trouver \u00e0 [&hellip;]","og_url":"https:\/\/francois-pelletant.fr\/blog\/bonne-rentree\/","og_site_name":"Fran\u00e7ois Pelletant","article_publisher":"https:\/\/www.facebook.com\/francois.pelletant.7","article_published_time":"2019-08-27T14:40:39+00:00","og_image":[{"width":1248,"height":740,"url":"https:\/\/francois-pelletant.fr\/blog\/wp-content\/uploads\/2019\/08\/site-linas-2019.jpg","type":"image\/jpeg"}],"author":"Francois","twitter_card":"summary_large_image","twitter_creator":"@pelletant","twitter_site":"@pelletant","twitter_misc":{"\u00c9crit par":"Francois","Dur\u00e9e de lecture estim\u00e9e":"2 minutes"},"schema":{"@context":"https:\/\/schema.org","@graph":[{"@type":"Article","@id":"https:\/\/francois-pelletant.fr\/blog\/bonne-rentree\/#article","isPartOf":{"@id":"https:\/\/francois-pelletant.fr\/blog\/bonne-rentree\/"},"author":{"name":"Francois","@id":"https:\/\/francois-pelletant.fr\/blog\/#\/schema\/person\/2be41acb171dff8f31aaed1f40cee9f3"},"headline":"Bonne rentr\u00e9e !","datePublished":"2019-08-27T14:40:39+00:00","mainEntityOfPage":{"@id":"https:\/\/francois-pelletant.fr\/blog\/bonne-rentree\/"},"wordCount":427,"commentCount":0,"publisher":{"@id":"https:\/\/francois-pelletant.fr\/blog\/#organization"},"image":{"@id":"https:\/\/francois-pelletant.fr\/blog\/bonne-rentree\/#primaryimage"},"thumbnailUrl":"https:\/\/francois-pelletant.fr\/blog\/wp-content\/uploads\/2019\/08\/site-linas-2019.jpg","articleSection":["Prises de positions"],"inLanguage":"fr-FR","potentialAction":[{"@type":"CommentAction","name":"Comment","target":["https:\/\/francois-pelletant.fr\/blog\/bonne-rentree\/#respond"]}]},{"@type":"WebPage","@id":"https:\/\/francois-pelletant.fr\/blog\/bonne-rentree\/","url":"https:\/\/francois-pelletant.fr\/blog\/bonne-rentree\/","name":"Bonne rentr\u00e9e ! - Fran\u00e7ois Pelletant","isPartOf":{"@id":"https:\/\/francois-pelletant.fr\/blog\/#website"},"primaryImageOfPage":{"@id":"https:\/\/francois-pelletant.fr\/blog\/bonne-rentree\/#primaryimage"},"image":{"@id":"https:\/\/francois-pelletant.fr\/blog\/bonne-rentree\/#primaryimage"},"thumbnailUrl":"https:\/\/francois-pelletant.fr\/blog\/wp-content\/uploads\/2019\/08\/site-linas-2019.jpg","datePublished":"2019-08-27T14:40:39+00:00","breadcrumb":{"@id":"https:\/\/francois-pelletant.fr\/blog\/bonne-rentree\/#breadcrumb"},"inLanguage":"fr-FR","potentialAction":[{"@type":"ReadAction","target":["https:\/\/francois-pelletant.fr\/blog\/bonne-rentree\/"]}]},{"@type":"ImageObject","inLanguage":"fr-FR","@id":"https:\/\/francois-pelletant.fr\/blog\/bonne-rentree\/#primaryimage","url":"https:\/\/francois-pelletant.fr\/blog\/wp-content\/uploads\/2019\/08\/site-linas-2019.jpg","contentUrl":"https:\/\/francois-pelletant.fr\/blog\/wp-content\/uploads\/2019\/08\/site-linas-2019.jpg","width":1248,"height":740},{"@type":"BreadcrumbList","@id":"https:\/\/francois-pelletant.fr\/blog\/bonne-rentree\/#breadcrumb","itemListElement":[{"@type":"ListItem","position":1,"name":"Accueil","item":"https:\/\/francois-pelletant.fr\/blog\/"},{"@type":"ListItem","position":2,"name":"Bonne rentr\u00e9e !"}]},{"@type":"WebSite","@id":"https:\/\/francois-pelletant.fr\/blog\/#website","url":"https:\/\/francois-pelletant.fr\/blog\/","name":"Fran\u00e7ois Pelletant","description":"Maire de Linas, pour toujours.","publisher":{"@id":"https:\/\/francois-pelletant.fr\/blog\/#organization"},"potentialAction":[{"@type":"SearchAction","target":{"@type":"EntryPoint","urlTemplate":"https:\/\/francois-pelletant.fr\/blog\/?s={search_term_string}"},"query-input":{"@type":"PropertyValueSpecification","valueRequired":true,"valueName":"search_term_string"}}],"inLanguage":"fr-FR"},{"@type":"Organization","@id":"https:\/\/francois-pelletant.fr\/blog\/#organization","name":"Fran\u00e7ois Pelletant","url":"https:\/\/francois-pelletant.fr\/blog\/","logo":{"@type":"ImageObject","inLanguage":"fr-FR","@id":"https:\/\/francois-pelletant.fr\/blog\/#\/schema\/logo\/image\/","url":"https:\/\/francois-pelletant.fr\/blog\/wp-content\/uploads\/2024\/07\/icone-francois-centre-500p.png","contentUrl":"https:\/\/francois-pelletant.fr\/blog\/wp-content\/uploads\/2024\/07\/icone-francois-centre-500p.png","width":559,"height":447,"caption":"Fran\u00e7ois Pelletant"},"image":{"@id":"https:\/\/francois-pelletant.fr\/blog\/#\/schema\/logo\/image\/"},"sameAs":["https:\/\/www.facebook.com\/francois.pelletant.7","https:\/\/x.com\/pelletant"]},{"@type":"Person","@id":"https:\/\/francois-pelletant.fr\/blog\/#\/schema\/person\/2be41acb171dff8f31aaed1f40cee9f3","name":"Francois"}]}},"_links":{"self":[{"href":"https:\/\/francois-pelletant.fr\/blog\/wp-json\/wp\/v2\/posts\/12323","targetHints":{"allow":["GET"]}}],"collection":[{"href":"https:\/\/francois-pelletant.fr\/blog\/wp-json\/wp\/v2\/posts"}],"about":[{"href":"https:\/\/francois-pelletant.fr\/blog\/wp-json\/wp\/v2\/types\/post"}],"author":[{"embeddable":true,"href":"https:\/\/francois-pelletant.fr\/blog\/wp-json\/wp\/v2\/users\/1"}],"replies":[{"embeddable":true,"href":"https:\/\/francois-pelletant.fr\/blog\/wp-json\/wp\/v2\/comments?post=12323"}],"version-history":[{"count":0,"href":"https:\/\/francois-pelletant.fr\/blog\/wp-json\/wp\/v2\/posts\/12323\/revisions"}],"wp:featuredmedia":[{"embeddable":true,"href":"https:\/\/francois-pelletant.fr\/blog\/wp-json\/wp\/v2\/media\/12324"}],"wp:attachment":[{"href":"https:\/\/francois-pelletant.fr\/blog\/wp-json\/wp\/v2\/media?parent=12323"}],"wp:term":[{"taxonomy":"category","embeddable":true,"href":"https:\/\/francois-pelletant.fr\/blog\/wp-json\/wp\/v2\/categories?post=12323"},{"taxonomy":"post_tag","embeddable":true,"href":"https:\/\/francois-pelletant.fr\/blog\/wp-json\/wp\/v2\/tags?post=12323"}],"curies":[{"name":"wp","href":"https:\/\/api.w.org\/{rel}","templated":true}]}}