{"id":12357,"date":"2019-09-15T10:42:50","date_gmt":"2019-09-15T10:42:50","guid":{"rendered":"https:\/\/francois-pelletant.fr\/blog\/?p=12357"},"modified":"2019-09-13T13:03:22","modified_gmt":"2019-09-13T13:03:22","slug":"top-10-dessins-de-presse-2","status":"publish","type":"post","link":"https:\/\/francois-pelletant.fr\/blog\/top-10-dessins-de-presse-2\/","title":{"rendered":"le top 10 des dessins de presse"},"content":{"rendered":"<figure id=\"attachment_12358\" aria-describedby=\"caption-attachment-12358\" style=\"width: 261px\" class=\"wp-caption alignleft\"><a href=\"https:\/\/francois-pelletant.fr\/blog\/wp-content\/uploads\/2019\/09\/Benj-10-septembre.jpg\" rel=\"attachment wp-att-12358\"><img loading=\"lazy\" decoding=\"async\" class=\"size-medium wp-image-12358\" src=\"https:\/\/francois-pelletant.fr\/blog\/wp-content\/uploads\/2019\/09\/Benj-10-septembre-261x300.jpg\" alt=\"Benj 10 septembre\" width=\"261\" height=\"300\" srcset=\"https:\/\/francois-pelletant.fr\/blog\/wp-content\/uploads\/2019\/09\/Benj-10-septembre-261x300.jpg 261w, https:\/\/francois-pelletant.fr\/blog\/wp-content\/uploads\/2019\/09\/Benj-10-septembre-892x1024.jpg 892w, https:\/\/francois-pelletant.fr\/blog\/wp-content\/uploads\/2019\/09\/Benj-10-septembre-768x881.jpg 768w, https:\/\/francois-pelletant.fr\/blog\/wp-content\/uploads\/2019\/09\/Benj-10-septembre-600x689.jpg 600w, https:\/\/francois-pelletant.fr\/blog\/wp-content\/uploads\/2019\/09\/Benj-10-septembre.jpg 1200w\" sizes=\"auto, (max-width: 261px) 100vw, 261px\" \/><\/a><figcaption id=\"caption-attachment-12358\" class=\"wp-caption-text\">Benj 10 septembre<\/figcaption><\/figure>\n<p>Villani \u00e0 Paris,\u00a0homophobie dans le foot, pesticides, basket, r\u00e9chauffement climatique&#8230; Les sujets trait\u00e9s dans l&#8217;actualit\u00e9 sont aussi nombreux que passionnants, enfin certains plus que d&#8217;autres&#8230; Tour d&#8217;horizon en humour.<\/p>\n<p>&nbsp;<\/p>\n<figure id=\"attachment_12359\" aria-describedby=\"caption-attachment-12359\" style=\"width: 300px\" class=\"wp-caption aligncenter\"><a href=\"https:\/\/francois-pelletant.fr\/blog\/wp-content\/uploads\/2019\/09\/Alex-12-septembre.jpg\" rel=\"attachment wp-att-12359\"><img loading=\"lazy\" decoding=\"async\" class=\"size-medium wp-image-12359\" src=\"https:\/\/francois-pelletant.fr\/blog\/wp-content\/uploads\/2019\/09\/Alex-12-septembre-300x169.jpg\" alt=\"Alex 12 septembre\" width=\"300\" height=\"169\" srcset=\"https:\/\/francois-pelletant.fr\/blog\/wp-content\/uploads\/2019\/09\/Alex-12-septembre-300x169.jpg 300w, https:\/\/francois-pelletant.fr\/blog\/wp-content\/uploads\/2019\/09\/Alex-12-septembre-1024x577.jpg 1024w, https:\/\/francois-pelletant.fr\/blog\/wp-content\/uploads\/2019\/09\/Alex-12-septembre-768x433.jpg 768w, https:\/\/francois-pelletant.fr\/blog\/wp-content\/uploads\/2019\/09\/Alex-12-septembre-600x338.jpg 600w, https:\/\/francois-pelletant.fr\/blog\/wp-content\/uploads\/2019\/09\/Alex-12-septembre-150x85.jpg 150w, https:\/\/francois-pelletant.fr\/blog\/wp-content\/uploads\/2019\/09\/Alex-12-septembre.jpg 1346w\" sizes=\"auto, (max-width: 300px) 100vw, 300px\" \/><\/a><figcaption id=\"caption-attachment-12359\" class=\"wp-caption-text\">Alex 12 septembre<\/figcaption><\/figure>\n<p>&nbsp;<\/p>\n<figure id=\"attachment_12360\" aria-describedby=\"caption-attachment-12360\" style=\"width: 253px\" class=\"wp-caption aligncenter\"><a href=\"https:\/\/francois-pelletant.fr\/blog\/wp-content\/uploads\/2019\/09\/Goubelle-10-septembre.jpg\" rel=\"attachment wp-att-12360\"><img loading=\"lazy\" decoding=\"async\" class=\"size-medium wp-image-12360\" src=\"https:\/\/francois-pelletant.fr\/blog\/wp-content\/uploads\/2019\/09\/Goubelle-10-septembre-253x300.jpg\" alt=\"Goubelle 10 septembre\" width=\"253\" height=\"300\" srcset=\"https:\/\/francois-pelletant.fr\/blog\/wp-content\/uploads\/2019\/09\/Goubelle-10-septembre-253x300.jpg 253w, https:\/\/francois-pelletant.fr\/blog\/wp-content\/uploads\/2019\/09\/Goubelle-10-septembre-862x1024.jpg 862w, https:\/\/francois-pelletant.fr\/blog\/wp-content\/uploads\/2019\/09\/Goubelle-10-septembre-768x912.jpg 768w, https:\/\/francois-pelletant.fr\/blog\/wp-content\/uploads\/2019\/09\/Goubelle-10-septembre-600x713.jpg 600w, https:\/\/francois-pelletant.fr\/blog\/wp-content\/uploads\/2019\/09\/Goubelle-10-septembre.jpg 1118w\" sizes=\"auto, (max-width: 253px) 100vw, 253px\" \/><\/a><figcaption id=\"caption-attachment-12360\" class=\"wp-caption-text\">Goubelle 10 septembre<\/figcaption><\/figure>\n<p>&nbsp;<\/p>\n<figure id=\"attachment_12361\" aria-describedby=\"caption-attachment-12361\" style=\"width: 300px\" class=\"wp-caption aligncenter\"><a href=\"https:\/\/francois-pelletant.fr\/blog\/wp-content\/uploads\/2019\/09\/Le-canard-enchain\u00e9-11-septembre-1.jpeg\" rel=\"attachment wp-att-12361\"><img loading=\"lazy\" decoding=\"async\" class=\"size-medium wp-image-12361\" src=\"https:\/\/francois-pelletant.fr\/blog\/wp-content\/uploads\/2019\/09\/Le-canard-enchain\u00e9-11-septembre-1-300x276.jpeg\" alt=\"Le canard enchain\u00e9 11 septembre\" width=\"300\" height=\"276\" srcset=\"https:\/\/francois-pelletant.fr\/blog\/wp-content\/uploads\/2019\/09\/Le-canard-enchain\u00e9-11-septembre-1-300x276.jpeg 300w, https:\/\/francois-pelletant.fr\/blog\/wp-content\/uploads\/2019\/09\/Le-canard-enchain\u00e9-11-septembre-1-1024x944.jpeg 1024w, https:\/\/francois-pelletant.fr\/blog\/wp-content\/uploads\/2019\/09\/Le-canard-enchain\u00e9-11-septembre-1-768x708.jpeg 768w, https:\/\/francois-pelletant.fr\/blog\/wp-content\/uploads\/2019\/09\/Le-canard-enchain\u00e9-11-septembre-1-600x553.jpeg 600w, https:\/\/francois-pelletant.fr\/blog\/wp-content\/uploads\/2019\/09\/Le-canard-enchain\u00e9-11-septembre-1.jpeg 1110w\" sizes=\"auto, (max-width: 300px) 100vw, 300px\" \/><\/a><figcaption id=\"caption-attachment-12361\" class=\"wp-caption-text\">Le canard enchain\u00e9 11 septembre<\/figcaption><\/figure>\n<p>&nbsp;<\/p>\n<figure id=\"attachment_12362\" aria-describedby=\"caption-attachment-12362\" style=\"width: 300px\" class=\"wp-caption aligncenter\"><a href=\"https:\/\/francois-pelletant.fr\/blog\/wp-content\/uploads\/2019\/09\/Le-canard-enchain\u00e9-11-septembre-2.jpeg\" rel=\"attachment wp-att-12362\"><img loading=\"lazy\" decoding=\"async\" class=\"size-medium wp-image-12362\" src=\"https:\/\/francois-pelletant.fr\/blog\/wp-content\/uploads\/2019\/09\/Le-canard-enchain\u00e9-11-septembre-2-300x293.jpeg\" alt=\"Le canard enchain\u00e9 11 septembre\" width=\"300\" height=\"293\" srcset=\"https:\/\/francois-pelletant.fr\/blog\/wp-content\/uploads\/2019\/09\/Le-canard-enchain\u00e9-11-septembre-2-300x293.jpeg 300w, https:\/\/francois-pelletant.fr\/blog\/wp-content\/uploads\/2019\/09\/Le-canard-enchain\u00e9-11-septembre-2-1024x1001.jpeg 1024w, https:\/\/francois-pelletant.fr\/blog\/wp-content\/uploads\/2019\/09\/Le-canard-enchain\u00e9-11-septembre-2-768x751.jpeg 768w, https:\/\/francois-pelletant.fr\/blog\/wp-content\/uploads\/2019\/09\/Le-canard-enchain\u00e9-11-septembre-2-600x587.jpeg 600w, https:\/\/francois-pelletant.fr\/blog\/wp-content\/uploads\/2019\/09\/Le-canard-enchain\u00e9-11-septembre-2.jpeg 1224w\" sizes=\"auto, (max-width: 300px) 100vw, 300px\" \/><\/a><figcaption id=\"caption-attachment-12362\" class=\"wp-caption-text\">Le canard enchain\u00e9 11 septembre<\/figcaption><\/figure>\n<p>&nbsp;<\/p>\n<figure id=\"attachment_12363\" aria-describedby=\"caption-attachment-12363\" style=\"width: 300px\" class=\"wp-caption aligncenter\"><a href=\"https:\/\/francois-pelletant.fr\/blog\/wp-content\/uploads\/2019\/09\/Le-Parisien-9-septembre.jpg\" rel=\"attachment wp-att-12363\"><img loading=\"lazy\" decoding=\"async\" class=\"size-medium wp-image-12363\" src=\"https:\/\/francois-pelletant.fr\/blog\/wp-content\/uploads\/2019\/09\/Le-Parisien-9-septembre-300x273.jpg\" alt=\"Le Parisien 9 septembre\" width=\"300\" height=\"273\" srcset=\"https:\/\/francois-pelletant.fr\/blog\/wp-content\/uploads\/2019\/09\/Le-Parisien-9-septembre-300x273.jpg 300w, https:\/\/francois-pelletant.fr\/blog\/wp-content\/uploads\/2019\/09\/Le-Parisien-9-septembre.jpg 498w\" sizes=\"auto, (max-width: 300px) 100vw, 300px\" \/><\/a><figcaption id=\"caption-attachment-12363\" class=\"wp-caption-text\">Le Parisien 9 septembre<\/figcaption><\/figure>\n<p>&nbsp;<\/p>\n<figure id=\"attachment_12364\" aria-describedby=\"caption-attachment-12364\" style=\"width: 300px\" class=\"wp-caption aligncenter\"><a href=\"https:\/\/francois-pelletant.fr\/blog\/wp-content\/uploads\/2019\/09\/Na-11-septembre.jpg\" rel=\"attachment wp-att-12364\"><img loading=\"lazy\" decoding=\"async\" class=\"size-medium wp-image-12364\" src=\"https:\/\/francois-pelletant.fr\/blog\/wp-content\/uploads\/2019\/09\/Na-11-septembre-300x225.jpg\" alt=\"Na 11 septembre\" width=\"300\" height=\"225\" srcset=\"https:\/\/francois-pelletant.fr\/blog\/wp-content\/uploads\/2019\/09\/Na-11-septembre-300x225.jpg 300w, https:\/\/francois-pelletant.fr\/blog\/wp-content\/uploads\/2019\/09\/Na-11-septembre.jpg 600w\" sizes=\"auto, (max-width: 300px) 100vw, 300px\" \/><\/a><figcaption id=\"caption-attachment-12364\" class=\"wp-caption-text\">Na 11 septembre<\/figcaption><\/figure>\n<p>&nbsp;<\/p>\n<figure id=\"attachment_12365\" aria-describedby=\"caption-attachment-12365\" style=\"width: 300px\" class=\"wp-caption aligncenter\"><a href=\"https:\/\/francois-pelletant.fr\/blog\/wp-content\/uploads\/2019\/09\/Plantu-11-septembre.jpg\" rel=\"attachment wp-att-12365\"><img loading=\"lazy\" decoding=\"async\" class=\"size-medium wp-image-12365\" src=\"https:\/\/francois-pelletant.fr\/blog\/wp-content\/uploads\/2019\/09\/Plantu-11-septembre-300x282.jpg\" alt=\"Plantu 11 septembre\" width=\"300\" height=\"282\" srcset=\"https:\/\/francois-pelletant.fr\/blog\/wp-content\/uploads\/2019\/09\/Plantu-11-septembre-300x282.jpg 300w, https:\/\/francois-pelletant.fr\/blog\/wp-content\/uploads\/2019\/09\/Plantu-11-septembre-1024x963.jpg 1024w, https:\/\/francois-pelletant.fr\/blog\/wp-content\/uploads\/2019\/09\/Plantu-11-septembre-768x722.jpg 768w, https:\/\/francois-pelletant.fr\/blog\/wp-content\/uploads\/2019\/09\/Plantu-11-septembre-600x564.jpg 600w, https:\/\/francois-pelletant.fr\/blog\/wp-content\/uploads\/2019\/09\/Plantu-11-septembre-1536x1445.jpg 1536w, https:\/\/francois-pelletant.fr\/blog\/wp-content\/uploads\/2019\/09\/Plantu-11-septembre.jpg 2048w\" sizes=\"auto, (max-width: 300px) 100vw, 300px\" \/><\/a><figcaption id=\"caption-attachment-12365\" class=\"wp-caption-text\">Plantu 11 septembre<\/figcaption><\/figure>\n<p>&nbsp;<\/p>\n<figure id=\"attachment_12366\" aria-describedby=\"caption-attachment-12366\" style=\"width: 216px\" class=\"wp-caption aligncenter\"><a href=\"https:\/\/francois-pelletant.fr\/blog\/wp-content\/uploads\/2019\/09\/Ray-clid-11-septembre.jpg\" rel=\"attachment wp-att-12366\"><img loading=\"lazy\" decoding=\"async\" class=\"size-medium wp-image-12366\" src=\"https:\/\/francois-pelletant.fr\/blog\/wp-content\/uploads\/2019\/09\/Ray-clid-11-septembre-216x300.jpg\" alt=\"Ray clid 11 septembre\" width=\"216\" height=\"300\" srcset=\"https:\/\/francois-pelletant.fr\/blog\/wp-content\/uploads\/2019\/09\/Ray-clid-11-septembre-216x300.jpg 216w, https:\/\/francois-pelletant.fr\/blog\/wp-content\/uploads\/2019\/09\/Ray-clid-11-septembre.jpg 530w\" sizes=\"auto, (max-width: 216px) 100vw, 216px\" \/><\/a><figcaption id=\"caption-attachment-12366\" class=\"wp-caption-text\">Ray clid 11 septembre<\/figcaption><\/figure>\n<p>&nbsp;<\/p>\n<figure id=\"attachment_12367\" aria-describedby=\"caption-attachment-12367\" style=\"width: 300px\" class=\"wp-caption aligncenter\"><a href=\"https:\/\/francois-pelletant.fr\/blog\/wp-content\/uploads\/2019\/09\/Urtikan-9-septembre.jpg\" rel=\"attachment wp-att-12367\"><img loading=\"lazy\" decoding=\"async\" class=\"size-medium wp-image-12367\" src=\"https:\/\/francois-pelletant.fr\/blog\/wp-content\/uploads\/2019\/09\/Urtikan-9-septembre-300x300.jpg\" alt=\"Urtikan 9 septembre\" width=\"300\" height=\"300\" srcset=\"https:\/\/francois-pelletant.fr\/blog\/wp-content\/uploads\/2019\/09\/Urtikan-9-septembre-300x300.jpg 300w, https:\/\/francois-pelletant.fr\/blog\/wp-content\/uploads\/2019\/09\/Urtikan-9-septembre-150x150.jpg 150w, https:\/\/francois-pelletant.fr\/blog\/wp-content\/uploads\/2019\/09\/Urtikan-9-septembre-230x230.jpg 230w, https:\/\/francois-pelletant.fr\/blog\/wp-content\/uploads\/2019\/09\/Urtikan-9-septembre-400x400.jpg 400w, https:\/\/francois-pelletant.fr\/blog\/wp-content\/uploads\/2019\/09\/Urtikan-9-septembre.jpg 580w\" sizes=\"auto, (max-width: 300px) 100vw, 300px\" \/><\/a><figcaption id=\"caption-attachment-12367\" class=\"wp-caption-text\">Urtikan 9 septembre<\/figcaption><\/figure>\n","protected":false},"excerpt":{"rendered":"<p>Villani \u00e0 Paris,\u00a0homophobie dans le foot, pesticides, basket, r\u00e9chauffement climatique&#8230; Les sujets trait\u00e9s dans l&#8217;actualit\u00e9 sont aussi nombreux que passionnants, enfin certains plus que d&#8217;autres&#8230; Tour d&#8217;horizon en humour. &nbsp; &nbsp; &nbsp; &nbsp; &nbsp; &nbsp; &nbsp; &nbsp; &nbsp;<\/p>\n","protected":false},"author":1,"featured_media":12358,"comment_status":"open","ping_status":"closed","sticky":false,"template":"","format":"standard","meta":{"footnotes":""},"categories":[17],"tags":[],"class_list":["post-12357","post","type-post","status-publish","format-standard","has-post-thumbnail","hentry","category-prix-du-meilleur-dessin-de-presse"],"yoast_head":"<!-- This site is optimized with the Yoast SEO plugin v25.6 - https:\/\/yoast.com\/wordpress\/plugins\/seo\/ -->\n<title>le top 10 des dessins de presse - Fran\u00e7ois Pelletant<\/title>\n<meta name=\"robots\" content=\"index, follow, max-snippet:-1, max-image-preview:large, max-video-preview:-1\" \/>\n<link rel=\"canonical\" href=\"https:\/\/francois-pelletant.fr\/blog\/top-10-dessins-de-presse-2\/\" \/>\n<meta property=\"og:locale\" content=\"fr_FR\" \/>\n<meta property=\"og:type\" content=\"article\" \/>\n<meta property=\"og:title\" content=\"le top 10 des dessins de presse - Fran\u00e7ois Pelletant\" \/>\n<meta property=\"og:description\" content=\"Villani \u00e0 Paris,\u00a0homophobie dans le foot, pesticides, basket, r\u00e9chauffement climatique&#8230; Les sujets trait\u00e9s dans l&#8217;actualit\u00e9 sont aussi nombreux que passionnants, enfin certains plus que d&#8217;autres&#8230; Tour d&#8217;horizon en humour. &nbsp; &nbsp; &nbsp; &nbsp; &nbsp; &nbsp; &nbsp; &nbsp; &nbsp;\" \/>\n<meta property=\"og:url\" content=\"https:\/\/francois-pelletant.fr\/blog\/top-10-dessins-de-presse-2\/\" \/>\n<meta property=\"og:site_name\" content=\"Fran\u00e7ois Pelletant\" \/>\n<meta property=\"article:publisher\" content=\"https:\/\/www.facebook.com\/francois.pelletant.7\" \/>\n<meta property=\"article:published_time\" content=\"2019-09-15T10:42:50+00:00\" \/>\n<meta property=\"og:image\" content=\"https:\/\/francois-pelletant.fr\/blog\/wp-content\/uploads\/2019\/09\/Benj-10-septembre.jpg\" \/>\n\t<meta property=\"og:image:width\" content=\"1200\" \/>\n\t<meta property=\"og:image:height\" content=\"1377\" \/>\n\t<meta property=\"og:image:type\" content=\"image\/jpeg\" \/>\n<meta name=\"author\" content=\"Francois\" \/>\n<meta name=\"twitter:card\" content=\"summary_large_image\" \/>\n<meta name=\"twitter:creator\" content=\"@pelletant\" \/>\n<meta name=\"twitter:site\" content=\"@pelletant\" \/>\n<meta name=\"twitter:label1\" content=\"\u00c9crit par\" \/>\n\t<meta name=\"twitter:data1\" content=\"Francois\" \/>\n\t<meta name=\"twitter:label2\" content=\"Dur\u00e9e de lecture estim\u00e9e\" \/>\n\t<meta name=\"twitter:data2\" content=\"1 minute\" \/>\n<script type=\"application\/ld+json\" class=\"yoast-schema-graph\">{\"@context\":\"https:\/\/schema.org\",\"@graph\":[{\"@type\":\"Article\",\"@id\":\"https:\/\/francois-pelletant.fr\/blog\/top-10-dessins-de-presse-2\/#article\",\"isPartOf\":{\"@id\":\"https:\/\/francois-pelletant.fr\/blog\/top-10-dessins-de-presse-2\/\"},\"author\":{\"name\":\"Francois\",\"@id\":\"https:\/\/francois-pelletant.fr\/blog\/#\/schema\/person\/2be41acb171dff8f31aaed1f40cee9f3\"},\"headline\":\"le top 10 des dessins de presse\",\"datePublished\":\"2019-09-15T10:42:50+00:00\",\"mainEntityOfPage\":{\"@id\":\"https:\/\/francois-pelletant.fr\/blog\/top-10-dessins-de-presse-2\/\"},\"wordCount\":145,\"commentCount\":0,\"publisher\":{\"@id\":\"https:\/\/francois-pelletant.fr\/blog\/#organization\"},\"image\":{\"@id\":\"https:\/\/francois-pelletant.fr\/blog\/top-10-dessins-de-presse-2\/#primaryimage\"},\"thumbnailUrl\":\"https:\/\/francois-pelletant.fr\/blog\/wp-content\/uploads\/2019\/09\/Benj-10-septembre.jpg\",\"articleSection\":[\"Prix du meilleur dessin de presse\"],\"inLanguage\":\"fr-FR\",\"potentialAction\":[{\"@type\":\"CommentAction\",\"name\":\"Comment\",\"target\":[\"https:\/\/francois-pelletant.fr\/blog\/top-10-dessins-de-presse-2\/#respond\"]}]},{\"@type\":\"WebPage\",\"@id\":\"https:\/\/francois-pelletant.fr\/blog\/top-10-dessins-de-presse-2\/\",\"url\":\"https:\/\/francois-pelletant.fr\/blog\/top-10-dessins-de-presse-2\/\",\"name\":\"le top 10 des dessins de presse - Fran\u00e7ois Pelletant\",\"isPartOf\":{\"@id\":\"https:\/\/francois-pelletant.fr\/blog\/#website\"},\"primaryImageOfPage\":{\"@id\":\"https:\/\/francois-pelletant.fr\/blog\/top-10-dessins-de-presse-2\/#primaryimage\"},\"image\":{\"@id\":\"https:\/\/francois-pelletant.fr\/blog\/top-10-dessins-de-presse-2\/#primaryimage\"},\"thumbnailUrl\":\"https:\/\/francois-pelletant.fr\/blog\/wp-content\/uploads\/2019\/09\/Benj-10-septembre.jpg\",\"datePublished\":\"2019-09-15T10:42:50+00:00\",\"breadcrumb\":{\"@id\":\"https:\/\/francois-pelletant.fr\/blog\/top-10-dessins-de-presse-2\/#breadcrumb\"},\"inLanguage\":\"fr-FR\",\"potentialAction\":[{\"@type\":\"ReadAction\",\"target\":[\"https:\/\/francois-pelletant.fr\/blog\/top-10-dessins-de-presse-2\/\"]}]},{\"@type\":\"ImageObject\",\"inLanguage\":\"fr-FR\",\"@id\":\"https:\/\/francois-pelletant.fr\/blog\/top-10-dessins-de-presse-2\/#primaryimage\",\"url\":\"https:\/\/francois-pelletant.fr\/blog\/wp-content\/uploads\/2019\/09\/Benj-10-septembre.jpg\",\"contentUrl\":\"https:\/\/francois-pelletant.fr\/blog\/wp-content\/uploads\/2019\/09\/Benj-10-septembre.jpg\",\"width\":1200,\"height\":1377,\"caption\":\"Benj 10 septembre\"},{\"@type\":\"BreadcrumbList\",\"@id\":\"https:\/\/francois-pelletant.fr\/blog\/top-10-dessins-de-presse-2\/#breadcrumb\",\"itemListElement\":[{\"@type\":\"ListItem\",\"position\":1,\"name\":\"Accueil\",\"item\":\"https:\/\/francois-pelletant.fr\/blog\/\"},{\"@type\":\"ListItem\",\"position\":2,\"name\":\"le top 10 des dessins de presse\"}]},{\"@type\":\"WebSite\",\"@id\":\"https:\/\/francois-pelletant.fr\/blog\/#website\",\"url\":\"https:\/\/francois-pelletant.fr\/blog\/\",\"name\":\"Fran\u00e7ois Pelletant\",\"description\":\"Maire de Linas, pour toujours.\",\"publisher\":{\"@id\":\"https:\/\/francois-pelletant.fr\/blog\/#organization\"},\"potentialAction\":[{\"@type\":\"SearchAction\",\"target\":{\"@type\":\"EntryPoint\",\"urlTemplate\":\"https:\/\/francois-pelletant.fr\/blog\/?s={search_term_string}\"},\"query-input\":{\"@type\":\"PropertyValueSpecification\",\"valueRequired\":true,\"valueName\":\"search_term_string\"}}],\"inLanguage\":\"fr-FR\"},{\"@type\":\"Organization\",\"@id\":\"https:\/\/francois-pelletant.fr\/blog\/#organization\",\"name\":\"Fran\u00e7ois Pelletant\",\"url\":\"https:\/\/francois-pelletant.fr\/blog\/\",\"logo\":{\"@type\":\"ImageObject\",\"inLanguage\":\"fr-FR\",\"@id\":\"https:\/\/francois-pelletant.fr\/blog\/#\/schema\/logo\/image\/\",\"url\":\"https:\/\/francois-pelletant.fr\/blog\/wp-content\/uploads\/2024\/07\/icone-francois-centre-500p.png\",\"contentUrl\":\"https:\/\/francois-pelletant.fr\/blog\/wp-content\/uploads\/2024\/07\/icone-francois-centre-500p.png\",\"width\":559,\"height\":447,\"caption\":\"Fran\u00e7ois Pelletant\"},\"image\":{\"@id\":\"https:\/\/francois-pelletant.fr\/blog\/#\/schema\/logo\/image\/\"},\"sameAs\":[\"https:\/\/www.facebook.com\/francois.pelletant.7\",\"https:\/\/x.com\/pelletant\"]},{\"@type\":\"Person\",\"@id\":\"https:\/\/francois-pelletant.fr\/blog\/#\/schema\/person\/2be41acb171dff8f31aaed1f40cee9f3\",\"name\":\"Francois\"}]}<\/script>\n<!-- \/ Yoast SEO plugin. -->","yoast_head_json":{"title":"le top 10 des dessins de presse - Fran\u00e7ois Pelletant","robots":{"index":"index","follow":"follow","max-snippet":"max-snippet:-1","max-image-preview":"max-image-preview:large","max-video-preview":"max-video-preview:-1"},"canonical":"https:\/\/francois-pelletant.fr\/blog\/top-10-dessins-de-presse-2\/","og_locale":"fr_FR","og_type":"article","og_title":"le top 10 des dessins de presse - Fran\u00e7ois Pelletant","og_description":"Villani \u00e0 Paris,\u00a0homophobie dans le foot, pesticides, basket, r\u00e9chauffement climatique&#8230; Les sujets trait\u00e9s dans l&#8217;actualit\u00e9 sont aussi nombreux que passionnants, enfin certains plus que d&#8217;autres&#8230; Tour d&#8217;horizon en humour. &nbsp; &nbsp; &nbsp; &nbsp; &nbsp; &nbsp; &nbsp; &nbsp; &nbsp;","og_url":"https:\/\/francois-pelletant.fr\/blog\/top-10-dessins-de-presse-2\/","og_site_name":"Fran\u00e7ois Pelletant","article_publisher":"https:\/\/www.facebook.com\/francois.pelletant.7","article_published_time":"2019-09-15T10:42:50+00:00","og_image":[{"width":1200,"height":1377,"url":"https:\/\/francois-pelletant.fr\/blog\/wp-content\/uploads\/2019\/09\/Benj-10-septembre.jpg","type":"image\/jpeg"}],"author":"Francois","twitter_card":"summary_large_image","twitter_creator":"@pelletant","twitter_site":"@pelletant","twitter_misc":{"\u00c9crit par":"Francois","Dur\u00e9e de lecture estim\u00e9e":"1 minute"},"schema":{"@context":"https:\/\/schema.org","@graph":[{"@type":"Article","@id":"https:\/\/francois-pelletant.fr\/blog\/top-10-dessins-de-presse-2\/#article","isPartOf":{"@id":"https:\/\/francois-pelletant.fr\/blog\/top-10-dessins-de-presse-2\/"},"author":{"name":"Francois","@id":"https:\/\/francois-pelletant.fr\/blog\/#\/schema\/person\/2be41acb171dff8f31aaed1f40cee9f3"},"headline":"le top 10 des dessins de presse","datePublished":"2019-09-15T10:42:50+00:00","mainEntityOfPage":{"@id":"https:\/\/francois-pelletant.fr\/blog\/top-10-dessins-de-presse-2\/"},"wordCount":145,"commentCount":0,"publisher":{"@id":"https:\/\/francois-pelletant.fr\/blog\/#organization"},"image":{"@id":"https:\/\/francois-pelletant.fr\/blog\/top-10-dessins-de-presse-2\/#primaryimage"},"thumbnailUrl":"https:\/\/francois-pelletant.fr\/blog\/wp-content\/uploads\/2019\/09\/Benj-10-septembre.jpg","articleSection":["Prix du meilleur dessin de presse"],"inLanguage":"fr-FR","potentialAction":[{"@type":"CommentAction","name":"Comment","target":["https:\/\/francois-pelletant.fr\/blog\/top-10-dessins-de-presse-2\/#respond"]}]},{"@type":"WebPage","@id":"https:\/\/francois-pelletant.fr\/blog\/top-10-dessins-de-presse-2\/","url":"https:\/\/francois-pelletant.fr\/blog\/top-10-dessins-de-presse-2\/","name":"le top 10 des dessins de presse - Fran\u00e7ois Pelletant","isPartOf":{"@id":"https:\/\/francois-pelletant.fr\/blog\/#website"},"primaryImageOfPage":{"@id":"https:\/\/francois-pelletant.fr\/blog\/top-10-dessins-de-presse-2\/#primaryimage"},"image":{"@id":"https:\/\/francois-pelletant.fr\/blog\/top-10-dessins-de-presse-2\/#primaryimage"},"thumbnailUrl":"https:\/\/francois-pelletant.fr\/blog\/wp-content\/uploads\/2019\/09\/Benj-10-septembre.jpg","datePublished":"2019-09-15T10:42:50+00:00","breadcrumb":{"@id":"https:\/\/francois-pelletant.fr\/blog\/top-10-dessins-de-presse-2\/#breadcrumb"},"inLanguage":"fr-FR","potentialAction":[{"@type":"ReadAction","target":["https:\/\/francois-pelletant.fr\/blog\/top-10-dessins-de-presse-2\/"]}]},{"@type":"ImageObject","inLanguage":"fr-FR","@id":"https:\/\/francois-pelletant.fr\/blog\/top-10-dessins-de-presse-2\/#primaryimage","url":"https:\/\/francois-pelletant.fr\/blog\/wp-content\/uploads\/2019\/09\/Benj-10-septembre.jpg","contentUrl":"https:\/\/francois-pelletant.fr\/blog\/wp-content\/uploads\/2019\/09\/Benj-10-septembre.jpg","width":1200,"height":1377,"caption":"Benj 10 septembre"},{"@type":"BreadcrumbList","@id":"https:\/\/francois-pelletant.fr\/blog\/top-10-dessins-de-presse-2\/#breadcrumb","itemListElement":[{"@type":"ListItem","position":1,"name":"Accueil","item":"https:\/\/francois-pelletant.fr\/blog\/"},{"@type":"ListItem","position":2,"name":"le top 10 des dessins de presse"}]},{"@type":"WebSite","@id":"https:\/\/francois-pelletant.fr\/blog\/#website","url":"https:\/\/francois-pelletant.fr\/blog\/","name":"Fran\u00e7ois Pelletant","description":"Maire de Linas, pour toujours.","publisher":{"@id":"https:\/\/francois-pelletant.fr\/blog\/#organization"},"potentialAction":[{"@type":"SearchAction","target":{"@type":"EntryPoint","urlTemplate":"https:\/\/francois-pelletant.fr\/blog\/?s={search_term_string}"},"query-input":{"@type":"PropertyValueSpecification","valueRequired":true,"valueName":"search_term_string"}}],"inLanguage":"fr-FR"},{"@type":"Organization","@id":"https:\/\/francois-pelletant.fr\/blog\/#organization","name":"Fran\u00e7ois Pelletant","url":"https:\/\/francois-pelletant.fr\/blog\/","logo":{"@type":"ImageObject","inLanguage":"fr-FR","@id":"https:\/\/francois-pelletant.fr\/blog\/#\/schema\/logo\/image\/","url":"https:\/\/francois-pelletant.fr\/blog\/wp-content\/uploads\/2024\/07\/icone-francois-centre-500p.png","contentUrl":"https:\/\/francois-pelletant.fr\/blog\/wp-content\/uploads\/2024\/07\/icone-francois-centre-500p.png","width":559,"height":447,"caption":"Fran\u00e7ois Pelletant"},"image":{"@id":"https:\/\/francois-pelletant.fr\/blog\/#\/schema\/logo\/image\/"},"sameAs":["https:\/\/www.facebook.com\/francois.pelletant.7","https:\/\/x.com\/pelletant"]},{"@type":"Person","@id":"https:\/\/francois-pelletant.fr\/blog\/#\/schema\/person\/2be41acb171dff8f31aaed1f40cee9f3","name":"Francois"}]}},"_links":{"self":[{"href":"https:\/\/francois-pelletant.fr\/blog\/wp-json\/wp\/v2\/posts\/12357","targetHints":{"allow":["GET"]}}],"collection":[{"href":"https:\/\/francois-pelletant.fr\/blog\/wp-json\/wp\/v2\/posts"}],"about":[{"href":"https:\/\/francois-pelletant.fr\/blog\/wp-json\/wp\/v2\/types\/post"}],"author":[{"embeddable":true,"href":"https:\/\/francois-pelletant.fr\/blog\/wp-json\/wp\/v2\/users\/1"}],"replies":[{"embeddable":true,"href":"https:\/\/francois-pelletant.fr\/blog\/wp-json\/wp\/v2\/comments?post=12357"}],"version-history":[{"count":0,"href":"https:\/\/francois-pelletant.fr\/blog\/wp-json\/wp\/v2\/posts\/12357\/revisions"}],"wp:featuredmedia":[{"embeddable":true,"href":"https:\/\/francois-pelletant.fr\/blog\/wp-json\/wp\/v2\/media\/12358"}],"wp:attachment":[{"href":"https:\/\/francois-pelletant.fr\/blog\/wp-json\/wp\/v2\/media?parent=12357"}],"wp:term":[{"taxonomy":"category","embeddable":true,"href":"https:\/\/francois-pelletant.fr\/blog\/wp-json\/wp\/v2\/categories?post=12357"},{"taxonomy":"post_tag","embeddable":true,"href":"https:\/\/francois-pelletant.fr\/blog\/wp-json\/wp\/v2\/tags?post=12357"}],"curies":[{"name":"wp","href":"https:\/\/api.w.org\/{rel}","templated":true}]}}