{"id":12371,"date":"2019-09-22T10:47:54","date_gmt":"2019-09-22T10:47:54","guid":{"rendered":"https:\/\/francois-pelletant.fr\/blog\/?p=12371"},"modified":"2019-09-20T08:52:01","modified_gmt":"2019-09-20T08:52:01","slug":"dessins-de-semaine-9","status":"publish","type":"post","link":"https:\/\/francois-pelletant.fr\/blog\/dessins-de-semaine-9\/","title":{"rendered":"Les dessins de la semaine"},"content":{"rendered":"<figure id=\"attachment_12372\" aria-describedby=\"caption-attachment-12372\" style=\"width: 300px\" class=\"wp-caption alignleft\"><a href=\"https:\/\/francois-pelletant.fr\/blog\/wp-content\/uploads\/2019\/09\/Bauer-18-septembre.jpg\" rel=\"attachment wp-att-12372\"><img loading=\"lazy\" decoding=\"async\" class=\"size-medium wp-image-12372\" src=\"https:\/\/francois-pelletant.fr\/blog\/wp-content\/uploads\/2019\/09\/Bauer-18-septembre-300x158.jpg\" alt=\"Bauer 18 septembre\" width=\"300\" height=\"158\" srcset=\"https:\/\/francois-pelletant.fr\/blog\/wp-content\/uploads\/2019\/09\/Bauer-18-septembre-300x158.jpg 300w, https:\/\/francois-pelletant.fr\/blog\/wp-content\/uploads\/2019\/09\/Bauer-18-septembre-1024x538.jpg 1024w, https:\/\/francois-pelletant.fr\/blog\/wp-content\/uploads\/2019\/09\/Bauer-18-septembre-768x403.jpg 768w, https:\/\/francois-pelletant.fr\/blog\/wp-content\/uploads\/2019\/09\/Bauer-18-septembre-600x315.jpg 600w, https:\/\/francois-pelletant.fr\/blog\/wp-content\/uploads\/2019\/09\/Bauer-18-septembre.jpg 1200w\" sizes=\"auto, (max-width: 300px) 100vw, 300px\" \/><\/a><figcaption id=\"caption-attachment-12372\" class=\"wp-caption-text\">Bauer 18 septembre<\/figcaption><\/figure>\n<p>Les dessinateurs de presse sont nombreux \u00e0 partager leur art\u00a0dans les m\u00e9dias ou sur les r\u00e9seaux sociaux pour commenter l&#8217;actualit\u00e9 avec leur humour grin\u00e7ant. Voici\u00a0ma petite s\u00e9lection de la semaine.<\/p>\n<p>&nbsp;<\/p>\n<figure id=\"attachment_12373\" aria-describedby=\"caption-attachment-12373\" style=\"width: 300px\" class=\"wp-caption aligncenter\"><a href=\"https:\/\/francois-pelletant.fr\/blog\/wp-content\/uploads\/2019\/09\/Benj-17-septembre.jpg\" rel=\"attachment wp-att-12373\"><img loading=\"lazy\" decoding=\"async\" class=\"size-medium wp-image-12373\" src=\"https:\/\/francois-pelletant.fr\/blog\/wp-content\/uploads\/2019\/09\/Benj-17-septembre-300x279.jpg\" alt=\"Benj 17 septembre\" width=\"300\" height=\"279\" srcset=\"https:\/\/francois-pelletant.fr\/blog\/wp-content\/uploads\/2019\/09\/Benj-17-septembre-300x279.jpg 300w, https:\/\/francois-pelletant.fr\/blog\/wp-content\/uploads\/2019\/09\/Benj-17-septembre-1024x954.jpg 1024w, https:\/\/francois-pelletant.fr\/blog\/wp-content\/uploads\/2019\/09\/Benj-17-septembre-768x715.jpg 768w, https:\/\/francois-pelletant.fr\/blog\/wp-content\/uploads\/2019\/09\/Benj-17-septembre-600x559.jpg 600w, https:\/\/francois-pelletant.fr\/blog\/wp-content\/uploads\/2019\/09\/Benj-17-septembre-1536x1430.jpg 1536w, https:\/\/francois-pelletant.fr\/blog\/wp-content\/uploads\/2019\/09\/Benj-17-septembre.jpg 1600w\" sizes=\"auto, (max-width: 300px) 100vw, 300px\" \/><\/a><figcaption id=\"caption-attachment-12373\" class=\"wp-caption-text\">Benj 17 septembre<\/figcaption><\/figure>\n<p>&nbsp;<\/p>\n<figure id=\"attachment_12374\" aria-describedby=\"caption-attachment-12374\" style=\"width: 300px\" class=\"wp-caption aligncenter\"><a href=\"https:\/\/francois-pelletant.fr\/blog\/wp-content\/uploads\/2019\/09\/Le-canard-enchain\u00e9-18-septembre-1.jpeg\" rel=\"attachment wp-att-12374\"><img loading=\"lazy\" decoding=\"async\" class=\"size-medium wp-image-12374\" src=\"https:\/\/francois-pelletant.fr\/blog\/wp-content\/uploads\/2019\/09\/Le-canard-enchain\u00e9-18-septembre-1-300x289.jpeg\" alt=\"Le canard enchain\u00e9 18 septembre\" width=\"300\" height=\"289\" srcset=\"https:\/\/francois-pelletant.fr\/blog\/wp-content\/uploads\/2019\/09\/Le-canard-enchain\u00e9-18-septembre-1-300x289.jpeg 300w, https:\/\/francois-pelletant.fr\/blog\/wp-content\/uploads\/2019\/09\/Le-canard-enchain\u00e9-18-septembre-1-1024x986.jpeg 1024w, https:\/\/francois-pelletant.fr\/blog\/wp-content\/uploads\/2019\/09\/Le-canard-enchain\u00e9-18-septembre-1-768x739.jpeg 768w, https:\/\/francois-pelletant.fr\/blog\/wp-content\/uploads\/2019\/09\/Le-canard-enchain\u00e9-18-septembre-1-600x578.jpeg 600w, https:\/\/francois-pelletant.fr\/blog\/wp-content\/uploads\/2019\/09\/Le-canard-enchain\u00e9-18-septembre-1.jpeg 1365w\" sizes=\"auto, (max-width: 300px) 100vw, 300px\" \/><\/a><figcaption id=\"caption-attachment-12374\" class=\"wp-caption-text\">Le canard enchain\u00e9 18 septembre<\/figcaption><\/figure>\n<p>&nbsp;<\/p>\n<figure id=\"attachment_12375\" aria-describedby=\"caption-attachment-12375\" style=\"width: 300px\" class=\"wp-caption aligncenter\"><a href=\"https:\/\/francois-pelletant.fr\/blog\/wp-content\/uploads\/2019\/09\/Le-canard-enchain\u00e9-18-septembre-2.jpeg\" rel=\"attachment wp-att-12375\"><img loading=\"lazy\" decoding=\"async\" class=\"size-medium wp-image-12375\" src=\"https:\/\/francois-pelletant.fr\/blog\/wp-content\/uploads\/2019\/09\/Le-canard-enchain\u00e9-18-septembre-2-300x290.jpeg\" alt=\"Le canard enchain\u00e9 18 septembre\" width=\"300\" height=\"290\" srcset=\"https:\/\/francois-pelletant.fr\/blog\/wp-content\/uploads\/2019\/09\/Le-canard-enchain\u00e9-18-septembre-2-300x290.jpeg 300w, https:\/\/francois-pelletant.fr\/blog\/wp-content\/uploads\/2019\/09\/Le-canard-enchain\u00e9-18-septembre-2-1024x988.jpeg 1024w, https:\/\/francois-pelletant.fr\/blog\/wp-content\/uploads\/2019\/09\/Le-canard-enchain\u00e9-18-septembre-2-768x741.jpeg 768w, https:\/\/francois-pelletant.fr\/blog\/wp-content\/uploads\/2019\/09\/Le-canard-enchain\u00e9-18-septembre-2-600x579.jpeg 600w, https:\/\/francois-pelletant.fr\/blog\/wp-content\/uploads\/2019\/09\/Le-canard-enchain\u00e9-18-septembre-2.jpeg 1293w\" sizes=\"auto, (max-width: 300px) 100vw, 300px\" \/><\/a><figcaption id=\"caption-attachment-12375\" class=\"wp-caption-text\">Le canard enchain\u00e9 18 septembre<\/figcaption><\/figure>\n<p>&nbsp;<\/p>\n<figure id=\"attachment_12376\" aria-describedby=\"caption-attachment-12376\" style=\"width: 300px\" class=\"wp-caption aligncenter\"><a href=\"https:\/\/francois-pelletant.fr\/blog\/wp-content\/uploads\/2019\/09\/Mykaia-18-septembre.jpg\" rel=\"attachment wp-att-12376\"><img loading=\"lazy\" decoding=\"async\" class=\"size-medium wp-image-12376\" src=\"https:\/\/francois-pelletant.fr\/blog\/wp-content\/uploads\/2019\/09\/Mykaia-18-septembre-300x237.jpg\" alt=\"Mykaia 18 septembre\" width=\"300\" height=\"237\" srcset=\"https:\/\/francois-pelletant.fr\/blog\/wp-content\/uploads\/2019\/09\/Mykaia-18-septembre-300x237.jpg 300w, https:\/\/francois-pelletant.fr\/blog\/wp-content\/uploads\/2019\/09\/Mykaia-18-septembre-1024x809.jpg 1024w, https:\/\/francois-pelletant.fr\/blog\/wp-content\/uploads\/2019\/09\/Mykaia-18-septembre-768x607.jpg 768w, https:\/\/francois-pelletant.fr\/blog\/wp-content\/uploads\/2019\/09\/Mykaia-18-septembre-600x474.jpg 600w, https:\/\/francois-pelletant.fr\/blog\/wp-content\/uploads\/2019\/09\/Mykaia-18-septembre-1536x1214.jpg 1536w, https:\/\/francois-pelletant.fr\/blog\/wp-content\/uploads\/2019\/09\/Mykaia-18-septembre-2048x1618.jpg 2048w, https:\/\/francois-pelletant.fr\/blog\/wp-content\/uploads\/2019\/09\/Mykaia-18-septembre-570x450.jpg 570w\" sizes=\"auto, (max-width: 300px) 100vw, 300px\" \/><\/a><figcaption id=\"caption-attachment-12376\" class=\"wp-caption-text\">Mykaia 18 septembre<\/figcaption><\/figure>\n<p>&nbsp;<\/p>\n<figure id=\"attachment_12377\" aria-describedby=\"caption-attachment-12377\" style=\"width: 300px\" class=\"wp-caption aligncenter\"><a href=\"https:\/\/francois-pelletant.fr\/blog\/wp-content\/uploads\/2019\/09\/Na-17-septembre.jpg\" rel=\"attachment wp-att-12377\"><img loading=\"lazy\" decoding=\"async\" class=\"size-medium wp-image-12377\" src=\"https:\/\/francois-pelletant.fr\/blog\/wp-content\/uploads\/2019\/09\/Na-17-septembre-300x225.jpg\" alt=\"Na 17 septembre\" width=\"300\" height=\"225\" srcset=\"https:\/\/francois-pelletant.fr\/blog\/wp-content\/uploads\/2019\/09\/Na-17-septembre-300x225.jpg 300w, https:\/\/francois-pelletant.fr\/blog\/wp-content\/uploads\/2019\/09\/Na-17-septembre.jpg 600w\" sizes=\"auto, (max-width: 300px) 100vw, 300px\" \/><\/a><figcaption id=\"caption-attachment-12377\" class=\"wp-caption-text\">Na 17 septembre<\/figcaption><\/figure>\n<p>&nbsp;<\/p>\n<figure id=\"attachment_12378\" aria-describedby=\"caption-attachment-12378\" style=\"width: 300px\" class=\"wp-caption aligncenter\"><a href=\"https:\/\/francois-pelletant.fr\/blog\/wp-content\/uploads\/2019\/09\/Ranson-16-septembre.jpg\" rel=\"attachment wp-att-12378\"><img loading=\"lazy\" decoding=\"async\" class=\"size-medium wp-image-12378\" src=\"https:\/\/francois-pelletant.fr\/blog\/wp-content\/uploads\/2019\/09\/Ranson-16-septembre-300x258.jpg\" alt=\"Ranson 16 septembre\" width=\"300\" height=\"258\" srcset=\"https:\/\/francois-pelletant.fr\/blog\/wp-content\/uploads\/2019\/09\/Ranson-16-septembre-300x258.jpg 300w, https:\/\/francois-pelletant.fr\/blog\/wp-content\/uploads\/2019\/09\/Ranson-16-septembre-1024x880.jpg 1024w, https:\/\/francois-pelletant.fr\/blog\/wp-content\/uploads\/2019\/09\/Ranson-16-septembre-768x660.jpg 768w, https:\/\/francois-pelletant.fr\/blog\/wp-content\/uploads\/2019\/09\/Ranson-16-septembre-600x516.jpg 600w, https:\/\/francois-pelletant.fr\/blog\/wp-content\/uploads\/2019\/09\/Ranson-16-septembre-1536x1320.jpg 1536w, https:\/\/francois-pelletant.fr\/blog\/wp-content\/uploads\/2019\/09\/Ranson-16-septembre.jpg 1700w\" sizes=\"auto, (max-width: 300px) 100vw, 300px\" \/><\/a><figcaption id=\"caption-attachment-12378\" class=\"wp-caption-text\">Ranson 16 septembre<\/figcaption><\/figure>\n<p>&nbsp;<\/p>\n<figure id=\"attachment_12379\" aria-describedby=\"caption-attachment-12379\" style=\"width: 245px\" class=\"wp-caption aligncenter\"><a href=\"https:\/\/francois-pelletant.fr\/blog\/wp-content\/uploads\/2019\/09\/Schvartz-16-septembre.jpg\" rel=\"attachment wp-att-12379\"><img loading=\"lazy\" decoding=\"async\" class=\"size-medium wp-image-12379\" src=\"https:\/\/francois-pelletant.fr\/blog\/wp-content\/uploads\/2019\/09\/Schvartz-16-septembre-245x300.jpg\" alt=\"Schvartz 16 septembre\" width=\"245\" height=\"300\" srcset=\"https:\/\/francois-pelletant.fr\/blog\/wp-content\/uploads\/2019\/09\/Schvartz-16-septembre-245x300.jpg 245w, https:\/\/francois-pelletant.fr\/blog\/wp-content\/uploads\/2019\/09\/Schvartz-16-septembre-836x1024.jpg 836w, https:\/\/francois-pelletant.fr\/blog\/wp-content\/uploads\/2019\/09\/Schvartz-16-septembre-768x941.jpg 768w, https:\/\/francois-pelletant.fr\/blog\/wp-content\/uploads\/2019\/09\/Schvartz-16-septembre-600x735.jpg 600w, https:\/\/francois-pelletant.fr\/blog\/wp-content\/uploads\/2019\/09\/Schvartz-16-septembre-1254x1536.jpg 1254w, https:\/\/francois-pelletant.fr\/blog\/wp-content\/uploads\/2019\/09\/Schvartz-16-septembre.jpg 1306w\" sizes=\"auto, (max-width: 245px) 100vw, 245px\" \/><\/a><figcaption id=\"caption-attachment-12379\" class=\"wp-caption-text\">Schvartz 16 septembre<\/figcaption><\/figure>\n<p>&nbsp;<\/p>\n<figure id=\"attachment_12380\" aria-describedby=\"caption-attachment-12380\" style=\"width: 300px\" class=\"wp-caption aligncenter\"><a href=\"https:\/\/francois-pelletant.fr\/blog\/wp-content\/uploads\/2019\/09\/Sochard-18-septembre.jpg\" rel=\"attachment wp-att-12380\"><img loading=\"lazy\" decoding=\"async\" class=\"size-medium wp-image-12380\" src=\"https:\/\/francois-pelletant.fr\/blog\/wp-content\/uploads\/2019\/09\/Sochard-18-septembre-300x300.jpg\" alt=\"Sochard 18 septembre\" width=\"300\" height=\"300\" srcset=\"https:\/\/francois-pelletant.fr\/blog\/wp-content\/uploads\/2019\/09\/Sochard-18-septembre-300x300.jpg 300w, https:\/\/francois-pelletant.fr\/blog\/wp-content\/uploads\/2019\/09\/Sochard-18-septembre-150x150.jpg 150w, https:\/\/francois-pelletant.fr\/blog\/wp-content\/uploads\/2019\/09\/Sochard-18-septembre-768x768.jpg 768w, https:\/\/francois-pelletant.fr\/blog\/wp-content\/uploads\/2019\/09\/Sochard-18-septembre-600x600.jpg 600w, https:\/\/francois-pelletant.fr\/blog\/wp-content\/uploads\/2019\/09\/Sochard-18-septembre-230x230.jpg 230w, https:\/\/francois-pelletant.fr\/blog\/wp-content\/uploads\/2019\/09\/Sochard-18-septembre-400x400.jpg 400w, https:\/\/francois-pelletant.fr\/blog\/wp-content\/uploads\/2019\/09\/Sochard-18-septembre-640x640.jpg 640w, https:\/\/francois-pelletant.fr\/blog\/wp-content\/uploads\/2019\/09\/Sochard-18-septembre.jpg 800w\" sizes=\"auto, (max-width: 300px) 100vw, 300px\" \/><\/a><figcaption id=\"caption-attachment-12380\" class=\"wp-caption-text\">Sochard 18 septembre<\/figcaption><\/figure>\n<p>&nbsp;<\/p>\n<figure id=\"attachment_12381\" aria-describedby=\"caption-attachment-12381\" style=\"width: 300px\" class=\"wp-caption aligncenter\"><a href=\"https:\/\/francois-pelletant.fr\/blog\/wp-content\/uploads\/2019\/09\/Ranson-18-septembre.jpg\" rel=\"attachment wp-att-12381\"><img loading=\"lazy\" decoding=\"async\" class=\"size-medium wp-image-12381\" src=\"https:\/\/francois-pelletant.fr\/blog\/wp-content\/uploads\/2019\/09\/Ranson-18-septembre-300x233.jpg\" alt=\"Ranson 18 septembre\" width=\"300\" height=\"233\" srcset=\"https:\/\/francois-pelletant.fr\/blog\/wp-content\/uploads\/2019\/09\/Ranson-18-septembre-300x233.jpg 300w, https:\/\/francois-pelletant.fr\/blog\/wp-content\/uploads\/2019\/09\/Ranson-18-septembre.jpg 536w\" sizes=\"auto, (max-width: 300px) 100vw, 300px\" \/><\/a><figcaption id=\"caption-attachment-12381\" class=\"wp-caption-text\">Ranson 18 septembre<\/figcaption><\/figure>\n","protected":false},"excerpt":{"rendered":"<p>Les dessinateurs de presse sont nombreux \u00e0 partager leur art\u00a0dans les m\u00e9dias ou sur les r\u00e9seaux sociaux pour commenter l&#8217;actualit\u00e9 avec leur humour grin\u00e7ant. Voici\u00a0ma petite s\u00e9lection de la semaine. &nbsp; &nbsp; &nbsp; &nbsp; &nbsp; &nbsp; &nbsp; &nbsp; &nbsp;<\/p>\n","protected":false},"author":1,"featured_media":12372,"comment_status":"open","ping_status":"closed","sticky":false,"template":"","format":"standard","meta":{"footnotes":""},"categories":[17],"tags":[],"class_list":["post-12371","post","type-post","status-publish","format-standard","has-post-thumbnail","hentry","category-prix-du-meilleur-dessin-de-presse"],"yoast_head":"<!-- This site is optimized with the Yoast SEO plugin v25.6 - https:\/\/yoast.com\/wordpress\/plugins\/seo\/ -->\n<title>Les dessins de la semaine - Fran\u00e7ois Pelletant<\/title>\n<meta name=\"robots\" content=\"index, follow, max-snippet:-1, max-image-preview:large, max-video-preview:-1\" \/>\n<link rel=\"canonical\" href=\"https:\/\/francois-pelletant.fr\/blog\/dessins-de-semaine-9\/\" \/>\n<meta property=\"og:locale\" content=\"fr_FR\" \/>\n<meta property=\"og:type\" content=\"article\" \/>\n<meta property=\"og:title\" content=\"Les dessins de la semaine - Fran\u00e7ois Pelletant\" \/>\n<meta property=\"og:description\" content=\"Les dessinateurs de presse sont nombreux \u00e0 partager leur art\u00a0dans les m\u00e9dias ou sur les r\u00e9seaux sociaux pour commenter l&#8217;actualit\u00e9 avec leur humour grin\u00e7ant. Voici\u00a0ma petite s\u00e9lection de la semaine. &nbsp; &nbsp; &nbsp; &nbsp; &nbsp; &nbsp; &nbsp; &nbsp; &nbsp;\" \/>\n<meta property=\"og:url\" content=\"https:\/\/francois-pelletant.fr\/blog\/dessins-de-semaine-9\/\" \/>\n<meta property=\"og:site_name\" content=\"Fran\u00e7ois Pelletant\" \/>\n<meta property=\"article:publisher\" content=\"https:\/\/www.facebook.com\/francois.pelletant.7\" \/>\n<meta property=\"article:published_time\" content=\"2019-09-22T10:47:54+00:00\" \/>\n<meta property=\"og:image\" content=\"https:\/\/francois-pelletant.fr\/blog\/wp-content\/uploads\/2019\/09\/Bauer-18-septembre.jpg\" \/>\n\t<meta property=\"og:image:width\" content=\"1200\" \/>\n\t<meta property=\"og:image:height\" content=\"630\" \/>\n\t<meta property=\"og:image:type\" content=\"image\/jpeg\" \/>\n<meta name=\"author\" content=\"Francois\" \/>\n<meta name=\"twitter:card\" content=\"summary_large_image\" \/>\n<meta name=\"twitter:creator\" content=\"@pelletant\" \/>\n<meta name=\"twitter:site\" content=\"@pelletant\" \/>\n<meta name=\"twitter:label1\" content=\"\u00c9crit par\" \/>\n\t<meta name=\"twitter:data1\" content=\"Francois\" \/>\n\t<meta name=\"twitter:label2\" content=\"Dur\u00e9e de lecture estim\u00e9e\" \/>\n\t<meta name=\"twitter:data2\" content=\"1 minute\" \/>\n<script type=\"application\/ld+json\" class=\"yoast-schema-graph\">{\"@context\":\"https:\/\/schema.org\",\"@graph\":[{\"@type\":\"Article\",\"@id\":\"https:\/\/francois-pelletant.fr\/blog\/dessins-de-semaine-9\/#article\",\"isPartOf\":{\"@id\":\"https:\/\/francois-pelletant.fr\/blog\/dessins-de-semaine-9\/\"},\"author\":{\"name\":\"Francois\",\"@id\":\"https:\/\/francois-pelletant.fr\/blog\/#\/schema\/person\/2be41acb171dff8f31aaed1f40cee9f3\"},\"headline\":\"Les dessins de la semaine\",\"datePublished\":\"2019-09-22T10:47:54+00:00\",\"mainEntityOfPage\":{\"@id\":\"https:\/\/francois-pelletant.fr\/blog\/dessins-de-semaine-9\/\"},\"wordCount\":144,\"commentCount\":0,\"publisher\":{\"@id\":\"https:\/\/francois-pelletant.fr\/blog\/#organization\"},\"image\":{\"@id\":\"https:\/\/francois-pelletant.fr\/blog\/dessins-de-semaine-9\/#primaryimage\"},\"thumbnailUrl\":\"https:\/\/francois-pelletant.fr\/blog\/wp-content\/uploads\/2019\/09\/Bauer-18-septembre.jpg\",\"articleSection\":[\"Prix du meilleur dessin de presse\"],\"inLanguage\":\"fr-FR\",\"potentialAction\":[{\"@type\":\"CommentAction\",\"name\":\"Comment\",\"target\":[\"https:\/\/francois-pelletant.fr\/blog\/dessins-de-semaine-9\/#respond\"]}]},{\"@type\":\"WebPage\",\"@id\":\"https:\/\/francois-pelletant.fr\/blog\/dessins-de-semaine-9\/\",\"url\":\"https:\/\/francois-pelletant.fr\/blog\/dessins-de-semaine-9\/\",\"name\":\"Les dessins de la semaine - Fran\u00e7ois Pelletant\",\"isPartOf\":{\"@id\":\"https:\/\/francois-pelletant.fr\/blog\/#website\"},\"primaryImageOfPage\":{\"@id\":\"https:\/\/francois-pelletant.fr\/blog\/dessins-de-semaine-9\/#primaryimage\"},\"image\":{\"@id\":\"https:\/\/francois-pelletant.fr\/blog\/dessins-de-semaine-9\/#primaryimage\"},\"thumbnailUrl\":\"https:\/\/francois-pelletant.fr\/blog\/wp-content\/uploads\/2019\/09\/Bauer-18-septembre.jpg\",\"datePublished\":\"2019-09-22T10:47:54+00:00\",\"breadcrumb\":{\"@id\":\"https:\/\/francois-pelletant.fr\/blog\/dessins-de-semaine-9\/#breadcrumb\"},\"inLanguage\":\"fr-FR\",\"potentialAction\":[{\"@type\":\"ReadAction\",\"target\":[\"https:\/\/francois-pelletant.fr\/blog\/dessins-de-semaine-9\/\"]}]},{\"@type\":\"ImageObject\",\"inLanguage\":\"fr-FR\",\"@id\":\"https:\/\/francois-pelletant.fr\/blog\/dessins-de-semaine-9\/#primaryimage\",\"url\":\"https:\/\/francois-pelletant.fr\/blog\/wp-content\/uploads\/2019\/09\/Bauer-18-septembre.jpg\",\"contentUrl\":\"https:\/\/francois-pelletant.fr\/blog\/wp-content\/uploads\/2019\/09\/Bauer-18-septembre.jpg\",\"width\":1200,\"height\":630,\"caption\":\"Bauer 18 septembre\"},{\"@type\":\"BreadcrumbList\",\"@id\":\"https:\/\/francois-pelletant.fr\/blog\/dessins-de-semaine-9\/#breadcrumb\",\"itemListElement\":[{\"@type\":\"ListItem\",\"position\":1,\"name\":\"Accueil\",\"item\":\"https:\/\/francois-pelletant.fr\/blog\/\"},{\"@type\":\"ListItem\",\"position\":2,\"name\":\"Les dessins de la semaine\"}]},{\"@type\":\"WebSite\",\"@id\":\"https:\/\/francois-pelletant.fr\/blog\/#website\",\"url\":\"https:\/\/francois-pelletant.fr\/blog\/\",\"name\":\"Fran\u00e7ois Pelletant\",\"description\":\"Maire de Linas, pour toujours.\",\"publisher\":{\"@id\":\"https:\/\/francois-pelletant.fr\/blog\/#organization\"},\"potentialAction\":[{\"@type\":\"SearchAction\",\"target\":{\"@type\":\"EntryPoint\",\"urlTemplate\":\"https:\/\/francois-pelletant.fr\/blog\/?s={search_term_string}\"},\"query-input\":{\"@type\":\"PropertyValueSpecification\",\"valueRequired\":true,\"valueName\":\"search_term_string\"}}],\"inLanguage\":\"fr-FR\"},{\"@type\":\"Organization\",\"@id\":\"https:\/\/francois-pelletant.fr\/blog\/#organization\",\"name\":\"Fran\u00e7ois Pelletant\",\"url\":\"https:\/\/francois-pelletant.fr\/blog\/\",\"logo\":{\"@type\":\"ImageObject\",\"inLanguage\":\"fr-FR\",\"@id\":\"https:\/\/francois-pelletant.fr\/blog\/#\/schema\/logo\/image\/\",\"url\":\"https:\/\/francois-pelletant.fr\/blog\/wp-content\/uploads\/2024\/07\/icone-francois-centre-500p.png\",\"contentUrl\":\"https:\/\/francois-pelletant.fr\/blog\/wp-content\/uploads\/2024\/07\/icone-francois-centre-500p.png\",\"width\":559,\"height\":447,\"caption\":\"Fran\u00e7ois Pelletant\"},\"image\":{\"@id\":\"https:\/\/francois-pelletant.fr\/blog\/#\/schema\/logo\/image\/\"},\"sameAs\":[\"https:\/\/www.facebook.com\/francois.pelletant.7\",\"https:\/\/x.com\/pelletant\"]},{\"@type\":\"Person\",\"@id\":\"https:\/\/francois-pelletant.fr\/blog\/#\/schema\/person\/2be41acb171dff8f31aaed1f40cee9f3\",\"name\":\"Francois\"}]}<\/script>\n<!-- \/ Yoast SEO plugin. -->","yoast_head_json":{"title":"Les dessins de la semaine - Fran\u00e7ois Pelletant","robots":{"index":"index","follow":"follow","max-snippet":"max-snippet:-1","max-image-preview":"max-image-preview:large","max-video-preview":"max-video-preview:-1"},"canonical":"https:\/\/francois-pelletant.fr\/blog\/dessins-de-semaine-9\/","og_locale":"fr_FR","og_type":"article","og_title":"Les dessins de la semaine - Fran\u00e7ois Pelletant","og_description":"Les dessinateurs de presse sont nombreux \u00e0 partager leur art\u00a0dans les m\u00e9dias ou sur les r\u00e9seaux sociaux pour commenter l&#8217;actualit\u00e9 avec leur humour grin\u00e7ant. Voici\u00a0ma petite s\u00e9lection de la semaine. &nbsp; &nbsp; &nbsp; &nbsp; &nbsp; &nbsp; &nbsp; &nbsp; &nbsp;","og_url":"https:\/\/francois-pelletant.fr\/blog\/dessins-de-semaine-9\/","og_site_name":"Fran\u00e7ois Pelletant","article_publisher":"https:\/\/www.facebook.com\/francois.pelletant.7","article_published_time":"2019-09-22T10:47:54+00:00","og_image":[{"width":1200,"height":630,"url":"https:\/\/francois-pelletant.fr\/blog\/wp-content\/uploads\/2019\/09\/Bauer-18-septembre.jpg","type":"image\/jpeg"}],"author":"Francois","twitter_card":"summary_large_image","twitter_creator":"@pelletant","twitter_site":"@pelletant","twitter_misc":{"\u00c9crit par":"Francois","Dur\u00e9e de lecture estim\u00e9e":"1 minute"},"schema":{"@context":"https:\/\/schema.org","@graph":[{"@type":"Article","@id":"https:\/\/francois-pelletant.fr\/blog\/dessins-de-semaine-9\/#article","isPartOf":{"@id":"https:\/\/francois-pelletant.fr\/blog\/dessins-de-semaine-9\/"},"author":{"name":"Francois","@id":"https:\/\/francois-pelletant.fr\/blog\/#\/schema\/person\/2be41acb171dff8f31aaed1f40cee9f3"},"headline":"Les dessins de la semaine","datePublished":"2019-09-22T10:47:54+00:00","mainEntityOfPage":{"@id":"https:\/\/francois-pelletant.fr\/blog\/dessins-de-semaine-9\/"},"wordCount":144,"commentCount":0,"publisher":{"@id":"https:\/\/francois-pelletant.fr\/blog\/#organization"},"image":{"@id":"https:\/\/francois-pelletant.fr\/blog\/dessins-de-semaine-9\/#primaryimage"},"thumbnailUrl":"https:\/\/francois-pelletant.fr\/blog\/wp-content\/uploads\/2019\/09\/Bauer-18-septembre.jpg","articleSection":["Prix du meilleur dessin de presse"],"inLanguage":"fr-FR","potentialAction":[{"@type":"CommentAction","name":"Comment","target":["https:\/\/francois-pelletant.fr\/blog\/dessins-de-semaine-9\/#respond"]}]},{"@type":"WebPage","@id":"https:\/\/francois-pelletant.fr\/blog\/dessins-de-semaine-9\/","url":"https:\/\/francois-pelletant.fr\/blog\/dessins-de-semaine-9\/","name":"Les dessins de la semaine - Fran\u00e7ois Pelletant","isPartOf":{"@id":"https:\/\/francois-pelletant.fr\/blog\/#website"},"primaryImageOfPage":{"@id":"https:\/\/francois-pelletant.fr\/blog\/dessins-de-semaine-9\/#primaryimage"},"image":{"@id":"https:\/\/francois-pelletant.fr\/blog\/dessins-de-semaine-9\/#primaryimage"},"thumbnailUrl":"https:\/\/francois-pelletant.fr\/blog\/wp-content\/uploads\/2019\/09\/Bauer-18-septembre.jpg","datePublished":"2019-09-22T10:47:54+00:00","breadcrumb":{"@id":"https:\/\/francois-pelletant.fr\/blog\/dessins-de-semaine-9\/#breadcrumb"},"inLanguage":"fr-FR","potentialAction":[{"@type":"ReadAction","target":["https:\/\/francois-pelletant.fr\/blog\/dessins-de-semaine-9\/"]}]},{"@type":"ImageObject","inLanguage":"fr-FR","@id":"https:\/\/francois-pelletant.fr\/blog\/dessins-de-semaine-9\/#primaryimage","url":"https:\/\/francois-pelletant.fr\/blog\/wp-content\/uploads\/2019\/09\/Bauer-18-septembre.jpg","contentUrl":"https:\/\/francois-pelletant.fr\/blog\/wp-content\/uploads\/2019\/09\/Bauer-18-septembre.jpg","width":1200,"height":630,"caption":"Bauer 18 septembre"},{"@type":"BreadcrumbList","@id":"https:\/\/francois-pelletant.fr\/blog\/dessins-de-semaine-9\/#breadcrumb","itemListElement":[{"@type":"ListItem","position":1,"name":"Accueil","item":"https:\/\/francois-pelletant.fr\/blog\/"},{"@type":"ListItem","position":2,"name":"Les dessins de la semaine"}]},{"@type":"WebSite","@id":"https:\/\/francois-pelletant.fr\/blog\/#website","url":"https:\/\/francois-pelletant.fr\/blog\/","name":"Fran\u00e7ois Pelletant","description":"Maire de Linas, pour toujours.","publisher":{"@id":"https:\/\/francois-pelletant.fr\/blog\/#organization"},"potentialAction":[{"@type":"SearchAction","target":{"@type":"EntryPoint","urlTemplate":"https:\/\/francois-pelletant.fr\/blog\/?s={search_term_string}"},"query-input":{"@type":"PropertyValueSpecification","valueRequired":true,"valueName":"search_term_string"}}],"inLanguage":"fr-FR"},{"@type":"Organization","@id":"https:\/\/francois-pelletant.fr\/blog\/#organization","name":"Fran\u00e7ois Pelletant","url":"https:\/\/francois-pelletant.fr\/blog\/","logo":{"@type":"ImageObject","inLanguage":"fr-FR","@id":"https:\/\/francois-pelletant.fr\/blog\/#\/schema\/logo\/image\/","url":"https:\/\/francois-pelletant.fr\/blog\/wp-content\/uploads\/2024\/07\/icone-francois-centre-500p.png","contentUrl":"https:\/\/francois-pelletant.fr\/blog\/wp-content\/uploads\/2024\/07\/icone-francois-centre-500p.png","width":559,"height":447,"caption":"Fran\u00e7ois Pelletant"},"image":{"@id":"https:\/\/francois-pelletant.fr\/blog\/#\/schema\/logo\/image\/"},"sameAs":["https:\/\/www.facebook.com\/francois.pelletant.7","https:\/\/x.com\/pelletant"]},{"@type":"Person","@id":"https:\/\/francois-pelletant.fr\/blog\/#\/schema\/person\/2be41acb171dff8f31aaed1f40cee9f3","name":"Francois"}]}},"_links":{"self":[{"href":"https:\/\/francois-pelletant.fr\/blog\/wp-json\/wp\/v2\/posts\/12371","targetHints":{"allow":["GET"]}}],"collection":[{"href":"https:\/\/francois-pelletant.fr\/blog\/wp-json\/wp\/v2\/posts"}],"about":[{"href":"https:\/\/francois-pelletant.fr\/blog\/wp-json\/wp\/v2\/types\/post"}],"author":[{"embeddable":true,"href":"https:\/\/francois-pelletant.fr\/blog\/wp-json\/wp\/v2\/users\/1"}],"replies":[{"embeddable":true,"href":"https:\/\/francois-pelletant.fr\/blog\/wp-json\/wp\/v2\/comments?post=12371"}],"version-history":[{"count":0,"href":"https:\/\/francois-pelletant.fr\/blog\/wp-json\/wp\/v2\/posts\/12371\/revisions"}],"wp:featuredmedia":[{"embeddable":true,"href":"https:\/\/francois-pelletant.fr\/blog\/wp-json\/wp\/v2\/media\/12372"}],"wp:attachment":[{"href":"https:\/\/francois-pelletant.fr\/blog\/wp-json\/wp\/v2\/media?parent=12371"}],"wp:term":[{"taxonomy":"category","embeddable":true,"href":"https:\/\/francois-pelletant.fr\/blog\/wp-json\/wp\/v2\/categories?post=12371"},{"taxonomy":"post_tag","embeddable":true,"href":"https:\/\/francois-pelletant.fr\/blog\/wp-json\/wp\/v2\/tags?post=12371"}],"curies":[{"name":"wp","href":"https:\/\/api.w.org\/{rel}","templated":true}]}}