{"id":12383,"date":"2019-09-26T08:15:05","date_gmt":"2019-09-26T08:15:05","guid":{"rendered":"https:\/\/francois-pelletant.fr\/blog\/?p=12383"},"modified":"2019-09-26T08:15:05","modified_gmt":"2019-09-26T08:15:05","slug":"un-echangeur-moins-bruyant","status":"publish","type":"post","link":"https:\/\/francois-pelletant.fr\/blog\/un-echangeur-moins-bruyant\/","title":{"rendered":"Un \u00e9changeur moins bruyant"},"content":{"rendered":"<p><a href=\"https:\/\/francois-pelletant.fr\/blog\/wp-content\/uploads\/2019\/09\/echangeur.jpg\" rel=\"attachment wp-att-12384\"><img loading=\"lazy\" decoding=\"async\" class=\"alignleft size-medium wp-image-12384\" src=\"https:\/\/francois-pelletant.fr\/blog\/wp-content\/uploads\/2019\/09\/echangeur-300x167.jpg\" alt=\"echangeur\" width=\"300\" height=\"167\" srcset=\"https:\/\/francois-pelletant.fr\/blog\/wp-content\/uploads\/2019\/09\/echangeur-300x167.jpg 300w, https:\/\/francois-pelletant.fr\/blog\/wp-content\/uploads\/2019\/09\/echangeur-1024x569.jpg 1024w, https:\/\/francois-pelletant.fr\/blog\/wp-content\/uploads\/2019\/09\/echangeur-768x426.jpg 768w, https:\/\/francois-pelletant.fr\/blog\/wp-content\/uploads\/2019\/09\/echangeur-600x333.jpg 600w, https:\/\/francois-pelletant.fr\/blog\/wp-content\/uploads\/2019\/09\/echangeur-1536x853.jpg 1536w, https:\/\/francois-pelletant.fr\/blog\/wp-content\/uploads\/2019\/09\/echangeur-2048x1137.jpg 2048w, https:\/\/francois-pelletant.fr\/blog\/wp-content\/uploads\/2019\/09\/echangeur-150x85.jpg 150w, https:\/\/francois-pelletant.fr\/blog\/wp-content\/uploads\/2019\/09\/echangeur-1170x650.jpg 1170w\" sizes=\"auto, (max-width: 300px) 100vw, 300px\" \/><\/a>Nous le r\u00e9clamions depuis quatre ans, l\u2019Etat va r\u00e9aliser la r\u00e9fection et la s\u00e9curisation de l\u2019\u00e9changeur RN20 \/ Francilienne en deux<br \/>\nphases. L\u2019une en 2019 (bretelles en bleu sur la photo), l\u2019autre en 2020 si tout va bien (bretelles en rouge). C\u2019est ce qu\u2019il ressort d\u2019une<br \/>\nr\u00e9union de calage que j\u2019ai pr\u00e9sid\u00e9e \u00e0 la mairie le 10 septembre dernier. Les deux principaux avantages que nous allons y trouver sont la r\u00e9duction du bruit et la s\u00e9curit\u00e9. Nous pourrions y rajouter le prix puisque ces travaux vont \u00eatre totalement financ\u00e9s par l\u2019Etat (cela m\u00e9rite d\u2019\u00eatre signal\u00e9). Dans tous les cas, je n\u2019aurais jamais accept\u00e9 que la commune participe financi\u00e8rement car m\u00eame si l\u2019on peut admettre que les Linois l\u2019empruntent quotidiennement, nous ne sommes pas les principaux utilisateurs de ce \u201cnoeud\u201d routier qui draine le sud de l\u2019\u00cele-de-France. Je sais que d\u2019autres communes \u00e9taient, elles aussi, en attente de travaux r\u00e9alis\u00e9s par l\u2019Etat et n\u2019ont pas obtenu satisfaction. Les sommes importantes qui vont \u00eatre d\u00e9pens\u00e9es \u00e0 Linas ne pourront pas l\u2019\u00eatre ailleurs. C\u2019est malheureusement la cons\u00e9quence du manque de cr\u00e9dits au plus haut niveau des administrations et l\u2019argent va sur les besoins les plus&#8230; criants ! Je tiens \u00e0 remercier les services de la Direction des routes et de la Pr\u00e9fecture ; cette bonne nouvelle d\u00e9montre que Linas est une commune respect\u00e9e et prise en compte par les pouvoirs publics. Cela n\u2019a pas toujours \u00e9t\u00e9 le cas ! Je pense \u00e0 la fois o\u00f9 la pr\u00e9fecture m\u2019avait fait convoquer \u00e0 la police d\u2019Arpajon parce que nous avions pos\u00e9 des panneaux de pr\u00e9signalisation des radars aux feux. Nous avons d\u00e9fendu notre point de vue, motiv\u00e9s par des consid\u00e9rations de s\u00e9curit\u00e9 et la justice n\u2019avait pas poursuivi. Les panneaux sont toujours pr\u00e9sents et ils ont peut-\u00eatre sauv\u00e9 des vies. Mais ceci est de l\u2019histoire ancienne. C\u2019\u00e9tait une \u00e9preuve n\u00e9cessaire \u00e0 l\u2019\u00e9tablissement de bonnes relations et de respect mutuel. C\u2019est aussi cela faire de la politique \u00e0 notre \u00e9poque.<\/p>\n","protected":false},"excerpt":{"rendered":"<p>Nous le r\u00e9clamions depuis quatre ans, l\u2019Etat va r\u00e9aliser la r\u00e9fection et la s\u00e9curisation de l\u2019\u00e9changeur RN20 \/ Francilienne en deux phases. L\u2019une en 2019 (bretelles en bleu sur la photo), l\u2019autre en 2020 si tout va bien (bretelles en rouge). C\u2019est ce qu\u2019il ressort d\u2019une r\u00e9union de calage que j\u2019ai pr\u00e9sid\u00e9e \u00e0 la mairie [&hellip;]<\/p>\n","protected":false},"author":1,"featured_media":12384,"comment_status":"open","ping_status":"closed","sticky":false,"template":"","format":"standard","meta":{"footnotes":""},"categories":[16],"tags":[],"class_list":["post-12383","post","type-post","status-publish","format-standard","has-post-thumbnail","hentry","category-prises-de-positions"],"yoast_head":"<!-- This site is optimized with the Yoast SEO plugin v25.6 - https:\/\/yoast.com\/wordpress\/plugins\/seo\/ -->\n<title>Un \u00e9changeur moins bruyant - Fran\u00e7ois Pelletant<\/title>\n<meta name=\"robots\" content=\"index, follow, max-snippet:-1, max-image-preview:large, max-video-preview:-1\" \/>\n<link rel=\"canonical\" href=\"https:\/\/francois-pelletant.fr\/blog\/un-echangeur-moins-bruyant\/\" \/>\n<meta property=\"og:locale\" content=\"fr_FR\" \/>\n<meta property=\"og:type\" content=\"article\" \/>\n<meta property=\"og:title\" content=\"Un \u00e9changeur moins bruyant - Fran\u00e7ois Pelletant\" \/>\n<meta property=\"og:description\" content=\"Nous le r\u00e9clamions depuis quatre ans, l\u2019Etat va r\u00e9aliser la r\u00e9fection et la s\u00e9curisation de l\u2019\u00e9changeur RN20 \/ Francilienne en deux phases. L\u2019une en 2019 (bretelles en bleu sur la photo), l\u2019autre en 2020 si tout va bien (bretelles en rouge). C\u2019est ce qu\u2019il ressort d\u2019une r\u00e9union de calage que j\u2019ai pr\u00e9sid\u00e9e \u00e0 la mairie [&hellip;]\" \/>\n<meta property=\"og:url\" content=\"https:\/\/francois-pelletant.fr\/blog\/un-echangeur-moins-bruyant\/\" \/>\n<meta property=\"og:site_name\" content=\"Fran\u00e7ois Pelletant\" \/>\n<meta property=\"article:publisher\" content=\"https:\/\/www.facebook.com\/francois.pelletant.7\" \/>\n<meta property=\"article:published_time\" content=\"2019-09-26T08:15:05+00:00\" \/>\n<meta property=\"og:image\" content=\"https:\/\/francois-pelletant.fr\/blog\/wp-content\/uploads\/2019\/09\/echangeur.jpg\" \/>\n\t<meta property=\"og:image:width\" content=\"2073\" \/>\n\t<meta property=\"og:image:height\" content=\"1151\" \/>\n\t<meta property=\"og:image:type\" content=\"image\/jpeg\" \/>\n<meta name=\"author\" content=\"Francois\" \/>\n<meta name=\"twitter:card\" content=\"summary_large_image\" \/>\n<meta name=\"twitter:creator\" content=\"@pelletant\" \/>\n<meta name=\"twitter:site\" content=\"@pelletant\" \/>\n<meta name=\"twitter:label1\" content=\"\u00c9crit par\" \/>\n\t<meta name=\"twitter:data1\" content=\"Francois\" \/>\n\t<meta name=\"twitter:label2\" content=\"Dur\u00e9e de lecture estim\u00e9e\" \/>\n\t<meta name=\"twitter:data2\" content=\"2 minutes\" \/>\n<script type=\"application\/ld+json\" class=\"yoast-schema-graph\">{\"@context\":\"https:\/\/schema.org\",\"@graph\":[{\"@type\":\"Article\",\"@id\":\"https:\/\/francois-pelletant.fr\/blog\/un-echangeur-moins-bruyant\/#article\",\"isPartOf\":{\"@id\":\"https:\/\/francois-pelletant.fr\/blog\/un-echangeur-moins-bruyant\/\"},\"author\":{\"name\":\"Francois\",\"@id\":\"https:\/\/francois-pelletant.fr\/blog\/#\/schema\/person\/2be41acb171dff8f31aaed1f40cee9f3\"},\"headline\":\"Un \u00e9changeur moins bruyant\",\"datePublished\":\"2019-09-26T08:15:05+00:00\",\"mainEntityOfPage\":{\"@id\":\"https:\/\/francois-pelletant.fr\/blog\/un-echangeur-moins-bruyant\/\"},\"wordCount\":373,\"commentCount\":0,\"publisher\":{\"@id\":\"https:\/\/francois-pelletant.fr\/blog\/#organization\"},\"image\":{\"@id\":\"https:\/\/francois-pelletant.fr\/blog\/un-echangeur-moins-bruyant\/#primaryimage\"},\"thumbnailUrl\":\"https:\/\/francois-pelletant.fr\/blog\/wp-content\/uploads\/2019\/09\/echangeur.jpg\",\"articleSection\":[\"Prises de positions\"],\"inLanguage\":\"fr-FR\",\"potentialAction\":[{\"@type\":\"CommentAction\",\"name\":\"Comment\",\"target\":[\"https:\/\/francois-pelletant.fr\/blog\/un-echangeur-moins-bruyant\/#respond\"]}]},{\"@type\":\"WebPage\",\"@id\":\"https:\/\/francois-pelletant.fr\/blog\/un-echangeur-moins-bruyant\/\",\"url\":\"https:\/\/francois-pelletant.fr\/blog\/un-echangeur-moins-bruyant\/\",\"name\":\"Un \u00e9changeur moins bruyant - Fran\u00e7ois Pelletant\",\"isPartOf\":{\"@id\":\"https:\/\/francois-pelletant.fr\/blog\/#website\"},\"primaryImageOfPage\":{\"@id\":\"https:\/\/francois-pelletant.fr\/blog\/un-echangeur-moins-bruyant\/#primaryimage\"},\"image\":{\"@id\":\"https:\/\/francois-pelletant.fr\/blog\/un-echangeur-moins-bruyant\/#primaryimage\"},\"thumbnailUrl\":\"https:\/\/francois-pelletant.fr\/blog\/wp-content\/uploads\/2019\/09\/echangeur.jpg\",\"datePublished\":\"2019-09-26T08:15:05+00:00\",\"breadcrumb\":{\"@id\":\"https:\/\/francois-pelletant.fr\/blog\/un-echangeur-moins-bruyant\/#breadcrumb\"},\"inLanguage\":\"fr-FR\",\"potentialAction\":[{\"@type\":\"ReadAction\",\"target\":[\"https:\/\/francois-pelletant.fr\/blog\/un-echangeur-moins-bruyant\/\"]}]},{\"@type\":\"ImageObject\",\"inLanguage\":\"fr-FR\",\"@id\":\"https:\/\/francois-pelletant.fr\/blog\/un-echangeur-moins-bruyant\/#primaryimage\",\"url\":\"https:\/\/francois-pelletant.fr\/blog\/wp-content\/uploads\/2019\/09\/echangeur.jpg\",\"contentUrl\":\"https:\/\/francois-pelletant.fr\/blog\/wp-content\/uploads\/2019\/09\/echangeur.jpg\",\"width\":2073,\"height\":1151},{\"@type\":\"BreadcrumbList\",\"@id\":\"https:\/\/francois-pelletant.fr\/blog\/un-echangeur-moins-bruyant\/#breadcrumb\",\"itemListElement\":[{\"@type\":\"ListItem\",\"position\":1,\"name\":\"Accueil\",\"item\":\"https:\/\/francois-pelletant.fr\/blog\/\"},{\"@type\":\"ListItem\",\"position\":2,\"name\":\"Un \u00e9changeur moins bruyant\"}]},{\"@type\":\"WebSite\",\"@id\":\"https:\/\/francois-pelletant.fr\/blog\/#website\",\"url\":\"https:\/\/francois-pelletant.fr\/blog\/\",\"name\":\"Fran\u00e7ois Pelletant\",\"description\":\"Maire de Linas, pour toujours.\",\"publisher\":{\"@id\":\"https:\/\/francois-pelletant.fr\/blog\/#organization\"},\"potentialAction\":[{\"@type\":\"SearchAction\",\"target\":{\"@type\":\"EntryPoint\",\"urlTemplate\":\"https:\/\/francois-pelletant.fr\/blog\/?s={search_term_string}\"},\"query-input\":{\"@type\":\"PropertyValueSpecification\",\"valueRequired\":true,\"valueName\":\"search_term_string\"}}],\"inLanguage\":\"fr-FR\"},{\"@type\":\"Organization\",\"@id\":\"https:\/\/francois-pelletant.fr\/blog\/#organization\",\"name\":\"Fran\u00e7ois Pelletant\",\"url\":\"https:\/\/francois-pelletant.fr\/blog\/\",\"logo\":{\"@type\":\"ImageObject\",\"inLanguage\":\"fr-FR\",\"@id\":\"https:\/\/francois-pelletant.fr\/blog\/#\/schema\/logo\/image\/\",\"url\":\"https:\/\/francois-pelletant.fr\/blog\/wp-content\/uploads\/2024\/07\/icone-francois-centre-500p.png\",\"contentUrl\":\"https:\/\/francois-pelletant.fr\/blog\/wp-content\/uploads\/2024\/07\/icone-francois-centre-500p.png\",\"width\":559,\"height\":447,\"caption\":\"Fran\u00e7ois Pelletant\"},\"image\":{\"@id\":\"https:\/\/francois-pelletant.fr\/blog\/#\/schema\/logo\/image\/\"},\"sameAs\":[\"https:\/\/www.facebook.com\/francois.pelletant.7\",\"https:\/\/x.com\/pelletant\"]},{\"@type\":\"Person\",\"@id\":\"https:\/\/francois-pelletant.fr\/blog\/#\/schema\/person\/2be41acb171dff8f31aaed1f40cee9f3\",\"name\":\"Francois\"}]}<\/script>\n<!-- \/ Yoast SEO plugin. -->","yoast_head_json":{"title":"Un \u00e9changeur moins bruyant - Fran\u00e7ois Pelletant","robots":{"index":"index","follow":"follow","max-snippet":"max-snippet:-1","max-image-preview":"max-image-preview:large","max-video-preview":"max-video-preview:-1"},"canonical":"https:\/\/francois-pelletant.fr\/blog\/un-echangeur-moins-bruyant\/","og_locale":"fr_FR","og_type":"article","og_title":"Un \u00e9changeur moins bruyant - Fran\u00e7ois Pelletant","og_description":"Nous le r\u00e9clamions depuis quatre ans, l\u2019Etat va r\u00e9aliser la r\u00e9fection et la s\u00e9curisation de l\u2019\u00e9changeur RN20 \/ Francilienne en deux phases. L\u2019une en 2019 (bretelles en bleu sur la photo), l\u2019autre en 2020 si tout va bien (bretelles en rouge). C\u2019est ce qu\u2019il ressort d\u2019une r\u00e9union de calage que j\u2019ai pr\u00e9sid\u00e9e \u00e0 la mairie [&hellip;]","og_url":"https:\/\/francois-pelletant.fr\/blog\/un-echangeur-moins-bruyant\/","og_site_name":"Fran\u00e7ois Pelletant","article_publisher":"https:\/\/www.facebook.com\/francois.pelletant.7","article_published_time":"2019-09-26T08:15:05+00:00","og_image":[{"width":2073,"height":1151,"url":"https:\/\/francois-pelletant.fr\/blog\/wp-content\/uploads\/2019\/09\/echangeur.jpg","type":"image\/jpeg"}],"author":"Francois","twitter_card":"summary_large_image","twitter_creator":"@pelletant","twitter_site":"@pelletant","twitter_misc":{"\u00c9crit par":"Francois","Dur\u00e9e de lecture estim\u00e9e":"2 minutes"},"schema":{"@context":"https:\/\/schema.org","@graph":[{"@type":"Article","@id":"https:\/\/francois-pelletant.fr\/blog\/un-echangeur-moins-bruyant\/#article","isPartOf":{"@id":"https:\/\/francois-pelletant.fr\/blog\/un-echangeur-moins-bruyant\/"},"author":{"name":"Francois","@id":"https:\/\/francois-pelletant.fr\/blog\/#\/schema\/person\/2be41acb171dff8f31aaed1f40cee9f3"},"headline":"Un \u00e9changeur moins bruyant","datePublished":"2019-09-26T08:15:05+00:00","mainEntityOfPage":{"@id":"https:\/\/francois-pelletant.fr\/blog\/un-echangeur-moins-bruyant\/"},"wordCount":373,"commentCount":0,"publisher":{"@id":"https:\/\/francois-pelletant.fr\/blog\/#organization"},"image":{"@id":"https:\/\/francois-pelletant.fr\/blog\/un-echangeur-moins-bruyant\/#primaryimage"},"thumbnailUrl":"https:\/\/francois-pelletant.fr\/blog\/wp-content\/uploads\/2019\/09\/echangeur.jpg","articleSection":["Prises de positions"],"inLanguage":"fr-FR","potentialAction":[{"@type":"CommentAction","name":"Comment","target":["https:\/\/francois-pelletant.fr\/blog\/un-echangeur-moins-bruyant\/#respond"]}]},{"@type":"WebPage","@id":"https:\/\/francois-pelletant.fr\/blog\/un-echangeur-moins-bruyant\/","url":"https:\/\/francois-pelletant.fr\/blog\/un-echangeur-moins-bruyant\/","name":"Un \u00e9changeur moins bruyant - Fran\u00e7ois Pelletant","isPartOf":{"@id":"https:\/\/francois-pelletant.fr\/blog\/#website"},"primaryImageOfPage":{"@id":"https:\/\/francois-pelletant.fr\/blog\/un-echangeur-moins-bruyant\/#primaryimage"},"image":{"@id":"https:\/\/francois-pelletant.fr\/blog\/un-echangeur-moins-bruyant\/#primaryimage"},"thumbnailUrl":"https:\/\/francois-pelletant.fr\/blog\/wp-content\/uploads\/2019\/09\/echangeur.jpg","datePublished":"2019-09-26T08:15:05+00:00","breadcrumb":{"@id":"https:\/\/francois-pelletant.fr\/blog\/un-echangeur-moins-bruyant\/#breadcrumb"},"inLanguage":"fr-FR","potentialAction":[{"@type":"ReadAction","target":["https:\/\/francois-pelletant.fr\/blog\/un-echangeur-moins-bruyant\/"]}]},{"@type":"ImageObject","inLanguage":"fr-FR","@id":"https:\/\/francois-pelletant.fr\/blog\/un-echangeur-moins-bruyant\/#primaryimage","url":"https:\/\/francois-pelletant.fr\/blog\/wp-content\/uploads\/2019\/09\/echangeur.jpg","contentUrl":"https:\/\/francois-pelletant.fr\/blog\/wp-content\/uploads\/2019\/09\/echangeur.jpg","width":2073,"height":1151},{"@type":"BreadcrumbList","@id":"https:\/\/francois-pelletant.fr\/blog\/un-echangeur-moins-bruyant\/#breadcrumb","itemListElement":[{"@type":"ListItem","position":1,"name":"Accueil","item":"https:\/\/francois-pelletant.fr\/blog\/"},{"@type":"ListItem","position":2,"name":"Un \u00e9changeur moins bruyant"}]},{"@type":"WebSite","@id":"https:\/\/francois-pelletant.fr\/blog\/#website","url":"https:\/\/francois-pelletant.fr\/blog\/","name":"Fran\u00e7ois Pelletant","description":"Maire de Linas, pour toujours.","publisher":{"@id":"https:\/\/francois-pelletant.fr\/blog\/#organization"},"potentialAction":[{"@type":"SearchAction","target":{"@type":"EntryPoint","urlTemplate":"https:\/\/francois-pelletant.fr\/blog\/?s={search_term_string}"},"query-input":{"@type":"PropertyValueSpecification","valueRequired":true,"valueName":"search_term_string"}}],"inLanguage":"fr-FR"},{"@type":"Organization","@id":"https:\/\/francois-pelletant.fr\/blog\/#organization","name":"Fran\u00e7ois Pelletant","url":"https:\/\/francois-pelletant.fr\/blog\/","logo":{"@type":"ImageObject","inLanguage":"fr-FR","@id":"https:\/\/francois-pelletant.fr\/blog\/#\/schema\/logo\/image\/","url":"https:\/\/francois-pelletant.fr\/blog\/wp-content\/uploads\/2024\/07\/icone-francois-centre-500p.png","contentUrl":"https:\/\/francois-pelletant.fr\/blog\/wp-content\/uploads\/2024\/07\/icone-francois-centre-500p.png","width":559,"height":447,"caption":"Fran\u00e7ois Pelletant"},"image":{"@id":"https:\/\/francois-pelletant.fr\/blog\/#\/schema\/logo\/image\/"},"sameAs":["https:\/\/www.facebook.com\/francois.pelletant.7","https:\/\/x.com\/pelletant"]},{"@type":"Person","@id":"https:\/\/francois-pelletant.fr\/blog\/#\/schema\/person\/2be41acb171dff8f31aaed1f40cee9f3","name":"Francois"}]}},"_links":{"self":[{"href":"https:\/\/francois-pelletant.fr\/blog\/wp-json\/wp\/v2\/posts\/12383","targetHints":{"allow":["GET"]}}],"collection":[{"href":"https:\/\/francois-pelletant.fr\/blog\/wp-json\/wp\/v2\/posts"}],"about":[{"href":"https:\/\/francois-pelletant.fr\/blog\/wp-json\/wp\/v2\/types\/post"}],"author":[{"embeddable":true,"href":"https:\/\/francois-pelletant.fr\/blog\/wp-json\/wp\/v2\/users\/1"}],"replies":[{"embeddable":true,"href":"https:\/\/francois-pelletant.fr\/blog\/wp-json\/wp\/v2\/comments?post=12383"}],"version-history":[{"count":0,"href":"https:\/\/francois-pelletant.fr\/blog\/wp-json\/wp\/v2\/posts\/12383\/revisions"}],"wp:featuredmedia":[{"embeddable":true,"href":"https:\/\/francois-pelletant.fr\/blog\/wp-json\/wp\/v2\/media\/12384"}],"wp:attachment":[{"href":"https:\/\/francois-pelletant.fr\/blog\/wp-json\/wp\/v2\/media?parent=12383"}],"wp:term":[{"taxonomy":"category","embeddable":true,"href":"https:\/\/francois-pelletant.fr\/blog\/wp-json\/wp\/v2\/categories?post=12383"},{"taxonomy":"post_tag","embeddable":true,"href":"https:\/\/francois-pelletant.fr\/blog\/wp-json\/wp\/v2\/tags?post=12383"}],"curies":[{"name":"wp","href":"https:\/\/api.w.org\/{rel}","templated":true}]}}