{"id":12503,"date":"2019-11-15T16:06:37","date_gmt":"2019-11-15T16:06:37","guid":{"rendered":"https:\/\/francois-pelletant.fr\/blog\/?p=12503"},"modified":"2019-11-29T13:19:00","modified_gmt":"2019-11-29T13:19:00","slug":"parisien-enquete-verite","status":"publish","type":"post","link":"https:\/\/francois-pelletant.fr\/blog\/parisien-enquete-verite\/","title":{"rendered":"Le Parisien enqu\u00eate et la v\u00e9rit\u00e9 se fait jour"},"content":{"rendered":"<figure id=\"attachment_12504\" aria-describedby=\"caption-attachment-12504\" style=\"width: 300px\" class=\"wp-caption alignleft\"><a href=\"https:\/\/francois-pelletant.fr\/blog\/wp-content\/uploads\/2019\/11\/parisien-pelletant-15-novembre.jpg\" rel=\"attachment wp-att-12504\"><img loading=\"lazy\" decoding=\"async\" class=\"size-medium wp-image-12504\" src=\"https:\/\/francois-pelletant.fr\/blog\/wp-content\/uploads\/2019\/11\/parisien-pelletant-15-novembre-300x219.jpg\" alt=\"Extrait du site Internet du journal &quot;Le Parisien&quot; du 15 novembre 2019\" width=\"300\" height=\"219\" srcset=\"https:\/\/francois-pelletant.fr\/blog\/wp-content\/uploads\/2019\/11\/parisien-pelletant-15-novembre-300x219.jpg 300w, https:\/\/francois-pelletant.fr\/blog\/wp-content\/uploads\/2019\/11\/parisien-pelletant-15-novembre-1024x748.jpg 1024w, https:\/\/francois-pelletant.fr\/blog\/wp-content\/uploads\/2019\/11\/parisien-pelletant-15-novembre-768x561.jpg 768w, https:\/\/francois-pelletant.fr\/blog\/wp-content\/uploads\/2019\/11\/parisien-pelletant-15-novembre-600x438.jpg 600w, https:\/\/francois-pelletant.fr\/blog\/wp-content\/uploads\/2019\/11\/parisien-pelletant-15-novembre.jpg 1208w\" sizes=\"auto, (max-width: 300px) 100vw, 300px\" \/><\/a><figcaption id=\"caption-attachment-12504\" class=\"wp-caption-text\">Extrait du site Internet du journal &#8220;Le Parisien&#8221; du 15 novembre 2019<\/figcaption><\/figure>\n<h2>Le Parisien s\u2019int\u00e9resse enfin \u00e0 la\u00a0face\u00a0cach\u00e9e\u00a0de toutes ces affaires judiciaires qui s&#8217;abattent sur la commune de Linas et son Maire depuis f\u00e9vrier 2015.<\/h2>\n<p>Il faut dire que deux policiers candidats pour les municipales, dans la m\u00eame ville, \u00e0 la t\u00e8te de deux listes \u00e9lectorales rivales c&#8217;est insolite. Mais lorsque les deux sont proches d&#8217;une enqu\u00eate de Police qui a mis en cause le Maire en place en\u00a0visant son in\u00e9ligibilit\u00e9, c&#8217;est du scoop !<\/p>\n<p>En effet,\u00a0 \u00e7a se passe comme \u00e7a \u00e0 Linas ;\u00a0 on\u00a0n&#8217;est pas uniques\u00a0pour rien :<br \/>\n&#8211; M. Hertz (t\u00eate de liste &#8220;Linas Autrement&#8221;) \u00e9tait ami avec la directrice\u00a0de l&#8217;enqu\u00eate\u00a0qui m&#8217;a mis en cause. Il l&#8217;a reconnu lui-m\u00eame\u00a0publiquement\u00a0lors d&#8217;un Conseil Municipal, en d\u00e9cembre 2017 (Apr\u00e8s les jugements). Ils se sont connus\u00a0dans la m\u00eame promotion\u00a0\u00e0\u00a0l\u2019\u00e9cole de police 5 ans plus t\u00f4t. Ils sont ensuite partis\u00a0en vacances ensemble, avec un groupe d&#8217;amis.<\/p>\n<p>-M. Fievet (t\u00eate de liste &#8220;Linas Notre Avenir&#8221;)\u00a0est, lui, un peu plus \u00e9loign\u00e9.\u00a0Il est, par un pur hasard, enqu\u00eateur dans le m\u00eame d\u00e9partement et dans la m\u00eame circonscription de police que l\u2019enqu\u00eatrice. Je crois savoir qu&#8217;il a un avis &#8220;autoris\u00e9&#8221; sur la proc\u00e9dure qui m&#8217;a mis en cause et qu&#8217;il d\u00e9tient une information assez &#8220;int\u00e9ressante&#8221;.<\/p>\n<p>En tout cas\u00a0un grand\u00a0Bravo\u00a0au Parisien pour ce vrai travail d&#8217;investigation. Afin de le compl\u00e9ter, je sugg\u00e8re les questions suivantes auxquelles je suis certain que le journal ne manquera pas d&#8217;apporter les r\u00e9ponses journalistiques:<\/p>\n<p>1) La directrice d\u2019enqu\u00eate qui \u00e0 mis\u00a0en cause\u00a0le Maire de Linas d\u00e9clare au Parisien qu&#8217;elle conna\u00eet bien M. Hertz mais qu&#8217;ils avaient pris des chemins diff\u00e9rents apr\u00e8s l&#8217;\u00e9cole de Police. Question : Dans quel commissariat ont ils \u00e9t\u00e9 affect\u00e9s l&#8217;un et l&#8217;autre apr\u00e8s l&#8217;\u00e9cole de Police ? Est ce le m\u00eame commissariat comme l&#8217;a d\u00e9clar\u00e9 Mr Hertz ? Combien d&#8217;ann\u00e9es sont ils rest\u00e9s dans le m\u00eame commissariat ?<\/p>\n<p>Un mois avant la mise en cause de M. Pelletant, le 4 f\u00e9vrier 2015, M. Hertz a-t-il communiqu\u00e9 avec l\u2019enqu\u00eatrice par SMS ?<\/p>\n<p>De m\u00eame, alors que M. le Maire de Linas \u00e9tait en garde \u00e0 vue, le 5 f\u00e9vrier \u00e0 midi, M. Hertz a-t-il communiqu\u00e9 avec l\u2019enqu\u00eatrice par SMS ?<\/p>\n<p>2) Si, comme elle le d\u00e9clare, l\u2019enqu\u00eatrice qui a mis\u00a0en cause\u00a0le Maire de Linas connaissait M. Hertz (qui en 2014 \u00e9tait Conseiller d\u00e9l\u00e9gu\u00e9 du Maire et tr\u00e9sorier d&#8217;une des associations vis\u00e9es\u00a0par la proc\u00e9dure), pour quelles raisons ne s&#8217;est-elle pas d\u00e9port\u00e9e\u00a0de son enqu\u00eate ? Pour quelles raisons ne l&#8217;a-t&#8217;elle pas, au moins, indiqu\u00e9 dans le dossier d\u2019enqu\u00eate pour en informer les magistrats ? Bien\u00a0\u00e9videmment,\u00a0\u00a0si la r\u00e9ponse\u00a0\u00e0 la question n\u00b0 1\u00a0est trois fois &#8220;oui&#8221; cette question N\u00b0 2 est encore plus justifi\u00e9e.<\/p>\n<p>Bien s\u00fbr,\u00a0 j&#8217;ai d&#8217;autres questions tout aussi pertinentes\u00a0\u00e0 proposer mais quand Le Parisien vous aura inform\u00e9 sur ces deux points,\u00a0 l&#8217;affaire sera d\u00e9grossie !<\/p>\n<p>Que l&#8217;on soit bien d&#8217;accord, mes &#8220;interrogations&#8221; ne concernent que quelques \u00e9l\u00e9ments isol\u00e9s, policiers ou OPJ. Elles n&#8217;ont absolument rien \u00e0 voir avec la Police Nationale dans son ensemble et sa grande majorit\u00e9, qui conserve\u00a0tout mon respect, ma confiance, ma reconnaissance et avec qui je travaille au quotidien pour la s\u00e9curit\u00e9 et la tranquillit\u00e9 de nos concitoyens.<\/p>\n<p>Lire l&#8217;article du Parisien :\u00a0<a href=\"https:\/\/bit.ly\/2XhO3cc\" target=\"_blank\" rel=\"nofollow\">https:\/\/bit.ly\/2XhO3cc<\/a><\/p>\n<p>&nbsp;<\/p>\n","protected":false},"excerpt":{"rendered":"<p>Le Parisien s\u2019int\u00e9resse enfin \u00e0 la\u00a0face\u00a0cach\u00e9e\u00a0de toutes ces affaires judiciaires qui s&#8217;abattent sur la commune de Linas et son Maire depuis f\u00e9vrier 2015. Il faut dire que deux policiers candidats pour les municipales, dans la m\u00eame ville, \u00e0 la t\u00e8te de deux listes \u00e9lectorales rivales c&#8217;est insolite. Mais lorsque les deux sont proches d&#8217;une enqu\u00eate [&hellip;]<\/p>\n","protected":false},"author":1,"featured_media":12504,"comment_status":"open","ping_status":"closed","sticky":false,"template":"","format":"standard","meta":{"footnotes":""},"categories":[16],"tags":[],"class_list":["post-12503","post","type-post","status-publish","format-standard","has-post-thumbnail","hentry","category-prises-de-positions"],"yoast_head":"<!-- This site is optimized with the Yoast SEO plugin v25.6 - https:\/\/yoast.com\/wordpress\/plugins\/seo\/ -->\n<title>Le Parisien enqu\u00eate et la v\u00e9rit\u00e9 se fait jour - Fran\u00e7ois Pelletant<\/title>\n<meta name=\"description\" content=\"Le Parisien s\u2019int\u00e9resse \u00e0 la face cach\u00e9e de toutes les affaires judiciaires qui s&#039;abattent sur la Linas et son Maire Fran\u00e7ois Pelletant.\" \/>\n<meta name=\"robots\" content=\"index, follow, max-snippet:-1, max-image-preview:large, max-video-preview:-1\" \/>\n<link rel=\"canonical\" href=\"https:\/\/francois-pelletant.fr\/blog\/parisien-enquete-verite\/\" \/>\n<meta property=\"og:locale\" content=\"fr_FR\" \/>\n<meta property=\"og:type\" content=\"article\" \/>\n<meta property=\"og:title\" content=\"Le Parisien enqu\u00eate et la v\u00e9rit\u00e9 se fait jour - Fran\u00e7ois Pelletant\" \/>\n<meta property=\"og:description\" content=\"Le Parisien s\u2019int\u00e9resse \u00e0 la face cach\u00e9e de toutes les affaires judiciaires qui s&#039;abattent sur la Linas et son Maire Fran\u00e7ois Pelletant.\" \/>\n<meta property=\"og:url\" content=\"https:\/\/francois-pelletant.fr\/blog\/parisien-enquete-verite\/\" \/>\n<meta property=\"og:site_name\" content=\"Fran\u00e7ois Pelletant\" \/>\n<meta property=\"article:publisher\" content=\"https:\/\/www.facebook.com\/francois.pelletant.7\" \/>\n<meta property=\"article:published_time\" content=\"2019-11-15T16:06:37+00:00\" \/>\n<meta property=\"article:modified_time\" content=\"2019-11-29T13:19:00+00:00\" \/>\n<meta property=\"og:image\" content=\"https:\/\/francois-pelletant.fr\/blog\/wp-content\/uploads\/2019\/11\/parisien-pelletant-15-novembre.jpg\" \/>\n\t<meta property=\"og:image:width\" content=\"1208\" \/>\n\t<meta property=\"og:image:height\" content=\"882\" \/>\n\t<meta property=\"og:image:type\" content=\"image\/jpeg\" \/>\n<meta name=\"author\" content=\"Francois\" \/>\n<meta name=\"twitter:card\" content=\"summary_large_image\" \/>\n<meta name=\"twitter:creator\" content=\"@pelletant\" \/>\n<meta name=\"twitter:site\" content=\"@pelletant\" \/>\n<meta name=\"twitter:label1\" content=\"\u00c9crit par\" \/>\n\t<meta name=\"twitter:data1\" content=\"Francois\" \/>\n\t<meta name=\"twitter:label2\" content=\"Dur\u00e9e de lecture estim\u00e9e\" \/>\n\t<meta name=\"twitter:data2\" content=\"3 minutes\" \/>\n<script type=\"application\/ld+json\" class=\"yoast-schema-graph\">{\"@context\":\"https:\/\/schema.org\",\"@graph\":[{\"@type\":\"Article\",\"@id\":\"https:\/\/francois-pelletant.fr\/blog\/parisien-enquete-verite\/#article\",\"isPartOf\":{\"@id\":\"https:\/\/francois-pelletant.fr\/blog\/parisien-enquete-verite\/\"},\"author\":{\"name\":\"Francois\",\"@id\":\"https:\/\/francois-pelletant.fr\/blog\/#\/schema\/person\/2be41acb171dff8f31aaed1f40cee9f3\"},\"headline\":\"Le Parisien enqu\u00eate et la v\u00e9rit\u00e9 se fait jour\",\"datePublished\":\"2019-11-15T16:06:37+00:00\",\"dateModified\":\"2019-11-29T13:19:00+00:00\",\"mainEntityOfPage\":{\"@id\":\"https:\/\/francois-pelletant.fr\/blog\/parisien-enquete-verite\/\"},\"wordCount\":649,\"commentCount\":0,\"publisher\":{\"@id\":\"https:\/\/francois-pelletant.fr\/blog\/#organization\"},\"image\":{\"@id\":\"https:\/\/francois-pelletant.fr\/blog\/parisien-enquete-verite\/#primaryimage\"},\"thumbnailUrl\":\"https:\/\/francois-pelletant.fr\/blog\/wp-content\/uploads\/2019\/11\/parisien-pelletant-15-novembre.jpg\",\"articleSection\":[\"Prises de positions\"],\"inLanguage\":\"fr-FR\",\"potentialAction\":[{\"@type\":\"CommentAction\",\"name\":\"Comment\",\"target\":[\"https:\/\/francois-pelletant.fr\/blog\/parisien-enquete-verite\/#respond\"]}]},{\"@type\":\"WebPage\",\"@id\":\"https:\/\/francois-pelletant.fr\/blog\/parisien-enquete-verite\/\",\"url\":\"https:\/\/francois-pelletant.fr\/blog\/parisien-enquete-verite\/\",\"name\":\"Le Parisien enqu\u00eate et la v\u00e9rit\u00e9 se fait jour - Fran\u00e7ois Pelletant\",\"isPartOf\":{\"@id\":\"https:\/\/francois-pelletant.fr\/blog\/#website\"},\"primaryImageOfPage\":{\"@id\":\"https:\/\/francois-pelletant.fr\/blog\/parisien-enquete-verite\/#primaryimage\"},\"image\":{\"@id\":\"https:\/\/francois-pelletant.fr\/blog\/parisien-enquete-verite\/#primaryimage\"},\"thumbnailUrl\":\"https:\/\/francois-pelletant.fr\/blog\/wp-content\/uploads\/2019\/11\/parisien-pelletant-15-novembre.jpg\",\"datePublished\":\"2019-11-15T16:06:37+00:00\",\"dateModified\":\"2019-11-29T13:19:00+00:00\",\"description\":\"Le Parisien s\u2019int\u00e9resse \u00e0 la face cach\u00e9e de toutes les affaires judiciaires qui s'abattent sur la Linas et son Maire Fran\u00e7ois Pelletant.\",\"breadcrumb\":{\"@id\":\"https:\/\/francois-pelletant.fr\/blog\/parisien-enquete-verite\/#breadcrumb\"},\"inLanguage\":\"fr-FR\",\"potentialAction\":[{\"@type\":\"ReadAction\",\"target\":[\"https:\/\/francois-pelletant.fr\/blog\/parisien-enquete-verite\/\"]}]},{\"@type\":\"ImageObject\",\"inLanguage\":\"fr-FR\",\"@id\":\"https:\/\/francois-pelletant.fr\/blog\/parisien-enquete-verite\/#primaryimage\",\"url\":\"https:\/\/francois-pelletant.fr\/blog\/wp-content\/uploads\/2019\/11\/parisien-pelletant-15-novembre.jpg\",\"contentUrl\":\"https:\/\/francois-pelletant.fr\/blog\/wp-content\/uploads\/2019\/11\/parisien-pelletant-15-novembre.jpg\",\"width\":1208,\"height\":882,\"caption\":\"Extrait du site Internet du journal \\\"Le Parisien\\\" du 15 novembre 2019\"},{\"@type\":\"BreadcrumbList\",\"@id\":\"https:\/\/francois-pelletant.fr\/blog\/parisien-enquete-verite\/#breadcrumb\",\"itemListElement\":[{\"@type\":\"ListItem\",\"position\":1,\"name\":\"Accueil\",\"item\":\"https:\/\/francois-pelletant.fr\/blog\/\"},{\"@type\":\"ListItem\",\"position\":2,\"name\":\"Le Parisien enqu\u00eate et la v\u00e9rit\u00e9 se fait jour\"}]},{\"@type\":\"WebSite\",\"@id\":\"https:\/\/francois-pelletant.fr\/blog\/#website\",\"url\":\"https:\/\/francois-pelletant.fr\/blog\/\",\"name\":\"Fran\u00e7ois Pelletant\",\"description\":\"Maire de Linas, pour toujours.\",\"publisher\":{\"@id\":\"https:\/\/francois-pelletant.fr\/blog\/#organization\"},\"potentialAction\":[{\"@type\":\"SearchAction\",\"target\":{\"@type\":\"EntryPoint\",\"urlTemplate\":\"https:\/\/francois-pelletant.fr\/blog\/?s={search_term_string}\"},\"query-input\":{\"@type\":\"PropertyValueSpecification\",\"valueRequired\":true,\"valueName\":\"search_term_string\"}}],\"inLanguage\":\"fr-FR\"},{\"@type\":\"Organization\",\"@id\":\"https:\/\/francois-pelletant.fr\/blog\/#organization\",\"name\":\"Fran\u00e7ois Pelletant\",\"url\":\"https:\/\/francois-pelletant.fr\/blog\/\",\"logo\":{\"@type\":\"ImageObject\",\"inLanguage\":\"fr-FR\",\"@id\":\"https:\/\/francois-pelletant.fr\/blog\/#\/schema\/logo\/image\/\",\"url\":\"https:\/\/francois-pelletant.fr\/blog\/wp-content\/uploads\/2024\/07\/icone-francois-centre-500p.png\",\"contentUrl\":\"https:\/\/francois-pelletant.fr\/blog\/wp-content\/uploads\/2024\/07\/icone-francois-centre-500p.png\",\"width\":559,\"height\":447,\"caption\":\"Fran\u00e7ois Pelletant\"},\"image\":{\"@id\":\"https:\/\/francois-pelletant.fr\/blog\/#\/schema\/logo\/image\/\"},\"sameAs\":[\"https:\/\/www.facebook.com\/francois.pelletant.7\",\"https:\/\/x.com\/pelletant\"]},{\"@type\":\"Person\",\"@id\":\"https:\/\/francois-pelletant.fr\/blog\/#\/schema\/person\/2be41acb171dff8f31aaed1f40cee9f3\",\"name\":\"Francois\"}]}<\/script>\n<!-- \/ Yoast SEO plugin. -->","yoast_head_json":{"title":"Le Parisien enqu\u00eate et la v\u00e9rit\u00e9 se fait jour - Fran\u00e7ois Pelletant","description":"Le Parisien s\u2019int\u00e9resse \u00e0 la face cach\u00e9e de toutes les affaires judiciaires qui s'abattent sur la Linas et son Maire Fran\u00e7ois Pelletant.","robots":{"index":"index","follow":"follow","max-snippet":"max-snippet:-1","max-image-preview":"max-image-preview:large","max-video-preview":"max-video-preview:-1"},"canonical":"https:\/\/francois-pelletant.fr\/blog\/parisien-enquete-verite\/","og_locale":"fr_FR","og_type":"article","og_title":"Le Parisien enqu\u00eate et la v\u00e9rit\u00e9 se fait jour - Fran\u00e7ois Pelletant","og_description":"Le Parisien s\u2019int\u00e9resse \u00e0 la face cach\u00e9e de toutes les affaires judiciaires qui s'abattent sur la Linas et son Maire Fran\u00e7ois Pelletant.","og_url":"https:\/\/francois-pelletant.fr\/blog\/parisien-enquete-verite\/","og_site_name":"Fran\u00e7ois Pelletant","article_publisher":"https:\/\/www.facebook.com\/francois.pelletant.7","article_published_time":"2019-11-15T16:06:37+00:00","article_modified_time":"2019-11-29T13:19:00+00:00","og_image":[{"width":1208,"height":882,"url":"https:\/\/francois-pelletant.fr\/blog\/wp-content\/uploads\/2019\/11\/parisien-pelletant-15-novembre.jpg","type":"image\/jpeg"}],"author":"Francois","twitter_card":"summary_large_image","twitter_creator":"@pelletant","twitter_site":"@pelletant","twitter_misc":{"\u00c9crit par":"Francois","Dur\u00e9e de lecture estim\u00e9e":"3 minutes"},"schema":{"@context":"https:\/\/schema.org","@graph":[{"@type":"Article","@id":"https:\/\/francois-pelletant.fr\/blog\/parisien-enquete-verite\/#article","isPartOf":{"@id":"https:\/\/francois-pelletant.fr\/blog\/parisien-enquete-verite\/"},"author":{"name":"Francois","@id":"https:\/\/francois-pelletant.fr\/blog\/#\/schema\/person\/2be41acb171dff8f31aaed1f40cee9f3"},"headline":"Le Parisien enqu\u00eate et la v\u00e9rit\u00e9 se fait jour","datePublished":"2019-11-15T16:06:37+00:00","dateModified":"2019-11-29T13:19:00+00:00","mainEntityOfPage":{"@id":"https:\/\/francois-pelletant.fr\/blog\/parisien-enquete-verite\/"},"wordCount":649,"commentCount":0,"publisher":{"@id":"https:\/\/francois-pelletant.fr\/blog\/#organization"},"image":{"@id":"https:\/\/francois-pelletant.fr\/blog\/parisien-enquete-verite\/#primaryimage"},"thumbnailUrl":"https:\/\/francois-pelletant.fr\/blog\/wp-content\/uploads\/2019\/11\/parisien-pelletant-15-novembre.jpg","articleSection":["Prises de positions"],"inLanguage":"fr-FR","potentialAction":[{"@type":"CommentAction","name":"Comment","target":["https:\/\/francois-pelletant.fr\/blog\/parisien-enquete-verite\/#respond"]}]},{"@type":"WebPage","@id":"https:\/\/francois-pelletant.fr\/blog\/parisien-enquete-verite\/","url":"https:\/\/francois-pelletant.fr\/blog\/parisien-enquete-verite\/","name":"Le Parisien enqu\u00eate et la v\u00e9rit\u00e9 se fait jour - Fran\u00e7ois Pelletant","isPartOf":{"@id":"https:\/\/francois-pelletant.fr\/blog\/#website"},"primaryImageOfPage":{"@id":"https:\/\/francois-pelletant.fr\/blog\/parisien-enquete-verite\/#primaryimage"},"image":{"@id":"https:\/\/francois-pelletant.fr\/blog\/parisien-enquete-verite\/#primaryimage"},"thumbnailUrl":"https:\/\/francois-pelletant.fr\/blog\/wp-content\/uploads\/2019\/11\/parisien-pelletant-15-novembre.jpg","datePublished":"2019-11-15T16:06:37+00:00","dateModified":"2019-11-29T13:19:00+00:00","description":"Le Parisien s\u2019int\u00e9resse \u00e0 la face cach\u00e9e de toutes les affaires judiciaires qui s'abattent sur la Linas et son Maire Fran\u00e7ois Pelletant.","breadcrumb":{"@id":"https:\/\/francois-pelletant.fr\/blog\/parisien-enquete-verite\/#breadcrumb"},"inLanguage":"fr-FR","potentialAction":[{"@type":"ReadAction","target":["https:\/\/francois-pelletant.fr\/blog\/parisien-enquete-verite\/"]}]},{"@type":"ImageObject","inLanguage":"fr-FR","@id":"https:\/\/francois-pelletant.fr\/blog\/parisien-enquete-verite\/#primaryimage","url":"https:\/\/francois-pelletant.fr\/blog\/wp-content\/uploads\/2019\/11\/parisien-pelletant-15-novembre.jpg","contentUrl":"https:\/\/francois-pelletant.fr\/blog\/wp-content\/uploads\/2019\/11\/parisien-pelletant-15-novembre.jpg","width":1208,"height":882,"caption":"Extrait du site Internet du journal \"Le Parisien\" du 15 novembre 2019"},{"@type":"BreadcrumbList","@id":"https:\/\/francois-pelletant.fr\/blog\/parisien-enquete-verite\/#breadcrumb","itemListElement":[{"@type":"ListItem","position":1,"name":"Accueil","item":"https:\/\/francois-pelletant.fr\/blog\/"},{"@type":"ListItem","position":2,"name":"Le Parisien enqu\u00eate et la v\u00e9rit\u00e9 se fait jour"}]},{"@type":"WebSite","@id":"https:\/\/francois-pelletant.fr\/blog\/#website","url":"https:\/\/francois-pelletant.fr\/blog\/","name":"Fran\u00e7ois Pelletant","description":"Maire de Linas, pour toujours.","publisher":{"@id":"https:\/\/francois-pelletant.fr\/blog\/#organization"},"potentialAction":[{"@type":"SearchAction","target":{"@type":"EntryPoint","urlTemplate":"https:\/\/francois-pelletant.fr\/blog\/?s={search_term_string}"},"query-input":{"@type":"PropertyValueSpecification","valueRequired":true,"valueName":"search_term_string"}}],"inLanguage":"fr-FR"},{"@type":"Organization","@id":"https:\/\/francois-pelletant.fr\/blog\/#organization","name":"Fran\u00e7ois Pelletant","url":"https:\/\/francois-pelletant.fr\/blog\/","logo":{"@type":"ImageObject","inLanguage":"fr-FR","@id":"https:\/\/francois-pelletant.fr\/blog\/#\/schema\/logo\/image\/","url":"https:\/\/francois-pelletant.fr\/blog\/wp-content\/uploads\/2024\/07\/icone-francois-centre-500p.png","contentUrl":"https:\/\/francois-pelletant.fr\/blog\/wp-content\/uploads\/2024\/07\/icone-francois-centre-500p.png","width":559,"height":447,"caption":"Fran\u00e7ois Pelletant"},"image":{"@id":"https:\/\/francois-pelletant.fr\/blog\/#\/schema\/logo\/image\/"},"sameAs":["https:\/\/www.facebook.com\/francois.pelletant.7","https:\/\/x.com\/pelletant"]},{"@type":"Person","@id":"https:\/\/francois-pelletant.fr\/blog\/#\/schema\/person\/2be41acb171dff8f31aaed1f40cee9f3","name":"Francois"}]}},"_links":{"self":[{"href":"https:\/\/francois-pelletant.fr\/blog\/wp-json\/wp\/v2\/posts\/12503","targetHints":{"allow":["GET"]}}],"collection":[{"href":"https:\/\/francois-pelletant.fr\/blog\/wp-json\/wp\/v2\/posts"}],"about":[{"href":"https:\/\/francois-pelletant.fr\/blog\/wp-json\/wp\/v2\/types\/post"}],"author":[{"embeddable":true,"href":"https:\/\/francois-pelletant.fr\/blog\/wp-json\/wp\/v2\/users\/1"}],"replies":[{"embeddable":true,"href":"https:\/\/francois-pelletant.fr\/blog\/wp-json\/wp\/v2\/comments?post=12503"}],"version-history":[{"count":0,"href":"https:\/\/francois-pelletant.fr\/blog\/wp-json\/wp\/v2\/posts\/12503\/revisions"}],"wp:featuredmedia":[{"embeddable":true,"href":"https:\/\/francois-pelletant.fr\/blog\/wp-json\/wp\/v2\/media\/12504"}],"wp:attachment":[{"href":"https:\/\/francois-pelletant.fr\/blog\/wp-json\/wp\/v2\/media?parent=12503"}],"wp:term":[{"taxonomy":"category","embeddable":true,"href":"https:\/\/francois-pelletant.fr\/blog\/wp-json\/wp\/v2\/categories?post=12503"},{"taxonomy":"post_tag","embeddable":true,"href":"https:\/\/francois-pelletant.fr\/blog\/wp-json\/wp\/v2\/tags?post=12503"}],"curies":[{"name":"wp","href":"https:\/\/api.w.org\/{rel}","templated":true}]}}