{"id":12551,"date":"2019-12-08T10:47:38","date_gmt":"2019-12-08T10:47:38","guid":{"rendered":"https:\/\/francois-pelletant.fr\/blog\/?p=12551"},"modified":"2019-12-06T13:52:30","modified_gmt":"2019-12-06T13:52:30","slug":"dessins-de-presse-de-greve-5-decembre","status":"publish","type":"post","link":"https:\/\/francois-pelletant.fr\/blog\/dessins-de-presse-de-greve-5-decembre\/","title":{"rendered":"Les dessins de presse de la gr\u00e8ve du 5 d\u00e9cembre"},"content":{"rendered":"<figure id=\"attachment_12552\" aria-describedby=\"caption-attachment-12552\" style=\"width: 300px\" class=\"wp-caption alignleft\"><a href=\"https:\/\/francois-pelletant.fr\/blog\/wp-content\/uploads\/2019\/12\/Soulci\u00e9-5-decembre-2019.jpg\" rel=\"attachment wp-att-12552\"><img loading=\"lazy\" decoding=\"async\" class=\"size-medium wp-image-12552\" src=\"https:\/\/francois-pelletant.fr\/blog\/wp-content\/uploads\/2019\/12\/Soulci\u00e9-5-decembre-2019-300x300.jpg\" alt=\"Soulci\u00e9 5 decembre 2019\" width=\"300\" height=\"300\" srcset=\"https:\/\/francois-pelletant.fr\/blog\/wp-content\/uploads\/2019\/12\/Soulci\u00e9-5-decembre-2019-300x300.jpg 300w, https:\/\/francois-pelletant.fr\/blog\/wp-content\/uploads\/2019\/12\/Soulci\u00e9-5-decembre-2019-1024x1024.jpg 1024w, https:\/\/francois-pelletant.fr\/blog\/wp-content\/uploads\/2019\/12\/Soulci\u00e9-5-decembre-2019-150x150.jpg 150w, https:\/\/francois-pelletant.fr\/blog\/wp-content\/uploads\/2019\/12\/Soulci\u00e9-5-decembre-2019-768x768.jpg 768w, https:\/\/francois-pelletant.fr\/blog\/wp-content\/uploads\/2019\/12\/Soulci\u00e9-5-decembre-2019-600x600.jpg 600w, https:\/\/francois-pelletant.fr\/blog\/wp-content\/uploads\/2019\/12\/Soulci\u00e9-5-decembre-2019-230x230.jpg 230w, https:\/\/francois-pelletant.fr\/blog\/wp-content\/uploads\/2019\/12\/Soulci\u00e9-5-decembre-2019-400x400.jpg 400w, https:\/\/francois-pelletant.fr\/blog\/wp-content\/uploads\/2019\/12\/Soulci\u00e9-5-decembre-2019-640x640.jpg 640w, https:\/\/francois-pelletant.fr\/blog\/wp-content\/uploads\/2019\/12\/Soulci\u00e9-5-decembre-2019.jpg 1200w\" sizes=\"auto, (max-width: 300px) 100vw, 300px\" \/><\/a><figcaption id=\"caption-attachment-12552\" class=\"wp-caption-text\">Soulci\u00e9 5 decembre 2019<\/figcaption><\/figure>\n<p>Le mouvement de gr\u00e8ve du 5 d\u00e9cembre a d\u00e9cha\u00een\u00e9 la cr\u00e9ativit\u00e9 de nos illustrateurs de presse. Je vous livre ici un floril\u00e8ge de leur travail.<\/p>\n<p>&nbsp;<\/p>\n<figure id=\"attachment_12553\" aria-describedby=\"caption-attachment-12553\" style=\"width: 300px\" class=\"wp-caption aligncenter\"><a href=\"https:\/\/francois-pelletant.fr\/blog\/wp-content\/uploads\/2019\/12\/Biz-5-decembre.jpg\" rel=\"attachment wp-att-12553\"><img loading=\"lazy\" decoding=\"async\" class=\"size-medium wp-image-12553\" src=\"https:\/\/francois-pelletant.fr\/blog\/wp-content\/uploads\/2019\/12\/Biz-5-decembre-300x154.jpg\" alt=\"Biz 5 decembre\" width=\"300\" height=\"154\" srcset=\"https:\/\/francois-pelletant.fr\/blog\/wp-content\/uploads\/2019\/12\/Biz-5-decembre-300x154.jpg 300w, https:\/\/francois-pelletant.fr\/blog\/wp-content\/uploads\/2019\/12\/Biz-5-decembre-1024x524.jpg 1024w, https:\/\/francois-pelletant.fr\/blog\/wp-content\/uploads\/2019\/12\/Biz-5-decembre-768x393.jpg 768w, https:\/\/francois-pelletant.fr\/blog\/wp-content\/uploads\/2019\/12\/Biz-5-decembre-600x307.jpg 600w, https:\/\/francois-pelletant.fr\/blog\/wp-content\/uploads\/2019\/12\/Biz-5-decembre.jpg 1200w\" sizes=\"auto, (max-width: 300px) 100vw, 300px\" \/><\/a><figcaption id=\"caption-attachment-12553\" class=\"wp-caption-text\">Biz 5 decembre<\/figcaption><\/figure>\n<p>&nbsp;<\/p>\n<figure id=\"attachment_12554\" aria-describedby=\"caption-attachment-12554\" style=\"width: 300px\" class=\"wp-caption aligncenter\"><a href=\"https:\/\/francois-pelletant.fr\/blog\/wp-content\/uploads\/2019\/12\/Gorce-5-decembre.jpg\" rel=\"attachment wp-att-12554\"><img loading=\"lazy\" decoding=\"async\" class=\"size-medium wp-image-12554\" src=\"https:\/\/francois-pelletant.fr\/blog\/wp-content\/uploads\/2019\/12\/Gorce-5-decembre-300x300.jpg\" alt=\"Gorce 5 decembre\" width=\"300\" height=\"300\" srcset=\"https:\/\/francois-pelletant.fr\/blog\/wp-content\/uploads\/2019\/12\/Gorce-5-decembre-300x300.jpg 300w, https:\/\/francois-pelletant.fr\/blog\/wp-content\/uploads\/2019\/12\/Gorce-5-decembre-150x150.jpg 150w, https:\/\/francois-pelletant.fr\/blog\/wp-content\/uploads\/2019\/12\/Gorce-5-decembre-230x230.jpg 230w, https:\/\/francois-pelletant.fr\/blog\/wp-content\/uploads\/2019\/12\/Gorce-5-decembre-400x400.jpg 400w, https:\/\/francois-pelletant.fr\/blog\/wp-content\/uploads\/2019\/12\/Gorce-5-decembre.jpg 560w\" sizes=\"auto, (max-width: 300px) 100vw, 300px\" \/><\/a><figcaption id=\"caption-attachment-12554\" class=\"wp-caption-text\">Gorce 5 decembre<\/figcaption><\/figure>\n<p>&nbsp;<\/p>\n<figure id=\"attachment_12555\" aria-describedby=\"caption-attachment-12555\" style=\"width: 300px\" class=\"wp-caption aligncenter\"><a href=\"https:\/\/francois-pelletant.fr\/blog\/wp-content\/uploads\/2019\/12\/Goutal-4-decembre.jpg\" rel=\"attachment wp-att-12555\"><img loading=\"lazy\" decoding=\"async\" class=\"size-medium wp-image-12555\" src=\"https:\/\/francois-pelletant.fr\/blog\/wp-content\/uploads\/2019\/12\/Goutal-4-decembre-300x257.jpg\" alt=\"Goutal 4 decembre\" width=\"300\" height=\"257\" srcset=\"https:\/\/francois-pelletant.fr\/blog\/wp-content\/uploads\/2019\/12\/Goutal-4-decembre-300x257.jpg 300w, https:\/\/francois-pelletant.fr\/blog\/wp-content\/uploads\/2019\/12\/Goutal-4-decembre-1024x878.jpg 1024w, https:\/\/francois-pelletant.fr\/blog\/wp-content\/uploads\/2019\/12\/Goutal-4-decembre-768x659.jpg 768w, https:\/\/francois-pelletant.fr\/blog\/wp-content\/uploads\/2019\/12\/Goutal-4-decembre-600x515.jpg 600w, https:\/\/francois-pelletant.fr\/blog\/wp-content\/uploads\/2019\/12\/Goutal-4-decembre.jpg 1200w\" sizes=\"auto, (max-width: 300px) 100vw, 300px\" \/><\/a><figcaption id=\"caption-attachment-12555\" class=\"wp-caption-text\">Goutal 4 decembre<\/figcaption><\/figure>\n<p>&nbsp;<\/p>\n<figure id=\"attachment_12556\" aria-describedby=\"caption-attachment-12556\" style=\"width: 227px\" class=\"wp-caption aligncenter\"><a href=\"https:\/\/francois-pelletant.fr\/blog\/wp-content\/uploads\/2019\/12\/Lardon-5-decembre.jpg\" rel=\"attachment wp-att-12556\"><img loading=\"lazy\" decoding=\"async\" class=\"size-medium wp-image-12556\" src=\"https:\/\/francois-pelletant.fr\/blog\/wp-content\/uploads\/2019\/12\/Lardon-5-decembre-227x300.jpg\" alt=\"Lardon 5 decembre\" width=\"227\" height=\"300\" srcset=\"https:\/\/francois-pelletant.fr\/blog\/wp-content\/uploads\/2019\/12\/Lardon-5-decembre-227x300.jpg 227w, https:\/\/francois-pelletant.fr\/blog\/wp-content\/uploads\/2019\/12\/Lardon-5-decembre.jpg 453w\" sizes=\"auto, (max-width: 227px) 100vw, 227px\" \/><\/a><figcaption id=\"caption-attachment-12556\" class=\"wp-caption-text\">Lardon 5 decembre<\/figcaption><\/figure>\n<p>&nbsp;<\/p>\n<figure id=\"attachment_12557\" aria-describedby=\"caption-attachment-12557\" style=\"width: 288px\" class=\"wp-caption aligncenter\"><a href=\"https:\/\/francois-pelletant.fr\/blog\/wp-content\/uploads\/2019\/12\/Miss-Lilou-5-decembre.jpg\" rel=\"attachment wp-att-12557\"><img loading=\"lazy\" decoding=\"async\" class=\"size-medium wp-image-12557\" src=\"https:\/\/francois-pelletant.fr\/blog\/wp-content\/uploads\/2019\/12\/Miss-Lilou-5-decembre-288x300.jpg\" alt=\"Miss Lilou 5 decembre\" width=\"288\" height=\"300\" srcset=\"https:\/\/francois-pelletant.fr\/blog\/wp-content\/uploads\/2019\/12\/Miss-Lilou-5-decembre-288x300.jpg 288w, https:\/\/francois-pelletant.fr\/blog\/wp-content\/uploads\/2019\/12\/Miss-Lilou-5-decembre-982x1024.jpg 982w, https:\/\/francois-pelletant.fr\/blog\/wp-content\/uploads\/2019\/12\/Miss-Lilou-5-decembre-768x801.jpg 768w, https:\/\/francois-pelletant.fr\/blog\/wp-content\/uploads\/2019\/12\/Miss-Lilou-5-decembre-600x625.jpg 600w, https:\/\/francois-pelletant.fr\/blog\/wp-content\/uploads\/2019\/12\/Miss-Lilou-5-decembre-1474x1536.jpg 1474w, https:\/\/francois-pelletant.fr\/blog\/wp-content\/uploads\/2019\/12\/Miss-Lilou-5-decembre.jpg 1535w\" sizes=\"auto, (max-width: 288px) 100vw, 288px\" \/><\/a><figcaption id=\"caption-attachment-12557\" class=\"wp-caption-text\">Miss Lilou 5 decembre<\/figcaption><\/figure>\n<p>&nbsp;<\/p>\n<figure id=\"attachment_12558\" aria-describedby=\"caption-attachment-12558\" style=\"width: 300px\" class=\"wp-caption aligncenter\"><a href=\"https:\/\/francois-pelletant.fr\/blog\/wp-content\/uploads\/2019\/12\/Na-5-decembre.jpg\" rel=\"attachment wp-att-12558\"><img loading=\"lazy\" decoding=\"async\" class=\"size-medium wp-image-12558\" src=\"https:\/\/francois-pelletant.fr\/blog\/wp-content\/uploads\/2019\/12\/Na-5-decembre-300x225.jpg\" alt=\"Na 5 decembre\" width=\"300\" height=\"225\" srcset=\"https:\/\/francois-pelletant.fr\/blog\/wp-content\/uploads\/2019\/12\/Na-5-decembre-300x225.jpg 300w, https:\/\/francois-pelletant.fr\/blog\/wp-content\/uploads\/2019\/12\/Na-5-decembre.jpg 600w\" sizes=\"auto, (max-width: 300px) 100vw, 300px\" \/><\/a><figcaption id=\"caption-attachment-12558\" class=\"wp-caption-text\">Na 5 decembre<\/figcaption><\/figure>\n<p>&nbsp;<\/p>\n<figure id=\"attachment_12559\" aria-describedby=\"caption-attachment-12559\" style=\"width: 241px\" class=\"wp-caption aligncenter\"><a href=\"https:\/\/francois-pelletant.fr\/blog\/wp-content\/uploads\/2019\/12\/Schvartz-5-decembre.jpg\" rel=\"attachment wp-att-12559\"><img loading=\"lazy\" decoding=\"async\" class=\"size-medium wp-image-12559\" src=\"https:\/\/francois-pelletant.fr\/blog\/wp-content\/uploads\/2019\/12\/Schvartz-5-decembre-241x300.jpg\" alt=\"Schvartz 5 decembre\" width=\"241\" height=\"300\" srcset=\"https:\/\/francois-pelletant.fr\/blog\/wp-content\/uploads\/2019\/12\/Schvartz-5-decembre-241x300.jpg 241w, https:\/\/francois-pelletant.fr\/blog\/wp-content\/uploads\/2019\/12\/Schvartz-5-decembre-822x1024.jpg 822w, https:\/\/francois-pelletant.fr\/blog\/wp-content\/uploads\/2019\/12\/Schvartz-5-decembre-768x957.jpg 768w, https:\/\/francois-pelletant.fr\/blog\/wp-content\/uploads\/2019\/12\/Schvartz-5-decembre-600x748.jpg 600w, https:\/\/francois-pelletant.fr\/blog\/wp-content\/uploads\/2019\/12\/Schvartz-5-decembre-1233x1536.jpg 1233w, https:\/\/francois-pelletant.fr\/blog\/wp-content\/uploads\/2019\/12\/Schvartz-5-decembre.jpg 1284w\" sizes=\"auto, (max-width: 241px) 100vw, 241px\" \/><\/a><figcaption id=\"caption-attachment-12559\" class=\"wp-caption-text\">Schvartz 5 decembre<\/figcaption><\/figure>\n<p>&nbsp;<\/p>\n<figure id=\"attachment_12560\" aria-describedby=\"caption-attachment-12560\" style=\"width: 300px\" class=\"wp-caption aligncenter\"><a href=\"https:\/\/francois-pelletant.fr\/blog\/wp-content\/uploads\/2019\/12\/Soulci\u00e9-5-decembre.jpg\" rel=\"attachment wp-att-12560\"><img loading=\"lazy\" decoding=\"async\" class=\"size-medium wp-image-12560\" src=\"https:\/\/francois-pelletant.fr\/blog\/wp-content\/uploads\/2019\/12\/Soulci\u00e9-5-decembre-300x217.jpg\" alt=\"Soulci\u00e9 5 decembre\" width=\"300\" height=\"217\" srcset=\"https:\/\/francois-pelletant.fr\/blog\/wp-content\/uploads\/2019\/12\/Soulci\u00e9-5-decembre-300x217.jpg 300w, https:\/\/francois-pelletant.fr\/blog\/wp-content\/uploads\/2019\/12\/Soulci\u00e9-5-decembre-1024x739.jpg 1024w, https:\/\/francois-pelletant.fr\/blog\/wp-content\/uploads\/2019\/12\/Soulci\u00e9-5-decembre-768x554.jpg 768w, https:\/\/francois-pelletant.fr\/blog\/wp-content\/uploads\/2019\/12\/Soulci\u00e9-5-decembre-600x433.jpg 600w, https:\/\/francois-pelletant.fr\/blog\/wp-content\/uploads\/2019\/12\/Soulci\u00e9-5-decembre.jpg 1200w\" sizes=\"auto, (max-width: 300px) 100vw, 300px\" \/><\/a><figcaption id=\"caption-attachment-12560\" class=\"wp-caption-text\">Soulci\u00e9 5 decembre<\/figcaption><\/figure>\n<p>&nbsp;<\/p>\n<figure id=\"attachment_12561\" aria-describedby=\"caption-attachment-12561\" style=\"width: 300px\" class=\"wp-caption aligncenter\"><a href=\"https:\/\/francois-pelletant.fr\/blog\/wp-content\/uploads\/2019\/12\/Telerama-5-decembre.jpg\" rel=\"attachment wp-att-12561\"><img loading=\"lazy\" decoding=\"async\" class=\"size-medium wp-image-12561\" src=\"https:\/\/francois-pelletant.fr\/blog\/wp-content\/uploads\/2019\/12\/Telerama-5-decembre-300x240.jpg\" alt=\"Telerama 5 decembre\" width=\"300\" height=\"240\" srcset=\"https:\/\/francois-pelletant.fr\/blog\/wp-content\/uploads\/2019\/12\/Telerama-5-decembre-300x240.jpg 300w, https:\/\/francois-pelletant.fr\/blog\/wp-content\/uploads\/2019\/12\/Telerama-5-decembre-768x614.jpg 768w, https:\/\/francois-pelletant.fr\/blog\/wp-content\/uploads\/2019\/12\/Telerama-5-decembre-600x479.jpg 600w, https:\/\/francois-pelletant.fr\/blog\/wp-content\/uploads\/2019\/12\/Telerama-5-decembre.jpg 1000w\" sizes=\"auto, (max-width: 300px) 100vw, 300px\" \/><\/a><figcaption id=\"caption-attachment-12561\" class=\"wp-caption-text\">Telerama 5 decembre<\/figcaption><\/figure>\n","protected":false},"excerpt":{"rendered":"<p>Le mouvement de gr\u00e8ve du 5 d\u00e9cembre a d\u00e9cha\u00een\u00e9 la cr\u00e9ativit\u00e9 de nos illustrateurs de presse. Je vous livre ici un floril\u00e8ge de leur travail. &nbsp; &nbsp; &nbsp; &nbsp; &nbsp; &nbsp; &nbsp; &nbsp; &nbsp;<\/p>\n","protected":false},"author":1,"featured_media":12552,"comment_status":"open","ping_status":"closed","sticky":false,"template":"","format":"standard","meta":{"footnotes":""},"categories":[17],"tags":[],"class_list":["post-12551","post","type-post","status-publish","format-standard","has-post-thumbnail","hentry","category-prix-du-meilleur-dessin-de-presse"],"yoast_head":"<!-- This site is optimized with the Yoast SEO plugin v25.6 - https:\/\/yoast.com\/wordpress\/plugins\/seo\/ -->\n<title>Les dessins de presse de la gr\u00e8ve du 5 d\u00e9cembre - Fran\u00e7ois Pelletant<\/title>\n<meta name=\"robots\" content=\"index, follow, max-snippet:-1, max-image-preview:large, max-video-preview:-1\" \/>\n<link rel=\"canonical\" href=\"https:\/\/francois-pelletant.fr\/blog\/dessins-de-presse-de-greve-5-decembre\/\" \/>\n<meta property=\"og:locale\" content=\"fr_FR\" \/>\n<meta property=\"og:type\" content=\"article\" \/>\n<meta property=\"og:title\" content=\"Les dessins de presse de la gr\u00e8ve du 5 d\u00e9cembre - Fran\u00e7ois Pelletant\" \/>\n<meta property=\"og:description\" content=\"Le mouvement de gr\u00e8ve du 5 d\u00e9cembre a d\u00e9cha\u00een\u00e9 la cr\u00e9ativit\u00e9 de nos illustrateurs de presse. Je vous livre ici un floril\u00e8ge de leur travail. &nbsp; &nbsp; &nbsp; &nbsp; &nbsp; &nbsp; &nbsp; &nbsp; &nbsp;\" \/>\n<meta property=\"og:url\" content=\"https:\/\/francois-pelletant.fr\/blog\/dessins-de-presse-de-greve-5-decembre\/\" \/>\n<meta property=\"og:site_name\" content=\"Fran\u00e7ois Pelletant\" \/>\n<meta property=\"article:publisher\" content=\"https:\/\/www.facebook.com\/francois.pelletant.7\" \/>\n<meta property=\"article:published_time\" content=\"2019-12-08T10:47:38+00:00\" \/>\n<meta property=\"og:image\" content=\"https:\/\/francois-pelletant.fr\/blog\/wp-content\/uploads\/2019\/12\/Soulci\u00e9-5-decembre-2019.jpg\" \/>\n\t<meta property=\"og:image:width\" content=\"1200\" \/>\n\t<meta property=\"og:image:height\" content=\"1200\" \/>\n\t<meta property=\"og:image:type\" content=\"image\/jpeg\" \/>\n<meta name=\"author\" content=\"Francois\" \/>\n<meta name=\"twitter:card\" content=\"summary_large_image\" \/>\n<meta name=\"twitter:creator\" content=\"@pelletant\" \/>\n<meta name=\"twitter:site\" content=\"@pelletant\" \/>\n<meta name=\"twitter:label1\" content=\"\u00c9crit par\" \/>\n\t<meta name=\"twitter:data1\" content=\"Francois\" \/>\n\t<meta name=\"twitter:label2\" content=\"Dur\u00e9e de lecture estim\u00e9e\" \/>\n\t<meta name=\"twitter:data2\" content=\"1 minute\" \/>\n<script type=\"application\/ld+json\" class=\"yoast-schema-graph\">{\"@context\":\"https:\/\/schema.org\",\"@graph\":[{\"@type\":\"Article\",\"@id\":\"https:\/\/francois-pelletant.fr\/blog\/dessins-de-presse-de-greve-5-decembre\/#article\",\"isPartOf\":{\"@id\":\"https:\/\/francois-pelletant.fr\/blog\/dessins-de-presse-de-greve-5-decembre\/\"},\"author\":{\"name\":\"Francois\",\"@id\":\"https:\/\/francois-pelletant.fr\/blog\/#\/schema\/person\/2be41acb171dff8f31aaed1f40cee9f3\"},\"headline\":\"Les dessins de presse de la gr\u00e8ve du 5 d\u00e9cembre\",\"datePublished\":\"2019-12-08T10:47:38+00:00\",\"mainEntityOfPage\":{\"@id\":\"https:\/\/francois-pelletant.fr\/blog\/dessins-de-presse-de-greve-5-decembre\/\"},\"wordCount\":141,\"commentCount\":0,\"publisher\":{\"@id\":\"https:\/\/francois-pelletant.fr\/blog\/#organization\"},\"image\":{\"@id\":\"https:\/\/francois-pelletant.fr\/blog\/dessins-de-presse-de-greve-5-decembre\/#primaryimage\"},\"thumbnailUrl\":\"https:\/\/francois-pelletant.fr\/blog\/wp-content\/uploads\/2019\/12\/Soulci\u00e9-5-decembre-2019.jpg\",\"articleSection\":[\"Prix du meilleur dessin de presse\"],\"inLanguage\":\"fr-FR\",\"potentialAction\":[{\"@type\":\"CommentAction\",\"name\":\"Comment\",\"target\":[\"https:\/\/francois-pelletant.fr\/blog\/dessins-de-presse-de-greve-5-decembre\/#respond\"]}]},{\"@type\":\"WebPage\",\"@id\":\"https:\/\/francois-pelletant.fr\/blog\/dessins-de-presse-de-greve-5-decembre\/\",\"url\":\"https:\/\/francois-pelletant.fr\/blog\/dessins-de-presse-de-greve-5-decembre\/\",\"name\":\"Les dessins de presse de la gr\u00e8ve du 5 d\u00e9cembre - Fran\u00e7ois Pelletant\",\"isPartOf\":{\"@id\":\"https:\/\/francois-pelletant.fr\/blog\/#website\"},\"primaryImageOfPage\":{\"@id\":\"https:\/\/francois-pelletant.fr\/blog\/dessins-de-presse-de-greve-5-decembre\/#primaryimage\"},\"image\":{\"@id\":\"https:\/\/francois-pelletant.fr\/blog\/dessins-de-presse-de-greve-5-decembre\/#primaryimage\"},\"thumbnailUrl\":\"https:\/\/francois-pelletant.fr\/blog\/wp-content\/uploads\/2019\/12\/Soulci\u00e9-5-decembre-2019.jpg\",\"datePublished\":\"2019-12-08T10:47:38+00:00\",\"breadcrumb\":{\"@id\":\"https:\/\/francois-pelletant.fr\/blog\/dessins-de-presse-de-greve-5-decembre\/#breadcrumb\"},\"inLanguage\":\"fr-FR\",\"potentialAction\":[{\"@type\":\"ReadAction\",\"target\":[\"https:\/\/francois-pelletant.fr\/blog\/dessins-de-presse-de-greve-5-decembre\/\"]}]},{\"@type\":\"ImageObject\",\"inLanguage\":\"fr-FR\",\"@id\":\"https:\/\/francois-pelletant.fr\/blog\/dessins-de-presse-de-greve-5-decembre\/#primaryimage\",\"url\":\"https:\/\/francois-pelletant.fr\/blog\/wp-content\/uploads\/2019\/12\/Soulci\u00e9-5-decembre-2019.jpg\",\"contentUrl\":\"https:\/\/francois-pelletant.fr\/blog\/wp-content\/uploads\/2019\/12\/Soulci\u00e9-5-decembre-2019.jpg\",\"width\":1200,\"height\":1200,\"caption\":\"Soulci\u00e9 5 decembre 2019\"},{\"@type\":\"BreadcrumbList\",\"@id\":\"https:\/\/francois-pelletant.fr\/blog\/dessins-de-presse-de-greve-5-decembre\/#breadcrumb\",\"itemListElement\":[{\"@type\":\"ListItem\",\"position\":1,\"name\":\"Accueil\",\"item\":\"https:\/\/francois-pelletant.fr\/blog\/\"},{\"@type\":\"ListItem\",\"position\":2,\"name\":\"Les dessins de presse de la gr\u00e8ve du 5 d\u00e9cembre\"}]},{\"@type\":\"WebSite\",\"@id\":\"https:\/\/francois-pelletant.fr\/blog\/#website\",\"url\":\"https:\/\/francois-pelletant.fr\/blog\/\",\"name\":\"Fran\u00e7ois Pelletant\",\"description\":\"Maire de Linas, pour toujours.\",\"publisher\":{\"@id\":\"https:\/\/francois-pelletant.fr\/blog\/#organization\"},\"potentialAction\":[{\"@type\":\"SearchAction\",\"target\":{\"@type\":\"EntryPoint\",\"urlTemplate\":\"https:\/\/francois-pelletant.fr\/blog\/?s={search_term_string}\"},\"query-input\":{\"@type\":\"PropertyValueSpecification\",\"valueRequired\":true,\"valueName\":\"search_term_string\"}}],\"inLanguage\":\"fr-FR\"},{\"@type\":\"Organization\",\"@id\":\"https:\/\/francois-pelletant.fr\/blog\/#organization\",\"name\":\"Fran\u00e7ois Pelletant\",\"url\":\"https:\/\/francois-pelletant.fr\/blog\/\",\"logo\":{\"@type\":\"ImageObject\",\"inLanguage\":\"fr-FR\",\"@id\":\"https:\/\/francois-pelletant.fr\/blog\/#\/schema\/logo\/image\/\",\"url\":\"https:\/\/francois-pelletant.fr\/blog\/wp-content\/uploads\/2024\/07\/icone-francois-centre-500p.png\",\"contentUrl\":\"https:\/\/francois-pelletant.fr\/blog\/wp-content\/uploads\/2024\/07\/icone-francois-centre-500p.png\",\"width\":559,\"height\":447,\"caption\":\"Fran\u00e7ois Pelletant\"},\"image\":{\"@id\":\"https:\/\/francois-pelletant.fr\/blog\/#\/schema\/logo\/image\/\"},\"sameAs\":[\"https:\/\/www.facebook.com\/francois.pelletant.7\",\"https:\/\/x.com\/pelletant\"]},{\"@type\":\"Person\",\"@id\":\"https:\/\/francois-pelletant.fr\/blog\/#\/schema\/person\/2be41acb171dff8f31aaed1f40cee9f3\",\"name\":\"Francois\"}]}<\/script>\n<!-- \/ Yoast SEO plugin. -->","yoast_head_json":{"title":"Les dessins de presse de la gr\u00e8ve du 5 d\u00e9cembre - Fran\u00e7ois Pelletant","robots":{"index":"index","follow":"follow","max-snippet":"max-snippet:-1","max-image-preview":"max-image-preview:large","max-video-preview":"max-video-preview:-1"},"canonical":"https:\/\/francois-pelletant.fr\/blog\/dessins-de-presse-de-greve-5-decembre\/","og_locale":"fr_FR","og_type":"article","og_title":"Les dessins de presse de la gr\u00e8ve du 5 d\u00e9cembre - Fran\u00e7ois Pelletant","og_description":"Le mouvement de gr\u00e8ve du 5 d\u00e9cembre a d\u00e9cha\u00een\u00e9 la cr\u00e9ativit\u00e9 de nos illustrateurs de presse. Je vous livre ici un floril\u00e8ge de leur travail. &nbsp; &nbsp; &nbsp; &nbsp; &nbsp; &nbsp; &nbsp; &nbsp; &nbsp;","og_url":"https:\/\/francois-pelletant.fr\/blog\/dessins-de-presse-de-greve-5-decembre\/","og_site_name":"Fran\u00e7ois Pelletant","article_publisher":"https:\/\/www.facebook.com\/francois.pelletant.7","article_published_time":"2019-12-08T10:47:38+00:00","og_image":[{"width":1200,"height":1200,"url":"https:\/\/francois-pelletant.fr\/blog\/wp-content\/uploads\/2019\/12\/Soulci\u00e9-5-decembre-2019.jpg","type":"image\/jpeg"}],"author":"Francois","twitter_card":"summary_large_image","twitter_creator":"@pelletant","twitter_site":"@pelletant","twitter_misc":{"\u00c9crit par":"Francois","Dur\u00e9e de lecture estim\u00e9e":"1 minute"},"schema":{"@context":"https:\/\/schema.org","@graph":[{"@type":"Article","@id":"https:\/\/francois-pelletant.fr\/blog\/dessins-de-presse-de-greve-5-decembre\/#article","isPartOf":{"@id":"https:\/\/francois-pelletant.fr\/blog\/dessins-de-presse-de-greve-5-decembre\/"},"author":{"name":"Francois","@id":"https:\/\/francois-pelletant.fr\/blog\/#\/schema\/person\/2be41acb171dff8f31aaed1f40cee9f3"},"headline":"Les dessins de presse de la gr\u00e8ve du 5 d\u00e9cembre","datePublished":"2019-12-08T10:47:38+00:00","mainEntityOfPage":{"@id":"https:\/\/francois-pelletant.fr\/blog\/dessins-de-presse-de-greve-5-decembre\/"},"wordCount":141,"commentCount":0,"publisher":{"@id":"https:\/\/francois-pelletant.fr\/blog\/#organization"},"image":{"@id":"https:\/\/francois-pelletant.fr\/blog\/dessins-de-presse-de-greve-5-decembre\/#primaryimage"},"thumbnailUrl":"https:\/\/francois-pelletant.fr\/blog\/wp-content\/uploads\/2019\/12\/Soulci\u00e9-5-decembre-2019.jpg","articleSection":["Prix du meilleur dessin de presse"],"inLanguage":"fr-FR","potentialAction":[{"@type":"CommentAction","name":"Comment","target":["https:\/\/francois-pelletant.fr\/blog\/dessins-de-presse-de-greve-5-decembre\/#respond"]}]},{"@type":"WebPage","@id":"https:\/\/francois-pelletant.fr\/blog\/dessins-de-presse-de-greve-5-decembre\/","url":"https:\/\/francois-pelletant.fr\/blog\/dessins-de-presse-de-greve-5-decembre\/","name":"Les dessins de presse de la gr\u00e8ve du 5 d\u00e9cembre - Fran\u00e7ois Pelletant","isPartOf":{"@id":"https:\/\/francois-pelletant.fr\/blog\/#website"},"primaryImageOfPage":{"@id":"https:\/\/francois-pelletant.fr\/blog\/dessins-de-presse-de-greve-5-decembre\/#primaryimage"},"image":{"@id":"https:\/\/francois-pelletant.fr\/blog\/dessins-de-presse-de-greve-5-decembre\/#primaryimage"},"thumbnailUrl":"https:\/\/francois-pelletant.fr\/blog\/wp-content\/uploads\/2019\/12\/Soulci\u00e9-5-decembre-2019.jpg","datePublished":"2019-12-08T10:47:38+00:00","breadcrumb":{"@id":"https:\/\/francois-pelletant.fr\/blog\/dessins-de-presse-de-greve-5-decembre\/#breadcrumb"},"inLanguage":"fr-FR","potentialAction":[{"@type":"ReadAction","target":["https:\/\/francois-pelletant.fr\/blog\/dessins-de-presse-de-greve-5-decembre\/"]}]},{"@type":"ImageObject","inLanguage":"fr-FR","@id":"https:\/\/francois-pelletant.fr\/blog\/dessins-de-presse-de-greve-5-decembre\/#primaryimage","url":"https:\/\/francois-pelletant.fr\/blog\/wp-content\/uploads\/2019\/12\/Soulci\u00e9-5-decembre-2019.jpg","contentUrl":"https:\/\/francois-pelletant.fr\/blog\/wp-content\/uploads\/2019\/12\/Soulci\u00e9-5-decembre-2019.jpg","width":1200,"height":1200,"caption":"Soulci\u00e9 5 decembre 2019"},{"@type":"BreadcrumbList","@id":"https:\/\/francois-pelletant.fr\/blog\/dessins-de-presse-de-greve-5-decembre\/#breadcrumb","itemListElement":[{"@type":"ListItem","position":1,"name":"Accueil","item":"https:\/\/francois-pelletant.fr\/blog\/"},{"@type":"ListItem","position":2,"name":"Les dessins de presse de la gr\u00e8ve du 5 d\u00e9cembre"}]},{"@type":"WebSite","@id":"https:\/\/francois-pelletant.fr\/blog\/#website","url":"https:\/\/francois-pelletant.fr\/blog\/","name":"Fran\u00e7ois Pelletant","description":"Maire de Linas, pour toujours.","publisher":{"@id":"https:\/\/francois-pelletant.fr\/blog\/#organization"},"potentialAction":[{"@type":"SearchAction","target":{"@type":"EntryPoint","urlTemplate":"https:\/\/francois-pelletant.fr\/blog\/?s={search_term_string}"},"query-input":{"@type":"PropertyValueSpecification","valueRequired":true,"valueName":"search_term_string"}}],"inLanguage":"fr-FR"},{"@type":"Organization","@id":"https:\/\/francois-pelletant.fr\/blog\/#organization","name":"Fran\u00e7ois Pelletant","url":"https:\/\/francois-pelletant.fr\/blog\/","logo":{"@type":"ImageObject","inLanguage":"fr-FR","@id":"https:\/\/francois-pelletant.fr\/blog\/#\/schema\/logo\/image\/","url":"https:\/\/francois-pelletant.fr\/blog\/wp-content\/uploads\/2024\/07\/icone-francois-centre-500p.png","contentUrl":"https:\/\/francois-pelletant.fr\/blog\/wp-content\/uploads\/2024\/07\/icone-francois-centre-500p.png","width":559,"height":447,"caption":"Fran\u00e7ois Pelletant"},"image":{"@id":"https:\/\/francois-pelletant.fr\/blog\/#\/schema\/logo\/image\/"},"sameAs":["https:\/\/www.facebook.com\/francois.pelletant.7","https:\/\/x.com\/pelletant"]},{"@type":"Person","@id":"https:\/\/francois-pelletant.fr\/blog\/#\/schema\/person\/2be41acb171dff8f31aaed1f40cee9f3","name":"Francois"}]}},"_links":{"self":[{"href":"https:\/\/francois-pelletant.fr\/blog\/wp-json\/wp\/v2\/posts\/12551","targetHints":{"allow":["GET"]}}],"collection":[{"href":"https:\/\/francois-pelletant.fr\/blog\/wp-json\/wp\/v2\/posts"}],"about":[{"href":"https:\/\/francois-pelletant.fr\/blog\/wp-json\/wp\/v2\/types\/post"}],"author":[{"embeddable":true,"href":"https:\/\/francois-pelletant.fr\/blog\/wp-json\/wp\/v2\/users\/1"}],"replies":[{"embeddable":true,"href":"https:\/\/francois-pelletant.fr\/blog\/wp-json\/wp\/v2\/comments?post=12551"}],"version-history":[{"count":0,"href":"https:\/\/francois-pelletant.fr\/blog\/wp-json\/wp\/v2\/posts\/12551\/revisions"}],"wp:featuredmedia":[{"embeddable":true,"href":"https:\/\/francois-pelletant.fr\/blog\/wp-json\/wp\/v2\/media\/12552"}],"wp:attachment":[{"href":"https:\/\/francois-pelletant.fr\/blog\/wp-json\/wp\/v2\/media?parent=12551"}],"wp:term":[{"taxonomy":"category","embeddable":true,"href":"https:\/\/francois-pelletant.fr\/blog\/wp-json\/wp\/v2\/categories?post=12551"},{"taxonomy":"post_tag","embeddable":true,"href":"https:\/\/francois-pelletant.fr\/blog\/wp-json\/wp\/v2\/tags?post=12551"}],"curies":[{"name":"wp","href":"https:\/\/api.w.org\/{rel}","templated":true}]}}