{"id":12564,"date":"2019-12-15T10:42:41","date_gmt":"2019-12-15T10:42:41","guid":{"rendered":"https:\/\/francois-pelletant.fr\/blog\/?p=12564"},"modified":"2019-12-13T10:47:33","modified_gmt":"2019-12-13T10:47:33","slug":"revue-de-presse-dessins-de-presse","status":"publish","type":"post","link":"https:\/\/francois-pelletant.fr\/blog\/revue-de-presse-dessins-de-presse\/","title":{"rendered":"la revue de presse des dessins de presse"},"content":{"rendered":"<figure id=\"attachment_12565\" aria-describedby=\"caption-attachment-12565\" style=\"width: 300px\" class=\"wp-caption alignleft\"><a href=\"https:\/\/francois-pelletant.fr\/blog\/wp-content\/uploads\/2019\/12\/Ranson-11-decembre.jpg\" rel=\"attachment wp-att-12565\"><img loading=\"lazy\" decoding=\"async\" class=\"size-medium wp-image-12565\" src=\"https:\/\/francois-pelletant.fr\/blog\/wp-content\/uploads\/2019\/12\/Ranson-11-decembre-300x298.jpg\" alt=\"Ranson 11 decembre\" width=\"300\" height=\"298\" srcset=\"https:\/\/francois-pelletant.fr\/blog\/wp-content\/uploads\/2019\/12\/Ranson-11-decembre-300x298.jpg 300w, https:\/\/francois-pelletant.fr\/blog\/wp-content\/uploads\/2019\/12\/Ranson-11-decembre-150x150.jpg 150w, https:\/\/francois-pelletant.fr\/blog\/wp-content\/uploads\/2019\/12\/Ranson-11-decembre-768x762.jpg 768w, https:\/\/francois-pelletant.fr\/blog\/wp-content\/uploads\/2019\/12\/Ranson-11-decembre-600x596.jpg 600w, https:\/\/francois-pelletant.fr\/blog\/wp-content\/uploads\/2019\/12\/Ranson-11-decembre.jpg 960w\" sizes=\"auto, (max-width: 300px) 100vw, 300px\" \/><\/a><figcaption id=\"caption-attachment-12565\" class=\"wp-caption-text\">Ranson 11 decembre<\/figcaption><\/figure>\n<p>C&#8217;est de nouveau un sp\u00e9cial &#8220;dessins de gr\u00e8ve&#8221; cette semaine. Le conflit social autour de la r\u00e9forme des retraites n&#8217;en finit pas d&#8217;inspirer nos dessinateurs de presse. Alors, vaut-il mieux en rire ?<\/p>\n<p>&nbsp;<\/p>\n<figure id=\"attachment_12566\" aria-describedby=\"caption-attachment-12566\" style=\"width: 300px\" class=\"wp-caption aligncenter\"><a href=\"https:\/\/francois-pelletant.fr\/blog\/wp-content\/uploads\/2019\/12\/Bauer-10-decembre.jpg\" rel=\"attachment wp-att-12566\"><img loading=\"lazy\" decoding=\"async\" class=\"size-medium wp-image-12566\" src=\"https:\/\/francois-pelletant.fr\/blog\/wp-content\/uploads\/2019\/12\/Bauer-10-decembre-300x158.jpg\" alt=\"Bauer 10 decembre\" width=\"300\" height=\"158\" srcset=\"https:\/\/francois-pelletant.fr\/blog\/wp-content\/uploads\/2019\/12\/Bauer-10-decembre-300x158.jpg 300w, https:\/\/francois-pelletant.fr\/blog\/wp-content\/uploads\/2019\/12\/Bauer-10-decembre-1024x538.jpg 1024w, https:\/\/francois-pelletant.fr\/blog\/wp-content\/uploads\/2019\/12\/Bauer-10-decembre-768x403.jpg 768w, https:\/\/francois-pelletant.fr\/blog\/wp-content\/uploads\/2019\/12\/Bauer-10-decembre-600x315.jpg 600w, https:\/\/francois-pelletant.fr\/blog\/wp-content\/uploads\/2019\/12\/Bauer-10-decembre.jpg 1200w\" sizes=\"auto, (max-width: 300px) 100vw, 300px\" \/><\/a><figcaption id=\"caption-attachment-12566\" class=\"wp-caption-text\">Bauer 10 decembre<\/figcaption><\/figure>\n<p>&nbsp;<\/p>\n<figure id=\"attachment_12567\" aria-describedby=\"caption-attachment-12567\" style=\"width: 201px\" class=\"wp-caption aligncenter\"><a href=\"https:\/\/francois-pelletant.fr\/blog\/wp-content\/uploads\/2019\/12\/Crbr-11-decembre.jpg\" rel=\"attachment wp-att-12567\"><img loading=\"lazy\" decoding=\"async\" class=\"size-medium wp-image-12567\" src=\"https:\/\/francois-pelletant.fr\/blog\/wp-content\/uploads\/2019\/12\/Crbr-11-decembre-201x300.jpg\" alt=\"Crbr 11 decembre\" width=\"201\" height=\"300\" srcset=\"https:\/\/francois-pelletant.fr\/blog\/wp-content\/uploads\/2019\/12\/Crbr-11-decembre-201x300.jpg 201w, https:\/\/francois-pelletant.fr\/blog\/wp-content\/uploads\/2019\/12\/Crbr-11-decembre.jpg 528w\" sizes=\"auto, (max-width: 201px) 100vw, 201px\" \/><\/a><figcaption id=\"caption-attachment-12567\" class=\"wp-caption-text\">Crbr 11 decembre<\/figcaption><\/figure>\n<p>&nbsp;<\/p>\n<figure id=\"attachment_12568\" aria-describedby=\"caption-attachment-12568\" style=\"width: 255px\" class=\"wp-caption aligncenter\"><a href=\"https:\/\/francois-pelletant.fr\/blog\/wp-content\/uploads\/2019\/12\/Goutal-11-decembre.jpg\" rel=\"attachment wp-att-12568\"><img loading=\"lazy\" decoding=\"async\" class=\"size-medium wp-image-12568\" src=\"https:\/\/francois-pelletant.fr\/blog\/wp-content\/uploads\/2019\/12\/Goutal-11-decembre-255x300.jpg\" alt=\"Goutal 11 decembre\" width=\"255\" height=\"300\" srcset=\"https:\/\/francois-pelletant.fr\/blog\/wp-content\/uploads\/2019\/12\/Goutal-11-decembre-255x300.jpg 255w, https:\/\/francois-pelletant.fr\/blog\/wp-content\/uploads\/2019\/12\/Goutal-11-decembre-768x902.jpg 768w, https:\/\/francois-pelletant.fr\/blog\/wp-content\/uploads\/2019\/12\/Goutal-11-decembre-600x705.jpg 600w, https:\/\/francois-pelletant.fr\/blog\/wp-content\/uploads\/2019\/12\/Goutal-11-decembre.jpg 872w\" sizes=\"auto, (max-width: 255px) 100vw, 255px\" \/><\/a><figcaption id=\"caption-attachment-12568\" class=\"wp-caption-text\">Goutal 11 decembre<\/figcaption><\/figure>\n<p>&nbsp;<\/p>\n<figure id=\"attachment_12569\" aria-describedby=\"caption-attachment-12569\" style=\"width: 300px\" class=\"wp-caption aligncenter\"><a href=\"https:\/\/francois-pelletant.fr\/blog\/wp-content\/uploads\/2019\/12\/Le-Parisien-10-decembre.jpg\" rel=\"attachment wp-att-12569\"><img loading=\"lazy\" decoding=\"async\" class=\"size-medium wp-image-12569\" src=\"https:\/\/francois-pelletant.fr\/blog\/wp-content\/uploads\/2019\/12\/Le-Parisien-10-decembre-300x247.jpg\" alt=\"Le Parisien 10 decembre\" width=\"300\" height=\"247\" srcset=\"https:\/\/francois-pelletant.fr\/blog\/wp-content\/uploads\/2019\/12\/Le-Parisien-10-decembre-300x247.jpg 300w, https:\/\/francois-pelletant.fr\/blog\/wp-content\/uploads\/2019\/12\/Le-Parisien-10-decembre-600x495.jpg 600w, https:\/\/francois-pelletant.fr\/blog\/wp-content\/uploads\/2019\/12\/Le-Parisien-10-decembre.jpg 628w\" sizes=\"auto, (max-width: 300px) 100vw, 300px\" \/><\/a><figcaption id=\"caption-attachment-12569\" class=\"wp-caption-text\">Le Parisien 10 decembre<\/figcaption><\/figure>\n<p>&nbsp;<\/p>\n<figure id=\"attachment_12570\" aria-describedby=\"caption-attachment-12570\" style=\"width: 282px\" class=\"wp-caption aligncenter\"><a href=\"https:\/\/francois-pelletant.fr\/blog\/wp-content\/uploads\/2019\/12\/Miss-Lilou-10-decembre.jpg\" rel=\"attachment wp-att-12570\"><img loading=\"lazy\" decoding=\"async\" class=\"size-medium wp-image-12570\" src=\"https:\/\/francois-pelletant.fr\/blog\/wp-content\/uploads\/2019\/12\/Miss-Lilou-10-decembre-282x300.jpg\" alt=\"Miss Lilou 10 decembre\" width=\"282\" height=\"300\" srcset=\"https:\/\/francois-pelletant.fr\/blog\/wp-content\/uploads\/2019\/12\/Miss-Lilou-10-decembre-282x300.jpg 282w, https:\/\/francois-pelletant.fr\/blog\/wp-content\/uploads\/2019\/12\/Miss-Lilou-10-decembre-600x638.jpg 600w, https:\/\/francois-pelletant.fr\/blog\/wp-content\/uploads\/2019\/12\/Miss-Lilou-10-decembre.jpg 639w\" sizes=\"auto, (max-width: 282px) 100vw, 282px\" \/><\/a><figcaption id=\"caption-attachment-12570\" class=\"wp-caption-text\">Miss Lilou 10 decembre<\/figcaption><\/figure>\n<p>&nbsp;<\/p>\n<figure id=\"attachment_12571\" aria-describedby=\"caption-attachment-12571\" style=\"width: 300px\" class=\"wp-caption aligncenter\"><a href=\"https:\/\/francois-pelletant.fr\/blog\/wp-content\/uploads\/2019\/12\/Na-10-decembre.jpg\" rel=\"attachment wp-att-12571\"><img loading=\"lazy\" decoding=\"async\" class=\"size-medium wp-image-12571\" src=\"https:\/\/francois-pelletant.fr\/blog\/wp-content\/uploads\/2019\/12\/Na-10-decembre-300x225.jpg\" alt=\"Na 10 decembre\" width=\"300\" height=\"225\" srcset=\"https:\/\/francois-pelletant.fr\/blog\/wp-content\/uploads\/2019\/12\/Na-10-decembre-300x225.jpg 300w, https:\/\/francois-pelletant.fr\/blog\/wp-content\/uploads\/2019\/12\/Na-10-decembre.jpg 600w\" sizes=\"auto, (max-width: 300px) 100vw, 300px\" \/><\/a><figcaption id=\"caption-attachment-12571\" class=\"wp-caption-text\">Na 10 decembre<\/figcaption><\/figure>\n<p>&nbsp;<\/p>\n<figure id=\"attachment_12572\" aria-describedby=\"caption-attachment-12572\" style=\"width: 300px\" class=\"wp-caption aligncenter\"><a href=\"https:\/\/francois-pelletant.fr\/blog\/wp-content\/uploads\/2019\/12\/Na-11-decembre.jpg\" rel=\"attachment wp-att-12572\"><img loading=\"lazy\" decoding=\"async\" class=\"size-medium wp-image-12572\" src=\"https:\/\/francois-pelletant.fr\/blog\/wp-content\/uploads\/2019\/12\/Na-11-decembre-300x225.jpg\" alt=\"Na 11 decembre\" width=\"300\" height=\"225\" srcset=\"https:\/\/francois-pelletant.fr\/blog\/wp-content\/uploads\/2019\/12\/Na-11-decembre-300x225.jpg 300w, https:\/\/francois-pelletant.fr\/blog\/wp-content\/uploads\/2019\/12\/Na-11-decembre.jpg 600w\" sizes=\"auto, (max-width: 300px) 100vw, 300px\" \/><\/a><figcaption id=\"caption-attachment-12572\" class=\"wp-caption-text\">Na 11 decembre<\/figcaption><\/figure>\n<p>&nbsp;<\/p>\n<figure id=\"attachment_12573\" aria-describedby=\"caption-attachment-12573\" style=\"width: 300px\" class=\"wp-caption aligncenter\"><a href=\"https:\/\/francois-pelletant.fr\/blog\/wp-content\/uploads\/2019\/12\/Plantu-10-decembre.jpg\" rel=\"attachment wp-att-12573\"><img loading=\"lazy\" decoding=\"async\" class=\"size-medium wp-image-12573\" src=\"https:\/\/francois-pelletant.fr\/blog\/wp-content\/uploads\/2019\/12\/Plantu-10-decembre-300x195.jpg\" alt=\"Plantu 10 decembre\" width=\"300\" height=\"195\" srcset=\"https:\/\/francois-pelletant.fr\/blog\/wp-content\/uploads\/2019\/12\/Plantu-10-decembre-300x195.jpg 300w, https:\/\/francois-pelletant.fr\/blog\/wp-content\/uploads\/2019\/12\/Plantu-10-decembre-1024x667.jpg 1024w, https:\/\/francois-pelletant.fr\/blog\/wp-content\/uploads\/2019\/12\/Plantu-10-decembre-768x500.jpg 768w, https:\/\/francois-pelletant.fr\/blog\/wp-content\/uploads\/2019\/12\/Plantu-10-decembre-600x391.jpg 600w, https:\/\/francois-pelletant.fr\/blog\/wp-content\/uploads\/2019\/12\/Plantu-10-decembre-1536x1000.jpg 1536w, https:\/\/francois-pelletant.fr\/blog\/wp-content\/uploads\/2019\/12\/Plantu-10-decembre.jpg 2048w\" sizes=\"auto, (max-width: 300px) 100vw, 300px\" \/><\/a><figcaption id=\"caption-attachment-12573\" class=\"wp-caption-text\">Plantu 10 decembre<\/figcaption><\/figure>\n<p>&nbsp;<\/p>\n<figure id=\"attachment_12574\" aria-describedby=\"caption-attachment-12574\" style=\"width: 236px\" class=\"wp-caption aligncenter\"><a href=\"https:\/\/francois-pelletant.fr\/blog\/wp-content\/uploads\/2019\/12\/Schvartz-10-decembre.jpg\" rel=\"attachment wp-att-12574\"><img loading=\"lazy\" decoding=\"async\" class=\"size-medium wp-image-12574\" src=\"https:\/\/francois-pelletant.fr\/blog\/wp-content\/uploads\/2019\/12\/Schvartz-10-decembre-236x300.jpg\" alt=\"Schvartz 10 decembre\" width=\"236\" height=\"300\" srcset=\"https:\/\/francois-pelletant.fr\/blog\/wp-content\/uploads\/2019\/12\/Schvartz-10-decembre-236x300.jpg 236w, https:\/\/francois-pelletant.fr\/blog\/wp-content\/uploads\/2019\/12\/Schvartz-10-decembre-804x1024.jpg 804w, https:\/\/francois-pelletant.fr\/blog\/wp-content\/uploads\/2019\/12\/Schvartz-10-decembre-768x978.jpg 768w, https:\/\/francois-pelletant.fr\/blog\/wp-content\/uploads\/2019\/12\/Schvartz-10-decembre-600x764.jpg 600w, https:\/\/francois-pelletant.fr\/blog\/wp-content\/uploads\/2019\/12\/Schvartz-10-decembre-1207x1536.jpg 1207w, https:\/\/francois-pelletant.fr\/blog\/wp-content\/uploads\/2019\/12\/Schvartz-10-decembre.jpg 1257w\" sizes=\"auto, (max-width: 236px) 100vw, 236px\" \/><\/a><figcaption id=\"caption-attachment-12574\" class=\"wp-caption-text\">Schvartz 10 decembre<\/figcaption><\/figure>\n","protected":false},"excerpt":{"rendered":"<p>C&#8217;est de nouveau un sp\u00e9cial &#8220;dessins de gr\u00e8ve&#8221; cette semaine. Le conflit social autour de la r\u00e9forme des retraites n&#8217;en finit pas d&#8217;inspirer nos dessinateurs de presse. Alors, vaut-il mieux en rire ? &nbsp; &nbsp; &nbsp; &nbsp; &nbsp; &nbsp; &nbsp; &nbsp; &nbsp;<\/p>\n","protected":false},"author":1,"featured_media":12565,"comment_status":"open","ping_status":"closed","sticky":false,"template":"","format":"standard","meta":{"footnotes":""},"categories":[17],"tags":[],"class_list":["post-12564","post","type-post","status-publish","format-standard","has-post-thumbnail","hentry","category-prix-du-meilleur-dessin-de-presse"],"yoast_head":"<!-- This site is optimized with the Yoast SEO plugin v25.6 - https:\/\/yoast.com\/wordpress\/plugins\/seo\/ -->\n<title>la revue de presse des dessins de presse - Fran\u00e7ois Pelletant<\/title>\n<meta name=\"robots\" content=\"index, follow, max-snippet:-1, max-image-preview:large, max-video-preview:-1\" \/>\n<link rel=\"canonical\" href=\"https:\/\/francois-pelletant.fr\/blog\/revue-de-presse-dessins-de-presse\/\" \/>\n<meta property=\"og:locale\" content=\"fr_FR\" \/>\n<meta property=\"og:type\" content=\"article\" \/>\n<meta property=\"og:title\" content=\"la revue de presse des dessins de presse - Fran\u00e7ois Pelletant\" \/>\n<meta property=\"og:description\" content=\"C&#8217;est de nouveau un sp\u00e9cial &#8220;dessins de gr\u00e8ve&#8221; cette semaine. Le conflit social autour de la r\u00e9forme des retraites n&#8217;en finit pas d&#8217;inspirer nos dessinateurs de presse. Alors, vaut-il mieux en rire ? &nbsp; &nbsp; &nbsp; &nbsp; &nbsp; &nbsp; &nbsp; &nbsp; &nbsp;\" \/>\n<meta property=\"og:url\" content=\"https:\/\/francois-pelletant.fr\/blog\/revue-de-presse-dessins-de-presse\/\" \/>\n<meta property=\"og:site_name\" content=\"Fran\u00e7ois Pelletant\" \/>\n<meta property=\"article:publisher\" content=\"https:\/\/www.facebook.com\/francois.pelletant.7\" \/>\n<meta property=\"article:published_time\" content=\"2019-12-15T10:42:41+00:00\" \/>\n<meta property=\"og:image\" content=\"https:\/\/francois-pelletant.fr\/blog\/wp-content\/uploads\/2019\/12\/Ranson-11-decembre.jpg\" \/>\n\t<meta property=\"og:image:width\" content=\"960\" \/>\n\t<meta property=\"og:image:height\" content=\"953\" \/>\n\t<meta property=\"og:image:type\" content=\"image\/jpeg\" \/>\n<meta name=\"author\" content=\"Francois\" \/>\n<meta name=\"twitter:card\" content=\"summary_large_image\" \/>\n<meta name=\"twitter:creator\" content=\"@pelletant\" \/>\n<meta name=\"twitter:site\" content=\"@pelletant\" \/>\n<meta name=\"twitter:label1\" content=\"\u00c9crit par\" \/>\n\t<meta name=\"twitter:data1\" content=\"Francois\" \/>\n\t<meta name=\"twitter:label2\" content=\"Dur\u00e9e de lecture estim\u00e9e\" \/>\n\t<meta name=\"twitter:data2\" content=\"1 minute\" \/>\n<script type=\"application\/ld+json\" class=\"yoast-schema-graph\">{\"@context\":\"https:\/\/schema.org\",\"@graph\":[{\"@type\":\"Article\",\"@id\":\"https:\/\/francois-pelletant.fr\/blog\/revue-de-presse-dessins-de-presse\/#article\",\"isPartOf\":{\"@id\":\"https:\/\/francois-pelletant.fr\/blog\/revue-de-presse-dessins-de-presse\/\"},\"author\":{\"name\":\"Francois\",\"@id\":\"https:\/\/francois-pelletant.fr\/blog\/#\/schema\/person\/2be41acb171dff8f31aaed1f40cee9f3\"},\"headline\":\"la revue de presse des dessins de presse\",\"datePublished\":\"2019-12-15T10:42:41+00:00\",\"mainEntityOfPage\":{\"@id\":\"https:\/\/francois-pelletant.fr\/blog\/revue-de-presse-dessins-de-presse\/\"},\"wordCount\":147,\"commentCount\":0,\"publisher\":{\"@id\":\"https:\/\/francois-pelletant.fr\/blog\/#organization\"},\"image\":{\"@id\":\"https:\/\/francois-pelletant.fr\/blog\/revue-de-presse-dessins-de-presse\/#primaryimage\"},\"thumbnailUrl\":\"https:\/\/francois-pelletant.fr\/blog\/wp-content\/uploads\/2019\/12\/Ranson-11-decembre.jpg\",\"articleSection\":[\"Prix du meilleur dessin de presse\"],\"inLanguage\":\"fr-FR\",\"potentialAction\":[{\"@type\":\"CommentAction\",\"name\":\"Comment\",\"target\":[\"https:\/\/francois-pelletant.fr\/blog\/revue-de-presse-dessins-de-presse\/#respond\"]}]},{\"@type\":\"WebPage\",\"@id\":\"https:\/\/francois-pelletant.fr\/blog\/revue-de-presse-dessins-de-presse\/\",\"url\":\"https:\/\/francois-pelletant.fr\/blog\/revue-de-presse-dessins-de-presse\/\",\"name\":\"la revue de presse des dessins de presse - Fran\u00e7ois Pelletant\",\"isPartOf\":{\"@id\":\"https:\/\/francois-pelletant.fr\/blog\/#website\"},\"primaryImageOfPage\":{\"@id\":\"https:\/\/francois-pelletant.fr\/blog\/revue-de-presse-dessins-de-presse\/#primaryimage\"},\"image\":{\"@id\":\"https:\/\/francois-pelletant.fr\/blog\/revue-de-presse-dessins-de-presse\/#primaryimage\"},\"thumbnailUrl\":\"https:\/\/francois-pelletant.fr\/blog\/wp-content\/uploads\/2019\/12\/Ranson-11-decembre.jpg\",\"datePublished\":\"2019-12-15T10:42:41+00:00\",\"breadcrumb\":{\"@id\":\"https:\/\/francois-pelletant.fr\/blog\/revue-de-presse-dessins-de-presse\/#breadcrumb\"},\"inLanguage\":\"fr-FR\",\"potentialAction\":[{\"@type\":\"ReadAction\",\"target\":[\"https:\/\/francois-pelletant.fr\/blog\/revue-de-presse-dessins-de-presse\/\"]}]},{\"@type\":\"ImageObject\",\"inLanguage\":\"fr-FR\",\"@id\":\"https:\/\/francois-pelletant.fr\/blog\/revue-de-presse-dessins-de-presse\/#primaryimage\",\"url\":\"https:\/\/francois-pelletant.fr\/blog\/wp-content\/uploads\/2019\/12\/Ranson-11-decembre.jpg\",\"contentUrl\":\"https:\/\/francois-pelletant.fr\/blog\/wp-content\/uploads\/2019\/12\/Ranson-11-decembre.jpg\",\"width\":960,\"height\":953,\"caption\":\"Ranson 11 decembre\"},{\"@type\":\"BreadcrumbList\",\"@id\":\"https:\/\/francois-pelletant.fr\/blog\/revue-de-presse-dessins-de-presse\/#breadcrumb\",\"itemListElement\":[{\"@type\":\"ListItem\",\"position\":1,\"name\":\"Accueil\",\"item\":\"https:\/\/francois-pelletant.fr\/blog\/\"},{\"@type\":\"ListItem\",\"position\":2,\"name\":\"la revue de presse des dessins de presse\"}]},{\"@type\":\"WebSite\",\"@id\":\"https:\/\/francois-pelletant.fr\/blog\/#website\",\"url\":\"https:\/\/francois-pelletant.fr\/blog\/\",\"name\":\"Fran\u00e7ois Pelletant\",\"description\":\"Maire de Linas, pour toujours.\",\"publisher\":{\"@id\":\"https:\/\/francois-pelletant.fr\/blog\/#organization\"},\"potentialAction\":[{\"@type\":\"SearchAction\",\"target\":{\"@type\":\"EntryPoint\",\"urlTemplate\":\"https:\/\/francois-pelletant.fr\/blog\/?s={search_term_string}\"},\"query-input\":{\"@type\":\"PropertyValueSpecification\",\"valueRequired\":true,\"valueName\":\"search_term_string\"}}],\"inLanguage\":\"fr-FR\"},{\"@type\":\"Organization\",\"@id\":\"https:\/\/francois-pelletant.fr\/blog\/#organization\",\"name\":\"Fran\u00e7ois Pelletant\",\"url\":\"https:\/\/francois-pelletant.fr\/blog\/\",\"logo\":{\"@type\":\"ImageObject\",\"inLanguage\":\"fr-FR\",\"@id\":\"https:\/\/francois-pelletant.fr\/blog\/#\/schema\/logo\/image\/\",\"url\":\"https:\/\/francois-pelletant.fr\/blog\/wp-content\/uploads\/2024\/07\/icone-francois-centre-500p.png\",\"contentUrl\":\"https:\/\/francois-pelletant.fr\/blog\/wp-content\/uploads\/2024\/07\/icone-francois-centre-500p.png\",\"width\":559,\"height\":447,\"caption\":\"Fran\u00e7ois Pelletant\"},\"image\":{\"@id\":\"https:\/\/francois-pelletant.fr\/blog\/#\/schema\/logo\/image\/\"},\"sameAs\":[\"https:\/\/www.facebook.com\/francois.pelletant.7\",\"https:\/\/x.com\/pelletant\"]},{\"@type\":\"Person\",\"@id\":\"https:\/\/francois-pelletant.fr\/blog\/#\/schema\/person\/2be41acb171dff8f31aaed1f40cee9f3\",\"name\":\"Francois\"}]}<\/script>\n<!-- \/ Yoast SEO plugin. -->","yoast_head_json":{"title":"la revue de presse des dessins de presse - Fran\u00e7ois Pelletant","robots":{"index":"index","follow":"follow","max-snippet":"max-snippet:-1","max-image-preview":"max-image-preview:large","max-video-preview":"max-video-preview:-1"},"canonical":"https:\/\/francois-pelletant.fr\/blog\/revue-de-presse-dessins-de-presse\/","og_locale":"fr_FR","og_type":"article","og_title":"la revue de presse des dessins de presse - Fran\u00e7ois Pelletant","og_description":"C&#8217;est de nouveau un sp\u00e9cial &#8220;dessins de gr\u00e8ve&#8221; cette semaine. Le conflit social autour de la r\u00e9forme des retraites n&#8217;en finit pas d&#8217;inspirer nos dessinateurs de presse. Alors, vaut-il mieux en rire ? &nbsp; &nbsp; &nbsp; &nbsp; &nbsp; &nbsp; &nbsp; &nbsp; &nbsp;","og_url":"https:\/\/francois-pelletant.fr\/blog\/revue-de-presse-dessins-de-presse\/","og_site_name":"Fran\u00e7ois Pelletant","article_publisher":"https:\/\/www.facebook.com\/francois.pelletant.7","article_published_time":"2019-12-15T10:42:41+00:00","og_image":[{"width":960,"height":953,"url":"https:\/\/francois-pelletant.fr\/blog\/wp-content\/uploads\/2019\/12\/Ranson-11-decembre.jpg","type":"image\/jpeg"}],"author":"Francois","twitter_card":"summary_large_image","twitter_creator":"@pelletant","twitter_site":"@pelletant","twitter_misc":{"\u00c9crit par":"Francois","Dur\u00e9e de lecture estim\u00e9e":"1 minute"},"schema":{"@context":"https:\/\/schema.org","@graph":[{"@type":"Article","@id":"https:\/\/francois-pelletant.fr\/blog\/revue-de-presse-dessins-de-presse\/#article","isPartOf":{"@id":"https:\/\/francois-pelletant.fr\/blog\/revue-de-presse-dessins-de-presse\/"},"author":{"name":"Francois","@id":"https:\/\/francois-pelletant.fr\/blog\/#\/schema\/person\/2be41acb171dff8f31aaed1f40cee9f3"},"headline":"la revue de presse des dessins de presse","datePublished":"2019-12-15T10:42:41+00:00","mainEntityOfPage":{"@id":"https:\/\/francois-pelletant.fr\/blog\/revue-de-presse-dessins-de-presse\/"},"wordCount":147,"commentCount":0,"publisher":{"@id":"https:\/\/francois-pelletant.fr\/blog\/#organization"},"image":{"@id":"https:\/\/francois-pelletant.fr\/blog\/revue-de-presse-dessins-de-presse\/#primaryimage"},"thumbnailUrl":"https:\/\/francois-pelletant.fr\/blog\/wp-content\/uploads\/2019\/12\/Ranson-11-decembre.jpg","articleSection":["Prix du meilleur dessin de presse"],"inLanguage":"fr-FR","potentialAction":[{"@type":"CommentAction","name":"Comment","target":["https:\/\/francois-pelletant.fr\/blog\/revue-de-presse-dessins-de-presse\/#respond"]}]},{"@type":"WebPage","@id":"https:\/\/francois-pelletant.fr\/blog\/revue-de-presse-dessins-de-presse\/","url":"https:\/\/francois-pelletant.fr\/blog\/revue-de-presse-dessins-de-presse\/","name":"la revue de presse des dessins de presse - Fran\u00e7ois Pelletant","isPartOf":{"@id":"https:\/\/francois-pelletant.fr\/blog\/#website"},"primaryImageOfPage":{"@id":"https:\/\/francois-pelletant.fr\/blog\/revue-de-presse-dessins-de-presse\/#primaryimage"},"image":{"@id":"https:\/\/francois-pelletant.fr\/blog\/revue-de-presse-dessins-de-presse\/#primaryimage"},"thumbnailUrl":"https:\/\/francois-pelletant.fr\/blog\/wp-content\/uploads\/2019\/12\/Ranson-11-decembre.jpg","datePublished":"2019-12-15T10:42:41+00:00","breadcrumb":{"@id":"https:\/\/francois-pelletant.fr\/blog\/revue-de-presse-dessins-de-presse\/#breadcrumb"},"inLanguage":"fr-FR","potentialAction":[{"@type":"ReadAction","target":["https:\/\/francois-pelletant.fr\/blog\/revue-de-presse-dessins-de-presse\/"]}]},{"@type":"ImageObject","inLanguage":"fr-FR","@id":"https:\/\/francois-pelletant.fr\/blog\/revue-de-presse-dessins-de-presse\/#primaryimage","url":"https:\/\/francois-pelletant.fr\/blog\/wp-content\/uploads\/2019\/12\/Ranson-11-decembre.jpg","contentUrl":"https:\/\/francois-pelletant.fr\/blog\/wp-content\/uploads\/2019\/12\/Ranson-11-decembre.jpg","width":960,"height":953,"caption":"Ranson 11 decembre"},{"@type":"BreadcrumbList","@id":"https:\/\/francois-pelletant.fr\/blog\/revue-de-presse-dessins-de-presse\/#breadcrumb","itemListElement":[{"@type":"ListItem","position":1,"name":"Accueil","item":"https:\/\/francois-pelletant.fr\/blog\/"},{"@type":"ListItem","position":2,"name":"la revue de presse des dessins de presse"}]},{"@type":"WebSite","@id":"https:\/\/francois-pelletant.fr\/blog\/#website","url":"https:\/\/francois-pelletant.fr\/blog\/","name":"Fran\u00e7ois Pelletant","description":"Maire de Linas, pour toujours.","publisher":{"@id":"https:\/\/francois-pelletant.fr\/blog\/#organization"},"potentialAction":[{"@type":"SearchAction","target":{"@type":"EntryPoint","urlTemplate":"https:\/\/francois-pelletant.fr\/blog\/?s={search_term_string}"},"query-input":{"@type":"PropertyValueSpecification","valueRequired":true,"valueName":"search_term_string"}}],"inLanguage":"fr-FR"},{"@type":"Organization","@id":"https:\/\/francois-pelletant.fr\/blog\/#organization","name":"Fran\u00e7ois Pelletant","url":"https:\/\/francois-pelletant.fr\/blog\/","logo":{"@type":"ImageObject","inLanguage":"fr-FR","@id":"https:\/\/francois-pelletant.fr\/blog\/#\/schema\/logo\/image\/","url":"https:\/\/francois-pelletant.fr\/blog\/wp-content\/uploads\/2024\/07\/icone-francois-centre-500p.png","contentUrl":"https:\/\/francois-pelletant.fr\/blog\/wp-content\/uploads\/2024\/07\/icone-francois-centre-500p.png","width":559,"height":447,"caption":"Fran\u00e7ois Pelletant"},"image":{"@id":"https:\/\/francois-pelletant.fr\/blog\/#\/schema\/logo\/image\/"},"sameAs":["https:\/\/www.facebook.com\/francois.pelletant.7","https:\/\/x.com\/pelletant"]},{"@type":"Person","@id":"https:\/\/francois-pelletant.fr\/blog\/#\/schema\/person\/2be41acb171dff8f31aaed1f40cee9f3","name":"Francois"}]}},"_links":{"self":[{"href":"https:\/\/francois-pelletant.fr\/blog\/wp-json\/wp\/v2\/posts\/12564","targetHints":{"allow":["GET"]}}],"collection":[{"href":"https:\/\/francois-pelletant.fr\/blog\/wp-json\/wp\/v2\/posts"}],"about":[{"href":"https:\/\/francois-pelletant.fr\/blog\/wp-json\/wp\/v2\/types\/post"}],"author":[{"embeddable":true,"href":"https:\/\/francois-pelletant.fr\/blog\/wp-json\/wp\/v2\/users\/1"}],"replies":[{"embeddable":true,"href":"https:\/\/francois-pelletant.fr\/blog\/wp-json\/wp\/v2\/comments?post=12564"}],"version-history":[{"count":0,"href":"https:\/\/francois-pelletant.fr\/blog\/wp-json\/wp\/v2\/posts\/12564\/revisions"}],"wp:featuredmedia":[{"embeddable":true,"href":"https:\/\/francois-pelletant.fr\/blog\/wp-json\/wp\/v2\/media\/12565"}],"wp:attachment":[{"href":"https:\/\/francois-pelletant.fr\/blog\/wp-json\/wp\/v2\/media?parent=12564"}],"wp:term":[{"taxonomy":"category","embeddable":true,"href":"https:\/\/francois-pelletant.fr\/blog\/wp-json\/wp\/v2\/categories?post=12564"},{"taxonomy":"post_tag","embeddable":true,"href":"https:\/\/francois-pelletant.fr\/blog\/wp-json\/wp\/v2\/tags?post=12564"}],"curies":[{"name":"wp","href":"https:\/\/api.w.org\/{rel}","templated":true}]}}