{"id":12578,"date":"2019-12-22T10:16:54","date_gmt":"2019-12-22T10:16:54","guid":{"rendered":"https:\/\/francois-pelletant.fr\/blog\/?p=12578"},"modified":"2019-12-20T10:21:38","modified_gmt":"2019-12-20T10:21:38","slug":"best-of-dessins-de-presse-noel","status":"publish","type":"post","link":"https:\/\/francois-pelletant.fr\/blog\/best-of-dessins-de-presse-noel\/","title":{"rendered":"Le best of des dessins de presse avant No\u00ebl"},"content":{"rendered":"<figure id=\"attachment_12579\" aria-describedby=\"caption-attachment-12579\" style=\"width: 220px\" class=\"wp-caption alignleft\"><a href=\"https:\/\/francois-pelletant.fr\/blog\/wp-content\/uploads\/2019\/12\/Schvartz-14-decembre.jpg\" rel=\"attachment wp-att-12579\"><img loading=\"lazy\" decoding=\"async\" class=\"size-medium wp-image-12579\" src=\"https:\/\/francois-pelletant.fr\/blog\/wp-content\/uploads\/2019\/12\/Schvartz-14-decembre-220x300.jpg\" alt=\"Schvartz 14 decembre\" width=\"220\" height=\"300\" srcset=\"https:\/\/francois-pelletant.fr\/blog\/wp-content\/uploads\/2019\/12\/Schvartz-14-decembre-220x300.jpg 220w, https:\/\/francois-pelletant.fr\/blog\/wp-content\/uploads\/2019\/12\/Schvartz-14-decembre-749x1024.jpg 749w, https:\/\/francois-pelletant.fr\/blog\/wp-content\/uploads\/2019\/12\/Schvartz-14-decembre-768x1049.jpg 768w, https:\/\/francois-pelletant.fr\/blog\/wp-content\/uploads\/2019\/12\/Schvartz-14-decembre-600x820.jpg 600w, https:\/\/francois-pelletant.fr\/blog\/wp-content\/uploads\/2019\/12\/Schvartz-14-decembre-1124x1536.jpg 1124w, https:\/\/francois-pelletant.fr\/blog\/wp-content\/uploads\/2019\/12\/Schvartz-14-decembre.jpg 1171w\" sizes=\"auto, (max-width: 220px) 100vw, 220px\" \/><\/a><figcaption id=\"caption-attachment-12579\" class=\"wp-caption-text\">Schvartz 14 decembre<\/figcaption><\/figure>\n<p>Dix nouveaux dessins de presse s\u00e9lectionn\u00e9s pour vous faire sourire en cette nouvelle semaine de tensions sociales sur fond de f\u00eates de fin d&#8217;ann\u00e9e&#8230;<\/p>\n<p>&nbsp;<\/p>\n<figure id=\"attachment_12580\" aria-describedby=\"caption-attachment-12580\" style=\"width: 300px\" class=\"wp-caption aligncenter\"><a href=\"https:\/\/francois-pelletant.fr\/blog\/wp-content\/uploads\/2019\/12\/Kate-19-decembre.jpg\" rel=\"attachment wp-att-12580\"><img loading=\"lazy\" decoding=\"async\" class=\"size-medium wp-image-12580\" src=\"https:\/\/francois-pelletant.fr\/blog\/wp-content\/uploads\/2019\/12\/Kate-19-decembre-300x272.jpg\" alt=\"Kate 19 decembre\" width=\"300\" height=\"272\" srcset=\"https:\/\/francois-pelletant.fr\/blog\/wp-content\/uploads\/2019\/12\/Kate-19-decembre-300x272.jpg 300w, https:\/\/francois-pelletant.fr\/blog\/wp-content\/uploads\/2019\/12\/Kate-19-decembre.jpg 457w\" sizes=\"auto, (max-width: 300px) 100vw, 300px\" \/><\/a><figcaption id=\"caption-attachment-12580\" class=\"wp-caption-text\">Kate 19 decembre<\/figcaption><\/figure>\n<p>&nbsp;<\/p>\n<figure id=\"attachment_12581\" aria-describedby=\"caption-attachment-12581\" style=\"width: 300px\" class=\"wp-caption aligncenter\"><a href=\"https:\/\/francois-pelletant.fr\/blog\/wp-content\/uploads\/2019\/12\/Le-canard-enchain\u00e9-18-decembre-1.jpeg\" rel=\"attachment wp-att-12581\"><img loading=\"lazy\" decoding=\"async\" class=\"size-medium wp-image-12581\" src=\"https:\/\/francois-pelletant.fr\/blog\/wp-content\/uploads\/2019\/12\/Le-canard-enchain\u00e9-18-decembre-1-300x245.jpeg\" alt=\"Le canard enchain\u00e9 18 decembre\" width=\"300\" height=\"245\" srcset=\"https:\/\/francois-pelletant.fr\/blog\/wp-content\/uploads\/2019\/12\/Le-canard-enchain\u00e9-18-decembre-1-300x245.jpeg 300w, https:\/\/francois-pelletant.fr\/blog\/wp-content\/uploads\/2019\/12\/Le-canard-enchain\u00e9-18-decembre-1-1024x837.jpeg 1024w, https:\/\/francois-pelletant.fr\/blog\/wp-content\/uploads\/2019\/12\/Le-canard-enchain\u00e9-18-decembre-1-768x628.jpeg 768w, https:\/\/francois-pelletant.fr\/blog\/wp-content\/uploads\/2019\/12\/Le-canard-enchain\u00e9-18-decembre-1-600x491.jpeg 600w, https:\/\/francois-pelletant.fr\/blog\/wp-content\/uploads\/2019\/12\/Le-canard-enchain\u00e9-18-decembre-1.jpeg 1284w\" sizes=\"auto, (max-width: 300px) 100vw, 300px\" \/><\/a><figcaption id=\"caption-attachment-12581\" class=\"wp-caption-text\">Le canard enchain\u00e9 18 decembre<\/figcaption><\/figure>\n<p>&nbsp;<\/p>\n<figure id=\"attachment_12582\" aria-describedby=\"caption-attachment-12582\" style=\"width: 300px\" class=\"wp-caption aligncenter\"><a href=\"https:\/\/francois-pelletant.fr\/blog\/wp-content\/uploads\/2019\/12\/Le-canard-enchain\u00e9-18-decembre-2.jpeg\" rel=\"attachment wp-att-12582\"><img loading=\"lazy\" decoding=\"async\" class=\"size-medium wp-image-12582\" src=\"https:\/\/francois-pelletant.fr\/blog\/wp-content\/uploads\/2019\/12\/Le-canard-enchain\u00e9-18-decembre-2-300x281.jpeg\" alt=\"Le canard enchain\u00e9 18 decembre\" width=\"300\" height=\"281\" srcset=\"https:\/\/francois-pelletant.fr\/blog\/wp-content\/uploads\/2019\/12\/Le-canard-enchain\u00e9-18-decembre-2-300x281.jpeg 300w, https:\/\/francois-pelletant.fr\/blog\/wp-content\/uploads\/2019\/12\/Le-canard-enchain\u00e9-18-decembre-2-1024x960.jpeg 1024w, https:\/\/francois-pelletant.fr\/blog\/wp-content\/uploads\/2019\/12\/Le-canard-enchain\u00e9-18-decembre-2-768x720.jpeg 768w, https:\/\/francois-pelletant.fr\/blog\/wp-content\/uploads\/2019\/12\/Le-canard-enchain\u00e9-18-decembre-2-600x563.jpeg 600w, https:\/\/francois-pelletant.fr\/blog\/wp-content\/uploads\/2019\/12\/Le-canard-enchain\u00e9-18-decembre-2.jpeg 1353w\" sizes=\"auto, (max-width: 300px) 100vw, 300px\" \/><\/a><figcaption id=\"caption-attachment-12582\" class=\"wp-caption-text\">Le canard enchain\u00e9 18 decembre<\/figcaption><\/figure>\n<p>&nbsp;<\/p>\n<figure id=\"attachment_12583\" aria-describedby=\"caption-attachment-12583\" style=\"width: 300px\" class=\"wp-caption aligncenter\"><a href=\"https:\/\/francois-pelletant.fr\/blog\/wp-content\/uploads\/2019\/12\/Le-canard-enchain\u00e9-18-decembre-3.jpeg\" rel=\"attachment wp-att-12583\"><img loading=\"lazy\" decoding=\"async\" class=\"size-medium wp-image-12583\" src=\"https:\/\/francois-pelletant.fr\/blog\/wp-content\/uploads\/2019\/12\/Le-canard-enchain\u00e9-18-decembre-3-300x262.jpeg\" alt=\"Le canard enchain\u00e9 18 decembre\" width=\"300\" height=\"262\" srcset=\"https:\/\/francois-pelletant.fr\/blog\/wp-content\/uploads\/2019\/12\/Le-canard-enchain\u00e9-18-decembre-3-300x262.jpeg 300w, https:\/\/francois-pelletant.fr\/blog\/wp-content\/uploads\/2019\/12\/Le-canard-enchain\u00e9-18-decembre-3-1024x895.jpeg 1024w, https:\/\/francois-pelletant.fr\/blog\/wp-content\/uploads\/2019\/12\/Le-canard-enchain\u00e9-18-decembre-3-768x671.jpeg 768w, https:\/\/francois-pelletant.fr\/blog\/wp-content\/uploads\/2019\/12\/Le-canard-enchain\u00e9-18-decembre-3-600x524.jpeg 600w, https:\/\/francois-pelletant.fr\/blog\/wp-content\/uploads\/2019\/12\/Le-canard-enchain\u00e9-18-decembre-3.jpeg 1521w\" sizes=\"auto, (max-width: 300px) 100vw, 300px\" \/><\/a><figcaption id=\"caption-attachment-12583\" class=\"wp-caption-text\">Le canard enchain\u00e9 18 decembre<\/figcaption><\/figure>\n<p>&nbsp;<\/p>\n<figure id=\"attachment_12584\" aria-describedby=\"caption-attachment-12584\" style=\"width: 300px\" class=\"wp-caption aligncenter\"><a href=\"https:\/\/francois-pelletant.fr\/blog\/wp-content\/uploads\/2019\/12\/Le-canard-enchain\u00e9-18-decembre-4.jpeg\" rel=\"attachment wp-att-12584\"><img loading=\"lazy\" decoding=\"async\" class=\"size-medium wp-image-12584\" src=\"https:\/\/francois-pelletant.fr\/blog\/wp-content\/uploads\/2019\/12\/Le-canard-enchain\u00e9-18-decembre-4-300x253.jpeg\" alt=\"Le canard enchain\u00e9 18 decembre\" width=\"300\" height=\"253\" srcset=\"https:\/\/francois-pelletant.fr\/blog\/wp-content\/uploads\/2019\/12\/Le-canard-enchain\u00e9-18-decembre-4-300x253.jpeg 300w, https:\/\/francois-pelletant.fr\/blog\/wp-content\/uploads\/2019\/12\/Le-canard-enchain\u00e9-18-decembre-4-1024x863.jpeg 1024w, https:\/\/francois-pelletant.fr\/blog\/wp-content\/uploads\/2019\/12\/Le-canard-enchain\u00e9-18-decembre-4-768x647.jpeg 768w, https:\/\/francois-pelletant.fr\/blog\/wp-content\/uploads\/2019\/12\/Le-canard-enchain\u00e9-18-decembre-4-600x506.jpeg 600w, https:\/\/francois-pelletant.fr\/blog\/wp-content\/uploads\/2019\/12\/Le-canard-enchain\u00e9-18-decembre-4.jpeg 1200w\" sizes=\"auto, (max-width: 300px) 100vw, 300px\" \/><\/a><figcaption id=\"caption-attachment-12584\" class=\"wp-caption-text\">Le canard enchain\u00e9 18 decembre<\/figcaption><\/figure>\n<p>&nbsp;<\/p>\n<figure id=\"attachment_12585\" aria-describedby=\"caption-attachment-12585\" style=\"width: 300px\" class=\"wp-caption aligncenter\"><a href=\"https:\/\/francois-pelletant.fr\/blog\/wp-content\/uploads\/2019\/12\/Le-Progres-16-decembre.jpg\" rel=\"attachment wp-att-12585\"><img loading=\"lazy\" decoding=\"async\" class=\"size-medium wp-image-12585\" src=\"https:\/\/francois-pelletant.fr\/blog\/wp-content\/uploads\/2019\/12\/Le-Progres-16-decembre-300x158.jpg\" alt=\"Le Progres 16 decembre\" width=\"300\" height=\"158\" srcset=\"https:\/\/francois-pelletant.fr\/blog\/wp-content\/uploads\/2019\/12\/Le-Progres-16-decembre-300x158.jpg 300w, https:\/\/francois-pelletant.fr\/blog\/wp-content\/uploads\/2019\/12\/Le-Progres-16-decembre-1024x538.jpg 1024w, https:\/\/francois-pelletant.fr\/blog\/wp-content\/uploads\/2019\/12\/Le-Progres-16-decembre-768x403.jpg 768w, https:\/\/francois-pelletant.fr\/blog\/wp-content\/uploads\/2019\/12\/Le-Progres-16-decembre-600x315.jpg 600w, https:\/\/francois-pelletant.fr\/blog\/wp-content\/uploads\/2019\/12\/Le-Progres-16-decembre.jpg 1200w\" sizes=\"auto, (max-width: 300px) 100vw, 300px\" \/><\/a><figcaption id=\"caption-attachment-12585\" class=\"wp-caption-text\">Le Progres 16 decembre<\/figcaption><\/figure>\n<p>&nbsp;<\/p>\n<figure id=\"attachment_12586\" aria-describedby=\"caption-attachment-12586\" style=\"width: 285px\" class=\"wp-caption aligncenter\"><a href=\"https:\/\/francois-pelletant.fr\/blog\/wp-content\/uploads\/2019\/12\/Miss-Lilou-19-decembre.jpg\" rel=\"attachment wp-att-12586\"><img loading=\"lazy\" decoding=\"async\" class=\"size-medium wp-image-12586\" src=\"https:\/\/francois-pelletant.fr\/blog\/wp-content\/uploads\/2019\/12\/Miss-Lilou-19-decembre-285x300.jpg\" alt=\"Miss Lilou 19 decembre\" width=\"285\" height=\"300\" srcset=\"https:\/\/francois-pelletant.fr\/blog\/wp-content\/uploads\/2019\/12\/Miss-Lilou-19-decembre-285x300.jpg 285w, https:\/\/francois-pelletant.fr\/blog\/wp-content\/uploads\/2019\/12\/Miss-Lilou-19-decembre-972x1024.jpg 972w, https:\/\/francois-pelletant.fr\/blog\/wp-content\/uploads\/2019\/12\/Miss-Lilou-19-decembre-768x809.jpg 768w, https:\/\/francois-pelletant.fr\/blog\/wp-content\/uploads\/2019\/12\/Miss-Lilou-19-decembre-600x632.jpg 600w, https:\/\/francois-pelletant.fr\/blog\/wp-content\/uploads\/2019\/12\/Miss-Lilou-19-decembre-1458x1536.jpg 1458w, https:\/\/francois-pelletant.fr\/blog\/wp-content\/uploads\/2019\/12\/Miss-Lilou-19-decembre.jpg 1519w\" sizes=\"auto, (max-width: 285px) 100vw, 285px\" \/><\/a><figcaption id=\"caption-attachment-12586\" class=\"wp-caption-text\">Miss Lilou 19 decembre<\/figcaption><\/figure>\n<p>&nbsp;<\/p>\n<figure id=\"attachment_12587\" aria-describedby=\"caption-attachment-12587\" style=\"width: 300px\" class=\"wp-caption aligncenter\"><a href=\"https:\/\/francois-pelletant.fr\/blog\/wp-content\/uploads\/2019\/12\/Na-19-decembre.jpg\" rel=\"attachment wp-att-12587\"><img loading=\"lazy\" decoding=\"async\" class=\"size-medium wp-image-12587\" src=\"https:\/\/francois-pelletant.fr\/blog\/wp-content\/uploads\/2019\/12\/Na-19-decembre-300x225.jpg\" alt=\"Na 19 decembre\" width=\"300\" height=\"225\" srcset=\"https:\/\/francois-pelletant.fr\/blog\/wp-content\/uploads\/2019\/12\/Na-19-decembre-300x225.jpg 300w, https:\/\/francois-pelletant.fr\/blog\/wp-content\/uploads\/2019\/12\/Na-19-decembre.jpg 600w\" sizes=\"auto, (max-width: 300px) 100vw, 300px\" \/><\/a><figcaption id=\"caption-attachment-12587\" class=\"wp-caption-text\">Na 19 decembre<\/figcaption><\/figure>\n<p>&nbsp;<\/p>\n<figure id=\"attachment_12588\" aria-describedby=\"caption-attachment-12588\" style=\"width: 300px\" class=\"wp-caption aligncenter\"><a href=\"https:\/\/francois-pelletant.fr\/blog\/wp-content\/uploads\/2019\/12\/Ysope-16-decembre.jpg\" rel=\"attachment wp-att-12588\"><img loading=\"lazy\" decoding=\"async\" class=\"size-medium wp-image-12588\" src=\"https:\/\/francois-pelletant.fr\/blog\/wp-content\/uploads\/2019\/12\/Ysope-16-decembre-300x230.jpg\" alt=\"Ysope 16 decembre\" width=\"300\" height=\"230\" srcset=\"https:\/\/francois-pelletant.fr\/blog\/wp-content\/uploads\/2019\/12\/Ysope-16-decembre-300x230.jpg 300w, https:\/\/francois-pelletant.fr\/blog\/wp-content\/uploads\/2019\/12\/Ysope-16-decembre-768x589.jpg 768w, https:\/\/francois-pelletant.fr\/blog\/wp-content\/uploads\/2019\/12\/Ysope-16-decembre-600x460.jpg 600w, https:\/\/francois-pelletant.fr\/blog\/wp-content\/uploads\/2019\/12\/Ysope-16-decembre.jpg 945w\" sizes=\"auto, (max-width: 300px) 100vw, 300px\" \/><\/a><figcaption id=\"caption-attachment-12588\" class=\"wp-caption-text\">Ysope 16 decembre<\/figcaption><\/figure>\n","protected":false},"excerpt":{"rendered":"<p>Dix nouveaux dessins de presse s\u00e9lectionn\u00e9s pour vous faire sourire en cette nouvelle semaine de tensions sociales sur fond de f\u00eates de fin d&#8217;ann\u00e9e&#8230; &nbsp; &nbsp; &nbsp; &nbsp; &nbsp; &nbsp; &nbsp; &nbsp; &nbsp;<\/p>\n","protected":false},"author":1,"featured_media":12579,"comment_status":"open","ping_status":"closed","sticky":false,"template":"","format":"standard","meta":{"footnotes":""},"categories":[17],"tags":[],"class_list":["post-12578","post","type-post","status-publish","format-standard","has-post-thumbnail","hentry","category-prix-du-meilleur-dessin-de-presse"],"yoast_head":"<!-- This site is optimized with the Yoast SEO plugin v25.6 - https:\/\/yoast.com\/wordpress\/plugins\/seo\/ -->\n<title>Le best of des dessins de presse avant No\u00ebl - Fran\u00e7ois Pelletant<\/title>\n<meta name=\"robots\" content=\"index, follow, max-snippet:-1, max-image-preview:large, max-video-preview:-1\" \/>\n<link rel=\"canonical\" href=\"https:\/\/francois-pelletant.fr\/blog\/best-of-dessins-de-presse-noel\/\" \/>\n<meta property=\"og:locale\" content=\"fr_FR\" \/>\n<meta property=\"og:type\" content=\"article\" \/>\n<meta property=\"og:title\" content=\"Le best of des dessins de presse avant No\u00ebl - Fran\u00e7ois Pelletant\" \/>\n<meta property=\"og:description\" content=\"Dix nouveaux dessins de presse s\u00e9lectionn\u00e9s pour vous faire sourire en cette nouvelle semaine de tensions sociales sur fond de f\u00eates de fin d&#8217;ann\u00e9e&#8230; &nbsp; &nbsp; &nbsp; &nbsp; &nbsp; &nbsp; &nbsp; &nbsp; &nbsp;\" \/>\n<meta property=\"og:url\" content=\"https:\/\/francois-pelletant.fr\/blog\/best-of-dessins-de-presse-noel\/\" \/>\n<meta property=\"og:site_name\" content=\"Fran\u00e7ois Pelletant\" \/>\n<meta property=\"article:publisher\" content=\"https:\/\/www.facebook.com\/francois.pelletant.7\" \/>\n<meta property=\"article:published_time\" content=\"2019-12-22T10:16:54+00:00\" \/>\n<meta property=\"og:image\" content=\"https:\/\/francois-pelletant.fr\/blog\/wp-content\/uploads\/2019\/12\/Schvartz-14-decembre.jpg\" \/>\n\t<meta property=\"og:image:width\" content=\"1171\" \/>\n\t<meta property=\"og:image:height\" content=\"1600\" \/>\n\t<meta property=\"og:image:type\" content=\"image\/jpeg\" \/>\n<meta name=\"author\" content=\"Francois\" \/>\n<meta name=\"twitter:card\" content=\"summary_large_image\" \/>\n<meta name=\"twitter:creator\" content=\"@pelletant\" \/>\n<meta name=\"twitter:site\" content=\"@pelletant\" \/>\n<meta name=\"twitter:label1\" content=\"\u00c9crit par\" \/>\n\t<meta name=\"twitter:data1\" content=\"Francois\" \/>\n\t<meta name=\"twitter:label2\" content=\"Dur\u00e9e de lecture estim\u00e9e\" \/>\n\t<meta name=\"twitter:data2\" content=\"1 minute\" \/>\n<script type=\"application\/ld+json\" class=\"yoast-schema-graph\">{\"@context\":\"https:\/\/schema.org\",\"@graph\":[{\"@type\":\"Article\",\"@id\":\"https:\/\/francois-pelletant.fr\/blog\/best-of-dessins-de-presse-noel\/#article\",\"isPartOf\":{\"@id\":\"https:\/\/francois-pelletant.fr\/blog\/best-of-dessins-de-presse-noel\/\"},\"author\":{\"name\":\"Francois\",\"@id\":\"https:\/\/francois-pelletant.fr\/blog\/#\/schema\/person\/2be41acb171dff8f31aaed1f40cee9f3\"},\"headline\":\"Le best of des dessins de presse avant No\u00ebl\",\"datePublished\":\"2019-12-22T10:16:54+00:00\",\"mainEntityOfPage\":{\"@id\":\"https:\/\/francois-pelletant.fr\/blog\/best-of-dessins-de-presse-noel\/\"},\"wordCount\":148,\"commentCount\":0,\"publisher\":{\"@id\":\"https:\/\/francois-pelletant.fr\/blog\/#organization\"},\"image\":{\"@id\":\"https:\/\/francois-pelletant.fr\/blog\/best-of-dessins-de-presse-noel\/#primaryimage\"},\"thumbnailUrl\":\"https:\/\/francois-pelletant.fr\/blog\/wp-content\/uploads\/2019\/12\/Schvartz-14-decembre.jpg\",\"articleSection\":[\"Prix du meilleur dessin de presse\"],\"inLanguage\":\"fr-FR\",\"potentialAction\":[{\"@type\":\"CommentAction\",\"name\":\"Comment\",\"target\":[\"https:\/\/francois-pelletant.fr\/blog\/best-of-dessins-de-presse-noel\/#respond\"]}]},{\"@type\":\"WebPage\",\"@id\":\"https:\/\/francois-pelletant.fr\/blog\/best-of-dessins-de-presse-noel\/\",\"url\":\"https:\/\/francois-pelletant.fr\/blog\/best-of-dessins-de-presse-noel\/\",\"name\":\"Le best of des dessins de presse avant No\u00ebl - Fran\u00e7ois Pelletant\",\"isPartOf\":{\"@id\":\"https:\/\/francois-pelletant.fr\/blog\/#website\"},\"primaryImageOfPage\":{\"@id\":\"https:\/\/francois-pelletant.fr\/blog\/best-of-dessins-de-presse-noel\/#primaryimage\"},\"image\":{\"@id\":\"https:\/\/francois-pelletant.fr\/blog\/best-of-dessins-de-presse-noel\/#primaryimage\"},\"thumbnailUrl\":\"https:\/\/francois-pelletant.fr\/blog\/wp-content\/uploads\/2019\/12\/Schvartz-14-decembre.jpg\",\"datePublished\":\"2019-12-22T10:16:54+00:00\",\"breadcrumb\":{\"@id\":\"https:\/\/francois-pelletant.fr\/blog\/best-of-dessins-de-presse-noel\/#breadcrumb\"},\"inLanguage\":\"fr-FR\",\"potentialAction\":[{\"@type\":\"ReadAction\",\"target\":[\"https:\/\/francois-pelletant.fr\/blog\/best-of-dessins-de-presse-noel\/\"]}]},{\"@type\":\"ImageObject\",\"inLanguage\":\"fr-FR\",\"@id\":\"https:\/\/francois-pelletant.fr\/blog\/best-of-dessins-de-presse-noel\/#primaryimage\",\"url\":\"https:\/\/francois-pelletant.fr\/blog\/wp-content\/uploads\/2019\/12\/Schvartz-14-decembre.jpg\",\"contentUrl\":\"https:\/\/francois-pelletant.fr\/blog\/wp-content\/uploads\/2019\/12\/Schvartz-14-decembre.jpg\",\"width\":1171,\"height\":1600,\"caption\":\"Schvartz 14 decembre\"},{\"@type\":\"BreadcrumbList\",\"@id\":\"https:\/\/francois-pelletant.fr\/blog\/best-of-dessins-de-presse-noel\/#breadcrumb\",\"itemListElement\":[{\"@type\":\"ListItem\",\"position\":1,\"name\":\"Accueil\",\"item\":\"https:\/\/francois-pelletant.fr\/blog\/\"},{\"@type\":\"ListItem\",\"position\":2,\"name\":\"Le best of des dessins de presse avant No\u00ebl\"}]},{\"@type\":\"WebSite\",\"@id\":\"https:\/\/francois-pelletant.fr\/blog\/#website\",\"url\":\"https:\/\/francois-pelletant.fr\/blog\/\",\"name\":\"Fran\u00e7ois Pelletant\",\"description\":\"Maire de Linas, pour toujours.\",\"publisher\":{\"@id\":\"https:\/\/francois-pelletant.fr\/blog\/#organization\"},\"potentialAction\":[{\"@type\":\"SearchAction\",\"target\":{\"@type\":\"EntryPoint\",\"urlTemplate\":\"https:\/\/francois-pelletant.fr\/blog\/?s={search_term_string}\"},\"query-input\":{\"@type\":\"PropertyValueSpecification\",\"valueRequired\":true,\"valueName\":\"search_term_string\"}}],\"inLanguage\":\"fr-FR\"},{\"@type\":\"Organization\",\"@id\":\"https:\/\/francois-pelletant.fr\/blog\/#organization\",\"name\":\"Fran\u00e7ois Pelletant\",\"url\":\"https:\/\/francois-pelletant.fr\/blog\/\",\"logo\":{\"@type\":\"ImageObject\",\"inLanguage\":\"fr-FR\",\"@id\":\"https:\/\/francois-pelletant.fr\/blog\/#\/schema\/logo\/image\/\",\"url\":\"https:\/\/francois-pelletant.fr\/blog\/wp-content\/uploads\/2024\/07\/icone-francois-centre-500p.png\",\"contentUrl\":\"https:\/\/francois-pelletant.fr\/blog\/wp-content\/uploads\/2024\/07\/icone-francois-centre-500p.png\",\"width\":559,\"height\":447,\"caption\":\"Fran\u00e7ois Pelletant\"},\"image\":{\"@id\":\"https:\/\/francois-pelletant.fr\/blog\/#\/schema\/logo\/image\/\"},\"sameAs\":[\"https:\/\/www.facebook.com\/francois.pelletant.7\",\"https:\/\/x.com\/pelletant\"]},{\"@type\":\"Person\",\"@id\":\"https:\/\/francois-pelletant.fr\/blog\/#\/schema\/person\/2be41acb171dff8f31aaed1f40cee9f3\",\"name\":\"Francois\"}]}<\/script>\n<!-- \/ Yoast SEO plugin. -->","yoast_head_json":{"title":"Le best of des dessins de presse avant No\u00ebl - Fran\u00e7ois Pelletant","robots":{"index":"index","follow":"follow","max-snippet":"max-snippet:-1","max-image-preview":"max-image-preview:large","max-video-preview":"max-video-preview:-1"},"canonical":"https:\/\/francois-pelletant.fr\/blog\/best-of-dessins-de-presse-noel\/","og_locale":"fr_FR","og_type":"article","og_title":"Le best of des dessins de presse avant No\u00ebl - Fran\u00e7ois Pelletant","og_description":"Dix nouveaux dessins de presse s\u00e9lectionn\u00e9s pour vous faire sourire en cette nouvelle semaine de tensions sociales sur fond de f\u00eates de fin d&#8217;ann\u00e9e&#8230; &nbsp; &nbsp; &nbsp; &nbsp; &nbsp; &nbsp; &nbsp; &nbsp; &nbsp;","og_url":"https:\/\/francois-pelletant.fr\/blog\/best-of-dessins-de-presse-noel\/","og_site_name":"Fran\u00e7ois Pelletant","article_publisher":"https:\/\/www.facebook.com\/francois.pelletant.7","article_published_time":"2019-12-22T10:16:54+00:00","og_image":[{"width":1171,"height":1600,"url":"https:\/\/francois-pelletant.fr\/blog\/wp-content\/uploads\/2019\/12\/Schvartz-14-decembre.jpg","type":"image\/jpeg"}],"author":"Francois","twitter_card":"summary_large_image","twitter_creator":"@pelletant","twitter_site":"@pelletant","twitter_misc":{"\u00c9crit par":"Francois","Dur\u00e9e de lecture estim\u00e9e":"1 minute"},"schema":{"@context":"https:\/\/schema.org","@graph":[{"@type":"Article","@id":"https:\/\/francois-pelletant.fr\/blog\/best-of-dessins-de-presse-noel\/#article","isPartOf":{"@id":"https:\/\/francois-pelletant.fr\/blog\/best-of-dessins-de-presse-noel\/"},"author":{"name":"Francois","@id":"https:\/\/francois-pelletant.fr\/blog\/#\/schema\/person\/2be41acb171dff8f31aaed1f40cee9f3"},"headline":"Le best of des dessins de presse avant No\u00ebl","datePublished":"2019-12-22T10:16:54+00:00","mainEntityOfPage":{"@id":"https:\/\/francois-pelletant.fr\/blog\/best-of-dessins-de-presse-noel\/"},"wordCount":148,"commentCount":0,"publisher":{"@id":"https:\/\/francois-pelletant.fr\/blog\/#organization"},"image":{"@id":"https:\/\/francois-pelletant.fr\/blog\/best-of-dessins-de-presse-noel\/#primaryimage"},"thumbnailUrl":"https:\/\/francois-pelletant.fr\/blog\/wp-content\/uploads\/2019\/12\/Schvartz-14-decembre.jpg","articleSection":["Prix du meilleur dessin de presse"],"inLanguage":"fr-FR","potentialAction":[{"@type":"CommentAction","name":"Comment","target":["https:\/\/francois-pelletant.fr\/blog\/best-of-dessins-de-presse-noel\/#respond"]}]},{"@type":"WebPage","@id":"https:\/\/francois-pelletant.fr\/blog\/best-of-dessins-de-presse-noel\/","url":"https:\/\/francois-pelletant.fr\/blog\/best-of-dessins-de-presse-noel\/","name":"Le best of des dessins de presse avant No\u00ebl - Fran\u00e7ois Pelletant","isPartOf":{"@id":"https:\/\/francois-pelletant.fr\/blog\/#website"},"primaryImageOfPage":{"@id":"https:\/\/francois-pelletant.fr\/blog\/best-of-dessins-de-presse-noel\/#primaryimage"},"image":{"@id":"https:\/\/francois-pelletant.fr\/blog\/best-of-dessins-de-presse-noel\/#primaryimage"},"thumbnailUrl":"https:\/\/francois-pelletant.fr\/blog\/wp-content\/uploads\/2019\/12\/Schvartz-14-decembre.jpg","datePublished":"2019-12-22T10:16:54+00:00","breadcrumb":{"@id":"https:\/\/francois-pelletant.fr\/blog\/best-of-dessins-de-presse-noel\/#breadcrumb"},"inLanguage":"fr-FR","potentialAction":[{"@type":"ReadAction","target":["https:\/\/francois-pelletant.fr\/blog\/best-of-dessins-de-presse-noel\/"]}]},{"@type":"ImageObject","inLanguage":"fr-FR","@id":"https:\/\/francois-pelletant.fr\/blog\/best-of-dessins-de-presse-noel\/#primaryimage","url":"https:\/\/francois-pelletant.fr\/blog\/wp-content\/uploads\/2019\/12\/Schvartz-14-decembre.jpg","contentUrl":"https:\/\/francois-pelletant.fr\/blog\/wp-content\/uploads\/2019\/12\/Schvartz-14-decembre.jpg","width":1171,"height":1600,"caption":"Schvartz 14 decembre"},{"@type":"BreadcrumbList","@id":"https:\/\/francois-pelletant.fr\/blog\/best-of-dessins-de-presse-noel\/#breadcrumb","itemListElement":[{"@type":"ListItem","position":1,"name":"Accueil","item":"https:\/\/francois-pelletant.fr\/blog\/"},{"@type":"ListItem","position":2,"name":"Le best of des dessins de presse avant No\u00ebl"}]},{"@type":"WebSite","@id":"https:\/\/francois-pelletant.fr\/blog\/#website","url":"https:\/\/francois-pelletant.fr\/blog\/","name":"Fran\u00e7ois Pelletant","description":"Maire de Linas, pour toujours.","publisher":{"@id":"https:\/\/francois-pelletant.fr\/blog\/#organization"},"potentialAction":[{"@type":"SearchAction","target":{"@type":"EntryPoint","urlTemplate":"https:\/\/francois-pelletant.fr\/blog\/?s={search_term_string}"},"query-input":{"@type":"PropertyValueSpecification","valueRequired":true,"valueName":"search_term_string"}}],"inLanguage":"fr-FR"},{"@type":"Organization","@id":"https:\/\/francois-pelletant.fr\/blog\/#organization","name":"Fran\u00e7ois Pelletant","url":"https:\/\/francois-pelletant.fr\/blog\/","logo":{"@type":"ImageObject","inLanguage":"fr-FR","@id":"https:\/\/francois-pelletant.fr\/blog\/#\/schema\/logo\/image\/","url":"https:\/\/francois-pelletant.fr\/blog\/wp-content\/uploads\/2024\/07\/icone-francois-centre-500p.png","contentUrl":"https:\/\/francois-pelletant.fr\/blog\/wp-content\/uploads\/2024\/07\/icone-francois-centre-500p.png","width":559,"height":447,"caption":"Fran\u00e7ois Pelletant"},"image":{"@id":"https:\/\/francois-pelletant.fr\/blog\/#\/schema\/logo\/image\/"},"sameAs":["https:\/\/www.facebook.com\/francois.pelletant.7","https:\/\/x.com\/pelletant"]},{"@type":"Person","@id":"https:\/\/francois-pelletant.fr\/blog\/#\/schema\/person\/2be41acb171dff8f31aaed1f40cee9f3","name":"Francois"}]}},"_links":{"self":[{"href":"https:\/\/francois-pelletant.fr\/blog\/wp-json\/wp\/v2\/posts\/12578","targetHints":{"allow":["GET"]}}],"collection":[{"href":"https:\/\/francois-pelletant.fr\/blog\/wp-json\/wp\/v2\/posts"}],"about":[{"href":"https:\/\/francois-pelletant.fr\/blog\/wp-json\/wp\/v2\/types\/post"}],"author":[{"embeddable":true,"href":"https:\/\/francois-pelletant.fr\/blog\/wp-json\/wp\/v2\/users\/1"}],"replies":[{"embeddable":true,"href":"https:\/\/francois-pelletant.fr\/blog\/wp-json\/wp\/v2\/comments?post=12578"}],"version-history":[{"count":0,"href":"https:\/\/francois-pelletant.fr\/blog\/wp-json\/wp\/v2\/posts\/12578\/revisions"}],"wp:featuredmedia":[{"embeddable":true,"href":"https:\/\/francois-pelletant.fr\/blog\/wp-json\/wp\/v2\/media\/12579"}],"wp:attachment":[{"href":"https:\/\/francois-pelletant.fr\/blog\/wp-json\/wp\/v2\/media?parent=12578"}],"wp:term":[{"taxonomy":"category","embeddable":true,"href":"https:\/\/francois-pelletant.fr\/blog\/wp-json\/wp\/v2\/categories?post=12578"},{"taxonomy":"post_tag","embeddable":true,"href":"https:\/\/francois-pelletant.fr\/blog\/wp-json\/wp\/v2\/tags?post=12578"}],"curies":[{"name":"wp","href":"https:\/\/api.w.org\/{rel}","templated":true}]}}