{"id":12648,"date":"2020-01-11T10:34:12","date_gmt":"2020-01-11T10:34:12","guid":{"rendered":"https:\/\/francois-pelletant.fr\/blog\/?p=12648"},"modified":"2020-07-20T22:51:40","modified_gmt":"2020-07-20T22:51:40","slug":"chers-administres-presente-demission","status":"publish","type":"post","link":"https:\/\/francois-pelletant.fr\/blog\/chers-administres-presente-demission\/","title":{"rendered":"Mes chers administr\u00e9s; Je vous pr\u00e9sente ma d\u00e9mission"},"content":{"rendered":"<p>&nbsp;<\/p>\n<div>\n<div>\n<div>\n<div>\n<div>\n<p><span style=\"font-size: large;\">Mes chers administr\u00e9s,<\/span><\/p>\n<h2>C&#8217;est \u00e0 vous que je vais annoncer en avant-premi\u00e8re ma d\u00e9cision de mettre fin \u00e0 mon mandat de Maire de Linas, d\u00e8s \u00e0 pr\u00e9sent, pour les raisons que je vous d\u00e9veloppe ci-apr\u00e8s :<\/h2>\n<p>Comme vous le savez, depuis f\u00e9vrier 2015, je suis la cible d&#8217;attaques multiples auxquelles j&#8217;ai toujours fait face, sans jamais baisser les bras.<br \/>\nJ&#8217;ai r\u00e9sist\u00e9 \u00e0 toutes les formes de d\u00e9stabilisation pour que Linas reste dirig\u00e9e par des \u00e9lus non politis\u00e9s, ind\u00e9pendants des appareils, des loges et des &#8220;copinages&#8221;. Cela est d&#8217;autant plus important, surtout \u00e0 un moment o\u00f9 notre commune est convoit\u00e9e pour ses terrains disponibles, sa situation et qu&#8217;elle est envi\u00e9e pour sa bonne gestion.<\/p>\n<p>Ces man\u0153uvres ont continu\u00e9 en &#8220;coulisse&#8221; ces derniers mois. Ce 7 janvier 2020, on a vu surgir un arr\u00eat de la Cour de Cassation qui valide le jugement vieux de deux ans (affaire concernant un bar associatif, qui n&#8217;a rien \u00e0 voir avec Linas) et qui conclut \u00e0 mon in\u00e9ligibilit\u00e9 pour 3 ans. Et ce, alors que toutes les autres poursuites judiciaires \u00e0 mon encontre pilot\u00e9es par quelques hurluberlus, plus sordides les unes que les autres, n\u2019ont jamais abouti.<\/p>\n<p>Vous l\u2019avez compris, tout cela est cousu de fil blanc, mais en saisissant la Cour europ\u00e9enne, j\u2019ai bon espoir que justice soit faite.<\/p>\n<p>Que ceci soit bien clair pour tout le monde : cette d\u00e9cision de la Cour de Cassation est de toute fa\u00e7on trop tardive pour m\u2019emp\u00eacher de me<br \/>\npr\u00e9senter aux \u00e9lections des 15 et 22 mars 2020. Je peux rester et \u00eatre r\u00e9\u00e9lu Maire tant que la proc\u00e9dure de notification n&#8217;est pas achev\u00e9e.<\/p>\n<h3>Cependant, je d\u00e9cide de d\u00e9missionner maintenant, de mon propre chef, pour les raisons suivantes :<br \/>\n&#8211; Il me semble plus honn\u00eate, vis \u00e0 vis de vous, de vous pr\u00e9senter une \u00e9quipe municipale p\u00e9renne pour les 6 ans de mandat \u00e0 venir.<br \/>\n&#8211; En d\u00e9missionnant maintenant, je donne \u00e0 mon premier adjoint l&#8217;occasion de se mettre en place rapidement et de se pr\u00e9senter aux \u00e9lections en qualit\u00e9 de maire sortant.<br \/>\n&#8211; Cela va rendre nulles et non avenues les autres listes d\u2019opposition dont le seul programme \u00e9lectoral consiste \u00e0 lutter contre moi. A part cela, elles n&#8217;avaient rien d&#8217;autre \u00e0 vous proposer.<br \/>\nEn proc\u00e9dant de cette mani\u00e8re, je donne \u00e0 Linas et \u00e0 ses habitants la meilleure opportunit\u00e9 qui soit pour les 6 ans \u00e0 venir.<\/h3>\n<h3><\/h3>\n<p>Certains voient un inconv\u00e9nient \u00e0 cette d\u00e9cision, celui de priver la commune de ma connaissance des dossiers.<\/p>\n<p>&nbsp;<\/p>\n<p>Rassurez-vous, je resterai bien pr\u00e9sent. Je travaillerai aux c\u00f4t\u00e9s du nouveau Maire et des \u00e9lus jusqu&#8217;\u00e0 la fin du mandat en mars prochain afin d&#8217;assurer la continuit\u00e9, le passage de relais et la stabilit\u00e9.<\/p>\n<p>A partir de mars, notre nouvelle \u00e9quipe prendra le relais lorsque vous l&#8217;aurez \u00e9lue. Elle est constitu\u00e9e d&#8217;\u00e9lus sortants et de nouveaux entrants d\u00e9bordants d&#8217;id\u00e9es nouvelles. Comme vous pouvez le constater, je ne vous abandonne pas et je suis transparent avec vous sur la fa\u00e7on dont va se d\u00e9rouler la suite de l&#8217;aventure.<\/p>\n<p>Vous pouvez le dire autour de vous, aucune des proc\u00e9dures judiciaires contre moi ou contre la mairie n&#8217;ont abouti, et pour celle du bar associatif qui nous pr\u00e9occupe aujourd&#8217;hui, la Cour europ\u00e9enne devra dire s&#8217;il est normal, dans un Etat d\u00e9mocratique, que les policiers qui enqu\u00eatent sur un homme politique soient proches, et en connexion, avec ses opposants en menant une enqu\u00eate \u00e0 charge. Sachez que la Cour europ\u00e9enne a d\u00e9j\u00e0 sanctionn\u00e9 des Etats de l\u2019Union europ\u00e9enne pour exactement la m\u00eame chose.<\/p>\n<p>Voil\u00e0 d\u00e9j\u00e0 plusieurs ann\u00e9es que l&#8217;on veut la peau d&#8217;un Maire qui d\u00e9range et rejette les combines et les copinages. J&#8217;ai \u00e9chapp\u00e9 \u00e0 toutes les chausse-trapes qui ont \u00e9t\u00e9 dress\u00e9es sur mon chemin ; aujourd\u2019hui je suis touch\u00e9 mais toujours debout !<\/p>\n<p>Je ne suis pas \u00e0 plaindre car les v\u00e9ritables victimes de ces machinations, c&#8217;est vous ! Pendant 5 ans, on a cherch\u00e9 \u00e0 annuler le vote que vous<br \/>\naviez exprim\u00e9 en 2014 et \u00e0 pr\u00e9sent on voudrait vous priver de la possibilit\u00e9 d\u00e9mocratique de reconduire votre Maire sortant ainsi que l&#8217;\u00e9quipe qui l&#8217;accompagne. Souvenez-vous qu&#8217;ensemble nous avons toujours \u00e9t\u00e9 plus forts que les combines politiciennes.<\/p>\n<p>Je vous invite \u00e0 vous exprimer le 15 mars 2020. Par votre vote, sanctionnez ceux qui veulent faire main basse sur notre commune, enrayer son essor et assujettir les Linois.<br \/>\nFran\u00e7ois PELLETANT<\/p>\n<p>Maire de Linas 1995-2020<br \/>\n<b><\/b><\/p>\n<\/div>\n<div>\n<div><a href=\"https:\/\/francois-pelletant.fr\/blog\/wp-content\/uploads\/2020\/01\/fp-300dpi-buste-2.jpg\" rel=\"attachment wp-att-12649\"><img loading=\"lazy\" decoding=\"async\" class=\"aligncenter size-medium wp-image-12649\" src=\"https:\/\/francois-pelletant.fr\/blog\/wp-content\/uploads\/2020\/01\/fp-300dpi-buste-2-266x300.jpg\" alt=\"fp 300dpi buste (2)\" width=\"266\" height=\"300\" srcset=\"https:\/\/francois-pelletant.fr\/blog\/wp-content\/uploads\/2020\/01\/fp-300dpi-buste-2-266x300.jpg 266w, https:\/\/francois-pelletant.fr\/blog\/wp-content\/uploads\/2020\/01\/fp-300dpi-buste-2-909x1024.jpg 909w, https:\/\/francois-pelletant.fr\/blog\/wp-content\/uploads\/2020\/01\/fp-300dpi-buste-2-768x866.jpg 768w, https:\/\/francois-pelletant.fr\/blog\/wp-content\/uploads\/2020\/01\/fp-300dpi-buste-2-600x676.jpg 600w, https:\/\/francois-pelletant.fr\/blog\/wp-content\/uploads\/2020\/01\/fp-300dpi-buste-2.jpg 1055w\" sizes=\"auto, (max-width: 266px) 100vw, 266px\" \/><\/a><\/div>\n<\/div>\n<\/div>\n<\/div>\n<\/div>\n<\/div>\n","protected":false},"excerpt":{"rendered":"<p>&nbsp; Mes chers administr\u00e9s, C&#8217;est \u00e0 vous que je vais annoncer en avant-premi\u00e8re ma d\u00e9cision de mettre fin \u00e0 mon mandat de Maire de Linas, d\u00e8s \u00e0 pr\u00e9sent, pour les raisons que je vous d\u00e9veloppe ci-apr\u00e8s : Comme vous le savez, depuis f\u00e9vrier 2015, je suis la cible d&#8217;attaques multiples auxquelles j&#8217;ai toujours fait face, [&hellip;]<\/p>\n","protected":false},"author":1,"featured_media":12649,"comment_status":"open","ping_status":"closed","sticky":false,"template":"","format":"standard","meta":{"footnotes":""},"categories":[418],"tags":[],"class_list":["post-12648","post","type-post","status-publish","format-standard","has-post-thumbnail","hentry","category-cabale2020"],"yoast_head":"<!-- This site is optimized with the Yoast SEO plugin v25.6 - https:\/\/yoast.com\/wordpress\/plugins\/seo\/ -->\n<title>Mes chers administr\u00e9s; Je vous pr\u00e9sente ma d\u00e9mission - Fran\u00e7ois Pelletant<\/title>\n<meta name=\"robots\" content=\"index, follow, max-snippet:-1, max-image-preview:large, max-video-preview:-1\" \/>\n<link rel=\"canonical\" href=\"https:\/\/francois-pelletant.fr\/blog\/chers-administres-presente-demission\/\" \/>\n<meta property=\"og:locale\" content=\"fr_FR\" \/>\n<meta property=\"og:type\" content=\"article\" \/>\n<meta property=\"og:title\" content=\"Mes chers administr\u00e9s; Je vous pr\u00e9sente ma d\u00e9mission - Fran\u00e7ois Pelletant\" \/>\n<meta property=\"og:description\" content=\"&nbsp; Mes chers administr\u00e9s, C&#8217;est \u00e0 vous que je vais annoncer en avant-premi\u00e8re ma d\u00e9cision de mettre fin \u00e0 mon mandat de Maire de Linas, d\u00e8s \u00e0 pr\u00e9sent, pour les raisons que je vous d\u00e9veloppe ci-apr\u00e8s : Comme vous le savez, depuis f\u00e9vrier 2015, je suis la cible d&#8217;attaques multiples auxquelles j&#8217;ai toujours fait face, [&hellip;]\" \/>\n<meta property=\"og:url\" content=\"https:\/\/francois-pelletant.fr\/blog\/chers-administres-presente-demission\/\" \/>\n<meta property=\"og:site_name\" content=\"Fran\u00e7ois Pelletant\" \/>\n<meta property=\"article:publisher\" content=\"https:\/\/www.facebook.com\/francois.pelletant.7\" \/>\n<meta property=\"article:published_time\" content=\"2020-01-11T10:34:12+00:00\" \/>\n<meta property=\"article:modified_time\" content=\"2020-07-20T22:51:40+00:00\" \/>\n<meta property=\"og:image\" content=\"https:\/\/francois-pelletant.fr\/blog\/wp-content\/uploads\/2020\/01\/fp-300dpi-buste-2.jpg\" \/>\n\t<meta property=\"og:image:width\" content=\"1055\" \/>\n\t<meta property=\"og:image:height\" content=\"1189\" \/>\n\t<meta property=\"og:image:type\" content=\"image\/jpeg\" \/>\n<meta name=\"author\" content=\"Francois\" \/>\n<meta name=\"twitter:card\" content=\"summary_large_image\" \/>\n<meta name=\"twitter:creator\" content=\"@pelletant\" \/>\n<meta name=\"twitter:site\" content=\"@pelletant\" \/>\n<meta name=\"twitter:label1\" content=\"\u00c9crit par\" \/>\n\t<meta name=\"twitter:data1\" content=\"Francois\" \/>\n\t<meta name=\"twitter:label2\" content=\"Dur\u00e9e de lecture estim\u00e9e\" \/>\n\t<meta name=\"twitter:data2\" content=\"4 minutes\" \/>\n<script type=\"application\/ld+json\" class=\"yoast-schema-graph\">{\"@context\":\"https:\/\/schema.org\",\"@graph\":[{\"@type\":\"Article\",\"@id\":\"https:\/\/francois-pelletant.fr\/blog\/chers-administres-presente-demission\/#article\",\"isPartOf\":{\"@id\":\"https:\/\/francois-pelletant.fr\/blog\/chers-administres-presente-demission\/\"},\"author\":{\"name\":\"Francois\",\"@id\":\"https:\/\/francois-pelletant.fr\/blog\/#\/schema\/person\/2be41acb171dff8f31aaed1f40cee9f3\"},\"headline\":\"Mes chers administr\u00e9s; Je vous pr\u00e9sente ma d\u00e9mission\",\"datePublished\":\"2020-01-11T10:34:12+00:00\",\"dateModified\":\"2020-07-20T22:51:40+00:00\",\"mainEntityOfPage\":{\"@id\":\"https:\/\/francois-pelletant.fr\/blog\/chers-administres-presente-demission\/\"},\"wordCount\":789,\"commentCount\":0,\"publisher\":{\"@id\":\"https:\/\/francois-pelletant.fr\/blog\/#organization\"},\"image\":{\"@id\":\"https:\/\/francois-pelletant.fr\/blog\/chers-administres-presente-demission\/#primaryimage\"},\"thumbnailUrl\":\"https:\/\/francois-pelletant.fr\/blog\/wp-content\/uploads\/2020\/01\/fp-300dpi-buste-2.jpg\",\"articleSection\":[\"Cabale2020\"],\"inLanguage\":\"fr-FR\",\"potentialAction\":[{\"@type\":\"CommentAction\",\"name\":\"Comment\",\"target\":[\"https:\/\/francois-pelletant.fr\/blog\/chers-administres-presente-demission\/#respond\"]}]},{\"@type\":\"WebPage\",\"@id\":\"https:\/\/francois-pelletant.fr\/blog\/chers-administres-presente-demission\/\",\"url\":\"https:\/\/francois-pelletant.fr\/blog\/chers-administres-presente-demission\/\",\"name\":\"Mes chers administr\u00e9s; Je vous pr\u00e9sente ma d\u00e9mission - Fran\u00e7ois Pelletant\",\"isPartOf\":{\"@id\":\"https:\/\/francois-pelletant.fr\/blog\/#website\"},\"primaryImageOfPage\":{\"@id\":\"https:\/\/francois-pelletant.fr\/blog\/chers-administres-presente-demission\/#primaryimage\"},\"image\":{\"@id\":\"https:\/\/francois-pelletant.fr\/blog\/chers-administres-presente-demission\/#primaryimage\"},\"thumbnailUrl\":\"https:\/\/francois-pelletant.fr\/blog\/wp-content\/uploads\/2020\/01\/fp-300dpi-buste-2.jpg\",\"datePublished\":\"2020-01-11T10:34:12+00:00\",\"dateModified\":\"2020-07-20T22:51:40+00:00\",\"breadcrumb\":{\"@id\":\"https:\/\/francois-pelletant.fr\/blog\/chers-administres-presente-demission\/#breadcrumb\"},\"inLanguage\":\"fr-FR\",\"potentialAction\":[{\"@type\":\"ReadAction\",\"target\":[\"https:\/\/francois-pelletant.fr\/blog\/chers-administres-presente-demission\/\"]}]},{\"@type\":\"ImageObject\",\"inLanguage\":\"fr-FR\",\"@id\":\"https:\/\/francois-pelletant.fr\/blog\/chers-administres-presente-demission\/#primaryimage\",\"url\":\"https:\/\/francois-pelletant.fr\/blog\/wp-content\/uploads\/2020\/01\/fp-300dpi-buste-2.jpg\",\"contentUrl\":\"https:\/\/francois-pelletant.fr\/blog\/wp-content\/uploads\/2020\/01\/fp-300dpi-buste-2.jpg\",\"width\":1055,\"height\":1189},{\"@type\":\"BreadcrumbList\",\"@id\":\"https:\/\/francois-pelletant.fr\/blog\/chers-administres-presente-demission\/#breadcrumb\",\"itemListElement\":[{\"@type\":\"ListItem\",\"position\":1,\"name\":\"Accueil\",\"item\":\"https:\/\/francois-pelletant.fr\/blog\/\"},{\"@type\":\"ListItem\",\"position\":2,\"name\":\"Mes chers administr\u00e9s; Je vous pr\u00e9sente ma d\u00e9mission\"}]},{\"@type\":\"WebSite\",\"@id\":\"https:\/\/francois-pelletant.fr\/blog\/#website\",\"url\":\"https:\/\/francois-pelletant.fr\/blog\/\",\"name\":\"Fran\u00e7ois Pelletant\",\"description\":\"Maire de Linas, pour toujours.\",\"publisher\":{\"@id\":\"https:\/\/francois-pelletant.fr\/blog\/#organization\"},\"potentialAction\":[{\"@type\":\"SearchAction\",\"target\":{\"@type\":\"EntryPoint\",\"urlTemplate\":\"https:\/\/francois-pelletant.fr\/blog\/?s={search_term_string}\"},\"query-input\":{\"@type\":\"PropertyValueSpecification\",\"valueRequired\":true,\"valueName\":\"search_term_string\"}}],\"inLanguage\":\"fr-FR\"},{\"@type\":\"Organization\",\"@id\":\"https:\/\/francois-pelletant.fr\/blog\/#organization\",\"name\":\"Fran\u00e7ois Pelletant\",\"url\":\"https:\/\/francois-pelletant.fr\/blog\/\",\"logo\":{\"@type\":\"ImageObject\",\"inLanguage\":\"fr-FR\",\"@id\":\"https:\/\/francois-pelletant.fr\/blog\/#\/schema\/logo\/image\/\",\"url\":\"https:\/\/francois-pelletant.fr\/blog\/wp-content\/uploads\/2024\/07\/icone-francois-centre-500p.png\",\"contentUrl\":\"https:\/\/francois-pelletant.fr\/blog\/wp-content\/uploads\/2024\/07\/icone-francois-centre-500p.png\",\"width\":559,\"height\":447,\"caption\":\"Fran\u00e7ois Pelletant\"},\"image\":{\"@id\":\"https:\/\/francois-pelletant.fr\/blog\/#\/schema\/logo\/image\/\"},\"sameAs\":[\"https:\/\/www.facebook.com\/francois.pelletant.7\",\"https:\/\/x.com\/pelletant\"]},{\"@type\":\"Person\",\"@id\":\"https:\/\/francois-pelletant.fr\/blog\/#\/schema\/person\/2be41acb171dff8f31aaed1f40cee9f3\",\"name\":\"Francois\"}]}<\/script>\n<!-- \/ Yoast SEO plugin. -->","yoast_head_json":{"title":"Mes chers administr\u00e9s; Je vous pr\u00e9sente ma d\u00e9mission - Fran\u00e7ois Pelletant","robots":{"index":"index","follow":"follow","max-snippet":"max-snippet:-1","max-image-preview":"max-image-preview:large","max-video-preview":"max-video-preview:-1"},"canonical":"https:\/\/francois-pelletant.fr\/blog\/chers-administres-presente-demission\/","og_locale":"fr_FR","og_type":"article","og_title":"Mes chers administr\u00e9s; Je vous pr\u00e9sente ma d\u00e9mission - Fran\u00e7ois Pelletant","og_description":"&nbsp; Mes chers administr\u00e9s, C&#8217;est \u00e0 vous que je vais annoncer en avant-premi\u00e8re ma d\u00e9cision de mettre fin \u00e0 mon mandat de Maire de Linas, d\u00e8s \u00e0 pr\u00e9sent, pour les raisons que je vous d\u00e9veloppe ci-apr\u00e8s : Comme vous le savez, depuis f\u00e9vrier 2015, je suis la cible d&#8217;attaques multiples auxquelles j&#8217;ai toujours fait face, [&hellip;]","og_url":"https:\/\/francois-pelletant.fr\/blog\/chers-administres-presente-demission\/","og_site_name":"Fran\u00e7ois Pelletant","article_publisher":"https:\/\/www.facebook.com\/francois.pelletant.7","article_published_time":"2020-01-11T10:34:12+00:00","article_modified_time":"2020-07-20T22:51:40+00:00","og_image":[{"width":1055,"height":1189,"url":"https:\/\/francois-pelletant.fr\/blog\/wp-content\/uploads\/2020\/01\/fp-300dpi-buste-2.jpg","type":"image\/jpeg"}],"author":"Francois","twitter_card":"summary_large_image","twitter_creator":"@pelletant","twitter_site":"@pelletant","twitter_misc":{"\u00c9crit par":"Francois","Dur\u00e9e de lecture estim\u00e9e":"4 minutes"},"schema":{"@context":"https:\/\/schema.org","@graph":[{"@type":"Article","@id":"https:\/\/francois-pelletant.fr\/blog\/chers-administres-presente-demission\/#article","isPartOf":{"@id":"https:\/\/francois-pelletant.fr\/blog\/chers-administres-presente-demission\/"},"author":{"name":"Francois","@id":"https:\/\/francois-pelletant.fr\/blog\/#\/schema\/person\/2be41acb171dff8f31aaed1f40cee9f3"},"headline":"Mes chers administr\u00e9s; Je vous pr\u00e9sente ma d\u00e9mission","datePublished":"2020-01-11T10:34:12+00:00","dateModified":"2020-07-20T22:51:40+00:00","mainEntityOfPage":{"@id":"https:\/\/francois-pelletant.fr\/blog\/chers-administres-presente-demission\/"},"wordCount":789,"commentCount":0,"publisher":{"@id":"https:\/\/francois-pelletant.fr\/blog\/#organization"},"image":{"@id":"https:\/\/francois-pelletant.fr\/blog\/chers-administres-presente-demission\/#primaryimage"},"thumbnailUrl":"https:\/\/francois-pelletant.fr\/blog\/wp-content\/uploads\/2020\/01\/fp-300dpi-buste-2.jpg","articleSection":["Cabale2020"],"inLanguage":"fr-FR","potentialAction":[{"@type":"CommentAction","name":"Comment","target":["https:\/\/francois-pelletant.fr\/blog\/chers-administres-presente-demission\/#respond"]}]},{"@type":"WebPage","@id":"https:\/\/francois-pelletant.fr\/blog\/chers-administres-presente-demission\/","url":"https:\/\/francois-pelletant.fr\/blog\/chers-administres-presente-demission\/","name":"Mes chers administr\u00e9s; Je vous pr\u00e9sente ma d\u00e9mission - Fran\u00e7ois Pelletant","isPartOf":{"@id":"https:\/\/francois-pelletant.fr\/blog\/#website"},"primaryImageOfPage":{"@id":"https:\/\/francois-pelletant.fr\/blog\/chers-administres-presente-demission\/#primaryimage"},"image":{"@id":"https:\/\/francois-pelletant.fr\/blog\/chers-administres-presente-demission\/#primaryimage"},"thumbnailUrl":"https:\/\/francois-pelletant.fr\/blog\/wp-content\/uploads\/2020\/01\/fp-300dpi-buste-2.jpg","datePublished":"2020-01-11T10:34:12+00:00","dateModified":"2020-07-20T22:51:40+00:00","breadcrumb":{"@id":"https:\/\/francois-pelletant.fr\/blog\/chers-administres-presente-demission\/#breadcrumb"},"inLanguage":"fr-FR","potentialAction":[{"@type":"ReadAction","target":["https:\/\/francois-pelletant.fr\/blog\/chers-administres-presente-demission\/"]}]},{"@type":"ImageObject","inLanguage":"fr-FR","@id":"https:\/\/francois-pelletant.fr\/blog\/chers-administres-presente-demission\/#primaryimage","url":"https:\/\/francois-pelletant.fr\/blog\/wp-content\/uploads\/2020\/01\/fp-300dpi-buste-2.jpg","contentUrl":"https:\/\/francois-pelletant.fr\/blog\/wp-content\/uploads\/2020\/01\/fp-300dpi-buste-2.jpg","width":1055,"height":1189},{"@type":"BreadcrumbList","@id":"https:\/\/francois-pelletant.fr\/blog\/chers-administres-presente-demission\/#breadcrumb","itemListElement":[{"@type":"ListItem","position":1,"name":"Accueil","item":"https:\/\/francois-pelletant.fr\/blog\/"},{"@type":"ListItem","position":2,"name":"Mes chers administr\u00e9s; Je vous pr\u00e9sente ma d\u00e9mission"}]},{"@type":"WebSite","@id":"https:\/\/francois-pelletant.fr\/blog\/#website","url":"https:\/\/francois-pelletant.fr\/blog\/","name":"Fran\u00e7ois Pelletant","description":"Maire de Linas, pour toujours.","publisher":{"@id":"https:\/\/francois-pelletant.fr\/blog\/#organization"},"potentialAction":[{"@type":"SearchAction","target":{"@type":"EntryPoint","urlTemplate":"https:\/\/francois-pelletant.fr\/blog\/?s={search_term_string}"},"query-input":{"@type":"PropertyValueSpecification","valueRequired":true,"valueName":"search_term_string"}}],"inLanguage":"fr-FR"},{"@type":"Organization","@id":"https:\/\/francois-pelletant.fr\/blog\/#organization","name":"Fran\u00e7ois Pelletant","url":"https:\/\/francois-pelletant.fr\/blog\/","logo":{"@type":"ImageObject","inLanguage":"fr-FR","@id":"https:\/\/francois-pelletant.fr\/blog\/#\/schema\/logo\/image\/","url":"https:\/\/francois-pelletant.fr\/blog\/wp-content\/uploads\/2024\/07\/icone-francois-centre-500p.png","contentUrl":"https:\/\/francois-pelletant.fr\/blog\/wp-content\/uploads\/2024\/07\/icone-francois-centre-500p.png","width":559,"height":447,"caption":"Fran\u00e7ois Pelletant"},"image":{"@id":"https:\/\/francois-pelletant.fr\/blog\/#\/schema\/logo\/image\/"},"sameAs":["https:\/\/www.facebook.com\/francois.pelletant.7","https:\/\/x.com\/pelletant"]},{"@type":"Person","@id":"https:\/\/francois-pelletant.fr\/blog\/#\/schema\/person\/2be41acb171dff8f31aaed1f40cee9f3","name":"Francois"}]}},"_links":{"self":[{"href":"https:\/\/francois-pelletant.fr\/blog\/wp-json\/wp\/v2\/posts\/12648","targetHints":{"allow":["GET"]}}],"collection":[{"href":"https:\/\/francois-pelletant.fr\/blog\/wp-json\/wp\/v2\/posts"}],"about":[{"href":"https:\/\/francois-pelletant.fr\/blog\/wp-json\/wp\/v2\/types\/post"}],"author":[{"embeddable":true,"href":"https:\/\/francois-pelletant.fr\/blog\/wp-json\/wp\/v2\/users\/1"}],"replies":[{"embeddable":true,"href":"https:\/\/francois-pelletant.fr\/blog\/wp-json\/wp\/v2\/comments?post=12648"}],"version-history":[{"count":0,"href":"https:\/\/francois-pelletant.fr\/blog\/wp-json\/wp\/v2\/posts\/12648\/revisions"}],"wp:featuredmedia":[{"embeddable":true,"href":"https:\/\/francois-pelletant.fr\/blog\/wp-json\/wp\/v2\/media\/12649"}],"wp:attachment":[{"href":"https:\/\/francois-pelletant.fr\/blog\/wp-json\/wp\/v2\/media?parent=12648"}],"wp:term":[{"taxonomy":"category","embeddable":true,"href":"https:\/\/francois-pelletant.fr\/blog\/wp-json\/wp\/v2\/categories?post=12648"},{"taxonomy":"post_tag","embeddable":true,"href":"https:\/\/francois-pelletant.fr\/blog\/wp-json\/wp\/v2\/tags?post=12648"}],"curies":[{"name":"wp","href":"https:\/\/api.w.org\/{rel}","templated":true}]}}