{"id":12760,"date":"2020-04-22T08:39:49","date_gmt":"2020-04-22T08:39:49","guid":{"rendered":"https:\/\/francois-pelletant.fr\/blog\/?p=12760"},"modified":"2020-07-20T22:23:58","modified_gmt":"2020-07-20T22:23:58","slug":"pourquoi-cest-la-cata-a-la-mairie-de-linas","status":"publish","type":"post","link":"https:\/\/francois-pelletant.fr\/blog\/pourquoi-cest-la-cata-a-la-mairie-de-linas\/","title":{"rendered":"Pourquoi c&#8217;est la CATA \u00e0 la mairie de Linas ?"},"content":{"rendered":"\n<p>Vous \u00eates nombreux \u00e0 me contacter pour diff\u00e9rents probl\u00e8mes que vous rencontrez avec la mairie. <\/p>\n\n\n\n<p> La seule chose que je puisse faire en ce moment c&#8217;est de tenter de vous expliquer que : <\/p>\n\n\n\n<p> &#8211; La p\u00e9riode du COVID-19 est difficile pour toutes les administrations, mais vous me r\u00e9pondez que dans les autres mairies,  cela fonctionne beaucoup mieux.<\/p>\n\n\n\n<p> &#8211; Le maire actuel a \u00e9t\u00e9 mis en place par le biais des combines judico-polici\u00e8res ;  il n&#8217;a \u00e9t\u00e9  ni demandeur, ni \u00e9lu, ni pr\u00e9par\u00e9, ni apte. Il est donc irresponsable de cette situation.<\/p>\n\n\n\n<p> &#8211; Depuis mon d\u00e9part,  les diff\u00e9rentes listes d&#8217;opposition ont noyaut\u00e9 la mairie ce qui a gangren\u00e9 l&#8217;\u00e9tat d\u2019esprits des agents et du service publique <\/p>\n\n\n\n<figure class=\"wp-block-image size-large is-style-default\"><img loading=\"lazy\" decoding=\"async\" width=\"498\" height=\"370\" src=\"https:\/\/francois-pelletant.fr\/blog\/wp-content\/uploads\/2020\/04\/Sans-titre.jpg\" alt=\"La mairie de Linas en flamme\" class=\"wp-image-12762\" srcset=\"https:\/\/francois-pelletant.fr\/blog\/wp-content\/uploads\/2020\/04\/Sans-titre.jpg 498w, https:\/\/francois-pelletant.fr\/blog\/wp-content\/uploads\/2020\/04\/Sans-titre-300x223.jpg 300w\" sizes=\"auto, (max-width: 498px) 100vw, 498px\" \/><\/figure>\n\n\n\n<p> Sur ce dernier point, vous avez du mal \u00e0 comprendre la situation. <\/p>\n\n\n\n<p> Aussi,  en toute transparence,  je vous transmets ci-dessous email de la Directrice G\u00e9n\u00e9rale des Services datant de quelques semaines. Je vous laisse lire son email et vous comprendrez la situation.<\/p>\n\n\n\n<p>  En r\u00e9sum\u00e9, vous avez raison c&#8217;est la CATA \u00e0 la mairie de Linas, une fois de plus du fait des Lardi\u00e8re,Hertz,Fievet qui profite de la faiblesse du maire en place pour d\u00e9truire ce qui fonctionne dans les services. Je rel\u00e8ve que Oxyg\u00e8ne reste en dehors de ces manigances c&#8217;est suffisamment rare pour \u00eatre signal\u00e9. <\/p>\n\n\n\n<p><\/p>\n\n\n\n<p>Email de  la Directrice G\u00e9n\u00e9rale des Services de la mairie de LINAS:<\/p>\n\n\n\n<p> Bonjour Monsieur Pour information, l\u2019ambiance en mairie devient tr\u00e8s d\u00e9testable. Apparemment plusieurs agents , notamment des cadres , ont \u00e9t\u00e9 approch\u00e9s par l\u2019Opposition et se sont mis en t\u00eate d\u2019\u00eatre les nouveaux dirigeants de la mairie apr\u00e8s les \u00e9lections. Il s\u2019agit, pour les noms dont je suis s\u00fbre, de : F. Mxxxxxx, C. xxxxxxxx, Exxxx xxxxx (responsable Cxxxx ) Axx Pxxx (informatique). D\u2019autres sont plut\u00f4t des suiveurs, comme Axxxxx Cxxxxx, par ex, qui a annonc\u00e9 qu\u2019elle faisait d\u00e9sormais  des comptes rendus quotidiens \u00e0 C. Bxxxx , qui le lui a demand\u00e9 \u00ab en tant que DGA \u00bb, de tout ce qui se passait en Finances ou RH.Des r\u00e9unions en catimini se tiennent au 2e \u00e9tage.<\/p>\n\n\n\n<p> Cxxx et Exxx ont \u00e9t\u00e9 surpris \u00e0 \u00e9couter aux portes  (Cxxx \u00e0 la porte du bureau de la Directrice Finances-RH , \u00e0 qui je parlais au lendemain du conseil du DOB, Exxxx \u00e9piant derri\u00e8re la porte du bureau de Dxxx une conversation entre celui-ci et Exxx). F. Mxxx, \u00e0 plusieurs reprises, s\u2019est permis d\u2019ouvrir brusquement la porte de mon bureau sans raison,  juste pour voir avec qui je parlais. Plusieurs bugs informatiques ou autres sont survenus de mani\u00e8re \u00e9trange ces derniers temps et me font suspecter des man\u0153uvres malveillantes. Le service RH est particuli\u00e8rement vis\u00e9 car \u00ab sinistr\u00e9 \u00bb depuis plusieurs mois (une responsable RH recrut\u00e9e d\u00e9but 2019, qui faisait fuiter des informations individuelles sur les paies et les CV et dressait les agents les uns contre les autres, puis une politique de la chaise vide par des arr\u00eats maladie simultan\u00e9s). <\/p>\n\n\n\n<p> Le service Finances -RH tourne avec 1 direction et 1 agent, au lieu de 3+3. <\/p>\n\n\n\n<p> Bugs sur les paies, des num\u00e9ros qui changent \u00ab tous seuls \u00bb sur des codes SIRET, des codes d\u2019organismes de cotisations &#8230;Jeudi matin c\u2019\u00e9tait la totalit\u00e9 du serveur RH qui avait disparu, et Axel ne retrouvait qu\u2019une sauvegarde datant de novembre&#8230;(Pour cette raison, je souhaiterais vraiment faire appel \u00e0 un informaticien ext\u00e9rieur pour un audit des risques informatiques et de notre parc, et je pense que nous ne devrions pas attendre le prochain mandat&#8230;)  <br \/>  En outre la cantine est devenue la tribune politique de ces futurs \u00ab dirigeants \u00bb dont l\u2019argument est apparemment de dire que je fais  r\u00e9gner une \u00ab dictature \u00bb en mairie. Plusieurs agents se plaignent de subir tous les midis un v\u00e9ritable lavage de cerveau, mais sont n\u00e9anmoins incapables de s\u2019y soustraire car ils craignent d\u2019\u00e9ventuelles mesures de r\u00e9torsion dans un futur proche. <\/p>\n\n\n\n<p> D\u2019autres agents se montent la t\u00eate (Atsem, \u00e9quipes CTM)&#8230;<\/p>\n\n\n\n<p>  Bon nombre d\u2019agents me disent \u00eatre d\u00e9j\u00e0 en train de prospecter de nouvelles collectivit\u00e9s, ou de peaufiner leur CV pour \u00eatre dans les starting-blocks.La Mairie risque de se retrouver dans une situation catastrophique au lendemain des \u00e9lections, quelle qu\u2019en soit l\u2019issue.Je ne sais pas trop quelle strat\u00e9gie adopter vis-\u00e0-vis de ces cadres, notamment C. Bxxxx.<\/p>\n\n\n\n<p>  J\u2019envisagerais bien d\u2019annoncer publiquement et d\u00e8s \u00e0 pr\u00e9sent qu\u2019elle n\u2019est plus DGA (pour info ce n\u2019est qu\u2019un titre \u00ab honorifique \u00ab , il n\u2019y a pas dans le statut de la FPT possibilit\u00e9 d\u2019un DGA dans une commune de moins de 10000 habitants), lui retirer ma confiance, ainsi que les droits d\u2019acc\u00e8s informatiques dont elle dispose depuis plusieurs ann\u00e9es aux serveurs Finances et RH. Cela d\u00e9clencherait ouvertement les hostilit\u00e9s, mais cela vaut sans doute mieux que cette hypocrisie dont au final tous les agents font les frais&#8230;Qu\u2019en pensez-vous ? Pour Fxxxx Mxx, notre jxxxx, je sugg\u00e8re que, si la majorit\u00e9  actuelle se maintient , il ne soit pas titularis\u00e9 (fin 2020). Il est actuellement sous le statut de stagiaire apr\u00e8s r\u00e9ussite au concours. D\u00e9sol\u00e9e pour ce long mail, mais cette atmosph\u00e8re en mairie me fatigue et j\u2019aimerais pouvoir y r\u00e9agir concr\u00e8tement.<\/p>\n\n\n\n<p> Cordialement Jxxxx Gxxxx<\/p>\n\n\n\n<p><\/p>\n\n\n\n<p>J&#8217;ai cach\u00e9 les noms des agents concern\u00e9s et j&#8217;invite chacun \u00e0 se consacrer \u00e0 sa mission en toute neutralit\u00e9 politique.<\/p>\n","protected":false},"excerpt":{"rendered":"<p>Vous \u00eates nombreux \u00e0 me contacter pour diff\u00e9rents probl\u00e8mes que vous rencontrez avec la mairie. La seule chose que je puisse faire en ce moment c&#8217;est de tenter de vous expliquer que : &#8211; La p\u00e9riode du COVID-19 est difficile pour toutes les administrations, mais vous me r\u00e9pondez que dans les autres mairies, cela fonctionne [&hellip;]<\/p>\n","protected":false},"author":1,"featured_media":12762,"comment_status":"open","ping_status":"closed","sticky":false,"template":"","format":"standard","meta":{"footnotes":""},"categories":[10,387],"tags":[],"class_list":["post-12760","post","type-post","status-publish","format-standard","has-post-thumbnail","hentry","category-1pelletant","category-municipales-2020"],"yoast_head":"<!-- This site is optimized with the Yoast SEO plugin v25.6 - https:\/\/yoast.com\/wordpress\/plugins\/seo\/ -->\n<title>Pourquoi c&#039;est la CATA \u00e0 la mairie de Linas ? - Fran\u00e7ois Pelletant<\/title>\n<meta name=\"robots\" content=\"index, follow, max-snippet:-1, max-image-preview:large, max-video-preview:-1\" \/>\n<link rel=\"canonical\" href=\"https:\/\/francois-pelletant.fr\/blog\/pourquoi-cest-la-cata-a-la-mairie-de-linas\/\" \/>\n<meta property=\"og:locale\" content=\"fr_FR\" \/>\n<meta property=\"og:type\" content=\"article\" \/>\n<meta property=\"og:title\" content=\"Pourquoi c&#039;est la CATA \u00e0 la mairie de Linas ? - Fran\u00e7ois Pelletant\" \/>\n<meta property=\"og:description\" content=\"Vous \u00eates nombreux \u00e0 me contacter pour diff\u00e9rents probl\u00e8mes que vous rencontrez avec la mairie. La seule chose que je puisse faire en ce moment c&#8217;est de tenter de vous expliquer que : &#8211; La p\u00e9riode du COVID-19 est difficile pour toutes les administrations, mais vous me r\u00e9pondez que dans les autres mairies, cela fonctionne [&hellip;]\" \/>\n<meta property=\"og:url\" content=\"https:\/\/francois-pelletant.fr\/blog\/pourquoi-cest-la-cata-a-la-mairie-de-linas\/\" \/>\n<meta property=\"og:site_name\" content=\"Fran\u00e7ois Pelletant\" \/>\n<meta property=\"article:publisher\" content=\"https:\/\/www.facebook.com\/francois.pelletant.7\" \/>\n<meta property=\"article:published_time\" content=\"2020-04-22T08:39:49+00:00\" \/>\n<meta property=\"article:modified_time\" content=\"2020-07-20T22:23:58+00:00\" \/>\n<meta property=\"og:image\" content=\"https:\/\/francois-pelletant.fr\/blog\/wp-content\/uploads\/2020\/04\/Sans-titre.jpg\" \/>\n\t<meta property=\"og:image:width\" content=\"498\" \/>\n\t<meta property=\"og:image:height\" content=\"370\" \/>\n\t<meta property=\"og:image:type\" content=\"image\/jpeg\" \/>\n<meta name=\"author\" content=\"Francois\" \/>\n<meta name=\"twitter:card\" content=\"summary_large_image\" \/>\n<meta name=\"twitter:creator\" content=\"@pelletant\" \/>\n<meta name=\"twitter:site\" content=\"@pelletant\" \/>\n<meta name=\"twitter:label1\" content=\"\u00c9crit par\" \/>\n\t<meta name=\"twitter:data1\" content=\"Francois\" \/>\n\t<meta name=\"twitter:label2\" content=\"Dur\u00e9e de lecture estim\u00e9e\" \/>\n\t<meta name=\"twitter:data2\" content=\"5 minutes\" \/>\n<script type=\"application\/ld+json\" class=\"yoast-schema-graph\">{\"@context\":\"https:\/\/schema.org\",\"@graph\":[{\"@type\":\"Article\",\"@id\":\"https:\/\/francois-pelletant.fr\/blog\/pourquoi-cest-la-cata-a-la-mairie-de-linas\/#article\",\"isPartOf\":{\"@id\":\"https:\/\/francois-pelletant.fr\/blog\/pourquoi-cest-la-cata-a-la-mairie-de-linas\/\"},\"author\":{\"name\":\"Francois\",\"@id\":\"https:\/\/francois-pelletant.fr\/blog\/#\/schema\/person\/2be41acb171dff8f31aaed1f40cee9f3\"},\"headline\":\"Pourquoi c&#8217;est la CATA \u00e0 la mairie de Linas ?\",\"datePublished\":\"2020-04-22T08:39:49+00:00\",\"dateModified\":\"2020-07-20T22:23:58+00:00\",\"mainEntityOfPage\":{\"@id\":\"https:\/\/francois-pelletant.fr\/blog\/pourquoi-cest-la-cata-a-la-mairie-de-linas\/\"},\"wordCount\":932,\"commentCount\":0,\"publisher\":{\"@id\":\"https:\/\/francois-pelletant.fr\/blog\/#organization\"},\"image\":{\"@id\":\"https:\/\/francois-pelletant.fr\/blog\/pourquoi-cest-la-cata-a-la-mairie-de-linas\/#primaryimage\"},\"thumbnailUrl\":\"https:\/\/francois-pelletant.fr\/blog\/wp-content\/uploads\/2020\/04\/Sans-titre.jpg\",\"articleSection\":[\"Infos\",\"municipales 2020\"],\"inLanguage\":\"fr-FR\",\"potentialAction\":[{\"@type\":\"CommentAction\",\"name\":\"Comment\",\"target\":[\"https:\/\/francois-pelletant.fr\/blog\/pourquoi-cest-la-cata-a-la-mairie-de-linas\/#respond\"]}]},{\"@type\":\"WebPage\",\"@id\":\"https:\/\/francois-pelletant.fr\/blog\/pourquoi-cest-la-cata-a-la-mairie-de-linas\/\",\"url\":\"https:\/\/francois-pelletant.fr\/blog\/pourquoi-cest-la-cata-a-la-mairie-de-linas\/\",\"name\":\"Pourquoi c'est la CATA \u00e0 la mairie de Linas ? - Fran\u00e7ois Pelletant\",\"isPartOf\":{\"@id\":\"https:\/\/francois-pelletant.fr\/blog\/#website\"},\"primaryImageOfPage\":{\"@id\":\"https:\/\/francois-pelletant.fr\/blog\/pourquoi-cest-la-cata-a-la-mairie-de-linas\/#primaryimage\"},\"image\":{\"@id\":\"https:\/\/francois-pelletant.fr\/blog\/pourquoi-cest-la-cata-a-la-mairie-de-linas\/#primaryimage\"},\"thumbnailUrl\":\"https:\/\/francois-pelletant.fr\/blog\/wp-content\/uploads\/2020\/04\/Sans-titre.jpg\",\"datePublished\":\"2020-04-22T08:39:49+00:00\",\"dateModified\":\"2020-07-20T22:23:58+00:00\",\"breadcrumb\":{\"@id\":\"https:\/\/francois-pelletant.fr\/blog\/pourquoi-cest-la-cata-a-la-mairie-de-linas\/#breadcrumb\"},\"inLanguage\":\"fr-FR\",\"potentialAction\":[{\"@type\":\"ReadAction\",\"target\":[\"https:\/\/francois-pelletant.fr\/blog\/pourquoi-cest-la-cata-a-la-mairie-de-linas\/\"]}]},{\"@type\":\"ImageObject\",\"inLanguage\":\"fr-FR\",\"@id\":\"https:\/\/francois-pelletant.fr\/blog\/pourquoi-cest-la-cata-a-la-mairie-de-linas\/#primaryimage\",\"url\":\"https:\/\/francois-pelletant.fr\/blog\/wp-content\/uploads\/2020\/04\/Sans-titre.jpg\",\"contentUrl\":\"https:\/\/francois-pelletant.fr\/blog\/wp-content\/uploads\/2020\/04\/Sans-titre.jpg\",\"width\":498,\"height\":370,\"caption\":\"La mairie de Linas est dans une situation de d\u00e9sorganisation in\u00e9dite\"},{\"@type\":\"BreadcrumbList\",\"@id\":\"https:\/\/francois-pelletant.fr\/blog\/pourquoi-cest-la-cata-a-la-mairie-de-linas\/#breadcrumb\",\"itemListElement\":[{\"@type\":\"ListItem\",\"position\":1,\"name\":\"Accueil\",\"item\":\"https:\/\/francois-pelletant.fr\/blog\/\"},{\"@type\":\"ListItem\",\"position\":2,\"name\":\"Pourquoi c&#8217;est la CATA \u00e0 la mairie de Linas ?\"}]},{\"@type\":\"WebSite\",\"@id\":\"https:\/\/francois-pelletant.fr\/blog\/#website\",\"url\":\"https:\/\/francois-pelletant.fr\/blog\/\",\"name\":\"Fran\u00e7ois Pelletant\",\"description\":\"Maire de Linas, pour toujours.\",\"publisher\":{\"@id\":\"https:\/\/francois-pelletant.fr\/blog\/#organization\"},\"potentialAction\":[{\"@type\":\"SearchAction\",\"target\":{\"@type\":\"EntryPoint\",\"urlTemplate\":\"https:\/\/francois-pelletant.fr\/blog\/?s={search_term_string}\"},\"query-input\":{\"@type\":\"PropertyValueSpecification\",\"valueRequired\":true,\"valueName\":\"search_term_string\"}}],\"inLanguage\":\"fr-FR\"},{\"@type\":\"Organization\",\"@id\":\"https:\/\/francois-pelletant.fr\/blog\/#organization\",\"name\":\"Fran\u00e7ois Pelletant\",\"url\":\"https:\/\/francois-pelletant.fr\/blog\/\",\"logo\":{\"@type\":\"ImageObject\",\"inLanguage\":\"fr-FR\",\"@id\":\"https:\/\/francois-pelletant.fr\/blog\/#\/schema\/logo\/image\/\",\"url\":\"https:\/\/francois-pelletant.fr\/blog\/wp-content\/uploads\/2024\/07\/icone-francois-centre-500p.png\",\"contentUrl\":\"https:\/\/francois-pelletant.fr\/blog\/wp-content\/uploads\/2024\/07\/icone-francois-centre-500p.png\",\"width\":559,\"height\":447,\"caption\":\"Fran\u00e7ois Pelletant\"},\"image\":{\"@id\":\"https:\/\/francois-pelletant.fr\/blog\/#\/schema\/logo\/image\/\"},\"sameAs\":[\"https:\/\/www.facebook.com\/francois.pelletant.7\",\"https:\/\/x.com\/pelletant\"]},{\"@type\":\"Person\",\"@id\":\"https:\/\/francois-pelletant.fr\/blog\/#\/schema\/person\/2be41acb171dff8f31aaed1f40cee9f3\",\"name\":\"Francois\"}]}<\/script>\n<!-- \/ Yoast SEO plugin. -->","yoast_head_json":{"title":"Pourquoi c'est la CATA \u00e0 la mairie de Linas ? - Fran\u00e7ois Pelletant","robots":{"index":"index","follow":"follow","max-snippet":"max-snippet:-1","max-image-preview":"max-image-preview:large","max-video-preview":"max-video-preview:-1"},"canonical":"https:\/\/francois-pelletant.fr\/blog\/pourquoi-cest-la-cata-a-la-mairie-de-linas\/","og_locale":"fr_FR","og_type":"article","og_title":"Pourquoi c'est la CATA \u00e0 la mairie de Linas ? - Fran\u00e7ois Pelletant","og_description":"Vous \u00eates nombreux \u00e0 me contacter pour diff\u00e9rents probl\u00e8mes que vous rencontrez avec la mairie. La seule chose que je puisse faire en ce moment c&#8217;est de tenter de vous expliquer que : &#8211; La p\u00e9riode du COVID-19 est difficile pour toutes les administrations, mais vous me r\u00e9pondez que dans les autres mairies, cela fonctionne [&hellip;]","og_url":"https:\/\/francois-pelletant.fr\/blog\/pourquoi-cest-la-cata-a-la-mairie-de-linas\/","og_site_name":"Fran\u00e7ois Pelletant","article_publisher":"https:\/\/www.facebook.com\/francois.pelletant.7","article_published_time":"2020-04-22T08:39:49+00:00","article_modified_time":"2020-07-20T22:23:58+00:00","og_image":[{"width":498,"height":370,"url":"https:\/\/francois-pelletant.fr\/blog\/wp-content\/uploads\/2020\/04\/Sans-titre.jpg","type":"image\/jpeg"}],"author":"Francois","twitter_card":"summary_large_image","twitter_creator":"@pelletant","twitter_site":"@pelletant","twitter_misc":{"\u00c9crit par":"Francois","Dur\u00e9e de lecture estim\u00e9e":"5 minutes"},"schema":{"@context":"https:\/\/schema.org","@graph":[{"@type":"Article","@id":"https:\/\/francois-pelletant.fr\/blog\/pourquoi-cest-la-cata-a-la-mairie-de-linas\/#article","isPartOf":{"@id":"https:\/\/francois-pelletant.fr\/blog\/pourquoi-cest-la-cata-a-la-mairie-de-linas\/"},"author":{"name":"Francois","@id":"https:\/\/francois-pelletant.fr\/blog\/#\/schema\/person\/2be41acb171dff8f31aaed1f40cee9f3"},"headline":"Pourquoi c&#8217;est la CATA \u00e0 la mairie de Linas ?","datePublished":"2020-04-22T08:39:49+00:00","dateModified":"2020-07-20T22:23:58+00:00","mainEntityOfPage":{"@id":"https:\/\/francois-pelletant.fr\/blog\/pourquoi-cest-la-cata-a-la-mairie-de-linas\/"},"wordCount":932,"commentCount":0,"publisher":{"@id":"https:\/\/francois-pelletant.fr\/blog\/#organization"},"image":{"@id":"https:\/\/francois-pelletant.fr\/blog\/pourquoi-cest-la-cata-a-la-mairie-de-linas\/#primaryimage"},"thumbnailUrl":"https:\/\/francois-pelletant.fr\/blog\/wp-content\/uploads\/2020\/04\/Sans-titre.jpg","articleSection":["Infos","municipales 2020"],"inLanguage":"fr-FR","potentialAction":[{"@type":"CommentAction","name":"Comment","target":["https:\/\/francois-pelletant.fr\/blog\/pourquoi-cest-la-cata-a-la-mairie-de-linas\/#respond"]}]},{"@type":"WebPage","@id":"https:\/\/francois-pelletant.fr\/blog\/pourquoi-cest-la-cata-a-la-mairie-de-linas\/","url":"https:\/\/francois-pelletant.fr\/blog\/pourquoi-cest-la-cata-a-la-mairie-de-linas\/","name":"Pourquoi c'est la CATA \u00e0 la mairie de Linas ? - Fran\u00e7ois Pelletant","isPartOf":{"@id":"https:\/\/francois-pelletant.fr\/blog\/#website"},"primaryImageOfPage":{"@id":"https:\/\/francois-pelletant.fr\/blog\/pourquoi-cest-la-cata-a-la-mairie-de-linas\/#primaryimage"},"image":{"@id":"https:\/\/francois-pelletant.fr\/blog\/pourquoi-cest-la-cata-a-la-mairie-de-linas\/#primaryimage"},"thumbnailUrl":"https:\/\/francois-pelletant.fr\/blog\/wp-content\/uploads\/2020\/04\/Sans-titre.jpg","datePublished":"2020-04-22T08:39:49+00:00","dateModified":"2020-07-20T22:23:58+00:00","breadcrumb":{"@id":"https:\/\/francois-pelletant.fr\/blog\/pourquoi-cest-la-cata-a-la-mairie-de-linas\/#breadcrumb"},"inLanguage":"fr-FR","potentialAction":[{"@type":"ReadAction","target":["https:\/\/francois-pelletant.fr\/blog\/pourquoi-cest-la-cata-a-la-mairie-de-linas\/"]}]},{"@type":"ImageObject","inLanguage":"fr-FR","@id":"https:\/\/francois-pelletant.fr\/blog\/pourquoi-cest-la-cata-a-la-mairie-de-linas\/#primaryimage","url":"https:\/\/francois-pelletant.fr\/blog\/wp-content\/uploads\/2020\/04\/Sans-titre.jpg","contentUrl":"https:\/\/francois-pelletant.fr\/blog\/wp-content\/uploads\/2020\/04\/Sans-titre.jpg","width":498,"height":370,"caption":"La mairie de Linas est dans une situation de d\u00e9sorganisation in\u00e9dite"},{"@type":"BreadcrumbList","@id":"https:\/\/francois-pelletant.fr\/blog\/pourquoi-cest-la-cata-a-la-mairie-de-linas\/#breadcrumb","itemListElement":[{"@type":"ListItem","position":1,"name":"Accueil","item":"https:\/\/francois-pelletant.fr\/blog\/"},{"@type":"ListItem","position":2,"name":"Pourquoi c&#8217;est la CATA \u00e0 la mairie de Linas ?"}]},{"@type":"WebSite","@id":"https:\/\/francois-pelletant.fr\/blog\/#website","url":"https:\/\/francois-pelletant.fr\/blog\/","name":"Fran\u00e7ois Pelletant","description":"Maire de Linas, pour toujours.","publisher":{"@id":"https:\/\/francois-pelletant.fr\/blog\/#organization"},"potentialAction":[{"@type":"SearchAction","target":{"@type":"EntryPoint","urlTemplate":"https:\/\/francois-pelletant.fr\/blog\/?s={search_term_string}"},"query-input":{"@type":"PropertyValueSpecification","valueRequired":true,"valueName":"search_term_string"}}],"inLanguage":"fr-FR"},{"@type":"Organization","@id":"https:\/\/francois-pelletant.fr\/blog\/#organization","name":"Fran\u00e7ois Pelletant","url":"https:\/\/francois-pelletant.fr\/blog\/","logo":{"@type":"ImageObject","inLanguage":"fr-FR","@id":"https:\/\/francois-pelletant.fr\/blog\/#\/schema\/logo\/image\/","url":"https:\/\/francois-pelletant.fr\/blog\/wp-content\/uploads\/2024\/07\/icone-francois-centre-500p.png","contentUrl":"https:\/\/francois-pelletant.fr\/blog\/wp-content\/uploads\/2024\/07\/icone-francois-centre-500p.png","width":559,"height":447,"caption":"Fran\u00e7ois Pelletant"},"image":{"@id":"https:\/\/francois-pelletant.fr\/blog\/#\/schema\/logo\/image\/"},"sameAs":["https:\/\/www.facebook.com\/francois.pelletant.7","https:\/\/x.com\/pelletant"]},{"@type":"Person","@id":"https:\/\/francois-pelletant.fr\/blog\/#\/schema\/person\/2be41acb171dff8f31aaed1f40cee9f3","name":"Francois"}]}},"_links":{"self":[{"href":"https:\/\/francois-pelletant.fr\/blog\/wp-json\/wp\/v2\/posts\/12760","targetHints":{"allow":["GET"]}}],"collection":[{"href":"https:\/\/francois-pelletant.fr\/blog\/wp-json\/wp\/v2\/posts"}],"about":[{"href":"https:\/\/francois-pelletant.fr\/blog\/wp-json\/wp\/v2\/types\/post"}],"author":[{"embeddable":true,"href":"https:\/\/francois-pelletant.fr\/blog\/wp-json\/wp\/v2\/users\/1"}],"replies":[{"embeddable":true,"href":"https:\/\/francois-pelletant.fr\/blog\/wp-json\/wp\/v2\/comments?post=12760"}],"version-history":[{"count":0,"href":"https:\/\/francois-pelletant.fr\/blog\/wp-json\/wp\/v2\/posts\/12760\/revisions"}],"wp:featuredmedia":[{"embeddable":true,"href":"https:\/\/francois-pelletant.fr\/blog\/wp-json\/wp\/v2\/media\/12762"}],"wp:attachment":[{"href":"https:\/\/francois-pelletant.fr\/blog\/wp-json\/wp\/v2\/media?parent=12760"}],"wp:term":[{"taxonomy":"category","embeddable":true,"href":"https:\/\/francois-pelletant.fr\/blog\/wp-json\/wp\/v2\/categories?post=12760"},{"taxonomy":"post_tag","embeddable":true,"href":"https:\/\/francois-pelletant.fr\/blog\/wp-json\/wp\/v2\/tags?post=12760"}],"curies":[{"name":"wp","href":"https:\/\/api.w.org\/{rel}","templated":true}]}}