{"id":12773,"date":"2020-05-02T13:02:52","date_gmt":"2020-05-02T13:02:52","guid":{"rendered":"https:\/\/francois-pelletant.fr\/blog\/?p=12773"},"modified":"2020-07-20T22:24:12","modified_gmt":"2020-07-20T22:24:12","slug":"soutenons-monsieur-barroso","status":"publish","type":"post","link":"https:\/\/francois-pelletant.fr\/blog\/soutenons-monsieur-barroso\/","title":{"rendered":"Soutenons Monsieur BARROSO"},"content":{"rendered":"\n<p>Je souhaite apporter mon total soutien \u00e0 Monsieur Barroso Paulo qui habite \u00e0 Linas. Lors d&#8217;\u00e9changes sur facebook, il a \u00e9t\u00e9 insult\u00e9 et sali par un candidat, t\u00eate de liste aux \u00e9lections municipales, bien connu \u00e0 Linas pour ses exc\u00e8s en tous genres. <\/p>\n\n\n\n<figure class=\"wp-block-image size-large\"><img loading=\"lazy\" decoding=\"async\" width=\"494\" height=\"282\" src=\"https:\/\/francois-pelletant.fr\/blog\/wp-content\/uploads\/2020\/05\/paulo-barroso.jpg\" alt=\"Monsieur Paulo Barroso\" class=\"wp-image-12774\" srcset=\"https:\/\/francois-pelletant.fr\/blog\/wp-content\/uploads\/2020\/05\/paulo-barroso.jpg 494w, https:\/\/francois-pelletant.fr\/blog\/wp-content\/uploads\/2020\/05\/paulo-barroso-300x171.jpg 300w, https:\/\/francois-pelletant.fr\/blog\/wp-content\/uploads\/2020\/05\/paulo-barroso-150x85.jpg 150w\" sizes=\"auto, (max-width: 494px) 100vw, 494px\" \/><\/figure>\n\n\n\n<p> Monsieur BARROSO est cadre dans une entreprise de nettoyage. Il a \u00e9t\u00e9 d\u00e9sign\u00e9 comme &#8220;Homme de m\u00e9nage am\u00e9lior\u00e9&#8221; et pr\u00e9sent\u00e9 comme l&#8217;enfant rat\u00e9 de sa fratrie&#8230;.<br \/> tout ceci au vu et su de tous les publics, ses voisins \u00e0 Linas mais aussi ses coll\u00e8gues de travail et sa famille, sans aucune mod\u00e9ration ni discr\u00e9tion.<\/p>\n\n\n\n<p> M. Lardi\u00e8re, puisqu&#8217;il faut bien nommer l&#8217;agresseur, est vraiment un fl\u00e9au pour Linas. <\/p>\n\n\n\n<p> Je regrette que son complice implicite, M.Hertz qui, il y a une semaine,  d\u00e9sapprouvait violemment que les noms de ses &#8220;activistes&#8221; \u00e0 la mairie de Linas aient \u00e9t\u00e9 rendus publics, ne s&#8217;\u00e9meuve pas du cas bien plus grave de M. Barroso. Peut-\u00eatre parce que cette personne appartient \u00e0 une liste adverse.<\/p>\n\n\n\n<p> En tout \u00e9tat de cause,  je pense que :<\/p>\n\n\n\n<p> &#8211; Les &#8220;agents de service&#8221; sont en ce moment sur le front dans les h\u00f4pitaux, les EHPAD. Ce sont des h\u00e9ros qui m\u00e9ritent notre plus grand respect plut\u00f4t que le m\u00e9pris condescendant de certains, comme nous venons de le constater \u00e0 Linas. <\/p>\n\n\n\n<p> &#8211; Ce genre de critique est vraiment inacceptable, m\u00eame si nous sommes en p\u00e9riode post\u00e9lectorale. La crise du COVID-19 qui emporte chaque jour plusieurs centaines de nos compatriotes devrait imposer le silence \u00e0 ces &#8220;charognards&#8221; politiques qui n&#8217;ont aucune notion de respect pour quiconque.<\/p>\n\n\n\n<p> &#8211; Messieurs Lardi\u00e8re et Hertz ont fait de la politique \u00e0 Linas un v\u00e9ritable film d&#8217;horreur o\u00f9 les attaques les plus intimes et personnelles sont r\u00e9guli\u00e8res pour salir et affaiblir un adversaire irr\u00e9prochable. De plus en plus de Linois consid\u00e8rent que la d\u00e9mocratie est d\u00e9tourn\u00e9e par de tels comportements. Nous devons tous nous \u00e9lever contre cela.<\/p>\n\n\n\n<p> <a href=\"https:\/\/www.facebook.com\/hashtag\/jesuispaulobarroso?source=feed_text&amp;epa=HASHTAG\" target=\"_blank\" rel=\"nofollow\">#JesuisPauloBarroso<\/a> !<\/p>\n","protected":false},"excerpt":{"rendered":"<p>Je souhaite apporter mon total soutien \u00e0 Monsieur Barroso Paulo qui habite \u00e0 Linas. Lors d&#8217;\u00e9changes sur facebook, il a \u00e9t\u00e9 insult\u00e9 et sali par un candidat, t\u00eate de liste aux \u00e9lections municipales, bien connu \u00e0 Linas pour ses exc\u00e8s en tous genres. Monsieur BARROSO est cadre dans une entreprise de nettoyage. Il a \u00e9t\u00e9 [&hellip;]<\/p>\n","protected":false},"author":1,"featured_media":12774,"comment_status":"open","ping_status":"closed","sticky":false,"template":"","format":"standard","meta":{"footnotes":""},"categories":[10,387],"tags":[],"class_list":["post-12773","post","type-post","status-publish","format-standard","has-post-thumbnail","hentry","category-1pelletant","category-municipales-2020"],"yoast_head":"<!-- This site is optimized with the Yoast SEO plugin v25.6 - https:\/\/yoast.com\/wordpress\/plugins\/seo\/ -->\n<title>Soutenons Monsieur BARROSO - Fran\u00e7ois Pelletant<\/title>\n<meta name=\"robots\" content=\"index, follow, max-snippet:-1, max-image-preview:large, max-video-preview:-1\" \/>\n<link rel=\"canonical\" href=\"https:\/\/francois-pelletant.fr\/blog\/soutenons-monsieur-barroso\/\" \/>\n<meta property=\"og:locale\" content=\"fr_FR\" \/>\n<meta property=\"og:type\" content=\"article\" \/>\n<meta property=\"og:title\" content=\"Soutenons Monsieur BARROSO - Fran\u00e7ois Pelletant\" \/>\n<meta property=\"og:description\" content=\"Je souhaite apporter mon total soutien \u00e0 Monsieur Barroso Paulo qui habite \u00e0 Linas. Lors d&#8217;\u00e9changes sur facebook, il a \u00e9t\u00e9 insult\u00e9 et sali par un candidat, t\u00eate de liste aux \u00e9lections municipales, bien connu \u00e0 Linas pour ses exc\u00e8s en tous genres. Monsieur BARROSO est cadre dans une entreprise de nettoyage. Il a \u00e9t\u00e9 [&hellip;]\" \/>\n<meta property=\"og:url\" content=\"https:\/\/francois-pelletant.fr\/blog\/soutenons-monsieur-barroso\/\" \/>\n<meta property=\"og:site_name\" content=\"Fran\u00e7ois Pelletant\" \/>\n<meta property=\"article:publisher\" content=\"https:\/\/www.facebook.com\/francois.pelletant.7\" \/>\n<meta property=\"article:published_time\" content=\"2020-05-02T13:02:52+00:00\" \/>\n<meta property=\"article:modified_time\" content=\"2020-07-20T22:24:12+00:00\" \/>\n<meta property=\"og:image\" content=\"https:\/\/francois-pelletant.fr\/blog\/wp-content\/uploads\/2020\/05\/paulo-barroso.jpg\" \/>\n\t<meta property=\"og:image:width\" content=\"494\" \/>\n\t<meta property=\"og:image:height\" content=\"282\" \/>\n\t<meta property=\"og:image:type\" content=\"image\/jpeg\" \/>\n<meta name=\"author\" content=\"Francois\" \/>\n<meta name=\"twitter:card\" content=\"summary_large_image\" \/>\n<meta name=\"twitter:creator\" content=\"@pelletant\" \/>\n<meta name=\"twitter:site\" content=\"@pelletant\" \/>\n<meta name=\"twitter:label1\" content=\"\u00c9crit par\" \/>\n\t<meta name=\"twitter:data1\" content=\"Francois\" \/>\n\t<meta name=\"twitter:label2\" content=\"Dur\u00e9e de lecture estim\u00e9e\" \/>\n\t<meta name=\"twitter:data2\" content=\"2 minutes\" \/>\n<script type=\"application\/ld+json\" class=\"yoast-schema-graph\">{\"@context\":\"https:\/\/schema.org\",\"@graph\":[{\"@type\":\"Article\",\"@id\":\"https:\/\/francois-pelletant.fr\/blog\/soutenons-monsieur-barroso\/#article\",\"isPartOf\":{\"@id\":\"https:\/\/francois-pelletant.fr\/blog\/soutenons-monsieur-barroso\/\"},\"author\":{\"name\":\"Francois\",\"@id\":\"https:\/\/francois-pelletant.fr\/blog\/#\/schema\/person\/2be41acb171dff8f31aaed1f40cee9f3\"},\"headline\":\"Soutenons Monsieur BARROSO\",\"datePublished\":\"2020-05-02T13:02:52+00:00\",\"dateModified\":\"2020-07-20T22:24:12+00:00\",\"mainEntityOfPage\":{\"@id\":\"https:\/\/francois-pelletant.fr\/blog\/soutenons-monsieur-barroso\/\"},\"wordCount\":344,\"commentCount\":0,\"publisher\":{\"@id\":\"https:\/\/francois-pelletant.fr\/blog\/#organization\"},\"image\":{\"@id\":\"https:\/\/francois-pelletant.fr\/blog\/soutenons-monsieur-barroso\/#primaryimage\"},\"thumbnailUrl\":\"https:\/\/francois-pelletant.fr\/blog\/wp-content\/uploads\/2020\/05\/paulo-barroso.jpg\",\"articleSection\":[\"Infos\",\"municipales 2020\"],\"inLanguage\":\"fr-FR\",\"potentialAction\":[{\"@type\":\"CommentAction\",\"name\":\"Comment\",\"target\":[\"https:\/\/francois-pelletant.fr\/blog\/soutenons-monsieur-barroso\/#respond\"]}]},{\"@type\":\"WebPage\",\"@id\":\"https:\/\/francois-pelletant.fr\/blog\/soutenons-monsieur-barroso\/\",\"url\":\"https:\/\/francois-pelletant.fr\/blog\/soutenons-monsieur-barroso\/\",\"name\":\"Soutenons Monsieur BARROSO - Fran\u00e7ois Pelletant\",\"isPartOf\":{\"@id\":\"https:\/\/francois-pelletant.fr\/blog\/#website\"},\"primaryImageOfPage\":{\"@id\":\"https:\/\/francois-pelletant.fr\/blog\/soutenons-monsieur-barroso\/#primaryimage\"},\"image\":{\"@id\":\"https:\/\/francois-pelletant.fr\/blog\/soutenons-monsieur-barroso\/#primaryimage\"},\"thumbnailUrl\":\"https:\/\/francois-pelletant.fr\/blog\/wp-content\/uploads\/2020\/05\/paulo-barroso.jpg\",\"datePublished\":\"2020-05-02T13:02:52+00:00\",\"dateModified\":\"2020-07-20T22:24:12+00:00\",\"breadcrumb\":{\"@id\":\"https:\/\/francois-pelletant.fr\/blog\/soutenons-monsieur-barroso\/#breadcrumb\"},\"inLanguage\":\"fr-FR\",\"potentialAction\":[{\"@type\":\"ReadAction\",\"target\":[\"https:\/\/francois-pelletant.fr\/blog\/soutenons-monsieur-barroso\/\"]}]},{\"@type\":\"ImageObject\",\"inLanguage\":\"fr-FR\",\"@id\":\"https:\/\/francois-pelletant.fr\/blog\/soutenons-monsieur-barroso\/#primaryimage\",\"url\":\"https:\/\/francois-pelletant.fr\/blog\/wp-content\/uploads\/2020\/05\/paulo-barroso.jpg\",\"contentUrl\":\"https:\/\/francois-pelletant.fr\/blog\/wp-content\/uploads\/2020\/05\/paulo-barroso.jpg\",\"width\":494,\"height\":282},{\"@type\":\"BreadcrumbList\",\"@id\":\"https:\/\/francois-pelletant.fr\/blog\/soutenons-monsieur-barroso\/#breadcrumb\",\"itemListElement\":[{\"@type\":\"ListItem\",\"position\":1,\"name\":\"Accueil\",\"item\":\"https:\/\/francois-pelletant.fr\/blog\/\"},{\"@type\":\"ListItem\",\"position\":2,\"name\":\"Soutenons Monsieur BARROSO\"}]},{\"@type\":\"WebSite\",\"@id\":\"https:\/\/francois-pelletant.fr\/blog\/#website\",\"url\":\"https:\/\/francois-pelletant.fr\/blog\/\",\"name\":\"Fran\u00e7ois Pelletant\",\"description\":\"Maire de Linas, pour toujours.\",\"publisher\":{\"@id\":\"https:\/\/francois-pelletant.fr\/blog\/#organization\"},\"potentialAction\":[{\"@type\":\"SearchAction\",\"target\":{\"@type\":\"EntryPoint\",\"urlTemplate\":\"https:\/\/francois-pelletant.fr\/blog\/?s={search_term_string}\"},\"query-input\":{\"@type\":\"PropertyValueSpecification\",\"valueRequired\":true,\"valueName\":\"search_term_string\"}}],\"inLanguage\":\"fr-FR\"},{\"@type\":\"Organization\",\"@id\":\"https:\/\/francois-pelletant.fr\/blog\/#organization\",\"name\":\"Fran\u00e7ois Pelletant\",\"url\":\"https:\/\/francois-pelletant.fr\/blog\/\",\"logo\":{\"@type\":\"ImageObject\",\"inLanguage\":\"fr-FR\",\"@id\":\"https:\/\/francois-pelletant.fr\/blog\/#\/schema\/logo\/image\/\",\"url\":\"https:\/\/francois-pelletant.fr\/blog\/wp-content\/uploads\/2024\/07\/icone-francois-centre-500p.png\",\"contentUrl\":\"https:\/\/francois-pelletant.fr\/blog\/wp-content\/uploads\/2024\/07\/icone-francois-centre-500p.png\",\"width\":559,\"height\":447,\"caption\":\"Fran\u00e7ois Pelletant\"},\"image\":{\"@id\":\"https:\/\/francois-pelletant.fr\/blog\/#\/schema\/logo\/image\/\"},\"sameAs\":[\"https:\/\/www.facebook.com\/francois.pelletant.7\",\"https:\/\/x.com\/pelletant\"]},{\"@type\":\"Person\",\"@id\":\"https:\/\/francois-pelletant.fr\/blog\/#\/schema\/person\/2be41acb171dff8f31aaed1f40cee9f3\",\"name\":\"Francois\"}]}<\/script>\n<!-- \/ Yoast SEO plugin. -->","yoast_head_json":{"title":"Soutenons Monsieur BARROSO - Fran\u00e7ois Pelletant","robots":{"index":"index","follow":"follow","max-snippet":"max-snippet:-1","max-image-preview":"max-image-preview:large","max-video-preview":"max-video-preview:-1"},"canonical":"https:\/\/francois-pelletant.fr\/blog\/soutenons-monsieur-barroso\/","og_locale":"fr_FR","og_type":"article","og_title":"Soutenons Monsieur BARROSO - Fran\u00e7ois Pelletant","og_description":"Je souhaite apporter mon total soutien \u00e0 Monsieur Barroso Paulo qui habite \u00e0 Linas. Lors d&#8217;\u00e9changes sur facebook, il a \u00e9t\u00e9 insult\u00e9 et sali par un candidat, t\u00eate de liste aux \u00e9lections municipales, bien connu \u00e0 Linas pour ses exc\u00e8s en tous genres. Monsieur BARROSO est cadre dans une entreprise de nettoyage. Il a \u00e9t\u00e9 [&hellip;]","og_url":"https:\/\/francois-pelletant.fr\/blog\/soutenons-monsieur-barroso\/","og_site_name":"Fran\u00e7ois Pelletant","article_publisher":"https:\/\/www.facebook.com\/francois.pelletant.7","article_published_time":"2020-05-02T13:02:52+00:00","article_modified_time":"2020-07-20T22:24:12+00:00","og_image":[{"width":494,"height":282,"url":"https:\/\/francois-pelletant.fr\/blog\/wp-content\/uploads\/2020\/05\/paulo-barroso.jpg","type":"image\/jpeg"}],"author":"Francois","twitter_card":"summary_large_image","twitter_creator":"@pelletant","twitter_site":"@pelletant","twitter_misc":{"\u00c9crit par":"Francois","Dur\u00e9e de lecture estim\u00e9e":"2 minutes"},"schema":{"@context":"https:\/\/schema.org","@graph":[{"@type":"Article","@id":"https:\/\/francois-pelletant.fr\/blog\/soutenons-monsieur-barroso\/#article","isPartOf":{"@id":"https:\/\/francois-pelletant.fr\/blog\/soutenons-monsieur-barroso\/"},"author":{"name":"Francois","@id":"https:\/\/francois-pelletant.fr\/blog\/#\/schema\/person\/2be41acb171dff8f31aaed1f40cee9f3"},"headline":"Soutenons Monsieur BARROSO","datePublished":"2020-05-02T13:02:52+00:00","dateModified":"2020-07-20T22:24:12+00:00","mainEntityOfPage":{"@id":"https:\/\/francois-pelletant.fr\/blog\/soutenons-monsieur-barroso\/"},"wordCount":344,"commentCount":0,"publisher":{"@id":"https:\/\/francois-pelletant.fr\/blog\/#organization"},"image":{"@id":"https:\/\/francois-pelletant.fr\/blog\/soutenons-monsieur-barroso\/#primaryimage"},"thumbnailUrl":"https:\/\/francois-pelletant.fr\/blog\/wp-content\/uploads\/2020\/05\/paulo-barroso.jpg","articleSection":["Infos","municipales 2020"],"inLanguage":"fr-FR","potentialAction":[{"@type":"CommentAction","name":"Comment","target":["https:\/\/francois-pelletant.fr\/blog\/soutenons-monsieur-barroso\/#respond"]}]},{"@type":"WebPage","@id":"https:\/\/francois-pelletant.fr\/blog\/soutenons-monsieur-barroso\/","url":"https:\/\/francois-pelletant.fr\/blog\/soutenons-monsieur-barroso\/","name":"Soutenons Monsieur BARROSO - Fran\u00e7ois Pelletant","isPartOf":{"@id":"https:\/\/francois-pelletant.fr\/blog\/#website"},"primaryImageOfPage":{"@id":"https:\/\/francois-pelletant.fr\/blog\/soutenons-monsieur-barroso\/#primaryimage"},"image":{"@id":"https:\/\/francois-pelletant.fr\/blog\/soutenons-monsieur-barroso\/#primaryimage"},"thumbnailUrl":"https:\/\/francois-pelletant.fr\/blog\/wp-content\/uploads\/2020\/05\/paulo-barroso.jpg","datePublished":"2020-05-02T13:02:52+00:00","dateModified":"2020-07-20T22:24:12+00:00","breadcrumb":{"@id":"https:\/\/francois-pelletant.fr\/blog\/soutenons-monsieur-barroso\/#breadcrumb"},"inLanguage":"fr-FR","potentialAction":[{"@type":"ReadAction","target":["https:\/\/francois-pelletant.fr\/blog\/soutenons-monsieur-barroso\/"]}]},{"@type":"ImageObject","inLanguage":"fr-FR","@id":"https:\/\/francois-pelletant.fr\/blog\/soutenons-monsieur-barroso\/#primaryimage","url":"https:\/\/francois-pelletant.fr\/blog\/wp-content\/uploads\/2020\/05\/paulo-barroso.jpg","contentUrl":"https:\/\/francois-pelletant.fr\/blog\/wp-content\/uploads\/2020\/05\/paulo-barroso.jpg","width":494,"height":282},{"@type":"BreadcrumbList","@id":"https:\/\/francois-pelletant.fr\/blog\/soutenons-monsieur-barroso\/#breadcrumb","itemListElement":[{"@type":"ListItem","position":1,"name":"Accueil","item":"https:\/\/francois-pelletant.fr\/blog\/"},{"@type":"ListItem","position":2,"name":"Soutenons Monsieur BARROSO"}]},{"@type":"WebSite","@id":"https:\/\/francois-pelletant.fr\/blog\/#website","url":"https:\/\/francois-pelletant.fr\/blog\/","name":"Fran\u00e7ois Pelletant","description":"Maire de Linas, pour toujours.","publisher":{"@id":"https:\/\/francois-pelletant.fr\/blog\/#organization"},"potentialAction":[{"@type":"SearchAction","target":{"@type":"EntryPoint","urlTemplate":"https:\/\/francois-pelletant.fr\/blog\/?s={search_term_string}"},"query-input":{"@type":"PropertyValueSpecification","valueRequired":true,"valueName":"search_term_string"}}],"inLanguage":"fr-FR"},{"@type":"Organization","@id":"https:\/\/francois-pelletant.fr\/blog\/#organization","name":"Fran\u00e7ois Pelletant","url":"https:\/\/francois-pelletant.fr\/blog\/","logo":{"@type":"ImageObject","inLanguage":"fr-FR","@id":"https:\/\/francois-pelletant.fr\/blog\/#\/schema\/logo\/image\/","url":"https:\/\/francois-pelletant.fr\/blog\/wp-content\/uploads\/2024\/07\/icone-francois-centre-500p.png","contentUrl":"https:\/\/francois-pelletant.fr\/blog\/wp-content\/uploads\/2024\/07\/icone-francois-centre-500p.png","width":559,"height":447,"caption":"Fran\u00e7ois Pelletant"},"image":{"@id":"https:\/\/francois-pelletant.fr\/blog\/#\/schema\/logo\/image\/"},"sameAs":["https:\/\/www.facebook.com\/francois.pelletant.7","https:\/\/x.com\/pelletant"]},{"@type":"Person","@id":"https:\/\/francois-pelletant.fr\/blog\/#\/schema\/person\/2be41acb171dff8f31aaed1f40cee9f3","name":"Francois"}]}},"_links":{"self":[{"href":"https:\/\/francois-pelletant.fr\/blog\/wp-json\/wp\/v2\/posts\/12773","targetHints":{"allow":["GET"]}}],"collection":[{"href":"https:\/\/francois-pelletant.fr\/blog\/wp-json\/wp\/v2\/posts"}],"about":[{"href":"https:\/\/francois-pelletant.fr\/blog\/wp-json\/wp\/v2\/types\/post"}],"author":[{"embeddable":true,"href":"https:\/\/francois-pelletant.fr\/blog\/wp-json\/wp\/v2\/users\/1"}],"replies":[{"embeddable":true,"href":"https:\/\/francois-pelletant.fr\/blog\/wp-json\/wp\/v2\/comments?post=12773"}],"version-history":[{"count":0,"href":"https:\/\/francois-pelletant.fr\/blog\/wp-json\/wp\/v2\/posts\/12773\/revisions"}],"wp:featuredmedia":[{"embeddable":true,"href":"https:\/\/francois-pelletant.fr\/blog\/wp-json\/wp\/v2\/media\/12774"}],"wp:attachment":[{"href":"https:\/\/francois-pelletant.fr\/blog\/wp-json\/wp\/v2\/media?parent=12773"}],"wp:term":[{"taxonomy":"category","embeddable":true,"href":"https:\/\/francois-pelletant.fr\/blog\/wp-json\/wp\/v2\/categories?post=12773"},{"taxonomy":"post_tag","embeddable":true,"href":"https:\/\/francois-pelletant.fr\/blog\/wp-json\/wp\/v2\/tags?post=12773"}],"curies":[{"name":"wp","href":"https:\/\/api.w.org\/{rel}","templated":true}]}}