{"id":1280,"date":"2011-12-01T13:48:39","date_gmt":"2011-12-01T13:48:39","guid":{"rendered":"https:\/\/francois-pelletant.fr\/blog\/?p=1280"},"modified":"2011-12-01T13:48:39","modified_gmt":"2011-12-01T13:48:39","slug":"j-cauet-en-flag-de-bluff","status":"publish","type":"post","link":"https:\/\/francois-pelletant.fr\/blog\/j-cauet-en-flag-de-bluff\/","title":{"rendered":"J. CAUET en flag de bluff"},"content":{"rendered":"<div>\n<p><a href=\"https:\/\/francois-pelletant.fr\/blog\/wp-content\/uploads\/2012\/01\/3689942425.jpg\"><img loading=\"lazy\" decoding=\"async\" class=\"alignleft size-medium wp-image-1281\" title=\"3689942425\" src=\"https:\/\/francois-pelletant.fr\/blog\/wp-content\/uploads\/2012\/01\/3689942425-300x168.jpg\" alt=\"\" width=\"300\" height=\"168\" \/><\/a>Comment peut- on avoir confiance en un Conseiller G\u00e9n\u00e9ral si c&#8217;est un menteur ? Voil\u00e0 encore une histoire tr\u00e8s r\u00e9v\u00e9latrice\u2026<\/p>\n<\/div>\n<p>Le 14 octobre dernier M. Cau\u00ebt a d\u00e9clar\u00e9 \u00e0 la presse qu&#8217;il avait d\u00e9pos\u00e9, le jour m\u00eame, son appel contre l&#8217;annulation des \u00e9lections cantonales.<\/p>\n<p>Cette &#8220;bonne&#8221; nouvelle a certainement rassur\u00e9 les \u00e9lecteurs de gauche qui, le lendemain, \u00e9taient invit\u00e9s \u00e0 participer aux \u00e9lections primaires du PS.<\/p>\n<p>Comme M. Cau\u00ebt\u00a0\u00a0peut facilement inspirer la sympathie; comme dit ma tante : &#8220;on lui donnerait le Bon Dieu sans confession&#8221; ((pour ceux qui n&#8217;ont pas fait le cat\u00e9chisme \u00e7a veut dire qu&#8217;il para\u00eet tellement honn\u00eate qu&#8217;on n&#8217; imaginerait pas qu&#8217;il puisse ne pas l&#8217;\u00eatre) tout le monde a cru qu&#8217;il avait dit vrai.<\/p>\n<p>Et c&#8217;est ainsi que vous avez pu lire dans la presse matinale du 15 octobre: &#8221; J\u00e9r\u00f4me Cau\u00ebt (PS) a fait appel hier devant le Conseil d\u2019Etat de l\u2019annulation de son \u00e9lection en tant que Conseiller G\u00e9n\u00e9ral du canton de Montlh\u00e9ry&#8221;. Vous n&#8217;aviez aucune raison de douter de cette info parue dans un quotidien s\u00e9rieux, car d\u00e8s le 6 octobre le m\u00eame M. Cau\u00ebt avait d\u00e9clar\u00e9, dans la m\u00eame presse, qu&#8217;il allait faire appel\u00a0\u00a0&#8221; tr\u00e8s rapidement&#8221;.<\/p>\n<p>Sauf que tout ceci \u00e9tait bidon !<\/p>\n<p>&nbsp;<\/p>\n<p>En guise de &#8220;tr\u00e8s rapidement&#8221; c&#8217;est finalement &#8220;le plus tard possible&#8221;, c&#8217;est \u00e0 dire le 3 novembre, qu&#8217;il a d\u00e9pos\u00e9 son appel. Et le 14 octobre, il n&#8217;avait rien d\u00e9pos\u00e9 du tout aupr\u00e8s du Conseil d&#8217;Etat contrairement \u00e0 ses d\u00e9clarations au journaliste.<\/p>\n<p>&nbsp;<\/p>\n<p>Bien jou\u00e9, comme dirait Tonton Olive ! C&#8217;est comme cela la politique, on bluffe&#8230; Sur sa bonne mine on fait gober n&#8217;importe quoi aux journalistes et on gagne sur tous les tableaux :<\/p>\n<p>&nbsp;<\/p>\n<p>1) On sauve les apparences pour les primaires afin de rassurer les \u00e9lecteurs de gauche en plein doute sur la moralit\u00e9 de ses \u00e9lus.<\/p>\n<p>&nbsp;<\/p>\n<p>2) Mais en r\u00e9alit\u00e9, on attend le dernier moment, comme je l&#8217;avais pr\u00e9dit, afin de reporter au plus tard possible la d\u00e9cision d\u00e9finitive du Conseil d&#8217;Etat.<\/p>\n<p>&nbsp;<\/p>\n<p>Si vous voulez v\u00e9rifier vous m\u00eame voici les preuves :<\/p>\n<p>&#8211; Article Parisien du 6\/10 :\u00a0<a href=\"http:\/\/pelletantfr.blogspirit.com\/media\/02\/01\/1645694286.pdf\" target=\"_blank\" rel=\"nofollow\">parisien-061011.pdf<\/a><\/p>\n<p>&#8211; Article Parisien du 15\/10 :\u00a0<a href=\"http:\/\/pelletantfr.blogspirit.com\/media\/00\/00\/936679127.jpg\" target=\"_blank\" rel=\"nofollow\">parisien 151011.jpg<\/a><\/p>\n<p>&#8211; Cachet de d\u00e9p\u00f4t du Conseil d&#8217;Etat :\u00a0<a href=\"http:\/\/pelletantfr.blogspirit.com\/media\/01\/00\/901647684.pdf\" target=\"_blank\" rel=\"nofollow\">Appel Conseil d&#8217;Etat Cauet.pdf<\/a><\/p>\n<p>&nbsp;<\/p>\n<p>Pour finir sur une note positive : Il arrive que M. Cau\u00ebt dise parfois la v\u00e9rit\u00e9.\u00a0\u00a0Par exemple au journaliste de Essonne Info il a d\u00e9clar\u00e9 le 4 novembre qu&#8217;il avait d\u00e9pos\u00e9 son appel la veille (<a href=\"http:\/\/essonneinfo.fr\/91-essonne-info\/14655\/polemique-autour-dun-contrat-departemental-pour-le-gymnase-de-linas\/#more-14655\" target=\"_blank\" rel=\"nofollow\">http:\/\/essonneinfo.fr\/91-essonne-info\/14655\/polemique-aut&#8230;<\/a>). Et\u00a0bien c&#8217;\u00e9tait vrai ! Mais je ne saurai pas expliquer pourquoi\u00a0\u00a0\u00e0 Essonne Info il dit la v\u00e9rit\u00e9 et au Parisien, non.<\/p>\n","protected":false},"excerpt":{"rendered":"<p>Comment peut- on avoir confiance en un Conseiller G\u00e9n\u00e9ral si c&#8217;est un menteur ? Voil\u00e0 encore une histoire tr\u00e8s r\u00e9v\u00e9latrice\u2026 Le 14 octobre dernier M. Cau\u00ebt a d\u00e9clar\u00e9 \u00e0 la presse qu&#8217;il avait d\u00e9pos\u00e9, le jour m\u00eame, son appel contre l&#8217;annulation des \u00e9lections cantonales. Cette &#8220;bonne&#8221; nouvelle a certainement rassur\u00e9 les \u00e9lecteurs de gauche qui, [&hellip;]<\/p>\n","protected":false},"author":1,"featured_media":1281,"comment_status":"open","ping_status":"open","sticky":false,"template":"","format":"standard","meta":{"footnotes":""},"categories":[3],"tags":[],"class_list":["post-1280","post","type-post","status-publish","format-standard","has-post-thumbnail","hentry","category-annulation-cantonales"],"yoast_head":"<!-- This site is optimized with the Yoast SEO plugin v25.6 - https:\/\/yoast.com\/wordpress\/plugins\/seo\/ -->\n<title>J. CAUET en flag de bluff - Fran\u00e7ois Pelletant<\/title>\n<meta name=\"robots\" content=\"index, follow, max-snippet:-1, max-image-preview:large, max-video-preview:-1\" \/>\n<link rel=\"canonical\" href=\"https:\/\/francois-pelletant.fr\/blog\/j-cauet-en-flag-de-bluff\/\" \/>\n<meta property=\"og:locale\" content=\"fr_FR\" \/>\n<meta property=\"og:type\" content=\"article\" \/>\n<meta property=\"og:title\" content=\"J. CAUET en flag de bluff - Fran\u00e7ois Pelletant\" \/>\n<meta property=\"og:description\" content=\"Comment peut- on avoir confiance en un Conseiller G\u00e9n\u00e9ral si c&#8217;est un menteur ? Voil\u00e0 encore une histoire tr\u00e8s r\u00e9v\u00e9latrice\u2026 Le 14 octobre dernier M. Cau\u00ebt a d\u00e9clar\u00e9 \u00e0 la presse qu&#8217;il avait d\u00e9pos\u00e9, le jour m\u00eame, son appel contre l&#8217;annulation des \u00e9lections cantonales. Cette &#8220;bonne&#8221; nouvelle a certainement rassur\u00e9 les \u00e9lecteurs de gauche qui, [&hellip;]\" \/>\n<meta property=\"og:url\" content=\"https:\/\/francois-pelletant.fr\/blog\/j-cauet-en-flag-de-bluff\/\" \/>\n<meta property=\"og:site_name\" content=\"Fran\u00e7ois Pelletant\" \/>\n<meta property=\"article:publisher\" content=\"https:\/\/www.facebook.com\/francois.pelletant.7\" \/>\n<meta property=\"article:published_time\" content=\"2011-12-01T13:48:39+00:00\" \/>\n<meta property=\"og:image\" content=\"https:\/\/francois-pelletant.fr\/blog\/wp-content\/uploads\/2012\/01\/3689942425.jpg\" \/>\n\t<meta property=\"og:image:width\" content=\"1024\" \/>\n\t<meta property=\"og:image:height\" content=\"576\" \/>\n\t<meta property=\"og:image:type\" content=\"image\/jpeg\" \/>\n<meta name=\"author\" content=\"Francois\" \/>\n<meta name=\"twitter:card\" content=\"summary_large_image\" \/>\n<meta name=\"twitter:creator\" content=\"@pelletant\" \/>\n<meta name=\"twitter:site\" content=\"@pelletant\" \/>\n<meta name=\"twitter:label1\" content=\"\u00c9crit par\" \/>\n\t<meta name=\"twitter:data1\" content=\"Francois\" \/>\n\t<meta name=\"twitter:label2\" content=\"Dur\u00e9e de lecture estim\u00e9e\" \/>\n\t<meta name=\"twitter:data2\" content=\"2 minutes\" \/>\n<script type=\"application\/ld+json\" class=\"yoast-schema-graph\">{\"@context\":\"https:\/\/schema.org\",\"@graph\":[{\"@type\":\"Article\",\"@id\":\"https:\/\/francois-pelletant.fr\/blog\/j-cauet-en-flag-de-bluff\/#article\",\"isPartOf\":{\"@id\":\"https:\/\/francois-pelletant.fr\/blog\/j-cauet-en-flag-de-bluff\/\"},\"author\":{\"name\":\"Francois\",\"@id\":\"https:\/\/francois-pelletant.fr\/blog\/#\/schema\/person\/2be41acb171dff8f31aaed1f40cee9f3\"},\"headline\":\"J. CAUET en flag de bluff\",\"datePublished\":\"2011-12-01T13:48:39+00:00\",\"mainEntityOfPage\":{\"@id\":\"https:\/\/francois-pelletant.fr\/blog\/j-cauet-en-flag-de-bluff\/\"},\"wordCount\":488,\"commentCount\":0,\"publisher\":{\"@id\":\"https:\/\/francois-pelletant.fr\/blog\/#organization\"},\"image\":{\"@id\":\"https:\/\/francois-pelletant.fr\/blog\/j-cauet-en-flag-de-bluff\/#primaryimage\"},\"thumbnailUrl\":\"https:\/\/francois-pelletant.fr\/blog\/wp-content\/uploads\/2012\/01\/3689942425.jpg\",\"articleSection\":[\"Annulation cantonales\"],\"inLanguage\":\"fr-FR\",\"potentialAction\":[{\"@type\":\"CommentAction\",\"name\":\"Comment\",\"target\":[\"https:\/\/francois-pelletant.fr\/blog\/j-cauet-en-flag-de-bluff\/#respond\"]}]},{\"@type\":\"WebPage\",\"@id\":\"https:\/\/francois-pelletant.fr\/blog\/j-cauet-en-flag-de-bluff\/\",\"url\":\"https:\/\/francois-pelletant.fr\/blog\/j-cauet-en-flag-de-bluff\/\",\"name\":\"J. CAUET en flag de bluff - Fran\u00e7ois Pelletant\",\"isPartOf\":{\"@id\":\"https:\/\/francois-pelletant.fr\/blog\/#website\"},\"primaryImageOfPage\":{\"@id\":\"https:\/\/francois-pelletant.fr\/blog\/j-cauet-en-flag-de-bluff\/#primaryimage\"},\"image\":{\"@id\":\"https:\/\/francois-pelletant.fr\/blog\/j-cauet-en-flag-de-bluff\/#primaryimage\"},\"thumbnailUrl\":\"https:\/\/francois-pelletant.fr\/blog\/wp-content\/uploads\/2012\/01\/3689942425.jpg\",\"datePublished\":\"2011-12-01T13:48:39+00:00\",\"breadcrumb\":{\"@id\":\"https:\/\/francois-pelletant.fr\/blog\/j-cauet-en-flag-de-bluff\/#breadcrumb\"},\"inLanguage\":\"fr-FR\",\"potentialAction\":[{\"@type\":\"ReadAction\",\"target\":[\"https:\/\/francois-pelletant.fr\/blog\/j-cauet-en-flag-de-bluff\/\"]}]},{\"@type\":\"ImageObject\",\"inLanguage\":\"fr-FR\",\"@id\":\"https:\/\/francois-pelletant.fr\/blog\/j-cauet-en-flag-de-bluff\/#primaryimage\",\"url\":\"https:\/\/francois-pelletant.fr\/blog\/wp-content\/uploads\/2012\/01\/3689942425.jpg\",\"contentUrl\":\"https:\/\/francois-pelletant.fr\/blog\/wp-content\/uploads\/2012\/01\/3689942425.jpg\",\"width\":1024,\"height\":576},{\"@type\":\"BreadcrumbList\",\"@id\":\"https:\/\/francois-pelletant.fr\/blog\/j-cauet-en-flag-de-bluff\/#breadcrumb\",\"itemListElement\":[{\"@type\":\"ListItem\",\"position\":1,\"name\":\"Accueil\",\"item\":\"https:\/\/francois-pelletant.fr\/blog\/\"},{\"@type\":\"ListItem\",\"position\":2,\"name\":\"J. CAUET en flag de bluff\"}]},{\"@type\":\"WebSite\",\"@id\":\"https:\/\/francois-pelletant.fr\/blog\/#website\",\"url\":\"https:\/\/francois-pelletant.fr\/blog\/\",\"name\":\"Fran\u00e7ois Pelletant\",\"description\":\"Maire de Linas, pour toujours.\",\"publisher\":{\"@id\":\"https:\/\/francois-pelletant.fr\/blog\/#organization\"},\"potentialAction\":[{\"@type\":\"SearchAction\",\"target\":{\"@type\":\"EntryPoint\",\"urlTemplate\":\"https:\/\/francois-pelletant.fr\/blog\/?s={search_term_string}\"},\"query-input\":{\"@type\":\"PropertyValueSpecification\",\"valueRequired\":true,\"valueName\":\"search_term_string\"}}],\"inLanguage\":\"fr-FR\"},{\"@type\":\"Organization\",\"@id\":\"https:\/\/francois-pelletant.fr\/blog\/#organization\",\"name\":\"Fran\u00e7ois Pelletant\",\"url\":\"https:\/\/francois-pelletant.fr\/blog\/\",\"logo\":{\"@type\":\"ImageObject\",\"inLanguage\":\"fr-FR\",\"@id\":\"https:\/\/francois-pelletant.fr\/blog\/#\/schema\/logo\/image\/\",\"url\":\"https:\/\/francois-pelletant.fr\/blog\/wp-content\/uploads\/2024\/07\/icone-francois-centre-500p.png\",\"contentUrl\":\"https:\/\/francois-pelletant.fr\/blog\/wp-content\/uploads\/2024\/07\/icone-francois-centre-500p.png\",\"width\":559,\"height\":447,\"caption\":\"Fran\u00e7ois Pelletant\"},\"image\":{\"@id\":\"https:\/\/francois-pelletant.fr\/blog\/#\/schema\/logo\/image\/\"},\"sameAs\":[\"https:\/\/www.facebook.com\/francois.pelletant.7\",\"https:\/\/x.com\/pelletant\"]},{\"@type\":\"Person\",\"@id\":\"https:\/\/francois-pelletant.fr\/blog\/#\/schema\/person\/2be41acb171dff8f31aaed1f40cee9f3\",\"name\":\"Francois\"}]}<\/script>\n<!-- \/ Yoast SEO plugin. -->","yoast_head_json":{"title":"J. CAUET en flag de bluff - Fran\u00e7ois Pelletant","robots":{"index":"index","follow":"follow","max-snippet":"max-snippet:-1","max-image-preview":"max-image-preview:large","max-video-preview":"max-video-preview:-1"},"canonical":"https:\/\/francois-pelletant.fr\/blog\/j-cauet-en-flag-de-bluff\/","og_locale":"fr_FR","og_type":"article","og_title":"J. CAUET en flag de bluff - Fran\u00e7ois Pelletant","og_description":"Comment peut- on avoir confiance en un Conseiller G\u00e9n\u00e9ral si c&#8217;est un menteur ? Voil\u00e0 encore une histoire tr\u00e8s r\u00e9v\u00e9latrice\u2026 Le 14 octobre dernier M. Cau\u00ebt a d\u00e9clar\u00e9 \u00e0 la presse qu&#8217;il avait d\u00e9pos\u00e9, le jour m\u00eame, son appel contre l&#8217;annulation des \u00e9lections cantonales. Cette &#8220;bonne&#8221; nouvelle a certainement rassur\u00e9 les \u00e9lecteurs de gauche qui, [&hellip;]","og_url":"https:\/\/francois-pelletant.fr\/blog\/j-cauet-en-flag-de-bluff\/","og_site_name":"Fran\u00e7ois Pelletant","article_publisher":"https:\/\/www.facebook.com\/francois.pelletant.7","article_published_time":"2011-12-01T13:48:39+00:00","og_image":[{"width":1024,"height":576,"url":"https:\/\/francois-pelletant.fr\/blog\/wp-content\/uploads\/2012\/01\/3689942425.jpg","type":"image\/jpeg"}],"author":"Francois","twitter_card":"summary_large_image","twitter_creator":"@pelletant","twitter_site":"@pelletant","twitter_misc":{"\u00c9crit par":"Francois","Dur\u00e9e de lecture estim\u00e9e":"2 minutes"},"schema":{"@context":"https:\/\/schema.org","@graph":[{"@type":"Article","@id":"https:\/\/francois-pelletant.fr\/blog\/j-cauet-en-flag-de-bluff\/#article","isPartOf":{"@id":"https:\/\/francois-pelletant.fr\/blog\/j-cauet-en-flag-de-bluff\/"},"author":{"name":"Francois","@id":"https:\/\/francois-pelletant.fr\/blog\/#\/schema\/person\/2be41acb171dff8f31aaed1f40cee9f3"},"headline":"J. CAUET en flag de bluff","datePublished":"2011-12-01T13:48:39+00:00","mainEntityOfPage":{"@id":"https:\/\/francois-pelletant.fr\/blog\/j-cauet-en-flag-de-bluff\/"},"wordCount":488,"commentCount":0,"publisher":{"@id":"https:\/\/francois-pelletant.fr\/blog\/#organization"},"image":{"@id":"https:\/\/francois-pelletant.fr\/blog\/j-cauet-en-flag-de-bluff\/#primaryimage"},"thumbnailUrl":"https:\/\/francois-pelletant.fr\/blog\/wp-content\/uploads\/2012\/01\/3689942425.jpg","articleSection":["Annulation cantonales"],"inLanguage":"fr-FR","potentialAction":[{"@type":"CommentAction","name":"Comment","target":["https:\/\/francois-pelletant.fr\/blog\/j-cauet-en-flag-de-bluff\/#respond"]}]},{"@type":"WebPage","@id":"https:\/\/francois-pelletant.fr\/blog\/j-cauet-en-flag-de-bluff\/","url":"https:\/\/francois-pelletant.fr\/blog\/j-cauet-en-flag-de-bluff\/","name":"J. CAUET en flag de bluff - Fran\u00e7ois Pelletant","isPartOf":{"@id":"https:\/\/francois-pelletant.fr\/blog\/#website"},"primaryImageOfPage":{"@id":"https:\/\/francois-pelletant.fr\/blog\/j-cauet-en-flag-de-bluff\/#primaryimage"},"image":{"@id":"https:\/\/francois-pelletant.fr\/blog\/j-cauet-en-flag-de-bluff\/#primaryimage"},"thumbnailUrl":"https:\/\/francois-pelletant.fr\/blog\/wp-content\/uploads\/2012\/01\/3689942425.jpg","datePublished":"2011-12-01T13:48:39+00:00","breadcrumb":{"@id":"https:\/\/francois-pelletant.fr\/blog\/j-cauet-en-flag-de-bluff\/#breadcrumb"},"inLanguage":"fr-FR","potentialAction":[{"@type":"ReadAction","target":["https:\/\/francois-pelletant.fr\/blog\/j-cauet-en-flag-de-bluff\/"]}]},{"@type":"ImageObject","inLanguage":"fr-FR","@id":"https:\/\/francois-pelletant.fr\/blog\/j-cauet-en-flag-de-bluff\/#primaryimage","url":"https:\/\/francois-pelletant.fr\/blog\/wp-content\/uploads\/2012\/01\/3689942425.jpg","contentUrl":"https:\/\/francois-pelletant.fr\/blog\/wp-content\/uploads\/2012\/01\/3689942425.jpg","width":1024,"height":576},{"@type":"BreadcrumbList","@id":"https:\/\/francois-pelletant.fr\/blog\/j-cauet-en-flag-de-bluff\/#breadcrumb","itemListElement":[{"@type":"ListItem","position":1,"name":"Accueil","item":"https:\/\/francois-pelletant.fr\/blog\/"},{"@type":"ListItem","position":2,"name":"J. CAUET en flag de bluff"}]},{"@type":"WebSite","@id":"https:\/\/francois-pelletant.fr\/blog\/#website","url":"https:\/\/francois-pelletant.fr\/blog\/","name":"Fran\u00e7ois Pelletant","description":"Maire de Linas, pour toujours.","publisher":{"@id":"https:\/\/francois-pelletant.fr\/blog\/#organization"},"potentialAction":[{"@type":"SearchAction","target":{"@type":"EntryPoint","urlTemplate":"https:\/\/francois-pelletant.fr\/blog\/?s={search_term_string}"},"query-input":{"@type":"PropertyValueSpecification","valueRequired":true,"valueName":"search_term_string"}}],"inLanguage":"fr-FR"},{"@type":"Organization","@id":"https:\/\/francois-pelletant.fr\/blog\/#organization","name":"Fran\u00e7ois Pelletant","url":"https:\/\/francois-pelletant.fr\/blog\/","logo":{"@type":"ImageObject","inLanguage":"fr-FR","@id":"https:\/\/francois-pelletant.fr\/blog\/#\/schema\/logo\/image\/","url":"https:\/\/francois-pelletant.fr\/blog\/wp-content\/uploads\/2024\/07\/icone-francois-centre-500p.png","contentUrl":"https:\/\/francois-pelletant.fr\/blog\/wp-content\/uploads\/2024\/07\/icone-francois-centre-500p.png","width":559,"height":447,"caption":"Fran\u00e7ois Pelletant"},"image":{"@id":"https:\/\/francois-pelletant.fr\/blog\/#\/schema\/logo\/image\/"},"sameAs":["https:\/\/www.facebook.com\/francois.pelletant.7","https:\/\/x.com\/pelletant"]},{"@type":"Person","@id":"https:\/\/francois-pelletant.fr\/blog\/#\/schema\/person\/2be41acb171dff8f31aaed1f40cee9f3","name":"Francois"}]}},"_links":{"self":[{"href":"https:\/\/francois-pelletant.fr\/blog\/wp-json\/wp\/v2\/posts\/1280","targetHints":{"allow":["GET"]}}],"collection":[{"href":"https:\/\/francois-pelletant.fr\/blog\/wp-json\/wp\/v2\/posts"}],"about":[{"href":"https:\/\/francois-pelletant.fr\/blog\/wp-json\/wp\/v2\/types\/post"}],"author":[{"embeddable":true,"href":"https:\/\/francois-pelletant.fr\/blog\/wp-json\/wp\/v2\/users\/1"}],"replies":[{"embeddable":true,"href":"https:\/\/francois-pelletant.fr\/blog\/wp-json\/wp\/v2\/comments?post=1280"}],"version-history":[{"count":0,"href":"https:\/\/francois-pelletant.fr\/blog\/wp-json\/wp\/v2\/posts\/1280\/revisions"}],"wp:featuredmedia":[{"embeddable":true,"href":"https:\/\/francois-pelletant.fr\/blog\/wp-json\/wp\/v2\/media\/1281"}],"wp:attachment":[{"href":"https:\/\/francois-pelletant.fr\/blog\/wp-json\/wp\/v2\/media?parent=1280"}],"wp:term":[{"taxonomy":"category","embeddable":true,"href":"https:\/\/francois-pelletant.fr\/blog\/wp-json\/wp\/v2\/categories?post=1280"},{"taxonomy":"post_tag","embeddable":true,"href":"https:\/\/francois-pelletant.fr\/blog\/wp-json\/wp\/v2\/tags?post=1280"}],"curies":[{"name":"wp","href":"https:\/\/api.w.org\/{rel}","templated":true}]}}