{"id":13147,"date":"2020-06-19T10:44:14","date_gmt":"2020-06-19T10:44:14","guid":{"rendered":"https:\/\/francois-pelletant.fr\/blog\/?p=13147"},"modified":"2020-07-20T22:21:43","modified_gmt":"2020-07-20T22:21:43","slug":"voila-lurbanisme-autrement","status":"publish","type":"post","link":"https:\/\/francois-pelletant.fr\/blog\/voila-lurbanisme-autrement\/","title":{"rendered":"Voil\u00e0 l&#8217;urbanisme &#8220;Autrement&#8221;"},"content":{"rendered":"\n<figure class=\"wp-block-image size-large\"><img loading=\"lazy\" decoding=\"async\" width=\"322\" height=\"181\" src=\"https:\/\/francois-pelletant.fr\/blog\/wp-content\/uploads\/2020\/06\/urbanisme-michaud-2.jpg\" alt=\"\" class=\"wp-image-13148\" srcset=\"https:\/\/francois-pelletant.fr\/blog\/wp-content\/uploads\/2020\/06\/urbanisme-michaud-2.jpg 322w, https:\/\/francois-pelletant.fr\/blog\/wp-content\/uploads\/2020\/06\/urbanisme-michaud-2-300x169.jpg 300w, https:\/\/francois-pelletant.fr\/blog\/wp-content\/uploads\/2020\/06\/urbanisme-michaud-2-150x85.jpg 150w\" sizes=\"auto, (max-width: 322px) 100vw, 322px\" \/><\/figure>\n\n\n\n<p>Des attaques, des attaques et encore des attaques, voil\u00e0 de quoi parle la vid\u00e9o sur l&#8217;urbanisme de l&#8217;\u00e9quipe Hertz (Linas Auitrement) publi\u00e9e sur internet.<\/p>\n\n\n\n<p>Que des critiques du travail fait par Pascal Waill (ancien adjoint \u00e0 l&#8217;urbanisme) et aucune proposition sauf r\u00e9viser le PLU mais pour faire quoi ???? Et bien je vais vous le dire :<\/p>\n\n\n\n<p>Je me rappelle que le 2 janvier 2019, Monsieur Pascoal Fr\u00e9d\u00e9ric, membre en ce moment de la liste Hertz (Linas Autrement), est venu \u00e0 la mairie de Linas pour d\u00e9voiler ses intentions de construction d&#8217;immeubles de 50 logements implant\u00e9s en partie sur un terrain dont il est propri\u00e9taire dans le secteur de l&#8217;Avenue Boillot.<\/p>\n\n\n\n<p>Lisez bien c&#8217;est cela la politique que va mettre en oeuvre Linas autrement !!<\/p>\n\n\n\n<p>Le promoteur en cheville avec M. Pascoal est une soci\u00e9t\u00e9 HLM qui regroupe 5 autres soci\u00e9t\u00e9s HLM connues sous le nom de ASSIA.<\/p>\n\n\n\n<p>Avouez qu&#8217;il est peu banal de voir un individu ayant des int\u00e9r\u00eats convergents, ou contradictoires, avec une commune se pr\u00e9senter aux \u00e9lections municipales. On a tout de suite compris qu&#8217;elles \u00e9taient ses motivations et son sens de l&#8217;int\u00e9r\u00eat g\u00e9n\u00e9ral. Mais \u00e7a chut!! on ne vous en parlera pas dans le parisien.<\/p>\n\n\n\n<p>Sur le plan du projet, (A voir ci-joints) les services de la mairie constatent avec stupeur que le programme propos\u00e9 est implant\u00e9 sur le terrain non construit appartenant \u00e0 M. Pascoal mais aussi sur la parcelle voisine N\u00b0 AN 152 (680 m\u00b2), qui elle appartient \u00e0 la Commune.<br \/>En d&#8217;autres termes, pour r\u00e9aliser cette op\u00e9ration juteuse (terrain vierge viabilis\u00e9) ASSIA et Pascoal ont l&#8217;intention de mettre la main sur un bien communal. Il ont m\u00eame con\u00e7u leur projet en partant du principe qu&#8217;ils \u00e9tait chez eux et ont implant\u00e9 leurs immeubles dans cette espace bois\u00e9 municipal.<br \/>La municipalit\u00e9 Pelletant a refus\u00e9 cette d\u00e9marche et a indiqu\u00e9 qu&#8217;elle ne donnerait ( ni vendrait ) ce terrain dont le but \u00e9tait de compl\u00e9ter le massif bois\u00e9 class\u00e9, situ\u00e9 \u00e0 proximit\u00e9.<\/p>\n\n\n\n<p>Un an plus tard, on retrouve M. Pascoal sur la liste Hertz &#8220;Linas Autrement&#8221; pour les \u00e9lections municipales. On a compris les hautes motivations altruistes de ce monsieur. Lorsque l&#8217;on envisage des projets immobiliers fructueux dans une commune, si on a un minimum d&#8217;\u00e9thique, on ne cherche pas \u00e0 prendre le contr\u00f4le de la municipalit\u00e9.<br \/>Voil\u00e0 ce que c&#8217;est que la liste &#8220;Hertz ( Linas Autrement)&#8221;, alors qu&#8217;ils arr\u00eatent de dire n&#8217;importe quoi sur la bonne gestion de Linas que toute personne sens\u00e9e ne peut qu&#8217;approuver !<\/p>\n\n\n\n<p><\/p>\n\n\n\n<figure class=\"wp-block-image size-large\"><img loading=\"lazy\" decoding=\"async\" width=\"1007\" height=\"685\" src=\"https:\/\/francois-pelletant.fr\/blog\/wp-content\/uploads\/2020\/06\/propjet-pascoal-cadastre.jpg\" alt=\"\" class=\"wp-image-13149\" srcset=\"https:\/\/francois-pelletant.fr\/blog\/wp-content\/uploads\/2020\/06\/propjet-pascoal-cadastre.jpg 1007w, https:\/\/francois-pelletant.fr\/blog\/wp-content\/uploads\/2020\/06\/propjet-pascoal-cadastre-300x204.jpg 300w, https:\/\/francois-pelletant.fr\/blog\/wp-content\/uploads\/2020\/06\/propjet-pascoal-cadastre-768x522.jpg 768w, https:\/\/francois-pelletant.fr\/blog\/wp-content\/uploads\/2020\/06\/propjet-pascoal-cadastre-600x408.jpg 600w\" sizes=\"auto, (max-width: 1007px) 100vw, 1007px\" \/><\/figure>\n\n\n\n<figure class=\"wp-block-image size-large\"><img loading=\"lazy\" decoding=\"async\" width=\"1024\" height=\"713\" src=\"https:\/\/francois-pelletant.fr\/blog\/wp-content\/uploads\/2020\/06\/propjet-pascoal-1024x713.jpg\" alt=\"\" class=\"wp-image-13150\" srcset=\"https:\/\/francois-pelletant.fr\/blog\/wp-content\/uploads\/2020\/06\/propjet-pascoal-1024x713.jpg 1024w, https:\/\/francois-pelletant.fr\/blog\/wp-content\/uploads\/2020\/06\/propjet-pascoal-300x209.jpg 300w, https:\/\/francois-pelletant.fr\/blog\/wp-content\/uploads\/2020\/06\/propjet-pascoal-768x534.jpg 768w, https:\/\/francois-pelletant.fr\/blog\/wp-content\/uploads\/2020\/06\/propjet-pascoal-600x417.jpg 600w, https:\/\/francois-pelletant.fr\/blog\/wp-content\/uploads\/2020\/06\/propjet-pascoal.jpg 1269w\" sizes=\"auto, (max-width: 1024px) 100vw, 1024px\" \/><\/figure>\n\n\n\n<p><\/p>\n","protected":false},"excerpt":{"rendered":"<p>Des attaques, des attaques et encore des attaques, voil\u00e0 de quoi parle la vid\u00e9o sur l&#8217;urbanisme de l&#8217;\u00e9quipe Hertz (Linas Auitrement) publi\u00e9e sur internet. Que des critiques du travail fait par Pascal Waill (ancien adjoint \u00e0 l&#8217;urbanisme) et aucune proposition sauf r\u00e9viser le PLU mais pour faire quoi ???? Et bien je vais vous le [&hellip;]<\/p>\n","protected":false},"author":1,"featured_media":13150,"comment_status":"open","ping_status":"closed","sticky":false,"template":"","format":"standard","meta":{"footnotes":""},"categories":[10,387],"tags":[],"class_list":["post-13147","post","type-post","status-publish","format-standard","has-post-thumbnail","hentry","category-1pelletant","category-municipales-2020"],"yoast_head":"<!-- This site is optimized with the Yoast SEO plugin v25.6 - https:\/\/yoast.com\/wordpress\/plugins\/seo\/ -->\n<title>Voil\u00e0 l&#039;urbanisme &quot;Autrement&quot; - Fran\u00e7ois Pelletant<\/title>\n<meta name=\"robots\" content=\"index, follow, max-snippet:-1, max-image-preview:large, max-video-preview:-1\" \/>\n<link rel=\"canonical\" href=\"https:\/\/francois-pelletant.fr\/blog\/voila-lurbanisme-autrement\/\" \/>\n<meta property=\"og:locale\" content=\"fr_FR\" \/>\n<meta property=\"og:type\" content=\"article\" \/>\n<meta property=\"og:title\" content=\"Voil\u00e0 l&#039;urbanisme &quot;Autrement&quot; - Fran\u00e7ois Pelletant\" \/>\n<meta property=\"og:description\" content=\"Des attaques, des attaques et encore des attaques, voil\u00e0 de quoi parle la vid\u00e9o sur l&#8217;urbanisme de l&#8217;\u00e9quipe Hertz (Linas Auitrement) publi\u00e9e sur internet. Que des critiques du travail fait par Pascal Waill (ancien adjoint \u00e0 l&#8217;urbanisme) et aucune proposition sauf r\u00e9viser le PLU mais pour faire quoi ???? Et bien je vais vous le [&hellip;]\" \/>\n<meta property=\"og:url\" content=\"https:\/\/francois-pelletant.fr\/blog\/voila-lurbanisme-autrement\/\" \/>\n<meta property=\"og:site_name\" content=\"Fran\u00e7ois Pelletant\" \/>\n<meta property=\"article:publisher\" content=\"https:\/\/www.facebook.com\/francois.pelletant.7\" \/>\n<meta property=\"article:published_time\" content=\"2020-06-19T10:44:14+00:00\" \/>\n<meta property=\"article:modified_time\" content=\"2020-07-20T22:21:43+00:00\" \/>\n<meta property=\"og:image\" content=\"https:\/\/francois-pelletant.fr\/blog\/wp-content\/uploads\/2020\/06\/propjet-pascoal.jpg\" \/>\n\t<meta property=\"og:image:width\" content=\"1269\" \/>\n\t<meta property=\"og:image:height\" content=\"883\" \/>\n\t<meta property=\"og:image:type\" content=\"image\/jpeg\" \/>\n<meta name=\"author\" content=\"Francois\" \/>\n<meta name=\"twitter:card\" content=\"summary_large_image\" \/>\n<meta name=\"twitter:creator\" content=\"@pelletant\" \/>\n<meta name=\"twitter:site\" content=\"@pelletant\" \/>\n<meta name=\"twitter:label1\" content=\"\u00c9crit par\" \/>\n\t<meta name=\"twitter:data1\" content=\"Francois\" \/>\n\t<meta name=\"twitter:label2\" content=\"Dur\u00e9e de lecture estim\u00e9e\" \/>\n\t<meta name=\"twitter:data2\" content=\"2 minutes\" \/>\n<script type=\"application\/ld+json\" class=\"yoast-schema-graph\">{\"@context\":\"https:\/\/schema.org\",\"@graph\":[{\"@type\":\"Article\",\"@id\":\"https:\/\/francois-pelletant.fr\/blog\/voila-lurbanisme-autrement\/#article\",\"isPartOf\":{\"@id\":\"https:\/\/francois-pelletant.fr\/blog\/voila-lurbanisme-autrement\/\"},\"author\":{\"name\":\"Francois\",\"@id\":\"https:\/\/francois-pelletant.fr\/blog\/#\/schema\/person\/2be41acb171dff8f31aaed1f40cee9f3\"},\"headline\":\"Voil\u00e0 l&#8217;urbanisme &#8220;Autrement&#8221;\",\"datePublished\":\"2020-06-19T10:44:14+00:00\",\"dateModified\":\"2020-07-20T22:21:43+00:00\",\"mainEntityOfPage\":{\"@id\":\"https:\/\/francois-pelletant.fr\/blog\/voila-lurbanisme-autrement\/\"},\"wordCount\":445,\"commentCount\":0,\"publisher\":{\"@id\":\"https:\/\/francois-pelletant.fr\/blog\/#organization\"},\"image\":{\"@id\":\"https:\/\/francois-pelletant.fr\/blog\/voila-lurbanisme-autrement\/#primaryimage\"},\"thumbnailUrl\":\"https:\/\/francois-pelletant.fr\/blog\/wp-content\/uploads\/2020\/06\/propjet-pascoal.jpg\",\"articleSection\":[\"Infos\",\"municipales 2020\"],\"inLanguage\":\"fr-FR\",\"potentialAction\":[{\"@type\":\"CommentAction\",\"name\":\"Comment\",\"target\":[\"https:\/\/francois-pelletant.fr\/blog\/voila-lurbanisme-autrement\/#respond\"]}]},{\"@type\":\"WebPage\",\"@id\":\"https:\/\/francois-pelletant.fr\/blog\/voila-lurbanisme-autrement\/\",\"url\":\"https:\/\/francois-pelletant.fr\/blog\/voila-lurbanisme-autrement\/\",\"name\":\"Voil\u00e0 l'urbanisme \\\"Autrement\\\" - Fran\u00e7ois Pelletant\",\"isPartOf\":{\"@id\":\"https:\/\/francois-pelletant.fr\/blog\/#website\"},\"primaryImageOfPage\":{\"@id\":\"https:\/\/francois-pelletant.fr\/blog\/voila-lurbanisme-autrement\/#primaryimage\"},\"image\":{\"@id\":\"https:\/\/francois-pelletant.fr\/blog\/voila-lurbanisme-autrement\/#primaryimage\"},\"thumbnailUrl\":\"https:\/\/francois-pelletant.fr\/blog\/wp-content\/uploads\/2020\/06\/propjet-pascoal.jpg\",\"datePublished\":\"2020-06-19T10:44:14+00:00\",\"dateModified\":\"2020-07-20T22:21:43+00:00\",\"breadcrumb\":{\"@id\":\"https:\/\/francois-pelletant.fr\/blog\/voila-lurbanisme-autrement\/#breadcrumb\"},\"inLanguage\":\"fr-FR\",\"potentialAction\":[{\"@type\":\"ReadAction\",\"target\":[\"https:\/\/francois-pelletant.fr\/blog\/voila-lurbanisme-autrement\/\"]}]},{\"@type\":\"ImageObject\",\"inLanguage\":\"fr-FR\",\"@id\":\"https:\/\/francois-pelletant.fr\/blog\/voila-lurbanisme-autrement\/#primaryimage\",\"url\":\"https:\/\/francois-pelletant.fr\/blog\/wp-content\/uploads\/2020\/06\/propjet-pascoal.jpg\",\"contentUrl\":\"https:\/\/francois-pelletant.fr\/blog\/wp-content\/uploads\/2020\/06\/propjet-pascoal.jpg\",\"width\":1269,\"height\":883,\"caption\":\"le projet pr\u00e9sent\u00e9 par Pascoal \u00e0 la mairie\"},{\"@type\":\"BreadcrumbList\",\"@id\":\"https:\/\/francois-pelletant.fr\/blog\/voila-lurbanisme-autrement\/#breadcrumb\",\"itemListElement\":[{\"@type\":\"ListItem\",\"position\":1,\"name\":\"Accueil\",\"item\":\"https:\/\/francois-pelletant.fr\/blog\/\"},{\"@type\":\"ListItem\",\"position\":2,\"name\":\"Voil\u00e0 l&#8217;urbanisme &#8220;Autrement&#8221;\"}]},{\"@type\":\"WebSite\",\"@id\":\"https:\/\/francois-pelletant.fr\/blog\/#website\",\"url\":\"https:\/\/francois-pelletant.fr\/blog\/\",\"name\":\"Fran\u00e7ois Pelletant\",\"description\":\"Maire de Linas, pour toujours.\",\"publisher\":{\"@id\":\"https:\/\/francois-pelletant.fr\/blog\/#organization\"},\"potentialAction\":[{\"@type\":\"SearchAction\",\"target\":{\"@type\":\"EntryPoint\",\"urlTemplate\":\"https:\/\/francois-pelletant.fr\/blog\/?s={search_term_string}\"},\"query-input\":{\"@type\":\"PropertyValueSpecification\",\"valueRequired\":true,\"valueName\":\"search_term_string\"}}],\"inLanguage\":\"fr-FR\"},{\"@type\":\"Organization\",\"@id\":\"https:\/\/francois-pelletant.fr\/blog\/#organization\",\"name\":\"Fran\u00e7ois Pelletant\",\"url\":\"https:\/\/francois-pelletant.fr\/blog\/\",\"logo\":{\"@type\":\"ImageObject\",\"inLanguage\":\"fr-FR\",\"@id\":\"https:\/\/francois-pelletant.fr\/blog\/#\/schema\/logo\/image\/\",\"url\":\"https:\/\/francois-pelletant.fr\/blog\/wp-content\/uploads\/2024\/07\/icone-francois-centre-500p.png\",\"contentUrl\":\"https:\/\/francois-pelletant.fr\/blog\/wp-content\/uploads\/2024\/07\/icone-francois-centre-500p.png\",\"width\":559,\"height\":447,\"caption\":\"Fran\u00e7ois Pelletant\"},\"image\":{\"@id\":\"https:\/\/francois-pelletant.fr\/blog\/#\/schema\/logo\/image\/\"},\"sameAs\":[\"https:\/\/www.facebook.com\/francois.pelletant.7\",\"https:\/\/x.com\/pelletant\"]},{\"@type\":\"Person\",\"@id\":\"https:\/\/francois-pelletant.fr\/blog\/#\/schema\/person\/2be41acb171dff8f31aaed1f40cee9f3\",\"name\":\"Francois\"}]}<\/script>\n<!-- \/ Yoast SEO plugin. -->","yoast_head_json":{"title":"Voil\u00e0 l'urbanisme \"Autrement\" - Fran\u00e7ois Pelletant","robots":{"index":"index","follow":"follow","max-snippet":"max-snippet:-1","max-image-preview":"max-image-preview:large","max-video-preview":"max-video-preview:-1"},"canonical":"https:\/\/francois-pelletant.fr\/blog\/voila-lurbanisme-autrement\/","og_locale":"fr_FR","og_type":"article","og_title":"Voil\u00e0 l'urbanisme \"Autrement\" - Fran\u00e7ois Pelletant","og_description":"Des attaques, des attaques et encore des attaques, voil\u00e0 de quoi parle la vid\u00e9o sur l&#8217;urbanisme de l&#8217;\u00e9quipe Hertz (Linas Auitrement) publi\u00e9e sur internet. Que des critiques du travail fait par Pascal Waill (ancien adjoint \u00e0 l&#8217;urbanisme) et aucune proposition sauf r\u00e9viser le PLU mais pour faire quoi ???? Et bien je vais vous le [&hellip;]","og_url":"https:\/\/francois-pelletant.fr\/blog\/voila-lurbanisme-autrement\/","og_site_name":"Fran\u00e7ois Pelletant","article_publisher":"https:\/\/www.facebook.com\/francois.pelletant.7","article_published_time":"2020-06-19T10:44:14+00:00","article_modified_time":"2020-07-20T22:21:43+00:00","og_image":[{"width":1269,"height":883,"url":"https:\/\/francois-pelletant.fr\/blog\/wp-content\/uploads\/2020\/06\/propjet-pascoal.jpg","type":"image\/jpeg"}],"author":"Francois","twitter_card":"summary_large_image","twitter_creator":"@pelletant","twitter_site":"@pelletant","twitter_misc":{"\u00c9crit par":"Francois","Dur\u00e9e de lecture estim\u00e9e":"2 minutes"},"schema":{"@context":"https:\/\/schema.org","@graph":[{"@type":"Article","@id":"https:\/\/francois-pelletant.fr\/blog\/voila-lurbanisme-autrement\/#article","isPartOf":{"@id":"https:\/\/francois-pelletant.fr\/blog\/voila-lurbanisme-autrement\/"},"author":{"name":"Francois","@id":"https:\/\/francois-pelletant.fr\/blog\/#\/schema\/person\/2be41acb171dff8f31aaed1f40cee9f3"},"headline":"Voil\u00e0 l&#8217;urbanisme &#8220;Autrement&#8221;","datePublished":"2020-06-19T10:44:14+00:00","dateModified":"2020-07-20T22:21:43+00:00","mainEntityOfPage":{"@id":"https:\/\/francois-pelletant.fr\/blog\/voila-lurbanisme-autrement\/"},"wordCount":445,"commentCount":0,"publisher":{"@id":"https:\/\/francois-pelletant.fr\/blog\/#organization"},"image":{"@id":"https:\/\/francois-pelletant.fr\/blog\/voila-lurbanisme-autrement\/#primaryimage"},"thumbnailUrl":"https:\/\/francois-pelletant.fr\/blog\/wp-content\/uploads\/2020\/06\/propjet-pascoal.jpg","articleSection":["Infos","municipales 2020"],"inLanguage":"fr-FR","potentialAction":[{"@type":"CommentAction","name":"Comment","target":["https:\/\/francois-pelletant.fr\/blog\/voila-lurbanisme-autrement\/#respond"]}]},{"@type":"WebPage","@id":"https:\/\/francois-pelletant.fr\/blog\/voila-lurbanisme-autrement\/","url":"https:\/\/francois-pelletant.fr\/blog\/voila-lurbanisme-autrement\/","name":"Voil\u00e0 l'urbanisme \"Autrement\" - Fran\u00e7ois Pelletant","isPartOf":{"@id":"https:\/\/francois-pelletant.fr\/blog\/#website"},"primaryImageOfPage":{"@id":"https:\/\/francois-pelletant.fr\/blog\/voila-lurbanisme-autrement\/#primaryimage"},"image":{"@id":"https:\/\/francois-pelletant.fr\/blog\/voila-lurbanisme-autrement\/#primaryimage"},"thumbnailUrl":"https:\/\/francois-pelletant.fr\/blog\/wp-content\/uploads\/2020\/06\/propjet-pascoal.jpg","datePublished":"2020-06-19T10:44:14+00:00","dateModified":"2020-07-20T22:21:43+00:00","breadcrumb":{"@id":"https:\/\/francois-pelletant.fr\/blog\/voila-lurbanisme-autrement\/#breadcrumb"},"inLanguage":"fr-FR","potentialAction":[{"@type":"ReadAction","target":["https:\/\/francois-pelletant.fr\/blog\/voila-lurbanisme-autrement\/"]}]},{"@type":"ImageObject","inLanguage":"fr-FR","@id":"https:\/\/francois-pelletant.fr\/blog\/voila-lurbanisme-autrement\/#primaryimage","url":"https:\/\/francois-pelletant.fr\/blog\/wp-content\/uploads\/2020\/06\/propjet-pascoal.jpg","contentUrl":"https:\/\/francois-pelletant.fr\/blog\/wp-content\/uploads\/2020\/06\/propjet-pascoal.jpg","width":1269,"height":883,"caption":"le projet pr\u00e9sent\u00e9 par Pascoal \u00e0 la mairie"},{"@type":"BreadcrumbList","@id":"https:\/\/francois-pelletant.fr\/blog\/voila-lurbanisme-autrement\/#breadcrumb","itemListElement":[{"@type":"ListItem","position":1,"name":"Accueil","item":"https:\/\/francois-pelletant.fr\/blog\/"},{"@type":"ListItem","position":2,"name":"Voil\u00e0 l&#8217;urbanisme &#8220;Autrement&#8221;"}]},{"@type":"WebSite","@id":"https:\/\/francois-pelletant.fr\/blog\/#website","url":"https:\/\/francois-pelletant.fr\/blog\/","name":"Fran\u00e7ois Pelletant","description":"Maire de Linas, pour toujours.","publisher":{"@id":"https:\/\/francois-pelletant.fr\/blog\/#organization"},"potentialAction":[{"@type":"SearchAction","target":{"@type":"EntryPoint","urlTemplate":"https:\/\/francois-pelletant.fr\/blog\/?s={search_term_string}"},"query-input":{"@type":"PropertyValueSpecification","valueRequired":true,"valueName":"search_term_string"}}],"inLanguage":"fr-FR"},{"@type":"Organization","@id":"https:\/\/francois-pelletant.fr\/blog\/#organization","name":"Fran\u00e7ois Pelletant","url":"https:\/\/francois-pelletant.fr\/blog\/","logo":{"@type":"ImageObject","inLanguage":"fr-FR","@id":"https:\/\/francois-pelletant.fr\/blog\/#\/schema\/logo\/image\/","url":"https:\/\/francois-pelletant.fr\/blog\/wp-content\/uploads\/2024\/07\/icone-francois-centre-500p.png","contentUrl":"https:\/\/francois-pelletant.fr\/blog\/wp-content\/uploads\/2024\/07\/icone-francois-centre-500p.png","width":559,"height":447,"caption":"Fran\u00e7ois Pelletant"},"image":{"@id":"https:\/\/francois-pelletant.fr\/blog\/#\/schema\/logo\/image\/"},"sameAs":["https:\/\/www.facebook.com\/francois.pelletant.7","https:\/\/x.com\/pelletant"]},{"@type":"Person","@id":"https:\/\/francois-pelletant.fr\/blog\/#\/schema\/person\/2be41acb171dff8f31aaed1f40cee9f3","name":"Francois"}]}},"_links":{"self":[{"href":"https:\/\/francois-pelletant.fr\/blog\/wp-json\/wp\/v2\/posts\/13147","targetHints":{"allow":["GET"]}}],"collection":[{"href":"https:\/\/francois-pelletant.fr\/blog\/wp-json\/wp\/v2\/posts"}],"about":[{"href":"https:\/\/francois-pelletant.fr\/blog\/wp-json\/wp\/v2\/types\/post"}],"author":[{"embeddable":true,"href":"https:\/\/francois-pelletant.fr\/blog\/wp-json\/wp\/v2\/users\/1"}],"replies":[{"embeddable":true,"href":"https:\/\/francois-pelletant.fr\/blog\/wp-json\/wp\/v2\/comments?post=13147"}],"version-history":[{"count":0,"href":"https:\/\/francois-pelletant.fr\/blog\/wp-json\/wp\/v2\/posts\/13147\/revisions"}],"wp:featuredmedia":[{"embeddable":true,"href":"https:\/\/francois-pelletant.fr\/blog\/wp-json\/wp\/v2\/media\/13150"}],"wp:attachment":[{"href":"https:\/\/francois-pelletant.fr\/blog\/wp-json\/wp\/v2\/media?parent=13147"}],"wp:term":[{"taxonomy":"category","embeddable":true,"href":"https:\/\/francois-pelletant.fr\/blog\/wp-json\/wp\/v2\/categories?post=13147"},{"taxonomy":"post_tag","embeddable":true,"href":"https:\/\/francois-pelletant.fr\/blog\/wp-json\/wp\/v2\/tags?post=13147"}],"curies":[{"name":"wp","href":"https:\/\/api.w.org\/{rel}","templated":true}]}}