{"id":13610,"date":"2021-12-16T00:34:00","date_gmt":"2021-12-16T00:34:00","guid":{"rendered":"https:\/\/francois-pelletant.fr\/blog\/?p=13610"},"modified":"2024-07-16T00:49:00","modified_gmt":"2024-07-16T00:49:00","slug":"le-point-denonce-camera-a-linas-le-maire-installe-une-camera-en-face-de-chez-lui","status":"publish","type":"post","link":"https:\/\/francois-pelletant.fr\/blog\/le-point-denonce-camera-a-linas-le-maire-installe-une-camera-en-face-de-chez-lui\/","title":{"rendered":"Le Point d\u00e9nonce: Cam\u00e9ra \u00e0 Linas, Le maire installe une cam\u00e9ra en face de chez lui"},"content":{"rendered":"\n<h1 class=\"wp-block-heading\">Le maire installe une cam\u00e9ra \u00e0 Linas en face de chez lui<\/h1>\n\n\n\n<p><\/p>\n\n\n\n<h2 class=\"wp-block-heading\">Une Camera devant chez le Maire<\/h2>\n\n\n\n<p>Cet article est une synth\u00e8se bas\u00e9e sur un rapport du Parisien et publi\u00e9 par Le Point.fr le 14 d\u00e9cembre 2021.<\/p>\n\n\n\n<p>\u00c0 Linas, dans l&#8217;Essonne, une cam\u00e9ra de vid\u00e9osurveillance install\u00e9e \u00e0 l&#8217;angle de deux voies pavillonnaires dans le centre de la ville a provoqu\u00e9 une vive pol\u00e9mique. Cette cam\u00e9ra, positionn\u00e9e en face de la maison du maire LR, Christian Lardi\u00e8re, a soulev\u00e9 l&#8217;indignation des \u00e9lus de l&#8217;opposition, accentuant ainsi le climat politique tendu de la commune.<\/p>\n\n\n\n<h4 class=\"wp-block-heading\">Contexte et R\u00e9actions<\/h4>\n\n\n\n<p>Rui Matias, un \u00e9lu de l&#8217;opposition, a expliqu\u00e9 que Linas avait entrepris un plan d&#8217;installation de cam\u00e9ras en accord avec la police et la pr\u00e9fecture il y a quelques ann\u00e9es. Ces cam\u00e9ras \u00e9taient principalement positionn\u00e9es sur la place de la mairie et en p\u00e9riph\u00e9rie pour lutter contre les d\u00e9p\u00f4ts sauvages. Cependant, la nouvelle cam\u00e9ra, install\u00e9e en face de la maison du maire \u00e0 la rentr\u00e9e, ne faisait pas partie du plan initial.<\/p>\n\n\n\n<p>La pr\u00e9fecture de l\u2019Essonne a confirm\u00e9 que la Ville avait d\u00e9pos\u00e9 une demande pour cette installation, justifiant le choix de l\u2019emplacement par les nombreux d\u00e9p\u00f4ts sauvages et cambriolages survenus dans ce secteur ces derni\u00e8res ann\u00e9es.<\/p>\n\n\n\n<h4 class=\"wp-block-heading\">Pol\u00e9mique et Accusations<\/h4>\n\n\n\n<p>Les explications fournies n&#8217;ont pas convaincu l&#8217;opposition, qui a d\u00e9nonc\u00e9 un &#8220;g\u00e2chis d&#8217;argent public&#8221;. Rui Matias a soulign\u00e9 que l\u2019installation d\u2019une cam\u00e9ra de vid\u00e9osurveillance peut co\u00fbter jusqu&#8217;\u00e0 20 000 euros, critiquant ainsi la pertinence de cette d\u00e9pense, surtout quand la maison du maire est l&#8217;une des rares sous surveillance directe. Il a laiss\u00e9 entendre que cette cam\u00e9ra semblait avoir \u00e9t\u00e9 install\u00e9e pour le confort personnel du maire, bien que, dans le contexte d\u2019agressions envers les \u00e9lus, elle pourrait aussi servir \u00e0 dissuader des d\u00e9lits.<\/p>\n\n\n\n<h4 class=\"wp-block-heading\">Contexte Plus Large<\/h4>\n\n\n\n<p>Cette controverse s&#8217;ajoute \u00e0 une s\u00e9rie de d\u00e9missions au sein du conseil municipal de Linas, signalant une gestion probl\u00e9matique sous Christian Lardi\u00e8re. Ces \u00e9v\u00e9nements soulignent les d\u00e9fis auxquels Linas est confront\u00e9e en mati\u00e8re de gouvernance locale.<\/p>\n\n\n\n<p>Pour suivre l&#8217;\u00e9volution de cette situation et d&#8217;autres faits divers \u00e0 Linas, ainsi que les Linas actualit\u00e9s, consultez r\u00e9guli\u00e8rement les nouvelles locales.<\/p>\n\n\n\n<h2 class=\"wp-block-heading\">Cam\u00e9ra \u00e0 Linas, Un maire installe une cam\u00e9ra\u2026 en face de chez lui et cr\u00e9e la pol\u00e9mique<\/h2>\n\n\n\n<h3 class=\"wp-block-heading\">L\u2019installation d\u2019une cam\u00e9ra de vid\u00e9osurveillance en face de la maison du maire a provoqu\u00e9 l\u2019ire des \u00e9lus de l\u2019opposition, rapporte \u00ab Le Parisien \u00bb.<\/h3>\n\n\n\n<p>Par Le Point.fr<\/p>\n\n\n\n<p>Publi\u00e9 le 14\/12\/2021 \u00e0 19h44<\/p>\n\n\n\n<p>La nouvelle cam\u00e9ra a \u00e9t\u00e9 mise en place en face de la maison du maire de Linas, dans l&#8217;Essonne.<\/p>\n\n\n\n<p><br \/>La nouvelle cam\u00e9ra a \u00e9t\u00e9 mise en place en face de la maison du maire de Linas, dans l&#8217;Essonne.<\/p>\n\n\n\n<p><br \/><br \/>\u00c0 Linas, dans l\u2019Essonne, une cam\u00e9ra de vid\u00e9osurveillance a \u00e9t\u00e9 install\u00e9e \u00e0 l\u2019angle de deux voies pavillonnaires, dans le centre de la ville. Co\u00efncidence ou non, cette derni\u00e8re a \u00e9t\u00e9 plac\u00e9e en face de la maison du maire LR, Christian Lardi\u00e8re, rapporte Le Parisien. De quoi alimenter le climat politique tendu dans la ville.<\/p>\n\n\n\n<p><\/p>\n\n\n\n<p><\/p>\n\n\n\n<p>\u00ab Il y a quelques ann\u00e9es, Linas a entrepris un plan d\u2019installation de cam\u00e9ras en accord avec la police et la pr\u00e9fecture \u00bb, a racont\u00e9 Rui Matias, \u00e9lu de l\u2019opposition \u00e0 nos confr\u00e8res. Les cam\u00e9ras ont, en effet, \u00e9t\u00e9 positionn\u00e9es sur la place de la mairie, ainsi qu\u2019en p\u00e9riph\u00e9rie, \u00ab pour retrouver les auteurs de d\u00e9p\u00f4ts sauvages \u00bb, a-t-il pr\u00e9cis\u00e9.<\/p>\n\n\n\n<blockquote class=\"wp-block-quote is-layout-flow wp-block-quote-is-layout-flow\">\n<p>Un \u00ab g\u00e2chis d\u2019argent public \u00bb<\/p>\n<\/blockquote>\n\n\n\n<p><br \/>Selon Rui Matias, la nouvelle cam\u00e9ra mise en place \u00e0 la rentr\u00e9e aurait \u00e9t\u00e9 ajout\u00e9e au plan initial. La pr\u00e9fecture de l\u2019Essonne a, quant \u00e0 elle, confirm\u00e9 que la Ville avait d\u00e9pos\u00e9 une demande. Le choix de l\u2019emplacement serait d\u00fb aux \u00ab nombreux d\u00e9p\u00f4ts sauvages et cambriolages qui surviennent dans ce secteur depuis plusieurs ann\u00e9es \u00bb.<\/p>\n\n\n\n<p><\/p>\n\n\n\n<p><br \/>Des explications qui n\u2019ont pas satisfait l\u2019opposition, qui a d\u00e9nonc\u00e9 un \u00ab g\u00e2chis d\u2019argent public \u00bb. En effet, l\u2019installation d\u2019une cam\u00e9ra de vid\u00e9osurveillance peut s\u2019\u00e9lever \u00e0 20 000 euros. \u00ab La maison du maire fait partie des 4 ou 5 qui sont plac\u00e9es pr\u00e9cis\u00e9ment sous l\u2019\u0153il de cette cam\u00e9ra \u00bb, a \u00e9galement assur\u00e9 Rui Matias, alors que la ville compte pr\u00e8s de 3 000 pavillons. \u00ab On a l\u2019impression que cette cam\u00e9ra a \u00e9t\u00e9 pos\u00e9e pour lui faire plaisir \u00bb, a regrett\u00e9 l\u2019\u00e9lu aupr\u00e8s du Parisien, avant de nuancer : \u00ab M\u00eame si, dans un contexte d\u2019agressions envers les \u00e9lus, cela peut aider si un d\u00e9lit est commis. \u00bb<\/p>\n","protected":false},"excerpt":{"rendered":"<p>Le maire installe une cam\u00e9ra \u00e0 Linas en face de chez lui Une Camera devant chez le Maire Cet article est une synth\u00e8se bas\u00e9e sur un rapport du Parisien et publi\u00e9 par Le Point.fr le 14 d\u00e9cembre 2021. \u00c0 Linas, dans l&#8217;Essonne, une cam\u00e9ra de vid\u00e9osurveillance install\u00e9e \u00e0 l&#8217;angle de deux voies pavillonnaires dans le [&hellip;]<\/p>\n","protected":false},"author":2,"featured_media":13613,"comment_status":"closed","ping_status":"closed","sticky":false,"template":"","format":"standard","meta":{"footnotes":""},"categories":[422,10],"tags":[],"class_list":["post-13610","post","type-post","status-publish","format-standard","has-post-thumbnail","hentry","category-2020-2026","category-1pelletant"],"yoast_head":"<!-- This site is optimized with the Yoast SEO plugin v25.6 - https:\/\/yoast.com\/wordpress\/plugins\/seo\/ -->\n<title>Le Point d\u00e9nonce: Cam\u00e9ra \u00e0 Linas, Le maire installe une cam\u00e9ra en face de chez lui - Fran\u00e7ois Pelletant<\/title>\n<meta name=\"description\" content=\"\u00c0 Linas, une cam\u00e9ra de vid\u00e9osurveillance install\u00e9e en face de la maison du maire Christian Lardi\u00e8re suscite la controverse.\" \/>\n<meta name=\"robots\" content=\"index, follow, max-snippet:-1, max-image-preview:large, max-video-preview:-1\" \/>\n<link rel=\"canonical\" href=\"https:\/\/francois-pelletant.fr\/blog\/le-point-denonce-camera-a-linas-le-maire-installe-une-camera-en-face-de-chez-lui\/\" \/>\n<meta property=\"og:locale\" content=\"fr_FR\" \/>\n<meta property=\"og:type\" content=\"article\" \/>\n<meta property=\"og:title\" content=\"Le Point d\u00e9nonce: Cam\u00e9ra \u00e0 Linas, Le maire installe une cam\u00e9ra en face de chez lui - Fran\u00e7ois Pelletant\" \/>\n<meta property=\"og:description\" content=\"\u00c0 Linas, une cam\u00e9ra de vid\u00e9osurveillance install\u00e9e en face de la maison du maire Christian Lardi\u00e8re suscite la controverse.\" \/>\n<meta property=\"og:url\" content=\"https:\/\/francois-pelletant.fr\/blog\/le-point-denonce-camera-a-linas-le-maire-installe-une-camera-en-face-de-chez-lui\/\" \/>\n<meta property=\"og:site_name\" content=\"Fran\u00e7ois Pelletant\" \/>\n<meta property=\"article:publisher\" content=\"https:\/\/www.facebook.com\/francois.pelletant.7\" \/>\n<meta property=\"article:published_time\" content=\"2021-12-16T00:34:00+00:00\" \/>\n<meta property=\"article:modified_time\" content=\"2024-07-16T00:49:00+00:00\" \/>\n<meta property=\"og:image\" content=\"https:\/\/francois-pelletant.fr\/blog\/wp-content\/uploads\/2021\/12\/camera-a-linas-lardiere-pose-une-camera-en-face-de-chez-lui-1.jpg\" \/>\n\t<meta property=\"og:image:width\" content=\"266\" \/>\n\t<meta property=\"og:image:height\" content=\"332\" \/>\n\t<meta property=\"og:image:type\" content=\"image\/jpeg\" \/>\n<meta name=\"author\" content=\"Fran\u00e7ois\" \/>\n<meta name=\"twitter:card\" content=\"summary_large_image\" \/>\n<meta name=\"twitter:creator\" content=\"@pelletant\" \/>\n<meta name=\"twitter:site\" content=\"@pelletant\" \/>\n<meta name=\"twitter:label1\" content=\"\u00c9crit par\" \/>\n\t<meta name=\"twitter:data1\" content=\"Fran\u00e7ois\" \/>\n\t<meta name=\"twitter:label2\" content=\"Dur\u00e9e de lecture estim\u00e9e\" \/>\n\t<meta name=\"twitter:data2\" content=\"4 minutes\" \/>\n<script type=\"application\/ld+json\" class=\"yoast-schema-graph\">{\"@context\":\"https:\/\/schema.org\",\"@graph\":[{\"@type\":\"Article\",\"@id\":\"https:\/\/francois-pelletant.fr\/blog\/le-point-denonce-camera-a-linas-le-maire-installe-une-camera-en-face-de-chez-lui\/#article\",\"isPartOf\":{\"@id\":\"https:\/\/francois-pelletant.fr\/blog\/le-point-denonce-camera-a-linas-le-maire-installe-une-camera-en-face-de-chez-lui\/\"},\"author\":{\"name\":\"Fran\u00e7ois\",\"@id\":\"https:\/\/francois-pelletant.fr\/blog\/#\/schema\/person\/3ff29631af5560b33f8395942faae379\"},\"headline\":\"Le Point d\u00e9nonce: Cam\u00e9ra \u00e0 Linas, Le maire installe une cam\u00e9ra en face de chez lui\",\"datePublished\":\"2021-12-16T00:34:00+00:00\",\"dateModified\":\"2024-07-16T00:49:00+00:00\",\"mainEntityOfPage\":{\"@id\":\"https:\/\/francois-pelletant.fr\/blog\/le-point-denonce-camera-a-linas-le-maire-installe-une-camera-en-face-de-chez-lui\/\"},\"wordCount\":840,\"publisher\":{\"@id\":\"https:\/\/francois-pelletant.fr\/blog\/#organization\"},\"image\":{\"@id\":\"https:\/\/francois-pelletant.fr\/blog\/le-point-denonce-camera-a-linas-le-maire-installe-une-camera-en-face-de-chez-lui\/#primaryimage\"},\"thumbnailUrl\":\"https:\/\/francois-pelletant.fr\/blog\/wp-content\/uploads\/2021\/12\/camera-a-linas-lardiere-pose-une-camera-en-face-de-chez-lui-1.jpg\",\"articleSection\":[\"2020-2026\",\"Infos\"],\"inLanguage\":\"fr-FR\"},{\"@type\":\"WebPage\",\"@id\":\"https:\/\/francois-pelletant.fr\/blog\/le-point-denonce-camera-a-linas-le-maire-installe-une-camera-en-face-de-chez-lui\/\",\"url\":\"https:\/\/francois-pelletant.fr\/blog\/le-point-denonce-camera-a-linas-le-maire-installe-une-camera-en-face-de-chez-lui\/\",\"name\":\"Le Point d\u00e9nonce: Cam\u00e9ra \u00e0 Linas, Le maire installe une cam\u00e9ra en face de chez lui - Fran\u00e7ois Pelletant\",\"isPartOf\":{\"@id\":\"https:\/\/francois-pelletant.fr\/blog\/#website\"},\"primaryImageOfPage\":{\"@id\":\"https:\/\/francois-pelletant.fr\/blog\/le-point-denonce-camera-a-linas-le-maire-installe-une-camera-en-face-de-chez-lui\/#primaryimage\"},\"image\":{\"@id\":\"https:\/\/francois-pelletant.fr\/blog\/le-point-denonce-camera-a-linas-le-maire-installe-une-camera-en-face-de-chez-lui\/#primaryimage\"},\"thumbnailUrl\":\"https:\/\/francois-pelletant.fr\/blog\/wp-content\/uploads\/2021\/12\/camera-a-linas-lardiere-pose-une-camera-en-face-de-chez-lui-1.jpg\",\"datePublished\":\"2021-12-16T00:34:00+00:00\",\"dateModified\":\"2024-07-16T00:49:00+00:00\",\"description\":\"\u00c0 Linas, une cam\u00e9ra de vid\u00e9osurveillance install\u00e9e en face de la maison du maire Christian Lardi\u00e8re suscite la controverse.\",\"breadcrumb\":{\"@id\":\"https:\/\/francois-pelletant.fr\/blog\/le-point-denonce-camera-a-linas-le-maire-installe-une-camera-en-face-de-chez-lui\/#breadcrumb\"},\"inLanguage\":\"fr-FR\",\"potentialAction\":[{\"@type\":\"ReadAction\",\"target\":[\"https:\/\/francois-pelletant.fr\/blog\/le-point-denonce-camera-a-linas-le-maire-installe-une-camera-en-face-de-chez-lui\/\"]}]},{\"@type\":\"ImageObject\",\"inLanguage\":\"fr-FR\",\"@id\":\"https:\/\/francois-pelletant.fr\/blog\/le-point-denonce-camera-a-linas-le-maire-installe-une-camera-en-face-de-chez-lui\/#primaryimage\",\"url\":\"https:\/\/francois-pelletant.fr\/blog\/wp-content\/uploads\/2021\/12\/camera-a-linas-lardiere-pose-une-camera-en-face-de-chez-lui-1.jpg\",\"contentUrl\":\"https:\/\/francois-pelletant.fr\/blog\/wp-content\/uploads\/2021\/12\/camera-a-linas-lardiere-pose-une-camera-en-face-de-chez-lui-1.jpg\",\"width\":266,\"height\":332,\"caption\":\"Le Point d\u00e9nonce: Cam\u00e9ra \u00e0 Linas, Le maire installe une cam\u00e9ra en face de chez lui\"},{\"@type\":\"BreadcrumbList\",\"@id\":\"https:\/\/francois-pelletant.fr\/blog\/le-point-denonce-camera-a-linas-le-maire-installe-une-camera-en-face-de-chez-lui\/#breadcrumb\",\"itemListElement\":[{\"@type\":\"ListItem\",\"position\":1,\"name\":\"Accueil\",\"item\":\"https:\/\/francois-pelletant.fr\/blog\/\"},{\"@type\":\"ListItem\",\"position\":2,\"name\":\"Le Point d\u00e9nonce: Cam\u00e9ra \u00e0 Linas, Le maire installe une cam\u00e9ra en face de chez lui\"}]},{\"@type\":\"WebSite\",\"@id\":\"https:\/\/francois-pelletant.fr\/blog\/#website\",\"url\":\"https:\/\/francois-pelletant.fr\/blog\/\",\"name\":\"Fran\u00e7ois Pelletant\",\"description\":\"Maire de Linas, pour toujours.\",\"publisher\":{\"@id\":\"https:\/\/francois-pelletant.fr\/blog\/#organization\"},\"potentialAction\":[{\"@type\":\"SearchAction\",\"target\":{\"@type\":\"EntryPoint\",\"urlTemplate\":\"https:\/\/francois-pelletant.fr\/blog\/?s={search_term_string}\"},\"query-input\":{\"@type\":\"PropertyValueSpecification\",\"valueRequired\":true,\"valueName\":\"search_term_string\"}}],\"inLanguage\":\"fr-FR\"},{\"@type\":\"Organization\",\"@id\":\"https:\/\/francois-pelletant.fr\/blog\/#organization\",\"name\":\"Fran\u00e7ois Pelletant\",\"url\":\"https:\/\/francois-pelletant.fr\/blog\/\",\"logo\":{\"@type\":\"ImageObject\",\"inLanguage\":\"fr-FR\",\"@id\":\"https:\/\/francois-pelletant.fr\/blog\/#\/schema\/logo\/image\/\",\"url\":\"https:\/\/francois-pelletant.fr\/blog\/wp-content\/uploads\/2024\/07\/icone-francois-centre-500p.png\",\"contentUrl\":\"https:\/\/francois-pelletant.fr\/blog\/wp-content\/uploads\/2024\/07\/icone-francois-centre-500p.png\",\"width\":559,\"height\":447,\"caption\":\"Fran\u00e7ois Pelletant\"},\"image\":{\"@id\":\"https:\/\/francois-pelletant.fr\/blog\/#\/schema\/logo\/image\/\"},\"sameAs\":[\"https:\/\/www.facebook.com\/francois.pelletant.7\",\"https:\/\/x.com\/pelletant\"]},{\"@type\":\"Person\",\"@id\":\"https:\/\/francois-pelletant.fr\/blog\/#\/schema\/person\/3ff29631af5560b33f8395942faae379\",\"name\":\"Fran\u00e7ois\"}]}<\/script>\n<!-- \/ Yoast SEO plugin. -->","yoast_head_json":{"title":"Le Point d\u00e9nonce: Cam\u00e9ra \u00e0 Linas, Le maire installe une cam\u00e9ra en face de chez lui - Fran\u00e7ois Pelletant","description":"\u00c0 Linas, une cam\u00e9ra de vid\u00e9osurveillance install\u00e9e en face de la maison du maire Christian Lardi\u00e8re suscite la controverse.","robots":{"index":"index","follow":"follow","max-snippet":"max-snippet:-1","max-image-preview":"max-image-preview:large","max-video-preview":"max-video-preview:-1"},"canonical":"https:\/\/francois-pelletant.fr\/blog\/le-point-denonce-camera-a-linas-le-maire-installe-une-camera-en-face-de-chez-lui\/","og_locale":"fr_FR","og_type":"article","og_title":"Le Point d\u00e9nonce: Cam\u00e9ra \u00e0 Linas, Le maire installe une cam\u00e9ra en face de chez lui - Fran\u00e7ois Pelletant","og_description":"\u00c0 Linas, une cam\u00e9ra de vid\u00e9osurveillance install\u00e9e en face de la maison du maire Christian Lardi\u00e8re suscite la controverse.","og_url":"https:\/\/francois-pelletant.fr\/blog\/le-point-denonce-camera-a-linas-le-maire-installe-une-camera-en-face-de-chez-lui\/","og_site_name":"Fran\u00e7ois Pelletant","article_publisher":"https:\/\/www.facebook.com\/francois.pelletant.7","article_published_time":"2021-12-16T00:34:00+00:00","article_modified_time":"2024-07-16T00:49:00+00:00","og_image":[{"width":266,"height":332,"url":"https:\/\/francois-pelletant.fr\/blog\/wp-content\/uploads\/2021\/12\/camera-a-linas-lardiere-pose-une-camera-en-face-de-chez-lui-1.jpg","type":"image\/jpeg"}],"author":"Fran\u00e7ois","twitter_card":"summary_large_image","twitter_creator":"@pelletant","twitter_site":"@pelletant","twitter_misc":{"\u00c9crit par":"Fran\u00e7ois","Dur\u00e9e de lecture estim\u00e9e":"4 minutes"},"schema":{"@context":"https:\/\/schema.org","@graph":[{"@type":"Article","@id":"https:\/\/francois-pelletant.fr\/blog\/le-point-denonce-camera-a-linas-le-maire-installe-une-camera-en-face-de-chez-lui\/#article","isPartOf":{"@id":"https:\/\/francois-pelletant.fr\/blog\/le-point-denonce-camera-a-linas-le-maire-installe-une-camera-en-face-de-chez-lui\/"},"author":{"name":"Fran\u00e7ois","@id":"https:\/\/francois-pelletant.fr\/blog\/#\/schema\/person\/3ff29631af5560b33f8395942faae379"},"headline":"Le Point d\u00e9nonce: Cam\u00e9ra \u00e0 Linas, Le maire installe une cam\u00e9ra en face de chez lui","datePublished":"2021-12-16T00:34:00+00:00","dateModified":"2024-07-16T00:49:00+00:00","mainEntityOfPage":{"@id":"https:\/\/francois-pelletant.fr\/blog\/le-point-denonce-camera-a-linas-le-maire-installe-une-camera-en-face-de-chez-lui\/"},"wordCount":840,"publisher":{"@id":"https:\/\/francois-pelletant.fr\/blog\/#organization"},"image":{"@id":"https:\/\/francois-pelletant.fr\/blog\/le-point-denonce-camera-a-linas-le-maire-installe-une-camera-en-face-de-chez-lui\/#primaryimage"},"thumbnailUrl":"https:\/\/francois-pelletant.fr\/blog\/wp-content\/uploads\/2021\/12\/camera-a-linas-lardiere-pose-une-camera-en-face-de-chez-lui-1.jpg","articleSection":["2020-2026","Infos"],"inLanguage":"fr-FR"},{"@type":"WebPage","@id":"https:\/\/francois-pelletant.fr\/blog\/le-point-denonce-camera-a-linas-le-maire-installe-une-camera-en-face-de-chez-lui\/","url":"https:\/\/francois-pelletant.fr\/blog\/le-point-denonce-camera-a-linas-le-maire-installe-une-camera-en-face-de-chez-lui\/","name":"Le Point d\u00e9nonce: Cam\u00e9ra \u00e0 Linas, Le maire installe une cam\u00e9ra en face de chez lui - Fran\u00e7ois Pelletant","isPartOf":{"@id":"https:\/\/francois-pelletant.fr\/blog\/#website"},"primaryImageOfPage":{"@id":"https:\/\/francois-pelletant.fr\/blog\/le-point-denonce-camera-a-linas-le-maire-installe-une-camera-en-face-de-chez-lui\/#primaryimage"},"image":{"@id":"https:\/\/francois-pelletant.fr\/blog\/le-point-denonce-camera-a-linas-le-maire-installe-une-camera-en-face-de-chez-lui\/#primaryimage"},"thumbnailUrl":"https:\/\/francois-pelletant.fr\/blog\/wp-content\/uploads\/2021\/12\/camera-a-linas-lardiere-pose-une-camera-en-face-de-chez-lui-1.jpg","datePublished":"2021-12-16T00:34:00+00:00","dateModified":"2024-07-16T00:49:00+00:00","description":"\u00c0 Linas, une cam\u00e9ra de vid\u00e9osurveillance install\u00e9e en face de la maison du maire Christian Lardi\u00e8re suscite la controverse.","breadcrumb":{"@id":"https:\/\/francois-pelletant.fr\/blog\/le-point-denonce-camera-a-linas-le-maire-installe-une-camera-en-face-de-chez-lui\/#breadcrumb"},"inLanguage":"fr-FR","potentialAction":[{"@type":"ReadAction","target":["https:\/\/francois-pelletant.fr\/blog\/le-point-denonce-camera-a-linas-le-maire-installe-une-camera-en-face-de-chez-lui\/"]}]},{"@type":"ImageObject","inLanguage":"fr-FR","@id":"https:\/\/francois-pelletant.fr\/blog\/le-point-denonce-camera-a-linas-le-maire-installe-une-camera-en-face-de-chez-lui\/#primaryimage","url":"https:\/\/francois-pelletant.fr\/blog\/wp-content\/uploads\/2021\/12\/camera-a-linas-lardiere-pose-une-camera-en-face-de-chez-lui-1.jpg","contentUrl":"https:\/\/francois-pelletant.fr\/blog\/wp-content\/uploads\/2021\/12\/camera-a-linas-lardiere-pose-une-camera-en-face-de-chez-lui-1.jpg","width":266,"height":332,"caption":"Le Point d\u00e9nonce: Cam\u00e9ra \u00e0 Linas, Le maire installe une cam\u00e9ra en face de chez lui"},{"@type":"BreadcrumbList","@id":"https:\/\/francois-pelletant.fr\/blog\/le-point-denonce-camera-a-linas-le-maire-installe-une-camera-en-face-de-chez-lui\/#breadcrumb","itemListElement":[{"@type":"ListItem","position":1,"name":"Accueil","item":"https:\/\/francois-pelletant.fr\/blog\/"},{"@type":"ListItem","position":2,"name":"Le Point d\u00e9nonce: Cam\u00e9ra \u00e0 Linas, Le maire installe une cam\u00e9ra en face de chez lui"}]},{"@type":"WebSite","@id":"https:\/\/francois-pelletant.fr\/blog\/#website","url":"https:\/\/francois-pelletant.fr\/blog\/","name":"Fran\u00e7ois Pelletant","description":"Maire de Linas, pour toujours.","publisher":{"@id":"https:\/\/francois-pelletant.fr\/blog\/#organization"},"potentialAction":[{"@type":"SearchAction","target":{"@type":"EntryPoint","urlTemplate":"https:\/\/francois-pelletant.fr\/blog\/?s={search_term_string}"},"query-input":{"@type":"PropertyValueSpecification","valueRequired":true,"valueName":"search_term_string"}}],"inLanguage":"fr-FR"},{"@type":"Organization","@id":"https:\/\/francois-pelletant.fr\/blog\/#organization","name":"Fran\u00e7ois Pelletant","url":"https:\/\/francois-pelletant.fr\/blog\/","logo":{"@type":"ImageObject","inLanguage":"fr-FR","@id":"https:\/\/francois-pelletant.fr\/blog\/#\/schema\/logo\/image\/","url":"https:\/\/francois-pelletant.fr\/blog\/wp-content\/uploads\/2024\/07\/icone-francois-centre-500p.png","contentUrl":"https:\/\/francois-pelletant.fr\/blog\/wp-content\/uploads\/2024\/07\/icone-francois-centre-500p.png","width":559,"height":447,"caption":"Fran\u00e7ois Pelletant"},"image":{"@id":"https:\/\/francois-pelletant.fr\/blog\/#\/schema\/logo\/image\/"},"sameAs":["https:\/\/www.facebook.com\/francois.pelletant.7","https:\/\/x.com\/pelletant"]},{"@type":"Person","@id":"https:\/\/francois-pelletant.fr\/blog\/#\/schema\/person\/3ff29631af5560b33f8395942faae379","name":"Fran\u00e7ois"}]}},"_links":{"self":[{"href":"https:\/\/francois-pelletant.fr\/blog\/wp-json\/wp\/v2\/posts\/13610","targetHints":{"allow":["GET"]}}],"collection":[{"href":"https:\/\/francois-pelletant.fr\/blog\/wp-json\/wp\/v2\/posts"}],"about":[{"href":"https:\/\/francois-pelletant.fr\/blog\/wp-json\/wp\/v2\/types\/post"}],"author":[{"embeddable":true,"href":"https:\/\/francois-pelletant.fr\/blog\/wp-json\/wp\/v2\/users\/2"}],"replies":[{"embeddable":true,"href":"https:\/\/francois-pelletant.fr\/blog\/wp-json\/wp\/v2\/comments?post=13610"}],"version-history":[{"count":0,"href":"https:\/\/francois-pelletant.fr\/blog\/wp-json\/wp\/v2\/posts\/13610\/revisions"}],"wp:featuredmedia":[{"embeddable":true,"href":"https:\/\/francois-pelletant.fr\/blog\/wp-json\/wp\/v2\/media\/13613"}],"wp:attachment":[{"href":"https:\/\/francois-pelletant.fr\/blog\/wp-json\/wp\/v2\/media?parent=13610"}],"wp:term":[{"taxonomy":"category","embeddable":true,"href":"https:\/\/francois-pelletant.fr\/blog\/wp-json\/wp\/v2\/categories?post=13610"},{"taxonomy":"post_tag","embeddable":true,"href":"https:\/\/francois-pelletant.fr\/blog\/wp-json\/wp\/v2\/tags?post=13610"}],"curies":[{"name":"wp","href":"https:\/\/api.w.org\/{rel}","templated":true}]}}