{"id":13614,"date":"2020-10-26T00:49:00","date_gmt":"2020-10-26T00:49:00","guid":{"rendered":"https:\/\/francois-pelletant.fr\/blog\/?p=13614"},"modified":"2024-07-16T01:32:09","modified_gmt":"2024-07-16T01:32:09","slug":"le-canard-enchaine-le-parisien-et-ouest-france-denoncent-a-linas-le-maire-preempte-un-terrain-jouxtant-sa-maison-pour-bloquer-une-construction","status":"publish","type":"post","link":"https:\/\/francois-pelletant.fr\/blog\/le-canard-enchaine-le-parisien-et-ouest-france-denoncent-a-linas-le-maire-preempte-un-terrain-jouxtant-sa-maison-pour-bloquer-une-construction\/","title":{"rendered":"Le Canard Enchain\u00e9, Le Parisien et Ouest-France d\u00e9noncent: A Linas, le Maire pr\u00e9empte un terrain jouxtant sa maison pour bloquer une construction."},"content":{"rendered":"\n<h1 class=\"wp-block-heading\">Linas, le Maire Christian Lardi\u00e8re pr\u00e9empte un terrain jouxtant sa maison.<\/h1>\n\n\n\n<figure class=\"wp-block-image size-large\"><a href=\"https:\/\/francois-pelletant.fr\/blog\/wp-content\/uploads\/2024\/07\/article-le-canard-enchaine-Lardiere.jpg\"><img loading=\"lazy\" decoding=\"async\" width=\"576\" height=\"1024\" src=\"https:\/\/francois-pelletant.fr\/blog\/wp-content\/uploads\/2024\/07\/article-le-canard-enchaine-Lardiere-576x1024.jpg\" alt=\"le canard enchain\u00e9 d\u00e9nonce le maire de lardi\u00e8re christian lardi\u00e8re et sa magouille de pr\u00e9emption d'un terrain jouxtant sa, maison\" class=\"wp-image-13622\" srcset=\"https:\/\/francois-pelletant.fr\/blog\/wp-content\/uploads\/2024\/07\/article-le-canard-enchaine-Lardiere-576x1024.jpg 576w, https:\/\/francois-pelletant.fr\/blog\/wp-content\/uploads\/2024\/07\/article-le-canard-enchaine-Lardiere-169x300.jpg 169w, https:\/\/francois-pelletant.fr\/blog\/wp-content\/uploads\/2024\/07\/article-le-canard-enchaine-Lardiere.jpg 720w\" sizes=\"auto, (max-width: 576px) 100vw, 576px\" \/><\/a><\/figure>\n\n\n\n<p>Cet article est une synth\u00e8se bas\u00e9e sur un rapport de <strong>Ouest-France<\/strong> publi\u00e9 le 26 octobre 2020, relatant les faits d\u00e9crits par Le Parisien.<\/p>\n\n\n\n<p>\u00c0 Linas, dans l&#8217;Essonne, Christian Lardi\u00e8re, le maire LR de la ville, est au c\u0153ur d&#8217;une controverse apr\u00e8s avoir exerc\u00e9 le droit de pr\u00e9emption sur un terrain situ\u00e9 juste \u00e0 c\u00f4t\u00e9 de sa maison. Cette d\u00e9cision a suscit\u00e9 des interrogations et des critiques de la part de ses opposants au conseil municipal.<\/p>\n\n\n\n<h3 class=\"wp-block-heading\">Contexte et D\u00e9cision du Maire<\/h3>\n\n\n\n<p>Une famille \u00e9tait sur le point d&#8217;acheter ce terrain de 360 m\u00b2 pour y construire une maison. Toutefois, le maire a justifi\u00e9 la pr\u00e9emption en affirmant que le permis de construire n&#8217;aurait probablement pas \u00e9t\u00e9 accept\u00e9 en raison d&#8217;un &#8220;plan local d&#8217;urbanisme beaucoup trop permissif&#8221;. Il pr\u00e9voit d&#8217;utiliser le terrain pour cr\u00e9er un jardin partag\u00e9 avec des parcelles potag\u00e8res accessibles aux habitants, une initiative qu&#8217;il d\u00e9fend comme \u00e9tant dans l&#8217;int\u00e9r\u00eat commun.<\/p>\n\n\n\n<h3 class=\"wp-block-heading\">R\u00e9actions et Critiques de l&#8217;Opposition<\/h3>\n\n\n\n<p>Sara Dali, conseill\u00e8re municipale d&#8217;opposition, accuse le maire de vouloir emp\u00eacher une nouvelle construction \u00e0 proximit\u00e9 de sa maison pour des raisons personnelles. D&#8217;autres \u00e9lus de l&#8217;opposition partagent cet avis, y compris Christian Lardi\u00e8re de la liste &#8220;Linas autrement&#8221; (DVD), qui estime que le terrain n&#8217;est pas adapt\u00e9 \u00e0 la cr\u00e9ation d&#8217;un potager, soulignant l&#8217;absence de places de stationnement et son emplacement en zone pavillonnaire.<\/p>\n\n\n\n<p>Le maire, en revanche, insiste sur le fait que son projet de jardin partag\u00e9 est motiv\u00e9 par l&#8217;int\u00e9r\u00eat g\u00e9n\u00e9ral. Il souligne que la pr\u00e9sence d&#8217;un cours d&#8217;eau sur la parcelle permettrait un arrosage gratuit du jardin, et r\u00e9it\u00e8re son engagement \u00e0 cr\u00e9er des jardins p\u00e9dagogiques et familiaux dans tous les quartiers de Linas. Selon lui, le service urbanisme travaille actuellement \u00e0 identifier d&#8217;autres terrains pour des projets similaires.<\/p>\n\n\n\n<h3 class=\"wp-block-heading\">Contexte Plus Large<\/h3>\n\n\n\n<p>Cette pol\u00e9mique autour de la pr\u00e9emption du terrain s&#8217;inscrit dans un contexte plus large de tensions politiques \u00e0 Linas, o\u00f9 la gestion de Christian Lardi\u00e8re a d\u00e9j\u00e0 \u00e9t\u00e9 critiqu\u00e9e \u00e0 plusieurs reprises. Cette situation met en lumi\u00e8re les d\u00e9fis de la gouvernance locale et les tensions persistantes entre le maire et les membres de l&#8217;opposition.<\/p>\n\n\n\n<p>Pour suivre l&#8217;\u00e9volution de cette affaire et d&#8217;autres faits divers \u00e0 Linas, ainsi que les derni\u00e8res actualit\u00e9s de la ville, consultez r\u00e9guli\u00e8rement les nouvelles locales.<\/p>\n\n\n\n<p><strong>L&#8217;article Ouest France<\/strong>:<\/p>\n\n\n\n<h2 class=\"wp-block-heading\">Essonne. Un maire utilise le droit de pr\u00e9emption pour le rachat d\u2019un terrain situ\u00e9 \u00e0 c\u00f4t\u00e9 de sa maison<\/h2>\n\n\n\n<p>Le maire de Linas (Essonne) fait face aux interrogations de ses opposants au conseil municipal, apr\u00e8s avoir fait valoir un droit de pr\u00e9emption sur un terrain&nbsp;situ\u00e9 juste \u00e0 c\u00f4t\u00e9 de chez lui, raconte Le Parisien. Une famille \u00e9tait pourtant pr\u00eate \u00e0 l\u2019acheter. L\u2019\u00e9dile pr\u00e9voit d\u2019y installer un jardin partag\u00e9 pour les habitants. L\u2019opposition le suspecte de privil\u00e9gier ses&nbsp;int\u00e9r\u00eats personnels.<\/p>\n\n\n\n<p>Publi\u00e9 le\u00a026\/10\/2020\u00a0\u00e0 15h19<\/p>\n\n\n\n<p><\/p>\n\n\n\n<p>Christian Lardi\u00e8re, le nouveau maire LR&nbsp;de&nbsp;<a href=\"https:\/\/www.ouest-france.fr\/ile-de-france\/linas-91310\/#resultat-recherche\" target=\"_blank\" rel=\"noreferrer noopener nofollow\">Linas<\/a>&nbsp;(<a href=\"https:\/\/www.ouest-france.fr\/ile-de-france\/essonne\/\" target=\"_blank\" rel=\"noreferrer noopener nofollow\">Essonne<\/a>) a \u00e9tonn\u00e9 certains \u00e9lus depuis qu\u2019il a fait valoir un&nbsp;droit de pr\u00e9emption de la ville sur un terrain constructible. Ce&nbsp;dernier se trouve en effet&nbsp;juste \u00e0 c\u00f4t\u00e9 de sa propre maison, remarquent des membres de l\u2019opposition municipale dans&nbsp;<em><a href=\"https:\/\/www.leparisien.fr\/essonne-91\/le-maire-de-linas-bloque-l-achat-d-une-parcelle-situee-sous-ses-fenetres-25-10-2020-8404883.php\" target=\"_blank\" rel=\"noreferrer noopener nofollow\">Le Parisien<\/a>.<\/em><\/p>\n\n\n\n<p>Selon le quotidien, une famille comptait s\u2019y installer et avait lanc\u00e9 un processus d\u2019achat. L\u2019\u00e9dile a fait valoir que le permis de construire n\u2019aurait s\u00fbrement pas \u00e9t\u00e9 accept\u00e9 par ses services en raison d\u2019un&nbsp;<strong>\u00ab\u2009plan local d\u2019urbanisme est beaucoup trop permissif\u2009\u00bb<\/strong>. Il a ainsi pr\u00e9empt\u00e9 les 360 m\u00b2 de terrain. Son id\u00e9e\u2009: y implanter un jardin partag\u00e9 avec des parcelles potag\u00e8res qui pourront servir aux habitants.<\/p>\n\n\n\n<h2 class=\"wp-block-heading\">Le terrain ne serait pas adapt\u00e9 selon l\u2019opposition<\/h2>\n\n\n\n<p>Pour Sara Dali, conseill\u00e8re municipale d\u2019opposition,&nbsp;<strong>\u00ab\u2009le maire ne veut pas de nouvelle construction juste \u00e0 c\u00f4t\u00e9 de chez lui, tout simplement\u2009\u00bb,&nbsp;<\/strong>estime l\u2019\u00e9lue aupr\u00e8s de nos confr\u00e8res. D\u2019autres \u00e9lus d\u2019opposition partageraient son avis. Parmi eux, Christian Lardi\u00e8re, pr\u00e9sent sur la liste&nbsp;Linas autrement (DVD), qui pense que le terrain concern\u00e9 n\u2019est pas adapt\u00e9 \u00e0 la cr\u00e9ation d\u2019un potager, car il est situ\u00e9 dans une zone pavillonnaire, et n\u2019est pas dot\u00e9 d\u2019emplacement pour se garer.<\/p>\n\n\n\n<p>Le maire, lui, dit agir pour l\u2019int\u00e9r\u00eat commun et assure que le cours&nbsp;d\u2019eau situ\u00e9 sur la parcelle permettra d\u2019avoir de l\u2019eau gratuite pour alimenter le jardin\u2009:&nbsp;<strong>\u00ab\u2009Je dis depuis des ann\u00e9es que je suis pour la cr\u00e9ation de jardins p\u00e9dagogiques et familiaux dans tous les quartiers de la ville,<\/strong>&nbsp;rappelle Christian Lardi\u00e8re dans les colonnes du journal francilien.&nbsp;<strong>Le service urbanisme est en train d\u2019identifier plusieurs terrains.\u2009\u00bb<\/strong><\/p>\n","protected":false},"excerpt":{"rendered":"<p>Linas, le Maire Christian Lardi\u00e8re pr\u00e9empte un terrain jouxtant sa maison. Cet article est une synth\u00e8se bas\u00e9e sur un rapport de Ouest-France publi\u00e9 le 26 octobre 2020, relatant les faits d\u00e9crits par Le Parisien. \u00c0 Linas, dans l&#8217;Essonne, Christian Lardi\u00e8re, le maire LR de la ville, est au c\u0153ur d&#8217;une controverse apr\u00e8s avoir exerc\u00e9 le [&hellip;]<\/p>\n","protected":false},"author":2,"featured_media":13615,"comment_status":"closed","ping_status":"closed","sticky":false,"template":"","format":"standard","meta":{"footnotes":""},"categories":[422],"tags":[],"class_list":["post-13614","post","type-post","status-publish","format-standard","has-post-thumbnail","hentry","category-2020-2026"],"yoast_head":"<!-- This site is optimized with the Yoast SEO plugin v25.6 - https:\/\/yoast.com\/wordpress\/plugins\/seo\/ -->\n<title>Le Canard Enchain\u00e9, Le Parisien et Ouest-France d\u00e9noncent: A Linas, le Maire pr\u00e9empte un terrain jouxtant sa maison pour bloquer une construction. - Fran\u00e7ois Pelletant<\/title>\n<meta name=\"description\" content=\"\u00c0 Linas, le maire Christian Lardi\u00e8re a pr\u00e9empt\u00e9 un terrain \u00e0 c\u00f4t\u00e9 de chez lui pour y cr\u00e9er un jardin partag\u00e9 \u00e0 la place d&#039;une construction.\" \/>\n<meta name=\"robots\" content=\"index, follow, max-snippet:-1, max-image-preview:large, max-video-preview:-1\" \/>\n<link rel=\"canonical\" href=\"https:\/\/francois-pelletant.fr\/blog\/le-canard-enchaine-le-parisien-et-ouest-france-denoncent-a-linas-le-maire-preempte-un-terrain-jouxtant-sa-maison-pour-bloquer-une-construction\/\" \/>\n<meta property=\"og:locale\" content=\"fr_FR\" \/>\n<meta property=\"og:type\" content=\"article\" \/>\n<meta property=\"og:title\" content=\"Le Canard Enchain\u00e9, Le Parisien et Ouest-France d\u00e9noncent: A Linas, le Maire pr\u00e9empte un terrain jouxtant sa maison pour bloquer une construction. - Fran\u00e7ois Pelletant\" \/>\n<meta property=\"og:description\" content=\"\u00c0 Linas, le maire Christian Lardi\u00e8re a pr\u00e9empt\u00e9 un terrain \u00e0 c\u00f4t\u00e9 de chez lui pour y cr\u00e9er un jardin partag\u00e9 \u00e0 la place d&#039;une construction.\" \/>\n<meta property=\"og:url\" content=\"https:\/\/francois-pelletant.fr\/blog\/le-canard-enchaine-le-parisien-et-ouest-france-denoncent-a-linas-le-maire-preempte-un-terrain-jouxtant-sa-maison-pour-bloquer-une-construction\/\" \/>\n<meta property=\"og:site_name\" content=\"Fran\u00e7ois Pelletant\" \/>\n<meta property=\"article:publisher\" content=\"https:\/\/www.facebook.com\/francois.pelletant.7\" \/>\n<meta property=\"article:published_time\" content=\"2020-10-26T00:49:00+00:00\" \/>\n<meta property=\"article:modified_time\" content=\"2024-07-16T01:32:09+00:00\" \/>\n<meta property=\"og:image\" content=\"https:\/\/francois-pelletant.fr\/blog\/wp-content\/uploads\/2024\/07\/ouest-france-2-1.jpg\" \/>\n\t<meta property=\"og:image:width\" content=\"526\" \/>\n\t<meta property=\"og:image:height\" content=\"296\" \/>\n\t<meta property=\"og:image:type\" content=\"image\/jpeg\" \/>\n<meta name=\"author\" content=\"Fran\u00e7ois\" \/>\n<meta name=\"twitter:card\" content=\"summary_large_image\" \/>\n<meta name=\"twitter:creator\" content=\"@pelletant\" \/>\n<meta name=\"twitter:site\" content=\"@pelletant\" \/>\n<meta name=\"twitter:label1\" content=\"\u00c9crit par\" \/>\n\t<meta name=\"twitter:data1\" content=\"Fran\u00e7ois\" \/>\n\t<meta name=\"twitter:label2\" content=\"Dur\u00e9e de lecture estim\u00e9e\" \/>\n\t<meta name=\"twitter:data2\" content=\"4 minutes\" \/>\n<script type=\"application\/ld+json\" class=\"yoast-schema-graph\">{\"@context\":\"https:\/\/schema.org\",\"@graph\":[{\"@type\":\"Article\",\"@id\":\"https:\/\/francois-pelletant.fr\/blog\/le-canard-enchaine-le-parisien-et-ouest-france-denoncent-a-linas-le-maire-preempte-un-terrain-jouxtant-sa-maison-pour-bloquer-une-construction\/#article\",\"isPartOf\":{\"@id\":\"https:\/\/francois-pelletant.fr\/blog\/le-canard-enchaine-le-parisien-et-ouest-france-denoncent-a-linas-le-maire-preempte-un-terrain-jouxtant-sa-maison-pour-bloquer-une-construction\/\"},\"author\":{\"name\":\"Fran\u00e7ois\",\"@id\":\"https:\/\/francois-pelletant.fr\/blog\/#\/schema\/person\/3ff29631af5560b33f8395942faae379\"},\"headline\":\"Le Canard Enchain\u00e9, Le Parisien et Ouest-France d\u00e9noncent: A Linas, le Maire pr\u00e9empte un terrain jouxtant sa maison pour bloquer une construction.\",\"datePublished\":\"2020-10-26T00:49:00+00:00\",\"dateModified\":\"2024-07-16T01:32:09+00:00\",\"mainEntityOfPage\":{\"@id\":\"https:\/\/francois-pelletant.fr\/blog\/le-canard-enchaine-le-parisien-et-ouest-france-denoncent-a-linas-le-maire-preempte-un-terrain-jouxtant-sa-maison-pour-bloquer-une-construction\/\"},\"wordCount\":885,\"publisher\":{\"@id\":\"https:\/\/francois-pelletant.fr\/blog\/#organization\"},\"image\":{\"@id\":\"https:\/\/francois-pelletant.fr\/blog\/le-canard-enchaine-le-parisien-et-ouest-france-denoncent-a-linas-le-maire-preempte-un-terrain-jouxtant-sa-maison-pour-bloquer-une-construction\/#primaryimage\"},\"thumbnailUrl\":\"https:\/\/francois-pelletant.fr\/blog\/wp-content\/uploads\/2024\/07\/ouest-france-2-1.jpg\",\"articleSection\":[\"2020-2026\"],\"inLanguage\":\"fr-FR\"},{\"@type\":\"WebPage\",\"@id\":\"https:\/\/francois-pelletant.fr\/blog\/le-canard-enchaine-le-parisien-et-ouest-france-denoncent-a-linas-le-maire-preempte-un-terrain-jouxtant-sa-maison-pour-bloquer-une-construction\/\",\"url\":\"https:\/\/francois-pelletant.fr\/blog\/le-canard-enchaine-le-parisien-et-ouest-france-denoncent-a-linas-le-maire-preempte-un-terrain-jouxtant-sa-maison-pour-bloquer-une-construction\/\",\"name\":\"Le Canard Enchain\u00e9, Le Parisien et Ouest-France d\u00e9noncent: A Linas, le Maire pr\u00e9empte un terrain jouxtant sa maison pour bloquer une construction. - Fran\u00e7ois Pelletant\",\"isPartOf\":{\"@id\":\"https:\/\/francois-pelletant.fr\/blog\/#website\"},\"primaryImageOfPage\":{\"@id\":\"https:\/\/francois-pelletant.fr\/blog\/le-canard-enchaine-le-parisien-et-ouest-france-denoncent-a-linas-le-maire-preempte-un-terrain-jouxtant-sa-maison-pour-bloquer-une-construction\/#primaryimage\"},\"image\":{\"@id\":\"https:\/\/francois-pelletant.fr\/blog\/le-canard-enchaine-le-parisien-et-ouest-france-denoncent-a-linas-le-maire-preempte-un-terrain-jouxtant-sa-maison-pour-bloquer-une-construction\/#primaryimage\"},\"thumbnailUrl\":\"https:\/\/francois-pelletant.fr\/blog\/wp-content\/uploads\/2024\/07\/ouest-france-2-1.jpg\",\"datePublished\":\"2020-10-26T00:49:00+00:00\",\"dateModified\":\"2024-07-16T01:32:09+00:00\",\"description\":\"\u00c0 Linas, le maire Christian Lardi\u00e8re a pr\u00e9empt\u00e9 un terrain \u00e0 c\u00f4t\u00e9 de chez lui pour y cr\u00e9er un jardin partag\u00e9 \u00e0 la place d'une construction.\",\"breadcrumb\":{\"@id\":\"https:\/\/francois-pelletant.fr\/blog\/le-canard-enchaine-le-parisien-et-ouest-france-denoncent-a-linas-le-maire-preempte-un-terrain-jouxtant-sa-maison-pour-bloquer-une-construction\/#breadcrumb\"},\"inLanguage\":\"fr-FR\",\"potentialAction\":[{\"@type\":\"ReadAction\",\"target\":[\"https:\/\/francois-pelletant.fr\/blog\/le-canard-enchaine-le-parisien-et-ouest-france-denoncent-a-linas-le-maire-preempte-un-terrain-jouxtant-sa-maison-pour-bloquer-une-construction\/\"]}]},{\"@type\":\"ImageObject\",\"inLanguage\":\"fr-FR\",\"@id\":\"https:\/\/francois-pelletant.fr\/blog\/le-canard-enchaine-le-parisien-et-ouest-france-denoncent-a-linas-le-maire-preempte-un-terrain-jouxtant-sa-maison-pour-bloquer-une-construction\/#primaryimage\",\"url\":\"https:\/\/francois-pelletant.fr\/blog\/wp-content\/uploads\/2024\/07\/ouest-france-2-1.jpg\",\"contentUrl\":\"https:\/\/francois-pelletant.fr\/blog\/wp-content\/uploads\/2024\/07\/ouest-france-2-1.jpg\",\"width\":526,\"height\":296,\"caption\":\"lardi\u00e8re corruption le maire de Linas utilise le droit de pr\u00e9emption pour son int\u00e9r\u00eat personnel\"},{\"@type\":\"BreadcrumbList\",\"@id\":\"https:\/\/francois-pelletant.fr\/blog\/le-canard-enchaine-le-parisien-et-ouest-france-denoncent-a-linas-le-maire-preempte-un-terrain-jouxtant-sa-maison-pour-bloquer-une-construction\/#breadcrumb\",\"itemListElement\":[{\"@type\":\"ListItem\",\"position\":1,\"name\":\"Accueil\",\"item\":\"https:\/\/francois-pelletant.fr\/blog\/\"},{\"@type\":\"ListItem\",\"position\":2,\"name\":\"Le Canard Enchain\u00e9, Le Parisien et Ouest-France d\u00e9noncent: A Linas, le Maire pr\u00e9empte un terrain jouxtant sa maison pour bloquer une construction.\"}]},{\"@type\":\"WebSite\",\"@id\":\"https:\/\/francois-pelletant.fr\/blog\/#website\",\"url\":\"https:\/\/francois-pelletant.fr\/blog\/\",\"name\":\"Fran\u00e7ois Pelletant\",\"description\":\"Maire de Linas, pour toujours.\",\"publisher\":{\"@id\":\"https:\/\/francois-pelletant.fr\/blog\/#organization\"},\"potentialAction\":[{\"@type\":\"SearchAction\",\"target\":{\"@type\":\"EntryPoint\",\"urlTemplate\":\"https:\/\/francois-pelletant.fr\/blog\/?s={search_term_string}\"},\"query-input\":{\"@type\":\"PropertyValueSpecification\",\"valueRequired\":true,\"valueName\":\"search_term_string\"}}],\"inLanguage\":\"fr-FR\"},{\"@type\":\"Organization\",\"@id\":\"https:\/\/francois-pelletant.fr\/blog\/#organization\",\"name\":\"Fran\u00e7ois Pelletant\",\"url\":\"https:\/\/francois-pelletant.fr\/blog\/\",\"logo\":{\"@type\":\"ImageObject\",\"inLanguage\":\"fr-FR\",\"@id\":\"https:\/\/francois-pelletant.fr\/blog\/#\/schema\/logo\/image\/\",\"url\":\"https:\/\/francois-pelletant.fr\/blog\/wp-content\/uploads\/2024\/07\/icone-francois-centre-500p.png\",\"contentUrl\":\"https:\/\/francois-pelletant.fr\/blog\/wp-content\/uploads\/2024\/07\/icone-francois-centre-500p.png\",\"width\":559,\"height\":447,\"caption\":\"Fran\u00e7ois Pelletant\"},\"image\":{\"@id\":\"https:\/\/francois-pelletant.fr\/blog\/#\/schema\/logo\/image\/\"},\"sameAs\":[\"https:\/\/www.facebook.com\/francois.pelletant.7\",\"https:\/\/x.com\/pelletant\"]},{\"@type\":\"Person\",\"@id\":\"https:\/\/francois-pelletant.fr\/blog\/#\/schema\/person\/3ff29631af5560b33f8395942faae379\",\"name\":\"Fran\u00e7ois\"}]}<\/script>\n<!-- \/ Yoast SEO plugin. -->","yoast_head_json":{"title":"Le Canard Enchain\u00e9, Le Parisien et Ouest-France d\u00e9noncent: A Linas, le Maire pr\u00e9empte un terrain jouxtant sa maison pour bloquer une construction. - Fran\u00e7ois Pelletant","description":"\u00c0 Linas, le maire Christian Lardi\u00e8re a pr\u00e9empt\u00e9 un terrain \u00e0 c\u00f4t\u00e9 de chez lui pour y cr\u00e9er un jardin partag\u00e9 \u00e0 la place d'une construction.","robots":{"index":"index","follow":"follow","max-snippet":"max-snippet:-1","max-image-preview":"max-image-preview:large","max-video-preview":"max-video-preview:-1"},"canonical":"https:\/\/francois-pelletant.fr\/blog\/le-canard-enchaine-le-parisien-et-ouest-france-denoncent-a-linas-le-maire-preempte-un-terrain-jouxtant-sa-maison-pour-bloquer-une-construction\/","og_locale":"fr_FR","og_type":"article","og_title":"Le Canard Enchain\u00e9, Le Parisien et Ouest-France d\u00e9noncent: A Linas, le Maire pr\u00e9empte un terrain jouxtant sa maison pour bloquer une construction. - Fran\u00e7ois Pelletant","og_description":"\u00c0 Linas, le maire Christian Lardi\u00e8re a pr\u00e9empt\u00e9 un terrain \u00e0 c\u00f4t\u00e9 de chez lui pour y cr\u00e9er un jardin partag\u00e9 \u00e0 la place d'une construction.","og_url":"https:\/\/francois-pelletant.fr\/blog\/le-canard-enchaine-le-parisien-et-ouest-france-denoncent-a-linas-le-maire-preempte-un-terrain-jouxtant-sa-maison-pour-bloquer-une-construction\/","og_site_name":"Fran\u00e7ois Pelletant","article_publisher":"https:\/\/www.facebook.com\/francois.pelletant.7","article_published_time":"2020-10-26T00:49:00+00:00","article_modified_time":"2024-07-16T01:32:09+00:00","og_image":[{"width":526,"height":296,"url":"https:\/\/francois-pelletant.fr\/blog\/wp-content\/uploads\/2024\/07\/ouest-france-2-1.jpg","type":"image\/jpeg"}],"author":"Fran\u00e7ois","twitter_card":"summary_large_image","twitter_creator":"@pelletant","twitter_site":"@pelletant","twitter_misc":{"\u00c9crit par":"Fran\u00e7ois","Dur\u00e9e de lecture estim\u00e9e":"4 minutes"},"schema":{"@context":"https:\/\/schema.org","@graph":[{"@type":"Article","@id":"https:\/\/francois-pelletant.fr\/blog\/le-canard-enchaine-le-parisien-et-ouest-france-denoncent-a-linas-le-maire-preempte-un-terrain-jouxtant-sa-maison-pour-bloquer-une-construction\/#article","isPartOf":{"@id":"https:\/\/francois-pelletant.fr\/blog\/le-canard-enchaine-le-parisien-et-ouest-france-denoncent-a-linas-le-maire-preempte-un-terrain-jouxtant-sa-maison-pour-bloquer-une-construction\/"},"author":{"name":"Fran\u00e7ois","@id":"https:\/\/francois-pelletant.fr\/blog\/#\/schema\/person\/3ff29631af5560b33f8395942faae379"},"headline":"Le Canard Enchain\u00e9, Le Parisien et Ouest-France d\u00e9noncent: A Linas, le Maire pr\u00e9empte un terrain jouxtant sa maison pour bloquer une construction.","datePublished":"2020-10-26T00:49:00+00:00","dateModified":"2024-07-16T01:32:09+00:00","mainEntityOfPage":{"@id":"https:\/\/francois-pelletant.fr\/blog\/le-canard-enchaine-le-parisien-et-ouest-france-denoncent-a-linas-le-maire-preempte-un-terrain-jouxtant-sa-maison-pour-bloquer-une-construction\/"},"wordCount":885,"publisher":{"@id":"https:\/\/francois-pelletant.fr\/blog\/#organization"},"image":{"@id":"https:\/\/francois-pelletant.fr\/blog\/le-canard-enchaine-le-parisien-et-ouest-france-denoncent-a-linas-le-maire-preempte-un-terrain-jouxtant-sa-maison-pour-bloquer-une-construction\/#primaryimage"},"thumbnailUrl":"https:\/\/francois-pelletant.fr\/blog\/wp-content\/uploads\/2024\/07\/ouest-france-2-1.jpg","articleSection":["2020-2026"],"inLanguage":"fr-FR"},{"@type":"WebPage","@id":"https:\/\/francois-pelletant.fr\/blog\/le-canard-enchaine-le-parisien-et-ouest-france-denoncent-a-linas-le-maire-preempte-un-terrain-jouxtant-sa-maison-pour-bloquer-une-construction\/","url":"https:\/\/francois-pelletant.fr\/blog\/le-canard-enchaine-le-parisien-et-ouest-france-denoncent-a-linas-le-maire-preempte-un-terrain-jouxtant-sa-maison-pour-bloquer-une-construction\/","name":"Le Canard Enchain\u00e9, Le Parisien et Ouest-France d\u00e9noncent: A Linas, le Maire pr\u00e9empte un terrain jouxtant sa maison pour bloquer une construction. - Fran\u00e7ois Pelletant","isPartOf":{"@id":"https:\/\/francois-pelletant.fr\/blog\/#website"},"primaryImageOfPage":{"@id":"https:\/\/francois-pelletant.fr\/blog\/le-canard-enchaine-le-parisien-et-ouest-france-denoncent-a-linas-le-maire-preempte-un-terrain-jouxtant-sa-maison-pour-bloquer-une-construction\/#primaryimage"},"image":{"@id":"https:\/\/francois-pelletant.fr\/blog\/le-canard-enchaine-le-parisien-et-ouest-france-denoncent-a-linas-le-maire-preempte-un-terrain-jouxtant-sa-maison-pour-bloquer-une-construction\/#primaryimage"},"thumbnailUrl":"https:\/\/francois-pelletant.fr\/blog\/wp-content\/uploads\/2024\/07\/ouest-france-2-1.jpg","datePublished":"2020-10-26T00:49:00+00:00","dateModified":"2024-07-16T01:32:09+00:00","description":"\u00c0 Linas, le maire Christian Lardi\u00e8re a pr\u00e9empt\u00e9 un terrain \u00e0 c\u00f4t\u00e9 de chez lui pour y cr\u00e9er un jardin partag\u00e9 \u00e0 la place d'une construction.","breadcrumb":{"@id":"https:\/\/francois-pelletant.fr\/blog\/le-canard-enchaine-le-parisien-et-ouest-france-denoncent-a-linas-le-maire-preempte-un-terrain-jouxtant-sa-maison-pour-bloquer-une-construction\/#breadcrumb"},"inLanguage":"fr-FR","potentialAction":[{"@type":"ReadAction","target":["https:\/\/francois-pelletant.fr\/blog\/le-canard-enchaine-le-parisien-et-ouest-france-denoncent-a-linas-le-maire-preempte-un-terrain-jouxtant-sa-maison-pour-bloquer-une-construction\/"]}]},{"@type":"ImageObject","inLanguage":"fr-FR","@id":"https:\/\/francois-pelletant.fr\/blog\/le-canard-enchaine-le-parisien-et-ouest-france-denoncent-a-linas-le-maire-preempte-un-terrain-jouxtant-sa-maison-pour-bloquer-une-construction\/#primaryimage","url":"https:\/\/francois-pelletant.fr\/blog\/wp-content\/uploads\/2024\/07\/ouest-france-2-1.jpg","contentUrl":"https:\/\/francois-pelletant.fr\/blog\/wp-content\/uploads\/2024\/07\/ouest-france-2-1.jpg","width":526,"height":296,"caption":"lardi\u00e8re corruption le maire de Linas utilise le droit de pr\u00e9emption pour son int\u00e9r\u00eat personnel"},{"@type":"BreadcrumbList","@id":"https:\/\/francois-pelletant.fr\/blog\/le-canard-enchaine-le-parisien-et-ouest-france-denoncent-a-linas-le-maire-preempte-un-terrain-jouxtant-sa-maison-pour-bloquer-une-construction\/#breadcrumb","itemListElement":[{"@type":"ListItem","position":1,"name":"Accueil","item":"https:\/\/francois-pelletant.fr\/blog\/"},{"@type":"ListItem","position":2,"name":"Le Canard Enchain\u00e9, Le Parisien et Ouest-France d\u00e9noncent: A Linas, le Maire pr\u00e9empte un terrain jouxtant sa maison pour bloquer une construction."}]},{"@type":"WebSite","@id":"https:\/\/francois-pelletant.fr\/blog\/#website","url":"https:\/\/francois-pelletant.fr\/blog\/","name":"Fran\u00e7ois Pelletant","description":"Maire de Linas, pour toujours.","publisher":{"@id":"https:\/\/francois-pelletant.fr\/blog\/#organization"},"potentialAction":[{"@type":"SearchAction","target":{"@type":"EntryPoint","urlTemplate":"https:\/\/francois-pelletant.fr\/blog\/?s={search_term_string}"},"query-input":{"@type":"PropertyValueSpecification","valueRequired":true,"valueName":"search_term_string"}}],"inLanguage":"fr-FR"},{"@type":"Organization","@id":"https:\/\/francois-pelletant.fr\/blog\/#organization","name":"Fran\u00e7ois Pelletant","url":"https:\/\/francois-pelletant.fr\/blog\/","logo":{"@type":"ImageObject","inLanguage":"fr-FR","@id":"https:\/\/francois-pelletant.fr\/blog\/#\/schema\/logo\/image\/","url":"https:\/\/francois-pelletant.fr\/blog\/wp-content\/uploads\/2024\/07\/icone-francois-centre-500p.png","contentUrl":"https:\/\/francois-pelletant.fr\/blog\/wp-content\/uploads\/2024\/07\/icone-francois-centre-500p.png","width":559,"height":447,"caption":"Fran\u00e7ois Pelletant"},"image":{"@id":"https:\/\/francois-pelletant.fr\/blog\/#\/schema\/logo\/image\/"},"sameAs":["https:\/\/www.facebook.com\/francois.pelletant.7","https:\/\/x.com\/pelletant"]},{"@type":"Person","@id":"https:\/\/francois-pelletant.fr\/blog\/#\/schema\/person\/3ff29631af5560b33f8395942faae379","name":"Fran\u00e7ois"}]}},"_links":{"self":[{"href":"https:\/\/francois-pelletant.fr\/blog\/wp-json\/wp\/v2\/posts\/13614","targetHints":{"allow":["GET"]}}],"collection":[{"href":"https:\/\/francois-pelletant.fr\/blog\/wp-json\/wp\/v2\/posts"}],"about":[{"href":"https:\/\/francois-pelletant.fr\/blog\/wp-json\/wp\/v2\/types\/post"}],"author":[{"embeddable":true,"href":"https:\/\/francois-pelletant.fr\/blog\/wp-json\/wp\/v2\/users\/2"}],"replies":[{"embeddable":true,"href":"https:\/\/francois-pelletant.fr\/blog\/wp-json\/wp\/v2\/comments?post=13614"}],"version-history":[{"count":0,"href":"https:\/\/francois-pelletant.fr\/blog\/wp-json\/wp\/v2\/posts\/13614\/revisions"}],"wp:featuredmedia":[{"embeddable":true,"href":"https:\/\/francois-pelletant.fr\/blog\/wp-json\/wp\/v2\/media\/13615"}],"wp:attachment":[{"href":"https:\/\/francois-pelletant.fr\/blog\/wp-json\/wp\/v2\/media?parent=13614"}],"wp:term":[{"taxonomy":"category","embeddable":true,"href":"https:\/\/francois-pelletant.fr\/blog\/wp-json\/wp\/v2\/categories?post=13614"},{"taxonomy":"post_tag","embeddable":true,"href":"https:\/\/francois-pelletant.fr\/blog\/wp-json\/wp\/v2\/tags?post=13614"}],"curies":[{"name":"wp","href":"https:\/\/api.w.org\/{rel}","templated":true}]}}