{"id":13619,"date":"2021-04-23T01:27:00","date_gmt":"2021-04-23T01:27:00","guid":{"rendered":"https:\/\/francois-pelletant.fr\/blog\/?p=13619"},"modified":"2024-07-16T01:57:01","modified_gmt":"2024-07-16T01:57:01","slug":"le-maire-de-linas-christian-lardiere-efface-la-dette-de-45000-euros-dun-ami-revelation-le-parisien","status":"publish","type":"post","link":"https:\/\/francois-pelletant.fr\/blog\/le-maire-de-linas-christian-lardiere-efface-la-dette-de-45000-euros-dun-ami-revelation-le-parisien\/","title":{"rendered":"Le maire de Linas, Christian Lardi\u00e8re efface la dette de 45000 euros d&#8217;un ami, r\u00e9v\u00e9lation Le Parisien."},"content":{"rendered":"\n<p><\/p>\n\n\n\n<p><\/p>\n\n\n\n<p>Cet article, publi\u00e9 par Le Parisien le 21 avril 2021 et r\u00e9dig\u00e9 par Florian Garcia, relate une controverse \u00e0 Linas, en Essonne, o\u00f9 le maire Christian Lardi\u00e8re a effac\u00e9 une dette de 45000 euros pour un couple d&#8217;anciens employ\u00e9s municipaux.<\/p>\n\n\n\n<h4 class=\"wp-block-heading\">Contexte de la Dette<\/h4>\n\n\n\n<p>Dans les ann\u00e9es 1980, un logement de fonction a \u00e9t\u00e9 attribu\u00e9 gratuitement \u00e0 un garde champ\u00eatre par le maire de l&#8217;\u00e9poque, Roger Vuillemey. En 1999, le maire Fran\u00e7ois Pelletant a tent\u00e9 de mettre fin \u00e0 cette concession, mais le couple a refus\u00e9 de quitter les lieux. En 2008, la commune a fix\u00e9 le loyer mensuel \u00e0 800 euros hors charges, accumulant ainsi une dette de 78000 euros jusqu&#8217;en 2011, ann\u00e9e de d\u00e9part du couple.<\/p>\n\n\n\n<h4 class=\"wp-block-heading\">Remise Gracieuse et Pol\u00e9mique<\/h4>\n\n\n\n<p>Le 14 janvier 2021, le conseil municipal de Linas a vot\u00e9 une &#8220;remise gracieuse&#8221; de 45000 euros sur cette dette. Cette d\u00e9cision a provoqu\u00e9 des accusations de copinage de la part du groupe d&#8217;opposition &#8220;J&#8217;aime Linas&#8221;. Selon Rui Matias, conseiller municipal d&#8217;opposition, ce geste ne devrait pas relever de la municipalit\u00e9 mais d&#8217;une commission de surendettement.<\/p>\n\n\n\n<h4 class=\"wp-block-heading\">R\u00e9actions de l&#8217;Opposition<\/h4>\n\n\n\n<p>La liste &#8220;J&#8217;aime Linas&#8221; a d\u00e9nonc\u00e9 cette d\u00e9cision comme un acte de favoritisme, soulignant que l&#8217;une des personnes b\u00e9n\u00e9ficiant de cette remise \u00e9tait une ancienne colisti\u00e8re de Christian Lardi\u00e8re aux \u00e9lections municipales de 2008. L&#8217;opposition estime que la remise gracieuse est injustifi\u00e9e et devrait \u00eatre r\u00e9\u00e9valu\u00e9e par une autorit\u00e9 comp\u00e9tente en mati\u00e8re de surendettement.<\/p>\n\n\n\n<h4 class=\"wp-block-heading\">D\u00e9fense du Maire<\/h4>\n\n\n\n<p>Christian Lardi\u00e8re a d\u00e9fendu sa d\u00e9cision en expliquant que le couple avait d\u00e9j\u00e0 rembours\u00e9 33000 euros et qu&#8217;ils avaient \u00e9t\u00e9 mal conseill\u00e9s. Il a consult\u00e9 la tr\u00e9sorerie de Montlh\u00e9ry qui a valid\u00e9 la possibilit\u00e9 d&#8217;arr\u00eater le recouvrement de la dette restante. Le maire a \u00e9galement mentionn\u00e9 qu&#8217;ils attendraient la confirmation du pr\u00e9fet pour cette d\u00e9cision.<\/p>\n\n\n\n<p><\/p>\n\n\n\n<p>Article du parisien:<\/p>\n\n\n\n<h1 class=\"wp-block-heading\">Linas : le maire passe l\u2019\u00e9ponge sur une dette de 45000 euros, l\u2019opposition crie au \u00abcopinage\u00bb<\/h1>\n\n\n\n<p>En janvier, le conseil municipal a adopt\u00e9 cette \u00abremise gracieuse\u00bb \u00e0 un couple d\u2019anciens employ\u00e9s communaux qui ne s\u2019\u00e9tait pas acquitt\u00e9 des loyers apr\u00e8s la suspension de son logement de fonction.Par&nbsp;Florian Garcia (avec F.L.)&nbsp;<\/p>\n\n\n\n<p>Le&nbsp;21 avril 2021 \u00e0 15h12<\/p>\n\n\n\n<p>Un vote au conseil municipal a suffi pour effacer l&#8217;ardoise. Mais il a aussi mis le feu aux poudres. Le 14 janvier, l&#8217;\u00e9quipe de la majorit\u00e9 emmen\u00e9e par&nbsp;<a href=\"https:\/\/www.leparisien.fr\/essonne-91\/victorieux-a-linas-christian-lardiere-veut-ecrire-une-nouvelle-page-pour-la-commune-29-06-2020-8344119.php\" target=\"_blank\" rel=\"noreferrer noopener nofollow\">le maire Christian Lardi\u00e8re (LR)<\/a>&nbsp;a accord\u00e9 \u00e0 un couple d&#8217;anciens salari\u00e9s de la commune la \u00ab remise gracieuse \u00bb d&#8217;une dette de 45000 euros r\u00e9sultant de loyers impay\u00e9s. Le groupe d&#8217;opposition \u00ab J&#8217;aime Linas \u00bb, qui s&#8217;est abstenu, crie au copinage.<\/p>\n\n\n\n<p>Plonger dans l&#8217;affaire de ce logement de fonction, c&#8217;est plonger dans les m\u00e9andres de la politique locale. Dans les ann\u00e9es 1980, le maire Roger Vuillemey accorde un logement de fonction au garde champ\u00eatre fra\u00eechement nomm\u00e9. Situ\u00e9e \u00e0 l&#8217;entr\u00e9e du parc de la Ch\u00e2taigneraie, qui porte aujourd&#8217;hui le nom du d\u00e9funt maire, la maison lui est attribu\u00e9e gratuitement. Les ann\u00e9es passent, les maires se succ\u00e8dent jusqu&#8217;\u00e0 l&#8217;\u00e9lection de&nbsp;<a href=\"https:\/\/www.leparisien.fr\/essonne-91\/linas-francois-pelletant-declare-ineligible-par-la-cour-de-cassation-07-01-2020-8230728.php\" target=\"_blank\" rel=\"noreferrer noopener nofollow\">Fran\u00e7ois Pelletant (SE)<\/a>&nbsp;en 1995.<\/p>\n\n\n\n<h2 class=\"wp-block-heading\">Une dette totale de 78000 euros<\/h2>\n\n\n\n<p>En 1999, Fran\u00e7ois Pelletant envoie un premier courrier au couple. Il leur annonce son intention de mettre fin \u00e0 cette concession et leur demande de quitter les lieux dans un d\u00e9lai de cinq mois. Le couple refuse. Les relances adress\u00e9es en 2002, 2003, 2008 et 2009 n&#8217;y feront rien. Le couple ne veut pas d\u00e9m\u00e9nager.<\/p>\n\n\n\n<p>Le 2 avril 2008, une d\u00e9lib\u00e9ration de la commune fixe le loyer mensuel \u00e0 800 euros hors charges. Et deux mois plus tard, une nouvelle d\u00e9lib\u00e9ration stipule que la p\u00e9riode d&#8217;impay\u00e9s s&#8217;\u00e9tale du 1er juin 2003 au 31 mai 2008. A partir de cette date, et jusqu&#8217;au d\u00e9part du couple en novembre 2011, la commune \u00e9met chaque mois un titre ex\u00e9cutoire de paiement.<\/p>\n\n\n\n<p><\/p>\n\n\n\n<p>Mais rien n&#8217;y fait, pas le moindre centime n&#8217;atterrit dans les caisses de la commune. L&#8217;ancien employ\u00e9 engage m\u00eame deux proc\u00e9dures contre la mairie. Elles se solderont toutes les deux par un \u00e9chec. Au total, pour une p\u00e9riode allant de juin 2003 \u00e0 novembre 2011, le montant de la dette s&#8217;\u00e9l\u00e8ve \u00e0 plus de 78000 euros.<\/p>\n\n\n\n<p><\/p>\n\n\n\n<p>Depuis, les \u00e9poux ont d\u00e9m\u00e9nag\u00e9 dans l&#8217;ouest de la France et ont commenc\u00e9 \u00e0 rembourser leur dette. Le 2 d\u00e9cembre dernier, un peu plus de 33000 euros avaient \u00e9t\u00e9 vers\u00e9s \u00e0 la municipalit\u00e9.<\/p>\n\n\n\n<p>Un remboursement qui a donc pris soudainement fin lors du conseil municipal du 14 janvier. \u00ab Malgr\u00e9 des jugements tous favorables, la commune avait accept\u00e9 d&#8217;\u00e9chelonner la dette et n&#8217;a pas engag\u00e9 la saisie des biens, notamment de la maison que le couple poss\u00e8de en Bretagne, r\u00e9agit le conseiller municipal d&#8217;opposition et proche de Fran\u00e7ois Pelletant,&nbsp;<a href=\"https:\/\/www.leparisien.fr\/essonne-91\/municipales-a-linas-ineligible-pour-trois-ans-francois-pelletant-dirige-la-campagne-de-la-majorite-01-03-2020-8270145.php\" target=\"_blank\" rel=\"noreferrer noopener nofollow\">Rui Matias<\/a>. Si malgr\u00e9 cela ces personnes souhaitent faire valoir une situation de surendettement, ce n&#8217;est pas \u00e0 la municipalit\u00e9 d&#8217;intervenir mais \u00e0 la commission de surendettement, qui \u00e9tudiera la situation au regard d&#8217;\u00e9l\u00e9ments factuels. \u00bb<\/p>\n\n\n\n<h2 class=\"wp-block-heading\">\u00abUn cadeau \u00e0 une ancienne colisti\u00e8re\u00bb<\/h2>\n\n\n\n<p>Dans un long message publi\u00e9 sur sa page Facebook, la liste \u00ab J&#8217;aime Linas \u00bb accuse le maire de \u00ab copinage \u00bb. \u00ab Le maire fait un cadeau de 45000 euros \u00e0 une ancienne colisti\u00e8re \u00bb, \u00e9crivent les \u00e9lus du groupe. La liste sur laquelle figurent leurs deux noms remonte aux \u00e9lections municipales de 2008, lorsque l&#8217;actuel maire, Christian Lardi\u00e8re, l&#8217;opposant historique de Fran\u00e7ois Pelletant, s&#8217;\u00e9tait engag\u00e9 aux c\u00f4t\u00e9s du candidat Jean Chiquet. \u00ab C&#8217;\u00e9tait il y a treize ans, balaie, \u00e9nerv\u00e9, l&#8217;\u00e9lu. A l&#8217;\u00e9poque, je ne savais m\u00eame pas qui \u00e9tait sur la liste. \u00bb<\/p>\n\n\n\n<p>Pour justifier cette remise gracieuse de dettes, Christian Lardi\u00e8re assure que le \u00ab couple s&#8217;est fait avoir \u00bb et \u00ab a \u00e9t\u00e9 mal conseill\u00e9 \u00bb. \u00ab Ils ont d\u00e9j\u00e0 pay\u00e9 33000 euros, reprend-il. Alors j&#8217;ai demand\u00e9 \u00e0 la tr\u00e9sorerie de Montlh\u00e9ry&nbsp;<em>(NDLR : en charge du recouvrement de l&#8217;amende)<\/em>&nbsp;s&#8217;il \u00e9tait possible d&#8217;arr\u00eater les b\u00eatises. Ils m&#8217;ont dit oui&#8230; On verra si le pr\u00e9fet contredit. \u00bb<\/p>\n","protected":false},"excerpt":{"rendered":"<p>Cet article, publi\u00e9 par Le Parisien le 21 avril 2021 et r\u00e9dig\u00e9 par Florian Garcia, relate une controverse \u00e0 Linas, en Essonne, o\u00f9 le maire Christian Lardi\u00e8re a effac\u00e9 une dette de 45000 euros pour un couple d&#8217;anciens employ\u00e9s municipaux. Contexte de la Dette Dans les ann\u00e9es 1980, un logement de fonction a \u00e9t\u00e9 attribu\u00e9 [&hellip;]<\/p>\n","protected":false},"author":2,"featured_media":13624,"comment_status":"closed","ping_status":"closed","sticky":false,"template":"","format":"standard","meta":{"footnotes":""},"categories":[422],"tags":[],"class_list":["post-13619","post","type-post","status-publish","format-standard","has-post-thumbnail","hentry","category-2020-2026"],"yoast_head":"<!-- This site is optimized with the Yoast SEO plugin v25.6 - https:\/\/yoast.com\/wordpress\/plugins\/seo\/ -->\n<title>Le maire de Linas, Christian Lardi\u00e8re efface la dette de 45000 euros d&#039;un ami, r\u00e9v\u00e9lation Le Parisien. - Fran\u00e7ois Pelletant<\/title>\n<meta name=\"description\" content=\"\u00c0 Linas, le maire Christian Lardi\u00e8re a annul\u00e9 une dette de 45000 euros d&#039;un ami qui l&#039;a soutenu au \u00e9lections.\" \/>\n<meta name=\"robots\" content=\"index, follow, max-snippet:-1, max-image-preview:large, max-video-preview:-1\" \/>\n<link rel=\"canonical\" href=\"https:\/\/francois-pelletant.fr\/blog\/le-maire-de-linas-christian-lardiere-efface-la-dette-de-45000-euros-dun-ami-revelation-le-parisien\/\" \/>\n<meta property=\"og:locale\" content=\"fr_FR\" \/>\n<meta property=\"og:type\" content=\"article\" \/>\n<meta property=\"og:title\" content=\"Le maire de Linas, Christian Lardi\u00e8re efface la dette de 45000 euros d&#039;un ami, r\u00e9v\u00e9lation Le Parisien. - Fran\u00e7ois Pelletant\" \/>\n<meta property=\"og:description\" content=\"\u00c0 Linas, le maire Christian Lardi\u00e8re a annul\u00e9 une dette de 45000 euros d&#039;un ami qui l&#039;a soutenu au \u00e9lections.\" \/>\n<meta property=\"og:url\" content=\"https:\/\/francois-pelletant.fr\/blog\/le-maire-de-linas-christian-lardiere-efface-la-dette-de-45000-euros-dun-ami-revelation-le-parisien\/\" \/>\n<meta property=\"og:site_name\" content=\"Fran\u00e7ois Pelletant\" \/>\n<meta property=\"article:publisher\" content=\"https:\/\/www.facebook.com\/francois.pelletant.7\" \/>\n<meta property=\"article:published_time\" content=\"2021-04-23T01:27:00+00:00\" \/>\n<meta property=\"article:modified_time\" content=\"2024-07-16T01:57:01+00:00\" \/>\n<meta property=\"og:image\" content=\"https:\/\/francois-pelletant.fr\/blog\/wp-content\/uploads\/2024\/07\/ladjoint-au-maire-Lardiere-philippe-rodari-abus-de-bien-sociaux-il-utilise-le-chateau-interdit-a-la-lication-pour-son-interet-particulier.png\" \/>\n\t<meta property=\"og:image:width\" content=\"429\" \/>\n\t<meta property=\"og:image:height\" content=\"555\" \/>\n\t<meta property=\"og:image:type\" content=\"image\/png\" \/>\n<meta name=\"author\" content=\"Fran\u00e7ois\" \/>\n<meta name=\"twitter:card\" content=\"summary_large_image\" \/>\n<meta name=\"twitter:creator\" content=\"@pelletant\" \/>\n<meta name=\"twitter:site\" content=\"@pelletant\" \/>\n<meta name=\"twitter:label1\" content=\"\u00c9crit par\" \/>\n\t<meta name=\"twitter:data1\" content=\"Fran\u00e7ois\" \/>\n\t<meta name=\"twitter:label2\" content=\"Dur\u00e9e de lecture estim\u00e9e\" \/>\n\t<meta name=\"twitter:data2\" content=\"5 minutes\" \/>\n<script type=\"application\/ld+json\" class=\"yoast-schema-graph\">{\"@context\":\"https:\/\/schema.org\",\"@graph\":[{\"@type\":\"Article\",\"@id\":\"https:\/\/francois-pelletant.fr\/blog\/le-maire-de-linas-christian-lardiere-efface-la-dette-de-45000-euros-dun-ami-revelation-le-parisien\/#article\",\"isPartOf\":{\"@id\":\"https:\/\/francois-pelletant.fr\/blog\/le-maire-de-linas-christian-lardiere-efface-la-dette-de-45000-euros-dun-ami-revelation-le-parisien\/\"},\"author\":{\"name\":\"Fran\u00e7ois\",\"@id\":\"https:\/\/francois-pelletant.fr\/blog\/#\/schema\/person\/3ff29631af5560b33f8395942faae379\"},\"headline\":\"Le maire de Linas, Christian Lardi\u00e8re efface la dette de 45000 euros d&#8217;un ami, r\u00e9v\u00e9lation Le Parisien.\",\"datePublished\":\"2021-04-23T01:27:00+00:00\",\"dateModified\":\"2024-07-16T01:57:01+00:00\",\"mainEntityOfPage\":{\"@id\":\"https:\/\/francois-pelletant.fr\/blog\/le-maire-de-linas-christian-lardiere-efface-la-dette-de-45000-euros-dun-ami-revelation-le-parisien\/\"},\"wordCount\":1065,\"publisher\":{\"@id\":\"https:\/\/francois-pelletant.fr\/blog\/#organization\"},\"image\":{\"@id\":\"https:\/\/francois-pelletant.fr\/blog\/le-maire-de-linas-christian-lardiere-efface-la-dette-de-45000-euros-dun-ami-revelation-le-parisien\/#primaryimage\"},\"thumbnailUrl\":\"https:\/\/francois-pelletant.fr\/blog\/wp-content\/uploads\/2024\/07\/ladjoint-au-maire-Lardiere-philippe-rodari-abus-de-bien-sociaux-il-utilise-le-chateau-interdit-a-la-lication-pour-son-interet-particulier.png\",\"articleSection\":[\"2020-2026\"],\"inLanguage\":\"fr-FR\"},{\"@type\":\"WebPage\",\"@id\":\"https:\/\/francois-pelletant.fr\/blog\/le-maire-de-linas-christian-lardiere-efface-la-dette-de-45000-euros-dun-ami-revelation-le-parisien\/\",\"url\":\"https:\/\/francois-pelletant.fr\/blog\/le-maire-de-linas-christian-lardiere-efface-la-dette-de-45000-euros-dun-ami-revelation-le-parisien\/\",\"name\":\"Le maire de Linas, Christian Lardi\u00e8re efface la dette de 45000 euros d'un ami, r\u00e9v\u00e9lation Le Parisien. - Fran\u00e7ois Pelletant\",\"isPartOf\":{\"@id\":\"https:\/\/francois-pelletant.fr\/blog\/#website\"},\"primaryImageOfPage\":{\"@id\":\"https:\/\/francois-pelletant.fr\/blog\/le-maire-de-linas-christian-lardiere-efface-la-dette-de-45000-euros-dun-ami-revelation-le-parisien\/#primaryimage\"},\"image\":{\"@id\":\"https:\/\/francois-pelletant.fr\/blog\/le-maire-de-linas-christian-lardiere-efface-la-dette-de-45000-euros-dun-ami-revelation-le-parisien\/#primaryimage\"},\"thumbnailUrl\":\"https:\/\/francois-pelletant.fr\/blog\/wp-content\/uploads\/2024\/07\/ladjoint-au-maire-Lardiere-philippe-rodari-abus-de-bien-sociaux-il-utilise-le-chateau-interdit-a-la-lication-pour-son-interet-particulier.png\",\"datePublished\":\"2021-04-23T01:27:00+00:00\",\"dateModified\":\"2024-07-16T01:57:01+00:00\",\"description\":\"\u00c0 Linas, le maire Christian Lardi\u00e8re a annul\u00e9 une dette de 45000 euros d'un ami qui l'a soutenu au \u00e9lections.\",\"breadcrumb\":{\"@id\":\"https:\/\/francois-pelletant.fr\/blog\/le-maire-de-linas-christian-lardiere-efface-la-dette-de-45000-euros-dun-ami-revelation-le-parisien\/#breadcrumb\"},\"inLanguage\":\"fr-FR\",\"potentialAction\":[{\"@type\":\"ReadAction\",\"target\":[\"https:\/\/francois-pelletant.fr\/blog\/le-maire-de-linas-christian-lardiere-efface-la-dette-de-45000-euros-dun-ami-revelation-le-parisien\/\"]}]},{\"@type\":\"ImageObject\",\"inLanguage\":\"fr-FR\",\"@id\":\"https:\/\/francois-pelletant.fr\/blog\/le-maire-de-linas-christian-lardiere-efface-la-dette-de-45000-euros-dun-ami-revelation-le-parisien\/#primaryimage\",\"url\":\"https:\/\/francois-pelletant.fr\/blog\/wp-content\/uploads\/2024\/07\/ladjoint-au-maire-Lardiere-philippe-rodari-abus-de-bien-sociaux-il-utilise-le-chateau-interdit-a-la-lication-pour-son-interet-particulier.png\",\"contentUrl\":\"https:\/\/francois-pelletant.fr\/blog\/wp-content\/uploads\/2024\/07\/ladjoint-au-maire-Lardiere-philippe-rodari-abus-de-bien-sociaux-il-utilise-le-chateau-interdit-a-la-lication-pour-son-interet-particulier.png\",\"width\":429,\"height\":555,\"caption\":\"Cet article, publi\u00e9 par Le Parisien le 21 avril 2021 et r\u00e9dig\u00e9 par Florian Garcia, relate une controverse \u00e0 Linas, en Essonne, o\u00f9 le maire Christian Lardi\u00e8re a effac\u00e9 une dette de 45000 euros pour un couple d'anciens employ\u00e9s municipaux.\"},{\"@type\":\"BreadcrumbList\",\"@id\":\"https:\/\/francois-pelletant.fr\/blog\/le-maire-de-linas-christian-lardiere-efface-la-dette-de-45000-euros-dun-ami-revelation-le-parisien\/#breadcrumb\",\"itemListElement\":[{\"@type\":\"ListItem\",\"position\":1,\"name\":\"Accueil\",\"item\":\"https:\/\/francois-pelletant.fr\/blog\/\"},{\"@type\":\"ListItem\",\"position\":2,\"name\":\"Le maire de Linas, Christian Lardi\u00e8re efface la dette de 45000 euros d&#8217;un ami, r\u00e9v\u00e9lation Le Parisien.\"}]},{\"@type\":\"WebSite\",\"@id\":\"https:\/\/francois-pelletant.fr\/blog\/#website\",\"url\":\"https:\/\/francois-pelletant.fr\/blog\/\",\"name\":\"Fran\u00e7ois Pelletant\",\"description\":\"Maire de Linas, pour toujours.\",\"publisher\":{\"@id\":\"https:\/\/francois-pelletant.fr\/blog\/#organization\"},\"potentialAction\":[{\"@type\":\"SearchAction\",\"target\":{\"@type\":\"EntryPoint\",\"urlTemplate\":\"https:\/\/francois-pelletant.fr\/blog\/?s={search_term_string}\"},\"query-input\":{\"@type\":\"PropertyValueSpecification\",\"valueRequired\":true,\"valueName\":\"search_term_string\"}}],\"inLanguage\":\"fr-FR\"},{\"@type\":\"Organization\",\"@id\":\"https:\/\/francois-pelletant.fr\/blog\/#organization\",\"name\":\"Fran\u00e7ois Pelletant\",\"url\":\"https:\/\/francois-pelletant.fr\/blog\/\",\"logo\":{\"@type\":\"ImageObject\",\"inLanguage\":\"fr-FR\",\"@id\":\"https:\/\/francois-pelletant.fr\/blog\/#\/schema\/logo\/image\/\",\"url\":\"https:\/\/francois-pelletant.fr\/blog\/wp-content\/uploads\/2024\/07\/icone-francois-centre-500p.png\",\"contentUrl\":\"https:\/\/francois-pelletant.fr\/blog\/wp-content\/uploads\/2024\/07\/icone-francois-centre-500p.png\",\"width\":559,\"height\":447,\"caption\":\"Fran\u00e7ois Pelletant\"},\"image\":{\"@id\":\"https:\/\/francois-pelletant.fr\/blog\/#\/schema\/logo\/image\/\"},\"sameAs\":[\"https:\/\/www.facebook.com\/francois.pelletant.7\",\"https:\/\/x.com\/pelletant\"]},{\"@type\":\"Person\",\"@id\":\"https:\/\/francois-pelletant.fr\/blog\/#\/schema\/person\/3ff29631af5560b33f8395942faae379\",\"name\":\"Fran\u00e7ois\"}]}<\/script>\n<!-- \/ Yoast SEO plugin. -->","yoast_head_json":{"title":"Le maire de Linas, Christian Lardi\u00e8re efface la dette de 45000 euros d'un ami, r\u00e9v\u00e9lation Le Parisien. - Fran\u00e7ois Pelletant","description":"\u00c0 Linas, le maire Christian Lardi\u00e8re a annul\u00e9 une dette de 45000 euros d'un ami qui l'a soutenu au \u00e9lections.","robots":{"index":"index","follow":"follow","max-snippet":"max-snippet:-1","max-image-preview":"max-image-preview:large","max-video-preview":"max-video-preview:-1"},"canonical":"https:\/\/francois-pelletant.fr\/blog\/le-maire-de-linas-christian-lardiere-efface-la-dette-de-45000-euros-dun-ami-revelation-le-parisien\/","og_locale":"fr_FR","og_type":"article","og_title":"Le maire de Linas, Christian Lardi\u00e8re efface la dette de 45000 euros d'un ami, r\u00e9v\u00e9lation Le Parisien. - Fran\u00e7ois Pelletant","og_description":"\u00c0 Linas, le maire Christian Lardi\u00e8re a annul\u00e9 une dette de 45000 euros d'un ami qui l'a soutenu au \u00e9lections.","og_url":"https:\/\/francois-pelletant.fr\/blog\/le-maire-de-linas-christian-lardiere-efface-la-dette-de-45000-euros-dun-ami-revelation-le-parisien\/","og_site_name":"Fran\u00e7ois Pelletant","article_publisher":"https:\/\/www.facebook.com\/francois.pelletant.7","article_published_time":"2021-04-23T01:27:00+00:00","article_modified_time":"2024-07-16T01:57:01+00:00","og_image":[{"width":429,"height":555,"url":"https:\/\/francois-pelletant.fr\/blog\/wp-content\/uploads\/2024\/07\/ladjoint-au-maire-Lardiere-philippe-rodari-abus-de-bien-sociaux-il-utilise-le-chateau-interdit-a-la-lication-pour-son-interet-particulier.png","type":"image\/png"}],"author":"Fran\u00e7ois","twitter_card":"summary_large_image","twitter_creator":"@pelletant","twitter_site":"@pelletant","twitter_misc":{"\u00c9crit par":"Fran\u00e7ois","Dur\u00e9e de lecture estim\u00e9e":"5 minutes"},"schema":{"@context":"https:\/\/schema.org","@graph":[{"@type":"Article","@id":"https:\/\/francois-pelletant.fr\/blog\/le-maire-de-linas-christian-lardiere-efface-la-dette-de-45000-euros-dun-ami-revelation-le-parisien\/#article","isPartOf":{"@id":"https:\/\/francois-pelletant.fr\/blog\/le-maire-de-linas-christian-lardiere-efface-la-dette-de-45000-euros-dun-ami-revelation-le-parisien\/"},"author":{"name":"Fran\u00e7ois","@id":"https:\/\/francois-pelletant.fr\/blog\/#\/schema\/person\/3ff29631af5560b33f8395942faae379"},"headline":"Le maire de Linas, Christian Lardi\u00e8re efface la dette de 45000 euros d&#8217;un ami, r\u00e9v\u00e9lation Le Parisien.","datePublished":"2021-04-23T01:27:00+00:00","dateModified":"2024-07-16T01:57:01+00:00","mainEntityOfPage":{"@id":"https:\/\/francois-pelletant.fr\/blog\/le-maire-de-linas-christian-lardiere-efface-la-dette-de-45000-euros-dun-ami-revelation-le-parisien\/"},"wordCount":1065,"publisher":{"@id":"https:\/\/francois-pelletant.fr\/blog\/#organization"},"image":{"@id":"https:\/\/francois-pelletant.fr\/blog\/le-maire-de-linas-christian-lardiere-efface-la-dette-de-45000-euros-dun-ami-revelation-le-parisien\/#primaryimage"},"thumbnailUrl":"https:\/\/francois-pelletant.fr\/blog\/wp-content\/uploads\/2024\/07\/ladjoint-au-maire-Lardiere-philippe-rodari-abus-de-bien-sociaux-il-utilise-le-chateau-interdit-a-la-lication-pour-son-interet-particulier.png","articleSection":["2020-2026"],"inLanguage":"fr-FR"},{"@type":"WebPage","@id":"https:\/\/francois-pelletant.fr\/blog\/le-maire-de-linas-christian-lardiere-efface-la-dette-de-45000-euros-dun-ami-revelation-le-parisien\/","url":"https:\/\/francois-pelletant.fr\/blog\/le-maire-de-linas-christian-lardiere-efface-la-dette-de-45000-euros-dun-ami-revelation-le-parisien\/","name":"Le maire de Linas, Christian Lardi\u00e8re efface la dette de 45000 euros d'un ami, r\u00e9v\u00e9lation Le Parisien. - Fran\u00e7ois Pelletant","isPartOf":{"@id":"https:\/\/francois-pelletant.fr\/blog\/#website"},"primaryImageOfPage":{"@id":"https:\/\/francois-pelletant.fr\/blog\/le-maire-de-linas-christian-lardiere-efface-la-dette-de-45000-euros-dun-ami-revelation-le-parisien\/#primaryimage"},"image":{"@id":"https:\/\/francois-pelletant.fr\/blog\/le-maire-de-linas-christian-lardiere-efface-la-dette-de-45000-euros-dun-ami-revelation-le-parisien\/#primaryimage"},"thumbnailUrl":"https:\/\/francois-pelletant.fr\/blog\/wp-content\/uploads\/2024\/07\/ladjoint-au-maire-Lardiere-philippe-rodari-abus-de-bien-sociaux-il-utilise-le-chateau-interdit-a-la-lication-pour-son-interet-particulier.png","datePublished":"2021-04-23T01:27:00+00:00","dateModified":"2024-07-16T01:57:01+00:00","description":"\u00c0 Linas, le maire Christian Lardi\u00e8re a annul\u00e9 une dette de 45000 euros d'un ami qui l'a soutenu au \u00e9lections.","breadcrumb":{"@id":"https:\/\/francois-pelletant.fr\/blog\/le-maire-de-linas-christian-lardiere-efface-la-dette-de-45000-euros-dun-ami-revelation-le-parisien\/#breadcrumb"},"inLanguage":"fr-FR","potentialAction":[{"@type":"ReadAction","target":["https:\/\/francois-pelletant.fr\/blog\/le-maire-de-linas-christian-lardiere-efface-la-dette-de-45000-euros-dun-ami-revelation-le-parisien\/"]}]},{"@type":"ImageObject","inLanguage":"fr-FR","@id":"https:\/\/francois-pelletant.fr\/blog\/le-maire-de-linas-christian-lardiere-efface-la-dette-de-45000-euros-dun-ami-revelation-le-parisien\/#primaryimage","url":"https:\/\/francois-pelletant.fr\/blog\/wp-content\/uploads\/2024\/07\/ladjoint-au-maire-Lardiere-philippe-rodari-abus-de-bien-sociaux-il-utilise-le-chateau-interdit-a-la-lication-pour-son-interet-particulier.png","contentUrl":"https:\/\/francois-pelletant.fr\/blog\/wp-content\/uploads\/2024\/07\/ladjoint-au-maire-Lardiere-philippe-rodari-abus-de-bien-sociaux-il-utilise-le-chateau-interdit-a-la-lication-pour-son-interet-particulier.png","width":429,"height":555,"caption":"Cet article, publi\u00e9 par Le Parisien le 21 avril 2021 et r\u00e9dig\u00e9 par Florian Garcia, relate une controverse \u00e0 Linas, en Essonne, o\u00f9 le maire Christian Lardi\u00e8re a effac\u00e9 une dette de 45000 euros pour un couple d'anciens employ\u00e9s municipaux."},{"@type":"BreadcrumbList","@id":"https:\/\/francois-pelletant.fr\/blog\/le-maire-de-linas-christian-lardiere-efface-la-dette-de-45000-euros-dun-ami-revelation-le-parisien\/#breadcrumb","itemListElement":[{"@type":"ListItem","position":1,"name":"Accueil","item":"https:\/\/francois-pelletant.fr\/blog\/"},{"@type":"ListItem","position":2,"name":"Le maire de Linas, Christian Lardi\u00e8re efface la dette de 45000 euros d&#8217;un ami, r\u00e9v\u00e9lation Le Parisien."}]},{"@type":"WebSite","@id":"https:\/\/francois-pelletant.fr\/blog\/#website","url":"https:\/\/francois-pelletant.fr\/blog\/","name":"Fran\u00e7ois Pelletant","description":"Maire de Linas, pour toujours.","publisher":{"@id":"https:\/\/francois-pelletant.fr\/blog\/#organization"},"potentialAction":[{"@type":"SearchAction","target":{"@type":"EntryPoint","urlTemplate":"https:\/\/francois-pelletant.fr\/blog\/?s={search_term_string}"},"query-input":{"@type":"PropertyValueSpecification","valueRequired":true,"valueName":"search_term_string"}}],"inLanguage":"fr-FR"},{"@type":"Organization","@id":"https:\/\/francois-pelletant.fr\/blog\/#organization","name":"Fran\u00e7ois Pelletant","url":"https:\/\/francois-pelletant.fr\/blog\/","logo":{"@type":"ImageObject","inLanguage":"fr-FR","@id":"https:\/\/francois-pelletant.fr\/blog\/#\/schema\/logo\/image\/","url":"https:\/\/francois-pelletant.fr\/blog\/wp-content\/uploads\/2024\/07\/icone-francois-centre-500p.png","contentUrl":"https:\/\/francois-pelletant.fr\/blog\/wp-content\/uploads\/2024\/07\/icone-francois-centre-500p.png","width":559,"height":447,"caption":"Fran\u00e7ois Pelletant"},"image":{"@id":"https:\/\/francois-pelletant.fr\/blog\/#\/schema\/logo\/image\/"},"sameAs":["https:\/\/www.facebook.com\/francois.pelletant.7","https:\/\/x.com\/pelletant"]},{"@type":"Person","@id":"https:\/\/francois-pelletant.fr\/blog\/#\/schema\/person\/3ff29631af5560b33f8395942faae379","name":"Fran\u00e7ois"}]}},"_links":{"self":[{"href":"https:\/\/francois-pelletant.fr\/blog\/wp-json\/wp\/v2\/posts\/13619","targetHints":{"allow":["GET"]}}],"collection":[{"href":"https:\/\/francois-pelletant.fr\/blog\/wp-json\/wp\/v2\/posts"}],"about":[{"href":"https:\/\/francois-pelletant.fr\/blog\/wp-json\/wp\/v2\/types\/post"}],"author":[{"embeddable":true,"href":"https:\/\/francois-pelletant.fr\/blog\/wp-json\/wp\/v2\/users\/2"}],"replies":[{"embeddable":true,"href":"https:\/\/francois-pelletant.fr\/blog\/wp-json\/wp\/v2\/comments?post=13619"}],"version-history":[{"count":0,"href":"https:\/\/francois-pelletant.fr\/blog\/wp-json\/wp\/v2\/posts\/13619\/revisions"}],"wp:featuredmedia":[{"embeddable":true,"href":"https:\/\/francois-pelletant.fr\/blog\/wp-json\/wp\/v2\/media\/13624"}],"wp:attachment":[{"href":"https:\/\/francois-pelletant.fr\/blog\/wp-json\/wp\/v2\/media?parent=13619"}],"wp:term":[{"taxonomy":"category","embeddable":true,"href":"https:\/\/francois-pelletant.fr\/blog\/wp-json\/wp\/v2\/categories?post=13619"},{"taxonomy":"post_tag","embeddable":true,"href":"https:\/\/francois-pelletant.fr\/blog\/wp-json\/wp\/v2\/tags?post=13619"}],"curies":[{"name":"wp","href":"https:\/\/api.w.org\/{rel}","templated":true}]}}