{"id":1379,"date":"2012-01-06T08:57:36","date_gmt":"2012-01-06T08:57:36","guid":{"rendered":"https:\/\/francois-pelletant.fr\/blog\/?p=1379"},"modified":"2012-01-06T08:57:36","modified_gmt":"2012-01-06T08:57:36","slug":"le-photocopieur-mysterieux","status":"publish","type":"post","link":"https:\/\/francois-pelletant.fr\/blog\/le-photocopieur-mysterieux\/","title":{"rendered":"Le photocopieur myst\u00e9rieux"},"content":{"rendered":"<p><a href=\"https:\/\/francois-pelletant.fr\/blog\/wp-content\/uploads\/2012\/01\/photocopieur.jpeg\"><img loading=\"lazy\" decoding=\"async\" class=\"alignleft size-full wp-image-1380\" title=\"photocopieur\" src=\"https:\/\/francois-pelletant.fr\/blog\/wp-content\/uploads\/2012\/01\/photocopieur.jpeg\" alt=\"\" width=\"265\" height=\"185\" \/><\/a>Ce n&#8217;est pas le jeu du &#8220;Cluedo politique&#8221;, ni une nouvelle aventure de Sherlock Holmes, mais c&#8217;est tout comme. Avec mon \u00e9quipe nous sommes sur le pont pour retrouver un photocopieur couleur qui a servi lors de la campagne pour l&#8217;\u00e9lection de M. Cauet et qui pourrait bien r\u00e9v\u00e9ler une nouvelle irr\u00e9gularit\u00e9. Je m&#8217;explique\u2026<br \/>\nLors du second tour des \u00e9lections cantonales (27 mars 2011), \u00a0les habitants\u00a0de Longpont sur Orge ont re\u00e7u une lettre (<a href=\"https:\/\/francois-pelletant.fr\/blog\/wp-content\/uploads\/2012\/01\/antonetti-P45-.jpg\" target=\"_blank\">lire ici<\/a>) sign\u00e9e de Mme Antonetti (Maire Front de Gauche) appelant \u00e0 voter pour M. Cauet (PS).<\/p>\n<p>Sauf que la lettre\u00a0n\u2019appara\u00eet\u00a0pas dans le compte de campagne de M. Cauet, et il serait utile pour la justice de savoir qui l\u2019a financ\u00e9. Est-ce Mme Antonetti ou une autre personne, est-ce une association ou une entreprise, &#8230; ou une mairie ? Bien \u00e9videmment, le financement par une entreprise ou une association ou une mairie est strictement interdit et le financement par une personne physique est tr\u00e8s encadr\u00e9. Il y a donc, dans tous les cas, mati\u00e8re \u00e0 une nouvelle irr\u00e9gularit\u00e9.<\/p>\n<p>Comment en avoir le c\u0153ur net ? M. Cauet n\u2019a pas r\u00e9pondu \u00e0 ce sujet lors de l&#8217;instruction du recours au tribunal administratif.<\/p>\n<p>Et bien nous avons trouv\u00e9 un indice : cette lettre a \u00e9t\u00e9 faite sur un photocopieur couleur et comme tout photocopieur, il a laiss\u00e9 une marge blanche dans le contour de la feuille.<\/p>\n<p>Moi qui ait travaill\u00e9 dans l&#8217;impression laser avant d&#8217;\u00eatre \u00e9lu (j&#8217;ai cess\u00e9 mon activit\u00e9 professionnelle pour me consacrer \u00e0 mon mandat, moi), je sais comment marche un photocopieur et je sais que les marges sont li\u00e9es au positionnement du bloc laser. Il y a donc autant de marges diff\u00e9rentes qu&#8217;il y a de photocopieurs.<\/p>\n<p>Il n\u2019y a donc qu&#8217;un seul photocopieur qui a imprim\u00e9 la lettre de Mme Antonetti. Tout mes sympathisants sont sur le pont pour le trouver.<\/p>\n<p>Nous recherchons donc activement un photocopieur dont la caract\u00e9ristique est de laisser des marges de\u00a0:<\/p>\n<p>&#8211; 3,8 mm sur la droite<\/p>\n<p>&#8211; 4,2 mm sur la gauche<\/p>\n<p>&#8211; 4,2 mm sur le haut<\/p>\n<p>&#8211; 3 mm sur le bas.<\/p>\n<p>Pour \u00eatre complet, je pr\u00e9cise que nous avons fait notre petite enqu\u00eate est que cela ne correspond pas au mat\u00e9riel de l&#8217;imprimeur de Mme Antonetti. Cela ne correspond pas non plus \u00e0 l&#8217;imprimeur de M. Cauet puisque celui-ci ne fait pas d&#8217;impression laser.<\/p>\n<p>A vous de jouer, prenez votre loupe, votre r\u00e8gle \u00e0 mesure &#8230;.et envoyez-moi le\u00a0r\u00e9sultat\u00a0de vos\u00a0enqu\u00eates.<\/p>\n","protected":false},"excerpt":{"rendered":"<p>Ce n&#8217;est pas le jeu du &#8220;Cluedo politique&#8221;, ni une nouvelle aventure de Sherlock Holmes, mais c&#8217;est tout comme. Avec mon \u00e9quipe nous sommes sur le pont pour retrouver un photocopieur couleur qui a servi lors de la campagne pour l&#8217;\u00e9lection de M. Cauet et qui pourrait bien r\u00e9v\u00e9ler une nouvelle irr\u00e9gularit\u00e9. Je m&#8217;explique\u2026 Lors [&hellip;]<\/p>\n","protected":false},"author":1,"featured_media":1380,"comment_status":"open","ping_status":"open","sticky":false,"template":"","format":"standard","meta":{"footnotes":""},"categories":[3],"tags":[],"class_list":["post-1379","post","type-post","status-publish","format-standard","has-post-thumbnail","hentry","category-annulation-cantonales"],"yoast_head":"<!-- This site is optimized with the Yoast SEO plugin v25.6 - https:\/\/yoast.com\/wordpress\/plugins\/seo\/ -->\n<title>Le photocopieur myst\u00e9rieux - Fran\u00e7ois Pelletant<\/title>\n<meta name=\"robots\" content=\"index, follow, max-snippet:-1, max-image-preview:large, max-video-preview:-1\" \/>\n<link rel=\"canonical\" href=\"https:\/\/francois-pelletant.fr\/blog\/le-photocopieur-mysterieux\/\" \/>\n<meta property=\"og:locale\" content=\"fr_FR\" \/>\n<meta property=\"og:type\" content=\"article\" \/>\n<meta property=\"og:title\" content=\"Le photocopieur myst\u00e9rieux - Fran\u00e7ois Pelletant\" \/>\n<meta property=\"og:description\" content=\"Ce n&#8217;est pas le jeu du &#8220;Cluedo politique&#8221;, ni une nouvelle aventure de Sherlock Holmes, mais c&#8217;est tout comme. Avec mon \u00e9quipe nous sommes sur le pont pour retrouver un photocopieur couleur qui a servi lors de la campagne pour l&#8217;\u00e9lection de M. Cauet et qui pourrait bien r\u00e9v\u00e9ler une nouvelle irr\u00e9gularit\u00e9. Je m&#8217;explique\u2026 Lors [&hellip;]\" \/>\n<meta property=\"og:url\" content=\"https:\/\/francois-pelletant.fr\/blog\/le-photocopieur-mysterieux\/\" \/>\n<meta property=\"og:site_name\" content=\"Fran\u00e7ois Pelletant\" \/>\n<meta property=\"article:publisher\" content=\"https:\/\/www.facebook.com\/francois.pelletant.7\" \/>\n<meta property=\"article:published_time\" content=\"2012-01-06T08:57:36+00:00\" \/>\n<meta property=\"og:image\" content=\"https:\/\/francois-pelletant.fr\/blog\/wp-content\/uploads\/2012\/01\/photocopieur.jpeg\" \/>\n\t<meta property=\"og:image:width\" content=\"265\" \/>\n\t<meta property=\"og:image:height\" content=\"185\" \/>\n\t<meta property=\"og:image:type\" content=\"image\/jpeg\" \/>\n<meta name=\"author\" content=\"Francois\" \/>\n<meta name=\"twitter:card\" content=\"summary_large_image\" \/>\n<meta name=\"twitter:creator\" content=\"@pelletant\" \/>\n<meta name=\"twitter:site\" content=\"@pelletant\" \/>\n<meta name=\"twitter:label1\" content=\"\u00c9crit par\" \/>\n\t<meta name=\"twitter:data1\" content=\"Francois\" \/>\n\t<meta name=\"twitter:label2\" content=\"Dur\u00e9e de lecture estim\u00e9e\" \/>\n\t<meta name=\"twitter:data2\" content=\"2 minutes\" \/>\n<script type=\"application\/ld+json\" class=\"yoast-schema-graph\">{\"@context\":\"https:\/\/schema.org\",\"@graph\":[{\"@type\":\"Article\",\"@id\":\"https:\/\/francois-pelletant.fr\/blog\/le-photocopieur-mysterieux\/#article\",\"isPartOf\":{\"@id\":\"https:\/\/francois-pelletant.fr\/blog\/le-photocopieur-mysterieux\/\"},\"author\":{\"name\":\"Francois\",\"@id\":\"https:\/\/francois-pelletant.fr\/blog\/#\/schema\/person\/2be41acb171dff8f31aaed1f40cee9f3\"},\"headline\":\"Le photocopieur myst\u00e9rieux\",\"datePublished\":\"2012-01-06T08:57:36+00:00\",\"mainEntityOfPage\":{\"@id\":\"https:\/\/francois-pelletant.fr\/blog\/le-photocopieur-mysterieux\/\"},\"wordCount\":434,\"commentCount\":3,\"publisher\":{\"@id\":\"https:\/\/francois-pelletant.fr\/blog\/#organization\"},\"image\":{\"@id\":\"https:\/\/francois-pelletant.fr\/blog\/le-photocopieur-mysterieux\/#primaryimage\"},\"thumbnailUrl\":\"https:\/\/francois-pelletant.fr\/blog\/wp-content\/uploads\/2012\/01\/photocopieur.jpeg\",\"articleSection\":[\"Annulation cantonales\"],\"inLanguage\":\"fr-FR\",\"potentialAction\":[{\"@type\":\"CommentAction\",\"name\":\"Comment\",\"target\":[\"https:\/\/francois-pelletant.fr\/blog\/le-photocopieur-mysterieux\/#respond\"]}]},{\"@type\":\"WebPage\",\"@id\":\"https:\/\/francois-pelletant.fr\/blog\/le-photocopieur-mysterieux\/\",\"url\":\"https:\/\/francois-pelletant.fr\/blog\/le-photocopieur-mysterieux\/\",\"name\":\"Le photocopieur myst\u00e9rieux - Fran\u00e7ois Pelletant\",\"isPartOf\":{\"@id\":\"https:\/\/francois-pelletant.fr\/blog\/#website\"},\"primaryImageOfPage\":{\"@id\":\"https:\/\/francois-pelletant.fr\/blog\/le-photocopieur-mysterieux\/#primaryimage\"},\"image\":{\"@id\":\"https:\/\/francois-pelletant.fr\/blog\/le-photocopieur-mysterieux\/#primaryimage\"},\"thumbnailUrl\":\"https:\/\/francois-pelletant.fr\/blog\/wp-content\/uploads\/2012\/01\/photocopieur.jpeg\",\"datePublished\":\"2012-01-06T08:57:36+00:00\",\"breadcrumb\":{\"@id\":\"https:\/\/francois-pelletant.fr\/blog\/le-photocopieur-mysterieux\/#breadcrumb\"},\"inLanguage\":\"fr-FR\",\"potentialAction\":[{\"@type\":\"ReadAction\",\"target\":[\"https:\/\/francois-pelletant.fr\/blog\/le-photocopieur-mysterieux\/\"]}]},{\"@type\":\"ImageObject\",\"inLanguage\":\"fr-FR\",\"@id\":\"https:\/\/francois-pelletant.fr\/blog\/le-photocopieur-mysterieux\/#primaryimage\",\"url\":\"https:\/\/francois-pelletant.fr\/blog\/wp-content\/uploads\/2012\/01\/photocopieur.jpeg\",\"contentUrl\":\"https:\/\/francois-pelletant.fr\/blog\/wp-content\/uploads\/2012\/01\/photocopieur.jpeg\",\"width\":265,\"height\":185},{\"@type\":\"BreadcrumbList\",\"@id\":\"https:\/\/francois-pelletant.fr\/blog\/le-photocopieur-mysterieux\/#breadcrumb\",\"itemListElement\":[{\"@type\":\"ListItem\",\"position\":1,\"name\":\"Accueil\",\"item\":\"https:\/\/francois-pelletant.fr\/blog\/\"},{\"@type\":\"ListItem\",\"position\":2,\"name\":\"Le photocopieur myst\u00e9rieux\"}]},{\"@type\":\"WebSite\",\"@id\":\"https:\/\/francois-pelletant.fr\/blog\/#website\",\"url\":\"https:\/\/francois-pelletant.fr\/blog\/\",\"name\":\"Fran\u00e7ois Pelletant\",\"description\":\"Maire de Linas, pour toujours.\",\"publisher\":{\"@id\":\"https:\/\/francois-pelletant.fr\/blog\/#organization\"},\"potentialAction\":[{\"@type\":\"SearchAction\",\"target\":{\"@type\":\"EntryPoint\",\"urlTemplate\":\"https:\/\/francois-pelletant.fr\/blog\/?s={search_term_string}\"},\"query-input\":{\"@type\":\"PropertyValueSpecification\",\"valueRequired\":true,\"valueName\":\"search_term_string\"}}],\"inLanguage\":\"fr-FR\"},{\"@type\":\"Organization\",\"@id\":\"https:\/\/francois-pelletant.fr\/blog\/#organization\",\"name\":\"Fran\u00e7ois Pelletant\",\"url\":\"https:\/\/francois-pelletant.fr\/blog\/\",\"logo\":{\"@type\":\"ImageObject\",\"inLanguage\":\"fr-FR\",\"@id\":\"https:\/\/francois-pelletant.fr\/blog\/#\/schema\/logo\/image\/\",\"url\":\"https:\/\/francois-pelletant.fr\/blog\/wp-content\/uploads\/2024\/07\/icone-francois-centre-500p.png\",\"contentUrl\":\"https:\/\/francois-pelletant.fr\/blog\/wp-content\/uploads\/2024\/07\/icone-francois-centre-500p.png\",\"width\":559,\"height\":447,\"caption\":\"Fran\u00e7ois Pelletant\"},\"image\":{\"@id\":\"https:\/\/francois-pelletant.fr\/blog\/#\/schema\/logo\/image\/\"},\"sameAs\":[\"https:\/\/www.facebook.com\/francois.pelletant.7\",\"https:\/\/x.com\/pelletant\"]},{\"@type\":\"Person\",\"@id\":\"https:\/\/francois-pelletant.fr\/blog\/#\/schema\/person\/2be41acb171dff8f31aaed1f40cee9f3\",\"name\":\"Francois\"}]}<\/script>\n<!-- \/ Yoast SEO plugin. -->","yoast_head_json":{"title":"Le photocopieur myst\u00e9rieux - Fran\u00e7ois Pelletant","robots":{"index":"index","follow":"follow","max-snippet":"max-snippet:-1","max-image-preview":"max-image-preview:large","max-video-preview":"max-video-preview:-1"},"canonical":"https:\/\/francois-pelletant.fr\/blog\/le-photocopieur-mysterieux\/","og_locale":"fr_FR","og_type":"article","og_title":"Le photocopieur myst\u00e9rieux - Fran\u00e7ois Pelletant","og_description":"Ce n&#8217;est pas le jeu du &#8220;Cluedo politique&#8221;, ni une nouvelle aventure de Sherlock Holmes, mais c&#8217;est tout comme. Avec mon \u00e9quipe nous sommes sur le pont pour retrouver un photocopieur couleur qui a servi lors de la campagne pour l&#8217;\u00e9lection de M. Cauet et qui pourrait bien r\u00e9v\u00e9ler une nouvelle irr\u00e9gularit\u00e9. Je m&#8217;explique\u2026 Lors [&hellip;]","og_url":"https:\/\/francois-pelletant.fr\/blog\/le-photocopieur-mysterieux\/","og_site_name":"Fran\u00e7ois Pelletant","article_publisher":"https:\/\/www.facebook.com\/francois.pelletant.7","article_published_time":"2012-01-06T08:57:36+00:00","og_image":[{"width":265,"height":185,"url":"https:\/\/francois-pelletant.fr\/blog\/wp-content\/uploads\/2012\/01\/photocopieur.jpeg","type":"image\/jpeg"}],"author":"Francois","twitter_card":"summary_large_image","twitter_creator":"@pelletant","twitter_site":"@pelletant","twitter_misc":{"\u00c9crit par":"Francois","Dur\u00e9e de lecture estim\u00e9e":"2 minutes"},"schema":{"@context":"https:\/\/schema.org","@graph":[{"@type":"Article","@id":"https:\/\/francois-pelletant.fr\/blog\/le-photocopieur-mysterieux\/#article","isPartOf":{"@id":"https:\/\/francois-pelletant.fr\/blog\/le-photocopieur-mysterieux\/"},"author":{"name":"Francois","@id":"https:\/\/francois-pelletant.fr\/blog\/#\/schema\/person\/2be41acb171dff8f31aaed1f40cee9f3"},"headline":"Le photocopieur myst\u00e9rieux","datePublished":"2012-01-06T08:57:36+00:00","mainEntityOfPage":{"@id":"https:\/\/francois-pelletant.fr\/blog\/le-photocopieur-mysterieux\/"},"wordCount":434,"commentCount":3,"publisher":{"@id":"https:\/\/francois-pelletant.fr\/blog\/#organization"},"image":{"@id":"https:\/\/francois-pelletant.fr\/blog\/le-photocopieur-mysterieux\/#primaryimage"},"thumbnailUrl":"https:\/\/francois-pelletant.fr\/blog\/wp-content\/uploads\/2012\/01\/photocopieur.jpeg","articleSection":["Annulation cantonales"],"inLanguage":"fr-FR","potentialAction":[{"@type":"CommentAction","name":"Comment","target":["https:\/\/francois-pelletant.fr\/blog\/le-photocopieur-mysterieux\/#respond"]}]},{"@type":"WebPage","@id":"https:\/\/francois-pelletant.fr\/blog\/le-photocopieur-mysterieux\/","url":"https:\/\/francois-pelletant.fr\/blog\/le-photocopieur-mysterieux\/","name":"Le photocopieur myst\u00e9rieux - Fran\u00e7ois Pelletant","isPartOf":{"@id":"https:\/\/francois-pelletant.fr\/blog\/#website"},"primaryImageOfPage":{"@id":"https:\/\/francois-pelletant.fr\/blog\/le-photocopieur-mysterieux\/#primaryimage"},"image":{"@id":"https:\/\/francois-pelletant.fr\/blog\/le-photocopieur-mysterieux\/#primaryimage"},"thumbnailUrl":"https:\/\/francois-pelletant.fr\/blog\/wp-content\/uploads\/2012\/01\/photocopieur.jpeg","datePublished":"2012-01-06T08:57:36+00:00","breadcrumb":{"@id":"https:\/\/francois-pelletant.fr\/blog\/le-photocopieur-mysterieux\/#breadcrumb"},"inLanguage":"fr-FR","potentialAction":[{"@type":"ReadAction","target":["https:\/\/francois-pelletant.fr\/blog\/le-photocopieur-mysterieux\/"]}]},{"@type":"ImageObject","inLanguage":"fr-FR","@id":"https:\/\/francois-pelletant.fr\/blog\/le-photocopieur-mysterieux\/#primaryimage","url":"https:\/\/francois-pelletant.fr\/blog\/wp-content\/uploads\/2012\/01\/photocopieur.jpeg","contentUrl":"https:\/\/francois-pelletant.fr\/blog\/wp-content\/uploads\/2012\/01\/photocopieur.jpeg","width":265,"height":185},{"@type":"BreadcrumbList","@id":"https:\/\/francois-pelletant.fr\/blog\/le-photocopieur-mysterieux\/#breadcrumb","itemListElement":[{"@type":"ListItem","position":1,"name":"Accueil","item":"https:\/\/francois-pelletant.fr\/blog\/"},{"@type":"ListItem","position":2,"name":"Le photocopieur myst\u00e9rieux"}]},{"@type":"WebSite","@id":"https:\/\/francois-pelletant.fr\/blog\/#website","url":"https:\/\/francois-pelletant.fr\/blog\/","name":"Fran\u00e7ois Pelletant","description":"Maire de Linas, pour toujours.","publisher":{"@id":"https:\/\/francois-pelletant.fr\/blog\/#organization"},"potentialAction":[{"@type":"SearchAction","target":{"@type":"EntryPoint","urlTemplate":"https:\/\/francois-pelletant.fr\/blog\/?s={search_term_string}"},"query-input":{"@type":"PropertyValueSpecification","valueRequired":true,"valueName":"search_term_string"}}],"inLanguage":"fr-FR"},{"@type":"Organization","@id":"https:\/\/francois-pelletant.fr\/blog\/#organization","name":"Fran\u00e7ois Pelletant","url":"https:\/\/francois-pelletant.fr\/blog\/","logo":{"@type":"ImageObject","inLanguage":"fr-FR","@id":"https:\/\/francois-pelletant.fr\/blog\/#\/schema\/logo\/image\/","url":"https:\/\/francois-pelletant.fr\/blog\/wp-content\/uploads\/2024\/07\/icone-francois-centre-500p.png","contentUrl":"https:\/\/francois-pelletant.fr\/blog\/wp-content\/uploads\/2024\/07\/icone-francois-centre-500p.png","width":559,"height":447,"caption":"Fran\u00e7ois Pelletant"},"image":{"@id":"https:\/\/francois-pelletant.fr\/blog\/#\/schema\/logo\/image\/"},"sameAs":["https:\/\/www.facebook.com\/francois.pelletant.7","https:\/\/x.com\/pelletant"]},{"@type":"Person","@id":"https:\/\/francois-pelletant.fr\/blog\/#\/schema\/person\/2be41acb171dff8f31aaed1f40cee9f3","name":"Francois"}]}},"_links":{"self":[{"href":"https:\/\/francois-pelletant.fr\/blog\/wp-json\/wp\/v2\/posts\/1379","targetHints":{"allow":["GET"]}}],"collection":[{"href":"https:\/\/francois-pelletant.fr\/blog\/wp-json\/wp\/v2\/posts"}],"about":[{"href":"https:\/\/francois-pelletant.fr\/blog\/wp-json\/wp\/v2\/types\/post"}],"author":[{"embeddable":true,"href":"https:\/\/francois-pelletant.fr\/blog\/wp-json\/wp\/v2\/users\/1"}],"replies":[{"embeddable":true,"href":"https:\/\/francois-pelletant.fr\/blog\/wp-json\/wp\/v2\/comments?post=1379"}],"version-history":[{"count":0,"href":"https:\/\/francois-pelletant.fr\/blog\/wp-json\/wp\/v2\/posts\/1379\/revisions"}],"wp:featuredmedia":[{"embeddable":true,"href":"https:\/\/francois-pelletant.fr\/blog\/wp-json\/wp\/v2\/media\/1380"}],"wp:attachment":[{"href":"https:\/\/francois-pelletant.fr\/blog\/wp-json\/wp\/v2\/media?parent=1379"}],"wp:term":[{"taxonomy":"category","embeddable":true,"href":"https:\/\/francois-pelletant.fr\/blog\/wp-json\/wp\/v2\/categories?post=1379"},{"taxonomy":"post_tag","embeddable":true,"href":"https:\/\/francois-pelletant.fr\/blog\/wp-json\/wp\/v2\/tags?post=1379"}],"curies":[{"name":"wp","href":"https:\/\/api.w.org\/{rel}","templated":true}]}}