{"id":14021,"date":"2026-01-06T11:19:42","date_gmt":"2026-01-06T11:19:42","guid":{"rendered":"https:\/\/francois-pelletant.fr\/blog\/?p=14021"},"modified":"2026-01-06T11:19:42","modified_gmt":"2026-01-06T11:19:42","slug":"ecole-de-linas-une-panne-de-chauffage-revelatrice-dune-crise-de-gouvernance-municipale","status":"publish","type":"post","link":"https:\/\/francois-pelletant.fr\/blog\/ecole-de-linas-une-panne-de-chauffage-revelatrice-dune-crise-de-gouvernance-municipale\/","title":{"rendered":"\u00c9cole de Linas : une panne de chauffage r\u00e9v\u00e9latrice d\u2019une crise de gouvernance municipale"},"content":{"rendered":"<h1 data-start=\"305\" data-end=\"342\">Une rentr\u00e9e scolaire dans le froid<\/h1>\n<p data-start=\"344\" data-end=\"689\">Ce lundi de rentr\u00e9e scolaire, l\u2019\u00e9cole des Sources \u00e0 Linas a de nouveau \u00e9t\u00e9 confront\u00e9e \u00e0 une panne de chauffage, plongeant \u00e9l\u00e8ves, parents et enseignants dans une situation pour le moins pr\u00e9occupante. Plusieurs parents d\u2019\u00e9l\u00e8ves ont alert\u00e9 d\u00e8s le matin, certains allant jusqu\u2019\u00e0 se d\u00e9placer personnellement pour signaler la gravit\u00e9 de la situation.<\/p>\n<p data-start=\"691\" data-end=\"996\">Il ne s\u2019agissait pourtant pas d\u2019un incident in\u00e9dit. Cette panne est identique \u00e0 celle survenue il y a trois semaines, \u00e9pisode sur lequel des alertes avaient d\u00e9j\u00e0 \u00e9t\u00e9 lanc\u00e9es et des propositions formul\u00e9es afin d\u2019\u00e9viter toute r\u00e9cidive. Malgr\u00e9 cela, aucune solution durable ne semble avoir \u00e9t\u00e9 mise en place.<\/p>\n<h2 data-start=\"998\" data-end=\"1031\">Une crise inconcevable en 2026<\/h2>\n<p data-start=\"1033\" data-end=\"1370\">En 2026, voir une \u00e9cole publique priv\u00e9e de chauffage lors d\u2019une rentr\u00e9e scolaire appara\u00eet comme une situation inconcevable. Cette nouvelle d\u00e9faillance soul\u00e8ve des interrogations l\u00e9gitimes sur l\u2019anticipation, la gestion des \u00e9quipements publics et la capacit\u00e9 de la municipalit\u00e9 \u00e0 garantir des conditions d\u2019accueil dignes pour les enfants.<\/p>\n<p data-start=\"1372\" data-end=\"1620\">Mais au-del\u00e0 de la panne technique, c\u2019est surtout la gestion de la crise qui choque de nombreux parents. Aucun message pr\u00e9alable, aucune information officielle, aucune communication claire n\u2019a \u00e9t\u00e9 adress\u00e9e aux familles avant leur arriv\u00e9e \u00e0 l\u2019\u00e9cole.<\/p>\n<h2 data-start=\"1622\" data-end=\"1682\">Col\u00e8re des parents et absence de communication municipale<\/h2>\n<p data-start=\"1684\" data-end=\"1900\">La col\u00e8re des parents s\u2019est rapidement exprim\u00e9e, notamment sur les r\u00e9seaux sociaux. L\u2019un d\u2019eux, dont le message a \u00e9t\u00e9 supprim\u00e9 par la suite, a formul\u00e9 un t\u00e9moignage qui semble refl\u00e9ter un sentiment largement partag\u00e9.<\/p>\n<blockquote data-start=\"1902\" data-end=\"2280\">\n<p data-start=\"1904\" data-end=\"1933\"><strong data-start=\"1904\" data-end=\"1931\">Extrait de t\u00e9moignage :<\/strong><\/p>\n<p data-start=\"1940\" data-end=\"2280\">\u00ab Ce matin en emmenant mes enfants \u00e0 l\u2019\u00e9cole, la directrice nous annonce que l\u2019\u00e9cole n\u2019est pas chauff\u00e9e, la cause serait des travaux\u2026 \u00c0 quel moment les parents sont-ils pr\u00e9venus ? \u00c0 quel moment la mairie joue son r\u00f4le de communicant ? Doit-on passer par la presse, notamment le journal <em data-start=\"2226\" data-end=\"2239\">Le Parisien<\/em>, pour avoir des r\u00e9ponses \u00e0 nos mails ? \u00bb<\/p>\n<\/blockquote>\n<p data-start=\"2282\" data-end=\"2443\">Le parent d\u00e9nonce une mairie jug\u00e9e absente, difficilement joignable et incapable de r\u00e9pondre aux sollicitations des familles, y compris par les canaux officiels.<\/p>\n<h2 data-start=\"2445\" data-end=\"2490\">Des d\u00e9marches vers l\u2019Acad\u00e9mie et la presse<\/h2>\n<p data-start=\"2492\" data-end=\"2751\">Face \u00e0 ce qu\u2019ils consid\u00e8rent comme une accumulation de manquements, plusieurs parents indiquent avoir engag\u00e9 des d\u00e9marches aupr\u00e8s de l\u2019Acad\u00e9mie de Versailles. D\u2019autres se sont tourn\u00e9s vers la presse, notamment <em data-start=\"2702\" data-end=\"2715\">Le Parisien<\/em>, afin d\u2019alerter l\u2019opinion publique.<\/p>\n<blockquote data-start=\"2753\" data-end=\"2997\">\n<p data-start=\"2755\" data-end=\"2997\">\u00ab Nous sommes un groupe de parents \u00e0 appeler l\u2019Acad\u00e9mie de Versailles et de mon c\u00f4t\u00e9 je passe par le quotidien <em data-start=\"2866\" data-end=\"2879\">Le Parisien<\/em> \u00bb, \u00e9crit le parent, \u00e9voquant \u00e9galement l\u2019int\u00e9r\u00eat du journaliste pour d\u2019autres dossiers sensibles touchant la commune.<\/p>\n<\/blockquote>\n<p data-start=\"2999\" data-end=\"3171\">Parmi les sujets mentionn\u00e9s figurent le traitement des agents municipaux, des retards ou absences de paiement de salaires, ainsi que le fonctionnement interne de la mairie.<\/p>\n<h2 data-start=\"3173\" data-end=\"3224\">Accusations de favoritisme et perte de confiance<\/h2>\n<p data-start=\"3226\" data-end=\"3401\">Le message va plus loin en \u00e9voquant un climat de d\u00e9fiance g\u00e9n\u00e9ralis\u00e9e \u00e0 l\u2019\u00e9gard de l\u2019\u00e9quipe municipale actuelle, avec des accusations de favoritisme et de conflits d\u2019int\u00e9r\u00eats.<\/p>\n<blockquote data-start=\"3403\" data-end=\"3494\">\n<p data-start=\"3405\" data-end=\"3494\">\u00ab \u00c0 quand une vraie mairie ? Doit-on \u00eatre de la belle famille pour avoir des r\u00e9ponses ? \u00bb<\/p>\n<\/blockquote>\n<p data-start=\"3496\" data-end=\"3697\">Ces propos traduisent un profond sentiment de rupture entre une partie des administr\u00e9s et leurs \u00e9lus, sentiment renforc\u00e9 par l\u2019impression que certaines critiques seraient \u00e9touff\u00e9es plut\u00f4t que trait\u00e9es.<\/p>\n<h2 data-start=\"3699\" data-end=\"3756\">Une exasp\u00e9ration qui d\u00e9passe la simple panne technique<\/h2>\n<p data-start=\"3758\" data-end=\"4067\">Au final, la panne de chauffage de l\u2019\u00e9cole des Sources appara\u00eet moins comme un incident isol\u00e9 que comme le sympt\u00f4me d\u2019un malaise plus large. Pour de nombreux parents, elle illustre une gouvernance municipale jug\u00e9e d\u00e9faillante, un manque d\u2019anticipation chronique et une communication inexistante ou m\u00e9prisante.<\/p>\n<blockquote data-start=\"4069\" data-end=\"4256\">\n<p data-start=\"4071\" data-end=\"4256\">\u00ab Je ne demande pas de r\u00e9ponse puisque les Linois n\u2019en ont jamais \u00bb, conclut le parent, appelant \u00e0 une mobilisation collective face \u00e0 ce qu\u2019il consid\u00e8re comme un amateurisme persistant.<\/p>\n<\/blockquote>\n<p data-start=\"4258\" data-end=\"4486\">Cette nouvelle crise pose une question centrale : comment une commune peut-elle garantir la s\u00e9curit\u00e9, le bien-\u00eatre et la scolarit\u00e9 des enfants si les dysfonctionnements se r\u00e9p\u00e8tent sans r\u00e9ponse claire ni responsabilit\u00e9 assum\u00e9e ?<\/p>\n","protected":false},"excerpt":{"rendered":"<p>Une rentr\u00e9e scolaire dans le froid Ce lundi de rentr\u00e9e scolaire, l\u2019\u00e9cole des Sources \u00e0 Linas a de nouveau \u00e9t\u00e9 confront\u00e9e \u00e0 une panne de chauffage, plongeant \u00e9l\u00e8ves, parents et enseignants dans une situation pour le moins pr\u00e9occupante. Plusieurs parents d\u2019\u00e9l\u00e8ves ont alert\u00e9 d\u00e8s le matin, certains allant jusqu\u2019\u00e0 se d\u00e9placer personnellement pour signaler la [&hellip;]<\/p>\n","protected":false},"author":2,"featured_media":14022,"comment_status":"closed","ping_status":"closed","sticky":false,"template":"","format":"standard","meta":{"footnotes":""},"categories":[10],"tags":[],"class_list":["post-14021","post","type-post","status-publish","format-standard","has-post-thumbnail","hentry","category-1pelletant"],"yoast_head":"<!-- This site is optimized with the Yoast SEO plugin v25.6 - https:\/\/yoast.com\/wordpress\/plugins\/seo\/ -->\n<title>\u00c9cole de Linas : une panne de chauffage r\u00e9v\u00e9latrice d\u2019une crise de gouvernance municipale - Fran\u00e7ois Pelletant<\/title>\n<meta name=\"robots\" content=\"index, follow, max-snippet:-1, max-image-preview:large, max-video-preview:-1\" \/>\n<link rel=\"canonical\" href=\"https:\/\/francois-pelletant.fr\/blog\/ecole-de-linas-une-panne-de-chauffage-revelatrice-dune-crise-de-gouvernance-municipale\/\" \/>\n<meta property=\"og:locale\" content=\"fr_FR\" \/>\n<meta property=\"og:type\" content=\"article\" \/>\n<meta property=\"og:title\" content=\"\u00c9cole de Linas : une panne de chauffage r\u00e9v\u00e9latrice d\u2019une crise de gouvernance municipale - Fran\u00e7ois Pelletant\" \/>\n<meta property=\"og:description\" content=\"Une rentr\u00e9e scolaire dans le froid Ce lundi de rentr\u00e9e scolaire, l\u2019\u00e9cole des Sources \u00e0 Linas a de nouveau \u00e9t\u00e9 confront\u00e9e \u00e0 une panne de chauffage, plongeant \u00e9l\u00e8ves, parents et enseignants dans une situation pour le moins pr\u00e9occupante. Plusieurs parents d\u2019\u00e9l\u00e8ves ont alert\u00e9 d\u00e8s le matin, certains allant jusqu\u2019\u00e0 se d\u00e9placer personnellement pour signaler la [&hellip;]\" \/>\n<meta property=\"og:url\" content=\"https:\/\/francois-pelletant.fr\/blog\/ecole-de-linas-une-panne-de-chauffage-revelatrice-dune-crise-de-gouvernance-municipale\/\" \/>\n<meta property=\"og:site_name\" content=\"Fran\u00e7ois Pelletant\" \/>\n<meta property=\"article:publisher\" content=\"https:\/\/www.facebook.com\/francois.pelletant.7\" \/>\n<meta property=\"article:published_time\" content=\"2026-01-06T11:19:42+00:00\" \/>\n<meta property=\"og:image\" content=\"https:\/\/francois-pelletant.fr\/blog\/wp-content\/uploads\/2026\/01\/mairie-glacon-1.jpeg\" \/>\n\t<meta property=\"og:image:width\" content=\"800\" \/>\n\t<meta property=\"og:image:height\" content=\"533\" \/>\n\t<meta property=\"og:image:type\" content=\"image\/jpeg\" \/>\n<meta name=\"author\" content=\"Fran\u00e7ois\" \/>\n<meta name=\"twitter:card\" content=\"summary_large_image\" \/>\n<meta name=\"twitter:creator\" content=\"@pelletant\" \/>\n<meta name=\"twitter:site\" content=\"@pelletant\" \/>\n<meta name=\"twitter:label1\" content=\"\u00c9crit par\" \/>\n\t<meta name=\"twitter:data1\" content=\"Fran\u00e7ois\" \/>\n\t<meta name=\"twitter:label2\" content=\"Dur\u00e9e de lecture estim\u00e9e\" \/>\n\t<meta name=\"twitter:data2\" content=\"3 minutes\" \/>\n<script type=\"application\/ld+json\" class=\"yoast-schema-graph\">{\"@context\":\"https:\/\/schema.org\",\"@graph\":[{\"@type\":\"Article\",\"@id\":\"https:\/\/francois-pelletant.fr\/blog\/ecole-de-linas-une-panne-de-chauffage-revelatrice-dune-crise-de-gouvernance-municipale\/#article\",\"isPartOf\":{\"@id\":\"https:\/\/francois-pelletant.fr\/blog\/ecole-de-linas-une-panne-de-chauffage-revelatrice-dune-crise-de-gouvernance-municipale\/\"},\"author\":{\"name\":\"Fran\u00e7ois\",\"@id\":\"https:\/\/francois-pelletant.fr\/blog\/#\/schema\/person\/3ff29631af5560b33f8395942faae379\"},\"headline\":\"\u00c9cole de Linas : une panne de chauffage r\u00e9v\u00e9latrice d\u2019une crise de gouvernance municipale\",\"datePublished\":\"2026-01-06T11:19:42+00:00\",\"mainEntityOfPage\":{\"@id\":\"https:\/\/francois-pelletant.fr\/blog\/ecole-de-linas-une-panne-de-chauffage-revelatrice-dune-crise-de-gouvernance-municipale\/\"},\"wordCount\":726,\"publisher\":{\"@id\":\"https:\/\/francois-pelletant.fr\/blog\/#organization\"},\"image\":{\"@id\":\"https:\/\/francois-pelletant.fr\/blog\/ecole-de-linas-une-panne-de-chauffage-revelatrice-dune-crise-de-gouvernance-municipale\/#primaryimage\"},\"thumbnailUrl\":\"https:\/\/francois-pelletant.fr\/blog\/wp-content\/uploads\/2026\/01\/mairie-glacon-1.jpeg\",\"articleSection\":[\"Infos\"],\"inLanguage\":\"fr-FR\"},{\"@type\":\"WebPage\",\"@id\":\"https:\/\/francois-pelletant.fr\/blog\/ecole-de-linas-une-panne-de-chauffage-revelatrice-dune-crise-de-gouvernance-municipale\/\",\"url\":\"https:\/\/francois-pelletant.fr\/blog\/ecole-de-linas-une-panne-de-chauffage-revelatrice-dune-crise-de-gouvernance-municipale\/\",\"name\":\"\u00c9cole de Linas : une panne de chauffage r\u00e9v\u00e9latrice d\u2019une crise de gouvernance municipale - Fran\u00e7ois Pelletant\",\"isPartOf\":{\"@id\":\"https:\/\/francois-pelletant.fr\/blog\/#website\"},\"primaryImageOfPage\":{\"@id\":\"https:\/\/francois-pelletant.fr\/blog\/ecole-de-linas-une-panne-de-chauffage-revelatrice-dune-crise-de-gouvernance-municipale\/#primaryimage\"},\"image\":{\"@id\":\"https:\/\/francois-pelletant.fr\/blog\/ecole-de-linas-une-panne-de-chauffage-revelatrice-dune-crise-de-gouvernance-municipale\/#primaryimage\"},\"thumbnailUrl\":\"https:\/\/francois-pelletant.fr\/blog\/wp-content\/uploads\/2026\/01\/mairie-glacon-1.jpeg\",\"datePublished\":\"2026-01-06T11:19:42+00:00\",\"breadcrumb\":{\"@id\":\"https:\/\/francois-pelletant.fr\/blog\/ecole-de-linas-une-panne-de-chauffage-revelatrice-dune-crise-de-gouvernance-municipale\/#breadcrumb\"},\"inLanguage\":\"fr-FR\",\"potentialAction\":[{\"@type\":\"ReadAction\",\"target\":[\"https:\/\/francois-pelletant.fr\/blog\/ecole-de-linas-une-panne-de-chauffage-revelatrice-dune-crise-de-gouvernance-municipale\/\"]}]},{\"@type\":\"ImageObject\",\"inLanguage\":\"fr-FR\",\"@id\":\"https:\/\/francois-pelletant.fr\/blog\/ecole-de-linas-une-panne-de-chauffage-revelatrice-dune-crise-de-gouvernance-municipale\/#primaryimage\",\"url\":\"https:\/\/francois-pelletant.fr\/blog\/wp-content\/uploads\/2026\/01\/mairie-glacon-1.jpeg\",\"contentUrl\":\"https:\/\/francois-pelletant.fr\/blog\/wp-content\/uploads\/2026\/01\/mairie-glacon-1.jpeg\",\"width\":800,\"height\":533,\"caption\":\"immobilisme mairie de Linas\"},{\"@type\":\"BreadcrumbList\",\"@id\":\"https:\/\/francois-pelletant.fr\/blog\/ecole-de-linas-une-panne-de-chauffage-revelatrice-dune-crise-de-gouvernance-municipale\/#breadcrumb\",\"itemListElement\":[{\"@type\":\"ListItem\",\"position\":1,\"name\":\"Accueil\",\"item\":\"https:\/\/francois-pelletant.fr\/blog\/\"},{\"@type\":\"ListItem\",\"position\":2,\"name\":\"\u00c9cole de Linas : une panne de chauffage r\u00e9v\u00e9latrice d\u2019une crise de gouvernance municipale\"}]},{\"@type\":\"WebSite\",\"@id\":\"https:\/\/francois-pelletant.fr\/blog\/#website\",\"url\":\"https:\/\/francois-pelletant.fr\/blog\/\",\"name\":\"Fran\u00e7ois Pelletant\",\"description\":\"Maire de Linas, pour toujours.\",\"publisher\":{\"@id\":\"https:\/\/francois-pelletant.fr\/blog\/#organization\"},\"potentialAction\":[{\"@type\":\"SearchAction\",\"target\":{\"@type\":\"EntryPoint\",\"urlTemplate\":\"https:\/\/francois-pelletant.fr\/blog\/?s={search_term_string}\"},\"query-input\":{\"@type\":\"PropertyValueSpecification\",\"valueRequired\":true,\"valueName\":\"search_term_string\"}}],\"inLanguage\":\"fr-FR\"},{\"@type\":\"Organization\",\"@id\":\"https:\/\/francois-pelletant.fr\/blog\/#organization\",\"name\":\"Fran\u00e7ois Pelletant\",\"url\":\"https:\/\/francois-pelletant.fr\/blog\/\",\"logo\":{\"@type\":\"ImageObject\",\"inLanguage\":\"fr-FR\",\"@id\":\"https:\/\/francois-pelletant.fr\/blog\/#\/schema\/logo\/image\/\",\"url\":\"https:\/\/francois-pelletant.fr\/blog\/wp-content\/uploads\/2024\/07\/icone-francois-centre-500p.png\",\"contentUrl\":\"https:\/\/francois-pelletant.fr\/blog\/wp-content\/uploads\/2024\/07\/icone-francois-centre-500p.png\",\"width\":559,\"height\":447,\"caption\":\"Fran\u00e7ois Pelletant\"},\"image\":{\"@id\":\"https:\/\/francois-pelletant.fr\/blog\/#\/schema\/logo\/image\/\"},\"sameAs\":[\"https:\/\/www.facebook.com\/francois.pelletant.7\",\"https:\/\/x.com\/pelletant\"]},{\"@type\":\"Person\",\"@id\":\"https:\/\/francois-pelletant.fr\/blog\/#\/schema\/person\/3ff29631af5560b33f8395942faae379\",\"name\":\"Fran\u00e7ois\"}]}<\/script>\n<!-- \/ Yoast SEO plugin. -->","yoast_head_json":{"title":"\u00c9cole de Linas : une panne de chauffage r\u00e9v\u00e9latrice d\u2019une crise de gouvernance municipale - Fran\u00e7ois Pelletant","robots":{"index":"index","follow":"follow","max-snippet":"max-snippet:-1","max-image-preview":"max-image-preview:large","max-video-preview":"max-video-preview:-1"},"canonical":"https:\/\/francois-pelletant.fr\/blog\/ecole-de-linas-une-panne-de-chauffage-revelatrice-dune-crise-de-gouvernance-municipale\/","og_locale":"fr_FR","og_type":"article","og_title":"\u00c9cole de Linas : une panne de chauffage r\u00e9v\u00e9latrice d\u2019une crise de gouvernance municipale - Fran\u00e7ois Pelletant","og_description":"Une rentr\u00e9e scolaire dans le froid Ce lundi de rentr\u00e9e scolaire, l\u2019\u00e9cole des Sources \u00e0 Linas a de nouveau \u00e9t\u00e9 confront\u00e9e \u00e0 une panne de chauffage, plongeant \u00e9l\u00e8ves, parents et enseignants dans une situation pour le moins pr\u00e9occupante. Plusieurs parents d\u2019\u00e9l\u00e8ves ont alert\u00e9 d\u00e8s le matin, certains allant jusqu\u2019\u00e0 se d\u00e9placer personnellement pour signaler la [&hellip;]","og_url":"https:\/\/francois-pelletant.fr\/blog\/ecole-de-linas-une-panne-de-chauffage-revelatrice-dune-crise-de-gouvernance-municipale\/","og_site_name":"Fran\u00e7ois Pelletant","article_publisher":"https:\/\/www.facebook.com\/francois.pelletant.7","article_published_time":"2026-01-06T11:19:42+00:00","og_image":[{"width":800,"height":533,"url":"https:\/\/francois-pelletant.fr\/blog\/wp-content\/uploads\/2026\/01\/mairie-glacon-1.jpeg","type":"image\/jpeg"}],"author":"Fran\u00e7ois","twitter_card":"summary_large_image","twitter_creator":"@pelletant","twitter_site":"@pelletant","twitter_misc":{"\u00c9crit par":"Fran\u00e7ois","Dur\u00e9e de lecture estim\u00e9e":"3 minutes"},"schema":{"@context":"https:\/\/schema.org","@graph":[{"@type":"Article","@id":"https:\/\/francois-pelletant.fr\/blog\/ecole-de-linas-une-panne-de-chauffage-revelatrice-dune-crise-de-gouvernance-municipale\/#article","isPartOf":{"@id":"https:\/\/francois-pelletant.fr\/blog\/ecole-de-linas-une-panne-de-chauffage-revelatrice-dune-crise-de-gouvernance-municipale\/"},"author":{"name":"Fran\u00e7ois","@id":"https:\/\/francois-pelletant.fr\/blog\/#\/schema\/person\/3ff29631af5560b33f8395942faae379"},"headline":"\u00c9cole de Linas : une panne de chauffage r\u00e9v\u00e9latrice d\u2019une crise de gouvernance municipale","datePublished":"2026-01-06T11:19:42+00:00","mainEntityOfPage":{"@id":"https:\/\/francois-pelletant.fr\/blog\/ecole-de-linas-une-panne-de-chauffage-revelatrice-dune-crise-de-gouvernance-municipale\/"},"wordCount":726,"publisher":{"@id":"https:\/\/francois-pelletant.fr\/blog\/#organization"},"image":{"@id":"https:\/\/francois-pelletant.fr\/blog\/ecole-de-linas-une-panne-de-chauffage-revelatrice-dune-crise-de-gouvernance-municipale\/#primaryimage"},"thumbnailUrl":"https:\/\/francois-pelletant.fr\/blog\/wp-content\/uploads\/2026\/01\/mairie-glacon-1.jpeg","articleSection":["Infos"],"inLanguage":"fr-FR"},{"@type":"WebPage","@id":"https:\/\/francois-pelletant.fr\/blog\/ecole-de-linas-une-panne-de-chauffage-revelatrice-dune-crise-de-gouvernance-municipale\/","url":"https:\/\/francois-pelletant.fr\/blog\/ecole-de-linas-une-panne-de-chauffage-revelatrice-dune-crise-de-gouvernance-municipale\/","name":"\u00c9cole de Linas : une panne de chauffage r\u00e9v\u00e9latrice d\u2019une crise de gouvernance municipale - Fran\u00e7ois Pelletant","isPartOf":{"@id":"https:\/\/francois-pelletant.fr\/blog\/#website"},"primaryImageOfPage":{"@id":"https:\/\/francois-pelletant.fr\/blog\/ecole-de-linas-une-panne-de-chauffage-revelatrice-dune-crise-de-gouvernance-municipale\/#primaryimage"},"image":{"@id":"https:\/\/francois-pelletant.fr\/blog\/ecole-de-linas-une-panne-de-chauffage-revelatrice-dune-crise-de-gouvernance-municipale\/#primaryimage"},"thumbnailUrl":"https:\/\/francois-pelletant.fr\/blog\/wp-content\/uploads\/2026\/01\/mairie-glacon-1.jpeg","datePublished":"2026-01-06T11:19:42+00:00","breadcrumb":{"@id":"https:\/\/francois-pelletant.fr\/blog\/ecole-de-linas-une-panne-de-chauffage-revelatrice-dune-crise-de-gouvernance-municipale\/#breadcrumb"},"inLanguage":"fr-FR","potentialAction":[{"@type":"ReadAction","target":["https:\/\/francois-pelletant.fr\/blog\/ecole-de-linas-une-panne-de-chauffage-revelatrice-dune-crise-de-gouvernance-municipale\/"]}]},{"@type":"ImageObject","inLanguage":"fr-FR","@id":"https:\/\/francois-pelletant.fr\/blog\/ecole-de-linas-une-panne-de-chauffage-revelatrice-dune-crise-de-gouvernance-municipale\/#primaryimage","url":"https:\/\/francois-pelletant.fr\/blog\/wp-content\/uploads\/2026\/01\/mairie-glacon-1.jpeg","contentUrl":"https:\/\/francois-pelletant.fr\/blog\/wp-content\/uploads\/2026\/01\/mairie-glacon-1.jpeg","width":800,"height":533,"caption":"immobilisme mairie de Linas"},{"@type":"BreadcrumbList","@id":"https:\/\/francois-pelletant.fr\/blog\/ecole-de-linas-une-panne-de-chauffage-revelatrice-dune-crise-de-gouvernance-municipale\/#breadcrumb","itemListElement":[{"@type":"ListItem","position":1,"name":"Accueil","item":"https:\/\/francois-pelletant.fr\/blog\/"},{"@type":"ListItem","position":2,"name":"\u00c9cole de Linas : une panne de chauffage r\u00e9v\u00e9latrice d\u2019une crise de gouvernance municipale"}]},{"@type":"WebSite","@id":"https:\/\/francois-pelletant.fr\/blog\/#website","url":"https:\/\/francois-pelletant.fr\/blog\/","name":"Fran\u00e7ois Pelletant","description":"Maire de Linas, pour toujours.","publisher":{"@id":"https:\/\/francois-pelletant.fr\/blog\/#organization"},"potentialAction":[{"@type":"SearchAction","target":{"@type":"EntryPoint","urlTemplate":"https:\/\/francois-pelletant.fr\/blog\/?s={search_term_string}"},"query-input":{"@type":"PropertyValueSpecification","valueRequired":true,"valueName":"search_term_string"}}],"inLanguage":"fr-FR"},{"@type":"Organization","@id":"https:\/\/francois-pelletant.fr\/blog\/#organization","name":"Fran\u00e7ois Pelletant","url":"https:\/\/francois-pelletant.fr\/blog\/","logo":{"@type":"ImageObject","inLanguage":"fr-FR","@id":"https:\/\/francois-pelletant.fr\/blog\/#\/schema\/logo\/image\/","url":"https:\/\/francois-pelletant.fr\/blog\/wp-content\/uploads\/2024\/07\/icone-francois-centre-500p.png","contentUrl":"https:\/\/francois-pelletant.fr\/blog\/wp-content\/uploads\/2024\/07\/icone-francois-centre-500p.png","width":559,"height":447,"caption":"Fran\u00e7ois Pelletant"},"image":{"@id":"https:\/\/francois-pelletant.fr\/blog\/#\/schema\/logo\/image\/"},"sameAs":["https:\/\/www.facebook.com\/francois.pelletant.7","https:\/\/x.com\/pelletant"]},{"@type":"Person","@id":"https:\/\/francois-pelletant.fr\/blog\/#\/schema\/person\/3ff29631af5560b33f8395942faae379","name":"Fran\u00e7ois"}]}},"_links":{"self":[{"href":"https:\/\/francois-pelletant.fr\/blog\/wp-json\/wp\/v2\/posts\/14021","targetHints":{"allow":["GET"]}}],"collection":[{"href":"https:\/\/francois-pelletant.fr\/blog\/wp-json\/wp\/v2\/posts"}],"about":[{"href":"https:\/\/francois-pelletant.fr\/blog\/wp-json\/wp\/v2\/types\/post"}],"author":[{"embeddable":true,"href":"https:\/\/francois-pelletant.fr\/blog\/wp-json\/wp\/v2\/users\/2"}],"replies":[{"embeddable":true,"href":"https:\/\/francois-pelletant.fr\/blog\/wp-json\/wp\/v2\/comments?post=14021"}],"version-history":[{"count":0,"href":"https:\/\/francois-pelletant.fr\/blog\/wp-json\/wp\/v2\/posts\/14021\/revisions"}],"wp:featuredmedia":[{"embeddable":true,"href":"https:\/\/francois-pelletant.fr\/blog\/wp-json\/wp\/v2\/media\/14022"}],"wp:attachment":[{"href":"https:\/\/francois-pelletant.fr\/blog\/wp-json\/wp\/v2\/media?parent=14021"}],"wp:term":[{"taxonomy":"category","embeddable":true,"href":"https:\/\/francois-pelletant.fr\/blog\/wp-json\/wp\/v2\/categories?post=14021"},{"taxonomy":"post_tag","embeddable":true,"href":"https:\/\/francois-pelletant.fr\/blog\/wp-json\/wp\/v2\/tags?post=14021"}],"curies":[{"name":"wp","href":"https:\/\/api.w.org\/{rel}","templated":true}]}}