{"id":14055,"date":"2026-01-23T15:54:49","date_gmt":"2026-01-23T15:54:49","guid":{"rendered":"https:\/\/francois-pelletant.fr\/blog\/?p=14055"},"modified":"2026-01-23T16:02:14","modified_gmt":"2026-01-23T16:02:14","slug":"il-faut-proteger-les-enfants-des-dangers","status":"publish","type":"post","link":"https:\/\/francois-pelletant.fr\/blog\/il-faut-proteger-les-enfants-des-dangers\/","title":{"rendered":"Il faut prot\u00e9ger les enfants des dangers"},"content":{"rendered":"<h1 data-start=\"196\" data-end=\"277\">\u26a0\ufe0f Aire de jeux \u00e0 Linas : un am\u00e9nagement sans concertation qui pose question<\/h1>\n<h2 data-start=\"279\" data-end=\"331\">\ufe0f Une implantation contest\u00e9e par les habitants<\/h2>\n<p data-start=\"333\" data-end=\"692\">Implant\u00e9e il y a deux ans \u00e0 la sortie de l\u2019\u00e9changeur <strong data-start=\"386\" data-end=\"398\">N20\u2013N104<\/strong>, une aire de jeux destin\u00e9e aux enfants suscite aujourd\u2019hui de nombreuses interrogations. Une maman, habitante de la <strong data-start=\"515\" data-end=\"549\">r\u00e9sidence Jean-Pierre Beltoise<\/strong>, a r\u00e9cemment signal\u00e9 \u00e0 notre liste les <strong data-start=\"575\" data-end=\"597\">risques potentiels<\/strong> li\u00e9s \u00e0 cet \u00e9quipement et son <strong data-start=\"627\" data-end=\"680\">manque d\u2019ad\u00e9quation avec les besoins des familles<\/strong> du secteur.<\/p>\n<h3 data-start=\"694\" data-end=\"743\">Un emplacement peu adapt\u00e9 et peu fr\u00e9quent\u00e9<\/h3>\n<p data-start=\"745\" data-end=\"989\">L\u2019aire de jeux est situ\u00e9e <strong data-start=\"771\" data-end=\"807\">loin des habitations collectives<\/strong>. Cette distance explique en grande partie sa <strong data-start=\"898\" data-end=\"922\">faible fr\u00e9quentation<\/strong>, les familles pr\u00e9f\u00e9rant des espaces plus accessibles et s\u00e9curis\u00e9s.<\/p>\n<p data-start=\"991\" data-end=\"1272\">De plus, le site se trouve \u00e0 proximit\u00e9 imm\u00e9diate de zones infest\u00e9es de <strong data-start=\"1065\" data-end=\"1095\">chenilles processionnaires<\/strong>, connues pour leurs poils <strong data-start=\"1122\" data-end=\"1148\">urticants et dangereux<\/strong>, en particulier pour les jeunes enfants. Un environnement jug\u00e9 incompatible avec un espace de loisirs pour les plus petits.<\/p>\n<p data-start=\"991\" data-end=\"1272\"><a href=\"https:\/\/francois-pelletant.fr\/blog\/wp-content\/uploads\/2026\/01\/2025-10-11-18.45.01-scaled.jpg\"><img loading=\"lazy\" decoding=\"async\" class=\"wp-image-14059 size-large aligncenter\" src=\"https:\/\/francois-pelletant.fr\/blog\/wp-content\/uploads\/2026\/01\/2025-10-11-18.45.01-1024x577.jpg\" alt=\"aire de jeux chenilles urticantes \" width=\"1024\" height=\"577\" srcset=\"https:\/\/francois-pelletant.fr\/blog\/wp-content\/uploads\/2026\/01\/2025-10-11-18.45.01-1024x577.jpg 1024w, https:\/\/francois-pelletant.fr\/blog\/wp-content\/uploads\/2026\/01\/2025-10-11-18.45.01-300x169.jpg 300w, https:\/\/francois-pelletant.fr\/blog\/wp-content\/uploads\/2026\/01\/2025-10-11-18.45.01-768x432.jpg 768w, https:\/\/francois-pelletant.fr\/blog\/wp-content\/uploads\/2026\/01\/2025-10-11-18.45.01-1536x865.jpg 1536w, https:\/\/francois-pelletant.fr\/blog\/wp-content\/uploads\/2026\/01\/2025-10-11-18.45.01-2048x1153.jpg 2048w\" sizes=\"auto, (max-width: 1024px) 100vw, 1024px\" \/><\/a><\/p>\n<h3 data-start=\"1274\" data-end=\"1319\">\ufe0f Une absence de concertation regrett\u00e9e<\/h3>\n<p data-start=\"1321\" data-end=\"1527\">Les habitants d\u00e9noncent une d\u00e9cision prise <strong data-start=\"1364\" data-end=\"1395\">sans consultation pr\u00e9alable<\/strong>. Selon cette maman, une concertation avec les riverains aurait permis d\u2019\u00e9viter une implantation inadapt\u00e9e et des choix discutables.<\/p>\n<p data-start=\"1529\" data-end=\"1640\"><em data-start=\"1532\" data-end=\"1622\">\u00ab Cela aurait \u00e9vit\u00e9 de faire des b\u00eatises et de d\u00e9penser de l\u2019argent public inutilement \u00bb<\/em>, souligne-t-elle.<\/p>\n<p data-start=\"1642\" data-end=\"1767\">Un sentiment partag\u00e9 par de nombreux r\u00e9sidents, qui estiment que leur connaissance du terrain aurait d\u00fb \u00eatre prise en compte.<\/p>\n<h3 data-start=\"1769\" data-end=\"1828\">Une aire de jeux plus d\u00e9corative que fonctionnelle ?<\/h3>\n<p data-start=\"1830\" data-end=\"1990\">Pour plusieurs habitants, cet am\u00e9nagement semble r\u00e9pondre davantage \u00e0 une volont\u00e9 de <strong data-start=\"1915\" data-end=\"1956\">mise en sc\u00e8ne de l\u2019entr\u00e9e de la ville<\/strong> qu\u2019\u00e0 un r\u00e9el besoin des familles.<\/p>\n<p data-start=\"1992\" data-end=\"2243\">Situ\u00e9e \u00e0 un point strat\u00e9gique pour les automobilistes arrivant \u00e0 Linas, l\u2019aire de jeux donnerait avant tout une image agr\u00e9able de la commune, sans pour autant remplir pleinement sa mission premi\u00e8re : offrir un espace de jeu utile, s\u00fbr et fr\u00e9quent\u00e9.<\/p>\n<h3 data-start=\"2245\" data-end=\"2297\">Pour des projets construits avec les citoyens<\/h3>\n<p data-start=\"2299\" data-end=\"2472\">Ce projet relance un d\u00e9bat plus large sur la <strong data-start=\"2344\" data-end=\"2410\">participation des habitants aux d\u00e9cisions d\u2019am\u00e9nagement urbain<\/strong>. Les riverains appellent \u00e0 une r\u00e9flexion collective afin de :<\/p>\n<ul data-start=\"2473\" data-end=\"2627\">\n<li data-start=\"2473\" data-end=\"2524\">\n<p data-start=\"2475\" data-end=\"2524\">\u2705 mieux r\u00e9pondre aux besoins r\u00e9els des familles<\/p>\n<\/li>\n<li data-start=\"2525\" data-end=\"2565\">\n<p data-start=\"2527\" data-end=\"2565\">\ufe0f garantir la s\u00e9curit\u00e9 des enfants<\/p>\n<\/li>\n<li data-start=\"2566\" data-end=\"2627\">\n<p data-start=\"2568\" data-end=\"2627\">assurer une utilisation responsable de l\u2019argent public<\/p>\n<\/li>\n<\/ul>\n<p data-start=\"2629\" data-end=\"2764\">Un rappel essentiel : les projets les plus pertinents sont souvent ceux pens\u00e9s <strong data-start=\"2711\" data-end=\"2733\">avec les habitants<\/strong>, et non impos\u00e9s sans dialogue.<\/p>\n<p data-start=\"2629\" data-end=\"2764\"><a href=\"https:\/\/francois-pelletant.fr\/blog\/wp-content\/uploads\/2026\/01\/2025-10-11-18.44.17-scaled.jpg\"><img loading=\"lazy\" decoding=\"async\" class=\"size-medium wp-image-14058 aligncenter\" src=\"https:\/\/francois-pelletant.fr\/blog\/wp-content\/uploads\/2026\/01\/2025-10-11-18.44.17-300x169.jpg\" alt=\"\" width=\"300\" height=\"169\" srcset=\"https:\/\/francois-pelletant.fr\/blog\/wp-content\/uploads\/2026\/01\/2025-10-11-18.44.17-300x169.jpg 300w, https:\/\/francois-pelletant.fr\/blog\/wp-content\/uploads\/2026\/01\/2025-10-11-18.44.17-1024x577.jpg 1024w, https:\/\/francois-pelletant.fr\/blog\/wp-content\/uploads\/2026\/01\/2025-10-11-18.44.17-768x432.jpg 768w, https:\/\/francois-pelletant.fr\/blog\/wp-content\/uploads\/2026\/01\/2025-10-11-18.44.17-1536x865.jpg 1536w, https:\/\/francois-pelletant.fr\/blog\/wp-content\/uploads\/2026\/01\/2025-10-11-18.44.17-2048x1153.jpg 2048w\" sizes=\"auto, (max-width: 300px) 100vw, 300px\" \/><\/a><\/p>\n","protected":false},"excerpt":{"rendered":"<p>\u26a0\ufe0f Aire de jeux \u00e0 Linas : un am\u00e9nagement sans concertation qui pose question \ufe0f Une implantation contest\u00e9e par les habitants Implant\u00e9e il y a deux ans \u00e0 la sortie de l\u2019\u00e9changeur N20\u2013N104, une aire de jeux destin\u00e9e aux enfants suscite aujourd\u2019hui de nombreuses interrogations. Une maman, habitante de la r\u00e9sidence Jean-Pierre Beltoise, a r\u00e9cemment [&hellip;]<\/p>\n","protected":false},"author":2,"featured_media":14056,"comment_status":"closed","ping_status":"closed","sticky":false,"template":"","format":"standard","meta":{"footnotes":""},"categories":[10],"tags":[],"class_list":["post-14055","post","type-post","status-publish","format-standard","has-post-thumbnail","hentry","category-1pelletant"],"yoast_head":"<!-- This site is optimized with the Yoast SEO plugin v25.6 - https:\/\/yoast.com\/wordpress\/plugins\/seo\/ -->\n<title>Il faut prot\u00e9ger les enfants des dangers - Fran\u00e7ois Pelletant<\/title>\n<meta name=\"robots\" content=\"index, follow, max-snippet:-1, max-image-preview:large, max-video-preview:-1\" \/>\n<link rel=\"canonical\" href=\"https:\/\/francois-pelletant.fr\/blog\/il-faut-proteger-les-enfants-des-dangers\/\" \/>\n<meta property=\"og:locale\" content=\"fr_FR\" \/>\n<meta property=\"og:type\" content=\"article\" \/>\n<meta property=\"og:title\" content=\"Il faut prot\u00e9ger les enfants des dangers - Fran\u00e7ois Pelletant\" \/>\n<meta property=\"og:description\" content=\"\u26a0\ufe0f Aire de jeux \u00e0 Linas : un am\u00e9nagement sans concertation qui pose question \ufe0f Une implantation contest\u00e9e par les habitants Implant\u00e9e il y a deux ans \u00e0 la sortie de l\u2019\u00e9changeur N20\u2013N104, une aire de jeux destin\u00e9e aux enfants suscite aujourd\u2019hui de nombreuses interrogations. Une maman, habitante de la r\u00e9sidence Jean-Pierre Beltoise, a r\u00e9cemment [&hellip;]\" \/>\n<meta property=\"og:url\" content=\"https:\/\/francois-pelletant.fr\/blog\/il-faut-proteger-les-enfants-des-dangers\/\" \/>\n<meta property=\"og:site_name\" content=\"Fran\u00e7ois Pelletant\" \/>\n<meta property=\"article:publisher\" content=\"https:\/\/www.facebook.com\/francois.pelletant.7\" \/>\n<meta property=\"article:published_time\" content=\"2026-01-23T15:54:49+00:00\" \/>\n<meta property=\"article:modified_time\" content=\"2026-01-23T16:02:14+00:00\" \/>\n<meta property=\"og:image\" content=\"https:\/\/francois-pelletant.fr\/blog\/wp-content\/uploads\/2026\/01\/Aire-de-jeu.jpg\" \/>\n\t<meta property=\"og:image:width\" content=\"1280\" \/>\n\t<meta property=\"og:image:height\" content=\"720\" \/>\n\t<meta property=\"og:image:type\" content=\"image\/jpeg\" \/>\n<meta name=\"author\" content=\"Fran\u00e7ois\" \/>\n<meta name=\"twitter:card\" content=\"summary_large_image\" \/>\n<meta name=\"twitter:creator\" content=\"@pelletant\" \/>\n<meta name=\"twitter:site\" content=\"@pelletant\" \/>\n<meta name=\"twitter:label1\" content=\"\u00c9crit par\" \/>\n\t<meta name=\"twitter:data1\" content=\"Fran\u00e7ois\" \/>\n\t<meta name=\"twitter:label2\" content=\"Dur\u00e9e de lecture estim\u00e9e\" \/>\n\t<meta name=\"twitter:data2\" content=\"3 minutes\" \/>\n<script type=\"application\/ld+json\" class=\"yoast-schema-graph\">{\"@context\":\"https:\/\/schema.org\",\"@graph\":[{\"@type\":\"Article\",\"@id\":\"https:\/\/francois-pelletant.fr\/blog\/il-faut-proteger-les-enfants-des-dangers\/#article\",\"isPartOf\":{\"@id\":\"https:\/\/francois-pelletant.fr\/blog\/il-faut-proteger-les-enfants-des-dangers\/\"},\"author\":{\"name\":\"Fran\u00e7ois\",\"@id\":\"https:\/\/francois-pelletant.fr\/blog\/#\/schema\/person\/3ff29631af5560b33f8395942faae379\"},\"headline\":\"Il faut prot\u00e9ger les enfants des dangers\",\"datePublished\":\"2026-01-23T15:54:49+00:00\",\"dateModified\":\"2026-01-23T16:02:14+00:00\",\"mainEntityOfPage\":{\"@id\":\"https:\/\/francois-pelletant.fr\/blog\/il-faut-proteger-les-enfants-des-dangers\/\"},\"wordCount\":417,\"publisher\":{\"@id\":\"https:\/\/francois-pelletant.fr\/blog\/#organization\"},\"image\":{\"@id\":\"https:\/\/francois-pelletant.fr\/blog\/il-faut-proteger-les-enfants-des-dangers\/#primaryimage\"},\"thumbnailUrl\":\"https:\/\/francois-pelletant.fr\/blog\/wp-content\/uploads\/2026\/01\/Aire-de-jeu.jpg\",\"articleSection\":[\"Infos\"],\"inLanguage\":\"fr-FR\"},{\"@type\":\"WebPage\",\"@id\":\"https:\/\/francois-pelletant.fr\/blog\/il-faut-proteger-les-enfants-des-dangers\/\",\"url\":\"https:\/\/francois-pelletant.fr\/blog\/il-faut-proteger-les-enfants-des-dangers\/\",\"name\":\"Il faut prot\u00e9ger les enfants des dangers - Fran\u00e7ois Pelletant\",\"isPartOf\":{\"@id\":\"https:\/\/francois-pelletant.fr\/blog\/#website\"},\"primaryImageOfPage\":{\"@id\":\"https:\/\/francois-pelletant.fr\/blog\/il-faut-proteger-les-enfants-des-dangers\/#primaryimage\"},\"image\":{\"@id\":\"https:\/\/francois-pelletant.fr\/blog\/il-faut-proteger-les-enfants-des-dangers\/#primaryimage\"},\"thumbnailUrl\":\"https:\/\/francois-pelletant.fr\/blog\/wp-content\/uploads\/2026\/01\/Aire-de-jeu.jpg\",\"datePublished\":\"2026-01-23T15:54:49+00:00\",\"dateModified\":\"2026-01-23T16:02:14+00:00\",\"breadcrumb\":{\"@id\":\"https:\/\/francois-pelletant.fr\/blog\/il-faut-proteger-les-enfants-des-dangers\/#breadcrumb\"},\"inLanguage\":\"fr-FR\",\"potentialAction\":[{\"@type\":\"ReadAction\",\"target\":[\"https:\/\/francois-pelletant.fr\/blog\/il-faut-proteger-les-enfants-des-dangers\/\"]}]},{\"@type\":\"ImageObject\",\"inLanguage\":\"fr-FR\",\"@id\":\"https:\/\/francois-pelletant.fr\/blog\/il-faut-proteger-les-enfants-des-dangers\/#primaryimage\",\"url\":\"https:\/\/francois-pelletant.fr\/blog\/wp-content\/uploads\/2026\/01\/Aire-de-jeu.jpg\",\"contentUrl\":\"https:\/\/francois-pelletant.fr\/blog\/wp-content\/uploads\/2026\/01\/Aire-de-jeu.jpg\",\"width\":1280,\"height\":720,\"caption\":\"aire de jeu a linas\"},{\"@type\":\"BreadcrumbList\",\"@id\":\"https:\/\/francois-pelletant.fr\/blog\/il-faut-proteger-les-enfants-des-dangers\/#breadcrumb\",\"itemListElement\":[{\"@type\":\"ListItem\",\"position\":1,\"name\":\"Accueil\",\"item\":\"https:\/\/francois-pelletant.fr\/blog\/\"},{\"@type\":\"ListItem\",\"position\":2,\"name\":\"Il faut prot\u00e9ger les enfants des dangers\"}]},{\"@type\":\"WebSite\",\"@id\":\"https:\/\/francois-pelletant.fr\/blog\/#website\",\"url\":\"https:\/\/francois-pelletant.fr\/blog\/\",\"name\":\"Fran\u00e7ois Pelletant\",\"description\":\"Maire de Linas, pour toujours.\",\"publisher\":{\"@id\":\"https:\/\/francois-pelletant.fr\/blog\/#organization\"},\"potentialAction\":[{\"@type\":\"SearchAction\",\"target\":{\"@type\":\"EntryPoint\",\"urlTemplate\":\"https:\/\/francois-pelletant.fr\/blog\/?s={search_term_string}\"},\"query-input\":{\"@type\":\"PropertyValueSpecification\",\"valueRequired\":true,\"valueName\":\"search_term_string\"}}],\"inLanguage\":\"fr-FR\"},{\"@type\":\"Organization\",\"@id\":\"https:\/\/francois-pelletant.fr\/blog\/#organization\",\"name\":\"Fran\u00e7ois Pelletant\",\"url\":\"https:\/\/francois-pelletant.fr\/blog\/\",\"logo\":{\"@type\":\"ImageObject\",\"inLanguage\":\"fr-FR\",\"@id\":\"https:\/\/francois-pelletant.fr\/blog\/#\/schema\/logo\/image\/\",\"url\":\"https:\/\/francois-pelletant.fr\/blog\/wp-content\/uploads\/2024\/07\/icone-francois-centre-500p.png\",\"contentUrl\":\"https:\/\/francois-pelletant.fr\/blog\/wp-content\/uploads\/2024\/07\/icone-francois-centre-500p.png\",\"width\":559,\"height\":447,\"caption\":\"Fran\u00e7ois Pelletant\"},\"image\":{\"@id\":\"https:\/\/francois-pelletant.fr\/blog\/#\/schema\/logo\/image\/\"},\"sameAs\":[\"https:\/\/www.facebook.com\/francois.pelletant.7\",\"https:\/\/x.com\/pelletant\"]},{\"@type\":\"Person\",\"@id\":\"https:\/\/francois-pelletant.fr\/blog\/#\/schema\/person\/3ff29631af5560b33f8395942faae379\",\"name\":\"Fran\u00e7ois\"}]}<\/script>\n<!-- \/ Yoast SEO plugin. -->","yoast_head_json":{"title":"Il faut prot\u00e9ger les enfants des dangers - Fran\u00e7ois Pelletant","robots":{"index":"index","follow":"follow","max-snippet":"max-snippet:-1","max-image-preview":"max-image-preview:large","max-video-preview":"max-video-preview:-1"},"canonical":"https:\/\/francois-pelletant.fr\/blog\/il-faut-proteger-les-enfants-des-dangers\/","og_locale":"fr_FR","og_type":"article","og_title":"Il faut prot\u00e9ger les enfants des dangers - Fran\u00e7ois Pelletant","og_description":"\u26a0\ufe0f Aire de jeux \u00e0 Linas : un am\u00e9nagement sans concertation qui pose question \ufe0f Une implantation contest\u00e9e par les habitants Implant\u00e9e il y a deux ans \u00e0 la sortie de l\u2019\u00e9changeur N20\u2013N104, une aire de jeux destin\u00e9e aux enfants suscite aujourd\u2019hui de nombreuses interrogations. Une maman, habitante de la r\u00e9sidence Jean-Pierre Beltoise, a r\u00e9cemment [&hellip;]","og_url":"https:\/\/francois-pelletant.fr\/blog\/il-faut-proteger-les-enfants-des-dangers\/","og_site_name":"Fran\u00e7ois Pelletant","article_publisher":"https:\/\/www.facebook.com\/francois.pelletant.7","article_published_time":"2026-01-23T15:54:49+00:00","article_modified_time":"2026-01-23T16:02:14+00:00","og_image":[{"width":1280,"height":720,"url":"https:\/\/francois-pelletant.fr\/blog\/wp-content\/uploads\/2026\/01\/Aire-de-jeu.jpg","type":"image\/jpeg"}],"author":"Fran\u00e7ois","twitter_card":"summary_large_image","twitter_creator":"@pelletant","twitter_site":"@pelletant","twitter_misc":{"\u00c9crit par":"Fran\u00e7ois","Dur\u00e9e de lecture estim\u00e9e":"3 minutes"},"schema":{"@context":"https:\/\/schema.org","@graph":[{"@type":"Article","@id":"https:\/\/francois-pelletant.fr\/blog\/il-faut-proteger-les-enfants-des-dangers\/#article","isPartOf":{"@id":"https:\/\/francois-pelletant.fr\/blog\/il-faut-proteger-les-enfants-des-dangers\/"},"author":{"name":"Fran\u00e7ois","@id":"https:\/\/francois-pelletant.fr\/blog\/#\/schema\/person\/3ff29631af5560b33f8395942faae379"},"headline":"Il faut prot\u00e9ger les enfants des dangers","datePublished":"2026-01-23T15:54:49+00:00","dateModified":"2026-01-23T16:02:14+00:00","mainEntityOfPage":{"@id":"https:\/\/francois-pelletant.fr\/blog\/il-faut-proteger-les-enfants-des-dangers\/"},"wordCount":417,"publisher":{"@id":"https:\/\/francois-pelletant.fr\/blog\/#organization"},"image":{"@id":"https:\/\/francois-pelletant.fr\/blog\/il-faut-proteger-les-enfants-des-dangers\/#primaryimage"},"thumbnailUrl":"https:\/\/francois-pelletant.fr\/blog\/wp-content\/uploads\/2026\/01\/Aire-de-jeu.jpg","articleSection":["Infos"],"inLanguage":"fr-FR"},{"@type":"WebPage","@id":"https:\/\/francois-pelletant.fr\/blog\/il-faut-proteger-les-enfants-des-dangers\/","url":"https:\/\/francois-pelletant.fr\/blog\/il-faut-proteger-les-enfants-des-dangers\/","name":"Il faut prot\u00e9ger les enfants des dangers - Fran\u00e7ois Pelletant","isPartOf":{"@id":"https:\/\/francois-pelletant.fr\/blog\/#website"},"primaryImageOfPage":{"@id":"https:\/\/francois-pelletant.fr\/blog\/il-faut-proteger-les-enfants-des-dangers\/#primaryimage"},"image":{"@id":"https:\/\/francois-pelletant.fr\/blog\/il-faut-proteger-les-enfants-des-dangers\/#primaryimage"},"thumbnailUrl":"https:\/\/francois-pelletant.fr\/blog\/wp-content\/uploads\/2026\/01\/Aire-de-jeu.jpg","datePublished":"2026-01-23T15:54:49+00:00","dateModified":"2026-01-23T16:02:14+00:00","breadcrumb":{"@id":"https:\/\/francois-pelletant.fr\/blog\/il-faut-proteger-les-enfants-des-dangers\/#breadcrumb"},"inLanguage":"fr-FR","potentialAction":[{"@type":"ReadAction","target":["https:\/\/francois-pelletant.fr\/blog\/il-faut-proteger-les-enfants-des-dangers\/"]}]},{"@type":"ImageObject","inLanguage":"fr-FR","@id":"https:\/\/francois-pelletant.fr\/blog\/il-faut-proteger-les-enfants-des-dangers\/#primaryimage","url":"https:\/\/francois-pelletant.fr\/blog\/wp-content\/uploads\/2026\/01\/Aire-de-jeu.jpg","contentUrl":"https:\/\/francois-pelletant.fr\/blog\/wp-content\/uploads\/2026\/01\/Aire-de-jeu.jpg","width":1280,"height":720,"caption":"aire de jeu a linas"},{"@type":"BreadcrumbList","@id":"https:\/\/francois-pelletant.fr\/blog\/il-faut-proteger-les-enfants-des-dangers\/#breadcrumb","itemListElement":[{"@type":"ListItem","position":1,"name":"Accueil","item":"https:\/\/francois-pelletant.fr\/blog\/"},{"@type":"ListItem","position":2,"name":"Il faut prot\u00e9ger les enfants des dangers"}]},{"@type":"WebSite","@id":"https:\/\/francois-pelletant.fr\/blog\/#website","url":"https:\/\/francois-pelletant.fr\/blog\/","name":"Fran\u00e7ois Pelletant","description":"Maire de Linas, pour toujours.","publisher":{"@id":"https:\/\/francois-pelletant.fr\/blog\/#organization"},"potentialAction":[{"@type":"SearchAction","target":{"@type":"EntryPoint","urlTemplate":"https:\/\/francois-pelletant.fr\/blog\/?s={search_term_string}"},"query-input":{"@type":"PropertyValueSpecification","valueRequired":true,"valueName":"search_term_string"}}],"inLanguage":"fr-FR"},{"@type":"Organization","@id":"https:\/\/francois-pelletant.fr\/blog\/#organization","name":"Fran\u00e7ois Pelletant","url":"https:\/\/francois-pelletant.fr\/blog\/","logo":{"@type":"ImageObject","inLanguage":"fr-FR","@id":"https:\/\/francois-pelletant.fr\/blog\/#\/schema\/logo\/image\/","url":"https:\/\/francois-pelletant.fr\/blog\/wp-content\/uploads\/2024\/07\/icone-francois-centre-500p.png","contentUrl":"https:\/\/francois-pelletant.fr\/blog\/wp-content\/uploads\/2024\/07\/icone-francois-centre-500p.png","width":559,"height":447,"caption":"Fran\u00e7ois Pelletant"},"image":{"@id":"https:\/\/francois-pelletant.fr\/blog\/#\/schema\/logo\/image\/"},"sameAs":["https:\/\/www.facebook.com\/francois.pelletant.7","https:\/\/x.com\/pelletant"]},{"@type":"Person","@id":"https:\/\/francois-pelletant.fr\/blog\/#\/schema\/person\/3ff29631af5560b33f8395942faae379","name":"Fran\u00e7ois"}]}},"_links":{"self":[{"href":"https:\/\/francois-pelletant.fr\/blog\/wp-json\/wp\/v2\/posts\/14055","targetHints":{"allow":["GET"]}}],"collection":[{"href":"https:\/\/francois-pelletant.fr\/blog\/wp-json\/wp\/v2\/posts"}],"about":[{"href":"https:\/\/francois-pelletant.fr\/blog\/wp-json\/wp\/v2\/types\/post"}],"author":[{"embeddable":true,"href":"https:\/\/francois-pelletant.fr\/blog\/wp-json\/wp\/v2\/users\/2"}],"replies":[{"embeddable":true,"href":"https:\/\/francois-pelletant.fr\/blog\/wp-json\/wp\/v2\/comments?post=14055"}],"version-history":[{"count":0,"href":"https:\/\/francois-pelletant.fr\/blog\/wp-json\/wp\/v2\/posts\/14055\/revisions"}],"wp:featuredmedia":[{"embeddable":true,"href":"https:\/\/francois-pelletant.fr\/blog\/wp-json\/wp\/v2\/media\/14056"}],"wp:attachment":[{"href":"https:\/\/francois-pelletant.fr\/blog\/wp-json\/wp\/v2\/media?parent=14055"}],"wp:term":[{"taxonomy":"category","embeddable":true,"href":"https:\/\/francois-pelletant.fr\/blog\/wp-json\/wp\/v2\/categories?post=14055"},{"taxonomy":"post_tag","embeddable":true,"href":"https:\/\/francois-pelletant.fr\/blog\/wp-json\/wp\/v2\/tags?post=14055"}],"curies":[{"name":"wp","href":"https:\/\/api.w.org\/{rel}","templated":true}]}}