{"id":14064,"date":"2026-01-27T18:15:50","date_gmt":"2026-01-27T18:15:50","guid":{"rendered":"https:\/\/francois-pelletant.fr\/blog\/?p=14064"},"modified":"2026-01-27T18:29:19","modified_gmt":"2026-01-27T18:29:19","slug":"vols-de-pieces-detachees-automobiles-doit-etre-stoppe-a-linas","status":"publish","type":"post","link":"https:\/\/francois-pelletant.fr\/blog\/vols-de-pieces-detachees-automobiles-doit-etre-stoppe-a-linas\/","title":{"rendered":"Vols de pi\u00e8ces d\u00e9tach\u00e9es automobiles doit \u00eatre stopp\u00e9 \u00e0 Linas"},"content":{"rendered":"<h1 data-start=\"213\" data-end=\"291\">Vols de pi\u00e8ces d\u00e9tach\u00e9es : une ins\u00e9curit\u00e9 qui inqui\u00e8te les linois \u00e0 juste titre<\/h1>\n<p data-start=\"293\" data-end=\"703\">Depuis maintenant deux ans, je suis r\u00e9guli\u00e8rement alert\u00e9 par des habitants victimes de vols de pi\u00e8ces d\u00e9tach\u00e9es sur leurs v\u00e9hicules. Ces faits, autrefois ponctuels, sont devenus r\u00e9currents et touchent aujourd\u2019hui de nombreux quartiers. Des voitures sont retrouv\u00e9es immobilis\u00e9es, parfois en pleine rue ou sur des parkings r\u00e9sidentiels, laissant les propri\u00e9taires d\u00e9munis face \u00e0 des d\u00e9g\u00e2ts importants et co\u00fbteux.<\/p>\n<hr data-start=\"705\" data-end=\"708\" \/>\n<h2 data-start=\"710\" data-end=\"746\">Un ph\u00e9nom\u00e8ne en forte progression<\/h2>\n<p data-start=\"748\" data-end=\"1088\">Les vols de pi\u00e8ces d\u00e9tach\u00e9es connaissent une augmentation constante. Ils sont rapides, cibl\u00e9s et souvent r\u00e9alis\u00e9s par des individus organis\u00e9s, capables de d\u00e9monter un v\u00e9hicule en quelques minutes seulement. Cette \u00e9volution s\u2019explique par la rentabilit\u00e9 \u00e9lev\u00e9e de certaines pi\u00e8ces et par un contexte local qui favorise les passages \u00e0 l\u2019acte.<\/p>\n<hr data-start=\"1090\" data-end=\"1093\" \/>\n<h2 data-start=\"1095\" data-end=\"1144\">Quelles sont les pi\u00e8ces les plus recherch\u00e9es ?<\/h2>\n<h3 data-start=\"1146\" data-end=\"1171\">Les pots catalytiques<\/h3>\n<p data-start=\"1173\" data-end=\"1600\">Les pots catalytiques figurent en t\u00eate des pi\u00e8ces les plus vol\u00e9es. Ils contiennent des m\u00e9taux pr\u00e9cieux comme le <strong data-start=\"1285\" data-end=\"1324\">platine, le palladium et le rhodium<\/strong>, dont les cours ont fortement augment\u00e9 ces derni\u00e8res ann\u00e9es.<br data-start=\"1385\" data-end=\"1388\" \/>Un pot catalytique peut \u00eatre d\u00e9mont\u00e9 en <strong data-start=\"1428\" data-end=\"1453\">moins de cinq minutes<\/strong> et revendu plusieurs centaines d\u2019euros sur le march\u00e9 parall\u00e8le, ce qui en fait une cible privil\u00e9gi\u00e9e, notamment sur certains mod\u00e8les de v\u00e9hicules.<\/p>\n<p data-start=\"1173\" data-end=\"1600\"><a href=\"https:\/\/francois-pelletant.fr\/blog\/wp-content\/uploads\/2026\/01\/vol-de-gentes.jpg\"><img loading=\"lazy\" decoding=\"async\" class=\"aligncenter wp-image-14065 size-full\" src=\"https:\/\/francois-pelletant.fr\/blog\/wp-content\/uploads\/2026\/01\/vol-de-gentes.jpg\" alt=\"vols de gente et pieces auto a linas \" width=\"1080\" height=\"888\" srcset=\"https:\/\/francois-pelletant.fr\/blog\/wp-content\/uploads\/2026\/01\/vol-de-gentes.jpg 1080w, https:\/\/francois-pelletant.fr\/blog\/wp-content\/uploads\/2026\/01\/vol-de-gentes-300x247.jpg 300w, https:\/\/francois-pelletant.fr\/blog\/wp-content\/uploads\/2026\/01\/vol-de-gentes-1024x842.jpg 1024w, https:\/\/francois-pelletant.fr\/blog\/wp-content\/uploads\/2026\/01\/vol-de-gentes-768x631.jpg 768w\" sizes=\"auto, (max-width: 1080px) 100vw, 1080px\" \/><\/a><\/p>\n<h3 data-start=\"1602\" data-end=\"1625\">Les roues et jantes<\/h3>\n<p data-start=\"1627\" data-end=\"1922\">Les roues compl\u00e8tes, jantes et pneus sont \u00e9galement tr\u00e8s convoit\u00e9s. Elles sont faciles \u00e0 d\u00e9monter, interchangeables entre plusieurs mod\u00e8les et se revendent rapidement. Certaines victimes retrouvent leur v\u00e9hicule pos\u00e9 sur des cales ou directement sur le sol, rendant toute utilisation impossible.<\/p>\n<h3 data-start=\"1924\" data-end=\"1969\">Les batteries et composants \u00e9lectroniques<\/h3>\n<p data-start=\"1971\" data-end=\"2303\">Les <strong data-start=\"1975\" data-end=\"1988\">batteries<\/strong>, en particulier celles des v\u00e9hicules r\u00e9cents ou hybrides, attirent \u00e9galement les voleurs. Leur valeur \u00e9lev\u00e9e et leur demande sur le march\u00e9 de l\u2019occasion expliquent ces vols.<br data-start=\"2162\" data-end=\"2165\" \/>\u00c0 cela s\u2019ajoutent des composants \u00e9lectroniques (calculateurs, syst\u00e8mes multim\u00e9dias, capteurs), co\u00fbteux \u00e0 remplacer et difficiles \u00e0 tracer.<\/p>\n<h3 data-start=\"2305\" data-end=\"2337\">Les optiques et r\u00e9troviseurs<\/h3>\n<p data-start=\"2339\" data-end=\"2542\">Les <strong data-start=\"2343\" data-end=\"2359\">phares \u00e0 LED<\/strong>, les r\u00e9troviseurs et certains \u00e9l\u00e9ments de carrosserie sont aussi cibl\u00e9s. Ces pi\u00e8ces sont on\u00e9reuses \u00e0 l\u2019achat et tr\u00e8s demand\u00e9es en r\u00e9paration, ce qui facilite leur \u00e9coulement ill\u00e9gal.<\/p>\n<hr data-start=\"2544\" data-end=\"2547\" \/>\n<h2 data-start=\"2549\" data-end=\"2590\">Pourquoi ces vols se d\u00e9veloppent-ils ?<\/h2>\n<h3 data-start=\"2592\" data-end=\"2629\">Un march\u00e9 parall\u00e8le tr\u00e8s lucratif<\/h3>\n<p data-start=\"2631\" data-end=\"2917\">La p\u00e9nurie de pi\u00e8ces neuves, l\u2019augmentation du co\u00fbt des r\u00e9parations et la demande croissante de pi\u00e8ces d\u2019occasion ont favoris\u00e9 l\u2019\u00e9mergence d\u2019un march\u00e9 parall\u00e8le. Les voleurs savent que les pi\u00e8ces se revendront rapidement, parfois via des plateformes en ligne ou des fili\u00e8res organis\u00e9es.<\/p>\n<h3 data-start=\"2919\" data-end=\"2956\">Un faible risque d\u2019interpellation<\/h3>\n<p data-start=\"2958\" data-end=\"3312\">Ces vols se d\u00e9veloppent \u00e9galement parce que le risque per\u00e7u est faible. Le <strong data-start=\"3033\" data-end=\"3085\">dysfonctionnement des cam\u00e9ras de vid\u00e9oprotection<\/strong> joue un r\u00f4le d\u00e9terminant. Alors que dans d\u2019autres villes, ces dispositifs fonctionnent et contribuent \u00e0 l\u2019identification des auteurs, ici trop de cam\u00e9ras sont hors service ou inop\u00e9rantes, r\u00e9duisant fortement l\u2019effet dissuasif.<\/p>\n<hr data-start=\"3314\" data-end=\"3317\" \/>\n<h2 data-start=\"3319\" data-end=\"3359\">Des choix de s\u00e9curit\u00e9 qui interrogent<\/h2>\n<h3 data-start=\"3361\" data-end=\"3402\">Des cam\u00e9ras de protection inefficaces<\/h3>\n<p data-start=\"3404\" data-end=\"3653\">La vid\u00e9oprotection devrait \u00eatre un outil majeur de pr\u00e9vention et d\u2019enqu\u00eate. Pourtant, son mauvais fonctionnement prive les forces de l\u2019ordre d\u2019un appui essentiel, tout en envoyant un message inqui\u00e9tant : certains secteurs sont peu ou mal surveill\u00e9s.<\/p>\n<h3 data-start=\"3655\" data-end=\"3714\">Une pr\u00e9sence polici\u00e8re municipale mal adapt\u00e9e aux moments \u00e0 risque<\/h3>\n<p data-start=\"3716\" data-end=\"4163\">Les patrouilles de la police municipale ont \u00e9t\u00e9 fortement concentr\u00e9es le dimanche, dans un objectif de visibilit\u00e9 aupr\u00e8s de la population. Cette strat\u00e9gie, si elle a un int\u00e9r\u00eat sur le plan \u00e9lectoral, se fait au d\u00e9triment des <strong data-start=\"3935\" data-end=\"3966\">cr\u00e9neaux les plus sensibles<\/strong>, p\u00e9riodes o\u00f9 ces vols sont le plus souvent commis. La protection des biens et des personnes exige une pr\u00e9sence cibl\u00e9e, impr\u00e9visible et adapt\u00e9e aux r\u00e9alit\u00e9s du terrain.<\/p>\n<hr data-start=\"4165\" data-end=\"4168\" \/>\n<h2 data-start=\"4170\" data-end=\"4215\">Des cons\u00e9quences lourdes pour les victimes<\/h2>\n<p data-start=\"4217\" data-end=\"4272\">Pour les habitants, les cons\u00e9quences sont multiples :<\/p>\n<ul data-start=\"4273\" data-end=\"4515\">\n<li data-start=\"4273\" data-end=\"4349\">\n<p data-start=\"4275\" data-end=\"4349\"><strong data-start=\"4275\" data-end=\"4311\">Pr\u00e9judices financiers importants<\/strong>, parfois plusieurs milliers d\u2019euros<\/p>\n<\/li>\n<li data-start=\"4350\" data-end=\"4433\">\n<p data-start=\"4352\" data-end=\"4433\"><strong data-start=\"4352\" data-end=\"4382\">Immobilisation du v\u00e9hicule<\/strong>, compliquant la vie professionnelle et familiale<\/p>\n<\/li>\n<li data-start=\"4434\" data-end=\"4515\">\n<p data-start=\"4436\" data-end=\"4515\"><strong data-start=\"4436\" data-end=\"4475\">Sentiment d\u2019ins\u00e9curit\u00e9 et d\u2019abandon<\/strong>, renforc\u00e9 par la r\u00e9p\u00e9tition des faits<\/p>\n<\/li>\n<\/ul>\n<p data-start=\"4517\" data-end=\"4659\">Beaucoup finissent par modifier leurs habitudes ou investir dans des dispositifs de protection suppl\u00e9mentaires, faute de r\u00e9ponses suffisantes.<\/p>\n<hr data-start=\"4661\" data-end=\"4664\" \/>\n<h2 data-start=\"4666\" data-end=\"4712\"><a href=\"https:\/\/francois-pelletant.fr\/blog\/wp-content\/uploads\/2026\/01\/vol-pieces.jpg\"><img loading=\"lazy\" decoding=\"async\" class=\"aligncenter wp-image-14066 size-full\" src=\"https:\/\/francois-pelletant.fr\/blog\/wp-content\/uploads\/2026\/01\/vol-pieces.jpg\" alt=\"vols de pi\u00e8ces auto a linas\" width=\"588\" height=\"360\" srcset=\"https:\/\/francois-pelletant.fr\/blog\/wp-content\/uploads\/2026\/01\/vol-pieces.jpg 588w, https:\/\/francois-pelletant.fr\/blog\/wp-content\/uploads\/2026\/01\/vol-pieces-300x184.jpg 300w\" sizes=\"auto, (max-width: 588px) 100vw, 588px\" \/><\/a><\/h2>\n<h2 data-start=\"4666\" data-end=\"4712\"><\/h2>\n<h2 data-start=\"4666\" data-end=\"4712\"><\/h2>\n<h2 data-start=\"4666\" data-end=\"4712\">Agir efficacement pour enrayer le ph\u00e9nom\u00e8ne<\/h2>\n<p data-start=\"4714\" data-end=\"4965\">Cette situation appelle des mesures concr\u00e8tes et urgentes : remise en service effective des cam\u00e9ras de protection, r\u00e9organisation des patrouilles selon les horaires et les zones \u00e0 risque, et prise en compte s\u00e9rieuse des alertes r\u00e9p\u00e9t\u00e9es des habitants.<\/p>\n<p data-start=\"4967\" data-end=\"5223\" data-is-last-node=\"\" data-is-only-node=\"\">La s\u00e9curit\u00e9 ne peut se limiter \u00e0 une pr\u00e9sence visible \u00e0 certains moments choisis. Elle doit avant tout \u00eatre <strong data-start=\"5075\" data-end=\"5133\">efficace, coh\u00e9rente et adapt\u00e9e aux r\u00e9alit\u00e9s du terrain<\/strong>. Apr\u00e8s deux ans d\u2019alertes, les habitants attendent d\u00e9sormais des actes forts et durables.<\/p>\n","protected":false},"excerpt":{"rendered":"<p>Vols de pi\u00e8ces d\u00e9tach\u00e9es : une ins\u00e9curit\u00e9 qui inqui\u00e8te les linois \u00e0 juste titre Depuis maintenant deux ans, je suis r\u00e9guli\u00e8rement alert\u00e9 par des habitants victimes de vols de pi\u00e8ces d\u00e9tach\u00e9es sur leurs v\u00e9hicules. Ces faits, autrefois ponctuels, sont devenus r\u00e9currents et touchent aujourd\u2019hui de nombreux quartiers. Des voitures sont retrouv\u00e9es immobilis\u00e9es, parfois en pleine [&hellip;]<\/p>\n","protected":false},"author":2,"featured_media":14069,"comment_status":"closed","ping_status":"closed","sticky":false,"template":"","format":"standard","meta":{"footnotes":""},"categories":[10],"tags":[],"class_list":["post-14064","post","type-post","status-publish","format-standard","has-post-thumbnail","hentry","category-1pelletant"],"yoast_head":"<!-- This site is optimized with the Yoast SEO plugin v25.6 - https:\/\/yoast.com\/wordpress\/plugins\/seo\/ -->\n<title>Vols de pi\u00e8ces d\u00e9tach\u00e9es automobiles doit \u00eatre stopp\u00e9 \u00e0 Linas - Fran\u00e7ois Pelletant<\/title>\n<meta name=\"robots\" content=\"index, follow, max-snippet:-1, max-image-preview:large, max-video-preview:-1\" \/>\n<link rel=\"canonical\" href=\"https:\/\/francois-pelletant.fr\/blog\/vols-de-pieces-detachees-automobiles-doit-etre-stoppe-a-linas\/\" \/>\n<meta property=\"og:locale\" content=\"fr_FR\" \/>\n<meta property=\"og:type\" content=\"article\" \/>\n<meta property=\"og:title\" content=\"Vols de pi\u00e8ces d\u00e9tach\u00e9es automobiles doit \u00eatre stopp\u00e9 \u00e0 Linas - Fran\u00e7ois Pelletant\" \/>\n<meta property=\"og:description\" content=\"Vols de pi\u00e8ces d\u00e9tach\u00e9es : une ins\u00e9curit\u00e9 qui inqui\u00e8te les linois \u00e0 juste titre Depuis maintenant deux ans, je suis r\u00e9guli\u00e8rement alert\u00e9 par des habitants victimes de vols de pi\u00e8ces d\u00e9tach\u00e9es sur leurs v\u00e9hicules. Ces faits, autrefois ponctuels, sont devenus r\u00e9currents et touchent aujourd\u2019hui de nombreux quartiers. Des voitures sont retrouv\u00e9es immobilis\u00e9es, parfois en pleine [&hellip;]\" \/>\n<meta property=\"og:url\" content=\"https:\/\/francois-pelletant.fr\/blog\/vols-de-pieces-detachees-automobiles-doit-etre-stoppe-a-linas\/\" \/>\n<meta property=\"og:site_name\" content=\"Fran\u00e7ois Pelletant\" \/>\n<meta property=\"article:publisher\" content=\"https:\/\/www.facebook.com\/francois.pelletant.7\" \/>\n<meta property=\"article:published_time\" content=\"2026-01-27T18:15:50+00:00\" \/>\n<meta property=\"article:modified_time\" content=\"2026-01-27T18:29:19+00:00\" \/>\n<meta property=\"og:image\" content=\"https:\/\/francois-pelletant.fr\/blog\/wp-content\/uploads\/2026\/01\/vol-pieces-auto.jpg\" \/>\n\t<meta property=\"og:image:width\" content=\"1280\" \/>\n\t<meta property=\"og:image:height\" content=\"720\" \/>\n\t<meta property=\"og:image:type\" content=\"image\/jpeg\" \/>\n<meta name=\"author\" content=\"Fran\u00e7ois\" \/>\n<meta name=\"twitter:card\" content=\"summary_large_image\" \/>\n<meta name=\"twitter:creator\" content=\"@pelletant\" \/>\n<meta name=\"twitter:site\" content=\"@pelletant\" \/>\n<meta name=\"twitter:label1\" content=\"\u00c9crit par\" \/>\n\t<meta name=\"twitter:data1\" content=\"Fran\u00e7ois\" \/>\n\t<meta name=\"twitter:label2\" content=\"Dur\u00e9e de lecture estim\u00e9e\" \/>\n\t<meta name=\"twitter:data2\" content=\"5 minutes\" \/>\n<script type=\"application\/ld+json\" class=\"yoast-schema-graph\">{\"@context\":\"https:\/\/schema.org\",\"@graph\":[{\"@type\":\"Article\",\"@id\":\"https:\/\/francois-pelletant.fr\/blog\/vols-de-pieces-detachees-automobiles-doit-etre-stoppe-a-linas\/#article\",\"isPartOf\":{\"@id\":\"https:\/\/francois-pelletant.fr\/blog\/vols-de-pieces-detachees-automobiles-doit-etre-stoppe-a-linas\/\"},\"author\":{\"name\":\"Fran\u00e7ois\",\"@id\":\"https:\/\/francois-pelletant.fr\/blog\/#\/schema\/person\/3ff29631af5560b33f8395942faae379\"},\"headline\":\"Vols de pi\u00e8ces d\u00e9tach\u00e9es automobiles doit \u00eatre stopp\u00e9 \u00e0 Linas\",\"datePublished\":\"2026-01-27T18:15:50+00:00\",\"dateModified\":\"2026-01-27T18:29:19+00:00\",\"mainEntityOfPage\":{\"@id\":\"https:\/\/francois-pelletant.fr\/blog\/vols-de-pieces-detachees-automobiles-doit-etre-stoppe-a-linas\/\"},\"wordCount\":863,\"publisher\":{\"@id\":\"https:\/\/francois-pelletant.fr\/blog\/#organization\"},\"image\":{\"@id\":\"https:\/\/francois-pelletant.fr\/blog\/vols-de-pieces-detachees-automobiles-doit-etre-stoppe-a-linas\/#primaryimage\"},\"thumbnailUrl\":\"https:\/\/francois-pelletant.fr\/blog\/wp-content\/uploads\/2026\/01\/vol-pieces-auto.jpg\",\"articleSection\":[\"Infos\"],\"inLanguage\":\"fr-FR\"},{\"@type\":\"WebPage\",\"@id\":\"https:\/\/francois-pelletant.fr\/blog\/vols-de-pieces-detachees-automobiles-doit-etre-stoppe-a-linas\/\",\"url\":\"https:\/\/francois-pelletant.fr\/blog\/vols-de-pieces-detachees-automobiles-doit-etre-stoppe-a-linas\/\",\"name\":\"Vols de pi\u00e8ces d\u00e9tach\u00e9es automobiles doit \u00eatre stopp\u00e9 \u00e0 Linas - Fran\u00e7ois Pelletant\",\"isPartOf\":{\"@id\":\"https:\/\/francois-pelletant.fr\/blog\/#website\"},\"primaryImageOfPage\":{\"@id\":\"https:\/\/francois-pelletant.fr\/blog\/vols-de-pieces-detachees-automobiles-doit-etre-stoppe-a-linas\/#primaryimage\"},\"image\":{\"@id\":\"https:\/\/francois-pelletant.fr\/blog\/vols-de-pieces-detachees-automobiles-doit-etre-stoppe-a-linas\/#primaryimage\"},\"thumbnailUrl\":\"https:\/\/francois-pelletant.fr\/blog\/wp-content\/uploads\/2026\/01\/vol-pieces-auto.jpg\",\"datePublished\":\"2026-01-27T18:15:50+00:00\",\"dateModified\":\"2026-01-27T18:29:19+00:00\",\"breadcrumb\":{\"@id\":\"https:\/\/francois-pelletant.fr\/blog\/vols-de-pieces-detachees-automobiles-doit-etre-stoppe-a-linas\/#breadcrumb\"},\"inLanguage\":\"fr-FR\",\"potentialAction\":[{\"@type\":\"ReadAction\",\"target\":[\"https:\/\/francois-pelletant.fr\/blog\/vols-de-pieces-detachees-automobiles-doit-etre-stoppe-a-linas\/\"]}]},{\"@type\":\"ImageObject\",\"inLanguage\":\"fr-FR\",\"@id\":\"https:\/\/francois-pelletant.fr\/blog\/vols-de-pieces-detachees-automobiles-doit-etre-stoppe-a-linas\/#primaryimage\",\"url\":\"https:\/\/francois-pelletant.fr\/blog\/wp-content\/uploads\/2026\/01\/vol-pieces-auto.jpg\",\"contentUrl\":\"https:\/\/francois-pelletant.fr\/blog\/wp-content\/uploads\/2026\/01\/vol-pieces-auto.jpg\",\"width\":1280,\"height\":720,\"caption\":\"stopper le vol de pi\u00e8ces auto a Linas\"},{\"@type\":\"BreadcrumbList\",\"@id\":\"https:\/\/francois-pelletant.fr\/blog\/vols-de-pieces-detachees-automobiles-doit-etre-stoppe-a-linas\/#breadcrumb\",\"itemListElement\":[{\"@type\":\"ListItem\",\"position\":1,\"name\":\"Accueil\",\"item\":\"https:\/\/francois-pelletant.fr\/blog\/\"},{\"@type\":\"ListItem\",\"position\":2,\"name\":\"Vols de pi\u00e8ces d\u00e9tach\u00e9es automobiles doit \u00eatre stopp\u00e9 \u00e0 Linas\"}]},{\"@type\":\"WebSite\",\"@id\":\"https:\/\/francois-pelletant.fr\/blog\/#website\",\"url\":\"https:\/\/francois-pelletant.fr\/blog\/\",\"name\":\"Fran\u00e7ois Pelletant\",\"description\":\"Maire de Linas, pour toujours.\",\"publisher\":{\"@id\":\"https:\/\/francois-pelletant.fr\/blog\/#organization\"},\"potentialAction\":[{\"@type\":\"SearchAction\",\"target\":{\"@type\":\"EntryPoint\",\"urlTemplate\":\"https:\/\/francois-pelletant.fr\/blog\/?s={search_term_string}\"},\"query-input\":{\"@type\":\"PropertyValueSpecification\",\"valueRequired\":true,\"valueName\":\"search_term_string\"}}],\"inLanguage\":\"fr-FR\"},{\"@type\":\"Organization\",\"@id\":\"https:\/\/francois-pelletant.fr\/blog\/#organization\",\"name\":\"Fran\u00e7ois Pelletant\",\"url\":\"https:\/\/francois-pelletant.fr\/blog\/\",\"logo\":{\"@type\":\"ImageObject\",\"inLanguage\":\"fr-FR\",\"@id\":\"https:\/\/francois-pelletant.fr\/blog\/#\/schema\/logo\/image\/\",\"url\":\"https:\/\/francois-pelletant.fr\/blog\/wp-content\/uploads\/2024\/07\/icone-francois-centre-500p.png\",\"contentUrl\":\"https:\/\/francois-pelletant.fr\/blog\/wp-content\/uploads\/2024\/07\/icone-francois-centre-500p.png\",\"width\":559,\"height\":447,\"caption\":\"Fran\u00e7ois Pelletant\"},\"image\":{\"@id\":\"https:\/\/francois-pelletant.fr\/blog\/#\/schema\/logo\/image\/\"},\"sameAs\":[\"https:\/\/www.facebook.com\/francois.pelletant.7\",\"https:\/\/x.com\/pelletant\"]},{\"@type\":\"Person\",\"@id\":\"https:\/\/francois-pelletant.fr\/blog\/#\/schema\/person\/3ff29631af5560b33f8395942faae379\",\"name\":\"Fran\u00e7ois\"}]}<\/script>\n<!-- \/ Yoast SEO plugin. -->","yoast_head_json":{"title":"Vols de pi\u00e8ces d\u00e9tach\u00e9es automobiles doit \u00eatre stopp\u00e9 \u00e0 Linas - Fran\u00e7ois Pelletant","robots":{"index":"index","follow":"follow","max-snippet":"max-snippet:-1","max-image-preview":"max-image-preview:large","max-video-preview":"max-video-preview:-1"},"canonical":"https:\/\/francois-pelletant.fr\/blog\/vols-de-pieces-detachees-automobiles-doit-etre-stoppe-a-linas\/","og_locale":"fr_FR","og_type":"article","og_title":"Vols de pi\u00e8ces d\u00e9tach\u00e9es automobiles doit \u00eatre stopp\u00e9 \u00e0 Linas - Fran\u00e7ois Pelletant","og_description":"Vols de pi\u00e8ces d\u00e9tach\u00e9es : une ins\u00e9curit\u00e9 qui inqui\u00e8te les linois \u00e0 juste titre Depuis maintenant deux ans, je suis r\u00e9guli\u00e8rement alert\u00e9 par des habitants victimes de vols de pi\u00e8ces d\u00e9tach\u00e9es sur leurs v\u00e9hicules. Ces faits, autrefois ponctuels, sont devenus r\u00e9currents et touchent aujourd\u2019hui de nombreux quartiers. Des voitures sont retrouv\u00e9es immobilis\u00e9es, parfois en pleine [&hellip;]","og_url":"https:\/\/francois-pelletant.fr\/blog\/vols-de-pieces-detachees-automobiles-doit-etre-stoppe-a-linas\/","og_site_name":"Fran\u00e7ois Pelletant","article_publisher":"https:\/\/www.facebook.com\/francois.pelletant.7","article_published_time":"2026-01-27T18:15:50+00:00","article_modified_time":"2026-01-27T18:29:19+00:00","og_image":[{"width":1280,"height":720,"url":"https:\/\/francois-pelletant.fr\/blog\/wp-content\/uploads\/2026\/01\/vol-pieces-auto.jpg","type":"image\/jpeg"}],"author":"Fran\u00e7ois","twitter_card":"summary_large_image","twitter_creator":"@pelletant","twitter_site":"@pelletant","twitter_misc":{"\u00c9crit par":"Fran\u00e7ois","Dur\u00e9e de lecture estim\u00e9e":"5 minutes"},"schema":{"@context":"https:\/\/schema.org","@graph":[{"@type":"Article","@id":"https:\/\/francois-pelletant.fr\/blog\/vols-de-pieces-detachees-automobiles-doit-etre-stoppe-a-linas\/#article","isPartOf":{"@id":"https:\/\/francois-pelletant.fr\/blog\/vols-de-pieces-detachees-automobiles-doit-etre-stoppe-a-linas\/"},"author":{"name":"Fran\u00e7ois","@id":"https:\/\/francois-pelletant.fr\/blog\/#\/schema\/person\/3ff29631af5560b33f8395942faae379"},"headline":"Vols de pi\u00e8ces d\u00e9tach\u00e9es automobiles doit \u00eatre stopp\u00e9 \u00e0 Linas","datePublished":"2026-01-27T18:15:50+00:00","dateModified":"2026-01-27T18:29:19+00:00","mainEntityOfPage":{"@id":"https:\/\/francois-pelletant.fr\/blog\/vols-de-pieces-detachees-automobiles-doit-etre-stoppe-a-linas\/"},"wordCount":863,"publisher":{"@id":"https:\/\/francois-pelletant.fr\/blog\/#organization"},"image":{"@id":"https:\/\/francois-pelletant.fr\/blog\/vols-de-pieces-detachees-automobiles-doit-etre-stoppe-a-linas\/#primaryimage"},"thumbnailUrl":"https:\/\/francois-pelletant.fr\/blog\/wp-content\/uploads\/2026\/01\/vol-pieces-auto.jpg","articleSection":["Infos"],"inLanguage":"fr-FR"},{"@type":"WebPage","@id":"https:\/\/francois-pelletant.fr\/blog\/vols-de-pieces-detachees-automobiles-doit-etre-stoppe-a-linas\/","url":"https:\/\/francois-pelletant.fr\/blog\/vols-de-pieces-detachees-automobiles-doit-etre-stoppe-a-linas\/","name":"Vols de pi\u00e8ces d\u00e9tach\u00e9es automobiles doit \u00eatre stopp\u00e9 \u00e0 Linas - Fran\u00e7ois Pelletant","isPartOf":{"@id":"https:\/\/francois-pelletant.fr\/blog\/#website"},"primaryImageOfPage":{"@id":"https:\/\/francois-pelletant.fr\/blog\/vols-de-pieces-detachees-automobiles-doit-etre-stoppe-a-linas\/#primaryimage"},"image":{"@id":"https:\/\/francois-pelletant.fr\/blog\/vols-de-pieces-detachees-automobiles-doit-etre-stoppe-a-linas\/#primaryimage"},"thumbnailUrl":"https:\/\/francois-pelletant.fr\/blog\/wp-content\/uploads\/2026\/01\/vol-pieces-auto.jpg","datePublished":"2026-01-27T18:15:50+00:00","dateModified":"2026-01-27T18:29:19+00:00","breadcrumb":{"@id":"https:\/\/francois-pelletant.fr\/blog\/vols-de-pieces-detachees-automobiles-doit-etre-stoppe-a-linas\/#breadcrumb"},"inLanguage":"fr-FR","potentialAction":[{"@type":"ReadAction","target":["https:\/\/francois-pelletant.fr\/blog\/vols-de-pieces-detachees-automobiles-doit-etre-stoppe-a-linas\/"]}]},{"@type":"ImageObject","inLanguage":"fr-FR","@id":"https:\/\/francois-pelletant.fr\/blog\/vols-de-pieces-detachees-automobiles-doit-etre-stoppe-a-linas\/#primaryimage","url":"https:\/\/francois-pelletant.fr\/blog\/wp-content\/uploads\/2026\/01\/vol-pieces-auto.jpg","contentUrl":"https:\/\/francois-pelletant.fr\/blog\/wp-content\/uploads\/2026\/01\/vol-pieces-auto.jpg","width":1280,"height":720,"caption":"stopper le vol de pi\u00e8ces auto a Linas"},{"@type":"BreadcrumbList","@id":"https:\/\/francois-pelletant.fr\/blog\/vols-de-pieces-detachees-automobiles-doit-etre-stoppe-a-linas\/#breadcrumb","itemListElement":[{"@type":"ListItem","position":1,"name":"Accueil","item":"https:\/\/francois-pelletant.fr\/blog\/"},{"@type":"ListItem","position":2,"name":"Vols de pi\u00e8ces d\u00e9tach\u00e9es automobiles doit \u00eatre stopp\u00e9 \u00e0 Linas"}]},{"@type":"WebSite","@id":"https:\/\/francois-pelletant.fr\/blog\/#website","url":"https:\/\/francois-pelletant.fr\/blog\/","name":"Fran\u00e7ois Pelletant","description":"Maire de Linas, pour toujours.","publisher":{"@id":"https:\/\/francois-pelletant.fr\/blog\/#organization"},"potentialAction":[{"@type":"SearchAction","target":{"@type":"EntryPoint","urlTemplate":"https:\/\/francois-pelletant.fr\/blog\/?s={search_term_string}"},"query-input":{"@type":"PropertyValueSpecification","valueRequired":true,"valueName":"search_term_string"}}],"inLanguage":"fr-FR"},{"@type":"Organization","@id":"https:\/\/francois-pelletant.fr\/blog\/#organization","name":"Fran\u00e7ois Pelletant","url":"https:\/\/francois-pelletant.fr\/blog\/","logo":{"@type":"ImageObject","inLanguage":"fr-FR","@id":"https:\/\/francois-pelletant.fr\/blog\/#\/schema\/logo\/image\/","url":"https:\/\/francois-pelletant.fr\/blog\/wp-content\/uploads\/2024\/07\/icone-francois-centre-500p.png","contentUrl":"https:\/\/francois-pelletant.fr\/blog\/wp-content\/uploads\/2024\/07\/icone-francois-centre-500p.png","width":559,"height":447,"caption":"Fran\u00e7ois Pelletant"},"image":{"@id":"https:\/\/francois-pelletant.fr\/blog\/#\/schema\/logo\/image\/"},"sameAs":["https:\/\/www.facebook.com\/francois.pelletant.7","https:\/\/x.com\/pelletant"]},{"@type":"Person","@id":"https:\/\/francois-pelletant.fr\/blog\/#\/schema\/person\/3ff29631af5560b33f8395942faae379","name":"Fran\u00e7ois"}]}},"_links":{"self":[{"href":"https:\/\/francois-pelletant.fr\/blog\/wp-json\/wp\/v2\/posts\/14064","targetHints":{"allow":["GET"]}}],"collection":[{"href":"https:\/\/francois-pelletant.fr\/blog\/wp-json\/wp\/v2\/posts"}],"about":[{"href":"https:\/\/francois-pelletant.fr\/blog\/wp-json\/wp\/v2\/types\/post"}],"author":[{"embeddable":true,"href":"https:\/\/francois-pelletant.fr\/blog\/wp-json\/wp\/v2\/users\/2"}],"replies":[{"embeddable":true,"href":"https:\/\/francois-pelletant.fr\/blog\/wp-json\/wp\/v2\/comments?post=14064"}],"version-history":[{"count":0,"href":"https:\/\/francois-pelletant.fr\/blog\/wp-json\/wp\/v2\/posts\/14064\/revisions"}],"wp:featuredmedia":[{"embeddable":true,"href":"https:\/\/francois-pelletant.fr\/blog\/wp-json\/wp\/v2\/media\/14069"}],"wp:attachment":[{"href":"https:\/\/francois-pelletant.fr\/blog\/wp-json\/wp\/v2\/media?parent=14064"}],"wp:term":[{"taxonomy":"category","embeddable":true,"href":"https:\/\/francois-pelletant.fr\/blog\/wp-json\/wp\/v2\/categories?post=14064"},{"taxonomy":"post_tag","embeddable":true,"href":"https:\/\/francois-pelletant.fr\/blog\/wp-json\/wp\/v2\/tags?post=14064"}],"curies":[{"name":"wp","href":"https:\/\/api.w.org\/{rel}","templated":true}]}}