{"id":14072,"date":"2026-01-29T13:42:54","date_gmt":"2026-01-29T13:42:54","guid":{"rendered":"https:\/\/francois-pelletant.fr\/blog\/?p=14072"},"modified":"2026-01-29T13:56:28","modified_gmt":"2026-01-29T13:56:28","slug":"tract-polemique-ces-constructions-sont-en-realite-la-consequence-du-plu-impose-par-la-prefecture-en-2014","status":"publish","type":"post","link":"https:\/\/francois-pelletant.fr\/blog\/tract-polemique-ces-constructions-sont-en-realite-la-consequence-du-plu-impose-par-la-prefecture-en-2014\/","title":{"rendered":"Tract pol\u00e9mique : Ces constructions sont en r\u00e9alit\u00e9 LA CONS\u00c9QUENCE DU PLU IMPOS\u00c9 PAR LA PR\u00c9FECTURE EN 2014"},"content":{"rendered":"<h1 data-start=\"187\" data-end=\"231\">R\u00e9tablir les faits sur les programmes immobiliers \u00e0 Linas<\/h1>\n<p>&nbsp;<\/p>\n<p>Les constructions \u00e9num\u00e9r\u00e9es sur ce tract qui circule \u00e0 Linas sont LA CONS\u00c9QUENCE DU PLU IMPOS\u00c9 PAR LA PR\u00c9FECTURE EN 2014.<\/p>\n<p><a href=\"https:\/\/francois-pelletant.fr\/blog\/wp-content\/uploads\/2026\/01\/mauvaise-polemique.jpg\"><img loading=\"lazy\" decoding=\"async\" class=\"size-medium wp-image-14075 aligncenter\" src=\"https:\/\/francois-pelletant.fr\/blog\/wp-content\/uploads\/2026\/01\/mauvaise-polemique-300x169.jpg\" alt=\"\" width=\"300\" height=\"169\" srcset=\"https:\/\/francois-pelletant.fr\/blog\/wp-content\/uploads\/2026\/01\/mauvaise-polemique-300x169.jpg 300w, https:\/\/francois-pelletant.fr\/blog\/wp-content\/uploads\/2026\/01\/mauvaise-polemique-1024x576.jpg 1024w, https:\/\/francois-pelletant.fr\/blog\/wp-content\/uploads\/2026\/01\/mauvaise-polemique-768x432.jpg 768w, https:\/\/francois-pelletant.fr\/blog\/wp-content\/uploads\/2026\/01\/mauvaise-polemique.jpg 1280w\" sizes=\"auto, (max-width: 300px) 100vw, 300px\" \/><\/a><\/p>\n<p>On ne peut pas m\u2019accuser de complaisance envers les promoteurs : chacun se rappelle les pressions judiciaires que j\u2019ai subies pour me faire accepter ces programmes immobiliers que j\u2019avais bloqu\u00e9s.<\/p>\n<h2 data-start=\"233\" data-end=\"297\">Un engagement constant pour pr\u00e9server le caract\u00e8re de village<\/h2>\n<h3 data-start=\"299\" data-end=\"341\">Une croissance d\u00e9mographique ma\u00eetris\u00e9e<\/h3>\n<p data-start=\"343\" data-end=\"673\">Durant mes quatre mandats, j\u2019ai plac\u00e9 la <strong data-start=\"384\" data-end=\"448\">pr\u00e9servation du caract\u00e8re de village et de la qualit\u00e9 de vie<\/strong> au c\u0153ur de mon action municipale.<br data-start=\"482\" data-end=\"485\" \/>R\u00e9sultat concret : la population n\u2019a progress\u00e9 que de <strong data-start=\"542\" data-end=\"566\">10 % tous les 10 ans<\/strong>, un rythme mesur\u00e9 et ma\u00eetris\u00e9, nettement inf\u00e9rieur \u00e0 celui observ\u00e9 dans de nombreuses communes voisines.<\/p>\n<p data-start=\"675\" data-end=\"792\">Cette approche refl\u00e8te une <strong data-start=\"702\" data-end=\"736\">gestion responsable et durable<\/strong>, visant \u00e0 concilier d\u00e9veloppement et identit\u00e9 locale.<\/p>\n<h3 data-start=\"794\" data-end=\"850\">Refus cat\u00e9gorique de la transformation du POS en PLU<\/h3>\n<p data-start=\"852\" data-end=\"1225\">Face aux <strong data-start=\"861\" data-end=\"934\">pressions pour transformer le Plan d\u2019Occupation des Sols (POS) en PLU<\/strong>, j\u2019ai maintenu une <strong data-start=\"954\" data-end=\"985\">position ferme et constante<\/strong> jusqu\u2019\u00e0 la derni\u00e8re minute.<br data-start=\"1013\" data-end=\"1016\" \/>\u2696\ufe0f Cette vigilance a \u00e9t\u00e9 essentielle pour <strong data-start=\"1058\" data-end=\"1125\">prot\u00e9ger Linas des changements urbanistiques impos\u00e9s par l\u2019\u00c9tat<\/strong> et pour \u00e9viter une extension urbaine incontr\u00f4l\u00e9e, qui aurait menac\u00e9 l\u2019\u00e9quilibre de notre commune.<\/p>\n<hr data-start=\"1227\" data-end=\"1230\" \/>\n<h2 data-start=\"1232\" data-end=\"1277\">Blocages des constructions et cons\u00e9quences<\/h2>\n<h3 data-start=\"1279\" data-end=\"1307\">Le PLU impos\u00e9 par l\u2019\u00c9tat<\/h3>\n<p data-start=\"1309\" data-end=\"1623\">En <strong data-start=\"1312\" data-end=\"1328\">2014 et 2015<\/strong>, malgr\u00e9 les efforts r\u00e9p\u00e9t\u00e9s de la municipalit\u00e9 pour d\u00e9fendre nos choix locaux, le <a href=\"https:\/\/france3-regions.franceinfo.fr\/paris-ile-de-france\/enquete-publique-linas-pour-le-plu-801773.html\" target=\"_blank\" rel=\"nofollow\"><strong data-start=\"1411\" data-end=\"1457\">nouveau PLU a \u00e9t\u00e9 impos\u00e9 par la pr\u00e9fecture<\/strong><\/a>.<br data-start=\"1458\" data-end=\"1461\" \/>N\u00e9anmoins, j\u2019ai poursuivi mes actions pour <strong data-start=\"1504\" data-end=\"1554\">bloquer l\u2019ouverture de chantiers non souhait\u00e9s<\/strong>, afin de prot\u00e9ger l\u2019int\u00e9r\u00eat collectif et le tissu social de Linas.<\/p>\n<h3 data-start=\"1625\" data-end=\"1654\">Pressions et repr\u00e9sailles<\/h3>\n<p data-start=\"1656\" data-end=\"1944\">Ces d\u00e9cisions courageuses m\u2019ont expos\u00e9 \u00e0 <strong data-start=\"1697\" data-end=\"1743\">des pressions et repr\u00e9sailles personnelles<\/strong>, dont les Linois gardent encore le souvenir (<a href=\"https:\/\/francois-pelletant.fr\/blog\/#rehabilitation\">https:\/\/francois-pelletant.fr\/blog\/#rehabilitation<\/a>).<br data-start=\"1788\" data-end=\"1791\" \/>Mon action n\u2019a jamais \u00e9t\u00e9 guid\u00e9e par des int\u00e9r\u00eats personnels, mais <strong data-start=\"1858\" data-end=\"1941\">par la volont\u00e9 de d\u00e9fendre l\u2019int\u00e9r\u00eat g\u00e9n\u00e9ral et de pr\u00e9server notre cadre de vie<\/strong>.<\/p>\n<hr data-start=\"1946\" data-end=\"1949\" \/>\n<h2 data-start=\"1951\" data-end=\"1993\">Apr\u00e8s mon d\u00e9part : ouverture des chantiers que je bloquais<\/h2>\n<p data-start=\"1995\" data-end=\"2257\">En <strong data-start=\"1998\" data-end=\"2006\">2020<\/strong>, tous les chantiers des permis de construire obtenus sous le PLU impos\u00e9 ont \u00e9t\u00e9 ouverts apr\u00e8s mon d\u00e9part.\ufe0f C\u2019est \u00e0 ce moment pr\u00e9cis que les <strong data-start=\"2138\" data-end=\"2183\">grues ont commenc\u00e9 \u00e0 appara\u00eetre sur Linas<\/strong>, reproduisant un sch\u00e9ma que l\u2019on observe depuis <strong data-start=\"2232\" data-end=\"2254\">15 ans \u00e0 Montlh\u00e9ry<\/strong>.<\/p>\n<p data-start=\"1995\" data-end=\"2257\">Il suffit de le demander \u00e0 la pr\u00e9fecture<\/p>\n<p data-start=\"1995\" data-end=\"2257\"><a href=\"https:\/\/francois-pelletant.fr\/blog\/wp-content\/uploads\/2026\/01\/lettre-prefet.jpg\"><img loading=\"lazy\" decoding=\"async\" class=\"aligncenter wp-image-14077 size-full\" src=\"https:\/\/francois-pelletant.fr\/blog\/wp-content\/uploads\/2026\/01\/lettre-prefet.jpg\" alt=\"\" width=\"484\" height=\"699\" srcset=\"https:\/\/francois-pelletant.fr\/blog\/wp-content\/uploads\/2026\/01\/lettre-prefet.jpg 484w, https:\/\/francois-pelletant.fr\/blog\/wp-content\/uploads\/2026\/01\/lettre-prefet-208x300.jpg 208w\" sizes=\"auto, (max-width: 484px) 100vw, 484px\" \/><\/a><\/p>\n<p data-start=\"1995\" data-end=\"2257\">\n<p data-start=\"1995\" data-end=\"2257\">\n<p data-start=\"2259\" data-end=\"2389\">Cette observation met en lumi\u00e8re l\u2019importance des <strong data-start=\"2309\" data-end=\"2349\">d\u00e9cisions prises ou refus\u00e9es \u00e0 temps<\/strong> et leur impact sur l\u2019urbanisme local.<\/p>\n<hr data-start=\"2391\" data-end=\"2394\" \/>\n<h2 data-start=\"2396\" data-end=\"2432\">Ce que les Linois doivent retenir<\/h2>\n<ul data-start=\"2434\" data-end=\"2803\">\n<li data-start=\"2434\" data-end=\"2577\">\n<p data-start=\"2436\" data-end=\"2577\">Les programmes immobiliers actuels sont <strong data-start=\"2476\" data-end=\"2536\">la cons\u00e9quence directe d\u2019un PLU impos\u00e9 par la pr\u00e9fecture<\/strong>, et non d\u2019un choix de la municipalit\u00e9 de l&#8217;\u00e9poque.<\/p>\n<\/li>\n<li data-start=\"2578\" data-end=\"2691\">\n<p data-start=\"2580\" data-end=\"2691\">Pendant mes mandats, j\u2019ai veill\u00e9 \u00e0 <strong data-start=\"2615\" data-end=\"2688\">limiter la croissance et \u00e0 pr\u00e9server le caract\u00e8re villageois de Linas<\/strong>. J&#8217;ai lutt\u00e9 contre l&#8217;Etat et les promoteurs<\/p>\n<\/li>\n<li data-start=\"2692\" data-end=\"2803\">\n<p data-start=\"2694\" data-end=\"2803\">Les pol\u00e9miques actuelles sont <strong data-start=\"2724\" data-end=\"2800\">st\u00e9riles et d\u00e9tournent l\u2019attention de la r\u00e9alit\u00e9 historique et des faits<\/strong>.<\/p>\n<\/li>\n<\/ul>\n<p data-start=\"2805\" data-end=\"3017\">\u2705 <strong data-start=\"2807\" data-end=\"2846\">Les Linois ont le droit \u00e0 la v\u00e9rit\u00e9<\/strong> sur l\u2019urbanisme et sur les d\u00e9cisions qui ont fa\u00e7onn\u00e9 leur commune. Il est essentiel de se baser sur les faits et non sur les rumeurs pour discuter de l\u2019avenir de Linas.<\/p>\n","protected":false},"excerpt":{"rendered":"<p>R\u00e9tablir les faits sur les programmes immobiliers \u00e0 Linas &nbsp; Les constructions \u00e9num\u00e9r\u00e9es sur ce tract qui circule \u00e0 Linas sont LA CONS\u00c9QUENCE DU PLU IMPOS\u00c9 PAR LA PR\u00c9FECTURE EN 2014. On ne peut pas m\u2019accuser de complaisance envers les promoteurs : chacun se rappelle les pressions judiciaires que j\u2019ai subies pour me faire accepter [&hellip;]<\/p>\n","protected":false},"author":2,"featured_media":14075,"comment_status":"closed","ping_status":"closed","sticky":false,"template":"","format":"standard","meta":{"footnotes":""},"categories":[10],"tags":[],"class_list":["post-14072","post","type-post","status-publish","format-standard","has-post-thumbnail","hentry","category-1pelletant"],"yoast_head":"<!-- This site is optimized with the Yoast SEO plugin v25.6 - https:\/\/yoast.com\/wordpress\/plugins\/seo\/ -->\n<title>Tract pol\u00e9mique : Ces constructions sont en r\u00e9alit\u00e9 LA CONS\u00c9QUENCE DU PLU IMPOS\u00c9 PAR LA PR\u00c9FECTURE EN 2014 - Fran\u00e7ois Pelletant<\/title>\n<meta name=\"robots\" content=\"index, follow, max-snippet:-1, max-image-preview:large, max-video-preview:-1\" \/>\n<link rel=\"canonical\" href=\"https:\/\/francois-pelletant.fr\/blog\/tract-polemique-ces-constructions-sont-en-realite-la-consequence-du-plu-impose-par-la-prefecture-en-2014\/\" \/>\n<meta property=\"og:locale\" content=\"fr_FR\" \/>\n<meta property=\"og:type\" content=\"article\" \/>\n<meta property=\"og:title\" content=\"Tract pol\u00e9mique : Ces constructions sont en r\u00e9alit\u00e9 LA CONS\u00c9QUENCE DU PLU IMPOS\u00c9 PAR LA PR\u00c9FECTURE EN 2014 - Fran\u00e7ois Pelletant\" \/>\n<meta property=\"og:description\" content=\"R\u00e9tablir les faits sur les programmes immobiliers \u00e0 Linas &nbsp; Les constructions \u00e9num\u00e9r\u00e9es sur ce tract qui circule \u00e0 Linas sont LA CONS\u00c9QUENCE DU PLU IMPOS\u00c9 PAR LA PR\u00c9FECTURE EN 2014. On ne peut pas m\u2019accuser de complaisance envers les promoteurs : chacun se rappelle les pressions judiciaires que j\u2019ai subies pour me faire accepter [&hellip;]\" \/>\n<meta property=\"og:url\" content=\"https:\/\/francois-pelletant.fr\/blog\/tract-polemique-ces-constructions-sont-en-realite-la-consequence-du-plu-impose-par-la-prefecture-en-2014\/\" \/>\n<meta property=\"og:site_name\" content=\"Fran\u00e7ois Pelletant\" \/>\n<meta property=\"article:publisher\" content=\"https:\/\/www.facebook.com\/francois.pelletant.7\" \/>\n<meta property=\"article:published_time\" content=\"2026-01-29T13:42:54+00:00\" \/>\n<meta property=\"article:modified_time\" content=\"2026-01-29T13:56:28+00:00\" \/>\n<meta property=\"og:image\" content=\"https:\/\/francois-pelletant.fr\/blog\/wp-content\/uploads\/2026\/01\/mauvaise-polemique.jpg\" \/>\n\t<meta property=\"og:image:width\" content=\"1280\" \/>\n\t<meta property=\"og:image:height\" content=\"720\" \/>\n\t<meta property=\"og:image:type\" content=\"image\/jpeg\" \/>\n<meta name=\"author\" content=\"Fran\u00e7ois\" \/>\n<meta name=\"twitter:card\" content=\"summary_large_image\" \/>\n<meta name=\"twitter:creator\" content=\"@pelletant\" \/>\n<meta name=\"twitter:site\" content=\"@pelletant\" \/>\n<meta name=\"twitter:label1\" content=\"\u00c9crit par\" \/>\n\t<meta name=\"twitter:data1\" content=\"Fran\u00e7ois\" \/>\n\t<meta name=\"twitter:label2\" content=\"Dur\u00e9e de lecture estim\u00e9e\" \/>\n\t<meta name=\"twitter:data2\" content=\"4 minutes\" \/>\n<script type=\"application\/ld+json\" class=\"yoast-schema-graph\">{\"@context\":\"https:\/\/schema.org\",\"@graph\":[{\"@type\":\"Article\",\"@id\":\"https:\/\/francois-pelletant.fr\/blog\/tract-polemique-ces-constructions-sont-en-realite-la-consequence-du-plu-impose-par-la-prefecture-en-2014\/#article\",\"isPartOf\":{\"@id\":\"https:\/\/francois-pelletant.fr\/blog\/tract-polemique-ces-constructions-sont-en-realite-la-consequence-du-plu-impose-par-la-prefecture-en-2014\/\"},\"author\":{\"name\":\"Fran\u00e7ois\",\"@id\":\"https:\/\/francois-pelletant.fr\/blog\/#\/schema\/person\/3ff29631af5560b33f8395942faae379\"},\"headline\":\"Tract pol\u00e9mique : Ces constructions sont en r\u00e9alit\u00e9 LA CONS\u00c9QUENCE DU PLU IMPOS\u00c9 PAR LA PR\u00c9FECTURE EN 2014\",\"datePublished\":\"2026-01-29T13:42:54+00:00\",\"dateModified\":\"2026-01-29T13:56:28+00:00\",\"mainEntityOfPage\":{\"@id\":\"https:\/\/francois-pelletant.fr\/blog\/tract-polemique-ces-constructions-sont-en-realite-la-consequence-du-plu-impose-par-la-prefecture-en-2014\/\"},\"wordCount\":598,\"publisher\":{\"@id\":\"https:\/\/francois-pelletant.fr\/blog\/#organization\"},\"image\":{\"@id\":\"https:\/\/francois-pelletant.fr\/blog\/tract-polemique-ces-constructions-sont-en-realite-la-consequence-du-plu-impose-par-la-prefecture-en-2014\/#primaryimage\"},\"thumbnailUrl\":\"https:\/\/francois-pelletant.fr\/blog\/wp-content\/uploads\/2026\/01\/mauvaise-polemique.jpg\",\"articleSection\":[\"Infos\"],\"inLanguage\":\"fr-FR\"},{\"@type\":\"WebPage\",\"@id\":\"https:\/\/francois-pelletant.fr\/blog\/tract-polemique-ces-constructions-sont-en-realite-la-consequence-du-plu-impose-par-la-prefecture-en-2014\/\",\"url\":\"https:\/\/francois-pelletant.fr\/blog\/tract-polemique-ces-constructions-sont-en-realite-la-consequence-du-plu-impose-par-la-prefecture-en-2014\/\",\"name\":\"Tract pol\u00e9mique : Ces constructions sont en r\u00e9alit\u00e9 LA CONS\u00c9QUENCE DU PLU IMPOS\u00c9 PAR LA PR\u00c9FECTURE EN 2014 - Fran\u00e7ois Pelletant\",\"isPartOf\":{\"@id\":\"https:\/\/francois-pelletant.fr\/blog\/#website\"},\"primaryImageOfPage\":{\"@id\":\"https:\/\/francois-pelletant.fr\/blog\/tract-polemique-ces-constructions-sont-en-realite-la-consequence-du-plu-impose-par-la-prefecture-en-2014\/#primaryimage\"},\"image\":{\"@id\":\"https:\/\/francois-pelletant.fr\/blog\/tract-polemique-ces-constructions-sont-en-realite-la-consequence-du-plu-impose-par-la-prefecture-en-2014\/#primaryimage\"},\"thumbnailUrl\":\"https:\/\/francois-pelletant.fr\/blog\/wp-content\/uploads\/2026\/01\/mauvaise-polemique.jpg\",\"datePublished\":\"2026-01-29T13:42:54+00:00\",\"dateModified\":\"2026-01-29T13:56:28+00:00\",\"breadcrumb\":{\"@id\":\"https:\/\/francois-pelletant.fr\/blog\/tract-polemique-ces-constructions-sont-en-realite-la-consequence-du-plu-impose-par-la-prefecture-en-2014\/#breadcrumb\"},\"inLanguage\":\"fr-FR\",\"potentialAction\":[{\"@type\":\"ReadAction\",\"target\":[\"https:\/\/francois-pelletant.fr\/blog\/tract-polemique-ces-constructions-sont-en-realite-la-consequence-du-plu-impose-par-la-prefecture-en-2014\/\"]}]},{\"@type\":\"ImageObject\",\"inLanguage\":\"fr-FR\",\"@id\":\"https:\/\/francois-pelletant.fr\/blog\/tract-polemique-ces-constructions-sont-en-realite-la-consequence-du-plu-impose-par-la-prefecture-en-2014\/#primaryimage\",\"url\":\"https:\/\/francois-pelletant.fr\/blog\/wp-content\/uploads\/2026\/01\/mauvaise-polemique.jpg\",\"contentUrl\":\"https:\/\/francois-pelletant.fr\/blog\/wp-content\/uploads\/2026\/01\/mauvaise-polemique.jpg\",\"width\":1280,\"height\":720},{\"@type\":\"BreadcrumbList\",\"@id\":\"https:\/\/francois-pelletant.fr\/blog\/tract-polemique-ces-constructions-sont-en-realite-la-consequence-du-plu-impose-par-la-prefecture-en-2014\/#breadcrumb\",\"itemListElement\":[{\"@type\":\"ListItem\",\"position\":1,\"name\":\"Accueil\",\"item\":\"https:\/\/francois-pelletant.fr\/blog\/\"},{\"@type\":\"ListItem\",\"position\":2,\"name\":\"Tract pol\u00e9mique : Ces constructions sont en r\u00e9alit\u00e9 LA CONS\u00c9QUENCE DU PLU IMPOS\u00c9 PAR LA PR\u00c9FECTURE EN 2014\"}]},{\"@type\":\"WebSite\",\"@id\":\"https:\/\/francois-pelletant.fr\/blog\/#website\",\"url\":\"https:\/\/francois-pelletant.fr\/blog\/\",\"name\":\"Fran\u00e7ois Pelletant\",\"description\":\"Maire de Linas, pour toujours.\",\"publisher\":{\"@id\":\"https:\/\/francois-pelletant.fr\/blog\/#organization\"},\"potentialAction\":[{\"@type\":\"SearchAction\",\"target\":{\"@type\":\"EntryPoint\",\"urlTemplate\":\"https:\/\/francois-pelletant.fr\/blog\/?s={search_term_string}\"},\"query-input\":{\"@type\":\"PropertyValueSpecification\",\"valueRequired\":true,\"valueName\":\"search_term_string\"}}],\"inLanguage\":\"fr-FR\"},{\"@type\":\"Organization\",\"@id\":\"https:\/\/francois-pelletant.fr\/blog\/#organization\",\"name\":\"Fran\u00e7ois Pelletant\",\"url\":\"https:\/\/francois-pelletant.fr\/blog\/\",\"logo\":{\"@type\":\"ImageObject\",\"inLanguage\":\"fr-FR\",\"@id\":\"https:\/\/francois-pelletant.fr\/blog\/#\/schema\/logo\/image\/\",\"url\":\"https:\/\/francois-pelletant.fr\/blog\/wp-content\/uploads\/2024\/07\/icone-francois-centre-500p.png\",\"contentUrl\":\"https:\/\/francois-pelletant.fr\/blog\/wp-content\/uploads\/2024\/07\/icone-francois-centre-500p.png\",\"width\":559,\"height\":447,\"caption\":\"Fran\u00e7ois Pelletant\"},\"image\":{\"@id\":\"https:\/\/francois-pelletant.fr\/blog\/#\/schema\/logo\/image\/\"},\"sameAs\":[\"https:\/\/www.facebook.com\/francois.pelletant.7\",\"https:\/\/x.com\/pelletant\"]},{\"@type\":\"Person\",\"@id\":\"https:\/\/francois-pelletant.fr\/blog\/#\/schema\/person\/3ff29631af5560b33f8395942faae379\",\"name\":\"Fran\u00e7ois\"}]}<\/script>\n<!-- \/ Yoast SEO plugin. -->","yoast_head_json":{"title":"Tract pol\u00e9mique : Ces constructions sont en r\u00e9alit\u00e9 LA CONS\u00c9QUENCE DU PLU IMPOS\u00c9 PAR LA PR\u00c9FECTURE EN 2014 - Fran\u00e7ois Pelletant","robots":{"index":"index","follow":"follow","max-snippet":"max-snippet:-1","max-image-preview":"max-image-preview:large","max-video-preview":"max-video-preview:-1"},"canonical":"https:\/\/francois-pelletant.fr\/blog\/tract-polemique-ces-constructions-sont-en-realite-la-consequence-du-plu-impose-par-la-prefecture-en-2014\/","og_locale":"fr_FR","og_type":"article","og_title":"Tract pol\u00e9mique : Ces constructions sont en r\u00e9alit\u00e9 LA CONS\u00c9QUENCE DU PLU IMPOS\u00c9 PAR LA PR\u00c9FECTURE EN 2014 - Fran\u00e7ois Pelletant","og_description":"R\u00e9tablir les faits sur les programmes immobiliers \u00e0 Linas &nbsp; Les constructions \u00e9num\u00e9r\u00e9es sur ce tract qui circule \u00e0 Linas sont LA CONS\u00c9QUENCE DU PLU IMPOS\u00c9 PAR LA PR\u00c9FECTURE EN 2014. On ne peut pas m\u2019accuser de complaisance envers les promoteurs : chacun se rappelle les pressions judiciaires que j\u2019ai subies pour me faire accepter [&hellip;]","og_url":"https:\/\/francois-pelletant.fr\/blog\/tract-polemique-ces-constructions-sont-en-realite-la-consequence-du-plu-impose-par-la-prefecture-en-2014\/","og_site_name":"Fran\u00e7ois Pelletant","article_publisher":"https:\/\/www.facebook.com\/francois.pelletant.7","article_published_time":"2026-01-29T13:42:54+00:00","article_modified_time":"2026-01-29T13:56:28+00:00","og_image":[{"width":1280,"height":720,"url":"https:\/\/francois-pelletant.fr\/blog\/wp-content\/uploads\/2026\/01\/mauvaise-polemique.jpg","type":"image\/jpeg"}],"author":"Fran\u00e7ois","twitter_card":"summary_large_image","twitter_creator":"@pelletant","twitter_site":"@pelletant","twitter_misc":{"\u00c9crit par":"Fran\u00e7ois","Dur\u00e9e de lecture estim\u00e9e":"4 minutes"},"schema":{"@context":"https:\/\/schema.org","@graph":[{"@type":"Article","@id":"https:\/\/francois-pelletant.fr\/blog\/tract-polemique-ces-constructions-sont-en-realite-la-consequence-du-plu-impose-par-la-prefecture-en-2014\/#article","isPartOf":{"@id":"https:\/\/francois-pelletant.fr\/blog\/tract-polemique-ces-constructions-sont-en-realite-la-consequence-du-plu-impose-par-la-prefecture-en-2014\/"},"author":{"name":"Fran\u00e7ois","@id":"https:\/\/francois-pelletant.fr\/blog\/#\/schema\/person\/3ff29631af5560b33f8395942faae379"},"headline":"Tract pol\u00e9mique : Ces constructions sont en r\u00e9alit\u00e9 LA CONS\u00c9QUENCE DU PLU IMPOS\u00c9 PAR LA PR\u00c9FECTURE EN 2014","datePublished":"2026-01-29T13:42:54+00:00","dateModified":"2026-01-29T13:56:28+00:00","mainEntityOfPage":{"@id":"https:\/\/francois-pelletant.fr\/blog\/tract-polemique-ces-constructions-sont-en-realite-la-consequence-du-plu-impose-par-la-prefecture-en-2014\/"},"wordCount":598,"publisher":{"@id":"https:\/\/francois-pelletant.fr\/blog\/#organization"},"image":{"@id":"https:\/\/francois-pelletant.fr\/blog\/tract-polemique-ces-constructions-sont-en-realite-la-consequence-du-plu-impose-par-la-prefecture-en-2014\/#primaryimage"},"thumbnailUrl":"https:\/\/francois-pelletant.fr\/blog\/wp-content\/uploads\/2026\/01\/mauvaise-polemique.jpg","articleSection":["Infos"],"inLanguage":"fr-FR"},{"@type":"WebPage","@id":"https:\/\/francois-pelletant.fr\/blog\/tract-polemique-ces-constructions-sont-en-realite-la-consequence-du-plu-impose-par-la-prefecture-en-2014\/","url":"https:\/\/francois-pelletant.fr\/blog\/tract-polemique-ces-constructions-sont-en-realite-la-consequence-du-plu-impose-par-la-prefecture-en-2014\/","name":"Tract pol\u00e9mique : Ces constructions sont en r\u00e9alit\u00e9 LA CONS\u00c9QUENCE DU PLU IMPOS\u00c9 PAR LA PR\u00c9FECTURE EN 2014 - Fran\u00e7ois Pelletant","isPartOf":{"@id":"https:\/\/francois-pelletant.fr\/blog\/#website"},"primaryImageOfPage":{"@id":"https:\/\/francois-pelletant.fr\/blog\/tract-polemique-ces-constructions-sont-en-realite-la-consequence-du-plu-impose-par-la-prefecture-en-2014\/#primaryimage"},"image":{"@id":"https:\/\/francois-pelletant.fr\/blog\/tract-polemique-ces-constructions-sont-en-realite-la-consequence-du-plu-impose-par-la-prefecture-en-2014\/#primaryimage"},"thumbnailUrl":"https:\/\/francois-pelletant.fr\/blog\/wp-content\/uploads\/2026\/01\/mauvaise-polemique.jpg","datePublished":"2026-01-29T13:42:54+00:00","dateModified":"2026-01-29T13:56:28+00:00","breadcrumb":{"@id":"https:\/\/francois-pelletant.fr\/blog\/tract-polemique-ces-constructions-sont-en-realite-la-consequence-du-plu-impose-par-la-prefecture-en-2014\/#breadcrumb"},"inLanguage":"fr-FR","potentialAction":[{"@type":"ReadAction","target":["https:\/\/francois-pelletant.fr\/blog\/tract-polemique-ces-constructions-sont-en-realite-la-consequence-du-plu-impose-par-la-prefecture-en-2014\/"]}]},{"@type":"ImageObject","inLanguage":"fr-FR","@id":"https:\/\/francois-pelletant.fr\/blog\/tract-polemique-ces-constructions-sont-en-realite-la-consequence-du-plu-impose-par-la-prefecture-en-2014\/#primaryimage","url":"https:\/\/francois-pelletant.fr\/blog\/wp-content\/uploads\/2026\/01\/mauvaise-polemique.jpg","contentUrl":"https:\/\/francois-pelletant.fr\/blog\/wp-content\/uploads\/2026\/01\/mauvaise-polemique.jpg","width":1280,"height":720},{"@type":"BreadcrumbList","@id":"https:\/\/francois-pelletant.fr\/blog\/tract-polemique-ces-constructions-sont-en-realite-la-consequence-du-plu-impose-par-la-prefecture-en-2014\/#breadcrumb","itemListElement":[{"@type":"ListItem","position":1,"name":"Accueil","item":"https:\/\/francois-pelletant.fr\/blog\/"},{"@type":"ListItem","position":2,"name":"Tract pol\u00e9mique : Ces constructions sont en r\u00e9alit\u00e9 LA CONS\u00c9QUENCE DU PLU IMPOS\u00c9 PAR LA PR\u00c9FECTURE EN 2014"}]},{"@type":"WebSite","@id":"https:\/\/francois-pelletant.fr\/blog\/#website","url":"https:\/\/francois-pelletant.fr\/blog\/","name":"Fran\u00e7ois Pelletant","description":"Maire de Linas, pour toujours.","publisher":{"@id":"https:\/\/francois-pelletant.fr\/blog\/#organization"},"potentialAction":[{"@type":"SearchAction","target":{"@type":"EntryPoint","urlTemplate":"https:\/\/francois-pelletant.fr\/blog\/?s={search_term_string}"},"query-input":{"@type":"PropertyValueSpecification","valueRequired":true,"valueName":"search_term_string"}}],"inLanguage":"fr-FR"},{"@type":"Organization","@id":"https:\/\/francois-pelletant.fr\/blog\/#organization","name":"Fran\u00e7ois Pelletant","url":"https:\/\/francois-pelletant.fr\/blog\/","logo":{"@type":"ImageObject","inLanguage":"fr-FR","@id":"https:\/\/francois-pelletant.fr\/blog\/#\/schema\/logo\/image\/","url":"https:\/\/francois-pelletant.fr\/blog\/wp-content\/uploads\/2024\/07\/icone-francois-centre-500p.png","contentUrl":"https:\/\/francois-pelletant.fr\/blog\/wp-content\/uploads\/2024\/07\/icone-francois-centre-500p.png","width":559,"height":447,"caption":"Fran\u00e7ois Pelletant"},"image":{"@id":"https:\/\/francois-pelletant.fr\/blog\/#\/schema\/logo\/image\/"},"sameAs":["https:\/\/www.facebook.com\/francois.pelletant.7","https:\/\/x.com\/pelletant"]},{"@type":"Person","@id":"https:\/\/francois-pelletant.fr\/blog\/#\/schema\/person\/3ff29631af5560b33f8395942faae379","name":"Fran\u00e7ois"}]}},"_links":{"self":[{"href":"https:\/\/francois-pelletant.fr\/blog\/wp-json\/wp\/v2\/posts\/14072","targetHints":{"allow":["GET"]}}],"collection":[{"href":"https:\/\/francois-pelletant.fr\/blog\/wp-json\/wp\/v2\/posts"}],"about":[{"href":"https:\/\/francois-pelletant.fr\/blog\/wp-json\/wp\/v2\/types\/post"}],"author":[{"embeddable":true,"href":"https:\/\/francois-pelletant.fr\/blog\/wp-json\/wp\/v2\/users\/2"}],"replies":[{"embeddable":true,"href":"https:\/\/francois-pelletant.fr\/blog\/wp-json\/wp\/v2\/comments?post=14072"}],"version-history":[{"count":0,"href":"https:\/\/francois-pelletant.fr\/blog\/wp-json\/wp\/v2\/posts\/14072\/revisions"}],"wp:featuredmedia":[{"embeddable":true,"href":"https:\/\/francois-pelletant.fr\/blog\/wp-json\/wp\/v2\/media\/14075"}],"wp:attachment":[{"href":"https:\/\/francois-pelletant.fr\/blog\/wp-json\/wp\/v2\/media?parent=14072"}],"wp:term":[{"taxonomy":"category","embeddable":true,"href":"https:\/\/francois-pelletant.fr\/blog\/wp-json\/wp\/v2\/categories?post=14072"},{"taxonomy":"post_tag","embeddable":true,"href":"https:\/\/francois-pelletant.fr\/blog\/wp-json\/wp\/v2\/tags?post=14072"}],"curies":[{"name":"wp","href":"https:\/\/api.w.org\/{rel}","templated":true}]}}