{"id":1549,"date":"2012-01-11T09:15:02","date_gmt":"2012-01-11T09:15:02","guid":{"rendered":"https:\/\/francois-pelletant.fr\/blog\/?p=1549"},"modified":"2012-01-11T09:15:02","modified_gmt":"2012-01-11T09:15:02","slug":"un-depute-echappe-au-bonnet-dane","status":"publish","type":"post","link":"https:\/\/francois-pelletant.fr\/blog\/un-depute-echappe-au-bonnet-dane\/","title":{"rendered":"Notre D\u00e9put\u00e9 \u00e9chappe au bonnet d\u2019\u00e2ne"},"content":{"rendered":"<p><a href=\"https:\/\/francois-pelletant.fr\/blog\/wp-content\/uploads\/2012\/01\/malesherbe.jpg\"><img loading=\"lazy\" decoding=\"async\" class=\"alignleft size-full wp-image-1550\" title=\"malesherbe\" src=\"https:\/\/francois-pelletant.fr\/blog\/wp-content\/uploads\/2012\/01\/malesherbe.jpg\" alt=\"\" width=\"149\" height=\"150\" \/><\/a>F\u00e9licitations \u00e0 Guy Malherbe qui fait acte de pr\u00e9sence \u00e0 l\u2019Assembl\u00e9e Nationale.<\/p>\n<p>Mais je le mets en garde\u00a0: Bernard Vera, le Maire de Briis sous Forges \u00e9tait le meilleur S\u00e9nateur de l\u2019Essonne, reconnu comme\u00a0le plus assidu et il a \u00e9t\u00e9 lourd\u00e9 lors des \u00e9lections de septembre dernier, victime des tractations politiques. Il ne faudrait pas que quelqu\u2019un essaye de se d\u00e9barrasser de Guy Malherbe.<\/p>\n<p>&nbsp;<\/p>\n<p><em>La synth\u00e8se du travail parlementaire r\u00e9alis\u00e9e sur le site <a href=\"http:\/\/www.nosdeputes.fr\/\" target=\"_blank\" rel=\"nofollow\">www.nosdeputes.fr<\/a> sur les douze derniers mois r\u00e9v\u00e8le que le d\u00e9put\u00e9 Guy Malherbe (UMP) se positionne bien\u00a0 mieux que ces coll\u00e8gues essonniens \u00e0 l\u2019Assembl\u00e9e Nationale.<\/em><\/p>\n","protected":false},"excerpt":{"rendered":"<p>F\u00e9licitations \u00e0 Guy Malherbe qui fait acte de pr\u00e9sence \u00e0 l\u2019Assembl\u00e9e Nationale. Mais je le mets en garde\u00a0: Bernard Vera, le Maire de Briis sous Forges \u00e9tait le meilleur S\u00e9nateur de l\u2019Essonne, reconnu comme\u00a0le plus assidu et il a \u00e9t\u00e9 lourd\u00e9 lors des \u00e9lections de septembre dernier, victime des tractations politiques. Il ne faudrait pas [&hellip;]<\/p>\n","protected":false},"author":2,"featured_media":1550,"comment_status":"open","ping_status":"open","sticky":false,"template":"","format":"standard","meta":{"footnotes":""},"categories":[10],"tags":[],"class_list":["post-1549","post","type-post","status-publish","format-standard","has-post-thumbnail","hentry","category-1pelletant"],"yoast_head":"<!-- This site is optimized with the Yoast SEO plugin v25.6 - https:\/\/yoast.com\/wordpress\/plugins\/seo\/ -->\n<title>Notre D\u00e9put\u00e9 \u00e9chappe au bonnet d\u2019\u00e2ne - Fran\u00e7ois Pelletant<\/title>\n<meta name=\"robots\" content=\"index, follow, max-snippet:-1, max-image-preview:large, max-video-preview:-1\" \/>\n<link rel=\"canonical\" href=\"https:\/\/francois-pelletant.fr\/blog\/un-depute-echappe-au-bonnet-dane\/\" \/>\n<meta property=\"og:locale\" content=\"fr_FR\" \/>\n<meta property=\"og:type\" content=\"article\" \/>\n<meta property=\"og:title\" content=\"Notre D\u00e9put\u00e9 \u00e9chappe au bonnet d\u2019\u00e2ne - Fran\u00e7ois Pelletant\" \/>\n<meta property=\"og:description\" content=\"F\u00e9licitations \u00e0 Guy Malherbe qui fait acte de pr\u00e9sence \u00e0 l\u2019Assembl\u00e9e Nationale. Mais je le mets en garde\u00a0: Bernard Vera, le Maire de Briis sous Forges \u00e9tait le meilleur S\u00e9nateur de l\u2019Essonne, reconnu comme\u00a0le plus assidu et il a \u00e9t\u00e9 lourd\u00e9 lors des \u00e9lections de septembre dernier, victime des tractations politiques. Il ne faudrait pas [&hellip;]\" \/>\n<meta property=\"og:url\" content=\"https:\/\/francois-pelletant.fr\/blog\/un-depute-echappe-au-bonnet-dane\/\" \/>\n<meta property=\"og:site_name\" content=\"Fran\u00e7ois Pelletant\" \/>\n<meta property=\"article:publisher\" content=\"https:\/\/www.facebook.com\/francois.pelletant.7\" \/>\n<meta property=\"article:published_time\" content=\"2012-01-11T09:15:02+00:00\" \/>\n<meta property=\"og:image\" content=\"https:\/\/francois-pelletant.fr\/blog\/wp-content\/uploads\/2012\/01\/malesherbe.jpg\" \/>\n\t<meta property=\"og:image:width\" content=\"149\" \/>\n\t<meta property=\"og:image:height\" content=\"150\" \/>\n\t<meta property=\"og:image:type\" content=\"image\/jpeg\" \/>\n<meta name=\"author\" content=\"Fran\u00e7ois\" \/>\n<meta name=\"twitter:card\" content=\"summary_large_image\" \/>\n<meta name=\"twitter:creator\" content=\"@pelletant\" \/>\n<meta name=\"twitter:site\" content=\"@pelletant\" \/>\n<meta name=\"twitter:label1\" content=\"\u00c9crit par\" \/>\n\t<meta name=\"twitter:data1\" content=\"Fran\u00e7ois\" \/>\n\t<meta name=\"twitter:label2\" content=\"Dur\u00e9e de lecture estim\u00e9e\" \/>\n\t<meta name=\"twitter:data2\" content=\"1 minute\" \/>\n<script type=\"application\/ld+json\" class=\"yoast-schema-graph\">{\"@context\":\"https:\/\/schema.org\",\"@graph\":[{\"@type\":\"Article\",\"@id\":\"https:\/\/francois-pelletant.fr\/blog\/un-depute-echappe-au-bonnet-dane\/#article\",\"isPartOf\":{\"@id\":\"https:\/\/francois-pelletant.fr\/blog\/un-depute-echappe-au-bonnet-dane\/\"},\"author\":{\"name\":\"Fran\u00e7ois\",\"@id\":\"https:\/\/francois-pelletant.fr\/blog\/#\/schema\/person\/3ff29631af5560b33f8395942faae379\"},\"headline\":\"Notre D\u00e9put\u00e9 \u00e9chappe au bonnet d\u2019\u00e2ne\",\"datePublished\":\"2012-01-11T09:15:02+00:00\",\"mainEntityOfPage\":{\"@id\":\"https:\/\/francois-pelletant.fr\/blog\/un-depute-echappe-au-bonnet-dane\/\"},\"wordCount\":123,\"commentCount\":1,\"publisher\":{\"@id\":\"https:\/\/francois-pelletant.fr\/blog\/#organization\"},\"image\":{\"@id\":\"https:\/\/francois-pelletant.fr\/blog\/un-depute-echappe-au-bonnet-dane\/#primaryimage\"},\"thumbnailUrl\":\"https:\/\/francois-pelletant.fr\/blog\/wp-content\/uploads\/2012\/01\/malesherbe.jpg\",\"articleSection\":[\"Infos\"],\"inLanguage\":\"fr-FR\",\"potentialAction\":[{\"@type\":\"CommentAction\",\"name\":\"Comment\",\"target\":[\"https:\/\/francois-pelletant.fr\/blog\/un-depute-echappe-au-bonnet-dane\/#respond\"]}]},{\"@type\":\"WebPage\",\"@id\":\"https:\/\/francois-pelletant.fr\/blog\/un-depute-echappe-au-bonnet-dane\/\",\"url\":\"https:\/\/francois-pelletant.fr\/blog\/un-depute-echappe-au-bonnet-dane\/\",\"name\":\"Notre D\u00e9put\u00e9 \u00e9chappe au bonnet d\u2019\u00e2ne - Fran\u00e7ois Pelletant\",\"isPartOf\":{\"@id\":\"https:\/\/francois-pelletant.fr\/blog\/#website\"},\"primaryImageOfPage\":{\"@id\":\"https:\/\/francois-pelletant.fr\/blog\/un-depute-echappe-au-bonnet-dane\/#primaryimage\"},\"image\":{\"@id\":\"https:\/\/francois-pelletant.fr\/blog\/un-depute-echappe-au-bonnet-dane\/#primaryimage\"},\"thumbnailUrl\":\"https:\/\/francois-pelletant.fr\/blog\/wp-content\/uploads\/2012\/01\/malesherbe.jpg\",\"datePublished\":\"2012-01-11T09:15:02+00:00\",\"breadcrumb\":{\"@id\":\"https:\/\/francois-pelletant.fr\/blog\/un-depute-echappe-au-bonnet-dane\/#breadcrumb\"},\"inLanguage\":\"fr-FR\",\"potentialAction\":[{\"@type\":\"ReadAction\",\"target\":[\"https:\/\/francois-pelletant.fr\/blog\/un-depute-echappe-au-bonnet-dane\/\"]}]},{\"@type\":\"ImageObject\",\"inLanguage\":\"fr-FR\",\"@id\":\"https:\/\/francois-pelletant.fr\/blog\/un-depute-echappe-au-bonnet-dane\/#primaryimage\",\"url\":\"https:\/\/francois-pelletant.fr\/blog\/wp-content\/uploads\/2012\/01\/malesherbe.jpg\",\"contentUrl\":\"https:\/\/francois-pelletant.fr\/blog\/wp-content\/uploads\/2012\/01\/malesherbe.jpg\",\"width\":149,\"height\":150},{\"@type\":\"BreadcrumbList\",\"@id\":\"https:\/\/francois-pelletant.fr\/blog\/un-depute-echappe-au-bonnet-dane\/#breadcrumb\",\"itemListElement\":[{\"@type\":\"ListItem\",\"position\":1,\"name\":\"Accueil\",\"item\":\"https:\/\/francois-pelletant.fr\/blog\/\"},{\"@type\":\"ListItem\",\"position\":2,\"name\":\"Notre D\u00e9put\u00e9 \u00e9chappe au bonnet d\u2019\u00e2ne\"}]},{\"@type\":\"WebSite\",\"@id\":\"https:\/\/francois-pelletant.fr\/blog\/#website\",\"url\":\"https:\/\/francois-pelletant.fr\/blog\/\",\"name\":\"Fran\u00e7ois Pelletant\",\"description\":\"Maire de Linas, pour toujours.\",\"publisher\":{\"@id\":\"https:\/\/francois-pelletant.fr\/blog\/#organization\"},\"potentialAction\":[{\"@type\":\"SearchAction\",\"target\":{\"@type\":\"EntryPoint\",\"urlTemplate\":\"https:\/\/francois-pelletant.fr\/blog\/?s={search_term_string}\"},\"query-input\":{\"@type\":\"PropertyValueSpecification\",\"valueRequired\":true,\"valueName\":\"search_term_string\"}}],\"inLanguage\":\"fr-FR\"},{\"@type\":\"Organization\",\"@id\":\"https:\/\/francois-pelletant.fr\/blog\/#organization\",\"name\":\"Fran\u00e7ois Pelletant\",\"url\":\"https:\/\/francois-pelletant.fr\/blog\/\",\"logo\":{\"@type\":\"ImageObject\",\"inLanguage\":\"fr-FR\",\"@id\":\"https:\/\/francois-pelletant.fr\/blog\/#\/schema\/logo\/image\/\",\"url\":\"https:\/\/francois-pelletant.fr\/blog\/wp-content\/uploads\/2024\/07\/icone-francois-centre-500p.png\",\"contentUrl\":\"https:\/\/francois-pelletant.fr\/blog\/wp-content\/uploads\/2024\/07\/icone-francois-centre-500p.png\",\"width\":559,\"height\":447,\"caption\":\"Fran\u00e7ois Pelletant\"},\"image\":{\"@id\":\"https:\/\/francois-pelletant.fr\/blog\/#\/schema\/logo\/image\/\"},\"sameAs\":[\"https:\/\/www.facebook.com\/francois.pelletant.7\",\"https:\/\/x.com\/pelletant\"]},{\"@type\":\"Person\",\"@id\":\"https:\/\/francois-pelletant.fr\/blog\/#\/schema\/person\/3ff29631af5560b33f8395942faae379\",\"name\":\"Fran\u00e7ois\"}]}<\/script>\n<!-- \/ Yoast SEO plugin. -->","yoast_head_json":{"title":"Notre D\u00e9put\u00e9 \u00e9chappe au bonnet d\u2019\u00e2ne - Fran\u00e7ois Pelletant","robots":{"index":"index","follow":"follow","max-snippet":"max-snippet:-1","max-image-preview":"max-image-preview:large","max-video-preview":"max-video-preview:-1"},"canonical":"https:\/\/francois-pelletant.fr\/blog\/un-depute-echappe-au-bonnet-dane\/","og_locale":"fr_FR","og_type":"article","og_title":"Notre D\u00e9put\u00e9 \u00e9chappe au bonnet d\u2019\u00e2ne - Fran\u00e7ois Pelletant","og_description":"F\u00e9licitations \u00e0 Guy Malherbe qui fait acte de pr\u00e9sence \u00e0 l\u2019Assembl\u00e9e Nationale. Mais je le mets en garde\u00a0: Bernard Vera, le Maire de Briis sous Forges \u00e9tait le meilleur S\u00e9nateur de l\u2019Essonne, reconnu comme\u00a0le plus assidu et il a \u00e9t\u00e9 lourd\u00e9 lors des \u00e9lections de septembre dernier, victime des tractations politiques. Il ne faudrait pas [&hellip;]","og_url":"https:\/\/francois-pelletant.fr\/blog\/un-depute-echappe-au-bonnet-dane\/","og_site_name":"Fran\u00e7ois Pelletant","article_publisher":"https:\/\/www.facebook.com\/francois.pelletant.7","article_published_time":"2012-01-11T09:15:02+00:00","og_image":[{"width":149,"height":150,"url":"https:\/\/francois-pelletant.fr\/blog\/wp-content\/uploads\/2012\/01\/malesherbe.jpg","type":"image\/jpeg"}],"author":"Fran\u00e7ois","twitter_card":"summary_large_image","twitter_creator":"@pelletant","twitter_site":"@pelletant","twitter_misc":{"\u00c9crit par":"Fran\u00e7ois","Dur\u00e9e de lecture estim\u00e9e":"1 minute"},"schema":{"@context":"https:\/\/schema.org","@graph":[{"@type":"Article","@id":"https:\/\/francois-pelletant.fr\/blog\/un-depute-echappe-au-bonnet-dane\/#article","isPartOf":{"@id":"https:\/\/francois-pelletant.fr\/blog\/un-depute-echappe-au-bonnet-dane\/"},"author":{"name":"Fran\u00e7ois","@id":"https:\/\/francois-pelletant.fr\/blog\/#\/schema\/person\/3ff29631af5560b33f8395942faae379"},"headline":"Notre D\u00e9put\u00e9 \u00e9chappe au bonnet d\u2019\u00e2ne","datePublished":"2012-01-11T09:15:02+00:00","mainEntityOfPage":{"@id":"https:\/\/francois-pelletant.fr\/blog\/un-depute-echappe-au-bonnet-dane\/"},"wordCount":123,"commentCount":1,"publisher":{"@id":"https:\/\/francois-pelletant.fr\/blog\/#organization"},"image":{"@id":"https:\/\/francois-pelletant.fr\/blog\/un-depute-echappe-au-bonnet-dane\/#primaryimage"},"thumbnailUrl":"https:\/\/francois-pelletant.fr\/blog\/wp-content\/uploads\/2012\/01\/malesherbe.jpg","articleSection":["Infos"],"inLanguage":"fr-FR","potentialAction":[{"@type":"CommentAction","name":"Comment","target":["https:\/\/francois-pelletant.fr\/blog\/un-depute-echappe-au-bonnet-dane\/#respond"]}]},{"@type":"WebPage","@id":"https:\/\/francois-pelletant.fr\/blog\/un-depute-echappe-au-bonnet-dane\/","url":"https:\/\/francois-pelletant.fr\/blog\/un-depute-echappe-au-bonnet-dane\/","name":"Notre D\u00e9put\u00e9 \u00e9chappe au bonnet d\u2019\u00e2ne - Fran\u00e7ois Pelletant","isPartOf":{"@id":"https:\/\/francois-pelletant.fr\/blog\/#website"},"primaryImageOfPage":{"@id":"https:\/\/francois-pelletant.fr\/blog\/un-depute-echappe-au-bonnet-dane\/#primaryimage"},"image":{"@id":"https:\/\/francois-pelletant.fr\/blog\/un-depute-echappe-au-bonnet-dane\/#primaryimage"},"thumbnailUrl":"https:\/\/francois-pelletant.fr\/blog\/wp-content\/uploads\/2012\/01\/malesherbe.jpg","datePublished":"2012-01-11T09:15:02+00:00","breadcrumb":{"@id":"https:\/\/francois-pelletant.fr\/blog\/un-depute-echappe-au-bonnet-dane\/#breadcrumb"},"inLanguage":"fr-FR","potentialAction":[{"@type":"ReadAction","target":["https:\/\/francois-pelletant.fr\/blog\/un-depute-echappe-au-bonnet-dane\/"]}]},{"@type":"ImageObject","inLanguage":"fr-FR","@id":"https:\/\/francois-pelletant.fr\/blog\/un-depute-echappe-au-bonnet-dane\/#primaryimage","url":"https:\/\/francois-pelletant.fr\/blog\/wp-content\/uploads\/2012\/01\/malesherbe.jpg","contentUrl":"https:\/\/francois-pelletant.fr\/blog\/wp-content\/uploads\/2012\/01\/malesherbe.jpg","width":149,"height":150},{"@type":"BreadcrumbList","@id":"https:\/\/francois-pelletant.fr\/blog\/un-depute-echappe-au-bonnet-dane\/#breadcrumb","itemListElement":[{"@type":"ListItem","position":1,"name":"Accueil","item":"https:\/\/francois-pelletant.fr\/blog\/"},{"@type":"ListItem","position":2,"name":"Notre D\u00e9put\u00e9 \u00e9chappe au bonnet d\u2019\u00e2ne"}]},{"@type":"WebSite","@id":"https:\/\/francois-pelletant.fr\/blog\/#website","url":"https:\/\/francois-pelletant.fr\/blog\/","name":"Fran\u00e7ois Pelletant","description":"Maire de Linas, pour toujours.","publisher":{"@id":"https:\/\/francois-pelletant.fr\/blog\/#organization"},"potentialAction":[{"@type":"SearchAction","target":{"@type":"EntryPoint","urlTemplate":"https:\/\/francois-pelletant.fr\/blog\/?s={search_term_string}"},"query-input":{"@type":"PropertyValueSpecification","valueRequired":true,"valueName":"search_term_string"}}],"inLanguage":"fr-FR"},{"@type":"Organization","@id":"https:\/\/francois-pelletant.fr\/blog\/#organization","name":"Fran\u00e7ois Pelletant","url":"https:\/\/francois-pelletant.fr\/blog\/","logo":{"@type":"ImageObject","inLanguage":"fr-FR","@id":"https:\/\/francois-pelletant.fr\/blog\/#\/schema\/logo\/image\/","url":"https:\/\/francois-pelletant.fr\/blog\/wp-content\/uploads\/2024\/07\/icone-francois-centre-500p.png","contentUrl":"https:\/\/francois-pelletant.fr\/blog\/wp-content\/uploads\/2024\/07\/icone-francois-centre-500p.png","width":559,"height":447,"caption":"Fran\u00e7ois Pelletant"},"image":{"@id":"https:\/\/francois-pelletant.fr\/blog\/#\/schema\/logo\/image\/"},"sameAs":["https:\/\/www.facebook.com\/francois.pelletant.7","https:\/\/x.com\/pelletant"]},{"@type":"Person","@id":"https:\/\/francois-pelletant.fr\/blog\/#\/schema\/person\/3ff29631af5560b33f8395942faae379","name":"Fran\u00e7ois"}]}},"_links":{"self":[{"href":"https:\/\/francois-pelletant.fr\/blog\/wp-json\/wp\/v2\/posts\/1549","targetHints":{"allow":["GET"]}}],"collection":[{"href":"https:\/\/francois-pelletant.fr\/blog\/wp-json\/wp\/v2\/posts"}],"about":[{"href":"https:\/\/francois-pelletant.fr\/blog\/wp-json\/wp\/v2\/types\/post"}],"author":[{"embeddable":true,"href":"https:\/\/francois-pelletant.fr\/blog\/wp-json\/wp\/v2\/users\/2"}],"replies":[{"embeddable":true,"href":"https:\/\/francois-pelletant.fr\/blog\/wp-json\/wp\/v2\/comments?post=1549"}],"version-history":[{"count":0,"href":"https:\/\/francois-pelletant.fr\/blog\/wp-json\/wp\/v2\/posts\/1549\/revisions"}],"wp:featuredmedia":[{"embeddable":true,"href":"https:\/\/francois-pelletant.fr\/blog\/wp-json\/wp\/v2\/media\/1550"}],"wp:attachment":[{"href":"https:\/\/francois-pelletant.fr\/blog\/wp-json\/wp\/v2\/media?parent=1549"}],"wp:term":[{"taxonomy":"category","embeddable":true,"href":"https:\/\/francois-pelletant.fr\/blog\/wp-json\/wp\/v2\/categories?post=1549"},{"taxonomy":"post_tag","embeddable":true,"href":"https:\/\/francois-pelletant.fr\/blog\/wp-json\/wp\/v2\/tags?post=1549"}],"curies":[{"name":"wp","href":"https:\/\/api.w.org\/{rel}","templated":true}]}}