{"id":1629,"date":"2012-01-24T08:13:28","date_gmt":"2012-01-24T08:13:28","guid":{"rendered":"https:\/\/francois-pelletant.fr\/blog\/?p=1629"},"modified":"2012-01-24T08:13:28","modified_gmt":"2012-01-24T08:13:28","slug":"des-voeux-sur-les-chapeaux-de-roue","status":"publish","type":"post","link":"https:\/\/francois-pelletant.fr\/blog\/des-voeux-sur-les-chapeaux-de-roue\/","title":{"rendered":"Des v\u0153ux sur les chapeaux de roue\u2026"},"content":{"rendered":"<p><a href=\"https:\/\/francois-pelletant.fr\/blog\/wp-content\/uploads\/2012\/01\/P1030609.jpg\"><img loading=\"lazy\" decoding=\"async\" class=\"alignleft size-medium wp-image-1630\" title=\"P1030609\" src=\"https:\/\/francois-pelletant.fr\/blog\/wp-content\/uploads\/2012\/01\/P1030609-300x233.jpg\" alt=\"\" width=\"300\" height=\"233\" \/><\/a>Lors de ma c\u00e9r\u00e9monie des v\u0153ux du 20 janvier 2012, le monde automobile \u00e9tait \u00e0 l\u2019honneur. Linas et le circuit mythique de la ville entretiennent des rapports privil\u00e9gi\u00e9s sur le site de l\u2019autodrome qui a vu\u00a0na\u00eetre \u00a0les brevets et inventions m\u00e9caniques\u00a0essentiels et o\u00f9 se d\u00e9veloppent chaque jour des recherches, des essais afin d&#8217;am\u00e9liorer la s\u00e9curit\u00e9 routi\u00e8re, afin de r\u00e9duire l&#8217;impact \u00e9cologique et donner aux hommes un sens \u00e0 cette libert\u00e9 fondamentale qu&#8217;est le droit de circuler\u00a0. Et puis chaque mois, \u00e0 10h, le dernier dimanche, les passionn\u00e9s se retrouvent devant la Mairie de Linas pour pr\u00e9senter leurs v\u00e9hicules et continuer \u00e0 faire vivre l\u2019\u00e9pop\u00e9e de l&#8217;automobile \u00e0 Linas-Montlh\u00e9ry.<\/p>\n<p><iframe loading=\"lazy\" src=\"http:\/\/www.youtube.com\/embed\/kBuVJMzco9s\" frameborder=\"0\" width=\"420\" height=\"315\"><\/iframe><\/p>\n","protected":false},"excerpt":{"rendered":"<p>Lors de ma c\u00e9r\u00e9monie des v\u0153ux du 20 janvier 2012, le monde automobile \u00e9tait \u00e0 l\u2019honneur. Linas et le circuit mythique de la ville entretiennent des rapports privil\u00e9gi\u00e9s sur le site de l\u2019autodrome qui a vu\u00a0na\u00eetre \u00a0les brevets et inventions m\u00e9caniques\u00a0essentiels et o\u00f9 se d\u00e9veloppent chaque jour des recherches, des essais afin d&#8217;am\u00e9liorer la s\u00e9curit\u00e9 [&hellip;]<\/p>\n","protected":false},"author":1,"featured_media":1630,"comment_status":"open","ping_status":"open","sticky":false,"template":"","format":"standard","meta":{"footnotes":""},"categories":[10],"tags":[],"class_list":["post-1629","post","type-post","status-publish","format-standard","has-post-thumbnail","hentry","category-1pelletant"],"yoast_head":"<!-- This site is optimized with the Yoast SEO plugin v25.6 - https:\/\/yoast.com\/wordpress\/plugins\/seo\/ -->\n<title>Des v\u0153ux sur les chapeaux de roue\u2026 - Fran\u00e7ois Pelletant<\/title>\n<meta name=\"robots\" content=\"index, follow, max-snippet:-1, max-image-preview:large, max-video-preview:-1\" \/>\n<link rel=\"canonical\" href=\"https:\/\/francois-pelletant.fr\/blog\/des-voeux-sur-les-chapeaux-de-roue\/\" \/>\n<meta property=\"og:locale\" content=\"fr_FR\" \/>\n<meta property=\"og:type\" content=\"article\" \/>\n<meta property=\"og:title\" content=\"Des v\u0153ux sur les chapeaux de roue\u2026 - Fran\u00e7ois Pelletant\" \/>\n<meta property=\"og:description\" content=\"Lors de ma c\u00e9r\u00e9monie des v\u0153ux du 20 janvier 2012, le monde automobile \u00e9tait \u00e0 l\u2019honneur. Linas et le circuit mythique de la ville entretiennent des rapports privil\u00e9gi\u00e9s sur le site de l\u2019autodrome qui a vu\u00a0na\u00eetre \u00a0les brevets et inventions m\u00e9caniques\u00a0essentiels et o\u00f9 se d\u00e9veloppent chaque jour des recherches, des essais afin d&#8217;am\u00e9liorer la s\u00e9curit\u00e9 [&hellip;]\" \/>\n<meta property=\"og:url\" content=\"https:\/\/francois-pelletant.fr\/blog\/des-voeux-sur-les-chapeaux-de-roue\/\" \/>\n<meta property=\"og:site_name\" content=\"Fran\u00e7ois Pelletant\" \/>\n<meta property=\"article:publisher\" content=\"https:\/\/www.facebook.com\/francois.pelletant.7\" \/>\n<meta property=\"article:published_time\" content=\"2012-01-24T08:13:28+00:00\" \/>\n<meta property=\"og:image\" content=\"https:\/\/francois-pelletant.fr\/blog\/wp-content\/uploads\/2012\/01\/P1030609.jpg\" \/>\n\t<meta property=\"og:image:width\" content=\"1181\" \/>\n\t<meta property=\"og:image:height\" content=\"920\" \/>\n\t<meta property=\"og:image:type\" content=\"image\/jpeg\" \/>\n<meta name=\"author\" content=\"Francois\" \/>\n<meta name=\"twitter:card\" content=\"summary_large_image\" \/>\n<meta name=\"twitter:creator\" content=\"@pelletant\" \/>\n<meta name=\"twitter:site\" content=\"@pelletant\" \/>\n<meta name=\"twitter:label1\" content=\"\u00c9crit par\" \/>\n\t<meta name=\"twitter:data1\" content=\"Francois\" \/>\n\t<meta name=\"twitter:label2\" content=\"Dur\u00e9e de lecture estim\u00e9e\" \/>\n\t<meta name=\"twitter:data2\" content=\"1 minute\" \/>\n<script type=\"application\/ld+json\" class=\"yoast-schema-graph\">{\"@context\":\"https:\/\/schema.org\",\"@graph\":[{\"@type\":\"Article\",\"@id\":\"https:\/\/francois-pelletant.fr\/blog\/des-voeux-sur-les-chapeaux-de-roue\/#article\",\"isPartOf\":{\"@id\":\"https:\/\/francois-pelletant.fr\/blog\/des-voeux-sur-les-chapeaux-de-roue\/\"},\"author\":{\"name\":\"Francois\",\"@id\":\"https:\/\/francois-pelletant.fr\/blog\/#\/schema\/person\/2be41acb171dff8f31aaed1f40cee9f3\"},\"headline\":\"Des v\u0153ux sur les chapeaux de roue\u2026\",\"datePublished\":\"2012-01-24T08:13:28+00:00\",\"mainEntityOfPage\":{\"@id\":\"https:\/\/francois-pelletant.fr\/blog\/des-voeux-sur-les-chapeaux-de-roue\/\"},\"wordCount\":135,\"commentCount\":0,\"publisher\":{\"@id\":\"https:\/\/francois-pelletant.fr\/blog\/#organization\"},\"image\":{\"@id\":\"https:\/\/francois-pelletant.fr\/blog\/des-voeux-sur-les-chapeaux-de-roue\/#primaryimage\"},\"thumbnailUrl\":\"https:\/\/francois-pelletant.fr\/blog\/wp-content\/uploads\/2012\/01\/P1030609.jpg\",\"articleSection\":[\"Infos\"],\"inLanguage\":\"fr-FR\",\"potentialAction\":[{\"@type\":\"CommentAction\",\"name\":\"Comment\",\"target\":[\"https:\/\/francois-pelletant.fr\/blog\/des-voeux-sur-les-chapeaux-de-roue\/#respond\"]}]},{\"@type\":\"WebPage\",\"@id\":\"https:\/\/francois-pelletant.fr\/blog\/des-voeux-sur-les-chapeaux-de-roue\/\",\"url\":\"https:\/\/francois-pelletant.fr\/blog\/des-voeux-sur-les-chapeaux-de-roue\/\",\"name\":\"Des v\u0153ux sur les chapeaux de roue\u2026 - Fran\u00e7ois Pelletant\",\"isPartOf\":{\"@id\":\"https:\/\/francois-pelletant.fr\/blog\/#website\"},\"primaryImageOfPage\":{\"@id\":\"https:\/\/francois-pelletant.fr\/blog\/des-voeux-sur-les-chapeaux-de-roue\/#primaryimage\"},\"image\":{\"@id\":\"https:\/\/francois-pelletant.fr\/blog\/des-voeux-sur-les-chapeaux-de-roue\/#primaryimage\"},\"thumbnailUrl\":\"https:\/\/francois-pelletant.fr\/blog\/wp-content\/uploads\/2012\/01\/P1030609.jpg\",\"datePublished\":\"2012-01-24T08:13:28+00:00\",\"breadcrumb\":{\"@id\":\"https:\/\/francois-pelletant.fr\/blog\/des-voeux-sur-les-chapeaux-de-roue\/#breadcrumb\"},\"inLanguage\":\"fr-FR\",\"potentialAction\":[{\"@type\":\"ReadAction\",\"target\":[\"https:\/\/francois-pelletant.fr\/blog\/des-voeux-sur-les-chapeaux-de-roue\/\"]}]},{\"@type\":\"ImageObject\",\"inLanguage\":\"fr-FR\",\"@id\":\"https:\/\/francois-pelletant.fr\/blog\/des-voeux-sur-les-chapeaux-de-roue\/#primaryimage\",\"url\":\"https:\/\/francois-pelletant.fr\/blog\/wp-content\/uploads\/2012\/01\/P1030609.jpg\",\"contentUrl\":\"https:\/\/francois-pelletant.fr\/blog\/wp-content\/uploads\/2012\/01\/P1030609.jpg\",\"width\":1181,\"height\":920},{\"@type\":\"BreadcrumbList\",\"@id\":\"https:\/\/francois-pelletant.fr\/blog\/des-voeux-sur-les-chapeaux-de-roue\/#breadcrumb\",\"itemListElement\":[{\"@type\":\"ListItem\",\"position\":1,\"name\":\"Accueil\",\"item\":\"https:\/\/francois-pelletant.fr\/blog\/\"},{\"@type\":\"ListItem\",\"position\":2,\"name\":\"Des v\u0153ux sur les chapeaux de roue\u2026\"}]},{\"@type\":\"WebSite\",\"@id\":\"https:\/\/francois-pelletant.fr\/blog\/#website\",\"url\":\"https:\/\/francois-pelletant.fr\/blog\/\",\"name\":\"Fran\u00e7ois Pelletant\",\"description\":\"Maire de Linas, pour toujours.\",\"publisher\":{\"@id\":\"https:\/\/francois-pelletant.fr\/blog\/#organization\"},\"potentialAction\":[{\"@type\":\"SearchAction\",\"target\":{\"@type\":\"EntryPoint\",\"urlTemplate\":\"https:\/\/francois-pelletant.fr\/blog\/?s={search_term_string}\"},\"query-input\":{\"@type\":\"PropertyValueSpecification\",\"valueRequired\":true,\"valueName\":\"search_term_string\"}}],\"inLanguage\":\"fr-FR\"},{\"@type\":\"Organization\",\"@id\":\"https:\/\/francois-pelletant.fr\/blog\/#organization\",\"name\":\"Fran\u00e7ois Pelletant\",\"url\":\"https:\/\/francois-pelletant.fr\/blog\/\",\"logo\":{\"@type\":\"ImageObject\",\"inLanguage\":\"fr-FR\",\"@id\":\"https:\/\/francois-pelletant.fr\/blog\/#\/schema\/logo\/image\/\",\"url\":\"https:\/\/francois-pelletant.fr\/blog\/wp-content\/uploads\/2024\/07\/icone-francois-centre-500p.png\",\"contentUrl\":\"https:\/\/francois-pelletant.fr\/blog\/wp-content\/uploads\/2024\/07\/icone-francois-centre-500p.png\",\"width\":559,\"height\":447,\"caption\":\"Fran\u00e7ois Pelletant\"},\"image\":{\"@id\":\"https:\/\/francois-pelletant.fr\/blog\/#\/schema\/logo\/image\/\"},\"sameAs\":[\"https:\/\/www.facebook.com\/francois.pelletant.7\",\"https:\/\/x.com\/pelletant\"]},{\"@type\":\"Person\",\"@id\":\"https:\/\/francois-pelletant.fr\/blog\/#\/schema\/person\/2be41acb171dff8f31aaed1f40cee9f3\",\"name\":\"Francois\"}]}<\/script>\n<!-- \/ Yoast SEO plugin. -->","yoast_head_json":{"title":"Des v\u0153ux sur les chapeaux de roue\u2026 - Fran\u00e7ois Pelletant","robots":{"index":"index","follow":"follow","max-snippet":"max-snippet:-1","max-image-preview":"max-image-preview:large","max-video-preview":"max-video-preview:-1"},"canonical":"https:\/\/francois-pelletant.fr\/blog\/des-voeux-sur-les-chapeaux-de-roue\/","og_locale":"fr_FR","og_type":"article","og_title":"Des v\u0153ux sur les chapeaux de roue\u2026 - Fran\u00e7ois Pelletant","og_description":"Lors de ma c\u00e9r\u00e9monie des v\u0153ux du 20 janvier 2012, le monde automobile \u00e9tait \u00e0 l\u2019honneur. Linas et le circuit mythique de la ville entretiennent des rapports privil\u00e9gi\u00e9s sur le site de l\u2019autodrome qui a vu\u00a0na\u00eetre \u00a0les brevets et inventions m\u00e9caniques\u00a0essentiels et o\u00f9 se d\u00e9veloppent chaque jour des recherches, des essais afin d&#8217;am\u00e9liorer la s\u00e9curit\u00e9 [&hellip;]","og_url":"https:\/\/francois-pelletant.fr\/blog\/des-voeux-sur-les-chapeaux-de-roue\/","og_site_name":"Fran\u00e7ois Pelletant","article_publisher":"https:\/\/www.facebook.com\/francois.pelletant.7","article_published_time":"2012-01-24T08:13:28+00:00","og_image":[{"width":1181,"height":920,"url":"https:\/\/francois-pelletant.fr\/blog\/wp-content\/uploads\/2012\/01\/P1030609.jpg","type":"image\/jpeg"}],"author":"Francois","twitter_card":"summary_large_image","twitter_creator":"@pelletant","twitter_site":"@pelletant","twitter_misc":{"\u00c9crit par":"Francois","Dur\u00e9e de lecture estim\u00e9e":"1 minute"},"schema":{"@context":"https:\/\/schema.org","@graph":[{"@type":"Article","@id":"https:\/\/francois-pelletant.fr\/blog\/des-voeux-sur-les-chapeaux-de-roue\/#article","isPartOf":{"@id":"https:\/\/francois-pelletant.fr\/blog\/des-voeux-sur-les-chapeaux-de-roue\/"},"author":{"name":"Francois","@id":"https:\/\/francois-pelletant.fr\/blog\/#\/schema\/person\/2be41acb171dff8f31aaed1f40cee9f3"},"headline":"Des v\u0153ux sur les chapeaux de roue\u2026","datePublished":"2012-01-24T08:13:28+00:00","mainEntityOfPage":{"@id":"https:\/\/francois-pelletant.fr\/blog\/des-voeux-sur-les-chapeaux-de-roue\/"},"wordCount":135,"commentCount":0,"publisher":{"@id":"https:\/\/francois-pelletant.fr\/blog\/#organization"},"image":{"@id":"https:\/\/francois-pelletant.fr\/blog\/des-voeux-sur-les-chapeaux-de-roue\/#primaryimage"},"thumbnailUrl":"https:\/\/francois-pelletant.fr\/blog\/wp-content\/uploads\/2012\/01\/P1030609.jpg","articleSection":["Infos"],"inLanguage":"fr-FR","potentialAction":[{"@type":"CommentAction","name":"Comment","target":["https:\/\/francois-pelletant.fr\/blog\/des-voeux-sur-les-chapeaux-de-roue\/#respond"]}]},{"@type":"WebPage","@id":"https:\/\/francois-pelletant.fr\/blog\/des-voeux-sur-les-chapeaux-de-roue\/","url":"https:\/\/francois-pelletant.fr\/blog\/des-voeux-sur-les-chapeaux-de-roue\/","name":"Des v\u0153ux sur les chapeaux de roue\u2026 - Fran\u00e7ois Pelletant","isPartOf":{"@id":"https:\/\/francois-pelletant.fr\/blog\/#website"},"primaryImageOfPage":{"@id":"https:\/\/francois-pelletant.fr\/blog\/des-voeux-sur-les-chapeaux-de-roue\/#primaryimage"},"image":{"@id":"https:\/\/francois-pelletant.fr\/blog\/des-voeux-sur-les-chapeaux-de-roue\/#primaryimage"},"thumbnailUrl":"https:\/\/francois-pelletant.fr\/blog\/wp-content\/uploads\/2012\/01\/P1030609.jpg","datePublished":"2012-01-24T08:13:28+00:00","breadcrumb":{"@id":"https:\/\/francois-pelletant.fr\/blog\/des-voeux-sur-les-chapeaux-de-roue\/#breadcrumb"},"inLanguage":"fr-FR","potentialAction":[{"@type":"ReadAction","target":["https:\/\/francois-pelletant.fr\/blog\/des-voeux-sur-les-chapeaux-de-roue\/"]}]},{"@type":"ImageObject","inLanguage":"fr-FR","@id":"https:\/\/francois-pelletant.fr\/blog\/des-voeux-sur-les-chapeaux-de-roue\/#primaryimage","url":"https:\/\/francois-pelletant.fr\/blog\/wp-content\/uploads\/2012\/01\/P1030609.jpg","contentUrl":"https:\/\/francois-pelletant.fr\/blog\/wp-content\/uploads\/2012\/01\/P1030609.jpg","width":1181,"height":920},{"@type":"BreadcrumbList","@id":"https:\/\/francois-pelletant.fr\/blog\/des-voeux-sur-les-chapeaux-de-roue\/#breadcrumb","itemListElement":[{"@type":"ListItem","position":1,"name":"Accueil","item":"https:\/\/francois-pelletant.fr\/blog\/"},{"@type":"ListItem","position":2,"name":"Des v\u0153ux sur les chapeaux de roue\u2026"}]},{"@type":"WebSite","@id":"https:\/\/francois-pelletant.fr\/blog\/#website","url":"https:\/\/francois-pelletant.fr\/blog\/","name":"Fran\u00e7ois Pelletant","description":"Maire de Linas, pour toujours.","publisher":{"@id":"https:\/\/francois-pelletant.fr\/blog\/#organization"},"potentialAction":[{"@type":"SearchAction","target":{"@type":"EntryPoint","urlTemplate":"https:\/\/francois-pelletant.fr\/blog\/?s={search_term_string}"},"query-input":{"@type":"PropertyValueSpecification","valueRequired":true,"valueName":"search_term_string"}}],"inLanguage":"fr-FR"},{"@type":"Organization","@id":"https:\/\/francois-pelletant.fr\/blog\/#organization","name":"Fran\u00e7ois Pelletant","url":"https:\/\/francois-pelletant.fr\/blog\/","logo":{"@type":"ImageObject","inLanguage":"fr-FR","@id":"https:\/\/francois-pelletant.fr\/blog\/#\/schema\/logo\/image\/","url":"https:\/\/francois-pelletant.fr\/blog\/wp-content\/uploads\/2024\/07\/icone-francois-centre-500p.png","contentUrl":"https:\/\/francois-pelletant.fr\/blog\/wp-content\/uploads\/2024\/07\/icone-francois-centre-500p.png","width":559,"height":447,"caption":"Fran\u00e7ois Pelletant"},"image":{"@id":"https:\/\/francois-pelletant.fr\/blog\/#\/schema\/logo\/image\/"},"sameAs":["https:\/\/www.facebook.com\/francois.pelletant.7","https:\/\/x.com\/pelletant"]},{"@type":"Person","@id":"https:\/\/francois-pelletant.fr\/blog\/#\/schema\/person\/2be41acb171dff8f31aaed1f40cee9f3","name":"Francois"}]}},"_links":{"self":[{"href":"https:\/\/francois-pelletant.fr\/blog\/wp-json\/wp\/v2\/posts\/1629","targetHints":{"allow":["GET"]}}],"collection":[{"href":"https:\/\/francois-pelletant.fr\/blog\/wp-json\/wp\/v2\/posts"}],"about":[{"href":"https:\/\/francois-pelletant.fr\/blog\/wp-json\/wp\/v2\/types\/post"}],"author":[{"embeddable":true,"href":"https:\/\/francois-pelletant.fr\/blog\/wp-json\/wp\/v2\/users\/1"}],"replies":[{"embeddable":true,"href":"https:\/\/francois-pelletant.fr\/blog\/wp-json\/wp\/v2\/comments?post=1629"}],"version-history":[{"count":0,"href":"https:\/\/francois-pelletant.fr\/blog\/wp-json\/wp\/v2\/posts\/1629\/revisions"}],"wp:featuredmedia":[{"embeddable":true,"href":"https:\/\/francois-pelletant.fr\/blog\/wp-json\/wp\/v2\/media\/1630"}],"wp:attachment":[{"href":"https:\/\/francois-pelletant.fr\/blog\/wp-json\/wp\/v2\/media?parent=1629"}],"wp:term":[{"taxonomy":"category","embeddable":true,"href":"https:\/\/francois-pelletant.fr\/blog\/wp-json\/wp\/v2\/categories?post=1629"},{"taxonomy":"post_tag","embeddable":true,"href":"https:\/\/francois-pelletant.fr\/blog\/wp-json\/wp\/v2\/tags?post=1629"}],"curies":[{"name":"wp","href":"https:\/\/api.w.org\/{rel}","templated":true}]}}