{"id":1643,"date":"2012-01-30T08:45:06","date_gmt":"2012-01-30T08:45:06","guid":{"rendered":"https:\/\/francois-pelletant.fr\/blog\/?p=1643"},"modified":"2017-03-15T10:30:31","modified_gmt":"2017-03-15T10:30:31","slug":"cloche-maires-commandez-le","status":"publish","type":"post","link":"https:\/\/francois-pelletant.fr\/blog\/cloche-maires-commandez-le\/","title":{"rendered":"Cloche-maires : commandez le !"},"content":{"rendered":"<p><a href=\"https:\/\/francois-pelletant.fr\/blog\/wp-content\/uploads\/2012\/01\/ClocheMaire.jpg\"><img loading=\"lazy\" decoding=\"async\" class=\"alignleft wp-image-1672 size-medium\" title=\"ClocheMaire\" src=\"https:\/\/francois-pelletant.fr\/blog\/wp-content\/uploads\/2012\/01\/ClocheMaire-300x162.jpg\" alt=\"image - vente - Cloche-Maires\" width=\"300\" height=\"162\" srcset=\"https:\/\/francois-pelletant.fr\/blog\/wp-content\/uploads\/2012\/01\/ClocheMaire-300x162.jpg 300w, https:\/\/francois-pelletant.fr\/blog\/wp-content\/uploads\/2012\/01\/ClocheMaire.jpg 353w\" sizes=\"auto, (max-width: 300px) 100vw, 300px\" \/><\/a>Vous \u00eates nombreux \u00e0 me demander quand \u00ab\u00a0Cloche-Maires\u00a0\u00bb sera disponible \u00e0 la vente. Eh bien, je vous annonce que celui-ci sera mis en rayon \u00e0 partir du 10 f\u00e9vrier 2012.<\/p>\n<p>D\u2019ores et d\u00e9j\u00e0, il est possible de commander un exemplaire aupr\u00e8s des\u00a0principales plates-formes de vente sur Internet telles que\u00a0: <a href=\"http:\/\/www.amazon.com\/\" target=\"_blank\" rel=\"nofollow\">www.amazon.com<\/a>\u00a0 <a href=\"http:\/\/www.fnac.com\/\" target=\"_blank\" rel=\"nofollow\">www.fnac.com<\/a> <a href=\"http:\/\/www.cultura.com\/\" target=\"_blank\" rel=\"nofollow\">www.cultura.com<\/a>\u00a0 <a href=\"http:\/\/www.decitre.fr\/\" target=\"_blank\" rel=\"nofollow\">www.decitre.fr<\/a> ou <a href=\"http:\/\/www.librairiedialogues.fr\/\" target=\"_blank\" rel=\"nofollow\">www.librairiedialogues.fr<\/a>.<\/p>\n<p>Dans cet ouvrage, je vous transporte dans les m\u00e9andres de la vie municipale et vous fais \u00e9galement partager le quotidien des \u00e9lus locaux dans les communes d\u2019aujourd\u2019hui au travers d\u2019une dizaine de nouvelles dr\u00f4les tir\u00e9es de l\u2019actualit\u00e9 des villes et villages de France.<\/p>\n<p>Entre fiction et r\u00e9alit\u00e9, loin de l\u2019image r\u00e9pandue des hommes politiques devenus des \u00ab\u00a0 people\u00a0 \u00bb et des responsables d\u00e9connect\u00e9s de la \u00ab\u00a0vraie vie\u00a0\u00bb, ces dix nouvelles montrent le quotidien du travail des \u00e9diles et de leur univers parfois cynique mais toujours passionnant. Accessible \u00e0 tous et relat\u00e9 avec humour, ce recueil tir\u00e9 de l\u2019actualit\u00e9 des villes et villages de France permet de d\u00e9couvrir et d\u00e9crypter le fonctionnement de nos institutions\u00a0au plus pr\u00e8s de la r\u00e9alit\u00e9 : querelles,\u00a0 manigances, coups bas\u2026 mais aussi d\u00e9vouement, service du public et d\u00e9fense de l\u2019int\u00e9r\u00eat g\u00e9n\u00e9ral.<\/p>\n<h3><strong>Pour lire une nouvelle tir\u00e9e de cet ouvrage<\/strong>, <span style=\"text-decoration: underline;\">cliquez sur ce lien<\/span> :<\/h3>\n<p><a href=\"http:\/\/editions.sigest.net\/page0001013c.html\" target=\"_blank\" rel=\"nofollow\">http:\/\/editions.sigest.net\/page0001013c.html<\/a><\/p>\n<p>EAN : 9782917329351, Ed. SIGEST<\/p>\n<p>176 pages, 14&#215;21 cm. 15 \u20ac<\/p>\n<p>F\u00e9vrier 2012<\/p>\n<p>Editions SIGEST<\/p>\n<p>29 rue Etienne Dolet &#8211; 94140 Alfortville &#8211; T\u00e9l.: 01 43 75 42 85<\/p>\n<p>courriel : <a href=\"mailto:editions@sigest.net\" target=\"_blank\" rel=\"nofollow\">editions@sigest.net<\/a><\/p>\n<p><a href=\"http:\/\/editions.sigest.net\/\" target=\"_blank\" rel=\"nofollow\">http:\/\/editions.sigest.net<\/a><\/p>\n<p><a href=\"https:\/\/francois-pelletant.fr\/blog\/wp-content\/uploads\/2012\/01\/ClocheMaireBouquin-copie.jpg\"><img loading=\"lazy\" decoding=\"async\" class=\"alignleft size-medium wp-image-1644\" title=\"ClocheMaireBouquin copie\" src=\"https:\/\/francois-pelletant.fr\/blog\/wp-content\/uploads\/2012\/01\/ClocheMaireBouquin-copie-199x300.jpg\" alt=\"\" width=\"199\" height=\"300\" \/><\/a><\/p>\n","protected":false},"excerpt":{"rendered":"<p>Vous \u00eates nombreux \u00e0 me demander quand \u00ab\u00a0Cloche-Maires\u00a0\u00bb sera disponible \u00e0 la vente. Eh bien, je vous annonce que celui-ci sera mis en rayon \u00e0 partir du 10 f\u00e9vrier 2012. D\u2019ores et d\u00e9j\u00e0, il est possible de commander un exemplaire aupr\u00e8s des\u00a0principales plates-formes de vente sur Internet telles que\u00a0: www.amazon.com\u00a0 www.fnac.com www.cultura.com\u00a0 www.decitre.fr ou www.librairiedialogues.fr. [&hellip;]<\/p>\n","protected":false},"author":1,"featured_media":1672,"comment_status":"open","ping_status":"open","sticky":false,"template":"","format":"standard","meta":{"footnotes":""},"categories":[2,4,12],"tags":[289,49,155,30,189,290,48],"class_list":["post-1643","post","type-post","status-publish","format-standard","has-post-thumbnail","hentry","category-a-la-une","category-clochemaires","category-mon-nouvel-ouvrage","tag-cloche-maires","tag-essonne","tag-francois-pelletant","tag-linas","tag-maires","tag-ouvrage","tag-pelletant"],"yoast_head":"<!-- This site is optimized with the Yoast SEO plugin v25.6 - https:\/\/yoast.com\/wordpress\/plugins\/seo\/ -->\n<title>Cloche-Maires : commandez le ! - Fran\u00e7ois Pelletant<\/title>\n<meta name=\"description\" content=\"L&#039;ouvrage &quot; Cloche-Maires&quot; est disponible en vente, aupr\u00e9s des principales plates-formes \u00e0 partir du 10 F\u00e9vrier 2012.\" \/>\n<meta name=\"robots\" content=\"index, follow, max-snippet:-1, max-image-preview:large, max-video-preview:-1\" \/>\n<link rel=\"canonical\" href=\"https:\/\/francois-pelletant.fr\/blog\/cloche-maires-commandez-le\/\" \/>\n<meta property=\"og:locale\" content=\"fr_FR\" \/>\n<meta property=\"og:type\" content=\"article\" \/>\n<meta property=\"og:title\" content=\"Cloche-Maires : commandez le ! - Fran\u00e7ois Pelletant\" \/>\n<meta property=\"og:description\" content=\"L&#039;ouvrage &quot; Cloche-Maires&quot; est disponible en vente, aupr\u00e9s des principales plates-formes \u00e0 partir du 10 F\u00e9vrier 2012.\" \/>\n<meta property=\"og:url\" content=\"https:\/\/francois-pelletant.fr\/blog\/cloche-maires-commandez-le\/\" \/>\n<meta property=\"og:site_name\" content=\"Fran\u00e7ois Pelletant\" \/>\n<meta property=\"article:publisher\" content=\"https:\/\/www.facebook.com\/francois.pelletant.7\" \/>\n<meta property=\"article:published_time\" content=\"2012-01-30T08:45:06+00:00\" \/>\n<meta property=\"article:modified_time\" content=\"2017-03-15T10:30:31+00:00\" \/>\n<meta property=\"og:image\" content=\"https:\/\/francois-pelletant.fr\/blog\/wp-content\/uploads\/2012\/01\/ClocheMaire.jpg\" \/>\n\t<meta property=\"og:image:width\" content=\"353\" \/>\n\t<meta property=\"og:image:height\" content=\"191\" \/>\n\t<meta property=\"og:image:type\" content=\"image\/jpeg\" \/>\n<meta name=\"author\" content=\"Francois\" \/>\n<meta name=\"twitter:card\" content=\"summary_large_image\" \/>\n<meta name=\"twitter:creator\" content=\"@pelletant\" \/>\n<meta name=\"twitter:site\" content=\"@pelletant\" \/>\n<meta name=\"twitter:label1\" content=\"\u00c9crit par\" \/>\n\t<meta name=\"twitter:data1\" content=\"Francois\" \/>\n\t<meta name=\"twitter:label2\" content=\"Dur\u00e9e de lecture estim\u00e9e\" \/>\n\t<meta name=\"twitter:data2\" content=\"1 minute\" \/>\n<script type=\"application\/ld+json\" class=\"yoast-schema-graph\">{\"@context\":\"https:\/\/schema.org\",\"@graph\":[{\"@type\":\"Article\",\"@id\":\"https:\/\/francois-pelletant.fr\/blog\/cloche-maires-commandez-le\/#article\",\"isPartOf\":{\"@id\":\"https:\/\/francois-pelletant.fr\/blog\/cloche-maires-commandez-le\/\"},\"author\":{\"name\":\"Francois\",\"@id\":\"https:\/\/francois-pelletant.fr\/blog\/#\/schema\/person\/2be41acb171dff8f31aaed1f40cee9f3\"},\"headline\":\"Cloche-maires : commandez le !\",\"datePublished\":\"2012-01-30T08:45:06+00:00\",\"dateModified\":\"2017-03-15T10:30:31+00:00\",\"mainEntityOfPage\":{\"@id\":\"https:\/\/francois-pelletant.fr\/blog\/cloche-maires-commandez-le\/\"},\"wordCount\":270,\"commentCount\":1,\"publisher\":{\"@id\":\"https:\/\/francois-pelletant.fr\/blog\/#organization\"},\"image\":{\"@id\":\"https:\/\/francois-pelletant.fr\/blog\/cloche-maires-commandez-le\/#primaryimage\"},\"thumbnailUrl\":\"https:\/\/francois-pelletant.fr\/blog\/wp-content\/uploads\/2012\/01\/ClocheMaire.jpg\",\"keywords\":[\"Cloche-Maires\",\"Essonne\",\"fran\u00e7ois pelletant\",\"Linas\",\"maires\",\"ouvrage\",\"pelletant\"],\"articleSection\":[\"A la une\",\"Clochemaires\",\"Mon nouvel ouvrage\"],\"inLanguage\":\"fr-FR\",\"potentialAction\":[{\"@type\":\"CommentAction\",\"name\":\"Comment\",\"target\":[\"https:\/\/francois-pelletant.fr\/blog\/cloche-maires-commandez-le\/#respond\"]}]},{\"@type\":\"WebPage\",\"@id\":\"https:\/\/francois-pelletant.fr\/blog\/cloche-maires-commandez-le\/\",\"url\":\"https:\/\/francois-pelletant.fr\/blog\/cloche-maires-commandez-le\/\",\"name\":\"Cloche-Maires : commandez le ! - Fran\u00e7ois Pelletant\",\"isPartOf\":{\"@id\":\"https:\/\/francois-pelletant.fr\/blog\/#website\"},\"primaryImageOfPage\":{\"@id\":\"https:\/\/francois-pelletant.fr\/blog\/cloche-maires-commandez-le\/#primaryimage\"},\"image\":{\"@id\":\"https:\/\/francois-pelletant.fr\/blog\/cloche-maires-commandez-le\/#primaryimage\"},\"thumbnailUrl\":\"https:\/\/francois-pelletant.fr\/blog\/wp-content\/uploads\/2012\/01\/ClocheMaire.jpg\",\"datePublished\":\"2012-01-30T08:45:06+00:00\",\"dateModified\":\"2017-03-15T10:30:31+00:00\",\"description\":\"L'ouvrage \\\" Cloche-Maires\\\" est disponible en vente, aupr\u00e9s des principales plates-formes \u00e0 partir du 10 F\u00e9vrier 2012.\",\"breadcrumb\":{\"@id\":\"https:\/\/francois-pelletant.fr\/blog\/cloche-maires-commandez-le\/#breadcrumb\"},\"inLanguage\":\"fr-FR\",\"potentialAction\":[{\"@type\":\"ReadAction\",\"target\":[\"https:\/\/francois-pelletant.fr\/blog\/cloche-maires-commandez-le\/\"]}]},{\"@type\":\"ImageObject\",\"inLanguage\":\"fr-FR\",\"@id\":\"https:\/\/francois-pelletant.fr\/blog\/cloche-maires-commandez-le\/#primaryimage\",\"url\":\"https:\/\/francois-pelletant.fr\/blog\/wp-content\/uploads\/2012\/01\/ClocheMaire.jpg\",\"contentUrl\":\"https:\/\/francois-pelletant.fr\/blog\/wp-content\/uploads\/2012\/01\/ClocheMaire.jpg\",\"width\":353,\"height\":191},{\"@type\":\"BreadcrumbList\",\"@id\":\"https:\/\/francois-pelletant.fr\/blog\/cloche-maires-commandez-le\/#breadcrumb\",\"itemListElement\":[{\"@type\":\"ListItem\",\"position\":1,\"name\":\"Accueil\",\"item\":\"https:\/\/francois-pelletant.fr\/blog\/\"},{\"@type\":\"ListItem\",\"position\":2,\"name\":\"Cloche-maires : commandez le !\"}]},{\"@type\":\"WebSite\",\"@id\":\"https:\/\/francois-pelletant.fr\/blog\/#website\",\"url\":\"https:\/\/francois-pelletant.fr\/blog\/\",\"name\":\"Fran\u00e7ois Pelletant\",\"description\":\"Maire de Linas, pour toujours.\",\"publisher\":{\"@id\":\"https:\/\/francois-pelletant.fr\/blog\/#organization\"},\"potentialAction\":[{\"@type\":\"SearchAction\",\"target\":{\"@type\":\"EntryPoint\",\"urlTemplate\":\"https:\/\/francois-pelletant.fr\/blog\/?s={search_term_string}\"},\"query-input\":{\"@type\":\"PropertyValueSpecification\",\"valueRequired\":true,\"valueName\":\"search_term_string\"}}],\"inLanguage\":\"fr-FR\"},{\"@type\":\"Organization\",\"@id\":\"https:\/\/francois-pelletant.fr\/blog\/#organization\",\"name\":\"Fran\u00e7ois Pelletant\",\"url\":\"https:\/\/francois-pelletant.fr\/blog\/\",\"logo\":{\"@type\":\"ImageObject\",\"inLanguage\":\"fr-FR\",\"@id\":\"https:\/\/francois-pelletant.fr\/blog\/#\/schema\/logo\/image\/\",\"url\":\"https:\/\/francois-pelletant.fr\/blog\/wp-content\/uploads\/2024\/07\/icone-francois-centre-500p.png\",\"contentUrl\":\"https:\/\/francois-pelletant.fr\/blog\/wp-content\/uploads\/2024\/07\/icone-francois-centre-500p.png\",\"width\":559,\"height\":447,\"caption\":\"Fran\u00e7ois Pelletant\"},\"image\":{\"@id\":\"https:\/\/francois-pelletant.fr\/blog\/#\/schema\/logo\/image\/\"},\"sameAs\":[\"https:\/\/www.facebook.com\/francois.pelletant.7\",\"https:\/\/x.com\/pelletant\"]},{\"@type\":\"Person\",\"@id\":\"https:\/\/francois-pelletant.fr\/blog\/#\/schema\/person\/2be41acb171dff8f31aaed1f40cee9f3\",\"name\":\"Francois\"}]}<\/script>\n<!-- \/ Yoast SEO plugin. -->","yoast_head_json":{"title":"Cloche-Maires : commandez le ! - Fran\u00e7ois Pelletant","description":"L'ouvrage \" Cloche-Maires\" est disponible en vente, aupr\u00e9s des principales plates-formes \u00e0 partir du 10 F\u00e9vrier 2012.","robots":{"index":"index","follow":"follow","max-snippet":"max-snippet:-1","max-image-preview":"max-image-preview:large","max-video-preview":"max-video-preview:-1"},"canonical":"https:\/\/francois-pelletant.fr\/blog\/cloche-maires-commandez-le\/","og_locale":"fr_FR","og_type":"article","og_title":"Cloche-Maires : commandez le ! - Fran\u00e7ois Pelletant","og_description":"L'ouvrage \" Cloche-Maires\" est disponible en vente, aupr\u00e9s des principales plates-formes \u00e0 partir du 10 F\u00e9vrier 2012.","og_url":"https:\/\/francois-pelletant.fr\/blog\/cloche-maires-commandez-le\/","og_site_name":"Fran\u00e7ois Pelletant","article_publisher":"https:\/\/www.facebook.com\/francois.pelletant.7","article_published_time":"2012-01-30T08:45:06+00:00","article_modified_time":"2017-03-15T10:30:31+00:00","og_image":[{"width":353,"height":191,"url":"https:\/\/francois-pelletant.fr\/blog\/wp-content\/uploads\/2012\/01\/ClocheMaire.jpg","type":"image\/jpeg"}],"author":"Francois","twitter_card":"summary_large_image","twitter_creator":"@pelletant","twitter_site":"@pelletant","twitter_misc":{"\u00c9crit par":"Francois","Dur\u00e9e de lecture estim\u00e9e":"1 minute"},"schema":{"@context":"https:\/\/schema.org","@graph":[{"@type":"Article","@id":"https:\/\/francois-pelletant.fr\/blog\/cloche-maires-commandez-le\/#article","isPartOf":{"@id":"https:\/\/francois-pelletant.fr\/blog\/cloche-maires-commandez-le\/"},"author":{"name":"Francois","@id":"https:\/\/francois-pelletant.fr\/blog\/#\/schema\/person\/2be41acb171dff8f31aaed1f40cee9f3"},"headline":"Cloche-maires : commandez le !","datePublished":"2012-01-30T08:45:06+00:00","dateModified":"2017-03-15T10:30:31+00:00","mainEntityOfPage":{"@id":"https:\/\/francois-pelletant.fr\/blog\/cloche-maires-commandez-le\/"},"wordCount":270,"commentCount":1,"publisher":{"@id":"https:\/\/francois-pelletant.fr\/blog\/#organization"},"image":{"@id":"https:\/\/francois-pelletant.fr\/blog\/cloche-maires-commandez-le\/#primaryimage"},"thumbnailUrl":"https:\/\/francois-pelletant.fr\/blog\/wp-content\/uploads\/2012\/01\/ClocheMaire.jpg","keywords":["Cloche-Maires","Essonne","fran\u00e7ois pelletant","Linas","maires","ouvrage","pelletant"],"articleSection":["A la une","Clochemaires","Mon nouvel ouvrage"],"inLanguage":"fr-FR","potentialAction":[{"@type":"CommentAction","name":"Comment","target":["https:\/\/francois-pelletant.fr\/blog\/cloche-maires-commandez-le\/#respond"]}]},{"@type":"WebPage","@id":"https:\/\/francois-pelletant.fr\/blog\/cloche-maires-commandez-le\/","url":"https:\/\/francois-pelletant.fr\/blog\/cloche-maires-commandez-le\/","name":"Cloche-Maires : commandez le ! - Fran\u00e7ois Pelletant","isPartOf":{"@id":"https:\/\/francois-pelletant.fr\/blog\/#website"},"primaryImageOfPage":{"@id":"https:\/\/francois-pelletant.fr\/blog\/cloche-maires-commandez-le\/#primaryimage"},"image":{"@id":"https:\/\/francois-pelletant.fr\/blog\/cloche-maires-commandez-le\/#primaryimage"},"thumbnailUrl":"https:\/\/francois-pelletant.fr\/blog\/wp-content\/uploads\/2012\/01\/ClocheMaire.jpg","datePublished":"2012-01-30T08:45:06+00:00","dateModified":"2017-03-15T10:30:31+00:00","description":"L'ouvrage \" Cloche-Maires\" est disponible en vente, aupr\u00e9s des principales plates-formes \u00e0 partir du 10 F\u00e9vrier 2012.","breadcrumb":{"@id":"https:\/\/francois-pelletant.fr\/blog\/cloche-maires-commandez-le\/#breadcrumb"},"inLanguage":"fr-FR","potentialAction":[{"@type":"ReadAction","target":["https:\/\/francois-pelletant.fr\/blog\/cloche-maires-commandez-le\/"]}]},{"@type":"ImageObject","inLanguage":"fr-FR","@id":"https:\/\/francois-pelletant.fr\/blog\/cloche-maires-commandez-le\/#primaryimage","url":"https:\/\/francois-pelletant.fr\/blog\/wp-content\/uploads\/2012\/01\/ClocheMaire.jpg","contentUrl":"https:\/\/francois-pelletant.fr\/blog\/wp-content\/uploads\/2012\/01\/ClocheMaire.jpg","width":353,"height":191},{"@type":"BreadcrumbList","@id":"https:\/\/francois-pelletant.fr\/blog\/cloche-maires-commandez-le\/#breadcrumb","itemListElement":[{"@type":"ListItem","position":1,"name":"Accueil","item":"https:\/\/francois-pelletant.fr\/blog\/"},{"@type":"ListItem","position":2,"name":"Cloche-maires : commandez le !"}]},{"@type":"WebSite","@id":"https:\/\/francois-pelletant.fr\/blog\/#website","url":"https:\/\/francois-pelletant.fr\/blog\/","name":"Fran\u00e7ois Pelletant","description":"Maire de Linas, pour toujours.","publisher":{"@id":"https:\/\/francois-pelletant.fr\/blog\/#organization"},"potentialAction":[{"@type":"SearchAction","target":{"@type":"EntryPoint","urlTemplate":"https:\/\/francois-pelletant.fr\/blog\/?s={search_term_string}"},"query-input":{"@type":"PropertyValueSpecification","valueRequired":true,"valueName":"search_term_string"}}],"inLanguage":"fr-FR"},{"@type":"Organization","@id":"https:\/\/francois-pelletant.fr\/blog\/#organization","name":"Fran\u00e7ois Pelletant","url":"https:\/\/francois-pelletant.fr\/blog\/","logo":{"@type":"ImageObject","inLanguage":"fr-FR","@id":"https:\/\/francois-pelletant.fr\/blog\/#\/schema\/logo\/image\/","url":"https:\/\/francois-pelletant.fr\/blog\/wp-content\/uploads\/2024\/07\/icone-francois-centre-500p.png","contentUrl":"https:\/\/francois-pelletant.fr\/blog\/wp-content\/uploads\/2024\/07\/icone-francois-centre-500p.png","width":559,"height":447,"caption":"Fran\u00e7ois Pelletant"},"image":{"@id":"https:\/\/francois-pelletant.fr\/blog\/#\/schema\/logo\/image\/"},"sameAs":["https:\/\/www.facebook.com\/francois.pelletant.7","https:\/\/x.com\/pelletant"]},{"@type":"Person","@id":"https:\/\/francois-pelletant.fr\/blog\/#\/schema\/person\/2be41acb171dff8f31aaed1f40cee9f3","name":"Francois"}]}},"_links":{"self":[{"href":"https:\/\/francois-pelletant.fr\/blog\/wp-json\/wp\/v2\/posts\/1643","targetHints":{"allow":["GET"]}}],"collection":[{"href":"https:\/\/francois-pelletant.fr\/blog\/wp-json\/wp\/v2\/posts"}],"about":[{"href":"https:\/\/francois-pelletant.fr\/blog\/wp-json\/wp\/v2\/types\/post"}],"author":[{"embeddable":true,"href":"https:\/\/francois-pelletant.fr\/blog\/wp-json\/wp\/v2\/users\/1"}],"replies":[{"embeddable":true,"href":"https:\/\/francois-pelletant.fr\/blog\/wp-json\/wp\/v2\/comments?post=1643"}],"version-history":[{"count":0,"href":"https:\/\/francois-pelletant.fr\/blog\/wp-json\/wp\/v2\/posts\/1643\/revisions"}],"wp:featuredmedia":[{"embeddable":true,"href":"https:\/\/francois-pelletant.fr\/blog\/wp-json\/wp\/v2\/media\/1672"}],"wp:attachment":[{"href":"https:\/\/francois-pelletant.fr\/blog\/wp-json\/wp\/v2\/media?parent=1643"}],"wp:term":[{"taxonomy":"category","embeddable":true,"href":"https:\/\/francois-pelletant.fr\/blog\/wp-json\/wp\/v2\/categories?post=1643"},{"taxonomy":"post_tag","embeddable":true,"href":"https:\/\/francois-pelletant.fr\/blog\/wp-json\/wp\/v2\/tags?post=1643"}],"curies":[{"name":"wp","href":"https:\/\/api.w.org\/{rel}","templated":true}]}}