{"id":1749,"date":"2012-02-08T12:50:16","date_gmt":"2012-02-08T12:50:16","guid":{"rendered":"https:\/\/francois-pelletant.fr\/blog\/?p=1749"},"modified":"2012-02-08T12:50:16","modified_gmt":"2012-02-08T12:50:16","slug":"100-caracteres-pour-la-saint-valentin","status":"publish","type":"post","link":"https:\/\/francois-pelletant.fr\/blog\/100-caracteres-pour-la-saint-valentin\/","title":{"rendered":"100 caract\u00e8res pour la Saint Valentin"},"content":{"rendered":"<p><a href=\"https:\/\/francois-pelletant.fr\/blog\/wp-content\/uploads\/2012\/02\/st-valentin-panneau.jpg\"><img loading=\"lazy\" decoding=\"async\" class=\"alignleft size-medium wp-image-1750\" title=\"st valentin panneau\" src=\"https:\/\/francois-pelletant.fr\/blog\/wp-content\/uploads\/2012\/02\/st-valentin-panneau-238x300.jpg\" alt=\"\" width=\"238\" height=\"300\" \/><\/a>Il y a plus d\u2019une dizaine d\u2019ann\u00e9es, Linas \u00e9tait la premi\u00e8re ville en Essonne \u00e0 proposer \u00e0 ses concitoyens de diffuser gratuitement un message amoureux de son choix sur les panneaux \u00e9lectroniques d\u2019information diss\u00e9min\u00e9s sur son territoire.<\/p>\n<p>Imit\u00e9e depuis par de nombreuses autres villes, la flamme \u00e0 Linas\u00a0 n\u2019est pas retomb\u00e9e. Aussi, \u00e0 l\u2019occasion de cette nouvelle Saint Valentin, les Linoises et les Linois disposent chacun de 7 lignes de 18 caract\u00e8res pour d\u00e9clarer leur amour \u00e0 l\u2019\u00eatre aim\u00e9. Ils peuvent envoyer leur message par courriel \u00e0 <a href=\"mailto:mairie@linas.fr\" target=\"_blank\" rel=\"nofollow\">mairie@linas.fr<\/a> ou t\u00e9l\u00e9phoner au 01.69.80.14.00 au plus tard le dimanche 12 f\u00e9vrier 2012.<\/p>\n<p>&nbsp;<\/p>\n","protected":false},"excerpt":{"rendered":"<p>Il y a plus d\u2019une dizaine d\u2019ann\u00e9es, Linas \u00e9tait la premi\u00e8re ville en Essonne \u00e0 proposer \u00e0 ses concitoyens de diffuser gratuitement un message amoureux de son choix sur les panneaux \u00e9lectroniques d\u2019information diss\u00e9min\u00e9s sur son territoire. Imit\u00e9e depuis par de nombreuses autres villes, la flamme \u00e0 Linas\u00a0 n\u2019est pas retomb\u00e9e. Aussi, \u00e0 l\u2019occasion de [&hellip;]<\/p>\n","protected":false},"author":1,"featured_media":1750,"comment_status":"open","ping_status":"open","sticky":false,"template":"","format":"standard","meta":{"footnotes":""},"categories":[10],"tags":[],"class_list":["post-1749","post","type-post","status-publish","format-standard","has-post-thumbnail","hentry","category-1pelletant"],"yoast_head":"<!-- This site is optimized with the Yoast SEO plugin v25.6 - https:\/\/yoast.com\/wordpress\/plugins\/seo\/ -->\n<title>100 caract\u00e8res pour la Saint Valentin - Fran\u00e7ois Pelletant<\/title>\n<meta name=\"robots\" content=\"index, follow, max-snippet:-1, max-image-preview:large, max-video-preview:-1\" \/>\n<link rel=\"canonical\" href=\"https:\/\/francois-pelletant.fr\/blog\/100-caracteres-pour-la-saint-valentin\/\" \/>\n<meta property=\"og:locale\" content=\"fr_FR\" \/>\n<meta property=\"og:type\" content=\"article\" \/>\n<meta property=\"og:title\" content=\"100 caract\u00e8res pour la Saint Valentin - Fran\u00e7ois Pelletant\" \/>\n<meta property=\"og:description\" content=\"Il y a plus d\u2019une dizaine d\u2019ann\u00e9es, Linas \u00e9tait la premi\u00e8re ville en Essonne \u00e0 proposer \u00e0 ses concitoyens de diffuser gratuitement un message amoureux de son choix sur les panneaux \u00e9lectroniques d\u2019information diss\u00e9min\u00e9s sur son territoire. Imit\u00e9e depuis par de nombreuses autres villes, la flamme \u00e0 Linas\u00a0 n\u2019est pas retomb\u00e9e. Aussi, \u00e0 l\u2019occasion de [&hellip;]\" \/>\n<meta property=\"og:url\" content=\"https:\/\/francois-pelletant.fr\/blog\/100-caracteres-pour-la-saint-valentin\/\" \/>\n<meta property=\"og:site_name\" content=\"Fran\u00e7ois Pelletant\" \/>\n<meta property=\"article:publisher\" content=\"https:\/\/www.facebook.com\/francois.pelletant.7\" \/>\n<meta property=\"article:published_time\" content=\"2012-02-08T12:50:16+00:00\" \/>\n<meta property=\"og:image\" content=\"https:\/\/francois-pelletant.fr\/blog\/wp-content\/uploads\/2012\/02\/st-valentin-panneau.jpg\" \/>\n\t<meta property=\"og:image:width\" content=\"1880\" \/>\n\t<meta property=\"og:image:height\" content=\"2360\" \/>\n\t<meta property=\"og:image:type\" content=\"image\/jpeg\" \/>\n<meta name=\"author\" content=\"Francois\" \/>\n<meta name=\"twitter:card\" content=\"summary_large_image\" \/>\n<meta name=\"twitter:creator\" content=\"@pelletant\" \/>\n<meta name=\"twitter:site\" content=\"@pelletant\" \/>\n<meta name=\"twitter:label1\" content=\"\u00c9crit par\" \/>\n\t<meta name=\"twitter:data1\" content=\"Francois\" \/>\n\t<meta name=\"twitter:label2\" content=\"Dur\u00e9e de lecture estim\u00e9e\" \/>\n\t<meta name=\"twitter:data2\" content=\"1 minute\" \/>\n<script type=\"application\/ld+json\" class=\"yoast-schema-graph\">{\"@context\":\"https:\/\/schema.org\",\"@graph\":[{\"@type\":\"Article\",\"@id\":\"https:\/\/francois-pelletant.fr\/blog\/100-caracteres-pour-la-saint-valentin\/#article\",\"isPartOf\":{\"@id\":\"https:\/\/francois-pelletant.fr\/blog\/100-caracteres-pour-la-saint-valentin\/\"},\"author\":{\"name\":\"Francois\",\"@id\":\"https:\/\/francois-pelletant.fr\/blog\/#\/schema\/person\/2be41acb171dff8f31aaed1f40cee9f3\"},\"headline\":\"100 caract\u00e8res pour la Saint Valentin\",\"datePublished\":\"2012-02-08T12:50:16+00:00\",\"mainEntityOfPage\":{\"@id\":\"https:\/\/francois-pelletant.fr\/blog\/100-caracteres-pour-la-saint-valentin\/\"},\"wordCount\":115,\"commentCount\":1,\"publisher\":{\"@id\":\"https:\/\/francois-pelletant.fr\/blog\/#organization\"},\"image\":{\"@id\":\"https:\/\/francois-pelletant.fr\/blog\/100-caracteres-pour-la-saint-valentin\/#primaryimage\"},\"thumbnailUrl\":\"https:\/\/francois-pelletant.fr\/blog\/wp-content\/uploads\/2012\/02\/st-valentin-panneau.jpg\",\"articleSection\":[\"Infos\"],\"inLanguage\":\"fr-FR\",\"potentialAction\":[{\"@type\":\"CommentAction\",\"name\":\"Comment\",\"target\":[\"https:\/\/francois-pelletant.fr\/blog\/100-caracteres-pour-la-saint-valentin\/#respond\"]}]},{\"@type\":\"WebPage\",\"@id\":\"https:\/\/francois-pelletant.fr\/blog\/100-caracteres-pour-la-saint-valentin\/\",\"url\":\"https:\/\/francois-pelletant.fr\/blog\/100-caracteres-pour-la-saint-valentin\/\",\"name\":\"100 caract\u00e8res pour la Saint Valentin - Fran\u00e7ois Pelletant\",\"isPartOf\":{\"@id\":\"https:\/\/francois-pelletant.fr\/blog\/#website\"},\"primaryImageOfPage\":{\"@id\":\"https:\/\/francois-pelletant.fr\/blog\/100-caracteres-pour-la-saint-valentin\/#primaryimage\"},\"image\":{\"@id\":\"https:\/\/francois-pelletant.fr\/blog\/100-caracteres-pour-la-saint-valentin\/#primaryimage\"},\"thumbnailUrl\":\"https:\/\/francois-pelletant.fr\/blog\/wp-content\/uploads\/2012\/02\/st-valentin-panneau.jpg\",\"datePublished\":\"2012-02-08T12:50:16+00:00\",\"breadcrumb\":{\"@id\":\"https:\/\/francois-pelletant.fr\/blog\/100-caracteres-pour-la-saint-valentin\/#breadcrumb\"},\"inLanguage\":\"fr-FR\",\"potentialAction\":[{\"@type\":\"ReadAction\",\"target\":[\"https:\/\/francois-pelletant.fr\/blog\/100-caracteres-pour-la-saint-valentin\/\"]}]},{\"@type\":\"ImageObject\",\"inLanguage\":\"fr-FR\",\"@id\":\"https:\/\/francois-pelletant.fr\/blog\/100-caracteres-pour-la-saint-valentin\/#primaryimage\",\"url\":\"https:\/\/francois-pelletant.fr\/blog\/wp-content\/uploads\/2012\/02\/st-valentin-panneau.jpg\",\"contentUrl\":\"https:\/\/francois-pelletant.fr\/blog\/wp-content\/uploads\/2012\/02\/st-valentin-panneau.jpg\",\"width\":1880,\"height\":2360},{\"@type\":\"BreadcrumbList\",\"@id\":\"https:\/\/francois-pelletant.fr\/blog\/100-caracteres-pour-la-saint-valentin\/#breadcrumb\",\"itemListElement\":[{\"@type\":\"ListItem\",\"position\":1,\"name\":\"Accueil\",\"item\":\"https:\/\/francois-pelletant.fr\/blog\/\"},{\"@type\":\"ListItem\",\"position\":2,\"name\":\"100 caract\u00e8res pour la Saint Valentin\"}]},{\"@type\":\"WebSite\",\"@id\":\"https:\/\/francois-pelletant.fr\/blog\/#website\",\"url\":\"https:\/\/francois-pelletant.fr\/blog\/\",\"name\":\"Fran\u00e7ois Pelletant\",\"description\":\"Maire de Linas, pour toujours.\",\"publisher\":{\"@id\":\"https:\/\/francois-pelletant.fr\/blog\/#organization\"},\"potentialAction\":[{\"@type\":\"SearchAction\",\"target\":{\"@type\":\"EntryPoint\",\"urlTemplate\":\"https:\/\/francois-pelletant.fr\/blog\/?s={search_term_string}\"},\"query-input\":{\"@type\":\"PropertyValueSpecification\",\"valueRequired\":true,\"valueName\":\"search_term_string\"}}],\"inLanguage\":\"fr-FR\"},{\"@type\":\"Organization\",\"@id\":\"https:\/\/francois-pelletant.fr\/blog\/#organization\",\"name\":\"Fran\u00e7ois Pelletant\",\"url\":\"https:\/\/francois-pelletant.fr\/blog\/\",\"logo\":{\"@type\":\"ImageObject\",\"inLanguage\":\"fr-FR\",\"@id\":\"https:\/\/francois-pelletant.fr\/blog\/#\/schema\/logo\/image\/\",\"url\":\"https:\/\/francois-pelletant.fr\/blog\/wp-content\/uploads\/2024\/07\/icone-francois-centre-500p.png\",\"contentUrl\":\"https:\/\/francois-pelletant.fr\/blog\/wp-content\/uploads\/2024\/07\/icone-francois-centre-500p.png\",\"width\":559,\"height\":447,\"caption\":\"Fran\u00e7ois Pelletant\"},\"image\":{\"@id\":\"https:\/\/francois-pelletant.fr\/blog\/#\/schema\/logo\/image\/\"},\"sameAs\":[\"https:\/\/www.facebook.com\/francois.pelletant.7\",\"https:\/\/x.com\/pelletant\"]},{\"@type\":\"Person\",\"@id\":\"https:\/\/francois-pelletant.fr\/blog\/#\/schema\/person\/2be41acb171dff8f31aaed1f40cee9f3\",\"name\":\"Francois\"}]}<\/script>\n<!-- \/ Yoast SEO plugin. -->","yoast_head_json":{"title":"100 caract\u00e8res pour la Saint Valentin - Fran\u00e7ois Pelletant","robots":{"index":"index","follow":"follow","max-snippet":"max-snippet:-1","max-image-preview":"max-image-preview:large","max-video-preview":"max-video-preview:-1"},"canonical":"https:\/\/francois-pelletant.fr\/blog\/100-caracteres-pour-la-saint-valentin\/","og_locale":"fr_FR","og_type":"article","og_title":"100 caract\u00e8res pour la Saint Valentin - Fran\u00e7ois Pelletant","og_description":"Il y a plus d\u2019une dizaine d\u2019ann\u00e9es, Linas \u00e9tait la premi\u00e8re ville en Essonne \u00e0 proposer \u00e0 ses concitoyens de diffuser gratuitement un message amoureux de son choix sur les panneaux \u00e9lectroniques d\u2019information diss\u00e9min\u00e9s sur son territoire. Imit\u00e9e depuis par de nombreuses autres villes, la flamme \u00e0 Linas\u00a0 n\u2019est pas retomb\u00e9e. Aussi, \u00e0 l\u2019occasion de [&hellip;]","og_url":"https:\/\/francois-pelletant.fr\/blog\/100-caracteres-pour-la-saint-valentin\/","og_site_name":"Fran\u00e7ois Pelletant","article_publisher":"https:\/\/www.facebook.com\/francois.pelletant.7","article_published_time":"2012-02-08T12:50:16+00:00","og_image":[{"width":1880,"height":2360,"url":"https:\/\/francois-pelletant.fr\/blog\/wp-content\/uploads\/2012\/02\/st-valentin-panneau.jpg","type":"image\/jpeg"}],"author":"Francois","twitter_card":"summary_large_image","twitter_creator":"@pelletant","twitter_site":"@pelletant","twitter_misc":{"\u00c9crit par":"Francois","Dur\u00e9e de lecture estim\u00e9e":"1 minute"},"schema":{"@context":"https:\/\/schema.org","@graph":[{"@type":"Article","@id":"https:\/\/francois-pelletant.fr\/blog\/100-caracteres-pour-la-saint-valentin\/#article","isPartOf":{"@id":"https:\/\/francois-pelletant.fr\/blog\/100-caracteres-pour-la-saint-valentin\/"},"author":{"name":"Francois","@id":"https:\/\/francois-pelletant.fr\/blog\/#\/schema\/person\/2be41acb171dff8f31aaed1f40cee9f3"},"headline":"100 caract\u00e8res pour la Saint Valentin","datePublished":"2012-02-08T12:50:16+00:00","mainEntityOfPage":{"@id":"https:\/\/francois-pelletant.fr\/blog\/100-caracteres-pour-la-saint-valentin\/"},"wordCount":115,"commentCount":1,"publisher":{"@id":"https:\/\/francois-pelletant.fr\/blog\/#organization"},"image":{"@id":"https:\/\/francois-pelletant.fr\/blog\/100-caracteres-pour-la-saint-valentin\/#primaryimage"},"thumbnailUrl":"https:\/\/francois-pelletant.fr\/blog\/wp-content\/uploads\/2012\/02\/st-valentin-panneau.jpg","articleSection":["Infos"],"inLanguage":"fr-FR","potentialAction":[{"@type":"CommentAction","name":"Comment","target":["https:\/\/francois-pelletant.fr\/blog\/100-caracteres-pour-la-saint-valentin\/#respond"]}]},{"@type":"WebPage","@id":"https:\/\/francois-pelletant.fr\/blog\/100-caracteres-pour-la-saint-valentin\/","url":"https:\/\/francois-pelletant.fr\/blog\/100-caracteres-pour-la-saint-valentin\/","name":"100 caract\u00e8res pour la Saint Valentin - Fran\u00e7ois Pelletant","isPartOf":{"@id":"https:\/\/francois-pelletant.fr\/blog\/#website"},"primaryImageOfPage":{"@id":"https:\/\/francois-pelletant.fr\/blog\/100-caracteres-pour-la-saint-valentin\/#primaryimage"},"image":{"@id":"https:\/\/francois-pelletant.fr\/blog\/100-caracteres-pour-la-saint-valentin\/#primaryimage"},"thumbnailUrl":"https:\/\/francois-pelletant.fr\/blog\/wp-content\/uploads\/2012\/02\/st-valentin-panneau.jpg","datePublished":"2012-02-08T12:50:16+00:00","breadcrumb":{"@id":"https:\/\/francois-pelletant.fr\/blog\/100-caracteres-pour-la-saint-valentin\/#breadcrumb"},"inLanguage":"fr-FR","potentialAction":[{"@type":"ReadAction","target":["https:\/\/francois-pelletant.fr\/blog\/100-caracteres-pour-la-saint-valentin\/"]}]},{"@type":"ImageObject","inLanguage":"fr-FR","@id":"https:\/\/francois-pelletant.fr\/blog\/100-caracteres-pour-la-saint-valentin\/#primaryimage","url":"https:\/\/francois-pelletant.fr\/blog\/wp-content\/uploads\/2012\/02\/st-valentin-panneau.jpg","contentUrl":"https:\/\/francois-pelletant.fr\/blog\/wp-content\/uploads\/2012\/02\/st-valentin-panneau.jpg","width":1880,"height":2360},{"@type":"BreadcrumbList","@id":"https:\/\/francois-pelletant.fr\/blog\/100-caracteres-pour-la-saint-valentin\/#breadcrumb","itemListElement":[{"@type":"ListItem","position":1,"name":"Accueil","item":"https:\/\/francois-pelletant.fr\/blog\/"},{"@type":"ListItem","position":2,"name":"100 caract\u00e8res pour la Saint Valentin"}]},{"@type":"WebSite","@id":"https:\/\/francois-pelletant.fr\/blog\/#website","url":"https:\/\/francois-pelletant.fr\/blog\/","name":"Fran\u00e7ois Pelletant","description":"Maire de Linas, pour toujours.","publisher":{"@id":"https:\/\/francois-pelletant.fr\/blog\/#organization"},"potentialAction":[{"@type":"SearchAction","target":{"@type":"EntryPoint","urlTemplate":"https:\/\/francois-pelletant.fr\/blog\/?s={search_term_string}"},"query-input":{"@type":"PropertyValueSpecification","valueRequired":true,"valueName":"search_term_string"}}],"inLanguage":"fr-FR"},{"@type":"Organization","@id":"https:\/\/francois-pelletant.fr\/blog\/#organization","name":"Fran\u00e7ois Pelletant","url":"https:\/\/francois-pelletant.fr\/blog\/","logo":{"@type":"ImageObject","inLanguage":"fr-FR","@id":"https:\/\/francois-pelletant.fr\/blog\/#\/schema\/logo\/image\/","url":"https:\/\/francois-pelletant.fr\/blog\/wp-content\/uploads\/2024\/07\/icone-francois-centre-500p.png","contentUrl":"https:\/\/francois-pelletant.fr\/blog\/wp-content\/uploads\/2024\/07\/icone-francois-centre-500p.png","width":559,"height":447,"caption":"Fran\u00e7ois Pelletant"},"image":{"@id":"https:\/\/francois-pelletant.fr\/blog\/#\/schema\/logo\/image\/"},"sameAs":["https:\/\/www.facebook.com\/francois.pelletant.7","https:\/\/x.com\/pelletant"]},{"@type":"Person","@id":"https:\/\/francois-pelletant.fr\/blog\/#\/schema\/person\/2be41acb171dff8f31aaed1f40cee9f3","name":"Francois"}]}},"_links":{"self":[{"href":"https:\/\/francois-pelletant.fr\/blog\/wp-json\/wp\/v2\/posts\/1749","targetHints":{"allow":["GET"]}}],"collection":[{"href":"https:\/\/francois-pelletant.fr\/blog\/wp-json\/wp\/v2\/posts"}],"about":[{"href":"https:\/\/francois-pelletant.fr\/blog\/wp-json\/wp\/v2\/types\/post"}],"author":[{"embeddable":true,"href":"https:\/\/francois-pelletant.fr\/blog\/wp-json\/wp\/v2\/users\/1"}],"replies":[{"embeddable":true,"href":"https:\/\/francois-pelletant.fr\/blog\/wp-json\/wp\/v2\/comments?post=1749"}],"version-history":[{"count":0,"href":"https:\/\/francois-pelletant.fr\/blog\/wp-json\/wp\/v2\/posts\/1749\/revisions"}],"wp:featuredmedia":[{"embeddable":true,"href":"https:\/\/francois-pelletant.fr\/blog\/wp-json\/wp\/v2\/media\/1750"}],"wp:attachment":[{"href":"https:\/\/francois-pelletant.fr\/blog\/wp-json\/wp\/v2\/media?parent=1749"}],"wp:term":[{"taxonomy":"category","embeddable":true,"href":"https:\/\/francois-pelletant.fr\/blog\/wp-json\/wp\/v2\/categories?post=1749"},{"taxonomy":"post_tag","embeddable":true,"href":"https:\/\/francois-pelletant.fr\/blog\/wp-json\/wp\/v2\/tags?post=1749"}],"curies":[{"name":"wp","href":"https:\/\/api.w.org\/{rel}","templated":true}]}}